{"id":26698,"date":"2025-12-09T12:18:46","date_gmt":"2025-12-09T12:18:46","guid":{"rendered":"https:\/\/macite.tg\/?p=26698"},"modified":"2025-12-09T12:21:48","modified_gmt":"2025-12-09T12:21:48","slug":"grands-laces-que-retenir-de-laccord-de-paix-entre-la-rdc-et-le-rwanda","status":"publish","type":"post","link":"https:\/\/macite.tg\/?p=26698","title":{"rendered":"GRANDS LACS\u00a0: Que retenir de l&rsquo;accord de paix entre la RDC et le Rwanda\u00a0?"},"content":{"rendered":"\n<p class=\"wp-block-paragraph\"><strong><em>Sur sc\u00e8ne, c\u00f4te \u00e0 c\u00f4te, aucun sourire, aucun contact visuel entre les pr\u00e9sidents congolais et rwandais. Chacun fixe les yeux droits devant lui. Dans leurs allocutions respectives, Paul Kagame et F\u00e9lix Tshisekedi ont admis que la mise en \u0153uvre de l&rsquo;accord serait \u00ab difficile \u00bb et \u00ab sem\u00e9e d&#8217;emb\u00fbches \u00bb. Donald Trump, lui, visiblement satisfait, croit en un \u00ab grand miracle \u00bb. Une formule qui tranche avec la froideur ambiante.<\/em><\/strong><\/p>\n\n\n\n<p class=\"wp-block-paragraph\"><strong>Ce que dit le texte<\/strong><\/p>\n\n\n\n<p class=\"wp-block-paragraph\">Le document sign\u00e9, les Washington Accords for Peace and Stability ou les Accords de Washington pour la paix et la stabilit\u00e9, se veut une refonte compl\u00e8te du processus engag\u00e9 depuis plusieurs mois et r\u00e9v\u00e8le \u00e9galement un tournant : les \u00c9tats-Unis reprennent la main sur un dossier longtemps laiss\u00e9 aux m\u00e9canismes africains et onusiens, avec une volont\u00e9 tr\u00e8s claire de stabiliser la r\u00e9gion pour prot\u00e9ger leurs int\u00e9r\u00eats \u00e9conomiques et s\u00e9curitaires.<\/p>\n\n\n\n<p class=\"wp-block-paragraph\">A cet effet, le texte pr\u00e9voit notamment un cessez-le-feu imm\u00e9diat, l&rsquo;arr\u00eat de tout soutien \u2014 direct ou indirect \u2014 aux groupes arm\u00e9s, et un retrait graduel et v\u00e9rifiable du M23, sous supervision conjointe des \u00c9tats-Unis, de l&rsquo;ONU et de l&rsquo;Union africaine.<\/p>\n\n\n\n<figure class=\"wp-block-image size-large\"><img loading=\"lazy\" decoding=\"async\" width=\"1024\" height=\"392\" src=\"https:\/\/macite.tg\/wp-content\/uploads\/2025\/11\/8d9cf208-3716-4e73-bc0c-3341ae213e6b-1-1024x392.jpg\" alt=\"\" class=\"wp-image-26484\" srcset=\"https:\/\/macite.tg\/wp-content\/uploads\/2025\/11\/8d9cf208-3716-4e73-bc0c-3341ae213e6b-1-1024x392.jpg 1024w, https:\/\/macite.tg\/wp-content\/uploads\/2025\/11\/8d9cf208-3716-4e73-bc0c-3341ae213e6b-1-300x115.jpg 300w, https:\/\/macite.tg\/wp-content\/uploads\/2025\/11\/8d9cf208-3716-4e73-bc0c-3341ae213e6b-1-768x294.jpg 768w, https:\/\/macite.tg\/wp-content\/uploads\/2025\/11\/8d9cf208-3716-4e73-bc0c-3341ae213e6b-1.jpg 1080w\" sizes=\"auto, (max-width: 1024px) 100vw, 1024px\" \/><\/figure>\n\n\n\n<p class=\"wp-block-paragraph\">L&rsquo;accord instaure \u00e9galement un m\u00e9canisme bilat\u00e9ral de coop\u00e9ration s\u00e9curitaire, comprenant des patrouilles coordonn\u00e9es \u00e0 la fronti\u00e8re, un partage de renseignements et une commission de suivi install\u00e9e \u00e0 Nairobi.<\/p>\n\n\n\n<p class=\"wp-block-paragraph\">Sur le plan \u00e9conomique, un volet in\u00e9dit cr\u00e9\u00e9 un <em>\u00ab corridor minier transparent \u00bb,<\/em> charg\u00e9 d&rsquo;assurer que les minerais strat\u00e9giques tels que le coltan, le cobalt ou le lithium ne financent plus les groupes arm\u00e9s. Un processus dans lequel les \u00c9tats-Unis joueront un r\u00f4le central dans la certification.<\/p>\n\n\n\n<p class=\"wp-block-paragraph\"><strong>Des zones d&rsquo;ombre<\/strong><\/p>\n\n\n\n<p class=\"wp-block-paragraph\">Sur le papier, les avanc\u00e9es sont majeures. Mais plusieurs zones d&rsquo;ombre subsistent encore : aucune sanction contraignante n&rsquo;est pr\u00e9cis\u00e9e en cas de non-respect, et la r\u00e9ussite de l&rsquo;accord repose enti\u00e8rement sur la volont\u00e9 politique de Kinshasa et Kigali.<\/p>\n\n\n\n<p class=\"wp-block-paragraph\">Du c\u00f4t\u00e9 congolais, une source proche de la d\u00e9l\u00e9gation \u00e9voque un accord arrach\u00e9 sous une <em>\u00ab\u00a0intense pression internationale\u201d.<\/em> Kigali, pour sa part, met en avant la priorit\u00e9 absolue de sa <em>\u00ab\u00a0s\u00e9curit\u00e9 nationale<\/em>\u201d et tient \u00e0 \u00e9viter toute impression de capitulation.<\/p>\n\n\n<div class=\"wp-block-image\">\n<figure class=\"aligncenter size-full is-resized\"><img loading=\"lazy\" decoding=\"async\" width=\"500\" height=\"500\" src=\"https:\/\/macite.tg\/wp-content\/uploads\/2025\/12\/Geo-ref.jpg\" alt=\"\" class=\"wp-image-26561\" style=\"width:706px;height:auto\" srcset=\"https:\/\/macite.tg\/wp-content\/uploads\/2025\/12\/Geo-ref.jpg 500w, https:\/\/macite.tg\/wp-content\/uploads\/2025\/12\/Geo-ref-300x300.jpg 300w, https:\/\/macite.tg\/wp-content\/uploads\/2025\/12\/Geo-ref-150x150.jpg 150w, https:\/\/macite.tg\/wp-content\/uploads\/2025\/12\/Geo-ref-122x122.jpg 122w\" sizes=\"auto, (max-width: 500px) 100vw, 500px\" \/><\/figure>\n<\/div>\n\n\n<p class=\"wp-block-paragraph\">\u00c0 la veille de la signature de cet accord, de violents combats ont encore oppos\u00e9 l&rsquo;arm\u00e9e congolaise et le M23 dans plusieurs localit\u00e9s du Sud-Kivu. Un rappel brutal du foss\u00e9 entre les engagements diplomatiques et la r\u00e9alit\u00e9 des armes.<\/p>\n\n\n\n<p class=\"wp-block-paragraph\"><strong>(Jean-Claude Abalo avec<\/strong> <strong>MSN)<\/strong><\/p>\n\n\n\n<p class=\"wp-block-paragraph\"><a><strong><em>@macite.tg&nbsp;&nbsp;&nbsp;&nbsp;&nbsp;&nbsp;&nbsp;&nbsp;<\/em><\/strong><\/a><\/p>\n\n\n\n<p class=\"wp-block-paragraph\"><strong><em>E-mail&nbsp;: <\/em><\/strong><a href=\"mailto:maciteinfo@gmail.com\"><strong><em>maciteinfo@gmail.com<\/em><\/strong><\/a><strong><em>; <\/em><\/strong><a href=\"mailto:bawela1@gmail.com\"><strong><em>bawela1@gmail.com<\/em><\/strong><\/a><strong><em><\/em><\/strong><\/p>\n\n\n\n<p class=\"wp-block-paragraph\"><strong><em>Pour vos annonces, (publi)reportages, etc., joignez-nous au (00228)91515309\/<strong>79872224 <\/strong><strong><\/strong><\/em><\/strong><\/p>\n\n\n\n<p class=\"wp-block-paragraph\"><strong><em>www.macite.tg, L\u2019information, la bonne&nbsp;!<\/em><\/strong><\/p>\n\n\n\n<p class=\"wp-block-paragraph\"><\/p>\n","protected":false},"excerpt":{"rendered":"<p class=\"text-justify mb-2\" >Sur sc\u00e8ne, c\u00f4te \u00e0 c\u00f4te, aucun sourire, aucun contact visuel entre les pr\u00e9sidents congolais et rwandais. Chacun fixe les yeux droits devant lui. Dans leurs allocutions respectives, Paul Kagame et F\u00e9lix Tshisekedi ont admis que la mise en \u0153uvre de l&rsquo;accord serait \u00ab difficile \u00bb [&hellip;]<\/p>\n","protected":false},"author":2,"featured_media":26699,"comment_status":"open","ping_status":"open","sticky":false,"template":"","format":"standard","meta":{"footnotes":""},"categories":[20,70],"tags":[],"class_list":["post-26698","post","type-post","status-publish","format-standard","has-post-thumbnail","hentry","category-actualite","category-paix-securite"],"yoast_head":"<!-- This site is optimized with the Yoast SEO plugin v28.4 - https:\/\/yoast.com\/product\/yoast-seo-wordpress\/ -->\n<title>GRANDS LACS\u00a0: Que retenir de l&#039;accord de paix entre la RDC et le Rwanda\u00a0? -<\/title>\n<meta name=\"robots\" content=\"index, follow, max-snippet:-1, max-image-preview:large, max-video-preview:-1\" \/>\n<link rel=\"canonical\" href=\"https:\/\/macite.tg\/?p=26698\" \/>\n<meta property=\"og:locale\" content=\"fr_FR\" \/>\n<meta property=\"og:type\" content=\"article\" \/>\n<meta property=\"og:title\" content=\"GRANDS LACS\u00a0: Que retenir de l&#039;accord de paix entre la RDC et le Rwanda\u00a0? -\" \/>\n<meta property=\"og:description\" content=\"Sur sc\u00e8ne, c\u00f4te \u00e0 c\u00f4te, aucun sourire, aucun contact visuel entre les pr\u00e9sidents congolais et rwandais. Chacun fixe les yeux droits devant lui. Dans leurs allocutions respectives, Paul Kagame et F\u00e9lix Tshisekedi ont admis que la mise en \u0153uvre de l&rsquo;accord serait \u00ab difficile \u00bb [&hellip;]\" \/>\n<meta property=\"og:url\" content=\"https:\/\/macite.tg\/?p=26698\" \/>\n<meta property=\"article:published_time\" content=\"2025-12-09T12:18:46+00:00\" \/>\n<meta property=\"article:modified_time\" content=\"2025-12-09T12:21:48+00:00\" \/>\n<meta property=\"og:image\" content=\"https:\/\/macite.tg\/wp-content\/uploads\/2025\/12\/Accord-RDC-Rwanda.jpg\" \/>\n\t<meta property=\"og:image:width\" content=\"500\" \/>\n\t<meta property=\"og:image:height\" content=\"311\" \/>\n\t<meta property=\"og:image:type\" content=\"image\/jpeg\" \/>\n<meta name=\"author\" content=\"Jean Pierre BAWELA\" \/>\n<meta name=\"twitter:card\" content=\"summary_large_image\" \/>\n<meta name=\"twitter:label1\" content=\"\u00c9crit par\" \/>\n\t<meta name=\"twitter:data1\" content=\"Jean Pierre BAWELA\" \/>\n\t<meta name=\"twitter:label2\" content=\"Dur\u00e9e de lecture estim\u00e9e\" \/>\n\t<meta name=\"twitter:data2\" content=\"3 minutes\" \/>\n<script type=\"application\/ld+json\" class=\"yoast-schema-graph\">{\"@context\":\"https:\\\/\\\/schema.org\",\"@graph\":[{\"@type\":\"Article\",\"@id\":\"https:\\\/\\\/macite.tg\\\/?p=26698#article\",\"isPartOf\":{\"@id\":\"https:\\\/\\\/macite.tg\\\/?p=26698\"},\"author\":{\"name\":\"Jean Pierre BAWELA\",\"@id\":\"https:\\\/\\\/macite.tg\\\/#\\\/schema\\\/person\\\/e9f2de7e5dbbe7770a9402c7ce82f5c2\"},\"headline\":\"GRANDS LACS\u00a0: Que retenir de l&rsquo;accord de paix entre la RDC et le Rwanda\u00a0?\",\"datePublished\":\"2025-12-09T12:18:46+00:00\",\"dateModified\":\"2025-12-09T12:21:48+00:00\",\"mainEntityOfPage\":{\"@id\":\"https:\\\/\\\/macite.tg\\\/?p=26698\"},\"wordCount\":474,\"commentCount\":0,\"image\":{\"@id\":\"https:\\\/\\\/macite.tg\\\/?p=26698#primaryimage\"},\"thumbnailUrl\":\"https:\\\/\\\/macite.tg\\\/wp-content\\\/uploads\\\/2025\\\/12\\\/Accord-RDC-Rwanda.jpg\",\"articleSection\":[\"ACTUALITE\",\"PAIX &amp; SECURITE\"],\"inLanguage\":\"fr-FR\",\"potentialAction\":[{\"@type\":\"CommentAction\",\"name\":\"Comment\",\"target\":[\"https:\\\/\\\/macite.tg\\\/?p=26698#respond\"]}]},{\"@type\":\"WebPage\",\"@id\":\"https:\\\/\\\/macite.tg\\\/?p=26698\",\"url\":\"https:\\\/\\\/macite.tg\\\/?p=26698\",\"name\":\"GRANDS LACS\u00a0: Que retenir de l'accord de paix entre la RDC et le Rwanda\u00a0? -\",\"isPartOf\":{\"@id\":\"https:\\\/\\\/macite.tg\\\/#website\"},\"primaryImageOfPage\":{\"@id\":\"https:\\\/\\\/macite.tg\\\/?p=26698#primaryimage\"},\"image\":{\"@id\":\"https:\\\/\\\/macite.tg\\\/?p=26698#primaryimage\"},\"thumbnailUrl\":\"https:\\\/\\\/macite.tg\\\/wp-content\\\/uploads\\\/2025\\\/12\\\/Accord-RDC-Rwanda.jpg\",\"datePublished\":\"2025-12-09T12:18:46+00:00\",\"dateModified\":\"2025-12-09T12:21:48+00:00\",\"author\":{\"@id\":\"https:\\\/\\\/macite.tg\\\/#\\\/schema\\\/person\\\/e9f2de7e5dbbe7770a9402c7ce82f5c2\"},\"breadcrumb\":{\"@id\":\"https:\\\/\\\/macite.tg\\\/?p=26698#breadcrumb\"},\"inLanguage\":\"fr-FR\",\"potentialAction\":[{\"@type\":\"ReadAction\",\"target\":[\"https:\\\/\\\/macite.tg\\\/?p=26698\"]}]},{\"@type\":\"ImageObject\",\"inLanguage\":\"fr-FR\",\"@id\":\"https:\\\/\\\/macite.tg\\\/?p=26698#primaryimage\",\"url\":\"https:\\\/\\\/macite.tg\\\/wp-content\\\/uploads\\\/2025\\\/12\\\/Accord-RDC-Rwanda.jpg\",\"contentUrl\":\"https:\\\/\\\/macite.tg\\\/wp-content\\\/uploads\\\/2025\\\/12\\\/Accord-RDC-Rwanda.jpg\",\"width\":500,\"height\":311},{\"@type\":\"BreadcrumbList\",\"@id\":\"https:\\\/\\\/macite.tg\\\/?p=26698#breadcrumb\",\"itemListElement\":[{\"@type\":\"ListItem\",\"position\":1,\"name\":\"Accueil\",\"item\":\"https:\\\/\\\/macite.tg\\\/\"},{\"@type\":\"ListItem\",\"position\":2,\"name\":\"GRANDS LACS\u00a0: Que retenir de l&rsquo;accord de paix entre la RDC et le Rwanda\u00a0?\"}]},{\"@type\":\"WebSite\",\"@id\":\"https:\\\/\\\/macite.tg\\\/#website\",\"url\":\"https:\\\/\\\/macite.tg\\\/\",\"name\":\"\",\"description\":\"L&#039;information, la bonne!!!\",\"potentialAction\":[{\"@type\":\"SearchAction\",\"target\":{\"@type\":\"EntryPoint\",\"urlTemplate\":\"https:\\\/\\\/macite.tg\\\/?s={search_term_string}\"},\"query-input\":{\"@type\":\"PropertyValueSpecification\",\"valueRequired\":true,\"valueName\":\"search_term_string\"}}],\"inLanguage\":\"fr-FR\"},{\"@type\":\"Person\",\"@id\":\"https:\\\/\\\/macite.tg\\\/#\\\/schema\\\/person\\\/e9f2de7e5dbbe7770a9402c7ce82f5c2\",\"name\":\"Jean Pierre BAWELA\",\"image\":{\"@type\":\"ImageObject\",\"inLanguage\":\"fr-FR\",\"@id\":\"https:\\\/\\\/macite.tg\\\/wp-content\\\/uploads\\\/2023\\\/09\\\/WhatsApp-Image-2023-09-19-at-14.44.41-122x122.jpeg\",\"url\":\"https:\\\/\\\/macite.tg\\\/wp-content\\\/uploads\\\/2023\\\/09\\\/WhatsApp-Image-2023-09-19-at-14.44.41-122x122.jpeg\",\"contentUrl\":\"https:\\\/\\\/macite.tg\\\/wp-content\\\/uploads\\\/2023\\\/09\\\/WhatsApp-Image-2023-09-19-at-14.44.41-122x122.jpeg\",\"caption\":\"Jean Pierre BAWELA\"},\"url\":\"https:\\\/\\\/macite.tg\\\/?author=2\"}]}<\/script>\n<!-- \/ Yoast SEO plugin. -->","yoast_head_json":{"title":"GRANDS LACS\u00a0: Que retenir de l'accord de paix entre la RDC et le Rwanda\u00a0? -","robots":{"index":"index","follow":"follow","max-snippet":"max-snippet:-1","max-image-preview":"max-image-preview:large","max-video-preview":"max-video-preview:-1"},"canonical":"https:\/\/macite.tg\/?p=26698","og_locale":"fr_FR","og_type":"article","og_title":"GRANDS LACS\u00a0: Que retenir de l'accord de paix entre la RDC et le Rwanda\u00a0? -","og_description":"Sur sc\u00e8ne, c\u00f4te \u00e0 c\u00f4te, aucun sourire, aucun contact visuel entre les pr\u00e9sidents congolais et rwandais. Chacun fixe les yeux droits devant lui. Dans leurs allocutions respectives, Paul Kagame et F\u00e9lix Tshisekedi ont admis que la mise en \u0153uvre de l&rsquo;accord serait \u00ab difficile \u00bb [&hellip;]","og_url":"https:\/\/macite.tg\/?p=26698","article_published_time":"2025-12-09T12:18:46+00:00","article_modified_time":"2025-12-09T12:21:48+00:00","og_image":[{"width":500,"height":311,"url":"https:\/\/macite.tg\/wp-content\/uploads\/2025\/12\/Accord-RDC-Rwanda.jpg","type":"image\/jpeg"}],"author":"Jean Pierre BAWELA","twitter_card":"summary_large_image","twitter_misc":{"\u00c9crit par":"Jean Pierre BAWELA","Dur\u00e9e de lecture estim\u00e9e":"3 minutes"},"schema":{"@context":"https:\/\/schema.org","@graph":[{"@type":"Article","@id":"https:\/\/macite.tg\/?p=26698#article","isPartOf":{"@id":"https:\/\/macite.tg\/?p=26698"},"author":{"name":"Jean Pierre BAWELA","@id":"https:\/\/macite.tg\/#\/schema\/person\/e9f2de7e5dbbe7770a9402c7ce82f5c2"},"headline":"GRANDS LACS\u00a0: Que retenir de l&rsquo;accord de paix entre la RDC et le Rwanda\u00a0?","datePublished":"2025-12-09T12:18:46+00:00","dateModified":"2025-12-09T12:21:48+00:00","mainEntityOfPage":{"@id":"https:\/\/macite.tg\/?p=26698"},"wordCount":474,"commentCount":0,"image":{"@id":"https:\/\/macite.tg\/?p=26698#primaryimage"},"thumbnailUrl":"https:\/\/macite.tg\/wp-content\/uploads\/2025\/12\/Accord-RDC-Rwanda.jpg","articleSection":["ACTUALITE","PAIX &amp; SECURITE"],"inLanguage":"fr-FR","potentialAction":[{"@type":"CommentAction","name":"Comment","target":["https:\/\/macite.tg\/?p=26698#respond"]}]},{"@type":"WebPage","@id":"https:\/\/macite.tg\/?p=26698","url":"https:\/\/macite.tg\/?p=26698","name":"GRANDS LACS\u00a0: Que retenir de l'accord de paix entre la RDC et le Rwanda\u00a0? -","isPartOf":{"@id":"https:\/\/macite.tg\/#website"},"primaryImageOfPage":{"@id":"https:\/\/macite.tg\/?p=26698#primaryimage"},"image":{"@id":"https:\/\/macite.tg\/?p=26698#primaryimage"},"thumbnailUrl":"https:\/\/macite.tg\/wp-content\/uploads\/2025\/12\/Accord-RDC-Rwanda.jpg","datePublished":"2025-12-09T12:18:46+00:00","dateModified":"2025-12-09T12:21:48+00:00","author":{"@id":"https:\/\/macite.tg\/#\/schema\/person\/e9f2de7e5dbbe7770a9402c7ce82f5c2"},"breadcrumb":{"@id":"https:\/\/macite.tg\/?p=26698#breadcrumb"},"inLanguage":"fr-FR","potentialAction":[{"@type":"ReadAction","target":["https:\/\/macite.tg\/?p=26698"]}]},{"@type":"ImageObject","inLanguage":"fr-FR","@id":"https:\/\/macite.tg\/?p=26698#primaryimage","url":"https:\/\/macite.tg\/wp-content\/uploads\/2025\/12\/Accord-RDC-Rwanda.jpg","contentUrl":"https:\/\/macite.tg\/wp-content\/uploads\/2025\/12\/Accord-RDC-Rwanda.jpg","width":500,"height":311},{"@type":"BreadcrumbList","@id":"https:\/\/macite.tg\/?p=26698#breadcrumb","itemListElement":[{"@type":"ListItem","position":1,"name":"Accueil","item":"https:\/\/macite.tg\/"},{"@type":"ListItem","position":2,"name":"GRANDS LACS\u00a0: Que retenir de l&rsquo;accord de paix entre la RDC et le Rwanda\u00a0?"}]},{"@type":"WebSite","@id":"https:\/\/macite.tg\/#website","url":"https:\/\/macite.tg\/","name":"","description":"L&#039;information, la bonne!!!","potentialAction":[{"@type":"SearchAction","target":{"@type":"EntryPoint","urlTemplate":"https:\/\/macite.tg\/?s={search_term_string}"},"query-input":{"@type":"PropertyValueSpecification","valueRequired":true,"valueName":"search_term_string"}}],"inLanguage":"fr-FR"},{"@type":"Person","@id":"https:\/\/macite.tg\/#\/schema\/person\/e9f2de7e5dbbe7770a9402c7ce82f5c2","name":"Jean Pierre BAWELA","image":{"@type":"ImageObject","inLanguage":"fr-FR","@id":"https:\/\/macite.tg\/wp-content\/uploads\/2023\/09\/WhatsApp-Image-2023-09-19-at-14.44.41-122x122.jpeg","url":"https:\/\/macite.tg\/wp-content\/uploads\/2023\/09\/WhatsApp-Image-2023-09-19-at-14.44.41-122x122.jpeg","contentUrl":"https:\/\/macite.tg\/wp-content\/uploads\/2023\/09\/WhatsApp-Image-2023-09-19-at-14.44.41-122x122.jpeg","caption":"Jean Pierre BAWELA"},"url":"https:\/\/macite.tg\/?author=2"}]}},"_links":{"self":[{"href":"https:\/\/macite.tg\/index.php?rest_route=\/wp\/v2\/posts\/26698","targetHints":{"allow":["GET"]}}],"collection":[{"href":"https:\/\/macite.tg\/index.php?rest_route=\/wp\/v2\/posts"}],"about":[{"href":"https:\/\/macite.tg\/index.php?rest_route=\/wp\/v2\/types\/post"}],"author":[{"embeddable":true,"href":"https:\/\/macite.tg\/index.php?rest_route=\/wp\/v2\/users\/2"}],"replies":[{"embeddable":true,"href":"https:\/\/macite.tg\/index.php?rest_route=%2Fwp%2Fv2%2Fcomments&post=26698"}],"version-history":[{"count":0,"href":"https:\/\/macite.tg\/index.php?rest_route=\/wp\/v2\/posts\/26698\/revisions"}],"wp:featuredmedia":[{"embeddable":true,"href":"https:\/\/macite.tg\/index.php?rest_route=\/wp\/v2\/media\/26699"}],"wp:attachment":[{"href":"https:\/\/macite.tg\/index.php?rest_route=%2Fwp%2Fv2%2Fmedia&parent=26698"}],"wp:term":[{"taxonomy":"category","embeddable":true,"href":"https:\/\/macite.tg\/index.php?rest_route=%2Fwp%2Fv2%2Fcategories&post=26698"},{"taxonomy":"post_tag","embeddable":true,"href":"https:\/\/macite.tg\/index.php?rest_route=%2Fwp%2Fv2%2Ftags&post=26698"}],"curies":[{"name":"wp","href":"https:\/\/api.w.org\/{rel}","templated":true}]}}