{"id":26692,"date":"2025-12-09T11:54:22","date_gmt":"2025-12-09T11:54:22","guid":{"rendered":"https:\/\/macite.tg\/?p=26692"},"modified":"2025-12-09T11:54:37","modified_gmt":"2025-12-09T11:54:37","slug":"soiree-ligue-des-champions-voici-le-programme-complet-de-ce-mardi-09-decembre","status":"publish","type":"post","link":"https:\/\/macite.tg\/?p=26692","title":{"rendered":"SOIREE LIGUE DES CHAMPIONS : Voici le programme complet de ce mardi 09 d\u00e9cembre"},"content":{"rendered":"\n<p class=\"wp-block-paragraph\"><\/p>\n\n\n\n<p class=\"wp-block-paragraph\"><strong><em>La sixi\u00e8me journ\u00e9e de la phase de groupes de la Ligue des champions retient d\u00e9j\u00e0 toute l\u2019attention des amateurs de football europ\u00e9en. Les affiches de ce mardi s\u2019annoncent particuli\u00e8rement dense avec plusieurs rencontres de haut niveau disput\u00e9es simultan\u00e9ment.<\/em><\/strong><em><\/em><\/p>\n\n\n\n<p class=\"wp-block-paragraph\">\u00c0 21h00, l\u2019Inter Milan re\u00e7oit Liverpool dans un duel tr\u00e8s attendu entre deux cadors europ\u00e9ens, sous la direction de l\u2019arbitre allemand Felix Zwayer.<\/p>\n\n\n\n<p class=\"wp-block-paragraph\">Liverpool occupe actuellement la neuvi\u00e8me place du classement du championnat national, \u00e0 10 points du leader Arsenal, et son effectif pour son match de Ligue des champions contre l\u2019Inter a \u00e9t\u00e9 encore affaibli lorsqu\u2019il a \u00e9t\u00e9 annonc\u00e9 que Mo Salah ne ferait pas le d\u00e9placement avec l\u2019\u00e9quipe en Italie. <\/p>\n\n\n\n<p class=\"wp-block-paragraph\">Apr\u00e8s un d\u00e9but de saison difficile en Serie A, marqu\u00e9 par deux d\u00e9faites lors de leurs trois premiers matchs, l\u2019Inter s\u2019est bien reprise et figure d\u00e9sormais parmi les pr\u00e9tendants au titre. Les Nerazzurri occupent actuellement la deuxi\u00e8me place du classement, \u00e0 un point seulement du champion en titre, Naples, apr\u00e8s 14 journ\u00e9es.<\/p>\n\n\n\n<figure class=\"wp-block-image size-full\"><img loading=\"lazy\" decoding=\"async\" width=\"851\" height=\"315\" src=\"https:\/\/macite.tg\/wp-content\/uploads\/2025\/12\/OTR_Ferer-pour-batir-1.jpg\" alt=\"\" class=\"wp-image-26559\" srcset=\"https:\/\/macite.tg\/wp-content\/uploads\/2025\/12\/OTR_Ferer-pour-batir-1.jpg 851w, https:\/\/macite.tg\/wp-content\/uploads\/2025\/12\/OTR_Ferer-pour-batir-1-300x111.jpg 300w, https:\/\/macite.tg\/wp-content\/uploads\/2025\/12\/OTR_Ferer-pour-batir-1-768x284.jpg 768w\" sizes=\"auto, (max-width: 851px) 100vw, 851px\" \/><\/figure>\n\n\n\n<p class=\"wp-block-paragraph\">En LdC, l\u2019Inter occupe la quatri\u00e8me place du classement avec quatre victoires et une d\u00e9faite. L\u2019\u00e9quipe \u00e9tait invaincue dans la comp\u00e9tition jusqu\u2019\u00e0 sa courte d\u00e9faite 2-1 face \u00e0 l\u2019Atl\u00e9tico Madrid le 26 novembre.<\/p>\n\n\n\n<p class=\"wp-block-paragraph\">Liverpool occupe actuellement la 13e place avec trois victoires et deux d\u00e9faites, et se situe hors du top 8, synonyme de qualification directe pour la phase suivante de la comp\u00e9tition. Les Reds ont battu le Real Madrid, quinze fois vainqueur de la Ligue des champions, 1-0 le 4 novembre, avant de subir une lourde d\u00e9faite 4-1 \u00e0 Anfield face au PSV Eindhoven lors de leur dernier match, le 26 novembre.<\/p>\n\n\n\n<p class=\"wp-block-paragraph\">Dans le m\u00eame cr\u00e9neau, le FC Barcelone affronte l\u2019Eintracht Francfort au Camp Nou, dans une rencontre qui devrait attirer une foule nombreuse et un soutien fervent du public catalan.<\/p>\n\n\n\n<p class=\"wp-block-paragraph\">Les Barcelonais tenteront de relancer leur campagne europ\u00e9enne, apr\u00e8s n\u2019avoir remport\u00e9 qu\u2019un seul de leurs quatre derniers matchs en Ligue des champions. Francfort, de son c\u00f4t\u00e9, peine \u00e9galement \u00e0 trouver son rythme dans cette comp\u00e9tition et se trouve hors des places qualificatives avant la sixi\u00e8me journ\u00e9e.<\/p>\n\n\n\n<p class=\"wp-block-paragraph\">Hansi Flick devra trancher concernant son attaquant de pointe apr\u00e8s le tripl\u00e9 de Ferran Torres lors de la victoire du week-end face au Betis. L\u2019Espagnol est en grande forme cette saison et pourrait \u00eatre pr\u00e9f\u00e9r\u00e9 \u00e0 Robert Lewandowski.<\/p>\n\n\n\n<p class=\"wp-block-paragraph\">Le FC Barcelone reste priv\u00e9 de Dani Olmo, bless\u00e9 \u00e0 l\u2019\u00e9paule, tandis que Marc-Andr\u00e9 ter Stegen et Gavi sont respectivement indisponibles en raison de probl\u00e8mes au genou et au dos. Ronald Araujo est suspendu suite \u00e0 son carton rouge re\u00e7u \u00e0 Chelsea, mais n\u2019aurait de toute fa\u00e7on pas jou\u00e9, le d\u00e9fenseur \u00e9tant en cong\u00e9 pour raisons personnelles.<\/p>\n\n\n\n<p class=\"wp-block-paragraph\">Francfort rencontre des difficult\u00e9s offensives, ses options en pointe \u00e9tant limit\u00e9es. Son meilleur buteur, Jonathan Burkardt, est forfait, tandis que son co\u00e9quipier Michy Batshuayi s\u2019est bless\u00e9 lors de la d\u00e9faite du week-end face au RB Leipzig.<\/p>\n\n\n\n<p class=\"wp-block-paragraph\">Autres affiches de prestige ce mardi : l\u2019Atalanta Bergame accueille Chelsea, tandis que le Bayern Munich croise le fer avec le Sporting CP, dans un duel tactique prometteur.<\/p>\n\n\n\n<figure class=\"wp-block-image size-large\"><img loading=\"lazy\" decoding=\"async\" width=\"1024\" height=\"392\" src=\"https:\/\/macite.tg\/wp-content\/uploads\/2025\/11\/8d9cf208-3716-4e73-bc0c-3341ae213e6b-1-1024x392.jpg\" alt=\"\" class=\"wp-image-26484\" srcset=\"https:\/\/macite.tg\/wp-content\/uploads\/2025\/11\/8d9cf208-3716-4e73-bc0c-3341ae213e6b-1-1024x392.jpg 1024w, https:\/\/macite.tg\/wp-content\/uploads\/2025\/11\/8d9cf208-3716-4e73-bc0c-3341ae213e6b-1-300x115.jpg 300w, https:\/\/macite.tg\/wp-content\/uploads\/2025\/11\/8d9cf208-3716-4e73-bc0c-3341ae213e6b-1-768x294.jpg 768w, https:\/\/macite.tg\/wp-content\/uploads\/2025\/11\/8d9cf208-3716-4e73-bc0c-3341ae213e6b-1.jpg 1080w\" sizes=\"auto, (max-width: 1024px) 100vw, 1024px\" \/><\/figure>\n\n\n\n<p class=\"wp-block-paragraph\">La soir\u00e9e sera \u00e9galement marqu\u00e9e par des confrontations \u00e0 fort enjeu, notamment PSV Eindhoven \u2013 Atl\u00e9tico Madrid, Monaco \u2013 Galatasaray, Tottenham \u2013 Slavia Prague ou encore Union Saint-Gilloise \u2013 Marseille.<\/p>\n\n\n\n<p class=\"wp-block-paragraph\"><strong>Voici le programme complet :<\/strong><\/p>\n\n\n\n<p class=\"wp-block-paragraph\">16:30 Kairat Almaty vs Olympiakos<\/p>\n\n\n\n<p class=\"wp-block-paragraph\">16:45 Bayern Munich vs porting CP<\/p>\n\n\n\n<p class=\"wp-block-paragraph\">21:00 Atalanta vs Chelsea<\/p>\n\n\n\n<p class=\"wp-block-paragraph\">21:00 Barcelona vs Eintracht Frankfurt<\/p>\n\n\n\n<p class=\"wp-block-paragraph\">21:00 Inter Milan vs Liverpool<\/p>\n\n\n\n<p class=\"wp-block-paragraph\">21:00 Monaco vs Galatasaray<\/p>\n\n\n\n<p class=\"wp-block-paragraph\">21:00 PSV Eindhoven vs Atl\u00e9tico Madrid<\/p>\n\n\n\n<p class=\"wp-block-paragraph\">21:00 Royale Union Saint-Gilloise vs Marseille<\/p>\n\n\n\n<p class=\"wp-block-paragraph\">21:00 Tottenham vs Slavia Prague<\/p>\n\n\n\n<p class=\"wp-block-paragraph\"><strong>MSN<\/strong><\/p>\n\n\n\n<p class=\"wp-block-paragraph\"><a><strong><em>@macite.tg&nbsp;&nbsp;&nbsp;&nbsp;&nbsp;&nbsp;&nbsp;&nbsp;<\/em><\/strong><\/a><\/p>\n\n\n\n<p class=\"wp-block-paragraph\"><strong><em>E-mail&nbsp;: <\/em><\/strong><a href=\"mailto:maciteinfo@gmail.com\"><strong><em>maciteinfo@gmail.com<\/em><\/strong><\/a><strong><em>; <\/em><\/strong><a href=\"mailto:bawela1@gmail.com\"><strong><em>bawela1@gmail.com<\/em><\/strong><\/a><strong><em><\/em><\/strong><\/p>\n\n\n\n<p class=\"wp-block-paragraph\"><strong><em>Pour vos annonces, (publi)reportages, etc., joignez-nous au (00228)91515309\/<strong>79872224 <\/strong><strong><\/strong><\/em><\/strong><\/p>\n\n\n\n<p class=\"wp-block-paragraph\"><strong><em>www.macite.tg, L\u2019information, la bonne&nbsp;!<\/em><\/strong><\/p>\n\n\n\n<p class=\"wp-block-paragraph\"><\/p>\n","protected":false},"excerpt":{"rendered":"<p class=\"text-justify mb-2\" >La sixi\u00e8me journ\u00e9e de la phase de groupes de la Ligue des champions retient d\u00e9j\u00e0 toute l\u2019attention des amateurs de football europ\u00e9en. Les affiches de ce mardi s\u2019annoncent particuli\u00e8rement dense avec plusieurs rencontres de haut niveau disput\u00e9es simultan\u00e9ment. \u00c0 21h00, l\u2019Inter Milan re\u00e7oit Liverpool dans [&hellip;]<\/p>\n","protected":false},"author":2,"featured_media":26693,"comment_status":"open","ping_status":"open","sticky":false,"template":"","format":"standard","meta":{"footnotes":""},"categories":[20,63,7],"tags":[],"class_list":["post-26692","post","type-post","status-publish","format-standard","has-post-thumbnail","hentry","category-actualite","category-football","category-sports"],"yoast_head":"<!-- This site is optimized with the Yoast SEO plugin v28.4 - https:\/\/yoast.com\/product\/yoast-seo-wordpress\/ -->\n<title>SOIREE LIGUE DES CHAMPIONS : Voici le programme complet de ce mardi 09 d\u00e9cembre -<\/title>\n<meta name=\"robots\" content=\"index, follow, max-snippet:-1, max-image-preview:large, max-video-preview:-1\" \/>\n<link rel=\"canonical\" href=\"https:\/\/macite.tg\/?p=26692\" \/>\n<meta property=\"og:locale\" content=\"fr_FR\" \/>\n<meta property=\"og:type\" content=\"article\" \/>\n<meta property=\"og:title\" content=\"SOIREE LIGUE DES CHAMPIONS : Voici le programme complet de ce mardi 09 d\u00e9cembre -\" \/>\n<meta property=\"og:description\" content=\"La sixi\u00e8me journ\u00e9e de la phase de groupes de la Ligue des champions retient d\u00e9j\u00e0 toute l\u2019attention des amateurs de football europ\u00e9en. Les affiches de ce mardi s\u2019annoncent particuli\u00e8rement dense avec plusieurs rencontres de haut niveau disput\u00e9es simultan\u00e9ment. \u00c0 21h00, l\u2019Inter Milan re\u00e7oit Liverpool dans [&hellip;]\" \/>\n<meta property=\"og:url\" content=\"https:\/\/macite.tg\/?p=26692\" \/>\n<meta property=\"article:published_time\" content=\"2025-12-09T11:54:22+00:00\" \/>\n<meta property=\"article:modified_time\" content=\"2025-12-09T11:54:37+00:00\" \/>\n<meta property=\"og:image\" content=\"https:\/\/macite.tg\/wp-content\/uploads\/2025\/12\/image-29.png\" \/>\n\t<meta property=\"og:image:width\" content=\"339\" \/>\n\t<meta property=\"og:image:height\" content=\"234\" \/>\n\t<meta property=\"og:image:type\" content=\"image\/png\" \/>\n<meta name=\"author\" content=\"Jean Pierre BAWELA\" \/>\n<meta name=\"twitter:card\" content=\"summary_large_image\" \/>\n<meta name=\"twitter:label1\" content=\"\u00c9crit par\" \/>\n\t<meta name=\"twitter:data1\" content=\"Jean Pierre BAWELA\" \/>\n\t<meta name=\"twitter:label2\" content=\"Dur\u00e9e de lecture estim\u00e9e\" \/>\n\t<meta name=\"twitter:data2\" content=\"4 minutes\" \/>\n<script type=\"application\/ld+json\" class=\"yoast-schema-graph\">{\"@context\":\"https:\\\/\\\/schema.org\",\"@graph\":[{\"@type\":\"Article\",\"@id\":\"https:\\\/\\\/macite.tg\\\/?p=26692#article\",\"isPartOf\":{\"@id\":\"https:\\\/\\\/macite.tg\\\/?p=26692\"},\"author\":{\"name\":\"Jean Pierre BAWELA\",\"@id\":\"https:\\\/\\\/macite.tg\\\/#\\\/schema\\\/person\\\/e9f2de7e5dbbe7770a9402c7ce82f5c2\"},\"headline\":\"SOIREE LIGUE DES CHAMPIONS : Voici le programme complet de ce mardi 09 d\u00e9cembre\",\"datePublished\":\"2025-12-09T11:54:22+00:00\",\"dateModified\":\"2025-12-09T11:54:37+00:00\",\"mainEntityOfPage\":{\"@id\":\"https:\\\/\\\/macite.tg\\\/?p=26692\"},\"wordCount\":667,\"commentCount\":0,\"image\":{\"@id\":\"https:\\\/\\\/macite.tg\\\/?p=26692#primaryimage\"},\"thumbnailUrl\":\"https:\\\/\\\/macite.tg\\\/wp-content\\\/uploads\\\/2025\\\/12\\\/image-29.png\",\"articleSection\":[\"ACTUALITE\",\"FOOTBALL\",\"SPORTS\"],\"inLanguage\":\"fr-FR\",\"potentialAction\":[{\"@type\":\"CommentAction\",\"name\":\"Comment\",\"target\":[\"https:\\\/\\\/macite.tg\\\/?p=26692#respond\"]}]},{\"@type\":\"WebPage\",\"@id\":\"https:\\\/\\\/macite.tg\\\/?p=26692\",\"url\":\"https:\\\/\\\/macite.tg\\\/?p=26692\",\"name\":\"SOIREE LIGUE DES CHAMPIONS : Voici le programme complet de ce mardi 09 d\u00e9cembre -\",\"isPartOf\":{\"@id\":\"https:\\\/\\\/macite.tg\\\/#website\"},\"primaryImageOfPage\":{\"@id\":\"https:\\\/\\\/macite.tg\\\/?p=26692#primaryimage\"},\"image\":{\"@id\":\"https:\\\/\\\/macite.tg\\\/?p=26692#primaryimage\"},\"thumbnailUrl\":\"https:\\\/\\\/macite.tg\\\/wp-content\\\/uploads\\\/2025\\\/12\\\/image-29.png\",\"datePublished\":\"2025-12-09T11:54:22+00:00\",\"dateModified\":\"2025-12-09T11:54:37+00:00\",\"author\":{\"@id\":\"https:\\\/\\\/macite.tg\\\/#\\\/schema\\\/person\\\/e9f2de7e5dbbe7770a9402c7ce82f5c2\"},\"breadcrumb\":{\"@id\":\"https:\\\/\\\/macite.tg\\\/?p=26692#breadcrumb\"},\"inLanguage\":\"fr-FR\",\"potentialAction\":[{\"@type\":\"ReadAction\",\"target\":[\"https:\\\/\\\/macite.tg\\\/?p=26692\"]}]},{\"@type\":\"ImageObject\",\"inLanguage\":\"fr-FR\",\"@id\":\"https:\\\/\\\/macite.tg\\\/?p=26692#primaryimage\",\"url\":\"https:\\\/\\\/macite.tg\\\/wp-content\\\/uploads\\\/2025\\\/12\\\/image-29.png\",\"contentUrl\":\"https:\\\/\\\/macite.tg\\\/wp-content\\\/uploads\\\/2025\\\/12\\\/image-29.png\",\"width\":339,\"height\":234},{\"@type\":\"BreadcrumbList\",\"@id\":\"https:\\\/\\\/macite.tg\\\/?p=26692#breadcrumb\",\"itemListElement\":[{\"@type\":\"ListItem\",\"position\":1,\"name\":\"Accueil\",\"item\":\"https:\\\/\\\/macite.tg\\\/\"},{\"@type\":\"ListItem\",\"position\":2,\"name\":\"SOIREE LIGUE DES CHAMPIONS : Voici le programme complet de ce mardi 09 d\u00e9cembre\"}]},{\"@type\":\"WebSite\",\"@id\":\"https:\\\/\\\/macite.tg\\\/#website\",\"url\":\"https:\\\/\\\/macite.tg\\\/\",\"name\":\"\",\"description\":\"L&#039;information, la bonne!!!\",\"potentialAction\":[{\"@type\":\"SearchAction\",\"target\":{\"@type\":\"EntryPoint\",\"urlTemplate\":\"https:\\\/\\\/macite.tg\\\/?s={search_term_string}\"},\"query-input\":{\"@type\":\"PropertyValueSpecification\",\"valueRequired\":true,\"valueName\":\"search_term_string\"}}],\"inLanguage\":\"fr-FR\"},{\"@type\":\"Person\",\"@id\":\"https:\\\/\\\/macite.tg\\\/#\\\/schema\\\/person\\\/e9f2de7e5dbbe7770a9402c7ce82f5c2\",\"name\":\"Jean Pierre BAWELA\",\"image\":{\"@type\":\"ImageObject\",\"inLanguage\":\"fr-FR\",\"@id\":\"https:\\\/\\\/macite.tg\\\/wp-content\\\/uploads\\\/2023\\\/09\\\/WhatsApp-Image-2023-09-19-at-14.44.41-122x122.jpeg\",\"url\":\"https:\\\/\\\/macite.tg\\\/wp-content\\\/uploads\\\/2023\\\/09\\\/WhatsApp-Image-2023-09-19-at-14.44.41-122x122.jpeg\",\"contentUrl\":\"https:\\\/\\\/macite.tg\\\/wp-content\\\/uploads\\\/2023\\\/09\\\/WhatsApp-Image-2023-09-19-at-14.44.41-122x122.jpeg\",\"caption\":\"Jean Pierre BAWELA\"},\"url\":\"https:\\\/\\\/macite.tg\\\/?author=2\"}]}<\/script>\n<!-- \/ Yoast SEO plugin. -->","yoast_head_json":{"title":"SOIREE LIGUE DES CHAMPIONS : Voici le programme complet de ce mardi 09 d\u00e9cembre -","robots":{"index":"index","follow":"follow","max-snippet":"max-snippet:-1","max-image-preview":"max-image-preview:large","max-video-preview":"max-video-preview:-1"},"canonical":"https:\/\/macite.tg\/?p=26692","og_locale":"fr_FR","og_type":"article","og_title":"SOIREE LIGUE DES CHAMPIONS : Voici le programme complet de ce mardi 09 d\u00e9cembre -","og_description":"La sixi\u00e8me journ\u00e9e de la phase de groupes de la Ligue des champions retient d\u00e9j\u00e0 toute l\u2019attention des amateurs de football europ\u00e9en. Les affiches de ce mardi s\u2019annoncent particuli\u00e8rement dense avec plusieurs rencontres de haut niveau disput\u00e9es simultan\u00e9ment. \u00c0 21h00, l\u2019Inter Milan re\u00e7oit Liverpool dans [&hellip;]","og_url":"https:\/\/macite.tg\/?p=26692","article_published_time":"2025-12-09T11:54:22+00:00","article_modified_time":"2025-12-09T11:54:37+00:00","og_image":[{"width":339,"height":234,"url":"https:\/\/macite.tg\/wp-content\/uploads\/2025\/12\/image-29.png","type":"image\/png"}],"author":"Jean Pierre BAWELA","twitter_card":"summary_large_image","twitter_misc":{"\u00c9crit par":"Jean Pierre BAWELA","Dur\u00e9e de lecture estim\u00e9e":"4 minutes"},"schema":{"@context":"https:\/\/schema.org","@graph":[{"@type":"Article","@id":"https:\/\/macite.tg\/?p=26692#article","isPartOf":{"@id":"https:\/\/macite.tg\/?p=26692"},"author":{"name":"Jean Pierre BAWELA","@id":"https:\/\/macite.tg\/#\/schema\/person\/e9f2de7e5dbbe7770a9402c7ce82f5c2"},"headline":"SOIREE LIGUE DES CHAMPIONS : Voici le programme complet de ce mardi 09 d\u00e9cembre","datePublished":"2025-12-09T11:54:22+00:00","dateModified":"2025-12-09T11:54:37+00:00","mainEntityOfPage":{"@id":"https:\/\/macite.tg\/?p=26692"},"wordCount":667,"commentCount":0,"image":{"@id":"https:\/\/macite.tg\/?p=26692#primaryimage"},"thumbnailUrl":"https:\/\/macite.tg\/wp-content\/uploads\/2025\/12\/image-29.png","articleSection":["ACTUALITE","FOOTBALL","SPORTS"],"inLanguage":"fr-FR","potentialAction":[{"@type":"CommentAction","name":"Comment","target":["https:\/\/macite.tg\/?p=26692#respond"]}]},{"@type":"WebPage","@id":"https:\/\/macite.tg\/?p=26692","url":"https:\/\/macite.tg\/?p=26692","name":"SOIREE LIGUE DES CHAMPIONS : Voici le programme complet de ce mardi 09 d\u00e9cembre -","isPartOf":{"@id":"https:\/\/macite.tg\/#website"},"primaryImageOfPage":{"@id":"https:\/\/macite.tg\/?p=26692#primaryimage"},"image":{"@id":"https:\/\/macite.tg\/?p=26692#primaryimage"},"thumbnailUrl":"https:\/\/macite.tg\/wp-content\/uploads\/2025\/12\/image-29.png","datePublished":"2025-12-09T11:54:22+00:00","dateModified":"2025-12-09T11:54:37+00:00","author":{"@id":"https:\/\/macite.tg\/#\/schema\/person\/e9f2de7e5dbbe7770a9402c7ce82f5c2"},"breadcrumb":{"@id":"https:\/\/macite.tg\/?p=26692#breadcrumb"},"inLanguage":"fr-FR","potentialAction":[{"@type":"ReadAction","target":["https:\/\/macite.tg\/?p=26692"]}]},{"@type":"ImageObject","inLanguage":"fr-FR","@id":"https:\/\/macite.tg\/?p=26692#primaryimage","url":"https:\/\/macite.tg\/wp-content\/uploads\/2025\/12\/image-29.png","contentUrl":"https:\/\/macite.tg\/wp-content\/uploads\/2025\/12\/image-29.png","width":339,"height":234},{"@type":"BreadcrumbList","@id":"https:\/\/macite.tg\/?p=26692#breadcrumb","itemListElement":[{"@type":"ListItem","position":1,"name":"Accueil","item":"https:\/\/macite.tg\/"},{"@type":"ListItem","position":2,"name":"SOIREE LIGUE DES CHAMPIONS : Voici le programme complet de ce mardi 09 d\u00e9cembre"}]},{"@type":"WebSite","@id":"https:\/\/macite.tg\/#website","url":"https:\/\/macite.tg\/","name":"","description":"L&#039;information, la bonne!!!","potentialAction":[{"@type":"SearchAction","target":{"@type":"EntryPoint","urlTemplate":"https:\/\/macite.tg\/?s={search_term_string}"},"query-input":{"@type":"PropertyValueSpecification","valueRequired":true,"valueName":"search_term_string"}}],"inLanguage":"fr-FR"},{"@type":"Person","@id":"https:\/\/macite.tg\/#\/schema\/person\/e9f2de7e5dbbe7770a9402c7ce82f5c2","name":"Jean Pierre BAWELA","image":{"@type":"ImageObject","inLanguage":"fr-FR","@id":"https:\/\/macite.tg\/wp-content\/uploads\/2023\/09\/WhatsApp-Image-2023-09-19-at-14.44.41-122x122.jpeg","url":"https:\/\/macite.tg\/wp-content\/uploads\/2023\/09\/WhatsApp-Image-2023-09-19-at-14.44.41-122x122.jpeg","contentUrl":"https:\/\/macite.tg\/wp-content\/uploads\/2023\/09\/WhatsApp-Image-2023-09-19-at-14.44.41-122x122.jpeg","caption":"Jean Pierre BAWELA"},"url":"https:\/\/macite.tg\/?author=2"}]}},"_links":{"self":[{"href":"https:\/\/macite.tg\/index.php?rest_route=\/wp\/v2\/posts\/26692","targetHints":{"allow":["GET"]}}],"collection":[{"href":"https:\/\/macite.tg\/index.php?rest_route=\/wp\/v2\/posts"}],"about":[{"href":"https:\/\/macite.tg\/index.php?rest_route=\/wp\/v2\/types\/post"}],"author":[{"embeddable":true,"href":"https:\/\/macite.tg\/index.php?rest_route=\/wp\/v2\/users\/2"}],"replies":[{"embeddable":true,"href":"https:\/\/macite.tg\/index.php?rest_route=%2Fwp%2Fv2%2Fcomments&post=26692"}],"version-history":[{"count":0,"href":"https:\/\/macite.tg\/index.php?rest_route=\/wp\/v2\/posts\/26692\/revisions"}],"wp:featuredmedia":[{"embeddable":true,"href":"https:\/\/macite.tg\/index.php?rest_route=\/wp\/v2\/media\/26693"}],"wp:attachment":[{"href":"https:\/\/macite.tg\/index.php?rest_route=%2Fwp%2Fv2%2Fmedia&parent=26692"}],"wp:term":[{"taxonomy":"category","embeddable":true,"href":"https:\/\/macite.tg\/index.php?rest_route=%2Fwp%2Fv2%2Fcategories&post=26692"},{"taxonomy":"post_tag","embeddable":true,"href":"https:\/\/macite.tg\/index.php?rest_route=%2Fwp%2Fv2%2Ftags&post=26692"}],"curies":[{"name":"wp","href":"https:\/\/api.w.org\/{rel}","templated":true}]}}