{"id":26682,"date":"2025-12-08T17:05:50","date_gmt":"2025-12-08T17:05:50","guid":{"rendered":"https:\/\/macite.tg\/?p=26682"},"modified":"2025-12-08T17:06:09","modified_gmt":"2025-12-08T17:06:09","slug":"togo-un-gala-de-prestige-pour-la-petite-enfance","status":"publish","type":"post","link":"https:\/\/macite.tg\/?p=26682","title":{"rendered":"TOGO : Un Gala de prestige pour la petite enfance"},"content":{"rendered":"\n<p class=\"wp-block-paragraph\"><strong><em>Le Togo se mobilise pour offrir un meilleur d\u00e9part aux tout-petits. Ce 12 d\u00e9cembre 2025, la salle Fazao de l\u2019H\u00f4tel 2 F\u00e9vrier accueillera une grande soir\u00e9e de gala caritative organis\u00e9e par le Gouvernement du Togo, en partenariat avec le Syst\u00e8me des Nations Unies et le Rotary Club, en vue de soutenir la cr\u00e9ation des <a>garderies communautaires int\u00e9gr\u00e9es <\/a>dans les march\u00e9s du pays.<\/em><\/strong><\/p>\n\n\n\n<p class=\"wp-block-paragraph\">Cet \u00e9v\u00e9nement d\u2019envergure vise \u00e0 lever des fonds pour un projet essentiel : garantir aux enfants de 0 \u00e0 5 ans un environnement s\u00fbr, \u00e9ducatif et stimulant, tout en permettant aux m\u00e8res de travailler en toute tranquillit\u00e9 et en cr\u00e9ant des opportunit\u00e9s d\u2019emploi pour les jeunes.<\/p>\n\n\n\n<figure class=\"wp-block-image size-large\"><img loading=\"lazy\" decoding=\"async\" width=\"1024\" height=\"768\" src=\"https:\/\/macite.tg\/wp-content\/uploads\/2025\/12\/e735d2a1-3d83-4797-9f9a-17eaaa83052c-1024x768.jpg\" alt=\"\" class=\"wp-image-26683\" srcset=\"https:\/\/macite.tg\/wp-content\/uploads\/2025\/12\/e735d2a1-3d83-4797-9f9a-17eaaa83052c-1024x768.jpg 1024w, https:\/\/macite.tg\/wp-content\/uploads\/2025\/12\/e735d2a1-3d83-4797-9f9a-17eaaa83052c-300x225.jpg 300w, https:\/\/macite.tg\/wp-content\/uploads\/2025\/12\/e735d2a1-3d83-4797-9f9a-17eaaa83052c-768x576.jpg 768w, https:\/\/macite.tg\/wp-content\/uploads\/2025\/12\/e735d2a1-3d83-4797-9f9a-17eaaa83052c-1536x1152.jpg 1536w, https:\/\/macite.tg\/wp-content\/uploads\/2025\/12\/e735d2a1-3d83-4797-9f9a-17eaaa83052c.jpg 1600w\" sizes=\"auto, (max-width: 1024px) 100vw, 1024px\" \/><\/figure>\n\n\n\n<p class=\"wp-block-paragraph\"><strong>Un projet vital pour les familles et la petite enfance<\/strong><\/p>\n\n\n\n<p class=\"wp-block-paragraph\">Dans de nombreux march\u00e9s au Togo, les femmes travaillent dans des conditions difficiles avec leurs enfants en bas \u00e2ge faute de solution de garde. Les garderies communautaires int\u00e9gr\u00e9es apporteront une r\u00e9ponse durable en offrant des espaces s\u00e9curis\u00e9s et adapt\u00e9s aux tout-petits, des programmes de stimulation pr\u00e9coce, des services d\u2019hygi\u00e8ne, de nutrition et de vaccination, un soutien administratif pour la d\u00e9livrance des actes de naissance, des emplois et formations pour les jeunes dans le secteur de la petite enfance.<\/p>\n\n\n\n<p class=\"wp-block-paragraph\">Ce mod\u00e8le innovant permettra aux parents de travailler sereinement et renforcera le capital humain du pays d\u00e8s les premi\u00e8res ann\u00e9es de vie.<\/p>\n\n\n\n<p class=\"wp-block-paragraph\"><strong>Une soir\u00e9e d\u2019exception pour une cause nationale<\/strong><\/p>\n\n\n\n<p class=\"wp-block-paragraph\">La soir\u00e9e de gala du 12 d\u00e9cembre se distingue autant par son \u00e9l\u00e9gance que par son impact social. L\u2019\u00e9v\u00e9nement r\u00e9unira des personnalit\u00e9s du monde diplomatique, des repr\u00e9sentants d\u2019institutions publiques et priv\u00e9es, des entreprises engag\u00e9es, des artistes, des champions des enfants et des citoyens d\u00e9sireux de soutenir une cause nationale.<\/p>\n\n\n\n<p class=\"wp-block-paragraph\">Au programme : un d\u00eener raffin\u00e9, des prestations artistiques de haut niveau, des projections audiovisuelles immersives sur la petite enfance, des t\u00e9moignages, ainsi qu\u2019un moment de networking de qualit\u00e9. Mais le c\u0153ur de la soir\u00e9e reste la sensibilisation et la mobilisation autour du projet, avec un appel clair au soutien financier et partenarial.<\/p>\n\n\n\n<figure class=\"wp-block-image size-large\"><img loading=\"lazy\" decoding=\"async\" width=\"1024\" height=\"392\" src=\"https:\/\/macite.tg\/wp-content\/uploads\/2025\/11\/8d9cf208-3716-4e73-bc0c-3341ae213e6b-1-1024x392.jpg\" alt=\"\" class=\"wp-image-26484\" srcset=\"https:\/\/macite.tg\/wp-content\/uploads\/2025\/11\/8d9cf208-3716-4e73-bc0c-3341ae213e6b-1-1024x392.jpg 1024w, https:\/\/macite.tg\/wp-content\/uploads\/2025\/11\/8d9cf208-3716-4e73-bc0c-3341ae213e6b-1-300x115.jpg 300w, https:\/\/macite.tg\/wp-content\/uploads\/2025\/11\/8d9cf208-3716-4e73-bc0c-3341ae213e6b-1-768x294.jpg 768w, https:\/\/macite.tg\/wp-content\/uploads\/2025\/11\/8d9cf208-3716-4e73-bc0c-3341ae213e6b-1.jpg 1080w\" sizes=\"auto, (max-width: 1024px) 100vw, 1024px\" \/><\/figure>\n\n\n\n<p class=\"wp-block-paragraph\">Plus qu&rsquo;un \u00e9v\u00e9nement mondain, ce gala sera un moment de solidarit\u00e9 et de mobilisation pour soutenir un projet porteur de transformation sociale.<\/p>\n\n\n\n<p class=\"wp-block-paragraph\"><strong>Des offres vari\u00e9es sont aussi con\u00e7ues pour faciliter la participation et la mobilisation en faveur de la petite enfance.<\/strong><\/p>\n\n\n\n<p class=\"wp-block-paragraph\">L\u2019Offre Bronze donne droit \u00e0 une participation standard au gala. L\u2019Offre Argent accorde un placement privil\u00e9gi\u00e9 et une visibilit\u00e9 mod\u00e9r\u00e9e. L\u2019Offre Or donne droit \u00e0 une visibilit\u00e9 prestige avec une reconnaissance officielle lors de l\u2019\u00e9v\u00e8nement. L\u2019Offre Diamant quant \u00e0 elle offre une visibilit\u00e9 exclusive et des opportunit\u00e9s renforc\u00e9es de r\u00e9seautage pendant que l\u2019Offre Platine conf\u00e8re un statut visionnaire, une visibilit\u00e9 maximale et une contribution majeure \u00e0 la construction et au fonctionnement des garderies.<\/p>\n\n\n\n<p class=\"wp-block-paragraph\">Plus de d\u00e9tails sur ces offres sur ce lien&nbsp;: <a href=\"https:\/\/www.unicef.org\/togo\/documents\/les-offres-%C3%A0-la-soir%C3%A9e-de-gala\">Les offres \u00e0 la soir\u00e9e de gala | UNICEF<\/a><\/p>\n\n\n<div class=\"wp-block-image\">\n<figure class=\"aligncenter size-full is-resized\"><img loading=\"lazy\" decoding=\"async\" width=\"500\" height=\"500\" src=\"https:\/\/macite.tg\/wp-content\/uploads\/2025\/12\/Geo-ref.jpg\" alt=\"\" class=\"wp-image-26561\" style=\"width:732px;height:auto\" srcset=\"https:\/\/macite.tg\/wp-content\/uploads\/2025\/12\/Geo-ref.jpg 500w, https:\/\/macite.tg\/wp-content\/uploads\/2025\/12\/Geo-ref-300x300.jpg 300w, https:\/\/macite.tg\/wp-content\/uploads\/2025\/12\/Geo-ref-150x150.jpg 150w, https:\/\/macite.tg\/wp-content\/uploads\/2025\/12\/Geo-ref-122x122.jpg 122w\" sizes=\"auto, (max-width: 500px) 100vw, 500px\" \/><\/figure>\n<\/div>\n\n\n<p class=\"wp-block-paragraph\">Chaque ticket repr\u00e9sente une contribution directe \u00e0 la mise en place des premi\u00e8res garderies dans les march\u00e9s du pays. Pour r\u00e9server, rendez-vous sur &nbsp;<a href=\"https:\/\/event1212.profilhitech.net\/inscriptions\">https:\/\/event1212.profilhitech.net\/inscriptions<\/a><\/p>\n\n\n\n<p class=\"wp-block-paragraph\">La r\u00e9ussite de ce projet d\u00e9pend de la mobilisation collective. Chaque ticket achet\u00e9 est un engagement, chaque pr\u00e9sence compte et chaque contribution va aider \u00e0 changer des vies.<\/p>\n\n\n\n<p class=\"wp-block-paragraph\"><a><strong><em>@macite.tg&nbsp;&nbsp;&nbsp;&nbsp;&nbsp;&nbsp;&nbsp;&nbsp;<\/em><\/strong><\/a><\/p>\n\n\n\n<p class=\"wp-block-paragraph\"><strong><em>E-mail&nbsp;: <\/em><\/strong><a href=\"mailto:maciteinfo@gmail.com\"><strong><em>maciteinfo@gmail.com<\/em><\/strong><\/a><strong><em>; <\/em><\/strong><a href=\"mailto:bawela1@gmail.com\"><strong><em>bawela1@gmail.com<\/em><\/strong><\/a><strong><em><\/em><\/strong><\/p>\n\n\n\n<p class=\"wp-block-paragraph\"><strong><em>Pour vos annonces, (publi)reportages, etc., joignez-nous au (00228)91515309\/<strong>79872224 <\/strong><strong><\/strong><\/em><\/strong><\/p>\n\n\n\n<p class=\"wp-block-paragraph\"><strong><em>www.macite.tg, L\u2019information, la bonne&nbsp;!<\/em><\/strong><\/p>\n\n\n\n<p class=\"wp-block-paragraph\"><\/p>\n","protected":false},"excerpt":{"rendered":"<p class=\"text-justify mb-2\" >Le Togo se mobilise pour offrir un meilleur d\u00e9part aux tout-petits. Ce 12 d\u00e9cembre 2025, la salle Fazao de l\u2019H\u00f4tel 2 F\u00e9vrier accueillera une grande soir\u00e9e de gala caritative organis\u00e9e par le Gouvernement du Togo, en partenariat avec le Syst\u00e8me des Nations Unies et le [&hellip;]<\/p>\n","protected":false},"author":2,"featured_media":26684,"comment_status":"open","ping_status":"open","sticky":false,"template":"","format":"standard","meta":{"footnotes":""},"categories":[20,6],"tags":[],"class_list":["post-26682","post","type-post","status-publish","format-standard","has-post-thumbnail","hentry","category-actualite","category-societe"],"yoast_head":"<!-- This site is optimized with the Yoast SEO plugin v28.4 - https:\/\/yoast.com\/product\/yoast-seo-wordpress\/ -->\n<title>TOGO : Un Gala de prestige pour la petite enfance -<\/title>\n<meta name=\"robots\" content=\"index, follow, max-snippet:-1, max-image-preview:large, max-video-preview:-1\" \/>\n<link rel=\"canonical\" href=\"https:\/\/macite.tg\/?p=26682\" \/>\n<meta property=\"og:locale\" content=\"fr_FR\" \/>\n<meta property=\"og:type\" content=\"article\" \/>\n<meta property=\"og:title\" content=\"TOGO : Un Gala de prestige pour la petite enfance -\" \/>\n<meta property=\"og:description\" content=\"Le Togo se mobilise pour offrir un meilleur d\u00e9part aux tout-petits. Ce 12 d\u00e9cembre 2025, la salle Fazao de l\u2019H\u00f4tel 2 F\u00e9vrier accueillera une grande soir\u00e9e de gala caritative organis\u00e9e par le Gouvernement du Togo, en partenariat avec le Syst\u00e8me des Nations Unies et le [&hellip;]\" \/>\n<meta property=\"og:url\" content=\"https:\/\/macite.tg\/?p=26682\" \/>\n<meta property=\"article:published_time\" content=\"2025-12-08T17:05:50+00:00\" \/>\n<meta property=\"article:modified_time\" content=\"2025-12-08T17:06:09+00:00\" \/>\n<meta property=\"og:image\" content=\"https:\/\/macite.tg\/wp-content\/uploads\/2025\/12\/A.jpg\" \/>\n\t<meta property=\"og:image:width\" content=\"500\" \/>\n\t<meta property=\"og:image:height\" content=\"281\" \/>\n\t<meta property=\"og:image:type\" content=\"image\/jpeg\" \/>\n<meta name=\"author\" content=\"Jean Pierre BAWELA\" \/>\n<meta name=\"twitter:card\" content=\"summary_large_image\" \/>\n<meta name=\"twitter:label1\" content=\"\u00c9crit par\" \/>\n\t<meta name=\"twitter:data1\" content=\"Jean Pierre BAWELA\" \/>\n\t<meta name=\"twitter:label2\" content=\"Dur\u00e9e de lecture estim\u00e9e\" \/>\n\t<meta name=\"twitter:data2\" content=\"4 minutes\" \/>\n<script type=\"application\/ld+json\" class=\"yoast-schema-graph\">{\"@context\":\"https:\\\/\\\/schema.org\",\"@graph\":[{\"@type\":\"Article\",\"@id\":\"https:\\\/\\\/macite.tg\\\/?p=26682#article\",\"isPartOf\":{\"@id\":\"https:\\\/\\\/macite.tg\\\/?p=26682\"},\"author\":{\"name\":\"Jean Pierre BAWELA\",\"@id\":\"https:\\\/\\\/macite.tg\\\/#\\\/schema\\\/person\\\/e9f2de7e5dbbe7770a9402c7ce82f5c2\"},\"headline\":\"TOGO : Un Gala de prestige pour la petite enfance\",\"datePublished\":\"2025-12-08T17:05:50+00:00\",\"dateModified\":\"2025-12-08T17:06:09+00:00\",\"mainEntityOfPage\":{\"@id\":\"https:\\\/\\\/macite.tg\\\/?p=26682\"},\"wordCount\":622,\"commentCount\":0,\"image\":{\"@id\":\"https:\\\/\\\/macite.tg\\\/?p=26682#primaryimage\"},\"thumbnailUrl\":\"https:\\\/\\\/macite.tg\\\/wp-content\\\/uploads\\\/2025\\\/12\\\/A.jpg\",\"articleSection\":[\"ACTUALITE\",\"SOCIETE\"],\"inLanguage\":\"fr-FR\",\"potentialAction\":[{\"@type\":\"CommentAction\",\"name\":\"Comment\",\"target\":[\"https:\\\/\\\/macite.tg\\\/?p=26682#respond\"]}]},{\"@type\":\"WebPage\",\"@id\":\"https:\\\/\\\/macite.tg\\\/?p=26682\",\"url\":\"https:\\\/\\\/macite.tg\\\/?p=26682\",\"name\":\"TOGO : Un Gala de prestige pour la petite enfance -\",\"isPartOf\":{\"@id\":\"https:\\\/\\\/macite.tg\\\/#website\"},\"primaryImageOfPage\":{\"@id\":\"https:\\\/\\\/macite.tg\\\/?p=26682#primaryimage\"},\"image\":{\"@id\":\"https:\\\/\\\/macite.tg\\\/?p=26682#primaryimage\"},\"thumbnailUrl\":\"https:\\\/\\\/macite.tg\\\/wp-content\\\/uploads\\\/2025\\\/12\\\/A.jpg\",\"datePublished\":\"2025-12-08T17:05:50+00:00\",\"dateModified\":\"2025-12-08T17:06:09+00:00\",\"author\":{\"@id\":\"https:\\\/\\\/macite.tg\\\/#\\\/schema\\\/person\\\/e9f2de7e5dbbe7770a9402c7ce82f5c2\"},\"breadcrumb\":{\"@id\":\"https:\\\/\\\/macite.tg\\\/?p=26682#breadcrumb\"},\"inLanguage\":\"fr-FR\",\"potentialAction\":[{\"@type\":\"ReadAction\",\"target\":[\"https:\\\/\\\/macite.tg\\\/?p=26682\"]}]},{\"@type\":\"ImageObject\",\"inLanguage\":\"fr-FR\",\"@id\":\"https:\\\/\\\/macite.tg\\\/?p=26682#primaryimage\",\"url\":\"https:\\\/\\\/macite.tg\\\/wp-content\\\/uploads\\\/2025\\\/12\\\/A.jpg\",\"contentUrl\":\"https:\\\/\\\/macite.tg\\\/wp-content\\\/uploads\\\/2025\\\/12\\\/A.jpg\",\"width\":500,\"height\":281},{\"@type\":\"BreadcrumbList\",\"@id\":\"https:\\\/\\\/macite.tg\\\/?p=26682#breadcrumb\",\"itemListElement\":[{\"@type\":\"ListItem\",\"position\":1,\"name\":\"Accueil\",\"item\":\"https:\\\/\\\/macite.tg\\\/\"},{\"@type\":\"ListItem\",\"position\":2,\"name\":\"TOGO : Un Gala de prestige pour la petite enfance\"}]},{\"@type\":\"WebSite\",\"@id\":\"https:\\\/\\\/macite.tg\\\/#website\",\"url\":\"https:\\\/\\\/macite.tg\\\/\",\"name\":\"\",\"description\":\"L&#039;information, la bonne!!!\",\"potentialAction\":[{\"@type\":\"SearchAction\",\"target\":{\"@type\":\"EntryPoint\",\"urlTemplate\":\"https:\\\/\\\/macite.tg\\\/?s={search_term_string}\"},\"query-input\":{\"@type\":\"PropertyValueSpecification\",\"valueRequired\":true,\"valueName\":\"search_term_string\"}}],\"inLanguage\":\"fr-FR\"},{\"@type\":\"Person\",\"@id\":\"https:\\\/\\\/macite.tg\\\/#\\\/schema\\\/person\\\/e9f2de7e5dbbe7770a9402c7ce82f5c2\",\"name\":\"Jean Pierre BAWELA\",\"image\":{\"@type\":\"ImageObject\",\"inLanguage\":\"fr-FR\",\"@id\":\"https:\\\/\\\/macite.tg\\\/wp-content\\\/uploads\\\/2023\\\/09\\\/WhatsApp-Image-2023-09-19-at-14.44.41-122x122.jpeg\",\"url\":\"https:\\\/\\\/macite.tg\\\/wp-content\\\/uploads\\\/2023\\\/09\\\/WhatsApp-Image-2023-09-19-at-14.44.41-122x122.jpeg\",\"contentUrl\":\"https:\\\/\\\/macite.tg\\\/wp-content\\\/uploads\\\/2023\\\/09\\\/WhatsApp-Image-2023-09-19-at-14.44.41-122x122.jpeg\",\"caption\":\"Jean Pierre BAWELA\"},\"url\":\"https:\\\/\\\/macite.tg\\\/?author=2\"}]}<\/script>\n<!-- \/ Yoast SEO plugin. -->","yoast_head_json":{"title":"TOGO : Un Gala de prestige pour la petite enfance -","robots":{"index":"index","follow":"follow","max-snippet":"max-snippet:-1","max-image-preview":"max-image-preview:large","max-video-preview":"max-video-preview:-1"},"canonical":"https:\/\/macite.tg\/?p=26682","og_locale":"fr_FR","og_type":"article","og_title":"TOGO : Un Gala de prestige pour la petite enfance -","og_description":"Le Togo se mobilise pour offrir un meilleur d\u00e9part aux tout-petits. Ce 12 d\u00e9cembre 2025, la salle Fazao de l\u2019H\u00f4tel 2 F\u00e9vrier accueillera une grande soir\u00e9e de gala caritative organis\u00e9e par le Gouvernement du Togo, en partenariat avec le Syst\u00e8me des Nations Unies et le [&hellip;]","og_url":"https:\/\/macite.tg\/?p=26682","article_published_time":"2025-12-08T17:05:50+00:00","article_modified_time":"2025-12-08T17:06:09+00:00","og_image":[{"width":500,"height":281,"url":"https:\/\/macite.tg\/wp-content\/uploads\/2025\/12\/A.jpg","type":"image\/jpeg"}],"author":"Jean Pierre BAWELA","twitter_card":"summary_large_image","twitter_misc":{"\u00c9crit par":"Jean Pierre BAWELA","Dur\u00e9e de lecture estim\u00e9e":"4 minutes"},"schema":{"@context":"https:\/\/schema.org","@graph":[{"@type":"Article","@id":"https:\/\/macite.tg\/?p=26682#article","isPartOf":{"@id":"https:\/\/macite.tg\/?p=26682"},"author":{"name":"Jean Pierre BAWELA","@id":"https:\/\/macite.tg\/#\/schema\/person\/e9f2de7e5dbbe7770a9402c7ce82f5c2"},"headline":"TOGO : Un Gala de prestige pour la petite enfance","datePublished":"2025-12-08T17:05:50+00:00","dateModified":"2025-12-08T17:06:09+00:00","mainEntityOfPage":{"@id":"https:\/\/macite.tg\/?p=26682"},"wordCount":622,"commentCount":0,"image":{"@id":"https:\/\/macite.tg\/?p=26682#primaryimage"},"thumbnailUrl":"https:\/\/macite.tg\/wp-content\/uploads\/2025\/12\/A.jpg","articleSection":["ACTUALITE","SOCIETE"],"inLanguage":"fr-FR","potentialAction":[{"@type":"CommentAction","name":"Comment","target":["https:\/\/macite.tg\/?p=26682#respond"]}]},{"@type":"WebPage","@id":"https:\/\/macite.tg\/?p=26682","url":"https:\/\/macite.tg\/?p=26682","name":"TOGO : Un Gala de prestige pour la petite enfance -","isPartOf":{"@id":"https:\/\/macite.tg\/#website"},"primaryImageOfPage":{"@id":"https:\/\/macite.tg\/?p=26682#primaryimage"},"image":{"@id":"https:\/\/macite.tg\/?p=26682#primaryimage"},"thumbnailUrl":"https:\/\/macite.tg\/wp-content\/uploads\/2025\/12\/A.jpg","datePublished":"2025-12-08T17:05:50+00:00","dateModified":"2025-12-08T17:06:09+00:00","author":{"@id":"https:\/\/macite.tg\/#\/schema\/person\/e9f2de7e5dbbe7770a9402c7ce82f5c2"},"breadcrumb":{"@id":"https:\/\/macite.tg\/?p=26682#breadcrumb"},"inLanguage":"fr-FR","potentialAction":[{"@type":"ReadAction","target":["https:\/\/macite.tg\/?p=26682"]}]},{"@type":"ImageObject","inLanguage":"fr-FR","@id":"https:\/\/macite.tg\/?p=26682#primaryimage","url":"https:\/\/macite.tg\/wp-content\/uploads\/2025\/12\/A.jpg","contentUrl":"https:\/\/macite.tg\/wp-content\/uploads\/2025\/12\/A.jpg","width":500,"height":281},{"@type":"BreadcrumbList","@id":"https:\/\/macite.tg\/?p=26682#breadcrumb","itemListElement":[{"@type":"ListItem","position":1,"name":"Accueil","item":"https:\/\/macite.tg\/"},{"@type":"ListItem","position":2,"name":"TOGO : Un Gala de prestige pour la petite enfance"}]},{"@type":"WebSite","@id":"https:\/\/macite.tg\/#website","url":"https:\/\/macite.tg\/","name":"","description":"L&#039;information, la bonne!!!","potentialAction":[{"@type":"SearchAction","target":{"@type":"EntryPoint","urlTemplate":"https:\/\/macite.tg\/?s={search_term_string}"},"query-input":{"@type":"PropertyValueSpecification","valueRequired":true,"valueName":"search_term_string"}}],"inLanguage":"fr-FR"},{"@type":"Person","@id":"https:\/\/macite.tg\/#\/schema\/person\/e9f2de7e5dbbe7770a9402c7ce82f5c2","name":"Jean Pierre BAWELA","image":{"@type":"ImageObject","inLanguage":"fr-FR","@id":"https:\/\/macite.tg\/wp-content\/uploads\/2023\/09\/WhatsApp-Image-2023-09-19-at-14.44.41-122x122.jpeg","url":"https:\/\/macite.tg\/wp-content\/uploads\/2023\/09\/WhatsApp-Image-2023-09-19-at-14.44.41-122x122.jpeg","contentUrl":"https:\/\/macite.tg\/wp-content\/uploads\/2023\/09\/WhatsApp-Image-2023-09-19-at-14.44.41-122x122.jpeg","caption":"Jean Pierre BAWELA"},"url":"https:\/\/macite.tg\/?author=2"}]}},"_links":{"self":[{"href":"https:\/\/macite.tg\/index.php?rest_route=\/wp\/v2\/posts\/26682","targetHints":{"allow":["GET"]}}],"collection":[{"href":"https:\/\/macite.tg\/index.php?rest_route=\/wp\/v2\/posts"}],"about":[{"href":"https:\/\/macite.tg\/index.php?rest_route=\/wp\/v2\/types\/post"}],"author":[{"embeddable":true,"href":"https:\/\/macite.tg\/index.php?rest_route=\/wp\/v2\/users\/2"}],"replies":[{"embeddable":true,"href":"https:\/\/macite.tg\/index.php?rest_route=%2Fwp%2Fv2%2Fcomments&post=26682"}],"version-history":[{"count":0,"href":"https:\/\/macite.tg\/index.php?rest_route=\/wp\/v2\/posts\/26682\/revisions"}],"wp:featuredmedia":[{"embeddable":true,"href":"https:\/\/macite.tg\/index.php?rest_route=\/wp\/v2\/media\/26684"}],"wp:attachment":[{"href":"https:\/\/macite.tg\/index.php?rest_route=%2Fwp%2Fv2%2Fmedia&parent=26682"}],"wp:term":[{"taxonomy":"category","embeddable":true,"href":"https:\/\/macite.tg\/index.php?rest_route=%2Fwp%2Fv2%2Fcategories&post=26682"},{"taxonomy":"post_tag","embeddable":true,"href":"https:\/\/macite.tg\/index.php?rest_route=%2Fwp%2Fv2%2Ftags&post=26682"}],"curies":[{"name":"wp","href":"https:\/\/api.w.org\/{rel}","templated":true}]}}