{"id":26676,"date":"2025-12-08T16:40:26","date_gmt":"2025-12-08T16:40:26","guid":{"rendered":"https:\/\/macite.tg\/?p=26676"},"modified":"2025-12-09T10:44:40","modified_gmt":"2025-12-09T10:44:40","slug":"ouverture-a-lome-du-9%e1%b5%89-congres-panafricain-cest-un-tournant-car-jamais-jamais-depuis-les-independances-notre-destin-collectif-na-ete-autant","status":"publish","type":"post","link":"https:\/\/macite.tg\/?p=26676","title":{"rendered":"OUVERTURE A LOME DU 9\u1d49 CONGRES PANAFRICAIN\u00a0: \u00ab\u00a0(\u2026) C\u2019est un tournant. Car jamais, jamais depuis les ind\u00e9pendances, notre destin collectif n\u2019a \u00e9t\u00e9 autant entre nos mains\u00a0\u00bb (Faure Gnassingb\u00e9)"},"content":{"rendered":"\n<p class=\"wp-block-paragraph\"><strong><em>C\u2019est ce matin que s\u2019est ouverts \u00e0 Lom\u00e9 les travaux du 9<sup>\u00e8me<\/sup> Congr\u00e8s panafricain, rendez-vous strat\u00e9gique valid\u00e9 par l\u2019Union africaine en f\u00e9vrier 2025 et port\u00e9 par le Togo, dans une relecture assum\u00e9e des combats historiques de l\u2019Afrique et de sa diaspora. Cet \u00e9v\u00e9nement sera l\u2019occasion pour les fils et filles d\u2019Afrique, de sa diaspora mais aussi des afrodescendants de discuter des questions cruciales sur l\u2019avenir de l\u2019Afrique et de r\u00e9affirmer la valeur du panafricanisme.&nbsp;<\/em><\/strong><\/p>\n\n\n\n<p class=\"wp-block-paragraph\"><strong><em>Apr\u00e8s les conf\u00e9rences r\u00e9gionales organis\u00e9es en amont qui ont vu la participation active et contributive des diff\u00e9rents conglom\u00e9ras, Lom\u00e9 verra converger toutes principales parties prenantes pour ce grand rendez-vous avec l\u2019histoire. &nbsp;&nbsp;<\/em><\/strong><\/p>\n\n\n\n<p class=\"wp-block-paragraph\"><strong><em>Dans les lignes qui suivent, le discours d\u2019ouverture du Pr\u00e9sident du conseil, Faure Essozimna Gnassingb\u00e9.<\/em><\/strong><\/p>\n\n\n\n<p class=\"wp-block-paragraph\"><strong>PROJET DE DISCOURS DE SON EXCELLENCE MONSIEUR FAURE ESSOZIMNA GNASSINGBE, PRESIDENT DU CONSEIL DE LA REPUBLIQUE TOGOLAISE, A L\u2019OCCASION DU 9EME CONGRES PANAFRICAIN<\/strong><\/p>\n\n\n\n<p class=\"wp-block-paragraph\"><em>Lom\u00e9, du 08 au 12 d\u00e9cembre 2025<\/em><\/p>\n\n\n\n<p class=\"wp-block-paragraph\">Pendant des si\u00e8cles, nos peuples ont \u00e9t\u00e9 dispers\u00e9s, r\u00e9duits au silence, orphelins de leur propre voix dans le concert des nations. Pourtant, nos peuples ont r\u00e9sist\u00e9. Ils ont cr\u00e9\u00e9. Ils ont reconstruit le monde, en portant l\u2019Afrique dans leur m\u00e9moire, dans leurs luttes, dans leurs arts.<\/p>\n\n\n\n<p class=\"wp-block-paragraph\">Pr\u00e8s d\u2019un si\u00e8cle apr\u00e8s le premier Congr\u00e8s panafricain, voici que l\u2019Afrique et sa diaspora se retrouvent \u00e0 nouveau, debout, r\u00e9unies, conscientes de leur puissance et de leur unit\u00e9.<\/p>\n\n\n<div class=\"wp-block-image\">\n<figure class=\"aligncenter size-full is-resized\"><img loading=\"lazy\" decoding=\"async\" width=\"500\" height=\"281\" src=\"https:\/\/macite.tg\/wp-content\/uploads\/2025\/12\/9E-Congres.jpg\" alt=\"\" class=\"wp-image-26679\" style=\"width:634px;height:auto\" srcset=\"https:\/\/macite.tg\/wp-content\/uploads\/2025\/12\/9E-Congres.jpg 500w, https:\/\/macite.tg\/wp-content\/uploads\/2025\/12\/9E-Congres-300x169.jpg 300w\" sizes=\"auto, (max-width: 500px) 100vw, 500px\" \/><figcaption class=\"wp-element-caption\"><em><strong>Photo de famille \u00e0 l&rsquo;issue de l&rsquo;ouverture officielle<\/strong><\/em><\/figcaption><\/figure>\n<\/div>\n\n\n<p class=\"wp-block-paragraph\">Ce 9\u00e8me Congr\u00e8s arrive \u00e0 un moment o\u00f9 l\u2019Afrique n\u2019est plus p\u00e9riph\u00e9rique. Elle n\u2019est plus silencieuse. Elle est jeune. Elle est forte. Elle est ouverte au monde, et d\u00e9termin\u00e9e \u00e0 ne plus \u00eatre model\u00e9e par d\u2019autres.<\/p>\n\n\n\n<p class=\"wp-block-paragraph\">Ce 9\u00e8me Congr\u00e8s n\u2019est donc pas une comm\u00e9moration. C\u2019est une r\u00e9affirmation. C\u2019est une reconqu\u00eate. C\u2019est un tournant. Car jamais, jamais depuis les ind\u00e9pendances, notre destin collectif n\u2019a \u00e9t\u00e9 autant entre nos mains. Jamais notre voix n\u2019a \u00e9t\u00e9 autant attendue. Jamais nos choix n\u2019ont eu autant de r\u00e9sonance dans le monde.<\/p>\n\n\n\n<p class=\"wp-block-paragraph\">Je vous souhaite donc \u00e0 toutes et \u00e0 tous, la bienvenue \u00e0 Lom\u00e9, un lieu d\u2019ancrage, de m\u00e9moire et de projection. Un lieu o\u00f9 l\u2019Afrique parle pour elle-m\u00eame, et d\u00e9cide d\u2019elle-m\u00eame, pleinement.<\/p>\n\n\n\n<p class=\"wp-block-paragraph\">Pour ouvrir ce rendez-vous avec nous-m\u00eames et avec notre avenir, je voudrais partager avec vous cinq observations.<\/p>\n\n\n\n<p class=\"wp-block-paragraph\"><strong>Ma premi\u00e8re observation, c\u2019est que le renouveau panafricain est une n\u00e9cessit\u00e9 strat\u00e9gique.<\/strong><\/p>\n\n\n\n<p class=\"wp-block-paragraph\">Car le monde change, l\u2019ordre international se recompose. De nouveaux p\u00f4 les \u00e9mergent.<\/p>\n\n\n\n<p class=\"wp-block-paragraph\">Dans ce moment de transformation, une r\u00e9alit\u00e9 s\u2019impose : aucune nation africaine ne peut affronter seule l\u2019ampleur des d\u00e9fis contemporains.<\/p>\n\n\n\n<p class=\"wp-block-paragraph\">Ni l\u2019injustice climatique. Ni les crises sanitaires. Ni les fractures technologiques. Ni la comp\u00e9tition \u00e9conomique mondiale.<\/p>\n\n\n\n<p class=\"wp-block-paragraph\">Le panafricanisme n\u2019est donc plus seulement une id\u00e9e. C\u2019est un imp\u00e9ratif. C\u2019est une strat\u00e9gie de souverainet\u00e9. Il s\u2019agit de d\u00e9cider pour nous-m\u00eames, sur la base d\u2019une vision collective, r\u00e9aliste et ambitieuse.<\/p>\n\n\n\n<p class=\"wp-block-paragraph\">Le panafricanisme que nous appelons ici n\u2019est pas celui des slogans. C\u2019est un panafricanisme pragmatique et exigeant. Un panafricanisme qui unit nos peuples, nos cultures, nos march\u00e9s, nos savoirs. Un panafricanisme capable d\u2019agir dans un monde qui lui, ne nous attendra pas.<\/p>\n\n\n\n<p class=\"wp-block-paragraph\">Ce Congr\u00e8s doit r\u00e9affirmer une v\u00e9rit\u00e9 simple : l\u2019Afrique ne peut plus se contenter d\u2019\u00eatre spectatrice. Divis\u00e9e, elle sera vuln\u00e9rable. Unie, elle sera.<\/p>\n\n\n\n<figure class=\"wp-block-image size-full\"><img loading=\"lazy\" decoding=\"async\" width=\"851\" height=\"315\" src=\"https:\/\/macite.tg\/wp-content\/uploads\/2025\/12\/OTR_Ferer-pour-batir-1.jpg\" alt=\"\" class=\"wp-image-26559\" srcset=\"https:\/\/macite.tg\/wp-content\/uploads\/2025\/12\/OTR_Ferer-pour-batir-1.jpg 851w, https:\/\/macite.tg\/wp-content\/uploads\/2025\/12\/OTR_Ferer-pour-batir-1-300x111.jpg 300w, https:\/\/macite.tg\/wp-content\/uploads\/2025\/12\/OTR_Ferer-pour-batir-1-768x284.jpg 768w\" sizes=\"auto, (max-width: 851px) 100vw, 851px\" \/><\/figure>\n\n\n\n<p class=\"wp-block-paragraph\"><strong>Ma deuxi\u00e8me observation, c\u2019est que la r\u00e9forme du multilat\u00e9ralisme est aujourd\u2019hui une exigence.<\/strong><\/p>\n\n\n\n<p class=\"wp-block-paragraph\">C\u2019est l\u2019autre \u00e9vidence qui surgit de l\u2019incertitude actuelle des \u00e9quilibres g\u00e9opolitiques : le monde ne peut plus \u00eatre gouvern\u00e9 sans l\u2019Afrique. Aujourd\u2019hui, le Sud global s\u2019affirme. Le syst\u00e8me international a \u00e9t\u00e9 con\u00e7u sans nous a \u00e9t\u00e9 pens\u00e9 dans un monde qui n\u2019existe plus.<\/p>\n\n\n\n<p class=\"wp-block-paragraph\">Nos nations \u00e9taient encore sous domination coloniale. Nos peuples n\u2019avaient pas voix au chapitre.<\/p>\n\n\n\n<p class=\"wp-block-paragraph\">Aujourd\u2019hui, un continent de 1,4 milliard d\u2019habitants, qui repr\u00e9sente 28% des Etats membres de l\u2019ONU, et bient\u00f4 t le quart de l\u2019humanit\u00e9, n\u2019a toujours pas de si\u00e8ge permanent au Conseil de s\u00e9curit\u00e9. Ce n\u2019est pas une anomalie, c\u2019est une aberration.<\/p>\n\n\n\n<p class=\"wp-block-paragraph\">Notre continent ne peut rester absent des lieux o\u00f9 se d\u00e9cide la paix, le commerce ou la Dinance mondiale. Depuis le Consensus d\u2019Ezulwini et la D\u00e9claration de Syrte, l\u2019Afrique porteune position claire. Et le repr\u00e9sentant de l\u2019Union africaine l\u2019a rappel\u00e9 : 2 si\u00e8ges permanents au conseil de s\u00e9curit\u00e9 avec droit de v\u00e9to. Cette position est juste. Elle est l\u00e9gitime. Et il faut qu\u2019Elle soit entendue.<\/p>\n\n\n\n<p class=\"wp-block-paragraph\">Mais nous devons aller plus loin : il faut r\u00e9former les institutions, et r\u00e9former dans les institutions. Les deux sont indispensables. R\u00e9former les institutions, c\u2019est corriger les d\u00e9s\u00e9quilibres de gouvernance. R\u00e9former dans les institutions. R\u00e9former dans les institutions, C\u2019est peser davantage au quotidien, dans les d\u00e9cisions, dans les normes, dans les Dinancements.<\/p>\n\n\n\n<p class=\"wp-block-paragraph\">Ce Congr\u00e8s doit donc transformer nos principes en plan d\u2019action africain, cr\u00e9dible et unifi\u00e9.<\/p>\n\n\n\n<p class=\"wp-block-paragraph\">Cette r\u00e9forme du multilat\u00e9ralisme n\u2019est pas seulement une revendication africaine. C\u2019est une condition de stabilit\u00e9 pour le monde entier.<\/p>\n\n\n<div class=\"wp-block-image\">\n<figure class=\"aligncenter size-full is-resized\"><img loading=\"lazy\" decoding=\"async\" width=\"500\" height=\"500\" src=\"https:\/\/macite.tg\/wp-content\/uploads\/2025\/12\/Geo-ref.jpg\" alt=\"\" class=\"wp-image-26561\" style=\"width:588px;height:auto\" srcset=\"https:\/\/macite.tg\/wp-content\/uploads\/2025\/12\/Geo-ref.jpg 500w, https:\/\/macite.tg\/wp-content\/uploads\/2025\/12\/Geo-ref-300x300.jpg 300w, https:\/\/macite.tg\/wp-content\/uploads\/2025\/12\/Geo-ref-150x150.jpg 150w, https:\/\/macite.tg\/wp-content\/uploads\/2025\/12\/Geo-ref-122x122.jpg 122w\" sizes=\"auto, (max-width: 500px) 100vw, 500px\" \/><\/figure>\n<\/div>\n\n\n<p class=\"wp-block-paragraph\"><strong>Ma troisi\u00e8me observation, c\u2019est que notre principal levier d\u2019action est la mobilisation de nos propres ressources africaines.<\/strong><\/p>\n\n\n\n<p class=\"wp-block-paragraph\">Notre d\u00e9veloppement ne viendra pas de solutions venues d\u2019ailleurs. Il viendra d\u2019abord de nous-m\u00eames : de nos ressources naturelles, de nos jeunes talents, de nos entreprises, de nos diasporas, de nos savoirs, de nos cultures.<\/p>\n\n\n\n<p class=\"wp-block-paragraph\">C\u2019est cela, la souverainet\u00e9 moderne : Dinancer nous-m\u00eames nos priorit\u00e9s, transformer nous-m\u00eames nos mati\u00e8res premi\u00e8res, moderniser nos syst\u00e8mes alimentaires et sanitaires, et surtout investir dans notre capital humain.<\/p>\n\n\n\n<p class=\"wp-block-paragraph\">Mobiliser notre propre capital, c\u2019est aussi reconna\u0131\u0302tre la valeur de nos savoirs endog\u00e8nes : nos langues, nos syst\u00e8mes \u00e9ducatifs, nos connaissances m\u00e9dicinales, nos traditions intellectuelles.<\/p>\n\n\n\n<p class=\"wp-block-paragraph\">Une Afrique forte est une Afrique qui croit en ce qu\u2019elle sait, en ce qu\u2019elle peut et en ce qu\u2019elle est.<\/p>\n\n\n\n<p class=\"wp-block-paragraph\">Nous avons la jeunesse la plus dynamique du monde. Nous avons des terres abondantes. Nous avons des diasporas puissantes. Nous avons la cr\u00e9ativit\u00e9, l\u2019\u00e9nergie, l\u2019innovation.<\/p>\n\n\n\n<p class=\"wp-block-paragraph\">Mobiliser notre capital, c\u2019est transformer enDin ce potentiel en puissance.<\/p>\n\n\n\n<p class=\"wp-block-paragraph\">Ma quatri\u00e8me observation, c\u2019est que l\u2019Afrique est une et indivisible.<\/p>\n\n\n\n<p class=\"wp-block-paragraph\">Le panafricanisme est global. Il est dans notre continent. Il est dans la diaspora. Il est dans notre jeunesse. La diaspora, les Afrodescendants et les jeunes sont les trois forces motrices du renouveau africain. Faire d\u2019eux des acteurs centraux, c\u2019est renforcer l\u2019unit\u00e9, la cr\u00e9ativit\u00e9 et la puissance africaine.<\/p>\n\n\n\n<p class=\"wp-block-paragraph\">La Diaspora et les Afrodescendants sont une source immense de savoirs, de cr\u00e9ativit\u00e9, et surtout d\u2019influence. Ils prolongent l\u2019Afrique dans le monde. Ils \u00e9largissent notre horizon collectif.<\/p>\n\n\n\n<p class=\"wp-block-paragraph\">Notre jeunesse est notre plus grand atout strat\u00e9gique. Elle porte l\u2019innovation, le num\u00e9rique, la culture, l\u2019\u00e9conomie cr\u00e9ative, les luttes sociales. Elle est pr\u00eate, si nous savons lui faire confiance.<\/p>\n\n\n\n<p class=\"wp-block-paragraph\">Ce Congr\u00e8s doit r\u00e9affirmer l\u2019unit\u00e9 de cette grande famille africaine : une unit\u00e9 historique, une unit\u00e9 politique, une unit\u00e9 culturelle et enfin une unit\u00e9 de destin.<\/p>\n\n\n\n<figure class=\"wp-block-image size-large\"><img loading=\"lazy\" decoding=\"async\" width=\"1024\" height=\"392\" src=\"https:\/\/macite.tg\/wp-content\/uploads\/2025\/11\/8d9cf208-3716-4e73-bc0c-3341ae213e6b-1-1024x392.jpg\" alt=\"\" class=\"wp-image-26484\" srcset=\"https:\/\/macite.tg\/wp-content\/uploads\/2025\/11\/8d9cf208-3716-4e73-bc0c-3341ae213e6b-1-1024x392.jpg 1024w, https:\/\/macite.tg\/wp-content\/uploads\/2025\/11\/8d9cf208-3716-4e73-bc0c-3341ae213e6b-1-300x115.jpg 300w, https:\/\/macite.tg\/wp-content\/uploads\/2025\/11\/8d9cf208-3716-4e73-bc0c-3341ae213e6b-1-768x294.jpg 768w, https:\/\/macite.tg\/wp-content\/uploads\/2025\/11\/8d9cf208-3716-4e73-bc0c-3341ae213e6b-1.jpg 1080w\" sizes=\"auto, (max-width: 1024px) 100vw, 1024px\" \/><\/figure>\n\n\n\n<p class=\"wp-block-paragraph\"><strong>Ma cinqui\u00e8me<\/strong><strong> <\/strong><strong>observation, c\u2019est que le fondement de notre souverainet\u00e9 passe aussi par la reconqu\u00eate de notre narratif et de notre identit\u00e9.<\/strong><\/p>\n\n\n\n<p class=\"wp-block-paragraph\"><strong>Mesdames et Messieurs.<\/strong><\/p>\n\n\n\n<p class=\"wp-block-paragraph\">Aucune puissance ne s\u2019est affirm\u00e9e en laissant les autres raconter son histoire. Depuis des si\u00e8cles, l\u2019image de notre continent a \u00e9t\u00e9 fabriqu\u00e9e hors d\u2019Afrique. Elle a \u00e9t\u00e9 d\u00e9form\u00e9e, st\u00e9r\u00e9otyp\u00e9e, instrumentalis\u00e9e.<\/p>\n\n\n\n<p class=\"wp-block-paragraph\">Nous ne pouvons plus accepter que nos r\u00e9ussites soient invisibles, que nos talents soient ignor\u00e9s, que nos cultures soient r\u00e9duites \u00e0 des clich\u00e9s.<\/p>\n\n\n\n<p class=\"wp-block-paragraph\">Reconqu\u00e9rir notre narratif, c\u2019est r\u00e9tablir la v\u00e9rit\u00e9 de notre histoire. C\u2019est valoriser nos victoires. C\u2019est corriger les r\u00e9cits coloniaux. C\u2019est faire de nos arts, de nos langues, de nos cultures, des instruments d\u2019influence.<\/p>\n\n\n\n<p class=\"wp-block-paragraph\">Reconqu\u00e9rir notre narratif, c\u2019est aussi ma\u0131\u0302triser les nouveaux espaces de communication num\u00e9riques, m\u00e9diatiques, et acad\u00e9miques.<\/p>\n\n\n\n<p class=\"wp-block-paragraph\">Une Afrique qui ma\u0131\u0302trise son r\u00e9cit ma\u0131\u0302trise son avenir : c\u2019est une Afrique qui inspire, qui attire, qui investit et qui influence.<\/p>\n\n\n\n<p class=\"wp-block-paragraph\">Puisse Lom\u00e9 devenir, cette semaine, le lieu o\u00f9 l\u2019Afrique s\u2019unit pour agir. Le lieu o\u00f9 nos voix se rassemblent, o\u00f9 nos id\u00e9es s\u2019\u00e9l\u00e8vent, o\u00f9 notre destin se clarifie.<\/p>\n\n\n\n<p class=\"wp-block-paragraph\">Nous n\u2019avons pas besoin d\u2019\u00eatre sauv\u00e9s en tant qu\u2019africains. Nous avons besoin d\u2019\u00eatre \u00e9cout\u00e9s. Et surtout, elle a besoin d\u2019\u00eatre unie. Parce qu\u2019une Afrique unie compte. Une Afrique unie inspire. Une Afrique b\u00e2tit.<\/p>\n\n\n<div class=\"wp-block-image\">\n<figure class=\"aligncenter size-large is-resized\"><img loading=\"lazy\" decoding=\"async\" width=\"1024\" height=\"1024\" src=\"https:\/\/macite.tg\/wp-content\/uploads\/2025\/12\/d4c3a8a5-b555-493c-b116-93e62f3746c8-1024x1024.jpg\" alt=\"\" class=\"wp-image-26560\" style=\"width:540px;height:auto\" srcset=\"https:\/\/macite.tg\/wp-content\/uploads\/2025\/12\/d4c3a8a5-b555-493c-b116-93e62f3746c8-1024x1024.jpg 1024w, https:\/\/macite.tg\/wp-content\/uploads\/2025\/12\/d4c3a8a5-b555-493c-b116-93e62f3746c8-300x300.jpg 300w, https:\/\/macite.tg\/wp-content\/uploads\/2025\/12\/d4c3a8a5-b555-493c-b116-93e62f3746c8-150x150.jpg 150w, https:\/\/macite.tg\/wp-content\/uploads\/2025\/12\/d4c3a8a5-b555-493c-b116-93e62f3746c8-768x768.jpg 768w, https:\/\/macite.tg\/wp-content\/uploads\/2025\/12\/d4c3a8a5-b555-493c-b116-93e62f3746c8-122x122.jpg 122w, https:\/\/macite.tg\/wp-content\/uploads\/2025\/12\/d4c3a8a5-b555-493c-b116-93e62f3746c8.jpg 1080w\" sizes=\"auto, (max-width: 1024px) 100vw, 1024px\" \/><\/figure>\n<\/div>\n\n\n<p class=\"wp-block-paragraph\">Notre horizon commun est celui d\u2019une Afrique connect\u00e9e, inclusive, et s\u00fb re d\u2019elle.<\/p>\n\n\n\n<p class=\"wp-block-paragraph\">Ensemble, nous pouvons \u00e9crire une nouvelle page de notre histoire. Une page de dignit\u00e9<\/p>\n\n\n\n<p class=\"wp-block-paragraph\">Une page de souverainet\u00e9. Une page de renaissance.<\/p>\n\n\n\n<p class=\"wp-block-paragraph\">Sur ces mots, Je d\u00e9clare ouverts les travaux du 9\u00e8me Congr\u00e8s panafricain de Lom\u00e9.<\/p>\n\n\n\n<p class=\"wp-block-paragraph\"><strong>Que Dieu b\u00e9nisse l\u2019Afrique.<\/strong><\/p>\n\n\n\n<p class=\"wp-block-paragraph\"><strong>Je vous remercie.<\/strong><\/p>\n\n\n\n<p class=\"wp-block-paragraph\"><a><strong><em>@macite.tg&nbsp;&nbsp;&nbsp;&nbsp;&nbsp;&nbsp;&nbsp;&nbsp;<\/em><\/strong><\/a><\/p>\n\n\n\n<p class=\"wp-block-paragraph\"><strong><em>E-mail&nbsp;: <\/em><\/strong><a href=\"mailto:maciteinfo@gmail.com\"><strong><em>maciteinfo@gmail.com<\/em><\/strong><\/a><strong><em>; <\/em><\/strong><a href=\"mailto:bawela1@gmail.com\"><strong><em>bawela1@gmail.com<\/em><\/strong><\/a><strong><em><\/em><\/strong><\/p>\n\n\n\n<p class=\"wp-block-paragraph\"><strong><em>Pour vos annonces, (publi)reportages, etc., joignez-nous au (00228)91515309\/<strong>79872224 <\/strong><strong><\/strong><\/em><\/strong><\/p>\n\n\n\n<p class=\"wp-block-paragraph\"><strong><em>www.macite.tg, L\u2019information, la bonne&nbsp;!<\/em><\/strong><\/p>\n\n\n\n<p class=\"wp-block-paragraph\"><\/p>\n","protected":false},"excerpt":{"rendered":"<p class=\"text-justify mb-2\" >C\u2019est ce matin que s\u2019est ouverts \u00e0 Lom\u00e9 les travaux du 9\u00e8me Congr\u00e8s panafricain, rendez-vous strat\u00e9gique valid\u00e9 par l\u2019Union africaine en f\u00e9vrier 2025 et port\u00e9 par le Togo, dans une relecture assum\u00e9e des combats historiques de l\u2019Afrique et de sa diaspora. Cet \u00e9v\u00e9nement sera l\u2019occasion [&hellip;]<\/p>\n","protected":false},"author":2,"featured_media":26687,"comment_status":"open","ping_status":"open","sticky":false,"template":"","format":"standard","meta":{"footnotes":""},"categories":[20,8],"tags":[],"class_list":["post-26676","post","type-post","status-publish","format-standard","has-post-thumbnail","hentry","category-actualite","category-diplomatie"],"yoast_head":"<!-- This site is optimized with the Yoast SEO plugin v28.4 - https:\/\/yoast.com\/product\/yoast-seo-wordpress\/ -->\n<title>OUVERTURE A LOME DU 9\u1d49 CONGRES PANAFRICAIN\u00a0: \u00ab\u00a0(\u2026) C\u2019est un tournant. Car jamais, jamais depuis les ind\u00e9pendances, notre destin collectif n\u2019a \u00e9t\u00e9 autant entre nos mains\u00a0\u00bb (Faure Gnassingb\u00e9) -<\/title>\n<meta name=\"robots\" content=\"index, follow, max-snippet:-1, max-image-preview:large, max-video-preview:-1\" \/>\n<link rel=\"canonical\" href=\"https:\/\/macite.tg\/?p=26676\" \/>\n<meta property=\"og:locale\" content=\"fr_FR\" \/>\n<meta property=\"og:type\" content=\"article\" \/>\n<meta property=\"og:title\" content=\"OUVERTURE A LOME DU 9\u1d49 CONGRES PANAFRICAIN\u00a0: \u00ab\u00a0(\u2026) C\u2019est un tournant. Car jamais, jamais depuis les ind\u00e9pendances, notre destin collectif n\u2019a \u00e9t\u00e9 autant entre nos mains\u00a0\u00bb (Faure Gnassingb\u00e9) -\" \/>\n<meta property=\"og:description\" content=\"C\u2019est ce matin que s\u2019est ouverts \u00e0 Lom\u00e9 les travaux du 9\u00e8me Congr\u00e8s panafricain, rendez-vous strat\u00e9gique valid\u00e9 par l\u2019Union africaine en f\u00e9vrier 2025 et port\u00e9 par le Togo, dans une relecture assum\u00e9e des combats historiques de l\u2019Afrique et de sa diaspora. Cet \u00e9v\u00e9nement sera l\u2019occasion [&hellip;]\" \/>\n<meta property=\"og:url\" content=\"https:\/\/macite.tg\/?p=26676\" \/>\n<meta property=\"article:published_time\" content=\"2025-12-08T16:40:26+00:00\" \/>\n<meta property=\"article:modified_time\" content=\"2025-12-09T10:44:40+00:00\" \/>\n<meta property=\"og:image\" content=\"https:\/\/macite.tg\/wp-content\/uploads\/2025\/12\/Faure-congres-lome.jpg\" \/>\n\t<meta property=\"og:image:width\" content=\"500\" \/>\n\t<meta property=\"og:image:height\" content=\"443\" \/>\n\t<meta property=\"og:image:type\" content=\"image\/jpeg\" \/>\n<meta name=\"author\" content=\"Jean Pierre BAWELA\" \/>\n<meta name=\"twitter:card\" content=\"summary_large_image\" \/>\n<meta name=\"twitter:label1\" content=\"\u00c9crit par\" \/>\n\t<meta name=\"twitter:data1\" content=\"Jean Pierre BAWELA\" \/>\n\t<meta name=\"twitter:label2\" content=\"Dur\u00e9e de lecture estim\u00e9e\" \/>\n\t<meta name=\"twitter:data2\" content=\"9 minutes\" \/>\n<script type=\"application\/ld+json\" class=\"yoast-schema-graph\">{\"@context\":\"https:\\\/\\\/schema.org\",\"@graph\":[{\"@type\":\"Article\",\"@id\":\"https:\\\/\\\/macite.tg\\\/?p=26676#article\",\"isPartOf\":{\"@id\":\"https:\\\/\\\/macite.tg\\\/?p=26676\"},\"author\":{\"name\":\"Jean Pierre BAWELA\",\"@id\":\"https:\\\/\\\/macite.tg\\\/#\\\/schema\\\/person\\\/e9f2de7e5dbbe7770a9402c7ce82f5c2\"},\"headline\":\"OUVERTURE A LOME DU 9\u1d49 CONGRES PANAFRICAIN\u00a0: \u00ab\u00a0(\u2026) C\u2019est un tournant. Car jamais, jamais depuis les ind\u00e9pendances, notre destin collectif n\u2019a \u00e9t\u00e9 autant entre nos mains\u00a0\u00bb (Faure Gnassingb\u00e9)\",\"datePublished\":\"2025-12-08T16:40:26+00:00\",\"dateModified\":\"2025-12-09T10:44:40+00:00\",\"mainEntityOfPage\":{\"@id\":\"https:\\\/\\\/macite.tg\\\/?p=26676\"},\"wordCount\":1653,\"commentCount\":0,\"image\":{\"@id\":\"https:\\\/\\\/macite.tg\\\/?p=26676#primaryimage\"},\"thumbnailUrl\":\"https:\\\/\\\/macite.tg\\\/wp-content\\\/uploads\\\/2025\\\/12\\\/Faure-congres-lome.jpg\",\"articleSection\":[\"ACTUALITE\",\"DIPLOMATIE\"],\"inLanguage\":\"fr-FR\",\"potentialAction\":[{\"@type\":\"CommentAction\",\"name\":\"Comment\",\"target\":[\"https:\\\/\\\/macite.tg\\\/?p=26676#respond\"]}]},{\"@type\":\"WebPage\",\"@id\":\"https:\\\/\\\/macite.tg\\\/?p=26676\",\"url\":\"https:\\\/\\\/macite.tg\\\/?p=26676\",\"name\":\"OUVERTURE A LOME DU 9\u1d49 CONGRES PANAFRICAIN\u00a0: \u00ab\u00a0(\u2026) C\u2019est un tournant. Car jamais, jamais depuis les ind\u00e9pendances, notre destin collectif n\u2019a \u00e9t\u00e9 autant entre nos mains\u00a0\u00bb (Faure Gnassingb\u00e9) -\",\"isPartOf\":{\"@id\":\"https:\\\/\\\/macite.tg\\\/#website\"},\"primaryImageOfPage\":{\"@id\":\"https:\\\/\\\/macite.tg\\\/?p=26676#primaryimage\"},\"image\":{\"@id\":\"https:\\\/\\\/macite.tg\\\/?p=26676#primaryimage\"},\"thumbnailUrl\":\"https:\\\/\\\/macite.tg\\\/wp-content\\\/uploads\\\/2025\\\/12\\\/Faure-congres-lome.jpg\",\"datePublished\":\"2025-12-08T16:40:26+00:00\",\"dateModified\":\"2025-12-09T10:44:40+00:00\",\"author\":{\"@id\":\"https:\\\/\\\/macite.tg\\\/#\\\/schema\\\/person\\\/e9f2de7e5dbbe7770a9402c7ce82f5c2\"},\"breadcrumb\":{\"@id\":\"https:\\\/\\\/macite.tg\\\/?p=26676#breadcrumb\"},\"inLanguage\":\"fr-FR\",\"potentialAction\":[{\"@type\":\"ReadAction\",\"target\":[\"https:\\\/\\\/macite.tg\\\/?p=26676\"]}]},{\"@type\":\"ImageObject\",\"inLanguage\":\"fr-FR\",\"@id\":\"https:\\\/\\\/macite.tg\\\/?p=26676#primaryimage\",\"url\":\"https:\\\/\\\/macite.tg\\\/wp-content\\\/uploads\\\/2025\\\/12\\\/Faure-congres-lome.jpg\",\"contentUrl\":\"https:\\\/\\\/macite.tg\\\/wp-content\\\/uploads\\\/2025\\\/12\\\/Faure-congres-lome.jpg\",\"width\":500,\"height\":443},{\"@type\":\"BreadcrumbList\",\"@id\":\"https:\\\/\\\/macite.tg\\\/?p=26676#breadcrumb\",\"itemListElement\":[{\"@type\":\"ListItem\",\"position\":1,\"name\":\"Accueil\",\"item\":\"https:\\\/\\\/macite.tg\\\/\"},{\"@type\":\"ListItem\",\"position\":2,\"name\":\"OUVERTURE A LOME DU 9\u1d49 CONGRES PANAFRICAIN\u00a0: \u00ab\u00a0(\u2026) C\u2019est un tournant. Car jamais, jamais depuis les ind\u00e9pendances, notre destin collectif n\u2019a \u00e9t\u00e9 autant entre nos mains\u00a0\u00bb (Faure Gnassingb\u00e9)\"}]},{\"@type\":\"WebSite\",\"@id\":\"https:\\\/\\\/macite.tg\\\/#website\",\"url\":\"https:\\\/\\\/macite.tg\\\/\",\"name\":\"\",\"description\":\"L&#039;information, la bonne!!!\",\"potentialAction\":[{\"@type\":\"SearchAction\",\"target\":{\"@type\":\"EntryPoint\",\"urlTemplate\":\"https:\\\/\\\/macite.tg\\\/?s={search_term_string}\"},\"query-input\":{\"@type\":\"PropertyValueSpecification\",\"valueRequired\":true,\"valueName\":\"search_term_string\"}}],\"inLanguage\":\"fr-FR\"},{\"@type\":\"Person\",\"@id\":\"https:\\\/\\\/macite.tg\\\/#\\\/schema\\\/person\\\/e9f2de7e5dbbe7770a9402c7ce82f5c2\",\"name\":\"Jean Pierre BAWELA\",\"image\":{\"@type\":\"ImageObject\",\"inLanguage\":\"fr-FR\",\"@id\":\"https:\\\/\\\/macite.tg\\\/wp-content\\\/uploads\\\/2023\\\/09\\\/WhatsApp-Image-2023-09-19-at-14.44.41-122x122.jpeg\",\"url\":\"https:\\\/\\\/macite.tg\\\/wp-content\\\/uploads\\\/2023\\\/09\\\/WhatsApp-Image-2023-09-19-at-14.44.41-122x122.jpeg\",\"contentUrl\":\"https:\\\/\\\/macite.tg\\\/wp-content\\\/uploads\\\/2023\\\/09\\\/WhatsApp-Image-2023-09-19-at-14.44.41-122x122.jpeg\",\"caption\":\"Jean Pierre BAWELA\"},\"url\":\"https:\\\/\\\/macite.tg\\\/?author=2\"}]}<\/script>\n<!-- \/ Yoast SEO plugin. -->","yoast_head_json":{"title":"OUVERTURE A LOME DU 9\u1d49 CONGRES PANAFRICAIN\u00a0: \u00ab\u00a0(\u2026) C\u2019est un tournant. Car jamais, jamais depuis les ind\u00e9pendances, notre destin collectif n\u2019a \u00e9t\u00e9 autant entre nos mains\u00a0\u00bb (Faure Gnassingb\u00e9) -","robots":{"index":"index","follow":"follow","max-snippet":"max-snippet:-1","max-image-preview":"max-image-preview:large","max-video-preview":"max-video-preview:-1"},"canonical":"https:\/\/macite.tg\/?p=26676","og_locale":"fr_FR","og_type":"article","og_title":"OUVERTURE A LOME DU 9\u1d49 CONGRES PANAFRICAIN\u00a0: \u00ab\u00a0(\u2026) C\u2019est un tournant. Car jamais, jamais depuis les ind\u00e9pendances, notre destin collectif n\u2019a \u00e9t\u00e9 autant entre nos mains\u00a0\u00bb (Faure Gnassingb\u00e9) -","og_description":"C\u2019est ce matin que s\u2019est ouverts \u00e0 Lom\u00e9 les travaux du 9\u00e8me Congr\u00e8s panafricain, rendez-vous strat\u00e9gique valid\u00e9 par l\u2019Union africaine en f\u00e9vrier 2025 et port\u00e9 par le Togo, dans une relecture assum\u00e9e des combats historiques de l\u2019Afrique et de sa diaspora. Cet \u00e9v\u00e9nement sera l\u2019occasion [&hellip;]","og_url":"https:\/\/macite.tg\/?p=26676","article_published_time":"2025-12-08T16:40:26+00:00","article_modified_time":"2025-12-09T10:44:40+00:00","og_image":[{"width":500,"height":443,"url":"https:\/\/macite.tg\/wp-content\/uploads\/2025\/12\/Faure-congres-lome.jpg","type":"image\/jpeg"}],"author":"Jean Pierre BAWELA","twitter_card":"summary_large_image","twitter_misc":{"\u00c9crit par":"Jean Pierre BAWELA","Dur\u00e9e de lecture estim\u00e9e":"9 minutes"},"schema":{"@context":"https:\/\/schema.org","@graph":[{"@type":"Article","@id":"https:\/\/macite.tg\/?p=26676#article","isPartOf":{"@id":"https:\/\/macite.tg\/?p=26676"},"author":{"name":"Jean Pierre BAWELA","@id":"https:\/\/macite.tg\/#\/schema\/person\/e9f2de7e5dbbe7770a9402c7ce82f5c2"},"headline":"OUVERTURE A LOME DU 9\u1d49 CONGRES PANAFRICAIN\u00a0: \u00ab\u00a0(\u2026) C\u2019est un tournant. Car jamais, jamais depuis les ind\u00e9pendances, notre destin collectif n\u2019a \u00e9t\u00e9 autant entre nos mains\u00a0\u00bb (Faure Gnassingb\u00e9)","datePublished":"2025-12-08T16:40:26+00:00","dateModified":"2025-12-09T10:44:40+00:00","mainEntityOfPage":{"@id":"https:\/\/macite.tg\/?p=26676"},"wordCount":1653,"commentCount":0,"image":{"@id":"https:\/\/macite.tg\/?p=26676#primaryimage"},"thumbnailUrl":"https:\/\/macite.tg\/wp-content\/uploads\/2025\/12\/Faure-congres-lome.jpg","articleSection":["ACTUALITE","DIPLOMATIE"],"inLanguage":"fr-FR","potentialAction":[{"@type":"CommentAction","name":"Comment","target":["https:\/\/macite.tg\/?p=26676#respond"]}]},{"@type":"WebPage","@id":"https:\/\/macite.tg\/?p=26676","url":"https:\/\/macite.tg\/?p=26676","name":"OUVERTURE A LOME DU 9\u1d49 CONGRES PANAFRICAIN\u00a0: \u00ab\u00a0(\u2026) C\u2019est un tournant. Car jamais, jamais depuis les ind\u00e9pendances, notre destin collectif n\u2019a \u00e9t\u00e9 autant entre nos mains\u00a0\u00bb (Faure Gnassingb\u00e9) -","isPartOf":{"@id":"https:\/\/macite.tg\/#website"},"primaryImageOfPage":{"@id":"https:\/\/macite.tg\/?p=26676#primaryimage"},"image":{"@id":"https:\/\/macite.tg\/?p=26676#primaryimage"},"thumbnailUrl":"https:\/\/macite.tg\/wp-content\/uploads\/2025\/12\/Faure-congres-lome.jpg","datePublished":"2025-12-08T16:40:26+00:00","dateModified":"2025-12-09T10:44:40+00:00","author":{"@id":"https:\/\/macite.tg\/#\/schema\/person\/e9f2de7e5dbbe7770a9402c7ce82f5c2"},"breadcrumb":{"@id":"https:\/\/macite.tg\/?p=26676#breadcrumb"},"inLanguage":"fr-FR","potentialAction":[{"@type":"ReadAction","target":["https:\/\/macite.tg\/?p=26676"]}]},{"@type":"ImageObject","inLanguage":"fr-FR","@id":"https:\/\/macite.tg\/?p=26676#primaryimage","url":"https:\/\/macite.tg\/wp-content\/uploads\/2025\/12\/Faure-congres-lome.jpg","contentUrl":"https:\/\/macite.tg\/wp-content\/uploads\/2025\/12\/Faure-congres-lome.jpg","width":500,"height":443},{"@type":"BreadcrumbList","@id":"https:\/\/macite.tg\/?p=26676#breadcrumb","itemListElement":[{"@type":"ListItem","position":1,"name":"Accueil","item":"https:\/\/macite.tg\/"},{"@type":"ListItem","position":2,"name":"OUVERTURE A LOME DU 9\u1d49 CONGRES PANAFRICAIN\u00a0: \u00ab\u00a0(\u2026) C\u2019est un tournant. Car jamais, jamais depuis les ind\u00e9pendances, notre destin collectif n\u2019a \u00e9t\u00e9 autant entre nos mains\u00a0\u00bb (Faure Gnassingb\u00e9)"}]},{"@type":"WebSite","@id":"https:\/\/macite.tg\/#website","url":"https:\/\/macite.tg\/","name":"","description":"L&#039;information, la bonne!!!","potentialAction":[{"@type":"SearchAction","target":{"@type":"EntryPoint","urlTemplate":"https:\/\/macite.tg\/?s={search_term_string}"},"query-input":{"@type":"PropertyValueSpecification","valueRequired":true,"valueName":"search_term_string"}}],"inLanguage":"fr-FR"},{"@type":"Person","@id":"https:\/\/macite.tg\/#\/schema\/person\/e9f2de7e5dbbe7770a9402c7ce82f5c2","name":"Jean Pierre BAWELA","image":{"@type":"ImageObject","inLanguage":"fr-FR","@id":"https:\/\/macite.tg\/wp-content\/uploads\/2023\/09\/WhatsApp-Image-2023-09-19-at-14.44.41-122x122.jpeg","url":"https:\/\/macite.tg\/wp-content\/uploads\/2023\/09\/WhatsApp-Image-2023-09-19-at-14.44.41-122x122.jpeg","contentUrl":"https:\/\/macite.tg\/wp-content\/uploads\/2023\/09\/WhatsApp-Image-2023-09-19-at-14.44.41-122x122.jpeg","caption":"Jean Pierre BAWELA"},"url":"https:\/\/macite.tg\/?author=2"}]}},"_links":{"self":[{"href":"https:\/\/macite.tg\/index.php?rest_route=\/wp\/v2\/posts\/26676","targetHints":{"allow":["GET"]}}],"collection":[{"href":"https:\/\/macite.tg\/index.php?rest_route=\/wp\/v2\/posts"}],"about":[{"href":"https:\/\/macite.tg\/index.php?rest_route=\/wp\/v2\/types\/post"}],"author":[{"embeddable":true,"href":"https:\/\/macite.tg\/index.php?rest_route=\/wp\/v2\/users\/2"}],"replies":[{"embeddable":true,"href":"https:\/\/macite.tg\/index.php?rest_route=%2Fwp%2Fv2%2Fcomments&post=26676"}],"version-history":[{"count":0,"href":"https:\/\/macite.tg\/index.php?rest_route=\/wp\/v2\/posts\/26676\/revisions"}],"wp:featuredmedia":[{"embeddable":true,"href":"https:\/\/macite.tg\/index.php?rest_route=\/wp\/v2\/media\/26687"}],"wp:attachment":[{"href":"https:\/\/macite.tg\/index.php?rest_route=%2Fwp%2Fv2%2Fmedia&parent=26676"}],"wp:term":[{"taxonomy":"category","embeddable":true,"href":"https:\/\/macite.tg\/index.php?rest_route=%2Fwp%2Fv2%2Fcategories&post=26676"},{"taxonomy":"post_tag","embeddable":true,"href":"https:\/\/macite.tg\/index.php?rest_route=%2Fwp%2Fv2%2Ftags&post=26676"}],"curies":[{"name":"wp","href":"https:\/\/api.w.org\/{rel}","templated":true}]}}