{"id":26664,"date":"2025-12-08T15:17:48","date_gmt":"2025-12-08T15:17:48","guid":{"rendered":"https:\/\/macite.tg\/?p=26664"},"modified":"2025-12-08T15:18:09","modified_gmt":"2025-12-08T15:18:09","slug":"crise-dans-les-grands-lacs-discutee-a-washington-une-etape-vers-la-stabilisation-avec-la-signature-de-laccord-de-paix-en-presence-de-faure-gnassingbe","status":"publish","type":"post","link":"https:\/\/macite.tg\/?p=26664","title":{"rendered":"CRISE DANS LES GRANDS LACS DISCUTEE A WASHINGTON\u00a0: Une \u00e9tape vers la stabilisation avec la signature de l\u2019accord de paix en pr\u00e9sence de Faure Gnassingb\u00e9"},"content":{"rendered":"\n<p class=\"wp-block-paragraph\"><\/p>\n\n\n\n<p class=\"wp-block-paragraph\"><strong><em>Evolue-t-on vers la paix entre la R\u00e9publique D\u00e9mocratique du Congo (RDC) et le Rwanda&nbsp;? on ne peut r\u00e9pondre que par une affirmative. En effet, les deux pays ont pass\u00e9 un nouveau cap, jeudi 04 d\u00e9cembre dernier \u00e0 Washington, avec la signature d\u2019un accord de paix sous l\u2019\u00e9gide des Etats-Unis, en pr\u00e9sence du M\u00e9diateur de l\u2019Union africaine, le Pr\u00e9sident Faure Essozimna Gnassingb\u00e9.<\/em><\/strong><\/p>\n\n\n\n<p class=\"wp-block-paragraph\">Les tensions dans la r\u00e9gion des Grands Lacs vont conna\u00eetre un nouveau tournant avec la signature, jeudi 02 d\u00e9cembre dernier, \u00e0 Washington, d\u2019un accord de paix. Cette c\u00e9r\u00e9monie, plac\u00e9e sous l\u2019\u00e9gide du pr\u00e9sident am\u00e9ricain, Donald Trump, a connu la pr\u00e9sence d\u2019un invit\u00e9 sp\u00e9cial, en la personne du M\u00e9diateur de l\u2019Union africaine, le pr\u00e9sident du conseil de la R\u00e9publique Togolaise, Faure Essozimna Gnassingb.<\/p>\n\n\n\n<figure class=\"wp-block-image size-large\"><img loading=\"lazy\" decoding=\"async\" width=\"1024\" height=\"392\" src=\"https:\/\/macite.tg\/wp-content\/uploads\/2025\/11\/8d9cf208-3716-4e73-bc0c-3341ae213e6b-1-1024x392.jpg\" alt=\"\" class=\"wp-image-26484\" srcset=\"https:\/\/macite.tg\/wp-content\/uploads\/2025\/11\/8d9cf208-3716-4e73-bc0c-3341ae213e6b-1-1024x392.jpg 1024w, https:\/\/macite.tg\/wp-content\/uploads\/2025\/11\/8d9cf208-3716-4e73-bc0c-3341ae213e6b-1-300x115.jpg 300w, https:\/\/macite.tg\/wp-content\/uploads\/2025\/11\/8d9cf208-3716-4e73-bc0c-3341ae213e6b-1-768x294.jpg 768w, https:\/\/macite.tg\/wp-content\/uploads\/2025\/11\/8d9cf208-3716-4e73-bc0c-3341ae213e6b-1.jpg 1080w\" sizes=\"auto, (max-width: 1024px) 100vw, 1024px\" \/><\/figure>\n\n\n\n<p class=\"wp-block-paragraph\">Le nouvel accord, fruit de longues tractations diplomatiques, devra se traduire par un cessez-le-feu permanent, l\u2019arr\u00eat de tout soutien aux forces non-\u00e9tatiques et leur d\u00e9sarmement, un retrait graduel et v\u00e9rifiable du M23 sous la supervision conjointe des USA, de l\u2019ONU et de l\u2019UA, un m\u00e9canisme de coop\u00e9ration s\u00e9curitaire, ou encore des dispositions pour faciliter le retour des r\u00e9fugi\u00e9s et des actions judiciaires contre ceux qui ont commis des atrocit\u00e9s.&nbsp;<\/p>\n\n\n\n<p class=\"wp-block-paragraph\">Au cours de la c\u00e9r\u00e9monie de signature, les efforts du M\u00e9diateur d\u00e9sign\u00e9 de l\u2019Union africaine, ont \u00e9t\u00e9 salu\u00e9s par l\u2019assistance et les autorit\u00e9s am\u00e9ricaines.<\/p>\n\n\n\n<p class=\"wp-block-paragraph\">Cette signature marque ainsi \u00ab&nbsp;<em>d\u2019une \u00e9tape importante dans les efforts de stabilisation de la r\u00e9gion des Grands Lacs, de restauration de la confiance et de cr\u00e9ation d\u2019un environnement propice au d\u00e9veloppement et \u00e0 l\u2019investissement&nbsp;\u00bb.<\/em><\/p>\n\n\n<div class=\"wp-block-image\">\n<figure class=\"aligncenter size-large\"><img loading=\"lazy\" decoding=\"async\" width=\"732\" height=\"1024\" src=\"https:\/\/macite.tg\/wp-content\/uploads\/2025\/11\/image-60-732x1024.png\" alt=\"\" class=\"wp-image-26266\" srcset=\"https:\/\/macite.tg\/wp-content\/uploads\/2025\/11\/image-60-732x1024.png 732w, https:\/\/macite.tg\/wp-content\/uploads\/2025\/11\/image-60-214x300.png 214w, https:\/\/macite.tg\/wp-content\/uploads\/2025\/11\/image-60-768x1075.png 768w, https:\/\/macite.tg\/wp-content\/uploads\/2025\/11\/image-60-1097x1536.png 1097w, https:\/\/macite.tg\/wp-content\/uploads\/2025\/11\/image-60.png 1161w\" sizes=\"auto, (max-width: 732px) 100vw, 732px\" \/><\/figure>\n<\/div>\n\n\n<p class=\"wp-block-paragraph\">Notons que l\u2019entente a \u00e9t\u00e9 paraph\u00e9e entre par le leader rwandais, Paul Kagame, et celui congolais, F\u00e9lix Antoine Tshisekedi, et le locataire de la Maison Blanche, Donald Trump. Cet accord, il faut le souligner, rel\u00e8ve \u00e9galement un volet \u00e9conomique, avec la cr\u00e9ation d\u2019un corridor minier devant assurer une prosp\u00e9rit\u00e9 dans la r\u00e9gion.&nbsp;<\/p>\n\n\n\n<p class=\"wp-block-paragraph\"><a><strong>La R\u00e9daction<\/strong><\/a><\/p>\n\n\n\n<p class=\"wp-block-paragraph\"><strong><em>@macite.tg&nbsp;&nbsp;&nbsp;&nbsp;&nbsp;&nbsp;&nbsp;&nbsp;<\/em><\/strong><\/p>\n\n\n\n<p class=\"wp-block-paragraph\"><strong><em>E-mail&nbsp;: <\/em><\/strong><a href=\"mailto:maciteinfo@gmail.com\"><strong><em>maciteinfo@gmail.com<\/em><\/strong><\/a><strong><em>; <\/em><\/strong><a href=\"mailto:bawela1@gmail.com\"><strong><em>bawela1@gmail.com<\/em><\/strong><\/a><strong><em><\/em><\/strong><\/p>\n\n\n\n<p class=\"wp-block-paragraph\"><strong><em>Pour vos annonces, (publi)reportages, etc., joignez-nous au (00228)91515309\/<\/em><\/strong><strong><em>79872224 <\/em><\/strong><strong><em><\/em><\/strong><\/p>\n\n\n\n<p class=\"wp-block-paragraph\"><strong><em>www.macite.tg, L\u2019information, la bonne&nbsp;!<\/em><\/strong><\/p>\n\n\n\n<p class=\"wp-block-paragraph\"><\/p>\n","protected":false},"excerpt":{"rendered":"<p class=\"text-justify mb-2\" >Evolue-t-on vers la paix entre la R\u00e9publique D\u00e9mocratique du Congo (RDC) et le Rwanda&nbsp;? on ne peut r\u00e9pondre que par une affirmative. En effet, les deux pays ont pass\u00e9 un nouveau cap, jeudi 04 d\u00e9cembre dernier \u00e0 Washington, avec la signature d\u2019un accord de paix [&hellip;]<\/p>\n","protected":false},"author":2,"featured_media":26667,"comment_status":"open","ping_status":"open","sticky":false,"template":"","format":"standard","meta":{"footnotes":""},"categories":[20,8,70],"tags":[],"class_list":["post-26664","post","type-post","status-publish","format-standard","has-post-thumbnail","hentry","category-actualite","category-diplomatie","category-paix-securite"],"yoast_head":"<!-- This site is optimized with the Yoast SEO plugin v28.4 - https:\/\/yoast.com\/product\/yoast-seo-wordpress\/ -->\n<title>CRISE DANS LES GRANDS LACS DISCUTEE A WASHINGTON\u00a0: Une \u00e9tape vers la stabilisation avec la signature de l\u2019accord de paix en pr\u00e9sence de Faure Gnassingb\u00e9 -<\/title>\n<meta name=\"robots\" content=\"index, follow, max-snippet:-1, max-image-preview:large, max-video-preview:-1\" \/>\n<link rel=\"canonical\" href=\"https:\/\/macite.tg\/?p=26664\" \/>\n<meta property=\"og:locale\" content=\"fr_FR\" \/>\n<meta property=\"og:type\" content=\"article\" \/>\n<meta property=\"og:title\" content=\"CRISE DANS LES GRANDS LACS DISCUTEE A WASHINGTON\u00a0: Une \u00e9tape vers la stabilisation avec la signature de l\u2019accord de paix en pr\u00e9sence de Faure Gnassingb\u00e9 -\" \/>\n<meta property=\"og:description\" content=\"Evolue-t-on vers la paix entre la R\u00e9publique D\u00e9mocratique du Congo (RDC) et le Rwanda&nbsp;? on ne peut r\u00e9pondre que par une affirmative. En effet, les deux pays ont pass\u00e9 un nouveau cap, jeudi 04 d\u00e9cembre dernier \u00e0 Washington, avec la signature d\u2019un accord de paix [&hellip;]\" \/>\n<meta property=\"og:url\" content=\"https:\/\/macite.tg\/?p=26664\" \/>\n<meta property=\"article:published_time\" content=\"2025-12-08T15:17:48+00:00\" \/>\n<meta property=\"article:modified_time\" content=\"2025-12-08T15:18:09+00:00\" \/>\n<meta property=\"og:image\" content=\"https:\/\/macite.tg\/wp-content\/uploads\/2025\/12\/RDC-et-Rwanda.jpg\" \/>\n\t<meta property=\"og:image:width\" content=\"500\" \/>\n\t<meta property=\"og:image:height\" content=\"487\" \/>\n\t<meta property=\"og:image:type\" content=\"image\/jpeg\" \/>\n<meta name=\"author\" content=\"Jean Pierre BAWELA\" \/>\n<meta name=\"twitter:card\" content=\"summary_large_image\" \/>\n<meta name=\"twitter:label1\" content=\"\u00c9crit par\" \/>\n\t<meta name=\"twitter:data1\" content=\"Jean Pierre BAWELA\" \/>\n\t<meta name=\"twitter:label2\" content=\"Dur\u00e9e de lecture estim\u00e9e\" \/>\n\t<meta name=\"twitter:data2\" content=\"3 minutes\" \/>\n<script type=\"application\/ld+json\" class=\"yoast-schema-graph\">{\"@context\":\"https:\\\/\\\/schema.org\",\"@graph\":[{\"@type\":\"Article\",\"@id\":\"https:\\\/\\\/macite.tg\\\/?p=26664#article\",\"isPartOf\":{\"@id\":\"https:\\\/\\\/macite.tg\\\/?p=26664\"},\"author\":{\"name\":\"Jean Pierre BAWELA\",\"@id\":\"https:\\\/\\\/macite.tg\\\/#\\\/schema\\\/person\\\/e9f2de7e5dbbe7770a9402c7ce82f5c2\"},\"headline\":\"CRISE DANS LES GRANDS LACS DISCUTEE A WASHINGTON\u00a0: Une \u00e9tape vers la stabilisation avec la signature de l\u2019accord de paix en pr\u00e9sence de Faure Gnassingb\u00e9\",\"datePublished\":\"2025-12-08T15:17:48+00:00\",\"dateModified\":\"2025-12-08T15:18:09+00:00\",\"mainEntityOfPage\":{\"@id\":\"https:\\\/\\\/macite.tg\\\/?p=26664\"},\"wordCount\":429,\"commentCount\":0,\"image\":{\"@id\":\"https:\\\/\\\/macite.tg\\\/?p=26664#primaryimage\"},\"thumbnailUrl\":\"https:\\\/\\\/macite.tg\\\/wp-content\\\/uploads\\\/2025\\\/12\\\/RDC-et-Rwanda.jpg\",\"articleSection\":[\"ACTUALITE\",\"DIPLOMATIE\",\"PAIX &amp; SECURITE\"],\"inLanguage\":\"fr-FR\",\"potentialAction\":[{\"@type\":\"CommentAction\",\"name\":\"Comment\",\"target\":[\"https:\\\/\\\/macite.tg\\\/?p=26664#respond\"]}]},{\"@type\":\"WebPage\",\"@id\":\"https:\\\/\\\/macite.tg\\\/?p=26664\",\"url\":\"https:\\\/\\\/macite.tg\\\/?p=26664\",\"name\":\"CRISE DANS LES GRANDS LACS DISCUTEE A WASHINGTON\u00a0: Une \u00e9tape vers la stabilisation avec la signature de l\u2019accord de paix en pr\u00e9sence de Faure Gnassingb\u00e9 -\",\"isPartOf\":{\"@id\":\"https:\\\/\\\/macite.tg\\\/#website\"},\"primaryImageOfPage\":{\"@id\":\"https:\\\/\\\/macite.tg\\\/?p=26664#primaryimage\"},\"image\":{\"@id\":\"https:\\\/\\\/macite.tg\\\/?p=26664#primaryimage\"},\"thumbnailUrl\":\"https:\\\/\\\/macite.tg\\\/wp-content\\\/uploads\\\/2025\\\/12\\\/RDC-et-Rwanda.jpg\",\"datePublished\":\"2025-12-08T15:17:48+00:00\",\"dateModified\":\"2025-12-08T15:18:09+00:00\",\"author\":{\"@id\":\"https:\\\/\\\/macite.tg\\\/#\\\/schema\\\/person\\\/e9f2de7e5dbbe7770a9402c7ce82f5c2\"},\"breadcrumb\":{\"@id\":\"https:\\\/\\\/macite.tg\\\/?p=26664#breadcrumb\"},\"inLanguage\":\"fr-FR\",\"potentialAction\":[{\"@type\":\"ReadAction\",\"target\":[\"https:\\\/\\\/macite.tg\\\/?p=26664\"]}]},{\"@type\":\"ImageObject\",\"inLanguage\":\"fr-FR\",\"@id\":\"https:\\\/\\\/macite.tg\\\/?p=26664#primaryimage\",\"url\":\"https:\\\/\\\/macite.tg\\\/wp-content\\\/uploads\\\/2025\\\/12\\\/RDC-et-Rwanda.jpg\",\"contentUrl\":\"https:\\\/\\\/macite.tg\\\/wp-content\\\/uploads\\\/2025\\\/12\\\/RDC-et-Rwanda.jpg\",\"width\":500,\"height\":487},{\"@type\":\"BreadcrumbList\",\"@id\":\"https:\\\/\\\/macite.tg\\\/?p=26664#breadcrumb\",\"itemListElement\":[{\"@type\":\"ListItem\",\"position\":1,\"name\":\"Accueil\",\"item\":\"https:\\\/\\\/macite.tg\\\/\"},{\"@type\":\"ListItem\",\"position\":2,\"name\":\"CRISE DANS LES GRANDS LACS DISCUTEE A WASHINGTON\u00a0: Une \u00e9tape vers la stabilisation avec la signature de l\u2019accord de paix en pr\u00e9sence de Faure Gnassingb\u00e9\"}]},{\"@type\":\"WebSite\",\"@id\":\"https:\\\/\\\/macite.tg\\\/#website\",\"url\":\"https:\\\/\\\/macite.tg\\\/\",\"name\":\"\",\"description\":\"L&#039;information, la bonne!!!\",\"potentialAction\":[{\"@type\":\"SearchAction\",\"target\":{\"@type\":\"EntryPoint\",\"urlTemplate\":\"https:\\\/\\\/macite.tg\\\/?s={search_term_string}\"},\"query-input\":{\"@type\":\"PropertyValueSpecification\",\"valueRequired\":true,\"valueName\":\"search_term_string\"}}],\"inLanguage\":\"fr-FR\"},{\"@type\":\"Person\",\"@id\":\"https:\\\/\\\/macite.tg\\\/#\\\/schema\\\/person\\\/e9f2de7e5dbbe7770a9402c7ce82f5c2\",\"name\":\"Jean Pierre BAWELA\",\"image\":{\"@type\":\"ImageObject\",\"inLanguage\":\"fr-FR\",\"@id\":\"https:\\\/\\\/macite.tg\\\/wp-content\\\/uploads\\\/2023\\\/09\\\/WhatsApp-Image-2023-09-19-at-14.44.41-122x122.jpeg\",\"url\":\"https:\\\/\\\/macite.tg\\\/wp-content\\\/uploads\\\/2023\\\/09\\\/WhatsApp-Image-2023-09-19-at-14.44.41-122x122.jpeg\",\"contentUrl\":\"https:\\\/\\\/macite.tg\\\/wp-content\\\/uploads\\\/2023\\\/09\\\/WhatsApp-Image-2023-09-19-at-14.44.41-122x122.jpeg\",\"caption\":\"Jean Pierre BAWELA\"},\"url\":\"https:\\\/\\\/macite.tg\\\/?author=2\"}]}<\/script>\n<!-- \/ Yoast SEO plugin. -->","yoast_head_json":{"title":"CRISE DANS LES GRANDS LACS DISCUTEE A WASHINGTON\u00a0: Une \u00e9tape vers la stabilisation avec la signature de l\u2019accord de paix en pr\u00e9sence de Faure Gnassingb\u00e9 -","robots":{"index":"index","follow":"follow","max-snippet":"max-snippet:-1","max-image-preview":"max-image-preview:large","max-video-preview":"max-video-preview:-1"},"canonical":"https:\/\/macite.tg\/?p=26664","og_locale":"fr_FR","og_type":"article","og_title":"CRISE DANS LES GRANDS LACS DISCUTEE A WASHINGTON\u00a0: Une \u00e9tape vers la stabilisation avec la signature de l\u2019accord de paix en pr\u00e9sence de Faure Gnassingb\u00e9 -","og_description":"Evolue-t-on vers la paix entre la R\u00e9publique D\u00e9mocratique du Congo (RDC) et le Rwanda&nbsp;? on ne peut r\u00e9pondre que par une affirmative. En effet, les deux pays ont pass\u00e9 un nouveau cap, jeudi 04 d\u00e9cembre dernier \u00e0 Washington, avec la signature d\u2019un accord de paix [&hellip;]","og_url":"https:\/\/macite.tg\/?p=26664","article_published_time":"2025-12-08T15:17:48+00:00","article_modified_time":"2025-12-08T15:18:09+00:00","og_image":[{"width":500,"height":487,"url":"https:\/\/macite.tg\/wp-content\/uploads\/2025\/12\/RDC-et-Rwanda.jpg","type":"image\/jpeg"}],"author":"Jean Pierre BAWELA","twitter_card":"summary_large_image","twitter_misc":{"\u00c9crit par":"Jean Pierre BAWELA","Dur\u00e9e de lecture estim\u00e9e":"3 minutes"},"schema":{"@context":"https:\/\/schema.org","@graph":[{"@type":"Article","@id":"https:\/\/macite.tg\/?p=26664#article","isPartOf":{"@id":"https:\/\/macite.tg\/?p=26664"},"author":{"name":"Jean Pierre BAWELA","@id":"https:\/\/macite.tg\/#\/schema\/person\/e9f2de7e5dbbe7770a9402c7ce82f5c2"},"headline":"CRISE DANS LES GRANDS LACS DISCUTEE A WASHINGTON\u00a0: Une \u00e9tape vers la stabilisation avec la signature de l\u2019accord de paix en pr\u00e9sence de Faure Gnassingb\u00e9","datePublished":"2025-12-08T15:17:48+00:00","dateModified":"2025-12-08T15:18:09+00:00","mainEntityOfPage":{"@id":"https:\/\/macite.tg\/?p=26664"},"wordCount":429,"commentCount":0,"image":{"@id":"https:\/\/macite.tg\/?p=26664#primaryimage"},"thumbnailUrl":"https:\/\/macite.tg\/wp-content\/uploads\/2025\/12\/RDC-et-Rwanda.jpg","articleSection":["ACTUALITE","DIPLOMATIE","PAIX &amp; SECURITE"],"inLanguage":"fr-FR","potentialAction":[{"@type":"CommentAction","name":"Comment","target":["https:\/\/macite.tg\/?p=26664#respond"]}]},{"@type":"WebPage","@id":"https:\/\/macite.tg\/?p=26664","url":"https:\/\/macite.tg\/?p=26664","name":"CRISE DANS LES GRANDS LACS DISCUTEE A WASHINGTON\u00a0: Une \u00e9tape vers la stabilisation avec la signature de l\u2019accord de paix en pr\u00e9sence de Faure Gnassingb\u00e9 -","isPartOf":{"@id":"https:\/\/macite.tg\/#website"},"primaryImageOfPage":{"@id":"https:\/\/macite.tg\/?p=26664#primaryimage"},"image":{"@id":"https:\/\/macite.tg\/?p=26664#primaryimage"},"thumbnailUrl":"https:\/\/macite.tg\/wp-content\/uploads\/2025\/12\/RDC-et-Rwanda.jpg","datePublished":"2025-12-08T15:17:48+00:00","dateModified":"2025-12-08T15:18:09+00:00","author":{"@id":"https:\/\/macite.tg\/#\/schema\/person\/e9f2de7e5dbbe7770a9402c7ce82f5c2"},"breadcrumb":{"@id":"https:\/\/macite.tg\/?p=26664#breadcrumb"},"inLanguage":"fr-FR","potentialAction":[{"@type":"ReadAction","target":["https:\/\/macite.tg\/?p=26664"]}]},{"@type":"ImageObject","inLanguage":"fr-FR","@id":"https:\/\/macite.tg\/?p=26664#primaryimage","url":"https:\/\/macite.tg\/wp-content\/uploads\/2025\/12\/RDC-et-Rwanda.jpg","contentUrl":"https:\/\/macite.tg\/wp-content\/uploads\/2025\/12\/RDC-et-Rwanda.jpg","width":500,"height":487},{"@type":"BreadcrumbList","@id":"https:\/\/macite.tg\/?p=26664#breadcrumb","itemListElement":[{"@type":"ListItem","position":1,"name":"Accueil","item":"https:\/\/macite.tg\/"},{"@type":"ListItem","position":2,"name":"CRISE DANS LES GRANDS LACS DISCUTEE A WASHINGTON\u00a0: Une \u00e9tape vers la stabilisation avec la signature de l\u2019accord de paix en pr\u00e9sence de Faure Gnassingb\u00e9"}]},{"@type":"WebSite","@id":"https:\/\/macite.tg\/#website","url":"https:\/\/macite.tg\/","name":"","description":"L&#039;information, la bonne!!!","potentialAction":[{"@type":"SearchAction","target":{"@type":"EntryPoint","urlTemplate":"https:\/\/macite.tg\/?s={search_term_string}"},"query-input":{"@type":"PropertyValueSpecification","valueRequired":true,"valueName":"search_term_string"}}],"inLanguage":"fr-FR"},{"@type":"Person","@id":"https:\/\/macite.tg\/#\/schema\/person\/e9f2de7e5dbbe7770a9402c7ce82f5c2","name":"Jean Pierre BAWELA","image":{"@type":"ImageObject","inLanguage":"fr-FR","@id":"https:\/\/macite.tg\/wp-content\/uploads\/2023\/09\/WhatsApp-Image-2023-09-19-at-14.44.41-122x122.jpeg","url":"https:\/\/macite.tg\/wp-content\/uploads\/2023\/09\/WhatsApp-Image-2023-09-19-at-14.44.41-122x122.jpeg","contentUrl":"https:\/\/macite.tg\/wp-content\/uploads\/2023\/09\/WhatsApp-Image-2023-09-19-at-14.44.41-122x122.jpeg","caption":"Jean Pierre BAWELA"},"url":"https:\/\/macite.tg\/?author=2"}]}},"_links":{"self":[{"href":"https:\/\/macite.tg\/index.php?rest_route=\/wp\/v2\/posts\/26664","targetHints":{"allow":["GET"]}}],"collection":[{"href":"https:\/\/macite.tg\/index.php?rest_route=\/wp\/v2\/posts"}],"about":[{"href":"https:\/\/macite.tg\/index.php?rest_route=\/wp\/v2\/types\/post"}],"author":[{"embeddable":true,"href":"https:\/\/macite.tg\/index.php?rest_route=\/wp\/v2\/users\/2"}],"replies":[{"embeddable":true,"href":"https:\/\/macite.tg\/index.php?rest_route=%2Fwp%2Fv2%2Fcomments&post=26664"}],"version-history":[{"count":0,"href":"https:\/\/macite.tg\/index.php?rest_route=\/wp\/v2\/posts\/26664\/revisions"}],"wp:featuredmedia":[{"embeddable":true,"href":"https:\/\/macite.tg\/index.php?rest_route=\/wp\/v2\/media\/26667"}],"wp:attachment":[{"href":"https:\/\/macite.tg\/index.php?rest_route=%2Fwp%2Fv2%2Fmedia&parent=26664"}],"wp:term":[{"taxonomy":"category","embeddable":true,"href":"https:\/\/macite.tg\/index.php?rest_route=%2Fwp%2Fv2%2Fcategories&post=26664"},{"taxonomy":"post_tag","embeddable":true,"href":"https:\/\/macite.tg\/index.php?rest_route=%2Fwp%2Fv2%2Ftags&post=26664"}],"curies":[{"name":"wp","href":"https:\/\/api.w.org\/{rel}","templated":true}]}}