{"id":26654,"date":"2025-12-08T12:53:55","date_gmt":"2025-12-08T12:53:55","guid":{"rendered":"https:\/\/macite.tg\/?p=26654"},"modified":"2025-12-08T14:56:53","modified_gmt":"2025-12-08T14:56:53","slug":"togo-top-depart-de-la-campagne-de-commercialisation-du-coton-graine","status":"publish","type":"post","link":"https:\/\/macite.tg\/?p=26654","title":{"rendered":"TOGO: Top d\u00e9part de la campagne de commercialisation du coton-graine"},"content":{"rendered":"\n<p class=\"wp-block-paragraph\"><strong><em>C\u2019est parti pour une nouvelle saison de commercialisation du coton-graine au Togo. En effet, la campagne 202562026 a \u00e9t\u00e9 lanc\u00e9e le Jeudi 04 d\u00e9cembre dernier dans la r\u00e9gion des Savanes, par les principaux acteurs de la fili\u00e8re \u2018\u2019or-blanc\u2019\u2019.<\/em><\/strong><\/p>\n\n\n\n<p class=\"wp-block-paragraph\">Le top d\u00e9part de la campagne 2025-2026 de commercialisation du coton-graine a \u00e9t\u00e9 lanc\u00e9e le jeudi 04 d\u00e9cembre dernier, dans la r\u00e9gion des Savanes. Dans la r\u00e9gion des Plateaux et de la Kara, elle s\u2019ouvrira respectivement le 15 d\u00e9cembre prochain et le 10 janvier 2026.<\/p>\n\n\n\n<p class=\"wp-block-paragraph\">Cette \u00e9tape majeure va permettre aux cotonculteurs de mettre leur production \u00e0 la disposition de la Nouvelle Soci\u00e9t\u00e9 Cotonni\u00e8re du Togo (NSCT), sp\u00e9cialis\u00e9e dans la production et la commercialisation de produits agricoles, notamment.<\/p>\n\n\n\n<figure class=\"wp-block-image size-large\"><img loading=\"lazy\" decoding=\"async\" width=\"1024\" height=\"392\" src=\"https:\/\/macite.tg\/wp-content\/uploads\/2025\/11\/8d9cf208-3716-4e73-bc0c-3341ae213e6b-1-1024x392.jpg\" alt=\"\" class=\"wp-image-26484\" srcset=\"https:\/\/macite.tg\/wp-content\/uploads\/2025\/11\/8d9cf208-3716-4e73-bc0c-3341ae213e6b-1-1024x392.jpg 1024w, https:\/\/macite.tg\/wp-content\/uploads\/2025\/11\/8d9cf208-3716-4e73-bc0c-3341ae213e6b-1-300x115.jpg 300w, https:\/\/macite.tg\/wp-content\/uploads\/2025\/11\/8d9cf208-3716-4e73-bc0c-3341ae213e6b-1-768x294.jpg 768w, https:\/\/macite.tg\/wp-content\/uploads\/2025\/11\/8d9cf208-3716-4e73-bc0c-3341ae213e6b-1.jpg 1080w\" sizes=\"auto, (max-width: 1024px) 100vw, 1024px\" \/><\/figure>\n\n\n\n<p class=\"wp-block-paragraph\">La NSCT et la F\u00e9d\u00e9ration nationale des groupements de producteurs de coton (FNGPC) rassurent que les <em>\u00ab&nbsp;premiers camions sont d\u00e9j\u00e0 d\u00e9ploy\u00e9s sur le terrain et les \u00e9quipes sont mobilis\u00e9s pour assurer une collecte rapide&nbsp;<\/em>\u00bb.<\/p>\n\n\n\n<p class=\"wp-block-paragraph\">Notons que pour ce nouveau cap, les cotonculteurs ont fix\u00e9 la barre \u00e0 quelque 93.000 tonnes de coton-graine. Rappelons que la saison 2024-2025, estim\u00e9e \u00e0 60.403 tonnes, une baisse par rapport \u00e0 la pr\u00e9vision initiale de 66.000 tonnes<\/p>\n\n\n\n<p class=\"wp-block-paragraph\"><strong>JPB<\/strong><\/p>\n\n\n\n<p class=\"wp-block-paragraph\"><a><strong><em>@macite.tg&nbsp;&nbsp;&nbsp;&nbsp;&nbsp;&nbsp;&nbsp;&nbsp;<\/em><\/strong><\/a><\/p>\n\n\n\n<p class=\"wp-block-paragraph\"><strong><em>E-mail&nbsp;: <\/em><\/strong><a href=\"mailto:maciteinfo@gmail.com\"><strong><em>maciteinfo@gmail.com<\/em><\/strong><\/a><strong><em>; <\/em><\/strong><a href=\"mailto:bawela1@gmail.com\"><strong><em>bawela1@gmail.com<\/em><\/strong><\/a><strong><em><\/em><\/strong><\/p>\n\n\n\n<p class=\"wp-block-paragraph\"><strong><em>Pour vos annonces, (publi)reportages, etc., joignez-nous au (00228)91515309\/<strong>79872224 <\/strong><strong><\/strong><\/em><\/strong><\/p>\n\n\n\n<p class=\"wp-block-paragraph\"><strong><em>www.macite.tg, L\u2019information, la bonne&nbsp;!<\/em><\/strong><\/p>\n","protected":false},"excerpt":{"rendered":"<p class=\"text-justify mb-2\" >C\u2019est parti pour une nouvelle saison de commercialisation du coton-graine au Togo. En effet, la campagne 202562026 a \u00e9t\u00e9 lanc\u00e9e le Jeudi 04 d\u00e9cembre dernier dans la r\u00e9gion des Savanes, par les principaux acteurs de la fili\u00e8re \u2018\u2019or-blanc\u2019\u2019. Le top d\u00e9part de la campagne 2025-2026 [&hellip;]<\/p>\n","protected":false},"author":2,"featured_media":26659,"comment_status":"open","ping_status":"open","sticky":false,"template":"","format":"standard","meta":{"footnotes":""},"categories":[20,59],"tags":[],"class_list":["post-26654","post","type-post","status-publish","format-standard","has-post-thumbnail","hentry","category-actualite","category-commerce"],"yoast_head":"<!-- This site is optimized with the Yoast SEO plugin v28.4 - https:\/\/yoast.com\/product\/yoast-seo-wordpress\/ -->\n<title>TOGO: Top d\u00e9part de la campagne de commercialisation du coton-graine -<\/title>\n<meta name=\"robots\" content=\"index, follow, max-snippet:-1, max-image-preview:large, max-video-preview:-1\" \/>\n<link rel=\"canonical\" href=\"https:\/\/macite.tg\/?p=26654\" \/>\n<meta property=\"og:locale\" content=\"fr_FR\" \/>\n<meta property=\"og:type\" content=\"article\" \/>\n<meta property=\"og:title\" content=\"TOGO: Top d\u00e9part de la campagne de commercialisation du coton-graine -\" \/>\n<meta property=\"og:description\" content=\"C\u2019est parti pour une nouvelle saison de commercialisation du coton-graine au Togo. En effet, la campagne 202562026 a \u00e9t\u00e9 lanc\u00e9e le Jeudi 04 d\u00e9cembre dernier dans la r\u00e9gion des Savanes, par les principaux acteurs de la fili\u00e8re \u2018\u2019or-blanc\u2019\u2019. Le top d\u00e9part de la campagne 2025-2026 [&hellip;]\" \/>\n<meta property=\"og:url\" content=\"https:\/\/macite.tg\/?p=26654\" \/>\n<meta property=\"article:published_time\" content=\"2025-12-08T12:53:55+00:00\" \/>\n<meta property=\"article:modified_time\" content=\"2025-12-08T14:56:53+00:00\" \/>\n<meta property=\"og:image\" content=\"https:\/\/macite.tg\/wp-content\/uploads\/2025\/12\/Coton.jpg\" \/>\n\t<meta property=\"og:image:width\" content=\"500\" \/>\n\t<meta property=\"og:image:height\" content=\"281\" \/>\n\t<meta property=\"og:image:type\" content=\"image\/jpeg\" \/>\n<meta name=\"author\" content=\"Jean Pierre BAWELA\" \/>\n<meta name=\"twitter:card\" content=\"summary_large_image\" \/>\n<meta name=\"twitter:label1\" content=\"\u00c9crit par\" \/>\n\t<meta name=\"twitter:data1\" content=\"Jean Pierre BAWELA\" \/>\n\t<meta name=\"twitter:label2\" content=\"Dur\u00e9e de lecture estim\u00e9e\" \/>\n\t<meta name=\"twitter:data2\" content=\"2 minutes\" \/>\n<script type=\"application\/ld+json\" class=\"yoast-schema-graph\">{\"@context\":\"https:\\\/\\\/schema.org\",\"@graph\":[{\"@type\":\"Article\",\"@id\":\"https:\\\/\\\/macite.tg\\\/?p=26654#article\",\"isPartOf\":{\"@id\":\"https:\\\/\\\/macite.tg\\\/?p=26654\"},\"author\":{\"name\":\"Jean Pierre BAWELA\",\"@id\":\"https:\\\/\\\/macite.tg\\\/#\\\/schema\\\/person\\\/e9f2de7e5dbbe7770a9402c7ce82f5c2\"},\"headline\":\"TOGO: Top d\u00e9part de la campagne de commercialisation du coton-graine\",\"datePublished\":\"2025-12-08T12:53:55+00:00\",\"dateModified\":\"2025-12-08T14:56:53+00:00\",\"mainEntityOfPage\":{\"@id\":\"https:\\\/\\\/macite.tg\\\/?p=26654\"},\"wordCount\":247,\"commentCount\":0,\"image\":{\"@id\":\"https:\\\/\\\/macite.tg\\\/?p=26654#primaryimage\"},\"thumbnailUrl\":\"https:\\\/\\\/macite.tg\\\/wp-content\\\/uploads\\\/2025\\\/12\\\/Coton.jpg\",\"articleSection\":[\"ACTUALITE\",\"COMMERCE\"],\"inLanguage\":\"fr-FR\",\"potentialAction\":[{\"@type\":\"CommentAction\",\"name\":\"Comment\",\"target\":[\"https:\\\/\\\/macite.tg\\\/?p=26654#respond\"]}]},{\"@type\":\"WebPage\",\"@id\":\"https:\\\/\\\/macite.tg\\\/?p=26654\",\"url\":\"https:\\\/\\\/macite.tg\\\/?p=26654\",\"name\":\"TOGO: Top d\u00e9part de la campagne de commercialisation du coton-graine -\",\"isPartOf\":{\"@id\":\"https:\\\/\\\/macite.tg\\\/#website\"},\"primaryImageOfPage\":{\"@id\":\"https:\\\/\\\/macite.tg\\\/?p=26654#primaryimage\"},\"image\":{\"@id\":\"https:\\\/\\\/macite.tg\\\/?p=26654#primaryimage\"},\"thumbnailUrl\":\"https:\\\/\\\/macite.tg\\\/wp-content\\\/uploads\\\/2025\\\/12\\\/Coton.jpg\",\"datePublished\":\"2025-12-08T12:53:55+00:00\",\"dateModified\":\"2025-12-08T14:56:53+00:00\",\"author\":{\"@id\":\"https:\\\/\\\/macite.tg\\\/#\\\/schema\\\/person\\\/e9f2de7e5dbbe7770a9402c7ce82f5c2\"},\"breadcrumb\":{\"@id\":\"https:\\\/\\\/macite.tg\\\/?p=26654#breadcrumb\"},\"inLanguage\":\"fr-FR\",\"potentialAction\":[{\"@type\":\"ReadAction\",\"target\":[\"https:\\\/\\\/macite.tg\\\/?p=26654\"]}]},{\"@type\":\"ImageObject\",\"inLanguage\":\"fr-FR\",\"@id\":\"https:\\\/\\\/macite.tg\\\/?p=26654#primaryimage\",\"url\":\"https:\\\/\\\/macite.tg\\\/wp-content\\\/uploads\\\/2025\\\/12\\\/Coton.jpg\",\"contentUrl\":\"https:\\\/\\\/macite.tg\\\/wp-content\\\/uploads\\\/2025\\\/12\\\/Coton.jpg\",\"width\":500,\"height\":281},{\"@type\":\"BreadcrumbList\",\"@id\":\"https:\\\/\\\/macite.tg\\\/?p=26654#breadcrumb\",\"itemListElement\":[{\"@type\":\"ListItem\",\"position\":1,\"name\":\"Accueil\",\"item\":\"https:\\\/\\\/macite.tg\\\/\"},{\"@type\":\"ListItem\",\"position\":2,\"name\":\"TOGO: Top d\u00e9part de la campagne de commercialisation du coton-graine\"}]},{\"@type\":\"WebSite\",\"@id\":\"https:\\\/\\\/macite.tg\\\/#website\",\"url\":\"https:\\\/\\\/macite.tg\\\/\",\"name\":\"\",\"description\":\"L&#039;information, la bonne!!!\",\"potentialAction\":[{\"@type\":\"SearchAction\",\"target\":{\"@type\":\"EntryPoint\",\"urlTemplate\":\"https:\\\/\\\/macite.tg\\\/?s={search_term_string}\"},\"query-input\":{\"@type\":\"PropertyValueSpecification\",\"valueRequired\":true,\"valueName\":\"search_term_string\"}}],\"inLanguage\":\"fr-FR\"},{\"@type\":\"Person\",\"@id\":\"https:\\\/\\\/macite.tg\\\/#\\\/schema\\\/person\\\/e9f2de7e5dbbe7770a9402c7ce82f5c2\",\"name\":\"Jean Pierre BAWELA\",\"image\":{\"@type\":\"ImageObject\",\"inLanguage\":\"fr-FR\",\"@id\":\"https:\\\/\\\/macite.tg\\\/wp-content\\\/uploads\\\/2023\\\/09\\\/WhatsApp-Image-2023-09-19-at-14.44.41-122x122.jpeg\",\"url\":\"https:\\\/\\\/macite.tg\\\/wp-content\\\/uploads\\\/2023\\\/09\\\/WhatsApp-Image-2023-09-19-at-14.44.41-122x122.jpeg\",\"contentUrl\":\"https:\\\/\\\/macite.tg\\\/wp-content\\\/uploads\\\/2023\\\/09\\\/WhatsApp-Image-2023-09-19-at-14.44.41-122x122.jpeg\",\"caption\":\"Jean Pierre BAWELA\"},\"url\":\"https:\\\/\\\/macite.tg\\\/?author=2\"}]}<\/script>\n<!-- \/ Yoast SEO plugin. -->","yoast_head_json":{"title":"TOGO: Top d\u00e9part de la campagne de commercialisation du coton-graine -","robots":{"index":"index","follow":"follow","max-snippet":"max-snippet:-1","max-image-preview":"max-image-preview:large","max-video-preview":"max-video-preview:-1"},"canonical":"https:\/\/macite.tg\/?p=26654","og_locale":"fr_FR","og_type":"article","og_title":"TOGO: Top d\u00e9part de la campagne de commercialisation du coton-graine -","og_description":"C\u2019est parti pour une nouvelle saison de commercialisation du coton-graine au Togo. En effet, la campagne 202562026 a \u00e9t\u00e9 lanc\u00e9e le Jeudi 04 d\u00e9cembre dernier dans la r\u00e9gion des Savanes, par les principaux acteurs de la fili\u00e8re \u2018\u2019or-blanc\u2019\u2019. Le top d\u00e9part de la campagne 2025-2026 [&hellip;]","og_url":"https:\/\/macite.tg\/?p=26654","article_published_time":"2025-12-08T12:53:55+00:00","article_modified_time":"2025-12-08T14:56:53+00:00","og_image":[{"width":500,"height":281,"url":"https:\/\/macite.tg\/wp-content\/uploads\/2025\/12\/Coton.jpg","type":"image\/jpeg"}],"author":"Jean Pierre BAWELA","twitter_card":"summary_large_image","twitter_misc":{"\u00c9crit par":"Jean Pierre BAWELA","Dur\u00e9e de lecture estim\u00e9e":"2 minutes"},"schema":{"@context":"https:\/\/schema.org","@graph":[{"@type":"Article","@id":"https:\/\/macite.tg\/?p=26654#article","isPartOf":{"@id":"https:\/\/macite.tg\/?p=26654"},"author":{"name":"Jean Pierre BAWELA","@id":"https:\/\/macite.tg\/#\/schema\/person\/e9f2de7e5dbbe7770a9402c7ce82f5c2"},"headline":"TOGO: Top d\u00e9part de la campagne de commercialisation du coton-graine","datePublished":"2025-12-08T12:53:55+00:00","dateModified":"2025-12-08T14:56:53+00:00","mainEntityOfPage":{"@id":"https:\/\/macite.tg\/?p=26654"},"wordCount":247,"commentCount":0,"image":{"@id":"https:\/\/macite.tg\/?p=26654#primaryimage"},"thumbnailUrl":"https:\/\/macite.tg\/wp-content\/uploads\/2025\/12\/Coton.jpg","articleSection":["ACTUALITE","COMMERCE"],"inLanguage":"fr-FR","potentialAction":[{"@type":"CommentAction","name":"Comment","target":["https:\/\/macite.tg\/?p=26654#respond"]}]},{"@type":"WebPage","@id":"https:\/\/macite.tg\/?p=26654","url":"https:\/\/macite.tg\/?p=26654","name":"TOGO: Top d\u00e9part de la campagne de commercialisation du coton-graine -","isPartOf":{"@id":"https:\/\/macite.tg\/#website"},"primaryImageOfPage":{"@id":"https:\/\/macite.tg\/?p=26654#primaryimage"},"image":{"@id":"https:\/\/macite.tg\/?p=26654#primaryimage"},"thumbnailUrl":"https:\/\/macite.tg\/wp-content\/uploads\/2025\/12\/Coton.jpg","datePublished":"2025-12-08T12:53:55+00:00","dateModified":"2025-12-08T14:56:53+00:00","author":{"@id":"https:\/\/macite.tg\/#\/schema\/person\/e9f2de7e5dbbe7770a9402c7ce82f5c2"},"breadcrumb":{"@id":"https:\/\/macite.tg\/?p=26654#breadcrumb"},"inLanguage":"fr-FR","potentialAction":[{"@type":"ReadAction","target":["https:\/\/macite.tg\/?p=26654"]}]},{"@type":"ImageObject","inLanguage":"fr-FR","@id":"https:\/\/macite.tg\/?p=26654#primaryimage","url":"https:\/\/macite.tg\/wp-content\/uploads\/2025\/12\/Coton.jpg","contentUrl":"https:\/\/macite.tg\/wp-content\/uploads\/2025\/12\/Coton.jpg","width":500,"height":281},{"@type":"BreadcrumbList","@id":"https:\/\/macite.tg\/?p=26654#breadcrumb","itemListElement":[{"@type":"ListItem","position":1,"name":"Accueil","item":"https:\/\/macite.tg\/"},{"@type":"ListItem","position":2,"name":"TOGO: Top d\u00e9part de la campagne de commercialisation du coton-graine"}]},{"@type":"WebSite","@id":"https:\/\/macite.tg\/#website","url":"https:\/\/macite.tg\/","name":"","description":"L&#039;information, la bonne!!!","potentialAction":[{"@type":"SearchAction","target":{"@type":"EntryPoint","urlTemplate":"https:\/\/macite.tg\/?s={search_term_string}"},"query-input":{"@type":"PropertyValueSpecification","valueRequired":true,"valueName":"search_term_string"}}],"inLanguage":"fr-FR"},{"@type":"Person","@id":"https:\/\/macite.tg\/#\/schema\/person\/e9f2de7e5dbbe7770a9402c7ce82f5c2","name":"Jean Pierre BAWELA","image":{"@type":"ImageObject","inLanguage":"fr-FR","@id":"https:\/\/macite.tg\/wp-content\/uploads\/2023\/09\/WhatsApp-Image-2023-09-19-at-14.44.41-122x122.jpeg","url":"https:\/\/macite.tg\/wp-content\/uploads\/2023\/09\/WhatsApp-Image-2023-09-19-at-14.44.41-122x122.jpeg","contentUrl":"https:\/\/macite.tg\/wp-content\/uploads\/2023\/09\/WhatsApp-Image-2023-09-19-at-14.44.41-122x122.jpeg","caption":"Jean Pierre BAWELA"},"url":"https:\/\/macite.tg\/?author=2"}]}},"_links":{"self":[{"href":"https:\/\/macite.tg\/index.php?rest_route=\/wp\/v2\/posts\/26654","targetHints":{"allow":["GET"]}}],"collection":[{"href":"https:\/\/macite.tg\/index.php?rest_route=\/wp\/v2\/posts"}],"about":[{"href":"https:\/\/macite.tg\/index.php?rest_route=\/wp\/v2\/types\/post"}],"author":[{"embeddable":true,"href":"https:\/\/macite.tg\/index.php?rest_route=\/wp\/v2\/users\/2"}],"replies":[{"embeddable":true,"href":"https:\/\/macite.tg\/index.php?rest_route=%2Fwp%2Fv2%2Fcomments&post=26654"}],"version-history":[{"count":0,"href":"https:\/\/macite.tg\/index.php?rest_route=\/wp\/v2\/posts\/26654\/revisions"}],"wp:featuredmedia":[{"embeddable":true,"href":"https:\/\/macite.tg\/index.php?rest_route=\/wp\/v2\/media\/26659"}],"wp:attachment":[{"href":"https:\/\/macite.tg\/index.php?rest_route=%2Fwp%2Fv2%2Fmedia&parent=26654"}],"wp:term":[{"taxonomy":"category","embeddable":true,"href":"https:\/\/macite.tg\/index.php?rest_route=%2Fwp%2Fv2%2Fcategories&post=26654"},{"taxonomy":"post_tag","embeddable":true,"href":"https:\/\/macite.tg\/index.php?rest_route=%2Fwp%2Fv2%2Ftags&post=26654"}],"curies":[{"name":"wp","href":"https:\/\/api.w.org\/{rel}","templated":true}]}}