{"id":26649,"date":"2025-12-08T10:38:09","date_gmt":"2025-12-08T10:38:09","guid":{"rendered":"https:\/\/macite.tg\/?p=26649"},"modified":"2025-12-08T10:38:28","modified_gmt":"2025-12-08T10:38:28","slug":"sahara-une-veritable-autonomie-sous-souverainete-marocaine-est-la-solution-la-plus-realisable-soutiennent-les-pays-bas","status":"publish","type":"post","link":"https:\/\/macite.tg\/?p=26649","title":{"rendered":"SAHARA : \u00ab\u00a0Une v\u00e9ritable autonomie sous souverainet\u00e9 marocaine est la solution la plus r\u00e9alisable (&#8230;)\u00a0\u00bb, soutiennent les Pays-Bas"},"content":{"rendered":"\n<p class=\"wp-block-paragraph\"><\/p>\n\n\n\n<p class=\"wp-block-paragraph\"><strong><em>La dynamique internationale cr\u00e9\u00e9e sous l\u2019impulsion du Souverain marocain, ne cesse de faire des alli\u00e9s. Les Pays-Bas sont les derniers en date. En effet, le chef de la diplomatie n\u00e9erlandaise, David Van Weel, a, \u00e0 l\u2019issue d\u2019un entretien avec son homologue marocain le vendredi 05 d\u00e9cembre \u00e0 La Haye, souligner que les Pays-Bas soutenaient le Plan d\u2019autonomie marocain pr\u00e9sent\u00e9 en 2007 aux Nations-Unies comme \u00ab\u00a0la solution la plus r\u00e9alisable pour mettre un terme d\u00e9finitif \u00e0 ce diff\u00e9rend r\u00e9gional\u00a0\u00bb.<\/em><\/strong><\/p>\n\n\n\n<p class=\"wp-block-paragraph\">Cette position des Pays-Bas a \u00e9t\u00e9 exprim\u00e9e dans une D\u00e9claration conjointe adopt\u00e9e par le ministre des Affaires \u00e9trang\u00e8res, de la Coop\u00e9ration africaine et des Marocains r\u00e9sidant \u00e0 l\u2019\u00e9tranger, Nasser Bourita, et le ministre n\u00e9erlandais des Affaires \u00e9trang\u00e8res et ministre de l&rsquo;Asile et de la Migration, David Van Weel, ceci \u00e0 l\u2019issue d\u2019une rencontre entre les deux diplomates le vendredi 05d\u00e9cembre 2025 \u00e0 La Haye.<\/p>\n\n\n\n<figure class=\"wp-block-image size-large\"><img loading=\"lazy\" decoding=\"async\" width=\"1024\" height=\"392\" src=\"https:\/\/macite.tg\/wp-content\/uploads\/2025\/11\/8d9cf208-3716-4e73-bc0c-3341ae213e6b-1-1024x392.jpg\" alt=\"\" class=\"wp-image-26484\" srcset=\"https:\/\/macite.tg\/wp-content\/uploads\/2025\/11\/8d9cf208-3716-4e73-bc0c-3341ae213e6b-1-1024x392.jpg 1024w, https:\/\/macite.tg\/wp-content\/uploads\/2025\/11\/8d9cf208-3716-4e73-bc0c-3341ae213e6b-1-300x115.jpg 300w, https:\/\/macite.tg\/wp-content\/uploads\/2025\/11\/8d9cf208-3716-4e73-bc0c-3341ae213e6b-1-768x294.jpg 768w, https:\/\/macite.tg\/wp-content\/uploads\/2025\/11\/8d9cf208-3716-4e73-bc0c-3341ae213e6b-1.jpg 1080w\" sizes=\"auto, (max-width: 1024px) 100vw, 1024px\" \/><\/figure>\n\n\n\n<p class=\"wp-block-paragraph\">Tout en accueillant favorablement l\u2019adoption de la R\u00e9solution 2797 du Conseil de s\u00e9curit\u00e9 de l\u2019ONU, Amsterdam a exprim\u00e9 son plein soutien aux efforts du Secr\u00e9taire g\u00e9n\u00e9ral et de son Envoy\u00e9 personnel visant \u00e0 faciliter et mener des n\u00e9gociations fond\u00e9es sur l\u2019Initiative marocaine d\u2019autonomie, dans l\u2019optique d\u2019aboutir \u00e0 une solution juste, durable et mutuellement acceptable, telle que pr\u00e9conis\u00e9e par les r\u00e9solutions pertinentes du Conseil de s\u00e9curit\u00e9, indique le Communiqu\u00e9 conjoint.<\/p>\n\n\n\n<p class=\"wp-block-paragraph\"><strong>MC<\/strong><strong><\/strong><\/p>\n\n\n\n<p class=\"wp-block-paragraph\"><a><strong><em>@macite.tg&nbsp;&nbsp;&nbsp;&nbsp;&nbsp;&nbsp;&nbsp;&nbsp;<\/em><\/strong><\/a><\/p>\n\n\n\n<p class=\"wp-block-paragraph\"><strong><em>E-mail&nbsp;: <\/em><\/strong><a href=\"mailto:maciteinfo@gmail.com\"><strong><em>maciteinfo@gmail.com<\/em><\/strong><\/a><strong><em>; <\/em><\/strong><a href=\"mailto:bawela1@gmail.com\"><strong><em>bawela1@gmail.com<\/em><\/strong><\/a><strong><em><\/em><\/strong><\/p>\n\n\n\n<p class=\"wp-block-paragraph\"><strong><em>Pour vos annonces, (publi)reportages, etc., joignez-nous au (00228)91515309\/<strong>79872224 <\/strong><strong><\/strong><\/em><\/strong><\/p>\n\n\n\n<p class=\"wp-block-paragraph\"><strong><em>www.macite.tg, L\u2019information, la bonne&nbsp;!<\/em><\/strong><\/p>\n\n\n\n<p class=\"wp-block-paragraph\"><\/p>\n","protected":false},"excerpt":{"rendered":"<p class=\"text-justify mb-2\" >La dynamique internationale cr\u00e9\u00e9e sous l\u2019impulsion du Souverain marocain, ne cesse de faire des alli\u00e9s. Les Pays-Bas sont les derniers en date. En effet, le chef de la diplomatie n\u00e9erlandaise, David Van Weel, a, \u00e0 l\u2019issue d\u2019un entretien avec son homologue marocain le vendredi 05 [&hellip;]<\/p>\n","protected":false},"author":2,"featured_media":26650,"comment_status":"open","ping_status":"open","sticky":false,"template":"","format":"standard","meta":{"footnotes":""},"categories":[20,8],"tags":[],"class_list":["post-26649","post","type-post","status-publish","format-standard","has-post-thumbnail","hentry","category-actualite","category-diplomatie"],"yoast_head":"<!-- This site is optimized with the Yoast SEO plugin v28.4 - https:\/\/yoast.com\/product\/yoast-seo-wordpress\/ -->\n<title>SAHARA : \u00ab\u00a0Une v\u00e9ritable autonomie sous souverainet\u00e9 marocaine est la solution la plus r\u00e9alisable (...)\u00a0\u00bb, soutiennent les Pays-Bas -<\/title>\n<meta name=\"robots\" content=\"index, follow, max-snippet:-1, max-image-preview:large, max-video-preview:-1\" \/>\n<link rel=\"canonical\" href=\"https:\/\/macite.tg\/?p=26649\" \/>\n<meta property=\"og:locale\" content=\"fr_FR\" \/>\n<meta property=\"og:type\" content=\"article\" \/>\n<meta property=\"og:title\" content=\"SAHARA : \u00ab\u00a0Une v\u00e9ritable autonomie sous souverainet\u00e9 marocaine est la solution la plus r\u00e9alisable (...)\u00a0\u00bb, soutiennent les Pays-Bas -\" \/>\n<meta property=\"og:description\" content=\"La dynamique internationale cr\u00e9\u00e9e sous l\u2019impulsion du Souverain marocain, ne cesse de faire des alli\u00e9s. Les Pays-Bas sont les derniers en date. En effet, le chef de la diplomatie n\u00e9erlandaise, David Van Weel, a, \u00e0 l\u2019issue d\u2019un entretien avec son homologue marocain le vendredi 05 [&hellip;]\" \/>\n<meta property=\"og:url\" content=\"https:\/\/macite.tg\/?p=26649\" \/>\n<meta property=\"article:published_time\" content=\"2025-12-08T10:38:09+00:00\" \/>\n<meta property=\"article:modified_time\" content=\"2025-12-08T10:38:28+00:00\" \/>\n<meta property=\"og:image\" content=\"https:\/\/macite.tg\/wp-content\/uploads\/2025\/12\/image-26.png\" \/>\n\t<meta property=\"og:image:width\" content=\"410\" \/>\n\t<meta property=\"og:image:height\" content=\"260\" \/>\n\t<meta property=\"og:image:type\" content=\"image\/png\" \/>\n<meta name=\"author\" content=\"Jean Pierre BAWELA\" \/>\n<meta name=\"twitter:card\" content=\"summary_large_image\" \/>\n<meta name=\"twitter:label1\" content=\"\u00c9crit par\" \/>\n\t<meta name=\"twitter:data1\" content=\"Jean Pierre BAWELA\" \/>\n\t<meta name=\"twitter:label2\" content=\"Dur\u00e9e de lecture estim\u00e9e\" \/>\n\t<meta name=\"twitter:data2\" content=\"2 minutes\" \/>\n<script type=\"application\/ld+json\" class=\"yoast-schema-graph\">{\"@context\":\"https:\\\/\\\/schema.org\",\"@graph\":[{\"@type\":\"Article\",\"@id\":\"https:\\\/\\\/macite.tg\\\/?p=26649#article\",\"isPartOf\":{\"@id\":\"https:\\\/\\\/macite.tg\\\/?p=26649\"},\"author\":{\"name\":\"Jean Pierre BAWELA\",\"@id\":\"https:\\\/\\\/macite.tg\\\/#\\\/schema\\\/person\\\/e9f2de7e5dbbe7770a9402c7ce82f5c2\"},\"headline\":\"SAHARA : \u00ab\u00a0Une v\u00e9ritable autonomie sous souverainet\u00e9 marocaine est la solution la plus r\u00e9alisable (&#8230;)\u00a0\u00bb, soutiennent les Pays-Bas\",\"datePublished\":\"2025-12-08T10:38:09+00:00\",\"dateModified\":\"2025-12-08T10:38:28+00:00\",\"mainEntityOfPage\":{\"@id\":\"https:\\\/\\\/macite.tg\\\/?p=26649\"},\"wordCount\":295,\"commentCount\":0,\"image\":{\"@id\":\"https:\\\/\\\/macite.tg\\\/?p=26649#primaryimage\"},\"thumbnailUrl\":\"https:\\\/\\\/macite.tg\\\/wp-content\\\/uploads\\\/2025\\\/12\\\/image-26.png\",\"articleSection\":[\"ACTUALITE\",\"DIPLOMATIE\"],\"inLanguage\":\"fr-FR\",\"potentialAction\":[{\"@type\":\"CommentAction\",\"name\":\"Comment\",\"target\":[\"https:\\\/\\\/macite.tg\\\/?p=26649#respond\"]}]},{\"@type\":\"WebPage\",\"@id\":\"https:\\\/\\\/macite.tg\\\/?p=26649\",\"url\":\"https:\\\/\\\/macite.tg\\\/?p=26649\",\"name\":\"SAHARA : \u00ab\u00a0Une v\u00e9ritable autonomie sous souverainet\u00e9 marocaine est la solution la plus r\u00e9alisable (...)\u00a0\u00bb, soutiennent les Pays-Bas -\",\"isPartOf\":{\"@id\":\"https:\\\/\\\/macite.tg\\\/#website\"},\"primaryImageOfPage\":{\"@id\":\"https:\\\/\\\/macite.tg\\\/?p=26649#primaryimage\"},\"image\":{\"@id\":\"https:\\\/\\\/macite.tg\\\/?p=26649#primaryimage\"},\"thumbnailUrl\":\"https:\\\/\\\/macite.tg\\\/wp-content\\\/uploads\\\/2025\\\/12\\\/image-26.png\",\"datePublished\":\"2025-12-08T10:38:09+00:00\",\"dateModified\":\"2025-12-08T10:38:28+00:00\",\"author\":{\"@id\":\"https:\\\/\\\/macite.tg\\\/#\\\/schema\\\/person\\\/e9f2de7e5dbbe7770a9402c7ce82f5c2\"},\"breadcrumb\":{\"@id\":\"https:\\\/\\\/macite.tg\\\/?p=26649#breadcrumb\"},\"inLanguage\":\"fr-FR\",\"potentialAction\":[{\"@type\":\"ReadAction\",\"target\":[\"https:\\\/\\\/macite.tg\\\/?p=26649\"]}]},{\"@type\":\"ImageObject\",\"inLanguage\":\"fr-FR\",\"@id\":\"https:\\\/\\\/macite.tg\\\/?p=26649#primaryimage\",\"url\":\"https:\\\/\\\/macite.tg\\\/wp-content\\\/uploads\\\/2025\\\/12\\\/image-26.png\",\"contentUrl\":\"https:\\\/\\\/macite.tg\\\/wp-content\\\/uploads\\\/2025\\\/12\\\/image-26.png\",\"width\":410,\"height\":260},{\"@type\":\"BreadcrumbList\",\"@id\":\"https:\\\/\\\/macite.tg\\\/?p=26649#breadcrumb\",\"itemListElement\":[{\"@type\":\"ListItem\",\"position\":1,\"name\":\"Accueil\",\"item\":\"https:\\\/\\\/macite.tg\\\/\"},{\"@type\":\"ListItem\",\"position\":2,\"name\":\"SAHARA : \u00ab\u00a0Une v\u00e9ritable autonomie sous souverainet\u00e9 marocaine est la solution la plus r\u00e9alisable (&#8230;)\u00a0\u00bb, soutiennent les Pays-Bas\"}]},{\"@type\":\"WebSite\",\"@id\":\"https:\\\/\\\/macite.tg\\\/#website\",\"url\":\"https:\\\/\\\/macite.tg\\\/\",\"name\":\"\",\"description\":\"L&#039;information, la bonne!!!\",\"potentialAction\":[{\"@type\":\"SearchAction\",\"target\":{\"@type\":\"EntryPoint\",\"urlTemplate\":\"https:\\\/\\\/macite.tg\\\/?s={search_term_string}\"},\"query-input\":{\"@type\":\"PropertyValueSpecification\",\"valueRequired\":true,\"valueName\":\"search_term_string\"}}],\"inLanguage\":\"fr-FR\"},{\"@type\":\"Person\",\"@id\":\"https:\\\/\\\/macite.tg\\\/#\\\/schema\\\/person\\\/e9f2de7e5dbbe7770a9402c7ce82f5c2\",\"name\":\"Jean Pierre BAWELA\",\"image\":{\"@type\":\"ImageObject\",\"inLanguage\":\"fr-FR\",\"@id\":\"https:\\\/\\\/macite.tg\\\/wp-content\\\/uploads\\\/2023\\\/09\\\/WhatsApp-Image-2023-09-19-at-14.44.41-122x122.jpeg\",\"url\":\"https:\\\/\\\/macite.tg\\\/wp-content\\\/uploads\\\/2023\\\/09\\\/WhatsApp-Image-2023-09-19-at-14.44.41-122x122.jpeg\",\"contentUrl\":\"https:\\\/\\\/macite.tg\\\/wp-content\\\/uploads\\\/2023\\\/09\\\/WhatsApp-Image-2023-09-19-at-14.44.41-122x122.jpeg\",\"caption\":\"Jean Pierre BAWELA\"},\"url\":\"https:\\\/\\\/macite.tg\\\/?author=2\"}]}<\/script>\n<!-- \/ Yoast SEO plugin. -->","yoast_head_json":{"title":"SAHARA : \u00ab\u00a0Une v\u00e9ritable autonomie sous souverainet\u00e9 marocaine est la solution la plus r\u00e9alisable (...)\u00a0\u00bb, soutiennent les Pays-Bas -","robots":{"index":"index","follow":"follow","max-snippet":"max-snippet:-1","max-image-preview":"max-image-preview:large","max-video-preview":"max-video-preview:-1"},"canonical":"https:\/\/macite.tg\/?p=26649","og_locale":"fr_FR","og_type":"article","og_title":"SAHARA : \u00ab\u00a0Une v\u00e9ritable autonomie sous souverainet\u00e9 marocaine est la solution la plus r\u00e9alisable (...)\u00a0\u00bb, soutiennent les Pays-Bas -","og_description":"La dynamique internationale cr\u00e9\u00e9e sous l\u2019impulsion du Souverain marocain, ne cesse de faire des alli\u00e9s. Les Pays-Bas sont les derniers en date. En effet, le chef de la diplomatie n\u00e9erlandaise, David Van Weel, a, \u00e0 l\u2019issue d\u2019un entretien avec son homologue marocain le vendredi 05 [&hellip;]","og_url":"https:\/\/macite.tg\/?p=26649","article_published_time":"2025-12-08T10:38:09+00:00","article_modified_time":"2025-12-08T10:38:28+00:00","og_image":[{"width":410,"height":260,"url":"https:\/\/macite.tg\/wp-content\/uploads\/2025\/12\/image-26.png","type":"image\/png"}],"author":"Jean Pierre BAWELA","twitter_card":"summary_large_image","twitter_misc":{"\u00c9crit par":"Jean Pierre BAWELA","Dur\u00e9e de lecture estim\u00e9e":"2 minutes"},"schema":{"@context":"https:\/\/schema.org","@graph":[{"@type":"Article","@id":"https:\/\/macite.tg\/?p=26649#article","isPartOf":{"@id":"https:\/\/macite.tg\/?p=26649"},"author":{"name":"Jean Pierre BAWELA","@id":"https:\/\/macite.tg\/#\/schema\/person\/e9f2de7e5dbbe7770a9402c7ce82f5c2"},"headline":"SAHARA : \u00ab\u00a0Une v\u00e9ritable autonomie sous souverainet\u00e9 marocaine est la solution la plus r\u00e9alisable (&#8230;)\u00a0\u00bb, soutiennent les Pays-Bas","datePublished":"2025-12-08T10:38:09+00:00","dateModified":"2025-12-08T10:38:28+00:00","mainEntityOfPage":{"@id":"https:\/\/macite.tg\/?p=26649"},"wordCount":295,"commentCount":0,"image":{"@id":"https:\/\/macite.tg\/?p=26649#primaryimage"},"thumbnailUrl":"https:\/\/macite.tg\/wp-content\/uploads\/2025\/12\/image-26.png","articleSection":["ACTUALITE","DIPLOMATIE"],"inLanguage":"fr-FR","potentialAction":[{"@type":"CommentAction","name":"Comment","target":["https:\/\/macite.tg\/?p=26649#respond"]}]},{"@type":"WebPage","@id":"https:\/\/macite.tg\/?p=26649","url":"https:\/\/macite.tg\/?p=26649","name":"SAHARA : \u00ab\u00a0Une v\u00e9ritable autonomie sous souverainet\u00e9 marocaine est la solution la plus r\u00e9alisable (...)\u00a0\u00bb, soutiennent les Pays-Bas -","isPartOf":{"@id":"https:\/\/macite.tg\/#website"},"primaryImageOfPage":{"@id":"https:\/\/macite.tg\/?p=26649#primaryimage"},"image":{"@id":"https:\/\/macite.tg\/?p=26649#primaryimage"},"thumbnailUrl":"https:\/\/macite.tg\/wp-content\/uploads\/2025\/12\/image-26.png","datePublished":"2025-12-08T10:38:09+00:00","dateModified":"2025-12-08T10:38:28+00:00","author":{"@id":"https:\/\/macite.tg\/#\/schema\/person\/e9f2de7e5dbbe7770a9402c7ce82f5c2"},"breadcrumb":{"@id":"https:\/\/macite.tg\/?p=26649#breadcrumb"},"inLanguage":"fr-FR","potentialAction":[{"@type":"ReadAction","target":["https:\/\/macite.tg\/?p=26649"]}]},{"@type":"ImageObject","inLanguage":"fr-FR","@id":"https:\/\/macite.tg\/?p=26649#primaryimage","url":"https:\/\/macite.tg\/wp-content\/uploads\/2025\/12\/image-26.png","contentUrl":"https:\/\/macite.tg\/wp-content\/uploads\/2025\/12\/image-26.png","width":410,"height":260},{"@type":"BreadcrumbList","@id":"https:\/\/macite.tg\/?p=26649#breadcrumb","itemListElement":[{"@type":"ListItem","position":1,"name":"Accueil","item":"https:\/\/macite.tg\/"},{"@type":"ListItem","position":2,"name":"SAHARA : \u00ab\u00a0Une v\u00e9ritable autonomie sous souverainet\u00e9 marocaine est la solution la plus r\u00e9alisable (&#8230;)\u00a0\u00bb, soutiennent les Pays-Bas"}]},{"@type":"WebSite","@id":"https:\/\/macite.tg\/#website","url":"https:\/\/macite.tg\/","name":"","description":"L&#039;information, la bonne!!!","potentialAction":[{"@type":"SearchAction","target":{"@type":"EntryPoint","urlTemplate":"https:\/\/macite.tg\/?s={search_term_string}"},"query-input":{"@type":"PropertyValueSpecification","valueRequired":true,"valueName":"search_term_string"}}],"inLanguage":"fr-FR"},{"@type":"Person","@id":"https:\/\/macite.tg\/#\/schema\/person\/e9f2de7e5dbbe7770a9402c7ce82f5c2","name":"Jean Pierre BAWELA","image":{"@type":"ImageObject","inLanguage":"fr-FR","@id":"https:\/\/macite.tg\/wp-content\/uploads\/2023\/09\/WhatsApp-Image-2023-09-19-at-14.44.41-122x122.jpeg","url":"https:\/\/macite.tg\/wp-content\/uploads\/2023\/09\/WhatsApp-Image-2023-09-19-at-14.44.41-122x122.jpeg","contentUrl":"https:\/\/macite.tg\/wp-content\/uploads\/2023\/09\/WhatsApp-Image-2023-09-19-at-14.44.41-122x122.jpeg","caption":"Jean Pierre BAWELA"},"url":"https:\/\/macite.tg\/?author=2"}]}},"_links":{"self":[{"href":"https:\/\/macite.tg\/index.php?rest_route=\/wp\/v2\/posts\/26649","targetHints":{"allow":["GET"]}}],"collection":[{"href":"https:\/\/macite.tg\/index.php?rest_route=\/wp\/v2\/posts"}],"about":[{"href":"https:\/\/macite.tg\/index.php?rest_route=\/wp\/v2\/types\/post"}],"author":[{"embeddable":true,"href":"https:\/\/macite.tg\/index.php?rest_route=\/wp\/v2\/users\/2"}],"replies":[{"embeddable":true,"href":"https:\/\/macite.tg\/index.php?rest_route=%2Fwp%2Fv2%2Fcomments&post=26649"}],"version-history":[{"count":0,"href":"https:\/\/macite.tg\/index.php?rest_route=\/wp\/v2\/posts\/26649\/revisions"}],"wp:featuredmedia":[{"embeddable":true,"href":"https:\/\/macite.tg\/index.php?rest_route=\/wp\/v2\/media\/26650"}],"wp:attachment":[{"href":"https:\/\/macite.tg\/index.php?rest_route=%2Fwp%2Fv2%2Fmedia&parent=26649"}],"wp:term":[{"taxonomy":"category","embeddable":true,"href":"https:\/\/macite.tg\/index.php?rest_route=%2Fwp%2Fv2%2Fcategories&post=26649"},{"taxonomy":"post_tag","embeddable":true,"href":"https:\/\/macite.tg\/index.php?rest_route=%2Fwp%2Fv2%2Ftags&post=26649"}],"curies":[{"name":"wp","href":"https:\/\/api.w.org\/{rel}","templated":true}]}}