{"id":26643,"date":"2025-12-08T10:19:05","date_gmt":"2025-12-08T10:19:05","guid":{"rendered":"https:\/\/macite.tg\/?p=26643"},"modified":"2025-12-08T10:19:22","modified_gmt":"2025-12-08T10:19:22","slug":"education-rencontre-strategique-avec-les-fondateurs-decoles-privees-laiques","status":"publish","type":"post","link":"https:\/\/macite.tg\/?p=26643","title":{"rendered":"EDUCATION: Rencontre strat\u00e9gique avec les fondateurs d\u2019\u00e9coles priv\u00e9es la\u00efques"},"content":{"rendered":"\n<p class=\"wp-block-paragraph\"><strong><em>Dans la dynamique impuls\u00e9e par le Pr\u00e9sident du Conseil, S.E.M. Faure Essozimna Gnassingb\u00e9, le Ministre de l\u2019\u00c9ducation Nationale, Mama Omorou, et son Ministre d\u00e9l\u00e9gu\u00e9 charg\u00e9 de l\u2019Enseignement Sup\u00e9rieur et de la Recherche Scientifique Professeur Gado Tchangbedji placent le dialogue et la concertation au centre de leurs actions. Ce jeudi 04 d\u00e9cembre, dans le cadre de leurs s\u00e9ries de rencontres avec les acteurs de l\u2019\u00e9cosyst\u00e8me \u00e9ducatif, ils ont \u00e9chang\u00e9 avec l\u2019Union des Fondateurs des \u00c9coles Priv\u00e9es La\u00efques du Togo (UFEPLAT), et des responsables des \u00e9coles islamiques, marquant une \u00e9tape importante dans la collaboration entre l\u2019\u00c9tat et les acteurs priv\u00e9s du secteur \u00e9ducatif.<\/em><\/strong><\/p>\n\n\n\n<p class=\"wp-block-paragraph\"><strong>Une rencontre fondatrice<\/strong><\/p>\n\n\n\n<p class=\"wp-block-paragraph\">Cette premi\u00e8re prise de contact a permis d\u2019instaurer un \u00e9change franc et constructif. Les ministres ont pr\u00e9sent\u00e9 aux fondateurs les&nbsp;<strong>sept axes strat\u00e9giques de l\u2019\u00e9ducation nationale<\/strong>, piliers de la feuille de route gouvernementale.<\/p>\n\n\n\n<p class=\"wp-block-paragraph\">On retient essentiellement parmi ces axes, l\u2019\u00e9galit\u00e9 d\u2019acc\u00e8s \u00e0 l\u2019\u00e9ducation et \u00e0 la formation pour tous, l\u2019excellence et la qualit\u00e9 dans les enseignements et les apprentissages, l\u2019arrimage formation-recherche aux besoins \u00e9conomiques et sociaux de la nation et l\u2019innovation p\u00e9dagogique et le d\u00e9veloppement de la recherche scientifique. Les Ministres ont \u00e9galement insist\u00e9 sur la consolidation de la cha\u00eene formation\u2013recherche\u2013pratique p\u00e9dagogique, et la n\u00e9cessit\u00e9 de b\u00e2tir une \u00e9cole qui d\u00e9veloppe les comp\u00e9tences scientifiques, technologiques et citoyennes. Ils ont en outre rappel\u00e9 la place d\u00e9terminante de la digitalisation ma\u00eetris\u00e9e, ainsi que l\u2019importance d\u2019une gouvernance \u00e9ducative fond\u00e9e sur la transparence, la responsabilit\u00e9 et l\u2019inclusivit\u00e9.<\/p>\n\n\n\n<figure class=\"wp-block-image size-full\"><img loading=\"lazy\" decoding=\"async\" width=\"851\" height=\"315\" src=\"https:\/\/macite.tg\/wp-content\/uploads\/2025\/12\/OTR_Ferer-pour-batir-1.jpg\" alt=\"\" class=\"wp-image-26559\" srcset=\"https:\/\/macite.tg\/wp-content\/uploads\/2025\/12\/OTR_Ferer-pour-batir-1.jpg 851w, https:\/\/macite.tg\/wp-content\/uploads\/2025\/12\/OTR_Ferer-pour-batir-1-300x111.jpg 300w, https:\/\/macite.tg\/wp-content\/uploads\/2025\/12\/OTR_Ferer-pour-batir-1-768x284.jpg 768w\" sizes=\"auto, (max-width: 851px) 100vw, 851px\" \/><\/figure>\n\n\n\n<p class=\"wp-block-paragraph\"><strong><em>\u00ab&nbsp;Nous sommes un ensemble et nous devons travailler dans la synergie pour le rayonnement de notre syst\u00e8me \u00e9ducatif. Votre enti\u00e8re adh\u00e9sion aux diff\u00e9rents axes nous permettra d\u2019atteindre avec succ\u00e8s les objectifs qui nous sont assign\u00e9s par le Pr\u00e9sident du Conseil. Car, comme vous le savez, l\u2019\u00e9ducation est un des maillons essentiels de la vie d\u2019une nation et elle se doit de mobiliser tous les acteurs\u202f\u00bb,&nbsp;<\/em><\/strong>a d\u00e9clar\u00e9 le Ministre de l\u2019\u00c9ducation Nationale.<\/p>\n\n\n\n<p class=\"wp-block-paragraph\"><strong>Engagement des parties prenantes<\/strong><\/p>\n\n\n\n<p class=\"wp-block-paragraph\">L\u2019UFEPLAT a salu\u00e9 cette ouverture et f\u00e9licit\u00e9 les ministres pour leur volont\u00e9 de b\u00e2tir une collaboration durable. L\u2019Union a \u00e9galement exprim\u00e9 sa satisfaction face au&nbsp;<strong>rappel du respect des r\u00e8gles de discipline \u00e0 l\u2019\u00e9cole<\/strong>, un principe jug\u00e9 fondamental pour garantir la qualit\u00e9 de l\u2019enseignement et la formation citoyenne des apprenants.<\/p>\n\n\n\n<p class=\"wp-block-paragraph\">\u00c9galement pr\u00e9sents \u00e0 la s\u00e9ance, les responsables des \u00e9coles islamiques, conduits par le Pr\u00e9sident de l\u2019Union Musulmane du Togo ont rassur\u00e9 les Ministres de leur enti\u00e8re disponibilit\u00e9 et de leur engagement \u00e0 collaborer avec les acteurs \u00e9ducatifs pour le rayonnement de l\u2019\u00e9ducation au Togo.<\/p>\n\n\n\n<p class=\"wp-block-paragraph\"><strong>Quelques pr\u00e9occupations de l\u2019UFEPLAT soulev\u00e9es<\/strong><\/p>\n\n\n\n<p class=\"wp-block-paragraph\">Tout en r\u00e9affirmant son engagement \u00e0 soutenir les actions du gouvernement, l\u2019UFEPLAT a soulev\u00e9 plusieurs pr\u00e9occupations en lien avec l\u2019axe relatif \u00e0 l\u2019<strong>\u00e9quit\u00e9 d\u2019acc\u00e8s \u00e0 l\u2019\u00e9ducation et \u00e0 la formation<\/strong>, en rappelant que les \u00e9coles priv\u00e9es la\u00efques ne b\u00e9n\u00e9ficient pas de subventions de l\u2019\u00c9tat. Le besoin de&nbsp;<strong>renforcement en personnel enseignant et administratif<\/strong>&nbsp;ainsi que la n\u00e9cessit\u00e9 d\u2019une&nbsp;<strong>nouvelle dynamique pour am\u00e9liorer la qualit\u00e9 des infrastructures scolaires&nbsp;<\/strong>ont \u00e9galement \u00e9t\u00e9 exprim\u00e9s par la d\u00e9l\u00e9gation de l\u2019UFEPLAT.<\/p>\n\n\n<div class=\"wp-block-image\">\n<figure class=\"aligncenter size-full\"><img loading=\"lazy\" decoding=\"async\" width=\"500\" height=\"500\" src=\"https:\/\/macite.tg\/wp-content\/uploads\/2025\/12\/Geo-ref.jpg\" alt=\"\" class=\"wp-image-26561\" srcset=\"https:\/\/macite.tg\/wp-content\/uploads\/2025\/12\/Geo-ref.jpg 500w, https:\/\/macite.tg\/wp-content\/uploads\/2025\/12\/Geo-ref-300x300.jpg 300w, https:\/\/macite.tg\/wp-content\/uploads\/2025\/12\/Geo-ref-150x150.jpg 150w, https:\/\/macite.tg\/wp-content\/uploads\/2025\/12\/Geo-ref-122x122.jpg 122w\" sizes=\"auto, (max-width: 500px) 100vw, 500px\" \/><\/figure>\n<\/div>\n\n\n<p class=\"wp-block-paragraph\">L\u2019Union a \u00e9galement propos\u00e9 de cr\u00e9er une&nbsp;<strong>Direction exclusivement d\u00e9di\u00e9e aux \u00e9tablissements priv\u00e9s la\u00efques<\/strong>, afin de constituer un v\u00e9ritable porte-voix aupr\u00e8s des autorit\u00e9s \u00e9ducatives.<\/p>\n\n\n\n<p class=\"wp-block-paragraph\"><strong><em>Vers une synergie d\u2019actions<\/em><\/strong><\/p>\n\n\n\n<p class=\"wp-block-paragraph\">Les participants se sont \u00e9galement dits disponibles \u00e0 accompagner le gouvernement dans la gestion des effectifs pl\u00e9thoriques d\u2019\u00e9l\u00e8ves, un d\u00e9fi majeur pour le syst\u00e8me \u00e9ducatif togolais. Leur implication est d\u2019autant plus cruciale que le secteur priv\u00e9 assure une part non n\u00e9gligeable de l\u2019offre scolaire dans le pays.<\/p>\n\n\n\n<p class=\"wp-block-paragraph\">L\u2019UFEPLAT, organisation repr\u00e9sentative des promoteurs d\u2019\u00e9tablissements priv\u00e9s la\u00efques, joue un r\u00f4le essentiel dans le paysage \u00e9ducatif national. Sa collaboration avec le Minist\u00e8re de l\u2019Education Nationale constitue un levier strat\u00e9gique pour atteindre les objectifs fix\u00e9s par le Pr\u00e9sident du Conseil et renforcer le rayonnement du syst\u00e8me \u00e9ducatif togolais.<\/p>\n\n\n\n<p class=\"wp-block-paragraph\"><strong>Education.gouv<\/strong><\/p>\n\n\n\n<p class=\"wp-block-paragraph\"><a><strong><em>@macite.tg&nbsp;&nbsp;&nbsp;&nbsp;&nbsp;&nbsp;&nbsp;&nbsp;<\/em><\/strong><\/a><\/p>\n\n\n\n<p class=\"wp-block-paragraph\"><strong><em>E-mail&nbsp;: <\/em><\/strong><a href=\"mailto:maciteinfo@gmail.com\"><strong><em>maciteinfo@gmail.com<\/em><\/strong><\/a><strong><em>; <\/em><\/strong><a href=\"mailto:bawela1@gmail.com\"><strong><em>bawela1@gmail.com<\/em><\/strong><\/a><strong><em><\/em><\/strong><\/p>\n\n\n\n<p class=\"wp-block-paragraph\"><strong><em>Pour vos annonces, (publi)reportages, etc., joignez-nous au (00228)91515309\/<strong>79872224 <\/strong><strong><\/strong><\/em><\/strong><\/p>\n\n\n\n<p class=\"wp-block-paragraph\"><strong><em>www.macite.tg, L\u2019information, la bonne&nbsp;!<\/em><\/strong><\/p>\n\n\n\n<p class=\"wp-block-paragraph\"><\/p>\n","protected":false},"excerpt":{"rendered":"<p class=\"text-justify mb-2\" >Dans la dynamique impuls\u00e9e par le Pr\u00e9sident du Conseil, S.E.M. Faure Essozimna Gnassingb\u00e9, le Ministre de l\u2019\u00c9ducation Nationale, Mama Omorou, et son Ministre d\u00e9l\u00e9gu\u00e9 charg\u00e9 de l\u2019Enseignement Sup\u00e9rieur et de la Recherche Scientifique Professeur Gado Tchangbedji placent le dialogue et la concertation au centre de [&hellip;]<\/p>\n","protected":false},"author":2,"featured_media":26647,"comment_status":"open","ping_status":"open","sticky":false,"template":"","format":"standard","meta":{"footnotes":""},"categories":[20,4],"tags":[],"class_list":["post-26643","post","type-post","status-publish","format-standard","has-post-thumbnail","hentry","category-actualite","category-education"],"yoast_head":"<!-- This site is optimized with the Yoast SEO plugin v28.4 - https:\/\/yoast.com\/product\/yoast-seo-wordpress\/ -->\n<title>EDUCATION: Rencontre strat\u00e9gique avec les fondateurs d\u2019\u00e9coles priv\u00e9es la\u00efques -<\/title>\n<meta name=\"robots\" content=\"index, follow, max-snippet:-1, max-image-preview:large, max-video-preview:-1\" \/>\n<link rel=\"canonical\" href=\"https:\/\/macite.tg\/?p=26643\" \/>\n<meta property=\"og:locale\" content=\"fr_FR\" \/>\n<meta property=\"og:type\" content=\"article\" \/>\n<meta property=\"og:title\" content=\"EDUCATION: Rencontre strat\u00e9gique avec les fondateurs d\u2019\u00e9coles priv\u00e9es la\u00efques -\" \/>\n<meta property=\"og:description\" content=\"Dans la dynamique impuls\u00e9e par le Pr\u00e9sident du Conseil, S.E.M. Faure Essozimna Gnassingb\u00e9, le Ministre de l\u2019\u00c9ducation Nationale, Mama Omorou, et son Ministre d\u00e9l\u00e9gu\u00e9 charg\u00e9 de l\u2019Enseignement Sup\u00e9rieur et de la Recherche Scientifique Professeur Gado Tchangbedji placent le dialogue et la concertation au centre de [&hellip;]\" \/>\n<meta property=\"og:url\" content=\"https:\/\/macite.tg\/?p=26643\" \/>\n<meta property=\"article:published_time\" content=\"2025-12-08T10:19:05+00:00\" \/>\n<meta property=\"article:modified_time\" content=\"2025-12-08T10:19:22+00:00\" \/>\n<meta property=\"og:image\" content=\"https:\/\/macite.tg\/wp-content\/uploads\/2025\/12\/Educ.jpg\" \/>\n\t<meta property=\"og:image:width\" content=\"500\" \/>\n\t<meta property=\"og:image:height\" content=\"375\" \/>\n\t<meta property=\"og:image:type\" content=\"image\/jpeg\" \/>\n<meta name=\"author\" content=\"Jean Pierre BAWELA\" \/>\n<meta name=\"twitter:card\" content=\"summary_large_image\" \/>\n<meta name=\"twitter:label1\" content=\"\u00c9crit par\" \/>\n\t<meta name=\"twitter:data1\" content=\"Jean Pierre BAWELA\" \/>\n\t<meta name=\"twitter:label2\" content=\"Dur\u00e9e de lecture estim\u00e9e\" \/>\n\t<meta name=\"twitter:data2\" content=\"4 minutes\" \/>\n<script type=\"application\/ld+json\" class=\"yoast-schema-graph\">{\"@context\":\"https:\\\/\\\/schema.org\",\"@graph\":[{\"@type\":\"Article\",\"@id\":\"https:\\\/\\\/macite.tg\\\/?p=26643#article\",\"isPartOf\":{\"@id\":\"https:\\\/\\\/macite.tg\\\/?p=26643\"},\"author\":{\"name\":\"Jean Pierre BAWELA\",\"@id\":\"https:\\\/\\\/macite.tg\\\/#\\\/schema\\\/person\\\/e9f2de7e5dbbe7770a9402c7ce82f5c2\"},\"headline\":\"EDUCATION: Rencontre strat\u00e9gique avec les fondateurs d\u2019\u00e9coles priv\u00e9es la\u00efques\",\"datePublished\":\"2025-12-08T10:19:05+00:00\",\"dateModified\":\"2025-12-08T10:19:22+00:00\",\"mainEntityOfPage\":{\"@id\":\"https:\\\/\\\/macite.tg\\\/?p=26643\"},\"wordCount\":782,\"commentCount\":0,\"image\":{\"@id\":\"https:\\\/\\\/macite.tg\\\/?p=26643#primaryimage\"},\"thumbnailUrl\":\"https:\\\/\\\/macite.tg\\\/wp-content\\\/uploads\\\/2025\\\/12\\\/Educ.jpg\",\"articleSection\":[\"ACTUALITE\",\"EDUCATION\"],\"inLanguage\":\"fr-FR\",\"potentialAction\":[{\"@type\":\"CommentAction\",\"name\":\"Comment\",\"target\":[\"https:\\\/\\\/macite.tg\\\/?p=26643#respond\"]}]},{\"@type\":\"WebPage\",\"@id\":\"https:\\\/\\\/macite.tg\\\/?p=26643\",\"url\":\"https:\\\/\\\/macite.tg\\\/?p=26643\",\"name\":\"EDUCATION: Rencontre strat\u00e9gique avec les fondateurs d\u2019\u00e9coles priv\u00e9es la\u00efques -\",\"isPartOf\":{\"@id\":\"https:\\\/\\\/macite.tg\\\/#website\"},\"primaryImageOfPage\":{\"@id\":\"https:\\\/\\\/macite.tg\\\/?p=26643#primaryimage\"},\"image\":{\"@id\":\"https:\\\/\\\/macite.tg\\\/?p=26643#primaryimage\"},\"thumbnailUrl\":\"https:\\\/\\\/macite.tg\\\/wp-content\\\/uploads\\\/2025\\\/12\\\/Educ.jpg\",\"datePublished\":\"2025-12-08T10:19:05+00:00\",\"dateModified\":\"2025-12-08T10:19:22+00:00\",\"author\":{\"@id\":\"https:\\\/\\\/macite.tg\\\/#\\\/schema\\\/person\\\/e9f2de7e5dbbe7770a9402c7ce82f5c2\"},\"breadcrumb\":{\"@id\":\"https:\\\/\\\/macite.tg\\\/?p=26643#breadcrumb\"},\"inLanguage\":\"fr-FR\",\"potentialAction\":[{\"@type\":\"ReadAction\",\"target\":[\"https:\\\/\\\/macite.tg\\\/?p=26643\"]}]},{\"@type\":\"ImageObject\",\"inLanguage\":\"fr-FR\",\"@id\":\"https:\\\/\\\/macite.tg\\\/?p=26643#primaryimage\",\"url\":\"https:\\\/\\\/macite.tg\\\/wp-content\\\/uploads\\\/2025\\\/12\\\/Educ.jpg\",\"contentUrl\":\"https:\\\/\\\/macite.tg\\\/wp-content\\\/uploads\\\/2025\\\/12\\\/Educ.jpg\",\"width\":500,\"height\":375,\"caption\":\"Photo de famille\"},{\"@type\":\"BreadcrumbList\",\"@id\":\"https:\\\/\\\/macite.tg\\\/?p=26643#breadcrumb\",\"itemListElement\":[{\"@type\":\"ListItem\",\"position\":1,\"name\":\"Accueil\",\"item\":\"https:\\\/\\\/macite.tg\\\/\"},{\"@type\":\"ListItem\",\"position\":2,\"name\":\"EDUCATION: Rencontre strat\u00e9gique avec les fondateurs d\u2019\u00e9coles priv\u00e9es la\u00efques\"}]},{\"@type\":\"WebSite\",\"@id\":\"https:\\\/\\\/macite.tg\\\/#website\",\"url\":\"https:\\\/\\\/macite.tg\\\/\",\"name\":\"\",\"description\":\"L&#039;information, la bonne!!!\",\"potentialAction\":[{\"@type\":\"SearchAction\",\"target\":{\"@type\":\"EntryPoint\",\"urlTemplate\":\"https:\\\/\\\/macite.tg\\\/?s={search_term_string}\"},\"query-input\":{\"@type\":\"PropertyValueSpecification\",\"valueRequired\":true,\"valueName\":\"search_term_string\"}}],\"inLanguage\":\"fr-FR\"},{\"@type\":\"Person\",\"@id\":\"https:\\\/\\\/macite.tg\\\/#\\\/schema\\\/person\\\/e9f2de7e5dbbe7770a9402c7ce82f5c2\",\"name\":\"Jean Pierre BAWELA\",\"image\":{\"@type\":\"ImageObject\",\"inLanguage\":\"fr-FR\",\"@id\":\"https:\\\/\\\/macite.tg\\\/wp-content\\\/uploads\\\/2023\\\/09\\\/WhatsApp-Image-2023-09-19-at-14.44.41-122x122.jpeg\",\"url\":\"https:\\\/\\\/macite.tg\\\/wp-content\\\/uploads\\\/2023\\\/09\\\/WhatsApp-Image-2023-09-19-at-14.44.41-122x122.jpeg\",\"contentUrl\":\"https:\\\/\\\/macite.tg\\\/wp-content\\\/uploads\\\/2023\\\/09\\\/WhatsApp-Image-2023-09-19-at-14.44.41-122x122.jpeg\",\"caption\":\"Jean Pierre BAWELA\"},\"url\":\"https:\\\/\\\/macite.tg\\\/?author=2\"}]}<\/script>\n<!-- \/ Yoast SEO plugin. -->","yoast_head_json":{"title":"EDUCATION: Rencontre strat\u00e9gique avec les fondateurs d\u2019\u00e9coles priv\u00e9es la\u00efques -","robots":{"index":"index","follow":"follow","max-snippet":"max-snippet:-1","max-image-preview":"max-image-preview:large","max-video-preview":"max-video-preview:-1"},"canonical":"https:\/\/macite.tg\/?p=26643","og_locale":"fr_FR","og_type":"article","og_title":"EDUCATION: Rencontre strat\u00e9gique avec les fondateurs d\u2019\u00e9coles priv\u00e9es la\u00efques -","og_description":"Dans la dynamique impuls\u00e9e par le Pr\u00e9sident du Conseil, S.E.M. Faure Essozimna Gnassingb\u00e9, le Ministre de l\u2019\u00c9ducation Nationale, Mama Omorou, et son Ministre d\u00e9l\u00e9gu\u00e9 charg\u00e9 de l\u2019Enseignement Sup\u00e9rieur et de la Recherche Scientifique Professeur Gado Tchangbedji placent le dialogue et la concertation au centre de [&hellip;]","og_url":"https:\/\/macite.tg\/?p=26643","article_published_time":"2025-12-08T10:19:05+00:00","article_modified_time":"2025-12-08T10:19:22+00:00","og_image":[{"width":500,"height":375,"url":"https:\/\/macite.tg\/wp-content\/uploads\/2025\/12\/Educ.jpg","type":"image\/jpeg"}],"author":"Jean Pierre BAWELA","twitter_card":"summary_large_image","twitter_misc":{"\u00c9crit par":"Jean Pierre BAWELA","Dur\u00e9e de lecture estim\u00e9e":"4 minutes"},"schema":{"@context":"https:\/\/schema.org","@graph":[{"@type":"Article","@id":"https:\/\/macite.tg\/?p=26643#article","isPartOf":{"@id":"https:\/\/macite.tg\/?p=26643"},"author":{"name":"Jean Pierre BAWELA","@id":"https:\/\/macite.tg\/#\/schema\/person\/e9f2de7e5dbbe7770a9402c7ce82f5c2"},"headline":"EDUCATION: Rencontre strat\u00e9gique avec les fondateurs d\u2019\u00e9coles priv\u00e9es la\u00efques","datePublished":"2025-12-08T10:19:05+00:00","dateModified":"2025-12-08T10:19:22+00:00","mainEntityOfPage":{"@id":"https:\/\/macite.tg\/?p=26643"},"wordCount":782,"commentCount":0,"image":{"@id":"https:\/\/macite.tg\/?p=26643#primaryimage"},"thumbnailUrl":"https:\/\/macite.tg\/wp-content\/uploads\/2025\/12\/Educ.jpg","articleSection":["ACTUALITE","EDUCATION"],"inLanguage":"fr-FR","potentialAction":[{"@type":"CommentAction","name":"Comment","target":["https:\/\/macite.tg\/?p=26643#respond"]}]},{"@type":"WebPage","@id":"https:\/\/macite.tg\/?p=26643","url":"https:\/\/macite.tg\/?p=26643","name":"EDUCATION: Rencontre strat\u00e9gique avec les fondateurs d\u2019\u00e9coles priv\u00e9es la\u00efques -","isPartOf":{"@id":"https:\/\/macite.tg\/#website"},"primaryImageOfPage":{"@id":"https:\/\/macite.tg\/?p=26643#primaryimage"},"image":{"@id":"https:\/\/macite.tg\/?p=26643#primaryimage"},"thumbnailUrl":"https:\/\/macite.tg\/wp-content\/uploads\/2025\/12\/Educ.jpg","datePublished":"2025-12-08T10:19:05+00:00","dateModified":"2025-12-08T10:19:22+00:00","author":{"@id":"https:\/\/macite.tg\/#\/schema\/person\/e9f2de7e5dbbe7770a9402c7ce82f5c2"},"breadcrumb":{"@id":"https:\/\/macite.tg\/?p=26643#breadcrumb"},"inLanguage":"fr-FR","potentialAction":[{"@type":"ReadAction","target":["https:\/\/macite.tg\/?p=26643"]}]},{"@type":"ImageObject","inLanguage":"fr-FR","@id":"https:\/\/macite.tg\/?p=26643#primaryimage","url":"https:\/\/macite.tg\/wp-content\/uploads\/2025\/12\/Educ.jpg","contentUrl":"https:\/\/macite.tg\/wp-content\/uploads\/2025\/12\/Educ.jpg","width":500,"height":375,"caption":"Photo de famille"},{"@type":"BreadcrumbList","@id":"https:\/\/macite.tg\/?p=26643#breadcrumb","itemListElement":[{"@type":"ListItem","position":1,"name":"Accueil","item":"https:\/\/macite.tg\/"},{"@type":"ListItem","position":2,"name":"EDUCATION: Rencontre strat\u00e9gique avec les fondateurs d\u2019\u00e9coles priv\u00e9es la\u00efques"}]},{"@type":"WebSite","@id":"https:\/\/macite.tg\/#website","url":"https:\/\/macite.tg\/","name":"","description":"L&#039;information, la bonne!!!","potentialAction":[{"@type":"SearchAction","target":{"@type":"EntryPoint","urlTemplate":"https:\/\/macite.tg\/?s={search_term_string}"},"query-input":{"@type":"PropertyValueSpecification","valueRequired":true,"valueName":"search_term_string"}}],"inLanguage":"fr-FR"},{"@type":"Person","@id":"https:\/\/macite.tg\/#\/schema\/person\/e9f2de7e5dbbe7770a9402c7ce82f5c2","name":"Jean Pierre BAWELA","image":{"@type":"ImageObject","inLanguage":"fr-FR","@id":"https:\/\/macite.tg\/wp-content\/uploads\/2023\/09\/WhatsApp-Image-2023-09-19-at-14.44.41-122x122.jpeg","url":"https:\/\/macite.tg\/wp-content\/uploads\/2023\/09\/WhatsApp-Image-2023-09-19-at-14.44.41-122x122.jpeg","contentUrl":"https:\/\/macite.tg\/wp-content\/uploads\/2023\/09\/WhatsApp-Image-2023-09-19-at-14.44.41-122x122.jpeg","caption":"Jean Pierre BAWELA"},"url":"https:\/\/macite.tg\/?author=2"}]}},"_links":{"self":[{"href":"https:\/\/macite.tg\/index.php?rest_route=\/wp\/v2\/posts\/26643","targetHints":{"allow":["GET"]}}],"collection":[{"href":"https:\/\/macite.tg\/index.php?rest_route=\/wp\/v2\/posts"}],"about":[{"href":"https:\/\/macite.tg\/index.php?rest_route=\/wp\/v2\/types\/post"}],"author":[{"embeddable":true,"href":"https:\/\/macite.tg\/index.php?rest_route=\/wp\/v2\/users\/2"}],"replies":[{"embeddable":true,"href":"https:\/\/macite.tg\/index.php?rest_route=%2Fwp%2Fv2%2Fcomments&post=26643"}],"version-history":[{"count":0,"href":"https:\/\/macite.tg\/index.php?rest_route=\/wp\/v2\/posts\/26643\/revisions"}],"wp:featuredmedia":[{"embeddable":true,"href":"https:\/\/macite.tg\/index.php?rest_route=\/wp\/v2\/media\/26647"}],"wp:attachment":[{"href":"https:\/\/macite.tg\/index.php?rest_route=%2Fwp%2Fv2%2Fmedia&parent=26643"}],"wp:term":[{"taxonomy":"category","embeddable":true,"href":"https:\/\/macite.tg\/index.php?rest_route=%2Fwp%2Fv2%2Fcategories&post=26643"},{"taxonomy":"post_tag","embeddable":true,"href":"https:\/\/macite.tg\/index.php?rest_route=%2Fwp%2Fv2%2Ftags&post=26643"}],"curies":[{"name":"wp","href":"https:\/\/api.w.org\/{rel}","templated":true}]}}