{"id":26636,"date":"2025-12-05T16:56:38","date_gmt":"2025-12-05T16:56:38","guid":{"rendered":"https:\/\/macite.tg\/?p=26636"},"modified":"2025-12-05T17:02:23","modified_gmt":"2025-12-05T17:02:23","slug":"vente-et-usage-de-petards-en-cette-fin-dannee-le-ministre-madjoulba-rappelle-linterdiction-encore-en-vigueur","status":"publish","type":"post","link":"https:\/\/macite.tg\/?p=26636","title":{"rendered":"VENTE ET USAGE DE PETARDS EN CETTE FIN D\u2019ANN\u00c9E : Le ministre Madjoulba rappelle l\u2019interdiction encore en vigueur"},"content":{"rendered":"\n<p class=\"wp-block-paragraph\"><strong><em>L\u2019importation, la vente et l\u2019usage de p\u00e9tards ou de tout autre artifice assimil\u00e9, restent formellement interdits sur toute l\u2019\u00e9tendue du territoire national togolais. Cette mesure a \u00e9t\u00e9 de rappel\u00e9e par le ministre de la s\u00e9curit\u00e9, Calixte Madjoulba, via un communiqu\u00e9. Cette interdiction est d\u2019ailleurs en vigueur depuis quelques ann\u00e9es d\u00e9j\u00e0.<\/em><\/strong><\/p>\n\n\n\n<p class=\"wp-block-paragraph\">En effet, l\u2019utilisation de ces objets provoque des accidents, des blessures, des incendies, mais aussi des nuisances sonores susceptibles de perturber la tranquillit\u00e9 publique. \u00ab&nbsp;<em>Malgr\u00e9 les rappels r\u00e9guliers, il est constat\u00e9 que certains individus continuent de s&rsquo;adonner \u00e0 l&rsquo;introduction clandestine et \u00e0 la commercialisation de ces produits&nbsp;\u00bb<\/em>, a d\u00e9plor\u00e9 le ministre.<\/p>\n\n\n\n<figure class=\"wp-block-image size-full\"><img loading=\"lazy\" decoding=\"async\" width=\"851\" height=\"315\" src=\"https:\/\/macite.tg\/wp-content\/uploads\/2025\/12\/OTR_Ferer-pour-batir-1.jpg\" alt=\"\" class=\"wp-image-26559\" srcset=\"https:\/\/macite.tg\/wp-content\/uploads\/2025\/12\/OTR_Ferer-pour-batir-1.jpg 851w, https:\/\/macite.tg\/wp-content\/uploads\/2025\/12\/OTR_Ferer-pour-batir-1-300x111.jpg 300w, https:\/\/macite.tg\/wp-content\/uploads\/2025\/12\/OTR_Ferer-pour-batir-1-768x284.jpg 768w\" sizes=\"auto, (max-width: 851px) 100vw, 851px\" \/><\/figure>\n\n\n\n<p class=\"wp-block-paragraph\">Face \u00e0 ces d\u00e9rives, des instructions fermes ont \u00e9t\u00e9 donn\u00e9es aux forces de s\u00e9curit\u00e9 pour renforcer les contr\u00f4les, saisir syst\u00e9matiquement les p\u00e9tards et articles assimil\u00e9s, et interpeller les contrevenants. En outre, les op\u00e9rations de surveillance seront \u00e9tendues aux corridors douaniers afin d\u2019emp\u00eacher toute tentative d\u2019introduction de ces produits sur le territoire.<\/p>\n\n\n\n<p class=\"wp-block-paragraph\"><strong>Le dispositif national de pr\u00e9vention des incendies activ\u00e9<\/strong><\/p>\n\n\n\n<p class=\"wp-block-paragraph\">Dans le m\u00eame \u00e9lan de pr\u00e9vention, le ministre de la s\u00e9curit\u00e9 a annonc\u00e9 l\u2019activation du dispositif national de pr\u00e9vention et d\u2019alerte incendie pour cette phase sensible. La d\u00e9marche intervient \u00e0 un moment o\u00f9 les p\u00e9riodes de fin d\u2019ann\u00e9e enregistrent habituellement une hausse des incendies d\u2019origine \u00e9lectrique ou v\u00e9g\u00e9tale, occasionnant parfois d\u2019importants d\u00e9g\u00e2ts humains et mat\u00e9riels.<\/p>\n\n\n\n<figure class=\"wp-block-image size-large\"><img loading=\"lazy\" decoding=\"async\" width=\"1024\" height=\"392\" src=\"https:\/\/macite.tg\/wp-content\/uploads\/2025\/11\/8d9cf208-3716-4e73-bc0c-3341ae213e6b-1-1024x392.jpg\" alt=\"\" class=\"wp-image-26484\" srcset=\"https:\/\/macite.tg\/wp-content\/uploads\/2025\/11\/8d9cf208-3716-4e73-bc0c-3341ae213e6b-1-1024x392.jpg 1024w, https:\/\/macite.tg\/wp-content\/uploads\/2025\/11\/8d9cf208-3716-4e73-bc0c-3341ae213e6b-1-300x115.jpg 300w, https:\/\/macite.tg\/wp-content\/uploads\/2025\/11\/8d9cf208-3716-4e73-bc0c-3341ae213e6b-1-768x294.jpg 768w, https:\/\/macite.tg\/wp-content\/uploads\/2025\/11\/8d9cf208-3716-4e73-bc0c-3341ae213e6b-1.jpg 1080w\" sizes=\"auto, (max-width: 1024px) 100vw, 1024px\" \/><\/figure>\n\n\n\n<p class=\"wp-block-paragraph\">Ainsi, pour r\u00e9duire les risques, il est recommand\u00e9 d\u2019adopter des gestes simples mais essentiels&nbsp;: veiller \u00e0 la qualit\u00e9 des installations \u00e9lectriques, utiliser du mat\u00e9riel certifi\u00e9, \u00e9viter la surcharge des prises et \u00e9teindre les appareils avant de quitter une pi\u00e8ce. En ce qui concerne les activit\u00e9s en plein air, il est conseill\u00e9 de respecter scrupuleusement&nbsp;<a href=\"https:\/\/www.republiquetogolaise.com\/agro\/0312-11366-environnement\/feux-precoces-la-periode-autorisee-pour-2025-2026\">le calendrier des feux pr\u00e9coces<\/a>.<\/p>\n\n\n\n<p class=\"wp-block-paragraph\">La population est invit\u00e9e \u00e0 la vigilance et \u00e0 signaler tout d\u00e9but d\u2019incendie aux num\u00e9ros d\u2019urgence 118, 170 ou 1014.<\/p>\n\n\n\n<p class=\"wp-block-paragraph\"><strong>(Avec Republiquetogolaise.com)<\/strong><\/p>\n\n\n\n<p class=\"wp-block-paragraph\"><a><strong><em>@macite.tg&nbsp;&nbsp;&nbsp;&nbsp;&nbsp;&nbsp;&nbsp;&nbsp;<\/em><\/strong><\/a><\/p>\n\n\n\n<p class=\"wp-block-paragraph\"><strong><em>E-mail&nbsp;: <\/em><\/strong><a href=\"mailto:maciteinfo@gmail.com\"><strong><em>maciteinfo@gmail.com<\/em><\/strong><\/a><strong><em>; <\/em><\/strong><a href=\"mailto:bawela1@gmail.com\"><strong><em>bawela1@gmail.com<\/em><\/strong><\/a><strong><em><\/em><\/strong><\/p>\n\n\n\n<p class=\"wp-block-paragraph\"><strong><em>Pour vos annonces, (publi)reportages, etc., joignez-nous au (00228)91515309\/<strong>79872224 <\/strong><strong><\/strong><\/em><\/strong><\/p>\n\n\n\n<p class=\"wp-block-paragraph\"><strong><em>www.macite.tg, L\u2019information, la bonne&nbsp;!<\/em><\/strong><\/p>\n\n\n\n<p class=\"wp-block-paragraph\"><\/p>\n","protected":false},"excerpt":{"rendered":"<p class=\"text-justify mb-2\" >L\u2019importation, la vente et l\u2019usage de p\u00e9tards ou de tout autre artifice assimil\u00e9, restent formellement interdits sur toute l\u2019\u00e9tendue du territoire national togolais. Cette mesure a \u00e9t\u00e9 de rappel\u00e9e par le ministre de la s\u00e9curit\u00e9, Calixte Madjoulba, via un communiqu\u00e9. Cette interdiction est d\u2019ailleurs en [&hellip;]<\/p>\n","protected":false},"author":2,"featured_media":26637,"comment_status":"open","ping_status":"open","sticky":false,"template":"","format":"standard","meta":{"footnotes":""},"categories":[20,6],"tags":[],"class_list":["post-26636","post","type-post","status-publish","format-standard","has-post-thumbnail","hentry","category-actualite","category-societe"],"yoast_head":"<!-- This site is optimized with the Yoast SEO plugin v28.4 - https:\/\/yoast.com\/product\/yoast-seo-wordpress\/ -->\n<title>VENTE ET USAGE DE PETARDS EN CETTE FIN D\u2019ANN\u00c9E : Le ministre Madjoulba rappelle l\u2019interdiction encore en vigueur -<\/title>\n<meta name=\"robots\" content=\"index, follow, max-snippet:-1, max-image-preview:large, max-video-preview:-1\" \/>\n<link rel=\"canonical\" href=\"https:\/\/macite.tg\/?p=26636\" \/>\n<meta property=\"og:locale\" content=\"fr_FR\" \/>\n<meta property=\"og:type\" content=\"article\" \/>\n<meta property=\"og:title\" content=\"VENTE ET USAGE DE PETARDS EN CETTE FIN D\u2019ANN\u00c9E : Le ministre Madjoulba rappelle l\u2019interdiction encore en vigueur -\" \/>\n<meta property=\"og:description\" content=\"L\u2019importation, la vente et l\u2019usage de p\u00e9tards ou de tout autre artifice assimil\u00e9, restent formellement interdits sur toute l\u2019\u00e9tendue du territoire national togolais. Cette mesure a \u00e9t\u00e9 de rappel\u00e9e par le ministre de la s\u00e9curit\u00e9, Calixte Madjoulba, via un communiqu\u00e9. Cette interdiction est d\u2019ailleurs en [&hellip;]\" \/>\n<meta property=\"og:url\" content=\"https:\/\/macite.tg\/?p=26636\" \/>\n<meta property=\"article:published_time\" content=\"2025-12-05T16:56:38+00:00\" \/>\n<meta property=\"article:modified_time\" content=\"2025-12-05T17:02:23+00:00\" \/>\n<meta property=\"og:image\" content=\"https:\/\/macite.tg\/wp-content\/uploads\/2025\/12\/Petard.jpg\" \/>\n\t<meta property=\"og:image:width\" content=\"500\" \/>\n\t<meta property=\"og:image:height\" content=\"281\" \/>\n\t<meta property=\"og:image:type\" content=\"image\/jpeg\" \/>\n<meta name=\"author\" content=\"Jean Pierre BAWELA\" \/>\n<meta name=\"twitter:card\" content=\"summary_large_image\" \/>\n<meta name=\"twitter:label1\" content=\"\u00c9crit par\" \/>\n\t<meta name=\"twitter:data1\" content=\"Jean Pierre BAWELA\" \/>\n\t<meta name=\"twitter:label2\" content=\"Dur\u00e9e de lecture estim\u00e9e\" \/>\n\t<meta name=\"twitter:data2\" content=\"3 minutes\" \/>\n<script type=\"application\/ld+json\" class=\"yoast-schema-graph\">{\"@context\":\"https:\\\/\\\/schema.org\",\"@graph\":[{\"@type\":\"Article\",\"@id\":\"https:\\\/\\\/macite.tg\\\/?p=26636#article\",\"isPartOf\":{\"@id\":\"https:\\\/\\\/macite.tg\\\/?p=26636\"},\"author\":{\"name\":\"Jean Pierre BAWELA\",\"@id\":\"https:\\\/\\\/macite.tg\\\/#\\\/schema\\\/person\\\/e9f2de7e5dbbe7770a9402c7ce82f5c2\"},\"headline\":\"VENTE ET USAGE DE PETARDS EN CETTE FIN D\u2019ANN\u00c9E : Le ministre Madjoulba rappelle l\u2019interdiction encore en vigueur\",\"datePublished\":\"2025-12-05T16:56:38+00:00\",\"dateModified\":\"2025-12-05T17:02:23+00:00\",\"mainEntityOfPage\":{\"@id\":\"https:\\\/\\\/macite.tg\\\/?p=26636\"},\"wordCount\":399,\"commentCount\":0,\"image\":{\"@id\":\"https:\\\/\\\/macite.tg\\\/?p=26636#primaryimage\"},\"thumbnailUrl\":\"https:\\\/\\\/macite.tg\\\/wp-content\\\/uploads\\\/2025\\\/12\\\/Petard.jpg\",\"articleSection\":[\"ACTUALITE\",\"SOCIETE\"],\"inLanguage\":\"fr-FR\",\"potentialAction\":[{\"@type\":\"CommentAction\",\"name\":\"Comment\",\"target\":[\"https:\\\/\\\/macite.tg\\\/?p=26636#respond\"]}]},{\"@type\":\"WebPage\",\"@id\":\"https:\\\/\\\/macite.tg\\\/?p=26636\",\"url\":\"https:\\\/\\\/macite.tg\\\/?p=26636\",\"name\":\"VENTE ET USAGE DE PETARDS EN CETTE FIN D\u2019ANN\u00c9E : Le ministre Madjoulba rappelle l\u2019interdiction encore en vigueur -\",\"isPartOf\":{\"@id\":\"https:\\\/\\\/macite.tg\\\/#website\"},\"primaryImageOfPage\":{\"@id\":\"https:\\\/\\\/macite.tg\\\/?p=26636#primaryimage\"},\"image\":{\"@id\":\"https:\\\/\\\/macite.tg\\\/?p=26636#primaryimage\"},\"thumbnailUrl\":\"https:\\\/\\\/macite.tg\\\/wp-content\\\/uploads\\\/2025\\\/12\\\/Petard.jpg\",\"datePublished\":\"2025-12-05T16:56:38+00:00\",\"dateModified\":\"2025-12-05T17:02:23+00:00\",\"author\":{\"@id\":\"https:\\\/\\\/macite.tg\\\/#\\\/schema\\\/person\\\/e9f2de7e5dbbe7770a9402c7ce82f5c2\"},\"breadcrumb\":{\"@id\":\"https:\\\/\\\/macite.tg\\\/?p=26636#breadcrumb\"},\"inLanguage\":\"fr-FR\",\"potentialAction\":[{\"@type\":\"ReadAction\",\"target\":[\"https:\\\/\\\/macite.tg\\\/?p=26636\"]}]},{\"@type\":\"ImageObject\",\"inLanguage\":\"fr-FR\",\"@id\":\"https:\\\/\\\/macite.tg\\\/?p=26636#primaryimage\",\"url\":\"https:\\\/\\\/macite.tg\\\/wp-content\\\/uploads\\\/2025\\\/12\\\/Petard.jpg\",\"contentUrl\":\"https:\\\/\\\/macite.tg\\\/wp-content\\\/uploads\\\/2025\\\/12\\\/Petard.jpg\",\"width\":500,\"height\":281},{\"@type\":\"BreadcrumbList\",\"@id\":\"https:\\\/\\\/macite.tg\\\/?p=26636#breadcrumb\",\"itemListElement\":[{\"@type\":\"ListItem\",\"position\":1,\"name\":\"Accueil\",\"item\":\"https:\\\/\\\/macite.tg\\\/\"},{\"@type\":\"ListItem\",\"position\":2,\"name\":\"VENTE ET USAGE DE PETARDS EN CETTE FIN D\u2019ANN\u00c9E : Le ministre Madjoulba rappelle l\u2019interdiction encore en vigueur\"}]},{\"@type\":\"WebSite\",\"@id\":\"https:\\\/\\\/macite.tg\\\/#website\",\"url\":\"https:\\\/\\\/macite.tg\\\/\",\"name\":\"\",\"description\":\"L&#039;information, la bonne!!!\",\"potentialAction\":[{\"@type\":\"SearchAction\",\"target\":{\"@type\":\"EntryPoint\",\"urlTemplate\":\"https:\\\/\\\/macite.tg\\\/?s={search_term_string}\"},\"query-input\":{\"@type\":\"PropertyValueSpecification\",\"valueRequired\":true,\"valueName\":\"search_term_string\"}}],\"inLanguage\":\"fr-FR\"},{\"@type\":\"Person\",\"@id\":\"https:\\\/\\\/macite.tg\\\/#\\\/schema\\\/person\\\/e9f2de7e5dbbe7770a9402c7ce82f5c2\",\"name\":\"Jean Pierre BAWELA\",\"image\":{\"@type\":\"ImageObject\",\"inLanguage\":\"fr-FR\",\"@id\":\"https:\\\/\\\/macite.tg\\\/wp-content\\\/uploads\\\/2023\\\/09\\\/WhatsApp-Image-2023-09-19-at-14.44.41-122x122.jpeg\",\"url\":\"https:\\\/\\\/macite.tg\\\/wp-content\\\/uploads\\\/2023\\\/09\\\/WhatsApp-Image-2023-09-19-at-14.44.41-122x122.jpeg\",\"contentUrl\":\"https:\\\/\\\/macite.tg\\\/wp-content\\\/uploads\\\/2023\\\/09\\\/WhatsApp-Image-2023-09-19-at-14.44.41-122x122.jpeg\",\"caption\":\"Jean Pierre BAWELA\"},\"url\":\"https:\\\/\\\/macite.tg\\\/?author=2\"}]}<\/script>\n<!-- \/ Yoast SEO plugin. -->","yoast_head_json":{"title":"VENTE ET USAGE DE PETARDS EN CETTE FIN D\u2019ANN\u00c9E : Le ministre Madjoulba rappelle l\u2019interdiction encore en vigueur -","robots":{"index":"index","follow":"follow","max-snippet":"max-snippet:-1","max-image-preview":"max-image-preview:large","max-video-preview":"max-video-preview:-1"},"canonical":"https:\/\/macite.tg\/?p=26636","og_locale":"fr_FR","og_type":"article","og_title":"VENTE ET USAGE DE PETARDS EN CETTE FIN D\u2019ANN\u00c9E : Le ministre Madjoulba rappelle l\u2019interdiction encore en vigueur -","og_description":"L\u2019importation, la vente et l\u2019usage de p\u00e9tards ou de tout autre artifice assimil\u00e9, restent formellement interdits sur toute l\u2019\u00e9tendue du territoire national togolais. Cette mesure a \u00e9t\u00e9 de rappel\u00e9e par le ministre de la s\u00e9curit\u00e9, Calixte Madjoulba, via un communiqu\u00e9. Cette interdiction est d\u2019ailleurs en [&hellip;]","og_url":"https:\/\/macite.tg\/?p=26636","article_published_time":"2025-12-05T16:56:38+00:00","article_modified_time":"2025-12-05T17:02:23+00:00","og_image":[{"width":500,"height":281,"url":"https:\/\/macite.tg\/wp-content\/uploads\/2025\/12\/Petard.jpg","type":"image\/jpeg"}],"author":"Jean Pierre BAWELA","twitter_card":"summary_large_image","twitter_misc":{"\u00c9crit par":"Jean Pierre BAWELA","Dur\u00e9e de lecture estim\u00e9e":"3 minutes"},"schema":{"@context":"https:\/\/schema.org","@graph":[{"@type":"Article","@id":"https:\/\/macite.tg\/?p=26636#article","isPartOf":{"@id":"https:\/\/macite.tg\/?p=26636"},"author":{"name":"Jean Pierre BAWELA","@id":"https:\/\/macite.tg\/#\/schema\/person\/e9f2de7e5dbbe7770a9402c7ce82f5c2"},"headline":"VENTE ET USAGE DE PETARDS EN CETTE FIN D\u2019ANN\u00c9E : Le ministre Madjoulba rappelle l\u2019interdiction encore en vigueur","datePublished":"2025-12-05T16:56:38+00:00","dateModified":"2025-12-05T17:02:23+00:00","mainEntityOfPage":{"@id":"https:\/\/macite.tg\/?p=26636"},"wordCount":399,"commentCount":0,"image":{"@id":"https:\/\/macite.tg\/?p=26636#primaryimage"},"thumbnailUrl":"https:\/\/macite.tg\/wp-content\/uploads\/2025\/12\/Petard.jpg","articleSection":["ACTUALITE","SOCIETE"],"inLanguage":"fr-FR","potentialAction":[{"@type":"CommentAction","name":"Comment","target":["https:\/\/macite.tg\/?p=26636#respond"]}]},{"@type":"WebPage","@id":"https:\/\/macite.tg\/?p=26636","url":"https:\/\/macite.tg\/?p=26636","name":"VENTE ET USAGE DE PETARDS EN CETTE FIN D\u2019ANN\u00c9E : Le ministre Madjoulba rappelle l\u2019interdiction encore en vigueur -","isPartOf":{"@id":"https:\/\/macite.tg\/#website"},"primaryImageOfPage":{"@id":"https:\/\/macite.tg\/?p=26636#primaryimage"},"image":{"@id":"https:\/\/macite.tg\/?p=26636#primaryimage"},"thumbnailUrl":"https:\/\/macite.tg\/wp-content\/uploads\/2025\/12\/Petard.jpg","datePublished":"2025-12-05T16:56:38+00:00","dateModified":"2025-12-05T17:02:23+00:00","author":{"@id":"https:\/\/macite.tg\/#\/schema\/person\/e9f2de7e5dbbe7770a9402c7ce82f5c2"},"breadcrumb":{"@id":"https:\/\/macite.tg\/?p=26636#breadcrumb"},"inLanguage":"fr-FR","potentialAction":[{"@type":"ReadAction","target":["https:\/\/macite.tg\/?p=26636"]}]},{"@type":"ImageObject","inLanguage":"fr-FR","@id":"https:\/\/macite.tg\/?p=26636#primaryimage","url":"https:\/\/macite.tg\/wp-content\/uploads\/2025\/12\/Petard.jpg","contentUrl":"https:\/\/macite.tg\/wp-content\/uploads\/2025\/12\/Petard.jpg","width":500,"height":281},{"@type":"BreadcrumbList","@id":"https:\/\/macite.tg\/?p=26636#breadcrumb","itemListElement":[{"@type":"ListItem","position":1,"name":"Accueil","item":"https:\/\/macite.tg\/"},{"@type":"ListItem","position":2,"name":"VENTE ET USAGE DE PETARDS EN CETTE FIN D\u2019ANN\u00c9E : Le ministre Madjoulba rappelle l\u2019interdiction encore en vigueur"}]},{"@type":"WebSite","@id":"https:\/\/macite.tg\/#website","url":"https:\/\/macite.tg\/","name":"","description":"L&#039;information, la bonne!!!","potentialAction":[{"@type":"SearchAction","target":{"@type":"EntryPoint","urlTemplate":"https:\/\/macite.tg\/?s={search_term_string}"},"query-input":{"@type":"PropertyValueSpecification","valueRequired":true,"valueName":"search_term_string"}}],"inLanguage":"fr-FR"},{"@type":"Person","@id":"https:\/\/macite.tg\/#\/schema\/person\/e9f2de7e5dbbe7770a9402c7ce82f5c2","name":"Jean Pierre BAWELA","image":{"@type":"ImageObject","inLanguage":"fr-FR","@id":"https:\/\/macite.tg\/wp-content\/uploads\/2023\/09\/WhatsApp-Image-2023-09-19-at-14.44.41-122x122.jpeg","url":"https:\/\/macite.tg\/wp-content\/uploads\/2023\/09\/WhatsApp-Image-2023-09-19-at-14.44.41-122x122.jpeg","contentUrl":"https:\/\/macite.tg\/wp-content\/uploads\/2023\/09\/WhatsApp-Image-2023-09-19-at-14.44.41-122x122.jpeg","caption":"Jean Pierre BAWELA"},"url":"https:\/\/macite.tg\/?author=2"}]}},"_links":{"self":[{"href":"https:\/\/macite.tg\/index.php?rest_route=\/wp\/v2\/posts\/26636","targetHints":{"allow":["GET"]}}],"collection":[{"href":"https:\/\/macite.tg\/index.php?rest_route=\/wp\/v2\/posts"}],"about":[{"href":"https:\/\/macite.tg\/index.php?rest_route=\/wp\/v2\/types\/post"}],"author":[{"embeddable":true,"href":"https:\/\/macite.tg\/index.php?rest_route=\/wp\/v2\/users\/2"}],"replies":[{"embeddable":true,"href":"https:\/\/macite.tg\/index.php?rest_route=%2Fwp%2Fv2%2Fcomments&post=26636"}],"version-history":[{"count":0,"href":"https:\/\/macite.tg\/index.php?rest_route=\/wp\/v2\/posts\/26636\/revisions"}],"wp:featuredmedia":[{"embeddable":true,"href":"https:\/\/macite.tg\/index.php?rest_route=\/wp\/v2\/media\/26637"}],"wp:attachment":[{"href":"https:\/\/macite.tg\/index.php?rest_route=%2Fwp%2Fv2%2Fmedia&parent=26636"}],"wp:term":[{"taxonomy":"category","embeddable":true,"href":"https:\/\/macite.tg\/index.php?rest_route=%2Fwp%2Fv2%2Fcategories&post=26636"},{"taxonomy":"post_tag","embeddable":true,"href":"https:\/\/macite.tg\/index.php?rest_route=%2Fwp%2Fv2%2Ftags&post=26636"}],"curies":[{"name":"wp","href":"https:\/\/api.w.org\/{rel}","templated":true}]}}