{"id":26633,"date":"2025-12-05T16:48:31","date_gmt":"2025-12-05T16:48:31","guid":{"rendered":"https:\/\/macite.tg\/?p=26633"},"modified":"2025-12-05T16:48:39","modified_gmt":"2025-12-05T16:48:39","slug":"senegal-congo-maroc-les-tribulations-dun-president-dechu-en-afrique","status":"publish","type":"post","link":"https:\/\/macite.tg\/?p=26633","title":{"rendered":"SENEGAL, CONGO, MAROC\u2026\u00a0: Les tribulations d\u2019un pr\u00e9sident d\u00e9chu en Afrique"},"content":{"rendered":"\n<p class=\"wp-block-paragraph\"><strong><em>Le pr\u00e9sident d\u00e9chu de Guin\u00e9e-Bissau va-t-il se fixer au Maroc, apr\u00e8s avoir s\u00e9journ\u00e9 au S\u00e9n\u00e9gal et en R\u00e9publique du Congo ? Le myst\u00e8re reste entier\u2026<\/em><\/strong><\/p>\n\n\n\n<p class=\"wp-block-paragraph\">Comme les aficionados des courses maritimes en solitaire suivent les parcours des marins en \u00e9pinglant des drapeaux sur une carte murale, les Bissau-Guin\u00e9ens tentent de conna\u00eetre, au jour le jour, la localisation d\u2019un Umaro Sissoco Embal\u00f3 qui a la bougeotte. Alors que le coup d\u2019Etat&nbsp;qui l\u2019a pouss\u00e9 \u00e0 quitter la Guin\u00e9e-Bissau&nbsp;n\u2019a eu lieu qu\u2019il y a huit jours, l\u2019ancien chef de l\u2019\u00c9tat a d\u00e9j\u00e0 foul\u00e9 le sol de plusieurs pays africains.<\/p>\n\n\n\n<figure class=\"wp-block-image size-large\"><img loading=\"lazy\" decoding=\"async\" width=\"1024\" height=\"392\" src=\"https:\/\/macite.tg\/wp-content\/uploads\/2025\/11\/8d9cf208-3716-4e73-bc0c-3341ae213e6b-1-1024x392.jpg\" alt=\"\" class=\"wp-image-26484\" srcset=\"https:\/\/macite.tg\/wp-content\/uploads\/2025\/11\/8d9cf208-3716-4e73-bc0c-3341ae213e6b-1-1024x392.jpg 1024w, https:\/\/macite.tg\/wp-content\/uploads\/2025\/11\/8d9cf208-3716-4e73-bc0c-3341ae213e6b-1-300x115.jpg 300w, https:\/\/macite.tg\/wp-content\/uploads\/2025\/11\/8d9cf208-3716-4e73-bc0c-3341ae213e6b-1-768x294.jpg 768w, https:\/\/macite.tg\/wp-content\/uploads\/2025\/11\/8d9cf208-3716-4e73-bc0c-3341ae213e6b-1.jpg 1080w\" sizes=\"auto, (max-width: 1024px) 100vw, 1024px\" \/><\/figure>\n\n\n\n<p class=\"wp-block-paragraph\">Au lendemain du putsch, il a d\u2019abord rejoint Dakar, \u00e0 bord d\u2019un vol affr\u00e9t\u00e9 par le gouvernement s\u00e9n\u00e9galais. Quarante-huit heures plus tard, le 29 novembre, il s\u2019est envol\u00e9 pour Brazzaville&nbsp;o\u00f9 il n\u2019a gu\u00e8re eu le temps de mettre ses costumes sur des cintres. Apr\u00e8s la R\u00e9publique du Congo, il est arriv\u00e9 au Maroc, le 3 d\u00e9cembre.<\/p>\n\n\n\n<p class=\"wp-block-paragraph\"><strong>H\u00e9sitation ou strat\u00e9gie&nbsp;?<\/strong><\/p>\n\n\n\n<p class=\"wp-block-paragraph\">Les tribulations d\u2019 Umaro Sissoco Embal\u00f3&nbsp;sont-elles \u00e0 mettre au compte d\u2019une valse-h\u00e9sitation qui pourrait se conclure au Maroc&nbsp;? Ses proches r\u00e9v\u00e8lent qu\u2019il poss\u00e8de une maison \u00e0 Casablanca, sugg\u00e9rant qu\u2019il pourrait \u00e9lire domicile dans le pays, avec sa d\u00e9l\u00e9gation qui ne serait pas compos\u00e9e de plus de cinq personnes. Faut-il au contraire consid\u00e9rer ce p\u00e9riple comme une tourn\u00e9e politico-diplomatique&nbsp;?<\/p>\n\n\n\n<figure class=\"wp-block-image size-full\"><img loading=\"lazy\" decoding=\"async\" width=\"851\" height=\"315\" src=\"https:\/\/macite.tg\/wp-content\/uploads\/2025\/12\/OTR_Ferer-pour-batir-1.jpg\" alt=\"\" class=\"wp-image-26559\" srcset=\"https:\/\/macite.tg\/wp-content\/uploads\/2025\/12\/OTR_Ferer-pour-batir-1.jpg 851w, https:\/\/macite.tg\/wp-content\/uploads\/2025\/12\/OTR_Ferer-pour-batir-1-300x111.jpg 300w, https:\/\/macite.tg\/wp-content\/uploads\/2025\/12\/OTR_Ferer-pour-batir-1-768x284.jpg 768w\" sizes=\"auto, (max-width: 851px) 100vw, 851px\" \/><\/figure>\n\n\n\n<p class=\"wp-block-paragraph\">Ses intentions sont d\u2019autant plus incertaines que de nombreuses zones d\u2019ombre entourent encore les circonstances du coup d\u2019\u00c9tat. Ses opposants et plusieurs observateurs suspectent un <em>\u00ab&nbsp;putsch de complaisance&nbsp;\u00bb,<\/em> destin\u00e9 \u00e0 \u00e9viter la publication de r\u00e9sultats \u00e9lectoraux peu flatteurs pour le pr\u00e9sident sortant. Les scores des candidats seraient d\u2019ailleurs <em>\u00ab&nbsp;impubliables&nbsp;\u00bb,<\/em> si l\u2019on en croit la commission \u00e9lectorale, qui affirme que, le jour du coup d\u2019\u00c9tat, des hommes arm\u00e9s <em>\u00ab&nbsp;en cagoule&nbsp;\u00bb <\/em>auraient d\u00e9truit du mat\u00e9riel\u2026<\/p>\n\n\n\n<p class=\"wp-block-paragraph\"><strong>MSN<\/strong><\/p>\n\n\n\n<p class=\"wp-block-paragraph\"><a><strong><em>@macite.tg&nbsp;&nbsp;&nbsp;&nbsp;&nbsp;&nbsp;&nbsp;&nbsp;<\/em><\/strong><\/a><\/p>\n\n\n\n<p class=\"wp-block-paragraph\"><strong><em>E-mail&nbsp;: <\/em><\/strong><a href=\"mailto:maciteinfo@gmail.com\"><strong><em>maciteinfo@gmail.com<\/em><\/strong><\/a><strong><em>; <\/em><\/strong><a href=\"mailto:bawela1@gmail.com\"><strong><em>bawela1@gmail.com<\/em><\/strong><\/a><strong><em><\/em><\/strong><\/p>\n\n\n\n<p class=\"wp-block-paragraph\"><strong><em>Pour vos annonces, (publi)reportages, etc., joignez-nous au (00228)91515309\/<strong>79872224 <\/strong><strong><\/strong><\/em><\/strong><\/p>\n\n\n\n<p class=\"wp-block-paragraph\"><strong><em>www.macite.tg, L\u2019information, la bonne&nbsp;!<\/em><\/strong><\/p>\n\n\n\n<p class=\"wp-block-paragraph\"><\/p>\n","protected":false},"excerpt":{"rendered":"<p class=\"text-justify mb-2\" >Le pr\u00e9sident d\u00e9chu de Guin\u00e9e-Bissau va-t-il se fixer au Maroc, apr\u00e8s avoir s\u00e9journ\u00e9 au S\u00e9n\u00e9gal et en R\u00e9publique du Congo ? Le myst\u00e8re reste entier\u2026 Comme les aficionados des courses maritimes en solitaire suivent les parcours des marins en \u00e9pinglant des drapeaux sur une carte [&hellip;]<\/p>\n","protected":false},"author":2,"featured_media":26634,"comment_status":"open","ping_status":"open","sticky":false,"template":"","format":"standard","meta":{"footnotes":""},"categories":[20,1],"tags":[],"class_list":["post-26633","post","type-post","status-publish","format-standard","has-post-thumbnail","hentry","category-actualite","category-politique"],"yoast_head":"<!-- This site is optimized with the Yoast SEO plugin v28.4 - https:\/\/yoast.com\/product\/yoast-seo-wordpress\/ -->\n<title>SENEGAL, CONGO, MAROC\u2026\u00a0: Les tribulations d\u2019un pr\u00e9sident d\u00e9chu en Afrique -<\/title>\n<meta name=\"robots\" content=\"index, follow, max-snippet:-1, max-image-preview:large, max-video-preview:-1\" \/>\n<link rel=\"canonical\" href=\"https:\/\/macite.tg\/?p=26633\" \/>\n<meta property=\"og:locale\" content=\"fr_FR\" \/>\n<meta property=\"og:type\" content=\"article\" \/>\n<meta property=\"og:title\" content=\"SENEGAL, CONGO, MAROC\u2026\u00a0: Les tribulations d\u2019un pr\u00e9sident d\u00e9chu en Afrique -\" \/>\n<meta property=\"og:description\" content=\"Le pr\u00e9sident d\u00e9chu de Guin\u00e9e-Bissau va-t-il se fixer au Maroc, apr\u00e8s avoir s\u00e9journ\u00e9 au S\u00e9n\u00e9gal et en R\u00e9publique du Congo ? Le myst\u00e8re reste entier\u2026 Comme les aficionados des courses maritimes en solitaire suivent les parcours des marins en \u00e9pinglant des drapeaux sur une carte [&hellip;]\" \/>\n<meta property=\"og:url\" content=\"https:\/\/macite.tg\/?p=26633\" \/>\n<meta property=\"article:published_time\" content=\"2025-12-05T16:48:31+00:00\" \/>\n<meta property=\"article:modified_time\" content=\"2025-12-05T16:48:39+00:00\" \/>\n<meta property=\"og:image\" content=\"https:\/\/macite.tg\/wp-content\/uploads\/2025\/12\/image-24.png\" \/>\n\t<meta property=\"og:image:width\" content=\"534\" \/>\n\t<meta property=\"og:image:height\" content=\"267\" \/>\n\t<meta property=\"og:image:type\" content=\"image\/png\" \/>\n<meta name=\"author\" content=\"Jean Pierre BAWELA\" \/>\n<meta name=\"twitter:card\" content=\"summary_large_image\" \/>\n<meta name=\"twitter:label1\" content=\"\u00c9crit par\" \/>\n\t<meta name=\"twitter:data1\" content=\"Jean Pierre BAWELA\" \/>\n\t<meta name=\"twitter:label2\" content=\"Dur\u00e9e de lecture estim\u00e9e\" \/>\n\t<meta name=\"twitter:data2\" content=\"3 minutes\" \/>\n<script type=\"application\/ld+json\" class=\"yoast-schema-graph\">{\"@context\":\"https:\\\/\\\/schema.org\",\"@graph\":[{\"@type\":\"Article\",\"@id\":\"https:\\\/\\\/macite.tg\\\/?p=26633#article\",\"isPartOf\":{\"@id\":\"https:\\\/\\\/macite.tg\\\/?p=26633\"},\"author\":{\"name\":\"Jean Pierre BAWELA\",\"@id\":\"https:\\\/\\\/macite.tg\\\/#\\\/schema\\\/person\\\/e9f2de7e5dbbe7770a9402c7ce82f5c2\"},\"headline\":\"SENEGAL, CONGO, MAROC\u2026\u00a0: Les tribulations d\u2019un pr\u00e9sident d\u00e9chu en Afrique\",\"datePublished\":\"2025-12-05T16:48:31+00:00\",\"dateModified\":\"2025-12-05T16:48:39+00:00\",\"mainEntityOfPage\":{\"@id\":\"https:\\\/\\\/macite.tg\\\/?p=26633\"},\"wordCount\":401,\"commentCount\":0,\"image\":{\"@id\":\"https:\\\/\\\/macite.tg\\\/?p=26633#primaryimage\"},\"thumbnailUrl\":\"https:\\\/\\\/macite.tg\\\/wp-content\\\/uploads\\\/2025\\\/12\\\/image-24.png\",\"articleSection\":[\"ACTUALITE\",\"POLITIQUE\"],\"inLanguage\":\"fr-FR\",\"potentialAction\":[{\"@type\":\"CommentAction\",\"name\":\"Comment\",\"target\":[\"https:\\\/\\\/macite.tg\\\/?p=26633#respond\"]}]},{\"@type\":\"WebPage\",\"@id\":\"https:\\\/\\\/macite.tg\\\/?p=26633\",\"url\":\"https:\\\/\\\/macite.tg\\\/?p=26633\",\"name\":\"SENEGAL, CONGO, MAROC\u2026\u00a0: Les tribulations d\u2019un pr\u00e9sident d\u00e9chu en Afrique -\",\"isPartOf\":{\"@id\":\"https:\\\/\\\/macite.tg\\\/#website\"},\"primaryImageOfPage\":{\"@id\":\"https:\\\/\\\/macite.tg\\\/?p=26633#primaryimage\"},\"image\":{\"@id\":\"https:\\\/\\\/macite.tg\\\/?p=26633#primaryimage\"},\"thumbnailUrl\":\"https:\\\/\\\/macite.tg\\\/wp-content\\\/uploads\\\/2025\\\/12\\\/image-24.png\",\"datePublished\":\"2025-12-05T16:48:31+00:00\",\"dateModified\":\"2025-12-05T16:48:39+00:00\",\"author\":{\"@id\":\"https:\\\/\\\/macite.tg\\\/#\\\/schema\\\/person\\\/e9f2de7e5dbbe7770a9402c7ce82f5c2\"},\"breadcrumb\":{\"@id\":\"https:\\\/\\\/macite.tg\\\/?p=26633#breadcrumb\"},\"inLanguage\":\"fr-FR\",\"potentialAction\":[{\"@type\":\"ReadAction\",\"target\":[\"https:\\\/\\\/macite.tg\\\/?p=26633\"]}]},{\"@type\":\"ImageObject\",\"inLanguage\":\"fr-FR\",\"@id\":\"https:\\\/\\\/macite.tg\\\/?p=26633#primaryimage\",\"url\":\"https:\\\/\\\/macite.tg\\\/wp-content\\\/uploads\\\/2025\\\/12\\\/image-24.png\",\"contentUrl\":\"https:\\\/\\\/macite.tg\\\/wp-content\\\/uploads\\\/2025\\\/12\\\/image-24.png\",\"width\":534,\"height\":267},{\"@type\":\"BreadcrumbList\",\"@id\":\"https:\\\/\\\/macite.tg\\\/?p=26633#breadcrumb\",\"itemListElement\":[{\"@type\":\"ListItem\",\"position\":1,\"name\":\"Accueil\",\"item\":\"https:\\\/\\\/macite.tg\\\/\"},{\"@type\":\"ListItem\",\"position\":2,\"name\":\"SENEGAL, CONGO, MAROC\u2026\u00a0: Les tribulations d\u2019un pr\u00e9sident d\u00e9chu en Afrique\"}]},{\"@type\":\"WebSite\",\"@id\":\"https:\\\/\\\/macite.tg\\\/#website\",\"url\":\"https:\\\/\\\/macite.tg\\\/\",\"name\":\"\",\"description\":\"L&#039;information, la bonne!!!\",\"potentialAction\":[{\"@type\":\"SearchAction\",\"target\":{\"@type\":\"EntryPoint\",\"urlTemplate\":\"https:\\\/\\\/macite.tg\\\/?s={search_term_string}\"},\"query-input\":{\"@type\":\"PropertyValueSpecification\",\"valueRequired\":true,\"valueName\":\"search_term_string\"}}],\"inLanguage\":\"fr-FR\"},{\"@type\":\"Person\",\"@id\":\"https:\\\/\\\/macite.tg\\\/#\\\/schema\\\/person\\\/e9f2de7e5dbbe7770a9402c7ce82f5c2\",\"name\":\"Jean Pierre BAWELA\",\"image\":{\"@type\":\"ImageObject\",\"inLanguage\":\"fr-FR\",\"@id\":\"https:\\\/\\\/macite.tg\\\/wp-content\\\/uploads\\\/2023\\\/09\\\/WhatsApp-Image-2023-09-19-at-14.44.41-122x122.jpeg\",\"url\":\"https:\\\/\\\/macite.tg\\\/wp-content\\\/uploads\\\/2023\\\/09\\\/WhatsApp-Image-2023-09-19-at-14.44.41-122x122.jpeg\",\"contentUrl\":\"https:\\\/\\\/macite.tg\\\/wp-content\\\/uploads\\\/2023\\\/09\\\/WhatsApp-Image-2023-09-19-at-14.44.41-122x122.jpeg\",\"caption\":\"Jean Pierre BAWELA\"},\"url\":\"https:\\\/\\\/macite.tg\\\/?author=2\"}]}<\/script>\n<!-- \/ Yoast SEO plugin. -->","yoast_head_json":{"title":"SENEGAL, CONGO, MAROC\u2026\u00a0: Les tribulations d\u2019un pr\u00e9sident d\u00e9chu en Afrique -","robots":{"index":"index","follow":"follow","max-snippet":"max-snippet:-1","max-image-preview":"max-image-preview:large","max-video-preview":"max-video-preview:-1"},"canonical":"https:\/\/macite.tg\/?p=26633","og_locale":"fr_FR","og_type":"article","og_title":"SENEGAL, CONGO, MAROC\u2026\u00a0: Les tribulations d\u2019un pr\u00e9sident d\u00e9chu en Afrique -","og_description":"Le pr\u00e9sident d\u00e9chu de Guin\u00e9e-Bissau va-t-il se fixer au Maroc, apr\u00e8s avoir s\u00e9journ\u00e9 au S\u00e9n\u00e9gal et en R\u00e9publique du Congo ? Le myst\u00e8re reste entier\u2026 Comme les aficionados des courses maritimes en solitaire suivent les parcours des marins en \u00e9pinglant des drapeaux sur une carte [&hellip;]","og_url":"https:\/\/macite.tg\/?p=26633","article_published_time":"2025-12-05T16:48:31+00:00","article_modified_time":"2025-12-05T16:48:39+00:00","og_image":[{"width":534,"height":267,"url":"https:\/\/macite.tg\/wp-content\/uploads\/2025\/12\/image-24.png","type":"image\/png"}],"author":"Jean Pierre BAWELA","twitter_card":"summary_large_image","twitter_misc":{"\u00c9crit par":"Jean Pierre BAWELA","Dur\u00e9e de lecture estim\u00e9e":"3 minutes"},"schema":{"@context":"https:\/\/schema.org","@graph":[{"@type":"Article","@id":"https:\/\/macite.tg\/?p=26633#article","isPartOf":{"@id":"https:\/\/macite.tg\/?p=26633"},"author":{"name":"Jean Pierre BAWELA","@id":"https:\/\/macite.tg\/#\/schema\/person\/e9f2de7e5dbbe7770a9402c7ce82f5c2"},"headline":"SENEGAL, CONGO, MAROC\u2026\u00a0: Les tribulations d\u2019un pr\u00e9sident d\u00e9chu en Afrique","datePublished":"2025-12-05T16:48:31+00:00","dateModified":"2025-12-05T16:48:39+00:00","mainEntityOfPage":{"@id":"https:\/\/macite.tg\/?p=26633"},"wordCount":401,"commentCount":0,"image":{"@id":"https:\/\/macite.tg\/?p=26633#primaryimage"},"thumbnailUrl":"https:\/\/macite.tg\/wp-content\/uploads\/2025\/12\/image-24.png","articleSection":["ACTUALITE","POLITIQUE"],"inLanguage":"fr-FR","potentialAction":[{"@type":"CommentAction","name":"Comment","target":["https:\/\/macite.tg\/?p=26633#respond"]}]},{"@type":"WebPage","@id":"https:\/\/macite.tg\/?p=26633","url":"https:\/\/macite.tg\/?p=26633","name":"SENEGAL, CONGO, MAROC\u2026\u00a0: Les tribulations d\u2019un pr\u00e9sident d\u00e9chu en Afrique -","isPartOf":{"@id":"https:\/\/macite.tg\/#website"},"primaryImageOfPage":{"@id":"https:\/\/macite.tg\/?p=26633#primaryimage"},"image":{"@id":"https:\/\/macite.tg\/?p=26633#primaryimage"},"thumbnailUrl":"https:\/\/macite.tg\/wp-content\/uploads\/2025\/12\/image-24.png","datePublished":"2025-12-05T16:48:31+00:00","dateModified":"2025-12-05T16:48:39+00:00","author":{"@id":"https:\/\/macite.tg\/#\/schema\/person\/e9f2de7e5dbbe7770a9402c7ce82f5c2"},"breadcrumb":{"@id":"https:\/\/macite.tg\/?p=26633#breadcrumb"},"inLanguage":"fr-FR","potentialAction":[{"@type":"ReadAction","target":["https:\/\/macite.tg\/?p=26633"]}]},{"@type":"ImageObject","inLanguage":"fr-FR","@id":"https:\/\/macite.tg\/?p=26633#primaryimage","url":"https:\/\/macite.tg\/wp-content\/uploads\/2025\/12\/image-24.png","contentUrl":"https:\/\/macite.tg\/wp-content\/uploads\/2025\/12\/image-24.png","width":534,"height":267},{"@type":"BreadcrumbList","@id":"https:\/\/macite.tg\/?p=26633#breadcrumb","itemListElement":[{"@type":"ListItem","position":1,"name":"Accueil","item":"https:\/\/macite.tg\/"},{"@type":"ListItem","position":2,"name":"SENEGAL, CONGO, MAROC\u2026\u00a0: Les tribulations d\u2019un pr\u00e9sident d\u00e9chu en Afrique"}]},{"@type":"WebSite","@id":"https:\/\/macite.tg\/#website","url":"https:\/\/macite.tg\/","name":"","description":"L&#039;information, la bonne!!!","potentialAction":[{"@type":"SearchAction","target":{"@type":"EntryPoint","urlTemplate":"https:\/\/macite.tg\/?s={search_term_string}"},"query-input":{"@type":"PropertyValueSpecification","valueRequired":true,"valueName":"search_term_string"}}],"inLanguage":"fr-FR"},{"@type":"Person","@id":"https:\/\/macite.tg\/#\/schema\/person\/e9f2de7e5dbbe7770a9402c7ce82f5c2","name":"Jean Pierre BAWELA","image":{"@type":"ImageObject","inLanguage":"fr-FR","@id":"https:\/\/macite.tg\/wp-content\/uploads\/2023\/09\/WhatsApp-Image-2023-09-19-at-14.44.41-122x122.jpeg","url":"https:\/\/macite.tg\/wp-content\/uploads\/2023\/09\/WhatsApp-Image-2023-09-19-at-14.44.41-122x122.jpeg","contentUrl":"https:\/\/macite.tg\/wp-content\/uploads\/2023\/09\/WhatsApp-Image-2023-09-19-at-14.44.41-122x122.jpeg","caption":"Jean Pierre BAWELA"},"url":"https:\/\/macite.tg\/?author=2"}]}},"_links":{"self":[{"href":"https:\/\/macite.tg\/index.php?rest_route=\/wp\/v2\/posts\/26633","targetHints":{"allow":["GET"]}}],"collection":[{"href":"https:\/\/macite.tg\/index.php?rest_route=\/wp\/v2\/posts"}],"about":[{"href":"https:\/\/macite.tg\/index.php?rest_route=\/wp\/v2\/types\/post"}],"author":[{"embeddable":true,"href":"https:\/\/macite.tg\/index.php?rest_route=\/wp\/v2\/users\/2"}],"replies":[{"embeddable":true,"href":"https:\/\/macite.tg\/index.php?rest_route=%2Fwp%2Fv2%2Fcomments&post=26633"}],"version-history":[{"count":0,"href":"https:\/\/macite.tg\/index.php?rest_route=\/wp\/v2\/posts\/26633\/revisions"}],"wp:featuredmedia":[{"embeddable":true,"href":"https:\/\/macite.tg\/index.php?rest_route=\/wp\/v2\/media\/26634"}],"wp:attachment":[{"href":"https:\/\/macite.tg\/index.php?rest_route=%2Fwp%2Fv2%2Fmedia&parent=26633"}],"wp:term":[{"taxonomy":"category","embeddable":true,"href":"https:\/\/macite.tg\/index.php?rest_route=%2Fwp%2Fv2%2Fcategories&post=26633"},{"taxonomy":"post_tag","embeddable":true,"href":"https:\/\/macite.tg\/index.php?rest_route=%2Fwp%2Fv2%2Ftags&post=26633"}],"curies":[{"name":"wp","href":"https:\/\/api.w.org\/{rel}","templated":true}]}}