{"id":26626,"date":"2025-12-05T14:38:48","date_gmt":"2025-12-05T14:38:48","guid":{"rendered":"https:\/\/macite.tg\/?p=26626"},"modified":"2025-12-05T14:47:18","modified_gmt":"2025-12-05T14:47:18","slug":"cinema-le-film-imani-bounka-a-lassaut-de-bafilo-ce-19-decembre-2025","status":"publish","type":"post","link":"https:\/\/macite.tg\/?p=26626","title":{"rendered":"CIN\u00c9MA : Le film \u2018\u2019IMANI BOUNKA\u2019\u2019 en salle \u00e0 Bafilo ce 19 d\u00e9cembre 2025"},"content":{"rendered":"\n<p class=\"wp-block-paragraph\"><strong><em>Quelques semaines apr\u00e8s son lancement officiel, le film togolais \u2018\u2019 IMANI BOUNKA\u2019\u2019 fera sa premi\u00e8re sortie officielle le 19 d\u00e9cembre prochain \u00e0 Bafilo, dans la pr\u00e9fecture d\u2019Assoli.<\/em><\/strong><\/p>\n\n\n\n<p class=\"wp-block-paragraph\">Les cin\u00e9philes de la pr\u00e9fecture d\u2019Assoli, pr\u00e9cis\u00e9ment Bafilo, sont aux anges. Ils auront la primeur de suivre le film \u2018\u2019IMANI BOUNKA\u2019\u2019 de la r\u00e9alisatrice togolaise, Soulemana Chakiratou. Ce produit de TELVO Production se veut une contribution de la r\u00e9alisatrice \u00e0 la lutte contre les violences conjugales.<\/p>\n\n\n\n<figure class=\"wp-block-image size-large\"><img loading=\"lazy\" decoding=\"async\" width=\"1024\" height=\"392\" src=\"https:\/\/macite.tg\/wp-content\/uploads\/2025\/11\/8d9cf208-3716-4e73-bc0c-3341ae213e6b-1-1024x392.jpg\" alt=\"\" class=\"wp-image-26484\" srcset=\"https:\/\/macite.tg\/wp-content\/uploads\/2025\/11\/8d9cf208-3716-4e73-bc0c-3341ae213e6b-1-1024x392.jpg 1024w, https:\/\/macite.tg\/wp-content\/uploads\/2025\/11\/8d9cf208-3716-4e73-bc0c-3341ae213e6b-1-300x115.jpg 300w, https:\/\/macite.tg\/wp-content\/uploads\/2025\/11\/8d9cf208-3716-4e73-bc0c-3341ae213e6b-1-768x294.jpg 768w, https:\/\/macite.tg\/wp-content\/uploads\/2025\/11\/8d9cf208-3716-4e73-bc0c-3341ae213e6b-1.jpg 1080w\" sizes=\"auto, (max-width: 1024px) 100vw, 1024px\" \/><\/figure>\n\n\n\n<p class=\"wp-block-paragraph\">C\u2019est \u00e9galement un canal choisi par Soulemana Chakiratou pour <em>\u00ab&nbsp;toucher les consciences et changer les regards&nbsp;\u00bb<\/em> sur les pr\u00e9ceptes sociaux longtemps encr\u00e9s dans nos soci\u00e9t\u00e9s.<\/p>\n\n\n\n<p class=\"wp-block-paragraph\"><em>\u00ab\u00a0\u00c0 travers l\u2019histoire de NINI et KIVEU, deux s\u0153urs confront\u00e9es aux violences conjugales et aux traditions pesantes, nous voulons parler de dignit\u00e9, de r\u00e9silience et du droit des femmes \u00e0 l\u2019\u00e9mancipation\u00a0\u00bb<\/em>, a-t-elle soulign\u00e9.<\/p>\n\n\n\n<p class=\"wp-block-paragraph\">Rendez-vous donc ce 19 d\u00e9cembre 2025 au Centre culturel de Bafilo, sur la nationale n\u00b01. Passe 20.000 FCFA, 10.000 FCFA, 5.000 FCF et 2.000 FCFA.<\/p>\n\n\n\n<p class=\"wp-block-paragraph\">Allez, rejoignez-nous pour vivre, r\u00e9fl\u00e9chir et agir ensemble \u00e0 travers ce film TEM\u00a0!<\/p>\n\n\n\n<p class=\"wp-block-paragraph\"><em>Soutenons le cin\u00e9ma togolais\u00a0!<\/em><\/p>\n\n\n\n<p class=\"wp-block-paragraph\">Voici l\u2019avant-premi\u00e8re de ce chef-d\u2019\u0153uvre de Soulemana Chakiratou.<\/p>\n\n\n\n<figure class=\"wp-block-video\"><video height=\"360\" style=\"aspect-ratio: 640 \/ 360;\" width=\"640\" controls src=\"https:\/\/macite.tg\/wp-content\/uploads\/2025\/12\/WhatsApp-Video-2025-12-04-at-13.48.18.mp4\"><\/video><\/figure>\n\n\n\n<p class=\"wp-block-paragraph\"><strong>La R\u00e9daction<\/strong><\/p>\n\n\n\n<p class=\"wp-block-paragraph\"><a><strong><em>@macite.tg&nbsp;&nbsp;&nbsp;&nbsp;&nbsp;&nbsp;&nbsp;&nbsp;<\/em><\/strong><\/a><\/p>\n\n\n\n<p class=\"wp-block-paragraph\"><strong><em>E-mail&nbsp;: <\/em><\/strong><a href=\"mailto:maciteinfo@gmail.com\"><strong><em>maciteinfo@gmail.com<\/em><\/strong><\/a><strong><em>; <\/em><\/strong><a href=\"mailto:bawela1@gmail.com\"><strong><em>bawela1@gmail.com<\/em><\/strong><\/a><strong><em><\/em><\/strong><\/p>\n\n\n\n<p class=\"wp-block-paragraph\"><strong><em>Pour vos annonces, (publi)reportages, etc., joignez-nous au (00228)91515309\/<strong>79872224 <\/strong><strong><\/strong><\/em><\/strong><\/p>\n\n\n\n<p class=\"wp-block-paragraph\"><strong><em>www.macite.tg, L\u2019information, la bonne&nbsp;!<\/em><\/strong><\/p>\n","protected":false},"excerpt":{"rendered":"<p class=\"text-justify mb-2\" >Quelques semaines apr\u00e8s son lancement officiel, le film togolais \u2018\u2019 IMANI BOUNKA\u2019\u2019 fera sa premi\u00e8re sortie officielle le 19 d\u00e9cembre prochain \u00e0 Bafilo, dans la pr\u00e9fecture d\u2019Assoli. Les cin\u00e9philes de la pr\u00e9fecture d\u2019Assoli, pr\u00e9cis\u00e9ment Bafilo, sont aux anges. Ils auront la primeur de suivre le [&hellip;]<\/p>\n","protected":false},"author":2,"featured_media":26628,"comment_status":"open","ping_status":"open","sticky":false,"template":"","format":"standard","meta":{"footnotes":""},"categories":[20,18],"tags":[],"class_list":["post-26626","post","type-post","status-publish","format-standard","has-post-thumbnail","hentry","category-actualite","category-culture"],"yoast_head":"<!-- This site is optimized with the Yoast SEO plugin v28.4 - https:\/\/yoast.com\/product\/yoast-seo-wordpress\/ -->\n<title>CIN\u00c9MA : Le film \u2018\u2019IMANI BOUNKA\u2019\u2019 en salle \u00e0 Bafilo ce 19 d\u00e9cembre 2025 -<\/title>\n<meta name=\"robots\" content=\"index, follow, max-snippet:-1, max-image-preview:large, max-video-preview:-1\" \/>\n<link rel=\"canonical\" href=\"https:\/\/macite.tg\/?p=26626\" \/>\n<meta property=\"og:locale\" content=\"fr_FR\" \/>\n<meta property=\"og:type\" content=\"article\" \/>\n<meta property=\"og:title\" content=\"CIN\u00c9MA : Le film \u2018\u2019IMANI BOUNKA\u2019\u2019 en salle \u00e0 Bafilo ce 19 d\u00e9cembre 2025 -\" \/>\n<meta property=\"og:description\" content=\"Quelques semaines apr\u00e8s son lancement officiel, le film togolais \u2018\u2019 IMANI BOUNKA\u2019\u2019 fera sa premi\u00e8re sortie officielle le 19 d\u00e9cembre prochain \u00e0 Bafilo, dans la pr\u00e9fecture d\u2019Assoli. Les cin\u00e9philes de la pr\u00e9fecture d\u2019Assoli, pr\u00e9cis\u00e9ment Bafilo, sont aux anges. Ils auront la primeur de suivre le [&hellip;]\" \/>\n<meta property=\"og:url\" content=\"https:\/\/macite.tg\/?p=26626\" \/>\n<meta property=\"article:published_time\" content=\"2025-12-05T14:38:48+00:00\" \/>\n<meta property=\"article:modified_time\" content=\"2025-12-05T14:47:18+00:00\" \/>\n<meta property=\"og:image\" content=\"https:\/\/macite.tg\/wp-content\/uploads\/2025\/12\/25654f37-5961-401c-ac23-dac1be133606.jpg\" \/>\n\t<meta property=\"og:image:width\" content=\"500\" \/>\n\t<meta property=\"og:image:height\" content=\"667\" \/>\n\t<meta property=\"og:image:type\" content=\"image\/jpeg\" \/>\n<meta name=\"author\" content=\"Jean Pierre BAWELA\" \/>\n<meta name=\"twitter:card\" content=\"summary_large_image\" \/>\n<meta name=\"twitter:label1\" content=\"\u00c9crit par\" \/>\n\t<meta name=\"twitter:data1\" content=\"Jean Pierre BAWELA\" \/>\n\t<meta name=\"twitter:label2\" content=\"Dur\u00e9e de lecture estim\u00e9e\" \/>\n\t<meta name=\"twitter:data2\" content=\"2 minutes\" \/>\n<script type=\"application\/ld+json\" class=\"yoast-schema-graph\">{\"@context\":\"https:\\\/\\\/schema.org\",\"@graph\":[{\"@type\":\"Article\",\"@id\":\"https:\\\/\\\/macite.tg\\\/?p=26626#article\",\"isPartOf\":{\"@id\":\"https:\\\/\\\/macite.tg\\\/?p=26626\"},\"author\":{\"name\":\"Jean Pierre BAWELA\",\"@id\":\"https:\\\/\\\/macite.tg\\\/#\\\/schema\\\/person\\\/e9f2de7e5dbbe7770a9402c7ce82f5c2\"},\"headline\":\"CIN\u00c9MA : Le film \u2018\u2019IMANI BOUNKA\u2019\u2019 en salle \u00e0 Bafilo ce 19 d\u00e9cembre 2025\",\"datePublished\":\"2025-12-05T14:38:48+00:00\",\"dateModified\":\"2025-12-05T14:47:18+00:00\",\"mainEntityOfPage\":{\"@id\":\"https:\\\/\\\/macite.tg\\\/?p=26626\"},\"wordCount\":248,\"commentCount\":0,\"image\":{\"@id\":\"https:\\\/\\\/macite.tg\\\/?p=26626#primaryimage\"},\"thumbnailUrl\":\"https:\\\/\\\/macite.tg\\\/wp-content\\\/uploads\\\/2025\\\/12\\\/25654f37-5961-401c-ac23-dac1be133606.jpg\",\"articleSection\":[\"ACTUALITE\",\"CULTURE\"],\"inLanguage\":\"fr-FR\",\"potentialAction\":[{\"@type\":\"CommentAction\",\"name\":\"Comment\",\"target\":[\"https:\\\/\\\/macite.tg\\\/?p=26626#respond\"]}]},{\"@type\":\"WebPage\",\"@id\":\"https:\\\/\\\/macite.tg\\\/?p=26626\",\"url\":\"https:\\\/\\\/macite.tg\\\/?p=26626\",\"name\":\"CIN\u00c9MA : Le film \u2018\u2019IMANI BOUNKA\u2019\u2019 en salle \u00e0 Bafilo ce 19 d\u00e9cembre 2025 -\",\"isPartOf\":{\"@id\":\"https:\\\/\\\/macite.tg\\\/#website\"},\"primaryImageOfPage\":{\"@id\":\"https:\\\/\\\/macite.tg\\\/?p=26626#primaryimage\"},\"image\":{\"@id\":\"https:\\\/\\\/macite.tg\\\/?p=26626#primaryimage\"},\"thumbnailUrl\":\"https:\\\/\\\/macite.tg\\\/wp-content\\\/uploads\\\/2025\\\/12\\\/25654f37-5961-401c-ac23-dac1be133606.jpg\",\"datePublished\":\"2025-12-05T14:38:48+00:00\",\"dateModified\":\"2025-12-05T14:47:18+00:00\",\"author\":{\"@id\":\"https:\\\/\\\/macite.tg\\\/#\\\/schema\\\/person\\\/e9f2de7e5dbbe7770a9402c7ce82f5c2\"},\"breadcrumb\":{\"@id\":\"https:\\\/\\\/macite.tg\\\/?p=26626#breadcrumb\"},\"inLanguage\":\"fr-FR\",\"potentialAction\":[{\"@type\":\"ReadAction\",\"target\":[\"https:\\\/\\\/macite.tg\\\/?p=26626\"]}]},{\"@type\":\"ImageObject\",\"inLanguage\":\"fr-FR\",\"@id\":\"https:\\\/\\\/macite.tg\\\/?p=26626#primaryimage\",\"url\":\"https:\\\/\\\/macite.tg\\\/wp-content\\\/uploads\\\/2025\\\/12\\\/25654f37-5961-401c-ac23-dac1be133606.jpg\",\"contentUrl\":\"https:\\\/\\\/macite.tg\\\/wp-content\\\/uploads\\\/2025\\\/12\\\/25654f37-5961-401c-ac23-dac1be133606.jpg\",\"width\":500,\"height\":667},{\"@type\":\"BreadcrumbList\",\"@id\":\"https:\\\/\\\/macite.tg\\\/?p=26626#breadcrumb\",\"itemListElement\":[{\"@type\":\"ListItem\",\"position\":1,\"name\":\"Accueil\",\"item\":\"https:\\\/\\\/macite.tg\\\/\"},{\"@type\":\"ListItem\",\"position\":2,\"name\":\"CIN\u00c9MA : Le film \u2018\u2019IMANI BOUNKA\u2019\u2019 en salle \u00e0 Bafilo ce 19 d\u00e9cembre 2025\"}]},{\"@type\":\"WebSite\",\"@id\":\"https:\\\/\\\/macite.tg\\\/#website\",\"url\":\"https:\\\/\\\/macite.tg\\\/\",\"name\":\"\",\"description\":\"L&#039;information, la bonne!!!\",\"potentialAction\":[{\"@type\":\"SearchAction\",\"target\":{\"@type\":\"EntryPoint\",\"urlTemplate\":\"https:\\\/\\\/macite.tg\\\/?s={search_term_string}\"},\"query-input\":{\"@type\":\"PropertyValueSpecification\",\"valueRequired\":true,\"valueName\":\"search_term_string\"}}],\"inLanguage\":\"fr-FR\"},{\"@type\":\"Person\",\"@id\":\"https:\\\/\\\/macite.tg\\\/#\\\/schema\\\/person\\\/e9f2de7e5dbbe7770a9402c7ce82f5c2\",\"name\":\"Jean Pierre BAWELA\",\"image\":{\"@type\":\"ImageObject\",\"inLanguage\":\"fr-FR\",\"@id\":\"https:\\\/\\\/macite.tg\\\/wp-content\\\/uploads\\\/2023\\\/09\\\/WhatsApp-Image-2023-09-19-at-14.44.41-122x122.jpeg\",\"url\":\"https:\\\/\\\/macite.tg\\\/wp-content\\\/uploads\\\/2023\\\/09\\\/WhatsApp-Image-2023-09-19-at-14.44.41-122x122.jpeg\",\"contentUrl\":\"https:\\\/\\\/macite.tg\\\/wp-content\\\/uploads\\\/2023\\\/09\\\/WhatsApp-Image-2023-09-19-at-14.44.41-122x122.jpeg\",\"caption\":\"Jean Pierre BAWELA\"},\"url\":\"https:\\\/\\\/macite.tg\\\/?author=2\"}]}<\/script>\n<!-- \/ Yoast SEO plugin. -->","yoast_head_json":{"title":"CIN\u00c9MA : Le film \u2018\u2019IMANI BOUNKA\u2019\u2019 en salle \u00e0 Bafilo ce 19 d\u00e9cembre 2025 -","robots":{"index":"index","follow":"follow","max-snippet":"max-snippet:-1","max-image-preview":"max-image-preview:large","max-video-preview":"max-video-preview:-1"},"canonical":"https:\/\/macite.tg\/?p=26626","og_locale":"fr_FR","og_type":"article","og_title":"CIN\u00c9MA : Le film \u2018\u2019IMANI BOUNKA\u2019\u2019 en salle \u00e0 Bafilo ce 19 d\u00e9cembre 2025 -","og_description":"Quelques semaines apr\u00e8s son lancement officiel, le film togolais \u2018\u2019 IMANI BOUNKA\u2019\u2019 fera sa premi\u00e8re sortie officielle le 19 d\u00e9cembre prochain \u00e0 Bafilo, dans la pr\u00e9fecture d\u2019Assoli. Les cin\u00e9philes de la pr\u00e9fecture d\u2019Assoli, pr\u00e9cis\u00e9ment Bafilo, sont aux anges. Ils auront la primeur de suivre le [&hellip;]","og_url":"https:\/\/macite.tg\/?p=26626","article_published_time":"2025-12-05T14:38:48+00:00","article_modified_time":"2025-12-05T14:47:18+00:00","og_image":[{"width":500,"height":667,"url":"https:\/\/macite.tg\/wp-content\/uploads\/2025\/12\/25654f37-5961-401c-ac23-dac1be133606.jpg","type":"image\/jpeg"}],"author":"Jean Pierre BAWELA","twitter_card":"summary_large_image","twitter_misc":{"\u00c9crit par":"Jean Pierre BAWELA","Dur\u00e9e de lecture estim\u00e9e":"2 minutes"},"schema":{"@context":"https:\/\/schema.org","@graph":[{"@type":"Article","@id":"https:\/\/macite.tg\/?p=26626#article","isPartOf":{"@id":"https:\/\/macite.tg\/?p=26626"},"author":{"name":"Jean Pierre BAWELA","@id":"https:\/\/macite.tg\/#\/schema\/person\/e9f2de7e5dbbe7770a9402c7ce82f5c2"},"headline":"CIN\u00c9MA : Le film \u2018\u2019IMANI BOUNKA\u2019\u2019 en salle \u00e0 Bafilo ce 19 d\u00e9cembre 2025","datePublished":"2025-12-05T14:38:48+00:00","dateModified":"2025-12-05T14:47:18+00:00","mainEntityOfPage":{"@id":"https:\/\/macite.tg\/?p=26626"},"wordCount":248,"commentCount":0,"image":{"@id":"https:\/\/macite.tg\/?p=26626#primaryimage"},"thumbnailUrl":"https:\/\/macite.tg\/wp-content\/uploads\/2025\/12\/25654f37-5961-401c-ac23-dac1be133606.jpg","articleSection":["ACTUALITE","CULTURE"],"inLanguage":"fr-FR","potentialAction":[{"@type":"CommentAction","name":"Comment","target":["https:\/\/macite.tg\/?p=26626#respond"]}]},{"@type":"WebPage","@id":"https:\/\/macite.tg\/?p=26626","url":"https:\/\/macite.tg\/?p=26626","name":"CIN\u00c9MA : Le film \u2018\u2019IMANI BOUNKA\u2019\u2019 en salle \u00e0 Bafilo ce 19 d\u00e9cembre 2025 -","isPartOf":{"@id":"https:\/\/macite.tg\/#website"},"primaryImageOfPage":{"@id":"https:\/\/macite.tg\/?p=26626#primaryimage"},"image":{"@id":"https:\/\/macite.tg\/?p=26626#primaryimage"},"thumbnailUrl":"https:\/\/macite.tg\/wp-content\/uploads\/2025\/12\/25654f37-5961-401c-ac23-dac1be133606.jpg","datePublished":"2025-12-05T14:38:48+00:00","dateModified":"2025-12-05T14:47:18+00:00","author":{"@id":"https:\/\/macite.tg\/#\/schema\/person\/e9f2de7e5dbbe7770a9402c7ce82f5c2"},"breadcrumb":{"@id":"https:\/\/macite.tg\/?p=26626#breadcrumb"},"inLanguage":"fr-FR","potentialAction":[{"@type":"ReadAction","target":["https:\/\/macite.tg\/?p=26626"]}]},{"@type":"ImageObject","inLanguage":"fr-FR","@id":"https:\/\/macite.tg\/?p=26626#primaryimage","url":"https:\/\/macite.tg\/wp-content\/uploads\/2025\/12\/25654f37-5961-401c-ac23-dac1be133606.jpg","contentUrl":"https:\/\/macite.tg\/wp-content\/uploads\/2025\/12\/25654f37-5961-401c-ac23-dac1be133606.jpg","width":500,"height":667},{"@type":"BreadcrumbList","@id":"https:\/\/macite.tg\/?p=26626#breadcrumb","itemListElement":[{"@type":"ListItem","position":1,"name":"Accueil","item":"https:\/\/macite.tg\/"},{"@type":"ListItem","position":2,"name":"CIN\u00c9MA : Le film \u2018\u2019IMANI BOUNKA\u2019\u2019 en salle \u00e0 Bafilo ce 19 d\u00e9cembre 2025"}]},{"@type":"WebSite","@id":"https:\/\/macite.tg\/#website","url":"https:\/\/macite.tg\/","name":"","description":"L&#039;information, la bonne!!!","potentialAction":[{"@type":"SearchAction","target":{"@type":"EntryPoint","urlTemplate":"https:\/\/macite.tg\/?s={search_term_string}"},"query-input":{"@type":"PropertyValueSpecification","valueRequired":true,"valueName":"search_term_string"}}],"inLanguage":"fr-FR"},{"@type":"Person","@id":"https:\/\/macite.tg\/#\/schema\/person\/e9f2de7e5dbbe7770a9402c7ce82f5c2","name":"Jean Pierre BAWELA","image":{"@type":"ImageObject","inLanguage":"fr-FR","@id":"https:\/\/macite.tg\/wp-content\/uploads\/2023\/09\/WhatsApp-Image-2023-09-19-at-14.44.41-122x122.jpeg","url":"https:\/\/macite.tg\/wp-content\/uploads\/2023\/09\/WhatsApp-Image-2023-09-19-at-14.44.41-122x122.jpeg","contentUrl":"https:\/\/macite.tg\/wp-content\/uploads\/2023\/09\/WhatsApp-Image-2023-09-19-at-14.44.41-122x122.jpeg","caption":"Jean Pierre BAWELA"},"url":"https:\/\/macite.tg\/?author=2"}]}},"_links":{"self":[{"href":"https:\/\/macite.tg\/index.php?rest_route=\/wp\/v2\/posts\/26626","targetHints":{"allow":["GET"]}}],"collection":[{"href":"https:\/\/macite.tg\/index.php?rest_route=\/wp\/v2\/posts"}],"about":[{"href":"https:\/\/macite.tg\/index.php?rest_route=\/wp\/v2\/types\/post"}],"author":[{"embeddable":true,"href":"https:\/\/macite.tg\/index.php?rest_route=\/wp\/v2\/users\/2"}],"replies":[{"embeddable":true,"href":"https:\/\/macite.tg\/index.php?rest_route=%2Fwp%2Fv2%2Fcomments&post=26626"}],"version-history":[{"count":0,"href":"https:\/\/macite.tg\/index.php?rest_route=\/wp\/v2\/posts\/26626\/revisions"}],"wp:featuredmedia":[{"embeddable":true,"href":"https:\/\/macite.tg\/index.php?rest_route=\/wp\/v2\/media\/26628"}],"wp:attachment":[{"href":"https:\/\/macite.tg\/index.php?rest_route=%2Fwp%2Fv2%2Fmedia&parent=26626"}],"wp:term":[{"taxonomy":"category","embeddable":true,"href":"https:\/\/macite.tg\/index.php?rest_route=%2Fwp%2Fv2%2Fcategories&post=26626"},{"taxonomy":"post_tag","embeddable":true,"href":"https:\/\/macite.tg\/index.php?rest_route=%2Fwp%2Fv2%2Ftags&post=26626"}],"curies":[{"name":"wp","href":"https:\/\/api.w.org\/{rel}","templated":true}]}}