{"id":26606,"date":"2025-12-05T12:22:37","date_gmt":"2025-12-05T12:22:37","guid":{"rendered":"https:\/\/macite.tg\/?p=26606"},"modified":"2025-12-05T12:26:52","modified_gmt":"2025-12-05T12:26:52","slug":"securite-de-la-petite-enfance-le-togo-presente-son-modele-de-garderies-communautaires-integrees","status":"publish","type":"post","link":"https:\/\/macite.tg\/?p=26606","title":{"rendered":"SECURITE DE LA PETITE ENFANCE\u00a0: Le Togo pr\u00e9sente son mod\u00e8le de Garderies Communautaires Int\u00e9gr\u00e9es"},"content":{"rendered":"\n<p class=\"wp-block-paragraph\"><strong><em>L\u2019ex\u00e9cutif togolais, en collaboration avec le Syst\u00e8me des Nations Unies et le Rotary Club, a pr\u00e9sent\u00e9, le 27 novembre dernier, l\u2019initiative des Garderies Communautaires Int\u00e9gr\u00e9es. Ce mod\u00e8le novateur vise \u00e0 am\u00e9liorer la prise en charge holistique des enfants de 0 \u00e0 5 ans, tout en soutenant l\u2019autonomisation \u00e9conomique des femmes, notamment celles travaillant dans les march\u00e9s, ainsi que l\u2019employabilit\u00e9 des jeunes.<\/em><\/strong><\/p>\n\n\n\n<p class=\"wp-block-paragraph\">Mod\u00e8le structur\u00e9 et s\u00e9curis\u00e9, cette initiative louable a \u00e9t\u00e9 pr\u00e9sent\u00e9 au cours d\u2019une s\u00e9ance de travail organis\u00e9e \u00e0 l\u2019H\u00f4tel Onomo et ayant r\u00e9uni les Chefs de missions diplomatiques accr\u00e9dit\u00e9es au Togo, le Syst\u00e8me des Nations Unies et plusieurs partenaires techniques et financiers. Cette s\u00e9ance a permis de mettre en lumi\u00e8re les objectifs de cette initiative, son impact potentiel sur les enfants, les m\u00e8res et les jeunes sans emploi, ainsi que les opportunit\u00e9s d\u2019investissement et de partenariat pour les diff\u00e9rents acteurs.<\/p>\n\n\n\n<figure class=\"wp-block-image size-large\"><img loading=\"lazy\" decoding=\"async\" width=\"1024\" height=\"682\" src=\"https:\/\/macite.tg\/wp-content\/uploads\/2025\/12\/image-11-1024x682.png\" alt=\"\" class=\"wp-image-26608\" srcset=\"https:\/\/macite.tg\/wp-content\/uploads\/2025\/12\/image-11-1024x682.png 1024w, https:\/\/macite.tg\/wp-content\/uploads\/2025\/12\/image-11-300x200.png 300w, https:\/\/macite.tg\/wp-content\/uploads\/2025\/12\/image-11-768x512.png 768w, https:\/\/macite.tg\/wp-content\/uploads\/2025\/12\/image-11-1536x1024.png 1536w, https:\/\/macite.tg\/wp-content\/uploads\/2025\/12\/image-11-2048x1365.png 2048w, https:\/\/macite.tg\/wp-content\/uploads\/2025\/12\/image-11-650x434.png 650w, https:\/\/macite.tg\/wp-content\/uploads\/2025\/12\/image-11-730x487.png 730w, https:\/\/macite.tg\/wp-content\/uploads\/2025\/12\/image-11-112x75.png 112w, https:\/\/macite.tg\/wp-content\/uploads\/2025\/12\/image-11-425x283.png 425w, https:\/\/macite.tg\/wp-content\/uploads\/2025\/12\/image-11-430x287.png 430w\" sizes=\"auto, (max-width: 1024px) 100vw, 1024px\" \/><\/figure>\n\n\n\n<p class=\"wp-block-paragraph\"><strong>Investir dans la petite enfance\u2026<\/strong><\/p>\n\n\n\n<p class=\"wp-block-paragraph\">L\u2019initiative des Garderies Communautaires Int\u00e9gr\u00e9es propose un mod\u00e8le structur\u00e9 et s\u00e9curis\u00e9 offrant aux enfants un environnement propice \u00e0 l\u2019apprentissage, \u00e0 la sant\u00e9, \u00e0 la nutrition, \u00e0 la stimulation pr\u00e9coce et \u00e0 la protection. Elle permet \u00e9galement aux m\u00e8res de se consacrer \u00e0 leurs activit\u00e9s g\u00e9n\u00e9ratrices de revenus en toute s\u00e9r\u00e9nit\u00e9.<\/p>\n\n\n\n<p class=\"wp-block-paragraph\">Pour la ministre des Solidarit\u00e9s, du Genre, de la Famille et de la Protection de l\u2019Enfance, Mme Martine Moni Sankaredja, il s\u2019agit, \u00e0 travers cette initiative, investir dans ce puissant levier de d\u00e9veloppement national qu\u2019est la petite enfance.<\/p>\n\n\n\n<p class=\"wp-block-paragraph\"><em>\u00ab Les premi\u00e8res ann\u00e9es de vie d\u00e9terminent le d\u00e9veloppement cognitif, \u00e9motionnel et social de l\u2019enfant. En investissant dans des garderies de qualit\u00e9, nous pr\u00e9parons une g\u00e9n\u00e9ration plus saine, plus instruite et plus productive, tout en favorisant l\u2019autonomisation \u00e9conomique des femmes et l\u2019\u00e9galit\u00e9 des chances \u00bb, <\/em>a indiqu\u00e9 la ministre.<\/p>\n\n\n\n<p class=\"wp-block-paragraph\"><strong>Une initiative \u00e0 porter \u00e0 l\u2019\u00e9chelle<\/strong><\/p>\n\n\n\n<p class=\"wp-block-paragraph\">L\u2019ex\u00e9cutif togolais et ses partenaires ont, au cours de cette rencontre, pr\u00e9sent\u00e9 les besoins en investissement n\u00e9cessaires \u00e0 la mise \u00e0 l\u2019\u00e9chelle du projet ainsi que les modalit\u00e9s de partenariat possibles.<\/p>\n\n\n\n<p class=\"wp-block-paragraph\"><em>\u00ab En lib\u00e9rant les m\u00e8res de la garde permanente de leurs enfants, ces garderies leur permettront d\u2019accro\u00eetre leurs revenus. Elles offriront aux tout-petits un environnement s\u00e9curis\u00e9, une alimentation ad\u00e9quate, des soins de sant\u00e9, la d\u00e9livrance des actes de naissance et une stimulation pr\u00e9coce indispensable \u00e0 leur d\u00e9veloppement \u00bb,<\/em> a soulign\u00e9 Dr Erinna Corinne Dia, Repr\u00e9sentante R\u00e9sidente de l\u2019UNICEF au Togo.<\/p>\n\n\n\n<figure class=\"wp-block-image size-large\"><img loading=\"lazy\" decoding=\"async\" width=\"1024\" height=\"682\" src=\"https:\/\/macite.tg\/wp-content\/uploads\/2025\/12\/image-12-1024x682.png\" alt=\"\" class=\"wp-image-26609\" srcset=\"https:\/\/macite.tg\/wp-content\/uploads\/2025\/12\/image-12-1024x682.png 1024w, https:\/\/macite.tg\/wp-content\/uploads\/2025\/12\/image-12-300x200.png 300w, https:\/\/macite.tg\/wp-content\/uploads\/2025\/12\/image-12-768x512.png 768w, https:\/\/macite.tg\/wp-content\/uploads\/2025\/12\/image-12-1536x1024.png 1536w, https:\/\/macite.tg\/wp-content\/uploads\/2025\/12\/image-12-2048x1365.png 2048w, https:\/\/macite.tg\/wp-content\/uploads\/2025\/12\/image-12-650x434.png 650w, https:\/\/macite.tg\/wp-content\/uploads\/2025\/12\/image-12-730x487.png 730w, https:\/\/macite.tg\/wp-content\/uploads\/2025\/12\/image-12-112x75.png 112w, https:\/\/macite.tg\/wp-content\/uploads\/2025\/12\/image-12-425x283.png 425w, https:\/\/macite.tg\/wp-content\/uploads\/2025\/12\/image-12-430x287.png 430w\" sizes=\"auto, (max-width: 1024px) 100vw, 1024px\" \/><\/figure>\n\n\n\n<p class=\"wp-block-paragraph\">Expliquant la motivation du Rotary \u00e0 s\u2019engager dans cette initiative, Mme Maryse Adotevi, Gouverneure du Rotary Club Lom\u00e9 \u2013 District 9103 a indiqu\u00e9 qu\u2019il \u00e9tait question de <em>\u00ab r\u00e9pondre directement \u00e0 notre mandat : am\u00e9liorer la sant\u00e9 de la m\u00e8re et de l\u2019enfant et participer au d\u00e9veloppement \u00e9conomique et social du Togo. \u00bb<\/em><\/p>\n\n\n\n<p class=\"wp-block-paragraph\">Notons que la mise en \u0153uvre de ce projet ambitieux repose sur une strat\u00e9gie de mobilisation de ressources articul\u00e9e autour d\u2019un d\u00eener de gala caritatif de prestige pr\u00e9vu le 12 d\u00e9cembre 2025. Cet \u00e9v\u00e9nement majeur constituera le principal levier de lev\u00e9e de fonds et permettra de sensibiliser les partenaires et les acteurs cl\u00e9s aux enjeux du d\u00e9veloppement de la petite enfance au Togo.<\/p>\n\n\n\n<p class=\"wp-block-paragraph\"><strong>La R\u00e9daction<\/strong><\/p>\n\n\n\n<p class=\"wp-block-paragraph\"><a><strong><em>@macite.tg&nbsp;&nbsp;&nbsp;&nbsp;&nbsp;&nbsp;&nbsp;&nbsp;<\/em><\/strong><\/a><\/p>\n\n\n\n<p class=\"wp-block-paragraph\"><strong><em>E-mail&nbsp;: <\/em><\/strong><a href=\"mailto:maciteinfo@gmail.com\"><strong><em>maciteinfo@gmail.com<\/em><\/strong><\/a><strong><em>; <\/em><\/strong><a href=\"mailto:bawela1@gmail.com\"><strong><em>bawela1@gmail.com<\/em><\/strong><\/a><strong><em><\/em><\/strong><\/p>\n\n\n\n<p class=\"wp-block-paragraph\"><strong><em>Pour vos annonces, (publi)reportages, etc., joignez-nous au (00228)91515309\/<strong>79872224 <\/strong><strong><\/strong><\/em><\/strong><\/p>\n\n\n\n<p class=\"wp-block-paragraph\"><strong><em>www.macite.tg, L\u2019information, la bonne&nbsp;!<\/em><\/strong><\/p>\n\n\n\n<p class=\"wp-block-paragraph\"><\/p>\n","protected":false},"excerpt":{"rendered":"<p class=\"text-justify mb-2\" >L\u2019ex\u00e9cutif togolais, en collaboration avec le Syst\u00e8me des Nations Unies et le Rotary Club, a pr\u00e9sent\u00e9, le 27 novembre dernier, l\u2019initiative des Garderies Communautaires Int\u00e9gr\u00e9es. Ce mod\u00e8le novateur vise \u00e0 am\u00e9liorer la prise en charge holistique des enfants de 0 \u00e0 5 ans, tout en [&hellip;]<\/p>\n","protected":false},"author":2,"featured_media":26607,"comment_status":"open","ping_status":"open","sticky":false,"template":"","format":"standard","meta":{"footnotes":""},"categories":[20,28],"tags":[],"class_list":["post-26606","post","type-post","status-publish","format-standard","has-post-thumbnail","hentry","category-actualite","category-securite"],"yoast_head":"<!-- This site is optimized with the Yoast SEO plugin v28.4 - https:\/\/yoast.com\/product\/yoast-seo-wordpress\/ -->\n<title>SECURITE DE LA PETITE ENFANCE\u00a0: Le Togo pr\u00e9sente son mod\u00e8le de Garderies Communautaires Int\u00e9gr\u00e9es -<\/title>\n<meta name=\"robots\" content=\"index, follow, max-snippet:-1, max-image-preview:large, max-video-preview:-1\" \/>\n<link rel=\"canonical\" href=\"https:\/\/macite.tg\/?p=26606\" \/>\n<meta property=\"og:locale\" content=\"fr_FR\" \/>\n<meta property=\"og:type\" content=\"article\" \/>\n<meta property=\"og:title\" content=\"SECURITE DE LA PETITE ENFANCE\u00a0: Le Togo pr\u00e9sente son mod\u00e8le de Garderies Communautaires Int\u00e9gr\u00e9es -\" \/>\n<meta property=\"og:description\" content=\"L\u2019ex\u00e9cutif togolais, en collaboration avec le Syst\u00e8me des Nations Unies et le Rotary Club, a pr\u00e9sent\u00e9, le 27 novembre dernier, l\u2019initiative des Garderies Communautaires Int\u00e9gr\u00e9es. Ce mod\u00e8le novateur vise \u00e0 am\u00e9liorer la prise en charge holistique des enfants de 0 \u00e0 5 ans, tout en [&hellip;]\" \/>\n<meta property=\"og:url\" content=\"https:\/\/macite.tg\/?p=26606\" \/>\n<meta property=\"article:published_time\" content=\"2025-12-05T12:22:37+00:00\" \/>\n<meta property=\"article:modified_time\" content=\"2025-12-05T12:26:52+00:00\" \/>\n<meta property=\"og:image\" content=\"https:\/\/macite.tg\/wp-content\/uploads\/2025\/12\/Garderie-togo.jpg\" \/>\n\t<meta property=\"og:image:width\" content=\"500\" \/>\n\t<meta property=\"og:image:height\" content=\"333\" \/>\n\t<meta property=\"og:image:type\" content=\"image\/jpeg\" \/>\n<meta name=\"author\" content=\"Jean Pierre BAWELA\" \/>\n<meta name=\"twitter:card\" content=\"summary_large_image\" \/>\n<meta name=\"twitter:label1\" content=\"\u00c9crit par\" \/>\n\t<meta name=\"twitter:data1\" content=\"Jean Pierre BAWELA\" \/>\n\t<meta name=\"twitter:label2\" content=\"Dur\u00e9e de lecture estim\u00e9e\" \/>\n\t<meta name=\"twitter:data2\" content=\"4 minutes\" \/>\n<script type=\"application\/ld+json\" class=\"yoast-schema-graph\">{\"@context\":\"https:\\\/\\\/schema.org\",\"@graph\":[{\"@type\":\"Article\",\"@id\":\"https:\\\/\\\/macite.tg\\\/?p=26606#article\",\"isPartOf\":{\"@id\":\"https:\\\/\\\/macite.tg\\\/?p=26606\"},\"author\":{\"name\":\"Jean Pierre BAWELA\",\"@id\":\"https:\\\/\\\/macite.tg\\\/#\\\/schema\\\/person\\\/e9f2de7e5dbbe7770a9402c7ce82f5c2\"},\"headline\":\"SECURITE DE LA PETITE ENFANCE\u00a0: Le Togo pr\u00e9sente son mod\u00e8le de Garderies Communautaires Int\u00e9gr\u00e9es\",\"datePublished\":\"2025-12-05T12:22:37+00:00\",\"dateModified\":\"2025-12-05T12:26:52+00:00\",\"mainEntityOfPage\":{\"@id\":\"https:\\\/\\\/macite.tg\\\/?p=26606\"},\"wordCount\":614,\"commentCount\":0,\"image\":{\"@id\":\"https:\\\/\\\/macite.tg\\\/?p=26606#primaryimage\"},\"thumbnailUrl\":\"https:\\\/\\\/macite.tg\\\/wp-content\\\/uploads\\\/2025\\\/12\\\/Garderie-togo.jpg\",\"articleSection\":[\"ACTUALITE\",\"SECURITE\"],\"inLanguage\":\"fr-FR\",\"potentialAction\":[{\"@type\":\"CommentAction\",\"name\":\"Comment\",\"target\":[\"https:\\\/\\\/macite.tg\\\/?p=26606#respond\"]}]},{\"@type\":\"WebPage\",\"@id\":\"https:\\\/\\\/macite.tg\\\/?p=26606\",\"url\":\"https:\\\/\\\/macite.tg\\\/?p=26606\",\"name\":\"SECURITE DE LA PETITE ENFANCE\u00a0: Le Togo pr\u00e9sente son mod\u00e8le de Garderies Communautaires Int\u00e9gr\u00e9es -\",\"isPartOf\":{\"@id\":\"https:\\\/\\\/macite.tg\\\/#website\"},\"primaryImageOfPage\":{\"@id\":\"https:\\\/\\\/macite.tg\\\/?p=26606#primaryimage\"},\"image\":{\"@id\":\"https:\\\/\\\/macite.tg\\\/?p=26606#primaryimage\"},\"thumbnailUrl\":\"https:\\\/\\\/macite.tg\\\/wp-content\\\/uploads\\\/2025\\\/12\\\/Garderie-togo.jpg\",\"datePublished\":\"2025-12-05T12:22:37+00:00\",\"dateModified\":\"2025-12-05T12:26:52+00:00\",\"author\":{\"@id\":\"https:\\\/\\\/macite.tg\\\/#\\\/schema\\\/person\\\/e9f2de7e5dbbe7770a9402c7ce82f5c2\"},\"breadcrumb\":{\"@id\":\"https:\\\/\\\/macite.tg\\\/?p=26606#breadcrumb\"},\"inLanguage\":\"fr-FR\",\"potentialAction\":[{\"@type\":\"ReadAction\",\"target\":[\"https:\\\/\\\/macite.tg\\\/?p=26606\"]}]},{\"@type\":\"ImageObject\",\"inLanguage\":\"fr-FR\",\"@id\":\"https:\\\/\\\/macite.tg\\\/?p=26606#primaryimage\",\"url\":\"https:\\\/\\\/macite.tg\\\/wp-content\\\/uploads\\\/2025\\\/12\\\/Garderie-togo.jpg\",\"contentUrl\":\"https:\\\/\\\/macite.tg\\\/wp-content\\\/uploads\\\/2025\\\/12\\\/Garderie-togo.jpg\",\"width\":500,\"height\":333},{\"@type\":\"BreadcrumbList\",\"@id\":\"https:\\\/\\\/macite.tg\\\/?p=26606#breadcrumb\",\"itemListElement\":[{\"@type\":\"ListItem\",\"position\":1,\"name\":\"Accueil\",\"item\":\"https:\\\/\\\/macite.tg\\\/\"},{\"@type\":\"ListItem\",\"position\":2,\"name\":\"SECURITE DE LA PETITE ENFANCE\u00a0: Le Togo pr\u00e9sente son mod\u00e8le de Garderies Communautaires Int\u00e9gr\u00e9es\"}]},{\"@type\":\"WebSite\",\"@id\":\"https:\\\/\\\/macite.tg\\\/#website\",\"url\":\"https:\\\/\\\/macite.tg\\\/\",\"name\":\"\",\"description\":\"L&#039;information, la bonne!!!\",\"potentialAction\":[{\"@type\":\"SearchAction\",\"target\":{\"@type\":\"EntryPoint\",\"urlTemplate\":\"https:\\\/\\\/macite.tg\\\/?s={search_term_string}\"},\"query-input\":{\"@type\":\"PropertyValueSpecification\",\"valueRequired\":true,\"valueName\":\"search_term_string\"}}],\"inLanguage\":\"fr-FR\"},{\"@type\":\"Person\",\"@id\":\"https:\\\/\\\/macite.tg\\\/#\\\/schema\\\/person\\\/e9f2de7e5dbbe7770a9402c7ce82f5c2\",\"name\":\"Jean Pierre BAWELA\",\"image\":{\"@type\":\"ImageObject\",\"inLanguage\":\"fr-FR\",\"@id\":\"https:\\\/\\\/macite.tg\\\/wp-content\\\/uploads\\\/2023\\\/09\\\/WhatsApp-Image-2023-09-19-at-14.44.41-122x122.jpeg\",\"url\":\"https:\\\/\\\/macite.tg\\\/wp-content\\\/uploads\\\/2023\\\/09\\\/WhatsApp-Image-2023-09-19-at-14.44.41-122x122.jpeg\",\"contentUrl\":\"https:\\\/\\\/macite.tg\\\/wp-content\\\/uploads\\\/2023\\\/09\\\/WhatsApp-Image-2023-09-19-at-14.44.41-122x122.jpeg\",\"caption\":\"Jean Pierre BAWELA\"},\"url\":\"https:\\\/\\\/macite.tg\\\/?author=2\"}]}<\/script>\n<!-- \/ Yoast SEO plugin. -->","yoast_head_json":{"title":"SECURITE DE LA PETITE ENFANCE\u00a0: Le Togo pr\u00e9sente son mod\u00e8le de Garderies Communautaires Int\u00e9gr\u00e9es -","robots":{"index":"index","follow":"follow","max-snippet":"max-snippet:-1","max-image-preview":"max-image-preview:large","max-video-preview":"max-video-preview:-1"},"canonical":"https:\/\/macite.tg\/?p=26606","og_locale":"fr_FR","og_type":"article","og_title":"SECURITE DE LA PETITE ENFANCE\u00a0: Le Togo pr\u00e9sente son mod\u00e8le de Garderies Communautaires Int\u00e9gr\u00e9es -","og_description":"L\u2019ex\u00e9cutif togolais, en collaboration avec le Syst\u00e8me des Nations Unies et le Rotary Club, a pr\u00e9sent\u00e9, le 27 novembre dernier, l\u2019initiative des Garderies Communautaires Int\u00e9gr\u00e9es. Ce mod\u00e8le novateur vise \u00e0 am\u00e9liorer la prise en charge holistique des enfants de 0 \u00e0 5 ans, tout en [&hellip;]","og_url":"https:\/\/macite.tg\/?p=26606","article_published_time":"2025-12-05T12:22:37+00:00","article_modified_time":"2025-12-05T12:26:52+00:00","og_image":[{"width":500,"height":333,"url":"https:\/\/macite.tg\/wp-content\/uploads\/2025\/12\/Garderie-togo.jpg","type":"image\/jpeg"}],"author":"Jean Pierre BAWELA","twitter_card":"summary_large_image","twitter_misc":{"\u00c9crit par":"Jean Pierre BAWELA","Dur\u00e9e de lecture estim\u00e9e":"4 minutes"},"schema":{"@context":"https:\/\/schema.org","@graph":[{"@type":"Article","@id":"https:\/\/macite.tg\/?p=26606#article","isPartOf":{"@id":"https:\/\/macite.tg\/?p=26606"},"author":{"name":"Jean Pierre BAWELA","@id":"https:\/\/macite.tg\/#\/schema\/person\/e9f2de7e5dbbe7770a9402c7ce82f5c2"},"headline":"SECURITE DE LA PETITE ENFANCE\u00a0: Le Togo pr\u00e9sente son mod\u00e8le de Garderies Communautaires Int\u00e9gr\u00e9es","datePublished":"2025-12-05T12:22:37+00:00","dateModified":"2025-12-05T12:26:52+00:00","mainEntityOfPage":{"@id":"https:\/\/macite.tg\/?p=26606"},"wordCount":614,"commentCount":0,"image":{"@id":"https:\/\/macite.tg\/?p=26606#primaryimage"},"thumbnailUrl":"https:\/\/macite.tg\/wp-content\/uploads\/2025\/12\/Garderie-togo.jpg","articleSection":["ACTUALITE","SECURITE"],"inLanguage":"fr-FR","potentialAction":[{"@type":"CommentAction","name":"Comment","target":["https:\/\/macite.tg\/?p=26606#respond"]}]},{"@type":"WebPage","@id":"https:\/\/macite.tg\/?p=26606","url":"https:\/\/macite.tg\/?p=26606","name":"SECURITE DE LA PETITE ENFANCE\u00a0: Le Togo pr\u00e9sente son mod\u00e8le de Garderies Communautaires Int\u00e9gr\u00e9es -","isPartOf":{"@id":"https:\/\/macite.tg\/#website"},"primaryImageOfPage":{"@id":"https:\/\/macite.tg\/?p=26606#primaryimage"},"image":{"@id":"https:\/\/macite.tg\/?p=26606#primaryimage"},"thumbnailUrl":"https:\/\/macite.tg\/wp-content\/uploads\/2025\/12\/Garderie-togo.jpg","datePublished":"2025-12-05T12:22:37+00:00","dateModified":"2025-12-05T12:26:52+00:00","author":{"@id":"https:\/\/macite.tg\/#\/schema\/person\/e9f2de7e5dbbe7770a9402c7ce82f5c2"},"breadcrumb":{"@id":"https:\/\/macite.tg\/?p=26606#breadcrumb"},"inLanguage":"fr-FR","potentialAction":[{"@type":"ReadAction","target":["https:\/\/macite.tg\/?p=26606"]}]},{"@type":"ImageObject","inLanguage":"fr-FR","@id":"https:\/\/macite.tg\/?p=26606#primaryimage","url":"https:\/\/macite.tg\/wp-content\/uploads\/2025\/12\/Garderie-togo.jpg","contentUrl":"https:\/\/macite.tg\/wp-content\/uploads\/2025\/12\/Garderie-togo.jpg","width":500,"height":333},{"@type":"BreadcrumbList","@id":"https:\/\/macite.tg\/?p=26606#breadcrumb","itemListElement":[{"@type":"ListItem","position":1,"name":"Accueil","item":"https:\/\/macite.tg\/"},{"@type":"ListItem","position":2,"name":"SECURITE DE LA PETITE ENFANCE\u00a0: Le Togo pr\u00e9sente son mod\u00e8le de Garderies Communautaires Int\u00e9gr\u00e9es"}]},{"@type":"WebSite","@id":"https:\/\/macite.tg\/#website","url":"https:\/\/macite.tg\/","name":"","description":"L&#039;information, la bonne!!!","potentialAction":[{"@type":"SearchAction","target":{"@type":"EntryPoint","urlTemplate":"https:\/\/macite.tg\/?s={search_term_string}"},"query-input":{"@type":"PropertyValueSpecification","valueRequired":true,"valueName":"search_term_string"}}],"inLanguage":"fr-FR"},{"@type":"Person","@id":"https:\/\/macite.tg\/#\/schema\/person\/e9f2de7e5dbbe7770a9402c7ce82f5c2","name":"Jean Pierre BAWELA","image":{"@type":"ImageObject","inLanguage":"fr-FR","@id":"https:\/\/macite.tg\/wp-content\/uploads\/2023\/09\/WhatsApp-Image-2023-09-19-at-14.44.41-122x122.jpeg","url":"https:\/\/macite.tg\/wp-content\/uploads\/2023\/09\/WhatsApp-Image-2023-09-19-at-14.44.41-122x122.jpeg","contentUrl":"https:\/\/macite.tg\/wp-content\/uploads\/2023\/09\/WhatsApp-Image-2023-09-19-at-14.44.41-122x122.jpeg","caption":"Jean Pierre BAWELA"},"url":"https:\/\/macite.tg\/?author=2"}]}},"_links":{"self":[{"href":"https:\/\/macite.tg\/index.php?rest_route=\/wp\/v2\/posts\/26606","targetHints":{"allow":["GET"]}}],"collection":[{"href":"https:\/\/macite.tg\/index.php?rest_route=\/wp\/v2\/posts"}],"about":[{"href":"https:\/\/macite.tg\/index.php?rest_route=\/wp\/v2\/types\/post"}],"author":[{"embeddable":true,"href":"https:\/\/macite.tg\/index.php?rest_route=\/wp\/v2\/users\/2"}],"replies":[{"embeddable":true,"href":"https:\/\/macite.tg\/index.php?rest_route=%2Fwp%2Fv2%2Fcomments&post=26606"}],"version-history":[{"count":0,"href":"https:\/\/macite.tg\/index.php?rest_route=\/wp\/v2\/posts\/26606\/revisions"}],"wp:featuredmedia":[{"embeddable":true,"href":"https:\/\/macite.tg\/index.php?rest_route=\/wp\/v2\/media\/26607"}],"wp:attachment":[{"href":"https:\/\/macite.tg\/index.php?rest_route=%2Fwp%2Fv2%2Fmedia&parent=26606"}],"wp:term":[{"taxonomy":"category","embeddable":true,"href":"https:\/\/macite.tg\/index.php?rest_route=%2Fwp%2Fv2%2Fcategories&post=26606"},{"taxonomy":"post_tag","embeddable":true,"href":"https:\/\/macite.tg\/index.php?rest_route=%2Fwp%2Fv2%2Ftags&post=26606"}],"curies":[{"name":"wp","href":"https:\/\/api.w.org\/{rel}","templated":true}]}}