{"id":26605,"date":"2025-12-05T12:43:02","date_gmt":"2025-12-05T12:43:02","guid":{"rendered":"https:\/\/macite.tg\/?p=26605"},"modified":"2025-12-05T13:24:20","modified_gmt":"2025-12-05T13:24:20","slug":"paix-et-stabilite-dans-les-grands-lacs-loffensive-diplomatique-et-strategique-du-mediateur-designe-de-lua-faure-gnassingbe-a-porte-ses-fruits","status":"publish","type":"post","link":"https:\/\/macite.tg\/?p=26605","title":{"rendered":"PAIX ET STABILITE DANS LES GRANDS LACS\u00a0: L\u2019offensive diplomatique et strat\u00e9gique du M\u00e9diateur d\u00e9sign\u00e9 de l\u2019Ua, Faure Gnassingb\u00e9, a port\u00e9 ses fruits"},"content":{"rendered":"\n<p class=\"wp-block-paragraph\"><strong><em>Depuis sa d\u00e9signation officielle par l\u2019Union africaine en tant que M\u00e9diateur pour le r\u00e8glement de la crise dans l\u2019Est de la R\u00e9publique D\u00e9mocratique du Congo, le Pr\u00e9sident Faure Essozimna Gnassingb\u00e9 s\u2019est pleinement investi dans une dynamique diplomatique soutenue et inclusive pour le retour durable \u00e0 la stabilit\u00e9, la s\u00e9curit\u00e9 et la coop\u00e9ration dans cette r\u00e9gion marqu\u00e9e par des tensions persistantes aux cons\u00e9quences \u00e9conomiques et humanitaires inqui\u00e9tantes. \u00c0 travers une s\u00e9rie d\u2019initiatives, de consultations bilat\u00e9rales et multilat\u00e9rales permanentes marqu\u00e9es de rencontres r\u00e9guli\u00e8res avec les acteurs r\u00e9gionaux et internationaux, le Pr\u00e9sident du Conseil a \u0153uvr\u00e9 \u00e0 instaurer un dialogue constructif, renforcer la confiance entre les parties prenantes et favoriser des solutions durables \u00e0 la crise qui affecte l\u2019Est de la R\u00e9publique D\u00e9mocratique du Congo.<\/em><\/strong><\/p>\n\n\n\n<p class=\"wp-block-paragraph\"><strong><em>Une mission d\u2019espoir confi\u00e9e \u00e0 Faure Gnassingb\u00e9 par l\u2019Union africaine<\/em><\/strong><\/p>\n\n\n\n<p class=\"wp-block-paragraph\">Le 05 avril 2025, le Pr\u00e9sident du Conseil Faure Essozimna Gnassingb\u00e9 a \u00e9t\u00e9 d\u00e9sign\u00e9 par l\u2019Union africaine en qualit\u00e9 de M\u00e9diateur dans la crise entre la R\u00e9publique D\u00e9mocratique du Congo (RDC) et le Rwanda, conform\u00e9ment au mandat de l\u2019Union africaine de promouvoir la paix, la s\u00e9curit\u00e9 et la stabilit\u00e9 sur le continent.<\/p>\n\n\n\n<p class=\"wp-block-paragraph\">Cette d\u00e9cision de l\u2019instance continentale est intervenue \u00e0 l\u2019issue de la premi\u00e8re r\u00e9union du bureau de la Conf\u00e9rence de l\u2019Union africaine sur la situation \u00e0 l\u2019Est de la RDC sous la pr\u00e9sidence de SEM Jo\u00e3o Manuel Gon\u00e7alves Louren\u00e7o, Pr\u00e9sident de la R\u00e9publique d\u2019Angola et Pr\u00e9sident en exercice de la Conf\u00e9rence des chefs d\u2019Etat et de gouvernement de l\u2019Union africaine.<\/p>\n\n\n<div class=\"wp-block-image\">\n<figure class=\"aligncenter size-full\"><img loading=\"lazy\" decoding=\"async\" width=\"800\" height=\"586\" src=\"https:\/\/macite.tg\/wp-content\/uploads\/2025\/12\/image-13.png\" alt=\"\" class=\"wp-image-26611\" srcset=\"https:\/\/macite.tg\/wp-content\/uploads\/2025\/12\/image-13.png 800w, https:\/\/macite.tg\/wp-content\/uploads\/2025\/12\/image-13-300x220.png 300w, https:\/\/macite.tg\/wp-content\/uploads\/2025\/12\/image-13-768x563.png 768w\" sizes=\"auto, (max-width: 800px) 100vw, 800px\" \/><\/figure>\n<\/div>\n\n\n<p class=\"wp-block-paragraph\">La d\u00e9signation de Faure Essozimna Gnassingb\u00e9 est une marque de confiance renouvel\u00e9e et une r\u00e9ponse \u00e0 la n\u00e9cessit\u00e9 d\u2019une m\u00e9diation impartiale, exp\u00e9riment\u00e9e et capable de r\u00e9concilier les protagonistes. Cette d\u00e9marche s\u2019inscrit dans la volont\u00e9 de privil\u00e9gier une solution africaine aux d\u00e9fis s\u00e9curitaires de la r\u00e9gion. Cette nomination t\u00e9moigne \u00e9galement de la stature internationale et de l\u2019engagement du Pr\u00e9sident du Conseil pour la paix, reconnus par ses pairs et les organisations r\u00e9gionales et continentales.<\/p>\n\n\n\n<p class=\"wp-block-paragraph\"><strong><em>Faure Gnassingb\u00e9 marque son engagement pour la paix dans cette r\u00e9gion aux premi\u00e8res heures<\/em><\/strong><\/p>\n\n\n\n<p class=\"wp-block-paragraph\">Au regard de son exp\u00e9rience et de son savoir-faire dans les domaines politique et diplomatique et des succ\u00e8s enregistr\u00e9s dans la gestion des crises sociopolitiques et s\u00e9curitaires sur le continent, le Pr\u00e9sident du Conseil a aussit\u00f4t pris son b\u00e2ton de p\u00e8lerin pour des consultations d\u00e9cisives.<\/p>\n\n\n\n<p class=\"wp-block-paragraph\">C\u2019est ainsi qu\u2019il s\u2019est rendu le 16 avril 2025 \u00e0 Luanda en Angola dans le cadre de sa premi\u00e8re mission diplomatique. Ce premier d\u00e9placement s\u2019inscrit dans la dynamique des efforts diplomatiques entrepris par les dirigeants africains dans le cadre de la r\u00e9solution du conflit ouvert \u00e0 l\u2019Est de la R\u00e9publique D\u00e9mocratique du Congo.<\/p>\n\n\n\n<p class=\"wp-block-paragraph\">Convaincu par l\u2019efficacit\u00e9 de la diplomatie togolaise, le Pr\u00e9sident Jo\u00e3o Louren\u00e7o a r\u00e9affirm\u00e9 son plein soutien \u00e0 la mission confi\u00e9e au Pr\u00e9sident du Conseil, saluant son engagement reconnu et le r\u00f4le important que joue le Togo pour relever les d\u00e9fis li\u00e9s \u00e0 la paix, la r\u00e9conciliation, la s\u00e9curit\u00e9, la stabilit\u00e9 dans la sous-r\u00e9gion ouest-africaine et sur le continent.<\/p>\n\n\n<div class=\"wp-block-image\">\n<figure class=\"aligncenter size-full\"><img loading=\"lazy\" decoding=\"async\" width=\"800\" height=\"740\" src=\"https:\/\/macite.tg\/wp-content\/uploads\/2025\/12\/image-14.png\" alt=\"\" class=\"wp-image-26612\" srcset=\"https:\/\/macite.tg\/wp-content\/uploads\/2025\/12\/image-14.png 800w, https:\/\/macite.tg\/wp-content\/uploads\/2025\/12\/image-14-300x278.png 300w, https:\/\/macite.tg\/wp-content\/uploads\/2025\/12\/image-14-768x710.png 768w\" sizes=\"auto, (max-width: 800px) 100vw, 800px\" \/><\/figure>\n<\/div>\n\n\n<p class=\"wp-block-paragraph\"><strong><em>Des discussions strat\u00e9giques avec des dirigeants des pays de la r\u00e9gion des Grands Lacs<\/em><\/strong><\/p>\n\n\n\n<p class=\"wp-block-paragraph\">Dans le cadre de son mandat, le Pr\u00e9sident Faure Gnassingb\u00e9 a entrepris plusieurs missions de terrain dans les pays directement ou indirectement affect\u00e9s par les tensions notamment la R\u00e9publique D\u00e9mocratique du Congo, le Rwanda, l\u2019Ouganda et le Burundi. Ces consultations de haut niveau avec les Chefs d\u2019\u00c9tat, les responsables gouvernementaux et des organisations r\u00e9gionales ainsi que les acteurs de la soci\u00e9t\u00e9 civile visaient \u00e0 promouvoir le dialogue, \u00e0 encourager les contacts pour une confiance mutuelle et \u00e0 identifier les facteurs d\u2019une paix durable.<\/p>\n\n\n\n<p class=\"wp-block-paragraph\">Ainsi, le Pr\u00e9sident du Conseil s\u2019est rendu \u00e0 Kinshasa pour une premi\u00e8re discussion avec le Pr\u00e9sident congolais F\u00e9lix Antoine Tshisekedi-Tshilombo. Il s\u2019agit d\u2019une d\u00e9marche en vue de baliser le chemin d\u2019un processus de paix et de r\u00e9conciliation durable.<\/p>\n\n\n<div class=\"wp-block-image\">\n<figure class=\"aligncenter size-full\"><img loading=\"lazy\" decoding=\"async\" width=\"800\" height=\"488\" src=\"https:\/\/macite.tg\/wp-content\/uploads\/2025\/12\/image-15.png\" alt=\"\" class=\"wp-image-26613\" srcset=\"https:\/\/macite.tg\/wp-content\/uploads\/2025\/12\/image-15.png 800w, https:\/\/macite.tg\/wp-content\/uploads\/2025\/12\/image-15-300x183.png 300w, https:\/\/macite.tg\/wp-content\/uploads\/2025\/12\/image-15-768x468.png 768w\" sizes=\"auto, (max-width: 800px) 100vw, 800px\" \/><\/figure>\n<\/div>\n\n\n<p class=\"wp-block-paragraph\"><a><\/a><strong><em>Discussions strat\u00e9giques et concert\u00e9es<\/em><\/strong><em>&nbsp;<strong>\u00e0 Urugwiro avec Paul Kagam\u00e9<\/strong><\/em><\/p>\n\n\n\n<p class=\"wp-block-paragraph\"><a><\/a>Dans le m\u00eame \u00e9lan, le Pr\u00e9sident du Conseil s\u2019est rendu dans l\u2019apr\u00e8s-midi du 21 avril 2025 \u00e0 Kigali pour poursuivre ses consultations. C\u2019est au village Urugwiro que le Pr\u00e9sident Paul Kagam\u00e9 a re\u00e7u le m\u00e9diateur de l\u2019Union africaine dans la gestion du conflit \u00e0 l\u2019Est de la RDC. L\u2019ambition affich\u00e9e par le Togo est claire : contribuer \u00e0 b\u00e2tir un cadre de dialogue sinc\u00e8re, inclusif et constructif, \u00e0 m\u00eame de favoriser une r\u00e9conciliation durable entre Kigali et Kinshasa.<\/p>\n\n\n\n<p class=\"wp-block-paragraph\">Au cours de leurs entretiens, les deux dirigeants ont examin\u00e9 avec attention les facteurs structurels et conjoncturels \u00e0 l\u2019origine des tensions persistantes, ainsi que les dynamiques r\u00e9gionales qui impactent la s\u00e9curit\u00e9 collective.<\/p>\n\n\n\n<p class=\"wp-block-paragraph\">Toujours dans une d\u00e9marche inclusive, le Pr\u00e9sident du Conseil, Faure Essozimna Gnassingb\u00e9, a effectu\u00e9 une visite de travail \u00e0 Kampala en Ouganda en avril 2025. Acteur r\u00e9gional majeur dont le r\u00f4le demeure essentiel pour la stabilisation de la r\u00e9gion, le Pr\u00e9sident Yoweri Museveni a \u00e9chang\u00e9 avec Faure Gnassingb\u00e9 sur les voies et m\u00e9canismes susceptibles de renforcer la coordination des efforts en vue d\u2019une r\u00e9solution pacifique et durable de la situation.<\/p>\n\n\n\n<p class=\"wp-block-paragraph\">Au cours de cette rencontre, ils ont soulign\u00e9 l\u2019importance d\u2019une coop\u00e9ration renforc\u00e9e entre les \u00c9tats de la r\u00e9gion, fond\u00e9e sur la confiance mutuelle, le partage d\u2019informations et la concertation permanente.<strong><em><\/em><\/strong><\/p>\n\n\n\n<p class=\"wp-block-paragraph\">Poursuivant avec constance et d\u00e9termination ses missions de bons offices, le Pr\u00e9sident Faure Gnassingb\u00e9 saisit toute opportunit\u00e9 pour \u00e9changer avec les acteurs directement ou indirectement impliqu\u00e9s dans la crise dans l\u2019Est de la RDC. Ainsi en d\u00e9placement \u00e0 Yokohama, au Japon, dans le cadre de la TICAD9, le Pr\u00e9sident du Conseil du Togo a ainsi re\u00e7u en ao\u00fbt 2025, le Pr\u00e9sident burundais \u00c9variste Ndayishimiye. Ensemble, ils ont abord\u00e9 plusieurs sujets d\u2019int\u00e9r\u00eat commun, notamment les enjeux de paix et de s\u00e9curit\u00e9 en Afrique centrale et dans la r\u00e9gion des Grands Lacs. \u00c0 cette occasion, le Pr\u00e9sident \u00c9variste Ndayishimiye a salu\u00e9 l\u2019engagement du Pr\u00e9sident du Conseil, dans les diverses initiatives de m\u00e9diation en Afrique, soulignant l\u2019importance d\u2019une synergie d\u2019actions pour pr\u00e9server la paix, renforcer la coop\u00e9ration et consolider la stabilit\u00e9 dans les diff\u00e9rentes r\u00e9gions du continent.<\/p>\n\n\n\n<p class=\"wp-block-paragraph\"><strong><em>Une<\/em><\/strong><em><strong>&nbsp;r\u00e9union du m\u00e9diateur de l\u2019Union africaine et des anciens pr\u00e9sidents, facilitateurs \u00e0 Lom\u00e9<\/strong><\/em><\/p>\n\n\n\n<p class=\"wp-block-paragraph\">Le Pr\u00e9sident du Conseil, Faure Essozimna Gnassingb\u00e9 a tenu le 17 mai 2025 \u00e0 Lom\u00e9, la premi\u00e8re r\u00e9union avec les membres du panel de facilitateurs. Le coll\u00e8ge de facilitateurs \u00e9tait compos\u00e9 des anciens chefs d\u2019\u00c9tat Olusegun Obasanjo du Nigeria, Uhuru Kenyatta du Kenya, Mokgweetsi Masisi du Botswana, Sahle-Work Zewde d\u2019\u00c9thiopie et Catherine Samba Panza de la Centrafrique autour du M\u00e9diateur, Faure Essozimna Gnassingb\u00e9, Pr\u00e9sident du Conseil de la R\u00e9publique togolaise.<\/p>\n\n\n<div class=\"wp-block-image\">\n<figure class=\"aligncenter size-full\"><img loading=\"lazy\" decoding=\"async\" width=\"800\" height=\"533\" src=\"https:\/\/macite.tg\/wp-content\/uploads\/2025\/12\/image-16.png\" alt=\"\" class=\"wp-image-26614\" srcset=\"https:\/\/macite.tg\/wp-content\/uploads\/2025\/12\/image-16.png 800w, https:\/\/macite.tg\/wp-content\/uploads\/2025\/12\/image-16-300x200.png 300w, https:\/\/macite.tg\/wp-content\/uploads\/2025\/12\/image-16-768x512.png 768w, https:\/\/macite.tg\/wp-content\/uploads\/2025\/12\/image-16-650x434.png 650w, https:\/\/macite.tg\/wp-content\/uploads\/2025\/12\/image-16-730x487.png 730w, https:\/\/macite.tg\/wp-content\/uploads\/2025\/12\/image-16-112x75.png 112w, https:\/\/macite.tg\/wp-content\/uploads\/2025\/12\/image-16-425x283.png 425w, https:\/\/macite.tg\/wp-content\/uploads\/2025\/12\/image-16-430x287.png 430w\" sizes=\"auto, (max-width: 800px) 100vw, 800px\" \/><\/figure>\n<\/div>\n\n\n<p class=\"wp-block-paragraph\">Cette rencontre de Lom\u00e9 a \u00e9t\u00e9 marqu\u00e9e par des \u00e9changes en vue d\u2019harmoniser les points de vue pour une meilleure coordination des actions de m\u00e9diation conform\u00e9ment \u00e0 la vision de l\u2019Union africaine.<\/p>\n\n\n\n<p class=\"wp-block-paragraph\">Ces personnalit\u00e9s d\u2019exp\u00e9rience, reconnues pour leur neutralit\u00e9 et leur expertise diplomatique, ont apport\u00e9 leurs pr\u00e9cieuses contributions aux initiatives du Pr\u00e9sident du Conseil, dans la mat\u00e9rialisation de la feuille de route au moment o\u00f9 les tensions militaires et politiques persistent dans la r\u00e9gion des Grands Lacs.<\/p>\n\n\n\n<p class=\"wp-block-paragraph\">Les s\u00e9ances de travail ont \u00e9t\u00e9 \u00e9largies \u00e0 Monsieur Bankole Adeoye, Commissaire aux affaires politiques, paix et s\u00e9curit\u00e9 de l\u2019Union africaine, Monsieur Huang Xia, Envoy\u00e9 sp\u00e9cial du Secr\u00e9taire g\u00e9n\u00e9ral des Nations unies pour la r\u00e9gion des Grands Lacs et au repr\u00e9sentant des \u00c9tats-Unis au Togo, Ronald Hawkins.<\/p>\n\n\n\n<figure class=\"wp-block-image\"><img decoding=\"async\" src=\"https:\/\/presidenceduconseil.gouv.tg\/wp-content\/uploads\/2025\/12\/Mediation-africaine-offensive-diplomatique-et-strategie-inclusive-de-Faure-Gnassingbe-pour-la-stabilite-dans-les-Grands-Lacs-1-1.jpg\" alt=\"\" class=\"wp-image-953\"\/><\/figure>\n\n\n\n<p class=\"wp-block-paragraph\"><strong><em>Faure Essozimna Gnassingb\u00e9 re\u00e7oit des envoy\u00e9s sp\u00e9ciaux engag\u00e9s dans la m\u00e9diation pour la paix en RDC<\/em><\/strong><\/p>\n\n\n\n<p class=\"wp-block-paragraph\">La mission de m\u00e9diation conduite le Pr\u00e9sident du Conseil, Faure Essozimna Gnassingb\u00e9, consiste \u00e0 entretenir un dialogue permanent non seulement avec les dirigeants de la r\u00e9gion des Grands Lacs, mais \u00e9galement avec les envoy\u00e9s sp\u00e9ciaux des pays partenaires et des institutions internationales.<\/p>\n\n\n\n<figure class=\"wp-block-image size-full\"><img loading=\"lazy\" decoding=\"async\" width=\"800\" height=\"521\" src=\"https:\/\/macite.tg\/wp-content\/uploads\/2025\/12\/image-17.png\" alt=\"\" class=\"wp-image-26615\" srcset=\"https:\/\/macite.tg\/wp-content\/uploads\/2025\/12\/image-17.png 800w, https:\/\/macite.tg\/wp-content\/uploads\/2025\/12\/image-17-300x195.png 300w, https:\/\/macite.tg\/wp-content\/uploads\/2025\/12\/image-17-768x500.png 768w\" sizes=\"auto, (max-width: 800px) 100vw, 800px\" \/><\/figure>\n\n\n\n<p class=\"wp-block-paragraph\">Dans ce sens, Lom\u00e9 est devenu un carrefour diplomatique o\u00f9 convergent les repr\u00e9sentants sp\u00e9ciaux engag\u00e9s dans la promotion de la paix, de la s\u00e9curit\u00e9 et de la coop\u00e9ration internationale.<\/p>\n\n\n\n<p class=\"wp-block-paragraph\">Le Pr\u00e9sident du Conseil Faure Essozimna Gnassingb\u00e9 a re\u00e7u successivement Messieurs Huang Xia, Envoy\u00e9 sp\u00e9cial du Secr\u00e9taire g\u00e9n\u00e9ral des Nations unies pour la r\u00e9gion des Grands Lacs, Monsieur Johan Borgstam, Repr\u00e9sentant sp\u00e9cial de l\u2019Union europ\u00e9enne pour la r\u00e9gion des Grands Lacs et Monsieur Antonio Tete, ministre angolais des Relations ext\u00e9rieures, \u00e9missaire du Pr\u00e9sident angolais.<\/p>\n\n\n\n<p class=\"wp-block-paragraph\">Les efforts du Pr\u00e9sident du Conseil en faveur de la stabilit\u00e9 en Afrique ont \u00e9merveill\u00e9 l\u2019Envoy\u00e9 sp\u00e9cial du Secr\u00e9taire g\u00e9n\u00e9ral des Nations unies pour la r\u00e9gion des Grands Lacs pour qui la m\u00e9diation togolaise est essentielle pour aborder la cause profonde de l\u2019instabilit\u00e9 dans la r\u00e9gion.<\/p>\n\n\n\n<p class=\"wp-block-paragraph\"><em>\u00ab\u00a0J\u2019ai exprim\u00e9 mes vives f\u00e9licitations au Pr\u00e9sident du Conseil pour l\u2019organisation\u00a0brillante de cette deuxi\u00e8me \u00e9dition du Forum Paix et S\u00e9curit\u00e9, une grande r\u00e9ussite qui\u00a0nous a donn\u00e9 beaucoup d\u2019indications, beaucoup d\u2019orientations sur une meilleure gestion des dossiers de paix et de s\u00e9curit\u00e9 en Afrique en g\u00e9n\u00e9ral, en particulier dans la r\u00e9gion des Grands Lacs. Je vois dans les discussions\u00a0la r\u00e9affirmation de cette forte volont\u00e9, d\u2019une ferme d\u00e9termination du Pr\u00e9sident du Conseil dans la m\u00e9diation confi\u00e9e\u00a0par l\u2019Union africaine \u00bb<\/em> a-t-il pr\u00e9cis\u00e9 Monsieur Huang Xia, sa sortie d\u2019audience.<\/p>\n\n\n<div class=\"wp-block-image\">\n<figure class=\"aligncenter size-large\"><img loading=\"lazy\" decoding=\"async\" width=\"1024\" height=\"626\" src=\"https:\/\/macite.tg\/wp-content\/uploads\/2025\/12\/image-18-1024x626.png\" alt=\"\" class=\"wp-image-26616\" srcset=\"https:\/\/macite.tg\/wp-content\/uploads\/2025\/12\/image-18-1024x626.png 1024w, https:\/\/macite.tg\/wp-content\/uploads\/2025\/12\/image-18-300x183.png 300w, https:\/\/macite.tg\/wp-content\/uploads\/2025\/12\/image-18-768x469.png 768w, https:\/\/macite.tg\/wp-content\/uploads\/2025\/12\/image-18.png 1280w\" sizes=\"auto, (max-width: 1024px) 100vw, 1024px\" \/><\/figure>\n<\/div>\n\n\n<p class=\"wp-block-paragraph\">Monsieur Johan Borgstam a pour sa part, r\u00e9affirm\u00e9 la volont\u00e9 de l\u2019Union europ\u00e9enne d\u2019accompagner pleinement la m\u00e9diation togolaise en cours pour la stabilit\u00e9 dans cette r\u00e9gion du continent.<\/p>\n\n\n\n<p class=\"wp-block-paragraph\"><em>\u00ab\u00a0J\u2019ai eu des \u00e9changes chaleureux et tr\u00e8s fructueux avec le Pr\u00e9sident du Conseil au vu de son mandat de l\u2019Union africaine en tant que m\u00e9diateur. J\u2019ai fortement soulign\u00e9 l\u2019importance qu\u2019attache l\u2019Union europ\u00e9enne \u00e0 ce que tous les efforts de m\u00e9diation pour la r\u00e9gion des Grands Lacs soient bien coordonn\u00e9s. J\u2019ai aussi r\u00e9affirm\u00e9 au Pr\u00e9sident du Conseil la volont\u00e9 de l\u2019Union europ\u00e9enne de soutenir les diff\u00e9rents efforts de m\u00e9diation\u00a0en cours \u00bb<\/em> a-t-il pr\u00e9cis\u00e9 au terme de l\u2019audience.<\/p>\n\n\n\n<p class=\"wp-block-paragraph\">Toutes ces consultations ont contribu\u00e9 \u00e0 renforcer la synergie d\u2019action entre les pays et institutions engag\u00e9s dans la recherche d\u2019une solution durable \u00e0 la crise \u00e0 l\u2019Est de la RDC, et t\u00e9moignent de la volont\u00e9 partag\u00e9e de soutenir une approche collective, coordonn\u00e9e et pleinement africaine qu\u2019incarne le Pr\u00e9sident du Conseil, Faure Essozimna Gnassingb\u00e9.<\/p>\n\n\n\n<p class=\"wp-block-paragraph\"><a><\/a><strong><em>Le Pr\u00e9sident Emmanuel Macron et Faure Gnassingb\u00e9 mobilisent la communaut\u00e9 internationale<\/em><\/strong><\/p>\n\n\n\n<p class=\"wp-block-paragraph\">Dans le cadre de sa mission de m\u00e9diation pour la paix en R\u00e9publique D\u00e9mocratique du Congo, le Pr\u00e9sident du Conseil, Faure Essozimna Gnassingb\u00e9, a \u00e9galement \u0153uvr\u00e9 \u00e0 la mobilisation des partenaires internationaux. Le 30 octobre 2025, \u00e0 Paris, il a conjointement pr\u00e9sid\u00e9 avec le Pr\u00e9sident Emmanuel Macron une importante rencontre destin\u00e9e \u00e0 rallier un soutien accru en faveur de la paix et de la prosp\u00e9rit\u00e9 dans la r\u00e9gion des Grands Lacs, confront\u00e9e \u00e0 une crise humanitaire d\u2019ampleur.<\/p>\n\n\n<div class=\"wp-block-image\">\n<figure class=\"aligncenter size-full\"><img loading=\"lazy\" decoding=\"async\" width=\"800\" height=\"554\" src=\"https:\/\/macite.tg\/wp-content\/uploads\/2025\/12\/image-19.png\" alt=\"\" class=\"wp-image-26617\" srcset=\"https:\/\/macite.tg\/wp-content\/uploads\/2025\/12\/image-19.png 800w, https:\/\/macite.tg\/wp-content\/uploads\/2025\/12\/image-19-300x208.png 300w, https:\/\/macite.tg\/wp-content\/uploads\/2025\/12\/image-19-768x532.png 768w\" sizes=\"auto, (max-width: 800px) 100vw, 800px\" \/><\/figure>\n<\/div>\n\n\n<p class=\"wp-block-paragraph\">Cette conf\u00e9rence internationale a permis de sensibiliser les partenaires bilat\u00e9raux, multilat\u00e9raux et humanitaires \u00e0 l\u2019urgence de renforcer leur appui aux populations affect\u00e9es et d\u2019accompagner les initiatives politiques et s\u00e9curitaires en cours. Elle t\u00e9moigne du fort engagement du Pr\u00e9sident Faure Essozimna Gnassingb\u00e9 \u00e0 promouvoir une solution durable et inclusive dans cette r\u00e9gion du continent.<\/p>\n\n\n\n<p class=\"wp-block-paragraph\">A l\u2019occasion, le Pr\u00e9sident du Conseil, a appel\u00e9 \u00e0 une paix fond\u00e9e sur la justice \u00e9conomique et la r\u00e9paration des territoires meurtris par la guerre et l\u2019exploitation ill\u00e9gale des ressources mini\u00e8res.<\/p>\n\n\n\n<p class=\"wp-block-paragraph\"><em>\u00ab\u00a0C\u2019est en r\u00e9tablissant une \u00e9conomie transparente et l\u00e9gitime que nous couperons les flux qui financent la violence. La paix dans les Grands Lacs ne doit pas \u00eatre une simple pause dans les combats. Elle doit \u00eatre une transformation de l\u2019\u00e9conomie extractive, une rupture avec l\u2019exploitation ill\u00e9gale, une v\u00e9ritable r\u00e9paration pour des populations qui, depuis trop longtemps, payent le prix de la richesse de leur terre\u00a0\u00bb<\/em>, a d\u00e9clar\u00e9 le Pr\u00e9sident Faure Essozimna Gnassingb\u00e9.<\/p>\n\n\n\n<figure class=\"wp-block-image size-full\"><img loading=\"lazy\" decoding=\"async\" width=\"800\" height=\"488\" src=\"https:\/\/macite.tg\/wp-content\/uploads\/2025\/12\/image-20.png\" alt=\"\" class=\"wp-image-26618\" srcset=\"https:\/\/macite.tg\/wp-content\/uploads\/2025\/12\/image-20.png 800w, https:\/\/macite.tg\/wp-content\/uploads\/2025\/12\/image-20-300x183.png 300w, https:\/\/macite.tg\/wp-content\/uploads\/2025\/12\/image-20-768x468.png 768w\" sizes=\"auto, (max-width: 800px) 100vw, 800px\" \/><\/figure>\n\n\n\n<p class=\"wp-block-paragraph\">Le Pr\u00e9sident fran\u00e7ais avait pour sa part soulign\u00e9 l\u2019importance du renforcement du contr\u00f4le africain dans la gestion des crises et des processus de paix, saluant la vision et la d\u00e9termination du Pr\u00e9sident du Conseil \u00e0 promouvoir une approche africaine fond\u00e9e sur la responsabilit\u00e9, la justice et la solidarit\u00e9 entre les peuples.<\/p>\n\n\n\n<p class=\"wp-block-paragraph\"><em>\u00ab\u00a0Je veux ici souligner combien le contr\u00f4le africain doit \u00eatre renforc\u00e9, combien ce qu\u2019a dit le Pr\u00e9sident Faure au titre de la m\u00e9diation de l\u2019Union africaine est important et nous croyons en effet \u00e0 cette approche si exigeante soit-elle. Cher ami, je veux vous remercier une fois encore pour votre mobilisation aujourd\u2019hui autour des Grands Lacs et autour de cette urgence humanitaire\u00a0\u00bb<\/em>. disait le Pr\u00e9sident Macron.<\/p>\n\n\n\n<p class=\"wp-block-paragraph\">Cette r\u00e9union d\u2019envergure a \u00e9t\u00e9 pr\u00e9c\u00e9d\u00e9e d\u2019une rencontre tripartite \u00e0 l\u2019\u00c9lys\u00e9e, r\u00e9unissant le Pr\u00e9sident du Conseil, Faure Essozimna Gnassingb\u00e9, les Pr\u00e9sidents F\u00e9lix Tshisekedi et Emmanuel Macron, \u00e9tape d\u00e9terminante dans la consolidation de la concertation et de la coordination des efforts diplomatiques en vue de la pacification de l\u2019Est de la RDC.<\/p>\n\n\n\n<p class=\"wp-block-paragraph\"><strong><em>Les \u00c9tats-Unis et le Qatar en synergie avec la m\u00e9diation africaine<\/em><\/strong><\/p>\n\n\n\n<p class=\"wp-block-paragraph\">Le Pr\u00e9sident du Conseil, Faure Essozimna Gnassingb\u00e9, a \u00e9galement intensifi\u00e9 ses \u00e9changes avec plusieurs partenaires internationaux, notamment les \u00c9tats-Unis et le Qatar, dont l\u2019appui demeure essentiel pour accompagner les efforts diplomatiques engag\u00e9s sous l\u2019\u00e9gide de l\u2019Union africaine.<\/p>\n\n\n\n<figure class=\"wp-block-image size-full\"><img loading=\"lazy\" decoding=\"async\" width=\"800\" height=\"533\" src=\"https:\/\/macite.tg\/wp-content\/uploads\/2025\/12\/image-21.png\" alt=\"\" class=\"wp-image-26619\" srcset=\"https:\/\/macite.tg\/wp-content\/uploads\/2025\/12\/image-21.png 800w, https:\/\/macite.tg\/wp-content\/uploads\/2025\/12\/image-21-300x200.png 300w, https:\/\/macite.tg\/wp-content\/uploads\/2025\/12\/image-21-768x512.png 768w, https:\/\/macite.tg\/wp-content\/uploads\/2025\/12\/image-21-650x434.png 650w, https:\/\/macite.tg\/wp-content\/uploads\/2025\/12\/image-21-730x487.png 730w, https:\/\/macite.tg\/wp-content\/uploads\/2025\/12\/image-21-112x75.png 112w, https:\/\/macite.tg\/wp-content\/uploads\/2025\/12\/image-21-425x283.png 425w, https:\/\/macite.tg\/wp-content\/uploads\/2025\/12\/image-21-430x287.png 430w\" sizes=\"auto, (max-width: 800px) 100vw, 800px\" \/><\/figure>\n\n\n\n<p class=\"wp-block-paragraph\">Les consultations men\u00e9es \u00e0 Washington et \u00e0 Doha, auxquelles ont pris part des d\u00e9l\u00e9gations togolaises, ont conduit \u00e0 la signature de plusieurs accords pr\u00e9liminaires et engagements de coop\u00e9ration. Ces instruments, fruits d\u2019une diplomatie soutenue et coordonn\u00e9e, s\u2019inscrivent dans la dynamique impuls\u00e9e par l\u2019Union africaine et port\u00e9e par le M\u00e9diateur d\u00e9sign\u00e9, Faure Essozimna Gnassingb\u00e9, en vue de renforcer le soutien politique, s\u00e9curitaire et humanitaire \u00e0 la r\u00e9gion des Grands Lacs.<\/p>\n\n\n\n<p class=\"wp-block-paragraph\"><strong><em>Pr\u00e9sence remarquable de Faure Essozimna Gnassingb\u00e9 \u00e0 Washington le 4 d\u00e9cembre 2025<\/em><\/strong><\/p>\n\n\n\n<p class=\"wp-block-paragraph\">La participation du Pr\u00e9sident du Conseil, Faure Essozimna Gnassingb\u00e9, \u00e0 Washington ce 4 d\u00e9cembre 2025 constitue un signal fort sur le plan diplomatique. Elle illustre non seulement l\u2019importance du partenariat strat\u00e9gique avec les \u00c9tats-Unis, mais \u00e9galement la reconnaissance internationale de son mandat en tant que M\u00e9diateur officiellement d\u00e9sign\u00e9 par l\u2019Union africaine pour accompagner la stabilisation de l\u2019Est de la RDC.<\/p>\n\n\n\n<p class=\"wp-block-paragraph\">Les \u00c9tats-Unis demeurent un acteur cl\u00e9, apportant un soutien d\u00e9terminant aux efforts de m\u00e9diation et de facilitation conduits au plus haut niveau. Cette pr\u00e9sence refl\u00e8te la volont\u00e9 partag\u00e9e de consolider un processus cr\u00e9dible et efficace, et t\u00e9moigne de l\u2019engagement collectif \u00e0 promouvoir une paix durable, fond\u00e9e sur la coop\u00e9ration, la responsabilit\u00e9 partag\u00e9e et la solidarit\u00e9 envers les populations de la r\u00e9gion.<\/p>\n\n\n\n<p class=\"wp-block-paragraph\">Au regard de ces r\u00e9alisations, dans la gestion de la crise dans la r\u00e9gion des Grands Lacs, le Pr\u00e9sident du Conseil, Faure Essozimna Gnassingb\u00e9 incarne une figure de pond\u00e9ration et de sagesse, capable de transcender les divergences et de promouvoir le dialogue inclusif entre les diff\u00e9rentes parties prenantes.<\/p>\n\n\n\n<figure class=\"wp-block-image size-full\"><img loading=\"lazy\" decoding=\"async\" width=\"800\" height=\"612\" src=\"https:\/\/macite.tg\/wp-content\/uploads\/2025\/12\/image-22.png\" alt=\"\" class=\"wp-image-26620\" srcset=\"https:\/\/macite.tg\/wp-content\/uploads\/2025\/12\/image-22.png 800w, https:\/\/macite.tg\/wp-content\/uploads\/2025\/12\/image-22-300x230.png 300w, https:\/\/macite.tg\/wp-content\/uploads\/2025\/12\/image-22-768x588.png 768w\" sizes=\"auto, (max-width: 800px) 100vw, 800px\" \/><\/figure>\n\n\n\n<p class=\"wp-block-paragraph\">Le Pr\u00e9sident du Conseil a toujours \u0153uvr\u00e9 aux c\u00f4t\u00e9s des Etats et des instances r\u00e9gionales, continentales et internationales partageant des id\u00e9aux de paix pour faciliter le dialogue entre les pays en conflit et en proie \u00e0 l\u2019instabilit\u00e9, en vue d\u2019un retour rapide \u00e0 la paix sociale et au d\u00e9veloppement inclusif.&nbsp; Il a assur\u00e9 avec succ\u00e8s la M\u00e9diation dans d\u2019autres crises notamment en Afrique de l\u2019ouest.<\/p>\n\n\n\n<p class=\"wp-block-paragraph\"><strong>Pr\u00e9sidence du Conseil<\/strong><\/p>\n\n\n\n<p class=\"wp-block-paragraph\"><\/p>\n","protected":false},"excerpt":{"rendered":"<p class=\"text-justify mb-2\" >Depuis sa d\u00e9signation officielle par l\u2019Union africaine en tant que M\u00e9diateur pour le r\u00e8glement de la crise dans l\u2019Est de la R\u00e9publique D\u00e9mocratique du Congo, le Pr\u00e9sident Faure Essozimna Gnassingb\u00e9 s\u2019est pleinement investi dans une dynamique diplomatique soutenue et inclusive pour le retour durable \u00e0 [&hellip;]<\/p>\n","protected":false},"author":2,"featured_media":26621,"comment_status":"open","ping_status":"open","sticky":false,"template":"","format":"standard","meta":{"footnotes":""},"categories":[20,8],"tags":[],"class_list":["post-26605","post","type-post","status-publish","format-standard","has-post-thumbnail","hentry","category-actualite","category-diplomatie"],"yoast_head":"<!-- This site is optimized with the Yoast SEO plugin v28.4 - https:\/\/yoast.com\/product\/yoast-seo-wordpress\/ -->\n<title>PAIX ET STABILITE DANS LES GRANDS LACS\u00a0: L\u2019offensive diplomatique et strat\u00e9gique du M\u00e9diateur d\u00e9sign\u00e9 de l\u2019Ua, Faure Gnassingb\u00e9, a port\u00e9 ses fruits -<\/title>\n<meta name=\"robots\" content=\"index, follow, max-snippet:-1, max-image-preview:large, max-video-preview:-1\" \/>\n<link rel=\"canonical\" href=\"https:\/\/macite.tg\/?p=26605\" \/>\n<meta property=\"og:locale\" content=\"fr_FR\" \/>\n<meta property=\"og:type\" content=\"article\" \/>\n<meta property=\"og:title\" content=\"PAIX ET STABILITE DANS LES GRANDS LACS\u00a0: L\u2019offensive diplomatique et strat\u00e9gique du M\u00e9diateur d\u00e9sign\u00e9 de l\u2019Ua, Faure Gnassingb\u00e9, a port\u00e9 ses fruits -\" \/>\n<meta property=\"og:description\" content=\"Depuis sa d\u00e9signation officielle par l\u2019Union africaine en tant que M\u00e9diateur pour le r\u00e8glement de la crise dans l\u2019Est de la R\u00e9publique D\u00e9mocratique du Congo, le Pr\u00e9sident Faure Essozimna Gnassingb\u00e9 s\u2019est pleinement investi dans une dynamique diplomatique soutenue et inclusive pour le retour durable \u00e0 [&hellip;]\" \/>\n<meta property=\"og:url\" content=\"https:\/\/macite.tg\/?p=26605\" \/>\n<meta property=\"article:published_time\" content=\"2025-12-05T12:43:02+00:00\" \/>\n<meta property=\"article:modified_time\" content=\"2025-12-05T13:24:20+00:00\" \/>\n<meta property=\"og:image\" content=\"https:\/\/macite.tg\/wp-content\/uploads\/2025\/12\/PC.jpg\" \/>\n\t<meta property=\"og:image:width\" content=\"500\" \/>\n\t<meta property=\"og:image:height\" content=\"467\" \/>\n\t<meta property=\"og:image:type\" content=\"image\/jpeg\" \/>\n<meta name=\"author\" content=\"Jean Pierre BAWELA\" \/>\n<meta name=\"twitter:card\" content=\"summary_large_image\" \/>\n<meta name=\"twitter:label1\" content=\"\u00c9crit par\" \/>\n\t<meta name=\"twitter:data1\" content=\"Jean Pierre BAWELA\" \/>\n\t<meta name=\"twitter:label2\" content=\"Dur\u00e9e de lecture estim\u00e9e\" \/>\n\t<meta name=\"twitter:data2\" content=\"15 minutes\" \/>\n<script type=\"application\/ld+json\" class=\"yoast-schema-graph\">{\"@context\":\"https:\\\/\\\/schema.org\",\"@graph\":[{\"@type\":\"Article\",\"@id\":\"https:\\\/\\\/macite.tg\\\/?p=26605#article\",\"isPartOf\":{\"@id\":\"https:\\\/\\\/macite.tg\\\/?p=26605\"},\"author\":{\"name\":\"Jean Pierre BAWELA\",\"@id\":\"https:\\\/\\\/macite.tg\\\/#\\\/schema\\\/person\\\/e9f2de7e5dbbe7770a9402c7ce82f5c2\"},\"headline\":\"PAIX ET STABILITE DANS LES GRANDS LACS\u00a0: L\u2019offensive diplomatique et strat\u00e9gique du M\u00e9diateur d\u00e9sign\u00e9 de l\u2019Ua, Faure Gnassingb\u00e9, a port\u00e9 ses fruits\",\"datePublished\":\"2025-12-05T12:43:02+00:00\",\"dateModified\":\"2025-12-05T13:24:20+00:00\",\"mainEntityOfPage\":{\"@id\":\"https:\\\/\\\/macite.tg\\\/?p=26605\"},\"wordCount\":2807,\"commentCount\":0,\"image\":{\"@id\":\"https:\\\/\\\/macite.tg\\\/?p=26605#primaryimage\"},\"thumbnailUrl\":\"https:\\\/\\\/macite.tg\\\/wp-content\\\/uploads\\\/2025\\\/12\\\/PC.jpg\",\"articleSection\":[\"ACTUALITE\",\"DIPLOMATIE\"],\"inLanguage\":\"fr-FR\",\"potentialAction\":[{\"@type\":\"CommentAction\",\"name\":\"Comment\",\"target\":[\"https:\\\/\\\/macite.tg\\\/?p=26605#respond\"]}]},{\"@type\":\"WebPage\",\"@id\":\"https:\\\/\\\/macite.tg\\\/?p=26605\",\"url\":\"https:\\\/\\\/macite.tg\\\/?p=26605\",\"name\":\"PAIX ET STABILITE DANS LES GRANDS LACS\u00a0: L\u2019offensive diplomatique et strat\u00e9gique du M\u00e9diateur d\u00e9sign\u00e9 de l\u2019Ua, Faure Gnassingb\u00e9, a port\u00e9 ses fruits -\",\"isPartOf\":{\"@id\":\"https:\\\/\\\/macite.tg\\\/#website\"},\"primaryImageOfPage\":{\"@id\":\"https:\\\/\\\/macite.tg\\\/?p=26605#primaryimage\"},\"image\":{\"@id\":\"https:\\\/\\\/macite.tg\\\/?p=26605#primaryimage\"},\"thumbnailUrl\":\"https:\\\/\\\/macite.tg\\\/wp-content\\\/uploads\\\/2025\\\/12\\\/PC.jpg\",\"datePublished\":\"2025-12-05T12:43:02+00:00\",\"dateModified\":\"2025-12-05T13:24:20+00:00\",\"author\":{\"@id\":\"https:\\\/\\\/macite.tg\\\/#\\\/schema\\\/person\\\/e9f2de7e5dbbe7770a9402c7ce82f5c2\"},\"breadcrumb\":{\"@id\":\"https:\\\/\\\/macite.tg\\\/?p=26605#breadcrumb\"},\"inLanguage\":\"fr-FR\",\"potentialAction\":[{\"@type\":\"ReadAction\",\"target\":[\"https:\\\/\\\/macite.tg\\\/?p=26605\"]}]},{\"@type\":\"ImageObject\",\"inLanguage\":\"fr-FR\",\"@id\":\"https:\\\/\\\/macite.tg\\\/?p=26605#primaryimage\",\"url\":\"https:\\\/\\\/macite.tg\\\/wp-content\\\/uploads\\\/2025\\\/12\\\/PC.jpg\",\"contentUrl\":\"https:\\\/\\\/macite.tg\\\/wp-content\\\/uploads\\\/2025\\\/12\\\/PC.jpg\",\"width\":500,\"height\":467,\"caption\":\"Faure Essozimna Gnassingb, M\u00e9diateur d\u00e9sign\u00e9 de l'Ua dans la crise\"},{\"@type\":\"BreadcrumbList\",\"@id\":\"https:\\\/\\\/macite.tg\\\/?p=26605#breadcrumb\",\"itemListElement\":[{\"@type\":\"ListItem\",\"position\":1,\"name\":\"Accueil\",\"item\":\"https:\\\/\\\/macite.tg\\\/\"},{\"@type\":\"ListItem\",\"position\":2,\"name\":\"PAIX ET STABILITE DANS LES GRANDS LACS\u00a0: L\u2019offensive diplomatique et strat\u00e9gique du M\u00e9diateur d\u00e9sign\u00e9 de l\u2019Ua, Faure Gnassingb\u00e9, a port\u00e9 ses fruits\"}]},{\"@type\":\"WebSite\",\"@id\":\"https:\\\/\\\/macite.tg\\\/#website\",\"url\":\"https:\\\/\\\/macite.tg\\\/\",\"name\":\"\",\"description\":\"L&#039;information, la bonne!!!\",\"potentialAction\":[{\"@type\":\"SearchAction\",\"target\":{\"@type\":\"EntryPoint\",\"urlTemplate\":\"https:\\\/\\\/macite.tg\\\/?s={search_term_string}\"},\"query-input\":{\"@type\":\"PropertyValueSpecification\",\"valueRequired\":true,\"valueName\":\"search_term_string\"}}],\"inLanguage\":\"fr-FR\"},{\"@type\":\"Person\",\"@id\":\"https:\\\/\\\/macite.tg\\\/#\\\/schema\\\/person\\\/e9f2de7e5dbbe7770a9402c7ce82f5c2\",\"name\":\"Jean Pierre BAWELA\",\"image\":{\"@type\":\"ImageObject\",\"inLanguage\":\"fr-FR\",\"@id\":\"https:\\\/\\\/macite.tg\\\/wp-content\\\/uploads\\\/2023\\\/09\\\/WhatsApp-Image-2023-09-19-at-14.44.41-122x122.jpeg\",\"url\":\"https:\\\/\\\/macite.tg\\\/wp-content\\\/uploads\\\/2023\\\/09\\\/WhatsApp-Image-2023-09-19-at-14.44.41-122x122.jpeg\",\"contentUrl\":\"https:\\\/\\\/macite.tg\\\/wp-content\\\/uploads\\\/2023\\\/09\\\/WhatsApp-Image-2023-09-19-at-14.44.41-122x122.jpeg\",\"caption\":\"Jean Pierre BAWELA\"},\"url\":\"https:\\\/\\\/macite.tg\\\/?author=2\"}]}<\/script>\n<!-- \/ Yoast SEO plugin. -->","yoast_head_json":{"title":"PAIX ET STABILITE DANS LES GRANDS LACS\u00a0: L\u2019offensive diplomatique et strat\u00e9gique du M\u00e9diateur d\u00e9sign\u00e9 de l\u2019Ua, Faure Gnassingb\u00e9, a port\u00e9 ses fruits -","robots":{"index":"index","follow":"follow","max-snippet":"max-snippet:-1","max-image-preview":"max-image-preview:large","max-video-preview":"max-video-preview:-1"},"canonical":"https:\/\/macite.tg\/?p=26605","og_locale":"fr_FR","og_type":"article","og_title":"PAIX ET STABILITE DANS LES GRANDS LACS\u00a0: L\u2019offensive diplomatique et strat\u00e9gique du M\u00e9diateur d\u00e9sign\u00e9 de l\u2019Ua, Faure Gnassingb\u00e9, a port\u00e9 ses fruits -","og_description":"Depuis sa d\u00e9signation officielle par l\u2019Union africaine en tant que M\u00e9diateur pour le r\u00e8glement de la crise dans l\u2019Est de la R\u00e9publique D\u00e9mocratique du Congo, le Pr\u00e9sident Faure Essozimna Gnassingb\u00e9 s\u2019est pleinement investi dans une dynamique diplomatique soutenue et inclusive pour le retour durable \u00e0 [&hellip;]","og_url":"https:\/\/macite.tg\/?p=26605","article_published_time":"2025-12-05T12:43:02+00:00","article_modified_time":"2025-12-05T13:24:20+00:00","og_image":[{"width":500,"height":467,"url":"https:\/\/macite.tg\/wp-content\/uploads\/2025\/12\/PC.jpg","type":"image\/jpeg"}],"author":"Jean Pierre BAWELA","twitter_card":"summary_large_image","twitter_misc":{"\u00c9crit par":"Jean Pierre BAWELA","Dur\u00e9e de lecture estim\u00e9e":"15 minutes"},"schema":{"@context":"https:\/\/schema.org","@graph":[{"@type":"Article","@id":"https:\/\/macite.tg\/?p=26605#article","isPartOf":{"@id":"https:\/\/macite.tg\/?p=26605"},"author":{"name":"Jean Pierre BAWELA","@id":"https:\/\/macite.tg\/#\/schema\/person\/e9f2de7e5dbbe7770a9402c7ce82f5c2"},"headline":"PAIX ET STABILITE DANS LES GRANDS LACS\u00a0: L\u2019offensive diplomatique et strat\u00e9gique du M\u00e9diateur d\u00e9sign\u00e9 de l\u2019Ua, Faure Gnassingb\u00e9, a port\u00e9 ses fruits","datePublished":"2025-12-05T12:43:02+00:00","dateModified":"2025-12-05T13:24:20+00:00","mainEntityOfPage":{"@id":"https:\/\/macite.tg\/?p=26605"},"wordCount":2807,"commentCount":0,"image":{"@id":"https:\/\/macite.tg\/?p=26605#primaryimage"},"thumbnailUrl":"https:\/\/macite.tg\/wp-content\/uploads\/2025\/12\/PC.jpg","articleSection":["ACTUALITE","DIPLOMATIE"],"inLanguage":"fr-FR","potentialAction":[{"@type":"CommentAction","name":"Comment","target":["https:\/\/macite.tg\/?p=26605#respond"]}]},{"@type":"WebPage","@id":"https:\/\/macite.tg\/?p=26605","url":"https:\/\/macite.tg\/?p=26605","name":"PAIX ET STABILITE DANS LES GRANDS LACS\u00a0: L\u2019offensive diplomatique et strat\u00e9gique du M\u00e9diateur d\u00e9sign\u00e9 de l\u2019Ua, Faure Gnassingb\u00e9, a port\u00e9 ses fruits -","isPartOf":{"@id":"https:\/\/macite.tg\/#website"},"primaryImageOfPage":{"@id":"https:\/\/macite.tg\/?p=26605#primaryimage"},"image":{"@id":"https:\/\/macite.tg\/?p=26605#primaryimage"},"thumbnailUrl":"https:\/\/macite.tg\/wp-content\/uploads\/2025\/12\/PC.jpg","datePublished":"2025-12-05T12:43:02+00:00","dateModified":"2025-12-05T13:24:20+00:00","author":{"@id":"https:\/\/macite.tg\/#\/schema\/person\/e9f2de7e5dbbe7770a9402c7ce82f5c2"},"breadcrumb":{"@id":"https:\/\/macite.tg\/?p=26605#breadcrumb"},"inLanguage":"fr-FR","potentialAction":[{"@type":"ReadAction","target":["https:\/\/macite.tg\/?p=26605"]}]},{"@type":"ImageObject","inLanguage":"fr-FR","@id":"https:\/\/macite.tg\/?p=26605#primaryimage","url":"https:\/\/macite.tg\/wp-content\/uploads\/2025\/12\/PC.jpg","contentUrl":"https:\/\/macite.tg\/wp-content\/uploads\/2025\/12\/PC.jpg","width":500,"height":467,"caption":"Faure Essozimna Gnassingb, M\u00e9diateur d\u00e9sign\u00e9 de l'Ua dans la crise"},{"@type":"BreadcrumbList","@id":"https:\/\/macite.tg\/?p=26605#breadcrumb","itemListElement":[{"@type":"ListItem","position":1,"name":"Accueil","item":"https:\/\/macite.tg\/"},{"@type":"ListItem","position":2,"name":"PAIX ET STABILITE DANS LES GRANDS LACS\u00a0: L\u2019offensive diplomatique et strat\u00e9gique du M\u00e9diateur d\u00e9sign\u00e9 de l\u2019Ua, Faure Gnassingb\u00e9, a port\u00e9 ses fruits"}]},{"@type":"WebSite","@id":"https:\/\/macite.tg\/#website","url":"https:\/\/macite.tg\/","name":"","description":"L&#039;information, la bonne!!!","potentialAction":[{"@type":"SearchAction","target":{"@type":"EntryPoint","urlTemplate":"https:\/\/macite.tg\/?s={search_term_string}"},"query-input":{"@type":"PropertyValueSpecification","valueRequired":true,"valueName":"search_term_string"}}],"inLanguage":"fr-FR"},{"@type":"Person","@id":"https:\/\/macite.tg\/#\/schema\/person\/e9f2de7e5dbbe7770a9402c7ce82f5c2","name":"Jean Pierre BAWELA","image":{"@type":"ImageObject","inLanguage":"fr-FR","@id":"https:\/\/macite.tg\/wp-content\/uploads\/2023\/09\/WhatsApp-Image-2023-09-19-at-14.44.41-122x122.jpeg","url":"https:\/\/macite.tg\/wp-content\/uploads\/2023\/09\/WhatsApp-Image-2023-09-19-at-14.44.41-122x122.jpeg","contentUrl":"https:\/\/macite.tg\/wp-content\/uploads\/2023\/09\/WhatsApp-Image-2023-09-19-at-14.44.41-122x122.jpeg","caption":"Jean Pierre BAWELA"},"url":"https:\/\/macite.tg\/?author=2"}]}},"_links":{"self":[{"href":"https:\/\/macite.tg\/index.php?rest_route=\/wp\/v2\/posts\/26605","targetHints":{"allow":["GET"]}}],"collection":[{"href":"https:\/\/macite.tg\/index.php?rest_route=\/wp\/v2\/posts"}],"about":[{"href":"https:\/\/macite.tg\/index.php?rest_route=\/wp\/v2\/types\/post"}],"author":[{"embeddable":true,"href":"https:\/\/macite.tg\/index.php?rest_route=\/wp\/v2\/users\/2"}],"replies":[{"embeddable":true,"href":"https:\/\/macite.tg\/index.php?rest_route=%2Fwp%2Fv2%2Fcomments&post=26605"}],"version-history":[{"count":0,"href":"https:\/\/macite.tg\/index.php?rest_route=\/wp\/v2\/posts\/26605\/revisions"}],"wp:featuredmedia":[{"embeddable":true,"href":"https:\/\/macite.tg\/index.php?rest_route=\/wp\/v2\/media\/26621"}],"wp:attachment":[{"href":"https:\/\/macite.tg\/index.php?rest_route=%2Fwp%2Fv2%2Fmedia&parent=26605"}],"wp:term":[{"taxonomy":"category","embeddable":true,"href":"https:\/\/macite.tg\/index.php?rest_route=%2Fwp%2Fv2%2Fcategories&post=26605"},{"taxonomy":"post_tag","embeddable":true,"href":"https:\/\/macite.tg\/index.php?rest_route=%2Fwp%2Fv2%2Ftags&post=26605"}],"curies":[{"name":"wp","href":"https:\/\/api.w.org\/{rel}","templated":true}]}}