{"id":26587,"date":"2025-12-04T13:31:15","date_gmt":"2025-12-04T13:31:15","guid":{"rendered":"https:\/\/macite.tg\/?p=26587"},"modified":"2025-12-04T13:31:34","modified_gmt":"2025-12-04T13:31:34","slug":"crise-en-guinee-bissau-la-mission-de-la-cedeao-rencontre-les-nouvelles-autorites","status":"publish","type":"post","link":"https:\/\/macite.tg\/?p=26587","title":{"rendered":"CRISE EN GUINEE-BISSAU : La mission de la CEDEAO rencontre les nouvelles autorit\u00e9s"},"content":{"rendered":"\n<p class=\"wp-block-paragraph\"><strong><em>En Guin\u00e9e-Bissau, une d\u00e9l\u00e9gation de haut niveau de la CEDEAO est arriv\u00e9e, le lundi dernier, dans la capitale Bissau, pour rencontrer les nouvelles autorit\u00e9s et des personnalit\u00e9s politiques et civiles.<\/em><\/strong><\/p>\n\n\n\n<p class=\"wp-block-paragraph\">Dirig\u00e9 par le pr\u00e9sident sierra-l\u00e9onais, Julius Maada Bio, le bloc r\u00e9gional est compos\u00e9 de chefs d&rsquo;\u00c9tat et de repr\u00e9sentants d\u2019\u00c9tat du S\u00e9n\u00e9gal, du Cap-Vert et du Togo. Un seul objectif&nbsp;: discuter des conditions d\u2019un retour \u00e0 l\u2019ordre constitutionnel.<\/p>\n\n\n\n<figure class=\"wp-block-image size-full\"><img loading=\"lazy\" decoding=\"async\" width=\"851\" height=\"315\" src=\"https:\/\/macite.tg\/wp-content\/uploads\/2025\/12\/OTR_Ferer-pour-batir-1.jpg\" alt=\"\" class=\"wp-image-26559\" srcset=\"https:\/\/macite.tg\/wp-content\/uploads\/2025\/12\/OTR_Ferer-pour-batir-1.jpg 851w, https:\/\/macite.tg\/wp-content\/uploads\/2025\/12\/OTR_Ferer-pour-batir-1-300x111.jpg 300w, https:\/\/macite.tg\/wp-content\/uploads\/2025\/12\/OTR_Ferer-pour-batir-1-768x284.jpg 768w\" sizes=\"auto, (max-width: 851px) 100vw, 851px\" \/><\/figure>\n\n\n\n<p class=\"wp-block-paragraph\">Des dirigeants qui ont fait le d\u00e9placement pour rencontrer les nouvelles autorit\u00e9s et des personnalit\u00e9s politiques et civiles afin de discuter des conditions d\u2019un retour \u00e0 l\u2019ordre constitutionnel.<\/p>\n\n\n\n<p class=\"wp-block-paragraph\"><em>\u00ab&nbsp;La solution (pour le retour \u00e0 l&rsquo;ordre constitutionnel) est de continuer \u00e0 collaborer avec la CEDEAO. Un d\u00e9lai d&rsquo;un an avait \u00e9t\u00e9 fix\u00e9 pour la fin de la transition, mais la question sera soumise \u00e0 la Conf\u00e9rence des chefs d&rsquo;Etat et de gouvernement de la CEDEAO le 14 d\u00e9cembre prochain.<\/em><\/p>\n\n\n\n<p class=\"wp-block-paragraph\"><em>En fonction de cette d\u00e9cision ou de celle qui en d\u00e9coulera, nous saurons quelles seront les prochaines \u00e9tapes\u00a0\u00bb<\/em>, a indiqu\u00e9 Jo\u00e3o Bernardo Vieira, ministre des Affaires \u00e9trang\u00e8res de Guin\u00e9e-Bissau.<\/p>\n\n\n\n<p class=\"wp-block-paragraph\">La Guin\u00e9e-Bissau a connu de nombreux coups d&rsquo;\u00c9tat depuis son ind\u00e9pendance du Portugal en 1974.<\/p>\n\n\n\n<p class=\"wp-block-paragraph\">Le dernier en date a eu lieu le 26 novembre dernier, peu avant l\u2019annonce des r\u00e9sultats des \u00e9lections pr\u00e9sidentielle et l\u00e9gislatives.<\/p>\n\n\n\n<figure class=\"wp-block-image size-large\"><img loading=\"lazy\" decoding=\"async\" width=\"1024\" height=\"392\" src=\"https:\/\/macite.tg\/wp-content\/uploads\/2025\/11\/8d9cf208-3716-4e73-bc0c-3341ae213e6b-1-1024x392.jpg\" alt=\"\" class=\"wp-image-26484\" srcset=\"https:\/\/macite.tg\/wp-content\/uploads\/2025\/11\/8d9cf208-3716-4e73-bc0c-3341ae213e6b-1-1024x392.jpg 1024w, https:\/\/macite.tg\/wp-content\/uploads\/2025\/11\/8d9cf208-3716-4e73-bc0c-3341ae213e6b-1-300x115.jpg 300w, https:\/\/macite.tg\/wp-content\/uploads\/2025\/11\/8d9cf208-3716-4e73-bc0c-3341ae213e6b-1-768x294.jpg 768w, https:\/\/macite.tg\/wp-content\/uploads\/2025\/11\/8d9cf208-3716-4e73-bc0c-3341ae213e6b-1.jpg 1080w\" sizes=\"auto, (max-width: 1024px) 100vw, 1024px\" \/><\/figure>\n\n\n\n<p class=\"wp-block-paragraph\">La nouvelle junte a d\u00e9sign\u00e9 le g\u00e9n\u00e9ral Horta N&rsquo;Tam, jusqu&rsquo;ici chef d&rsquo;\u00e9tat-major de l&rsquo;arm\u00e9e de terre, \u00e0 la t\u00eate de la transition cens\u00e9e durer un an. Un coup de force qui a conduit l\u2019Union Africaine \u00e0 suspendre le pays de ses instances.<\/p>\n\n\n\n<p class=\"wp-block-paragraph\"><strong>MSN<\/strong><\/p>\n\n\n\n<p class=\"wp-block-paragraph\"><a><strong><em>@macite.tg&nbsp;&nbsp;&nbsp;&nbsp;&nbsp;&nbsp;&nbsp;&nbsp;<\/em><\/strong><\/a><\/p>\n\n\n\n<p class=\"wp-block-paragraph\"><strong><em>E-mail&nbsp;: <\/em><\/strong><a href=\"mailto:maciteinfo@gmail.com\"><strong><em>maciteinfo@gmail.com<\/em><\/strong><\/a><strong><em>; <\/em><\/strong><a href=\"mailto:bawela1@gmail.com\"><strong><em>bawela1@gmail.com<\/em><\/strong><\/a><strong><em><\/em><\/strong><\/p>\n\n\n\n<p class=\"wp-block-paragraph\"><strong><em>Pour vos annonces, (publi)reportages, etc., joignez-nous au (00228)91515309\/<strong>79872224 <\/strong><strong><\/strong><\/em><\/strong><\/p>\n\n\n\n<p class=\"wp-block-paragraph\"><strong><em>www.macite.tg, L\u2019information, la bonne&nbsp;!<\/em><\/strong><\/p>\n\n\n\n<p class=\"wp-block-paragraph\"><\/p>\n","protected":false},"excerpt":{"rendered":"<p class=\"text-justify mb-2\" >En Guin\u00e9e-Bissau, une d\u00e9l\u00e9gation de haut niveau de la CEDEAO est arriv\u00e9e, le lundi dernier, dans la capitale Bissau, pour rencontrer les nouvelles autorit\u00e9s et des personnalit\u00e9s politiques et civiles. Dirig\u00e9 par le pr\u00e9sident sierra-l\u00e9onais, Julius Maada Bio, le bloc r\u00e9gional est compos\u00e9 de chefs [&hellip;]<\/p>\n","protected":false},"author":2,"featured_media":26588,"comment_status":"open","ping_status":"open","sticky":false,"template":"","format":"standard","meta":{"footnotes":""},"categories":[20,8],"tags":[],"class_list":["post-26587","post","type-post","status-publish","format-standard","has-post-thumbnail","hentry","category-actualite","category-diplomatie"],"yoast_head":"<!-- This site is optimized with the Yoast SEO plugin v28.4 - https:\/\/yoast.com\/product\/yoast-seo-wordpress\/ -->\n<title>CRISE EN GUINEE-BISSAU : La mission de la CEDEAO rencontre les nouvelles autorit\u00e9s -<\/title>\n<meta name=\"robots\" content=\"index, follow, max-snippet:-1, max-image-preview:large, max-video-preview:-1\" \/>\n<link rel=\"canonical\" href=\"https:\/\/macite.tg\/?p=26587\" \/>\n<meta property=\"og:locale\" content=\"fr_FR\" \/>\n<meta property=\"og:type\" content=\"article\" \/>\n<meta property=\"og:title\" content=\"CRISE EN GUINEE-BISSAU : La mission de la CEDEAO rencontre les nouvelles autorit\u00e9s -\" \/>\n<meta property=\"og:description\" content=\"En Guin\u00e9e-Bissau, une d\u00e9l\u00e9gation de haut niveau de la CEDEAO est arriv\u00e9e, le lundi dernier, dans la capitale Bissau, pour rencontrer les nouvelles autorit\u00e9s et des personnalit\u00e9s politiques et civiles. Dirig\u00e9 par le pr\u00e9sident sierra-l\u00e9onais, Julius Maada Bio, le bloc r\u00e9gional est compos\u00e9 de chefs [&hellip;]\" \/>\n<meta property=\"og:url\" content=\"https:\/\/macite.tg\/?p=26587\" \/>\n<meta property=\"article:published_time\" content=\"2025-12-04T13:31:15+00:00\" \/>\n<meta property=\"article:modified_time\" content=\"2025-12-04T13:31:34+00:00\" \/>\n<meta property=\"og:image\" content=\"https:\/\/macite.tg\/wp-content\/uploads\/2025\/12\/image-8.png\" \/>\n\t<meta property=\"og:image:width\" content=\"534\" \/>\n\t<meta property=\"og:image:height\" content=\"300\" \/>\n\t<meta property=\"og:image:type\" content=\"image\/png\" \/>\n<meta name=\"author\" content=\"Jean Pierre BAWELA\" \/>\n<meta name=\"twitter:card\" content=\"summary_large_image\" \/>\n<meta name=\"twitter:label1\" content=\"\u00c9crit par\" \/>\n\t<meta name=\"twitter:data1\" content=\"Jean Pierre BAWELA\" \/>\n\t<meta name=\"twitter:label2\" content=\"Dur\u00e9e de lecture estim\u00e9e\" \/>\n\t<meta name=\"twitter:data2\" content=\"2 minutes\" \/>\n<script type=\"application\/ld+json\" class=\"yoast-schema-graph\">{\"@context\":\"https:\\\/\\\/schema.org\",\"@graph\":[{\"@type\":\"Article\",\"@id\":\"https:\\\/\\\/macite.tg\\\/?p=26587#article\",\"isPartOf\":{\"@id\":\"https:\\\/\\\/macite.tg\\\/?p=26587\"},\"author\":{\"name\":\"Jean Pierre BAWELA\",\"@id\":\"https:\\\/\\\/macite.tg\\\/#\\\/schema\\\/person\\\/e9f2de7e5dbbe7770a9402c7ce82f5c2\"},\"headline\":\"CRISE EN GUINEE-BISSAU : La mission de la CEDEAO rencontre les nouvelles autorit\u00e9s\",\"datePublished\":\"2025-12-04T13:31:15+00:00\",\"dateModified\":\"2025-12-04T13:31:34+00:00\",\"mainEntityOfPage\":{\"@id\":\"https:\\\/\\\/macite.tg\\\/?p=26587\"},\"wordCount\":343,\"commentCount\":0,\"image\":{\"@id\":\"https:\\\/\\\/macite.tg\\\/?p=26587#primaryimage\"},\"thumbnailUrl\":\"https:\\\/\\\/macite.tg\\\/wp-content\\\/uploads\\\/2025\\\/12\\\/image-8.png\",\"articleSection\":[\"ACTUALITE\",\"DIPLOMATIE\"],\"inLanguage\":\"fr-FR\",\"potentialAction\":[{\"@type\":\"CommentAction\",\"name\":\"Comment\",\"target\":[\"https:\\\/\\\/macite.tg\\\/?p=26587#respond\"]}]},{\"@type\":\"WebPage\",\"@id\":\"https:\\\/\\\/macite.tg\\\/?p=26587\",\"url\":\"https:\\\/\\\/macite.tg\\\/?p=26587\",\"name\":\"CRISE EN GUINEE-BISSAU : La mission de la CEDEAO rencontre les nouvelles autorit\u00e9s -\",\"isPartOf\":{\"@id\":\"https:\\\/\\\/macite.tg\\\/#website\"},\"primaryImageOfPage\":{\"@id\":\"https:\\\/\\\/macite.tg\\\/?p=26587#primaryimage\"},\"image\":{\"@id\":\"https:\\\/\\\/macite.tg\\\/?p=26587#primaryimage\"},\"thumbnailUrl\":\"https:\\\/\\\/macite.tg\\\/wp-content\\\/uploads\\\/2025\\\/12\\\/image-8.png\",\"datePublished\":\"2025-12-04T13:31:15+00:00\",\"dateModified\":\"2025-12-04T13:31:34+00:00\",\"author\":{\"@id\":\"https:\\\/\\\/macite.tg\\\/#\\\/schema\\\/person\\\/e9f2de7e5dbbe7770a9402c7ce82f5c2\"},\"breadcrumb\":{\"@id\":\"https:\\\/\\\/macite.tg\\\/?p=26587#breadcrumb\"},\"inLanguage\":\"fr-FR\",\"potentialAction\":[{\"@type\":\"ReadAction\",\"target\":[\"https:\\\/\\\/macite.tg\\\/?p=26587\"]}]},{\"@type\":\"ImageObject\",\"inLanguage\":\"fr-FR\",\"@id\":\"https:\\\/\\\/macite.tg\\\/?p=26587#primaryimage\",\"url\":\"https:\\\/\\\/macite.tg\\\/wp-content\\\/uploads\\\/2025\\\/12\\\/image-8.png\",\"contentUrl\":\"https:\\\/\\\/macite.tg\\\/wp-content\\\/uploads\\\/2025\\\/12\\\/image-8.png\",\"width\":534,\"height\":300,\"caption\":\"Des responsables militaires assistent \u00e0 une r\u00e9union de la CEDEAO \u00e0 Bissau, en Guin\u00e9e-Bissau, le lundi 1er d\u00e9cembre 2025.\"},{\"@type\":\"BreadcrumbList\",\"@id\":\"https:\\\/\\\/macite.tg\\\/?p=26587#breadcrumb\",\"itemListElement\":[{\"@type\":\"ListItem\",\"position\":1,\"name\":\"Accueil\",\"item\":\"https:\\\/\\\/macite.tg\\\/\"},{\"@type\":\"ListItem\",\"position\":2,\"name\":\"CRISE EN GUINEE-BISSAU : La mission de la CEDEAO rencontre les nouvelles autorit\u00e9s\"}]},{\"@type\":\"WebSite\",\"@id\":\"https:\\\/\\\/macite.tg\\\/#website\",\"url\":\"https:\\\/\\\/macite.tg\\\/\",\"name\":\"\",\"description\":\"L&#039;information, la bonne!!!\",\"potentialAction\":[{\"@type\":\"SearchAction\",\"target\":{\"@type\":\"EntryPoint\",\"urlTemplate\":\"https:\\\/\\\/macite.tg\\\/?s={search_term_string}\"},\"query-input\":{\"@type\":\"PropertyValueSpecification\",\"valueRequired\":true,\"valueName\":\"search_term_string\"}}],\"inLanguage\":\"fr-FR\"},{\"@type\":\"Person\",\"@id\":\"https:\\\/\\\/macite.tg\\\/#\\\/schema\\\/person\\\/e9f2de7e5dbbe7770a9402c7ce82f5c2\",\"name\":\"Jean Pierre BAWELA\",\"image\":{\"@type\":\"ImageObject\",\"inLanguage\":\"fr-FR\",\"@id\":\"https:\\\/\\\/macite.tg\\\/wp-content\\\/uploads\\\/2023\\\/09\\\/WhatsApp-Image-2023-09-19-at-14.44.41-122x122.jpeg\",\"url\":\"https:\\\/\\\/macite.tg\\\/wp-content\\\/uploads\\\/2023\\\/09\\\/WhatsApp-Image-2023-09-19-at-14.44.41-122x122.jpeg\",\"contentUrl\":\"https:\\\/\\\/macite.tg\\\/wp-content\\\/uploads\\\/2023\\\/09\\\/WhatsApp-Image-2023-09-19-at-14.44.41-122x122.jpeg\",\"caption\":\"Jean Pierre BAWELA\"},\"url\":\"https:\\\/\\\/macite.tg\\\/?author=2\"}]}<\/script>\n<!-- \/ Yoast SEO plugin. -->","yoast_head_json":{"title":"CRISE EN GUINEE-BISSAU : La mission de la CEDEAO rencontre les nouvelles autorit\u00e9s -","robots":{"index":"index","follow":"follow","max-snippet":"max-snippet:-1","max-image-preview":"max-image-preview:large","max-video-preview":"max-video-preview:-1"},"canonical":"https:\/\/macite.tg\/?p=26587","og_locale":"fr_FR","og_type":"article","og_title":"CRISE EN GUINEE-BISSAU : La mission de la CEDEAO rencontre les nouvelles autorit\u00e9s -","og_description":"En Guin\u00e9e-Bissau, une d\u00e9l\u00e9gation de haut niveau de la CEDEAO est arriv\u00e9e, le lundi dernier, dans la capitale Bissau, pour rencontrer les nouvelles autorit\u00e9s et des personnalit\u00e9s politiques et civiles. Dirig\u00e9 par le pr\u00e9sident sierra-l\u00e9onais, Julius Maada Bio, le bloc r\u00e9gional est compos\u00e9 de chefs [&hellip;]","og_url":"https:\/\/macite.tg\/?p=26587","article_published_time":"2025-12-04T13:31:15+00:00","article_modified_time":"2025-12-04T13:31:34+00:00","og_image":[{"width":534,"height":300,"url":"https:\/\/macite.tg\/wp-content\/uploads\/2025\/12\/image-8.png","type":"image\/png"}],"author":"Jean Pierre BAWELA","twitter_card":"summary_large_image","twitter_misc":{"\u00c9crit par":"Jean Pierre BAWELA","Dur\u00e9e de lecture estim\u00e9e":"2 minutes"},"schema":{"@context":"https:\/\/schema.org","@graph":[{"@type":"Article","@id":"https:\/\/macite.tg\/?p=26587#article","isPartOf":{"@id":"https:\/\/macite.tg\/?p=26587"},"author":{"name":"Jean Pierre BAWELA","@id":"https:\/\/macite.tg\/#\/schema\/person\/e9f2de7e5dbbe7770a9402c7ce82f5c2"},"headline":"CRISE EN GUINEE-BISSAU : La mission de la CEDEAO rencontre les nouvelles autorit\u00e9s","datePublished":"2025-12-04T13:31:15+00:00","dateModified":"2025-12-04T13:31:34+00:00","mainEntityOfPage":{"@id":"https:\/\/macite.tg\/?p=26587"},"wordCount":343,"commentCount":0,"image":{"@id":"https:\/\/macite.tg\/?p=26587#primaryimage"},"thumbnailUrl":"https:\/\/macite.tg\/wp-content\/uploads\/2025\/12\/image-8.png","articleSection":["ACTUALITE","DIPLOMATIE"],"inLanguage":"fr-FR","potentialAction":[{"@type":"CommentAction","name":"Comment","target":["https:\/\/macite.tg\/?p=26587#respond"]}]},{"@type":"WebPage","@id":"https:\/\/macite.tg\/?p=26587","url":"https:\/\/macite.tg\/?p=26587","name":"CRISE EN GUINEE-BISSAU : La mission de la CEDEAO rencontre les nouvelles autorit\u00e9s -","isPartOf":{"@id":"https:\/\/macite.tg\/#website"},"primaryImageOfPage":{"@id":"https:\/\/macite.tg\/?p=26587#primaryimage"},"image":{"@id":"https:\/\/macite.tg\/?p=26587#primaryimage"},"thumbnailUrl":"https:\/\/macite.tg\/wp-content\/uploads\/2025\/12\/image-8.png","datePublished":"2025-12-04T13:31:15+00:00","dateModified":"2025-12-04T13:31:34+00:00","author":{"@id":"https:\/\/macite.tg\/#\/schema\/person\/e9f2de7e5dbbe7770a9402c7ce82f5c2"},"breadcrumb":{"@id":"https:\/\/macite.tg\/?p=26587#breadcrumb"},"inLanguage":"fr-FR","potentialAction":[{"@type":"ReadAction","target":["https:\/\/macite.tg\/?p=26587"]}]},{"@type":"ImageObject","inLanguage":"fr-FR","@id":"https:\/\/macite.tg\/?p=26587#primaryimage","url":"https:\/\/macite.tg\/wp-content\/uploads\/2025\/12\/image-8.png","contentUrl":"https:\/\/macite.tg\/wp-content\/uploads\/2025\/12\/image-8.png","width":534,"height":300,"caption":"Des responsables militaires assistent \u00e0 une r\u00e9union de la CEDEAO \u00e0 Bissau, en Guin\u00e9e-Bissau, le lundi 1er d\u00e9cembre 2025."},{"@type":"BreadcrumbList","@id":"https:\/\/macite.tg\/?p=26587#breadcrumb","itemListElement":[{"@type":"ListItem","position":1,"name":"Accueil","item":"https:\/\/macite.tg\/"},{"@type":"ListItem","position":2,"name":"CRISE EN GUINEE-BISSAU : La mission de la CEDEAO rencontre les nouvelles autorit\u00e9s"}]},{"@type":"WebSite","@id":"https:\/\/macite.tg\/#website","url":"https:\/\/macite.tg\/","name":"","description":"L&#039;information, la bonne!!!","potentialAction":[{"@type":"SearchAction","target":{"@type":"EntryPoint","urlTemplate":"https:\/\/macite.tg\/?s={search_term_string}"},"query-input":{"@type":"PropertyValueSpecification","valueRequired":true,"valueName":"search_term_string"}}],"inLanguage":"fr-FR"},{"@type":"Person","@id":"https:\/\/macite.tg\/#\/schema\/person\/e9f2de7e5dbbe7770a9402c7ce82f5c2","name":"Jean Pierre BAWELA","image":{"@type":"ImageObject","inLanguage":"fr-FR","@id":"https:\/\/macite.tg\/wp-content\/uploads\/2023\/09\/WhatsApp-Image-2023-09-19-at-14.44.41-122x122.jpeg","url":"https:\/\/macite.tg\/wp-content\/uploads\/2023\/09\/WhatsApp-Image-2023-09-19-at-14.44.41-122x122.jpeg","contentUrl":"https:\/\/macite.tg\/wp-content\/uploads\/2023\/09\/WhatsApp-Image-2023-09-19-at-14.44.41-122x122.jpeg","caption":"Jean Pierre BAWELA"},"url":"https:\/\/macite.tg\/?author=2"}]}},"_links":{"self":[{"href":"https:\/\/macite.tg\/index.php?rest_route=\/wp\/v2\/posts\/26587","targetHints":{"allow":["GET"]}}],"collection":[{"href":"https:\/\/macite.tg\/index.php?rest_route=\/wp\/v2\/posts"}],"about":[{"href":"https:\/\/macite.tg\/index.php?rest_route=\/wp\/v2\/types\/post"}],"author":[{"embeddable":true,"href":"https:\/\/macite.tg\/index.php?rest_route=\/wp\/v2\/users\/2"}],"replies":[{"embeddable":true,"href":"https:\/\/macite.tg\/index.php?rest_route=%2Fwp%2Fv2%2Fcomments&post=26587"}],"version-history":[{"count":0,"href":"https:\/\/macite.tg\/index.php?rest_route=\/wp\/v2\/posts\/26587\/revisions"}],"wp:featuredmedia":[{"embeddable":true,"href":"https:\/\/macite.tg\/index.php?rest_route=\/wp\/v2\/media\/26588"}],"wp:attachment":[{"href":"https:\/\/macite.tg\/index.php?rest_route=%2Fwp%2Fv2%2Fmedia&parent=26587"}],"wp:term":[{"taxonomy":"category","embeddable":true,"href":"https:\/\/macite.tg\/index.php?rest_route=%2Fwp%2Fv2%2Fcategories&post=26587"},{"taxonomy":"post_tag","embeddable":true,"href":"https:\/\/macite.tg\/index.php?rest_route=%2Fwp%2Fv2%2Ftags&post=26587"}],"curies":[{"name":"wp","href":"https:\/\/api.w.org\/{rel}","templated":true}]}}