{"id":26581,"date":"2025-12-04T12:27:10","date_gmt":"2025-12-04T12:27:10","guid":{"rendered":"https:\/\/macite.tg\/?p=26581"},"modified":"2025-12-04T12:27:20","modified_gmt":"2025-12-04T12:27:20","slug":"stabilite-dans-la-region-des-grands-lacs-faure-gnassingbe-a-washington-pour-la-signature-de-laccord-de-paix-entre-la-rdc-et-le-rwanda","status":"publish","type":"post","link":"https:\/\/macite.tg\/?p=26581","title":{"rendered":"STABILITE DANS LA REGION DES GRANDS LACS : Faure Gnassingb\u00e9 \u00e0 Washington pour la signature de l\u2019accord de paix entre la RDC et le Rwanda"},"content":{"rendered":"\n<p class=\"wp-block-paragraph\"><strong><em>C\u2019est ce jeudi qu\u2019a lieu, \u00e0 Washington DC, aux Etats-Unis, la signature de l\u2019accord de paix entre la R\u00e9publique D\u00e9mocratique du Congo (RDC) et la R\u00e9publique du Rwanda. Une c\u00e9r\u00e9monie qui va se d\u00e9rouler sous les yeux t\u00e9moins du Pr\u00e9sident du Conseil, Faure Essozimna Gnassingb\u00e9.<\/em><\/strong><\/p>\n\n\n\n<p class=\"wp-block-paragraph\">Dans le cadre de la mission de m\u00e9diation men\u00e9e, notamment par l\u2019Union africaine et les puissances \u00e9trang\u00e8res dont les USA, une c\u00e9r\u00e9monie de signature de l\u2019accord de paix entre la R\u00e9publique D\u00e9mocratique du Congo (RDC) et la R\u00e9publique du Rwanda est pr\u00e9vue ce jeudi 04 d\u00e9cembre \u00e0 Washington DC.<\/p>\n\n\n\n<figure class=\"wp-block-image size-full\"><img loading=\"lazy\" decoding=\"async\" width=\"851\" height=\"315\" src=\"https:\/\/macite.tg\/wp-content\/uploads\/2025\/12\/OTR_Ferer-pour-batir-1.jpg\" alt=\"\" class=\"wp-image-26559\" srcset=\"https:\/\/macite.tg\/wp-content\/uploads\/2025\/12\/OTR_Ferer-pour-batir-1.jpg 851w, https:\/\/macite.tg\/wp-content\/uploads\/2025\/12\/OTR_Ferer-pour-batir-1-300x111.jpg 300w, https:\/\/macite.tg\/wp-content\/uploads\/2025\/12\/OTR_Ferer-pour-batir-1-768x284.jpg 768w\" sizes=\"auto, (max-width: 851px) 100vw, 851px\" \/><\/figure>\n\n\n\n<p class=\"wp-block-paragraph\">Cet accord marque une convergence de vues entre les leaders congolais et rwandais, F\u00e9lix Tshisekedi et Paul Kagame. Ainsi, une \u00e9tape d\u00e9cisive vient d\u2019\u00eatre franchie dans les efforts de stabilisation entam\u00e9s depuis de nombreuses ann\u00e9es et men\u00e9e notamment par l\u2019Union africaine, les Etats-Unis, le Qatar et la France.<\/p>\n\n\n\n<p class=\"wp-block-paragraph\">Notons que dans ce dossier, le m\u00e9diateur d\u00e9sign\u00e9 de l\u2019Ua, en personne du Pr\u00e9sident du Conseil, d\u00e8s sa d\u00e9signation, a men\u00e9 des missions de concertation avec les diff\u00e9rentes parties prenantes, dans l\u2019optique de promouvoir un dialogue constructif et une issue favorable \u00e0 cette crise qui secoue la r\u00e9gion des Grands Lacs. <\/p>\n\n\n\n<figure class=\"wp-block-image size-large\"><img loading=\"lazy\" decoding=\"async\" width=\"1024\" height=\"392\" src=\"https:\/\/macite.tg\/wp-content\/uploads\/2025\/11\/8d9cf208-3716-4e73-bc0c-3341ae213e6b-1-1024x392.jpg\" alt=\"\" class=\"wp-image-26484\" srcset=\"https:\/\/macite.tg\/wp-content\/uploads\/2025\/11\/8d9cf208-3716-4e73-bc0c-3341ae213e6b-1-1024x392.jpg 1024w, https:\/\/macite.tg\/wp-content\/uploads\/2025\/11\/8d9cf208-3716-4e73-bc0c-3341ae213e6b-1-300x115.jpg 300w, https:\/\/macite.tg\/wp-content\/uploads\/2025\/11\/8d9cf208-3716-4e73-bc0c-3341ae213e6b-1-768x294.jpg 768w, https:\/\/macite.tg\/wp-content\/uploads\/2025\/11\/8d9cf208-3716-4e73-bc0c-3341ae213e6b-1.jpg 1080w\" sizes=\"auto, (max-width: 1024px) 100vw, 1024px\" \/><\/figure>\n\n\n\n<p class=\"wp-block-paragraph\">A l\u2019initiative conjointe de la France et du Togo, une conf\u00e9rence internationale de soutien \u00e0 la paix et \u00e0 la prosp\u00e9rit\u00e9 s\u2019\u00e9tait d\u00e9roul\u00e9e \u00e0 la fin du mois d\u2019octobre dernier \u00e0 Paris.<\/p>\n\n\n\n<p class=\"wp-block-paragraph\"><strong>JPB<\/strong><\/p>\n\n\n\n<p class=\"wp-block-paragraph\"><a><strong><em>@macite.tg&nbsp;&nbsp;&nbsp;&nbsp;&nbsp;&nbsp;&nbsp;&nbsp;<\/em><\/strong><\/a><\/p>\n\n\n\n<p class=\"wp-block-paragraph\"><strong><em>E-mail&nbsp;: <\/em><\/strong><a href=\"mailto:maciteinfo@gmail.com\"><strong><em>maciteinfo@gmail.com<\/em><\/strong><\/a><strong><em>; <\/em><\/strong><a href=\"mailto:bawela1@gmail.com\"><strong><em>bawela1@gmail.com<\/em><\/strong><\/a><strong><em><\/em><\/strong><\/p>\n\n\n\n<p class=\"wp-block-paragraph\"><strong><em>Pour vos annonces, (publi)reportages, etc., joignez-nous au (00228)91515309\/<strong>79872224 <\/strong><strong><\/strong><\/em><\/strong><\/p>\n\n\n\n<p class=\"wp-block-paragraph\"><strong><em>www.macite.tg, L\u2019information, la bonne&nbsp;!<\/em><\/strong><\/p>\n\n\n\n<p class=\"wp-block-paragraph\"><\/p>\n","protected":false},"excerpt":{"rendered":"<p class=\"text-justify mb-2\" >C\u2019est ce jeudi qu\u2019a lieu, \u00e0 Washington DC, aux Etats-Unis, la signature de l\u2019accord de paix entre la R\u00e9publique D\u00e9mocratique du Congo (RDC) et la R\u00e9publique du Rwanda. Une c\u00e9r\u00e9monie qui va se d\u00e9rouler sous les yeux t\u00e9moins du Pr\u00e9sident du Conseil, Faure Essozimna Gnassingb\u00e9. [&hellip;]<\/p>\n","protected":false},"author":2,"featured_media":26582,"comment_status":"open","ping_status":"open","sticky":false,"template":"","format":"standard","meta":{"footnotes":""},"categories":[20,8],"tags":[],"class_list":["post-26581","post","type-post","status-publish","format-standard","has-post-thumbnail","hentry","category-actualite","category-diplomatie"],"yoast_head":"<!-- This site is optimized with the Yoast SEO plugin v28.4 - https:\/\/yoast.com\/product\/yoast-seo-wordpress\/ -->\n<title>STABILITE DANS LA REGION DES GRANDS LACS : Faure Gnassingb\u00e9 \u00e0 Washington pour la signature de l\u2019accord de paix entre la RDC et le Rwanda -<\/title>\n<meta name=\"robots\" content=\"index, follow, max-snippet:-1, max-image-preview:large, max-video-preview:-1\" \/>\n<link rel=\"canonical\" href=\"https:\/\/macite.tg\/?p=26581\" \/>\n<meta property=\"og:locale\" content=\"fr_FR\" \/>\n<meta property=\"og:type\" content=\"article\" \/>\n<meta property=\"og:title\" content=\"STABILITE DANS LA REGION DES GRANDS LACS : Faure Gnassingb\u00e9 \u00e0 Washington pour la signature de l\u2019accord de paix entre la RDC et le Rwanda -\" \/>\n<meta property=\"og:description\" content=\"C\u2019est ce jeudi qu\u2019a lieu, \u00e0 Washington DC, aux Etats-Unis, la signature de l\u2019accord de paix entre la R\u00e9publique D\u00e9mocratique du Congo (RDC) et la R\u00e9publique du Rwanda. Une c\u00e9r\u00e9monie qui va se d\u00e9rouler sous les yeux t\u00e9moins du Pr\u00e9sident du Conseil, Faure Essozimna Gnassingb\u00e9. [&hellip;]\" \/>\n<meta property=\"og:url\" content=\"https:\/\/macite.tg\/?p=26581\" \/>\n<meta property=\"article:published_time\" content=\"2025-12-04T12:27:10+00:00\" \/>\n<meta property=\"article:modified_time\" content=\"2025-12-04T12:27:20+00:00\" \/>\n<meta property=\"og:image\" content=\"https:\/\/macite.tg\/wp-content\/uploads\/2025\/12\/image-6.png\" \/>\n\t<meta property=\"og:image:width\" content=\"339\" \/>\n\t<meta property=\"og:image:height\" content=\"234\" \/>\n\t<meta property=\"og:image:type\" content=\"image\/png\" \/>\n<meta name=\"author\" content=\"Jean Pierre BAWELA\" \/>\n<meta name=\"twitter:card\" content=\"summary_large_image\" \/>\n<meta name=\"twitter:label1\" content=\"\u00c9crit par\" \/>\n\t<meta name=\"twitter:data1\" content=\"Jean Pierre BAWELA\" \/>\n\t<meta name=\"twitter:label2\" content=\"Dur\u00e9e de lecture estim\u00e9e\" \/>\n\t<meta name=\"twitter:data2\" content=\"2 minutes\" \/>\n<script type=\"application\/ld+json\" class=\"yoast-schema-graph\">{\"@context\":\"https:\\\/\\\/schema.org\",\"@graph\":[{\"@type\":\"Article\",\"@id\":\"https:\\\/\\\/macite.tg\\\/?p=26581#article\",\"isPartOf\":{\"@id\":\"https:\\\/\\\/macite.tg\\\/?p=26581\"},\"author\":{\"name\":\"Jean Pierre BAWELA\",\"@id\":\"https:\\\/\\\/macite.tg\\\/#\\\/schema\\\/person\\\/e9f2de7e5dbbe7770a9402c7ce82f5c2\"},\"headline\":\"STABILITE DANS LA REGION DES GRANDS LACS : Faure Gnassingb\u00e9 \u00e0 Washington pour la signature de l\u2019accord de paix entre la RDC et le Rwanda\",\"datePublished\":\"2025-12-04T12:27:10+00:00\",\"dateModified\":\"2025-12-04T12:27:20+00:00\",\"mainEntityOfPage\":{\"@id\":\"https:\\\/\\\/macite.tg\\\/?p=26581\"},\"wordCount\":322,\"commentCount\":0,\"image\":{\"@id\":\"https:\\\/\\\/macite.tg\\\/?p=26581#primaryimage\"},\"thumbnailUrl\":\"https:\\\/\\\/macite.tg\\\/wp-content\\\/uploads\\\/2025\\\/12\\\/image-6.png\",\"articleSection\":[\"ACTUALITE\",\"DIPLOMATIE\"],\"inLanguage\":\"fr-FR\",\"potentialAction\":[{\"@type\":\"CommentAction\",\"name\":\"Comment\",\"target\":[\"https:\\\/\\\/macite.tg\\\/?p=26581#respond\"]}]},{\"@type\":\"WebPage\",\"@id\":\"https:\\\/\\\/macite.tg\\\/?p=26581\",\"url\":\"https:\\\/\\\/macite.tg\\\/?p=26581\",\"name\":\"STABILITE DANS LA REGION DES GRANDS LACS : Faure Gnassingb\u00e9 \u00e0 Washington pour la signature de l\u2019accord de paix entre la RDC et le Rwanda -\",\"isPartOf\":{\"@id\":\"https:\\\/\\\/macite.tg\\\/#website\"},\"primaryImageOfPage\":{\"@id\":\"https:\\\/\\\/macite.tg\\\/?p=26581#primaryimage\"},\"image\":{\"@id\":\"https:\\\/\\\/macite.tg\\\/?p=26581#primaryimage\"},\"thumbnailUrl\":\"https:\\\/\\\/macite.tg\\\/wp-content\\\/uploads\\\/2025\\\/12\\\/image-6.png\",\"datePublished\":\"2025-12-04T12:27:10+00:00\",\"dateModified\":\"2025-12-04T12:27:20+00:00\",\"author\":{\"@id\":\"https:\\\/\\\/macite.tg\\\/#\\\/schema\\\/person\\\/e9f2de7e5dbbe7770a9402c7ce82f5c2\"},\"breadcrumb\":{\"@id\":\"https:\\\/\\\/macite.tg\\\/?p=26581#breadcrumb\"},\"inLanguage\":\"fr-FR\",\"potentialAction\":[{\"@type\":\"ReadAction\",\"target\":[\"https:\\\/\\\/macite.tg\\\/?p=26581\"]}]},{\"@type\":\"ImageObject\",\"inLanguage\":\"fr-FR\",\"@id\":\"https:\\\/\\\/macite.tg\\\/?p=26581#primaryimage\",\"url\":\"https:\\\/\\\/macite.tg\\\/wp-content\\\/uploads\\\/2025\\\/12\\\/image-6.png\",\"contentUrl\":\"https:\\\/\\\/macite.tg\\\/wp-content\\\/uploads\\\/2025\\\/12\\\/image-6.png\",\"width\":339,\"height\":234},{\"@type\":\"BreadcrumbList\",\"@id\":\"https:\\\/\\\/macite.tg\\\/?p=26581#breadcrumb\",\"itemListElement\":[{\"@type\":\"ListItem\",\"position\":1,\"name\":\"Accueil\",\"item\":\"https:\\\/\\\/macite.tg\\\/\"},{\"@type\":\"ListItem\",\"position\":2,\"name\":\"STABILITE DANS LA REGION DES GRANDS LACS : Faure Gnassingb\u00e9 \u00e0 Washington pour la signature de l\u2019accord de paix entre la RDC et le Rwanda\"}]},{\"@type\":\"WebSite\",\"@id\":\"https:\\\/\\\/macite.tg\\\/#website\",\"url\":\"https:\\\/\\\/macite.tg\\\/\",\"name\":\"\",\"description\":\"L&#039;information, la bonne!!!\",\"potentialAction\":[{\"@type\":\"SearchAction\",\"target\":{\"@type\":\"EntryPoint\",\"urlTemplate\":\"https:\\\/\\\/macite.tg\\\/?s={search_term_string}\"},\"query-input\":{\"@type\":\"PropertyValueSpecification\",\"valueRequired\":true,\"valueName\":\"search_term_string\"}}],\"inLanguage\":\"fr-FR\"},{\"@type\":\"Person\",\"@id\":\"https:\\\/\\\/macite.tg\\\/#\\\/schema\\\/person\\\/e9f2de7e5dbbe7770a9402c7ce82f5c2\",\"name\":\"Jean Pierre BAWELA\",\"image\":{\"@type\":\"ImageObject\",\"inLanguage\":\"fr-FR\",\"@id\":\"https:\\\/\\\/macite.tg\\\/wp-content\\\/uploads\\\/2023\\\/09\\\/WhatsApp-Image-2023-09-19-at-14.44.41-122x122.jpeg\",\"url\":\"https:\\\/\\\/macite.tg\\\/wp-content\\\/uploads\\\/2023\\\/09\\\/WhatsApp-Image-2023-09-19-at-14.44.41-122x122.jpeg\",\"contentUrl\":\"https:\\\/\\\/macite.tg\\\/wp-content\\\/uploads\\\/2023\\\/09\\\/WhatsApp-Image-2023-09-19-at-14.44.41-122x122.jpeg\",\"caption\":\"Jean Pierre BAWELA\"},\"url\":\"https:\\\/\\\/macite.tg\\\/?author=2\"}]}<\/script>\n<!-- \/ Yoast SEO plugin. -->","yoast_head_json":{"title":"STABILITE DANS LA REGION DES GRANDS LACS : Faure Gnassingb\u00e9 \u00e0 Washington pour la signature de l\u2019accord de paix entre la RDC et le Rwanda -","robots":{"index":"index","follow":"follow","max-snippet":"max-snippet:-1","max-image-preview":"max-image-preview:large","max-video-preview":"max-video-preview:-1"},"canonical":"https:\/\/macite.tg\/?p=26581","og_locale":"fr_FR","og_type":"article","og_title":"STABILITE DANS LA REGION DES GRANDS LACS : Faure Gnassingb\u00e9 \u00e0 Washington pour la signature de l\u2019accord de paix entre la RDC et le Rwanda -","og_description":"C\u2019est ce jeudi qu\u2019a lieu, \u00e0 Washington DC, aux Etats-Unis, la signature de l\u2019accord de paix entre la R\u00e9publique D\u00e9mocratique du Congo (RDC) et la R\u00e9publique du Rwanda. Une c\u00e9r\u00e9monie qui va se d\u00e9rouler sous les yeux t\u00e9moins du Pr\u00e9sident du Conseil, Faure Essozimna Gnassingb\u00e9. [&hellip;]","og_url":"https:\/\/macite.tg\/?p=26581","article_published_time":"2025-12-04T12:27:10+00:00","article_modified_time":"2025-12-04T12:27:20+00:00","og_image":[{"width":339,"height":234,"url":"https:\/\/macite.tg\/wp-content\/uploads\/2025\/12\/image-6.png","type":"image\/png"}],"author":"Jean Pierre BAWELA","twitter_card":"summary_large_image","twitter_misc":{"\u00c9crit par":"Jean Pierre BAWELA","Dur\u00e9e de lecture estim\u00e9e":"2 minutes"},"schema":{"@context":"https:\/\/schema.org","@graph":[{"@type":"Article","@id":"https:\/\/macite.tg\/?p=26581#article","isPartOf":{"@id":"https:\/\/macite.tg\/?p=26581"},"author":{"name":"Jean Pierre BAWELA","@id":"https:\/\/macite.tg\/#\/schema\/person\/e9f2de7e5dbbe7770a9402c7ce82f5c2"},"headline":"STABILITE DANS LA REGION DES GRANDS LACS : Faure Gnassingb\u00e9 \u00e0 Washington pour la signature de l\u2019accord de paix entre la RDC et le Rwanda","datePublished":"2025-12-04T12:27:10+00:00","dateModified":"2025-12-04T12:27:20+00:00","mainEntityOfPage":{"@id":"https:\/\/macite.tg\/?p=26581"},"wordCount":322,"commentCount":0,"image":{"@id":"https:\/\/macite.tg\/?p=26581#primaryimage"},"thumbnailUrl":"https:\/\/macite.tg\/wp-content\/uploads\/2025\/12\/image-6.png","articleSection":["ACTUALITE","DIPLOMATIE"],"inLanguage":"fr-FR","potentialAction":[{"@type":"CommentAction","name":"Comment","target":["https:\/\/macite.tg\/?p=26581#respond"]}]},{"@type":"WebPage","@id":"https:\/\/macite.tg\/?p=26581","url":"https:\/\/macite.tg\/?p=26581","name":"STABILITE DANS LA REGION DES GRANDS LACS : Faure Gnassingb\u00e9 \u00e0 Washington pour la signature de l\u2019accord de paix entre la RDC et le Rwanda -","isPartOf":{"@id":"https:\/\/macite.tg\/#website"},"primaryImageOfPage":{"@id":"https:\/\/macite.tg\/?p=26581#primaryimage"},"image":{"@id":"https:\/\/macite.tg\/?p=26581#primaryimage"},"thumbnailUrl":"https:\/\/macite.tg\/wp-content\/uploads\/2025\/12\/image-6.png","datePublished":"2025-12-04T12:27:10+00:00","dateModified":"2025-12-04T12:27:20+00:00","author":{"@id":"https:\/\/macite.tg\/#\/schema\/person\/e9f2de7e5dbbe7770a9402c7ce82f5c2"},"breadcrumb":{"@id":"https:\/\/macite.tg\/?p=26581#breadcrumb"},"inLanguage":"fr-FR","potentialAction":[{"@type":"ReadAction","target":["https:\/\/macite.tg\/?p=26581"]}]},{"@type":"ImageObject","inLanguage":"fr-FR","@id":"https:\/\/macite.tg\/?p=26581#primaryimage","url":"https:\/\/macite.tg\/wp-content\/uploads\/2025\/12\/image-6.png","contentUrl":"https:\/\/macite.tg\/wp-content\/uploads\/2025\/12\/image-6.png","width":339,"height":234},{"@type":"BreadcrumbList","@id":"https:\/\/macite.tg\/?p=26581#breadcrumb","itemListElement":[{"@type":"ListItem","position":1,"name":"Accueil","item":"https:\/\/macite.tg\/"},{"@type":"ListItem","position":2,"name":"STABILITE DANS LA REGION DES GRANDS LACS : Faure Gnassingb\u00e9 \u00e0 Washington pour la signature de l\u2019accord de paix entre la RDC et le Rwanda"}]},{"@type":"WebSite","@id":"https:\/\/macite.tg\/#website","url":"https:\/\/macite.tg\/","name":"","description":"L&#039;information, la bonne!!!","potentialAction":[{"@type":"SearchAction","target":{"@type":"EntryPoint","urlTemplate":"https:\/\/macite.tg\/?s={search_term_string}"},"query-input":{"@type":"PropertyValueSpecification","valueRequired":true,"valueName":"search_term_string"}}],"inLanguage":"fr-FR"},{"@type":"Person","@id":"https:\/\/macite.tg\/#\/schema\/person\/e9f2de7e5dbbe7770a9402c7ce82f5c2","name":"Jean Pierre BAWELA","image":{"@type":"ImageObject","inLanguage":"fr-FR","@id":"https:\/\/macite.tg\/wp-content\/uploads\/2023\/09\/WhatsApp-Image-2023-09-19-at-14.44.41-122x122.jpeg","url":"https:\/\/macite.tg\/wp-content\/uploads\/2023\/09\/WhatsApp-Image-2023-09-19-at-14.44.41-122x122.jpeg","contentUrl":"https:\/\/macite.tg\/wp-content\/uploads\/2023\/09\/WhatsApp-Image-2023-09-19-at-14.44.41-122x122.jpeg","caption":"Jean Pierre BAWELA"},"url":"https:\/\/macite.tg\/?author=2"}]}},"_links":{"self":[{"href":"https:\/\/macite.tg\/index.php?rest_route=\/wp\/v2\/posts\/26581","targetHints":{"allow":["GET"]}}],"collection":[{"href":"https:\/\/macite.tg\/index.php?rest_route=\/wp\/v2\/posts"}],"about":[{"href":"https:\/\/macite.tg\/index.php?rest_route=\/wp\/v2\/types\/post"}],"author":[{"embeddable":true,"href":"https:\/\/macite.tg\/index.php?rest_route=\/wp\/v2\/users\/2"}],"replies":[{"embeddable":true,"href":"https:\/\/macite.tg\/index.php?rest_route=%2Fwp%2Fv2%2Fcomments&post=26581"}],"version-history":[{"count":0,"href":"https:\/\/macite.tg\/index.php?rest_route=\/wp\/v2\/posts\/26581\/revisions"}],"wp:featuredmedia":[{"embeddable":true,"href":"https:\/\/macite.tg\/index.php?rest_route=\/wp\/v2\/media\/26582"}],"wp:attachment":[{"href":"https:\/\/macite.tg\/index.php?rest_route=%2Fwp%2Fv2%2Fmedia&parent=26581"}],"wp:term":[{"taxonomy":"category","embeddable":true,"href":"https:\/\/macite.tg\/index.php?rest_route=%2Fwp%2Fv2%2Fcategories&post=26581"},{"taxonomy":"post_tag","embeddable":true,"href":"https:\/\/macite.tg\/index.php?rest_route=%2Fwp%2Fv2%2Ftags&post=26581"}],"curies":[{"name":"wp","href":"https:\/\/api.w.org\/{rel}","templated":true}]}}