{"id":26577,"date":"2025-12-03T18:12:54","date_gmt":"2025-12-03T18:12:54","guid":{"rendered":"https:\/\/macite.tg\/?p=26577"},"modified":"2025-12-03T18:16:52","modified_gmt":"2025-12-03T18:16:52","slug":"discours-sur-letat-de-la-nation-des-detenus-pourront-beneficier-dune-grace-presidentielle","status":"publish","type":"post","link":"https:\/\/macite.tg\/?p=26577","title":{"rendered":"DISCOURS SUR L\u2019ETAT DE LA NATION\u00a0: \u00ab\u00a0Une soci\u00e9t\u00e9 forte ne se construit (\u2026) dans l\u2019\u00e9quilibre entre justice, humanit\u00e9 et responsabilit\u00e9\u00a0\u00bb (Faure Gnassingb\u00e9)"},"content":{"rendered":"\n<p class=\"wp-block-paragraph\"><strong><em>Hier mardi 02 d\u00e9cembre, le Pr\u00e9sident du conseil, Faure Essozimna Gnassingb\u00e9, \u00e9tait devant le parlement pour faire le point sur l\u2019\u00e9tat de la nation. Cet exercice r\u00e9publicain r\u00e9unissant l\u2019Assembl\u00e9e nationale et S\u00e9nat, s\u2019inscrit dans la dynamique de l\u2019av\u00e8nement de la V\u00e8 R\u00e9publique, qui a ouvert une nouvelle \u00e8re institutionnelle au Togo. Au cours de cet exercice, le Faure Gnassingb\u00e9 a fait plusieurs annonces fortes, notamment la possibilit\u00e9 d\u2019une gr\u00e2ce pr\u00e9sidentielle pour certains d\u00e9tenus.<\/em><\/strong><\/p>\n\n\n\n<p class=\"wp-block-paragraph\">Des millions de pairs d\u2019yeux \u00e9taient braqu\u00e9s hier sur le Parlement togolais lors du discours du Pr\u00e9sident du conseil sur l\u2019\u00e9tat de la nation. Au cours de cet exercice, Faure Essozimna Gnassingb\u00e9 a annonc\u00e9 la possibilit\u00e9 d\u2019une gr\u00e2ce pr\u00e9sidentielle pour certains d\u00e9tenus. Une mesure qui vise, selon l\u2019autorit\u00e9, pr\u00e9server la dignit\u00e9 humaine et leu accorder une seconde chance pour la r\u00e9insertion sociale, une fois leur libert\u00e9 recouvr\u00e9e.<\/p>\n\n\n\n<figure class=\"wp-block-image size-large\"><img loading=\"lazy\" decoding=\"async\" width=\"1024\" height=\"392\" src=\"https:\/\/macite.tg\/wp-content\/uploads\/2025\/11\/8d9cf208-3716-4e73-bc0c-3341ae213e6b-1-1024x392.jpg\" alt=\"\" class=\"wp-image-26484\" srcset=\"https:\/\/macite.tg\/wp-content\/uploads\/2025\/11\/8d9cf208-3716-4e73-bc0c-3341ae213e6b-1-1024x392.jpg 1024w, https:\/\/macite.tg\/wp-content\/uploads\/2025\/11\/8d9cf208-3716-4e73-bc0c-3341ae213e6b-1-300x115.jpg 300w, https:\/\/macite.tg\/wp-content\/uploads\/2025\/11\/8d9cf208-3716-4e73-bc0c-3341ae213e6b-1-768x294.jpg 768w, https:\/\/macite.tg\/wp-content\/uploads\/2025\/11\/8d9cf208-3716-4e73-bc0c-3341ae213e6b-1.jpg 1080w\" sizes=\"auto, (max-width: 1024px) 100vw, 1024px\" \/><\/figure>\n\n\n\n<p class=\"wp-block-paragraph\">Ainsi, instruction a \u00e9t\u00e9 donn\u00e9e au ministre de la Justice de soumettre des <em>\u00ab&nbsp;mesures de gr\u00e2ce \u00e9labor\u00e9es, <\/em><em>sur la base des principes d\u2019\u00e9quit\u00e9 et de justice<\/em><em>&nbsp;\u00bb<\/em> pour des d\u00e9tenus. Il s\u2019agit de ceux purgeant une longue d\u00e9tention, mis \u00e9galement ceux ayant commis des d\u00e9lits mineurs ou les d\u00e9tenus \u00e2g\u00e9s, en fin de peine ou gravement malades.<\/p>\n\n\n\n<p class=\"wp-block-paragraph\">Loin d\u2019un <em>\u00ab&nbsp;laxisme&nbsp;\u00bb,<\/em> le Pr\u00e9sident du conseil note que ces r\u00e9formes <em>\u00ab&nbsp;ne <\/em><em>concernent ni les crimes de sang, ni les atteintes graves \u00e0 l\u2019int\u00e9grit\u00e9 physique ou \u00e0 la vie&nbsp;\u00bb, <\/em>rappelant que <em>\u00ab&nbsp;la rigueur restera la r\u00e8gle&nbsp;\u00bb<\/em>, pour ces cas.<\/p>\n\n\n\n<p class=\"wp-block-paragraph\"><em>\u00ab&nbsp;Une soci\u00e9t\u00e9 forte ne se construit ni dans la faiblesse, ni dans la vengeance : elle se construit dans l\u2019\u00e9quilibre entre justice, humanit\u00e9 et responsabilit\u00e9&nbsp;\u00bb,<\/em> a indiqu\u00e9 Faure Gnassingb\u00e9.<\/p>\n\n\n<div class=\"wp-block-image\">\n<figure class=\"aligncenter size-full\"><img loading=\"lazy\" decoding=\"async\" width=\"500\" height=\"500\" src=\"https:\/\/macite.tg\/wp-content\/uploads\/2025\/12\/Geo-ref.jpg\" alt=\"\" class=\"wp-image-26561\" srcset=\"https:\/\/macite.tg\/wp-content\/uploads\/2025\/12\/Geo-ref.jpg 500w, https:\/\/macite.tg\/wp-content\/uploads\/2025\/12\/Geo-ref-300x300.jpg 300w, https:\/\/macite.tg\/wp-content\/uploads\/2025\/12\/Geo-ref-150x150.jpg 150w, https:\/\/macite.tg\/wp-content\/uploads\/2025\/12\/Geo-ref-122x122.jpg 122w\" sizes=\"auto, (max-width: 500px) 100vw, 500px\" \/><\/figure>\n<\/div>\n\n\n<p class=\"wp-block-paragraph\">Notons que cette mesure s&rsquo;inscrit dans le cadre de la modernisation du syst\u00e8me judiciaire togolais. Elle rel\u00e8ve la volont\u00e9 des plus hautes autorit\u00e9s d\u2019am\u00e9liorer les conditions de d\u00e9tention et promouvoir la r\u00e9insertion sociale des d\u00e9tenus. Une fa\u00e7on de souligner l\u2019importance de la transparence et de l&rsquo;acc\u00e8s aux droits pour tous les Togolais, quel que soit leur lieu de r\u00e9sidence ou leur condition sociale.<\/p>\n\n\n\n<p class=\"wp-block-paragraph\"><strong>La R\u00e9daction<\/strong><strong><\/strong><\/p>\n\n\n\n<p class=\"wp-block-paragraph\"><a><strong><em>@macite.tg&nbsp;&nbsp;&nbsp;&nbsp;&nbsp;&nbsp;&nbsp;&nbsp;<\/em><\/strong><\/a><\/p>\n\n\n\n<p class=\"wp-block-paragraph\"><strong><em>E-mail&nbsp;: <\/em><\/strong><a href=\"mailto:maciteinfo@gmail.com\"><strong><em>maciteinfo@gmail.com<\/em><\/strong><\/a><strong><em>; <\/em><\/strong><a href=\"mailto:bawela1@gmail.com\"><strong><em>bawela1@gmail.com<\/em><\/strong><\/a><strong><em><\/em><\/strong><\/p>\n\n\n\n<p class=\"wp-block-paragraph\"><strong><em>Pour vos annonces, (publi)reportages, etc., joignez-nous au (00228)91515309\/<strong>79872224 <\/strong><strong><\/strong><\/em><\/strong><\/p>\n\n\n\n<p class=\"wp-block-paragraph\"><strong><em>www.macite.tg, L\u2019information, la bonne&nbsp;!<\/em><\/strong><\/p>\n\n\n\n<p class=\"wp-block-paragraph\"><\/p>\n","protected":false},"excerpt":{"rendered":"<p class=\"text-justify mb-2\" >Hier mardi 02 d\u00e9cembre, le Pr\u00e9sident du conseil, Faure Essozimna Gnassingb\u00e9, \u00e9tait devant le parlement pour faire le point sur l\u2019\u00e9tat de la nation. Cet exercice r\u00e9publicain r\u00e9unissant l\u2019Assembl\u00e9e nationale et S\u00e9nat, s\u2019inscrit dans la dynamique de l\u2019av\u00e8nement de la V\u00e8 R\u00e9publique, qui a ouvert [&hellip;]<\/p>\n","protected":false},"author":2,"featured_media":26578,"comment_status":"open","ping_status":"open","sticky":false,"template":"","format":"standard","meta":{"footnotes":""},"categories":[20,26],"tags":[],"class_list":["post-26577","post","type-post","status-publish","format-standard","has-post-thumbnail","hentry","category-actualite","category-justice"],"yoast_head":"<!-- This site is optimized with the Yoast SEO plugin v28.4 - https:\/\/yoast.com\/product\/yoast-seo-wordpress\/ -->\n<title>DISCOURS SUR L\u2019ETAT DE LA NATION\u00a0: \u00ab\u00a0Une soci\u00e9t\u00e9 forte ne se construit (\u2026) dans l\u2019\u00e9quilibre entre justice, humanit\u00e9 et responsabilit\u00e9\u00a0\u00bb (Faure Gnassingb\u00e9) -<\/title>\n<meta name=\"robots\" content=\"index, follow, max-snippet:-1, max-image-preview:large, max-video-preview:-1\" \/>\n<link rel=\"canonical\" href=\"https:\/\/macite.tg\/?p=26577\" \/>\n<meta property=\"og:locale\" content=\"fr_FR\" \/>\n<meta property=\"og:type\" content=\"article\" \/>\n<meta property=\"og:title\" content=\"DISCOURS SUR L\u2019ETAT DE LA NATION\u00a0: \u00ab\u00a0Une soci\u00e9t\u00e9 forte ne se construit (\u2026) dans l\u2019\u00e9quilibre entre justice, humanit\u00e9 et responsabilit\u00e9\u00a0\u00bb (Faure Gnassingb\u00e9) -\" \/>\n<meta property=\"og:description\" content=\"Hier mardi 02 d\u00e9cembre, le Pr\u00e9sident du conseil, Faure Essozimna Gnassingb\u00e9, \u00e9tait devant le parlement pour faire le point sur l\u2019\u00e9tat de la nation. Cet exercice r\u00e9publicain r\u00e9unissant l\u2019Assembl\u00e9e nationale et S\u00e9nat, s\u2019inscrit dans la dynamique de l\u2019av\u00e8nement de la V\u00e8 R\u00e9publique, qui a ouvert [&hellip;]\" \/>\n<meta property=\"og:url\" content=\"https:\/\/macite.tg\/?p=26577\" \/>\n<meta property=\"article:published_time\" content=\"2025-12-03T18:12:54+00:00\" \/>\n<meta property=\"article:modified_time\" content=\"2025-12-03T18:16:52+00:00\" \/>\n<meta property=\"og:image\" content=\"https:\/\/macite.tg\/wp-content\/uploads\/2025\/12\/FEG-PALEMENT-A.jpg\" \/>\n\t<meta property=\"og:image:width\" content=\"500\" \/>\n\t<meta property=\"og:image:height\" content=\"333\" \/>\n\t<meta property=\"og:image:type\" content=\"image\/jpeg\" \/>\n<meta name=\"author\" content=\"Jean Pierre BAWELA\" \/>\n<meta name=\"twitter:card\" content=\"summary_large_image\" \/>\n<meta name=\"twitter:label1\" content=\"\u00c9crit par\" \/>\n\t<meta name=\"twitter:data1\" content=\"Jean Pierre BAWELA\" \/>\n\t<meta name=\"twitter:label2\" content=\"Dur\u00e9e de lecture estim\u00e9e\" \/>\n\t<meta name=\"twitter:data2\" content=\"3 minutes\" \/>\n<script type=\"application\/ld+json\" class=\"yoast-schema-graph\">{\"@context\":\"https:\\\/\\\/schema.org\",\"@graph\":[{\"@type\":\"Article\",\"@id\":\"https:\\\/\\\/macite.tg\\\/?p=26577#article\",\"isPartOf\":{\"@id\":\"https:\\\/\\\/macite.tg\\\/?p=26577\"},\"author\":{\"name\":\"Jean Pierre BAWELA\",\"@id\":\"https:\\\/\\\/macite.tg\\\/#\\\/schema\\\/person\\\/e9f2de7e5dbbe7770a9402c7ce82f5c2\"},\"headline\":\"DISCOURS SUR L\u2019ETAT DE LA NATION\u00a0: \u00ab\u00a0Une soci\u00e9t\u00e9 forte ne se construit (\u2026) dans l\u2019\u00e9quilibre entre justice, humanit\u00e9 et responsabilit\u00e9\u00a0\u00bb (Faure Gnassingb\u00e9)\",\"datePublished\":\"2025-12-03T18:12:54+00:00\",\"dateModified\":\"2025-12-03T18:16:52+00:00\",\"mainEntityOfPage\":{\"@id\":\"https:\\\/\\\/macite.tg\\\/?p=26577\"},\"wordCount\":454,\"commentCount\":0,\"image\":{\"@id\":\"https:\\\/\\\/macite.tg\\\/?p=26577#primaryimage\"},\"thumbnailUrl\":\"https:\\\/\\\/macite.tg\\\/wp-content\\\/uploads\\\/2025\\\/12\\\/FEG-PALEMENT-A.jpg\",\"articleSection\":[\"ACTUALITE\",\"JUSTICE\"],\"inLanguage\":\"fr-FR\",\"potentialAction\":[{\"@type\":\"CommentAction\",\"name\":\"Comment\",\"target\":[\"https:\\\/\\\/macite.tg\\\/?p=26577#respond\"]}]},{\"@type\":\"WebPage\",\"@id\":\"https:\\\/\\\/macite.tg\\\/?p=26577\",\"url\":\"https:\\\/\\\/macite.tg\\\/?p=26577\",\"name\":\"DISCOURS SUR L\u2019ETAT DE LA NATION\u00a0: \u00ab\u00a0Une soci\u00e9t\u00e9 forte ne se construit (\u2026) dans l\u2019\u00e9quilibre entre justice, humanit\u00e9 et responsabilit\u00e9\u00a0\u00bb (Faure Gnassingb\u00e9) -\",\"isPartOf\":{\"@id\":\"https:\\\/\\\/macite.tg\\\/#website\"},\"primaryImageOfPage\":{\"@id\":\"https:\\\/\\\/macite.tg\\\/?p=26577#primaryimage\"},\"image\":{\"@id\":\"https:\\\/\\\/macite.tg\\\/?p=26577#primaryimage\"},\"thumbnailUrl\":\"https:\\\/\\\/macite.tg\\\/wp-content\\\/uploads\\\/2025\\\/12\\\/FEG-PALEMENT-A.jpg\",\"datePublished\":\"2025-12-03T18:12:54+00:00\",\"dateModified\":\"2025-12-03T18:16:52+00:00\",\"author\":{\"@id\":\"https:\\\/\\\/macite.tg\\\/#\\\/schema\\\/person\\\/e9f2de7e5dbbe7770a9402c7ce82f5c2\"},\"breadcrumb\":{\"@id\":\"https:\\\/\\\/macite.tg\\\/?p=26577#breadcrumb\"},\"inLanguage\":\"fr-FR\",\"potentialAction\":[{\"@type\":\"ReadAction\",\"target\":[\"https:\\\/\\\/macite.tg\\\/?p=26577\"]}]},{\"@type\":\"ImageObject\",\"inLanguage\":\"fr-FR\",\"@id\":\"https:\\\/\\\/macite.tg\\\/?p=26577#primaryimage\",\"url\":\"https:\\\/\\\/macite.tg\\\/wp-content\\\/uploads\\\/2025\\\/12\\\/FEG-PALEMENT-A.jpg\",\"contentUrl\":\"https:\\\/\\\/macite.tg\\\/wp-content\\\/uploads\\\/2025\\\/12\\\/FEG-PALEMENT-A.jpg\",\"width\":500,\"height\":333},{\"@type\":\"BreadcrumbList\",\"@id\":\"https:\\\/\\\/macite.tg\\\/?p=26577#breadcrumb\",\"itemListElement\":[{\"@type\":\"ListItem\",\"position\":1,\"name\":\"Accueil\",\"item\":\"https:\\\/\\\/macite.tg\\\/\"},{\"@type\":\"ListItem\",\"position\":2,\"name\":\"DISCOURS SUR L\u2019ETAT DE LA NATION\u00a0: \u00ab\u00a0Une soci\u00e9t\u00e9 forte ne se construit (\u2026) dans l\u2019\u00e9quilibre entre justice, humanit\u00e9 et responsabilit\u00e9\u00a0\u00bb (Faure Gnassingb\u00e9)\"}]},{\"@type\":\"WebSite\",\"@id\":\"https:\\\/\\\/macite.tg\\\/#website\",\"url\":\"https:\\\/\\\/macite.tg\\\/\",\"name\":\"\",\"description\":\"L&#039;information, la bonne!!!\",\"potentialAction\":[{\"@type\":\"SearchAction\",\"target\":{\"@type\":\"EntryPoint\",\"urlTemplate\":\"https:\\\/\\\/macite.tg\\\/?s={search_term_string}\"},\"query-input\":{\"@type\":\"PropertyValueSpecification\",\"valueRequired\":true,\"valueName\":\"search_term_string\"}}],\"inLanguage\":\"fr-FR\"},{\"@type\":\"Person\",\"@id\":\"https:\\\/\\\/macite.tg\\\/#\\\/schema\\\/person\\\/e9f2de7e5dbbe7770a9402c7ce82f5c2\",\"name\":\"Jean Pierre BAWELA\",\"image\":{\"@type\":\"ImageObject\",\"inLanguage\":\"fr-FR\",\"@id\":\"https:\\\/\\\/macite.tg\\\/wp-content\\\/uploads\\\/2023\\\/09\\\/WhatsApp-Image-2023-09-19-at-14.44.41-122x122.jpeg\",\"url\":\"https:\\\/\\\/macite.tg\\\/wp-content\\\/uploads\\\/2023\\\/09\\\/WhatsApp-Image-2023-09-19-at-14.44.41-122x122.jpeg\",\"contentUrl\":\"https:\\\/\\\/macite.tg\\\/wp-content\\\/uploads\\\/2023\\\/09\\\/WhatsApp-Image-2023-09-19-at-14.44.41-122x122.jpeg\",\"caption\":\"Jean Pierre BAWELA\"},\"url\":\"https:\\\/\\\/macite.tg\\\/?author=2\"}]}<\/script>\n<!-- \/ Yoast SEO plugin. -->","yoast_head_json":{"title":"DISCOURS SUR L\u2019ETAT DE LA NATION\u00a0: \u00ab\u00a0Une soci\u00e9t\u00e9 forte ne se construit (\u2026) dans l\u2019\u00e9quilibre entre justice, humanit\u00e9 et responsabilit\u00e9\u00a0\u00bb (Faure Gnassingb\u00e9) -","robots":{"index":"index","follow":"follow","max-snippet":"max-snippet:-1","max-image-preview":"max-image-preview:large","max-video-preview":"max-video-preview:-1"},"canonical":"https:\/\/macite.tg\/?p=26577","og_locale":"fr_FR","og_type":"article","og_title":"DISCOURS SUR L\u2019ETAT DE LA NATION\u00a0: \u00ab\u00a0Une soci\u00e9t\u00e9 forte ne se construit (\u2026) dans l\u2019\u00e9quilibre entre justice, humanit\u00e9 et responsabilit\u00e9\u00a0\u00bb (Faure Gnassingb\u00e9) -","og_description":"Hier mardi 02 d\u00e9cembre, le Pr\u00e9sident du conseil, Faure Essozimna Gnassingb\u00e9, \u00e9tait devant le parlement pour faire le point sur l\u2019\u00e9tat de la nation. Cet exercice r\u00e9publicain r\u00e9unissant l\u2019Assembl\u00e9e nationale et S\u00e9nat, s\u2019inscrit dans la dynamique de l\u2019av\u00e8nement de la V\u00e8 R\u00e9publique, qui a ouvert [&hellip;]","og_url":"https:\/\/macite.tg\/?p=26577","article_published_time":"2025-12-03T18:12:54+00:00","article_modified_time":"2025-12-03T18:16:52+00:00","og_image":[{"width":500,"height":333,"url":"https:\/\/macite.tg\/wp-content\/uploads\/2025\/12\/FEG-PALEMENT-A.jpg","type":"image\/jpeg"}],"author":"Jean Pierre BAWELA","twitter_card":"summary_large_image","twitter_misc":{"\u00c9crit par":"Jean Pierre BAWELA","Dur\u00e9e de lecture estim\u00e9e":"3 minutes"},"schema":{"@context":"https:\/\/schema.org","@graph":[{"@type":"Article","@id":"https:\/\/macite.tg\/?p=26577#article","isPartOf":{"@id":"https:\/\/macite.tg\/?p=26577"},"author":{"name":"Jean Pierre BAWELA","@id":"https:\/\/macite.tg\/#\/schema\/person\/e9f2de7e5dbbe7770a9402c7ce82f5c2"},"headline":"DISCOURS SUR L\u2019ETAT DE LA NATION\u00a0: \u00ab\u00a0Une soci\u00e9t\u00e9 forte ne se construit (\u2026) dans l\u2019\u00e9quilibre entre justice, humanit\u00e9 et responsabilit\u00e9\u00a0\u00bb (Faure Gnassingb\u00e9)","datePublished":"2025-12-03T18:12:54+00:00","dateModified":"2025-12-03T18:16:52+00:00","mainEntityOfPage":{"@id":"https:\/\/macite.tg\/?p=26577"},"wordCount":454,"commentCount":0,"image":{"@id":"https:\/\/macite.tg\/?p=26577#primaryimage"},"thumbnailUrl":"https:\/\/macite.tg\/wp-content\/uploads\/2025\/12\/FEG-PALEMENT-A.jpg","articleSection":["ACTUALITE","JUSTICE"],"inLanguage":"fr-FR","potentialAction":[{"@type":"CommentAction","name":"Comment","target":["https:\/\/macite.tg\/?p=26577#respond"]}]},{"@type":"WebPage","@id":"https:\/\/macite.tg\/?p=26577","url":"https:\/\/macite.tg\/?p=26577","name":"DISCOURS SUR L\u2019ETAT DE LA NATION\u00a0: \u00ab\u00a0Une soci\u00e9t\u00e9 forte ne se construit (\u2026) dans l\u2019\u00e9quilibre entre justice, humanit\u00e9 et responsabilit\u00e9\u00a0\u00bb (Faure Gnassingb\u00e9) -","isPartOf":{"@id":"https:\/\/macite.tg\/#website"},"primaryImageOfPage":{"@id":"https:\/\/macite.tg\/?p=26577#primaryimage"},"image":{"@id":"https:\/\/macite.tg\/?p=26577#primaryimage"},"thumbnailUrl":"https:\/\/macite.tg\/wp-content\/uploads\/2025\/12\/FEG-PALEMENT-A.jpg","datePublished":"2025-12-03T18:12:54+00:00","dateModified":"2025-12-03T18:16:52+00:00","author":{"@id":"https:\/\/macite.tg\/#\/schema\/person\/e9f2de7e5dbbe7770a9402c7ce82f5c2"},"breadcrumb":{"@id":"https:\/\/macite.tg\/?p=26577#breadcrumb"},"inLanguage":"fr-FR","potentialAction":[{"@type":"ReadAction","target":["https:\/\/macite.tg\/?p=26577"]}]},{"@type":"ImageObject","inLanguage":"fr-FR","@id":"https:\/\/macite.tg\/?p=26577#primaryimage","url":"https:\/\/macite.tg\/wp-content\/uploads\/2025\/12\/FEG-PALEMENT-A.jpg","contentUrl":"https:\/\/macite.tg\/wp-content\/uploads\/2025\/12\/FEG-PALEMENT-A.jpg","width":500,"height":333},{"@type":"BreadcrumbList","@id":"https:\/\/macite.tg\/?p=26577#breadcrumb","itemListElement":[{"@type":"ListItem","position":1,"name":"Accueil","item":"https:\/\/macite.tg\/"},{"@type":"ListItem","position":2,"name":"DISCOURS SUR L\u2019ETAT DE LA NATION\u00a0: \u00ab\u00a0Une soci\u00e9t\u00e9 forte ne se construit (\u2026) dans l\u2019\u00e9quilibre entre justice, humanit\u00e9 et responsabilit\u00e9\u00a0\u00bb (Faure Gnassingb\u00e9)"}]},{"@type":"WebSite","@id":"https:\/\/macite.tg\/#website","url":"https:\/\/macite.tg\/","name":"","description":"L&#039;information, la bonne!!!","potentialAction":[{"@type":"SearchAction","target":{"@type":"EntryPoint","urlTemplate":"https:\/\/macite.tg\/?s={search_term_string}"},"query-input":{"@type":"PropertyValueSpecification","valueRequired":true,"valueName":"search_term_string"}}],"inLanguage":"fr-FR"},{"@type":"Person","@id":"https:\/\/macite.tg\/#\/schema\/person\/e9f2de7e5dbbe7770a9402c7ce82f5c2","name":"Jean Pierre BAWELA","image":{"@type":"ImageObject","inLanguage":"fr-FR","@id":"https:\/\/macite.tg\/wp-content\/uploads\/2023\/09\/WhatsApp-Image-2023-09-19-at-14.44.41-122x122.jpeg","url":"https:\/\/macite.tg\/wp-content\/uploads\/2023\/09\/WhatsApp-Image-2023-09-19-at-14.44.41-122x122.jpeg","contentUrl":"https:\/\/macite.tg\/wp-content\/uploads\/2023\/09\/WhatsApp-Image-2023-09-19-at-14.44.41-122x122.jpeg","caption":"Jean Pierre BAWELA"},"url":"https:\/\/macite.tg\/?author=2"}]}},"_links":{"self":[{"href":"https:\/\/macite.tg\/index.php?rest_route=\/wp\/v2\/posts\/26577","targetHints":{"allow":["GET"]}}],"collection":[{"href":"https:\/\/macite.tg\/index.php?rest_route=\/wp\/v2\/posts"}],"about":[{"href":"https:\/\/macite.tg\/index.php?rest_route=\/wp\/v2\/types\/post"}],"author":[{"embeddable":true,"href":"https:\/\/macite.tg\/index.php?rest_route=\/wp\/v2\/users\/2"}],"replies":[{"embeddable":true,"href":"https:\/\/macite.tg\/index.php?rest_route=%2Fwp%2Fv2%2Fcomments&post=26577"}],"version-history":[{"count":0,"href":"https:\/\/macite.tg\/index.php?rest_route=\/wp\/v2\/posts\/26577\/revisions"}],"wp:featuredmedia":[{"embeddable":true,"href":"https:\/\/macite.tg\/index.php?rest_route=\/wp\/v2\/media\/26578"}],"wp:attachment":[{"href":"https:\/\/macite.tg\/index.php?rest_route=%2Fwp%2Fv2%2Fmedia&parent=26577"}],"wp:term":[{"taxonomy":"category","embeddable":true,"href":"https:\/\/macite.tg\/index.php?rest_route=%2Fwp%2Fv2%2Fcategories&post=26577"},{"taxonomy":"post_tag","embeddable":true,"href":"https:\/\/macite.tg\/index.php?rest_route=%2Fwp%2Fv2%2Ftags&post=26577"}],"curies":[{"name":"wp","href":"https:\/\/api.w.org\/{rel}","templated":true}]}}