{"id":26569,"date":"2025-12-03T15:23:08","date_gmt":"2025-12-03T15:23:08","guid":{"rendered":"https:\/\/macite.tg\/?p=26569"},"modified":"2025-12-03T15:27:44","modified_gmt":"2025-12-03T15:27:44","slug":"vatican-combien-coutent-les-funerailles-dun-pape","status":"publish","type":"post","link":"https:\/\/macite.tg\/?p=26569","title":{"rendered":"VATICAN\u00a0: Combien co\u00fbtent les fun\u00e9railles d&rsquo;un pape ?"},"content":{"rendered":"\n<p class=\"wp-block-paragraph\"><strong><em>Alors que les finances du Vatican sont loin d&rsquo;\u00eatre au beau fixe, le pape Fran\u00e7ois avait de son vivant tenu \u00e0 vivre de fa\u00e7on tr\u00e8s sobre, lui qui \u00e9tait surnomm\u00e9 \u00able pape des pauvres\u00bb. Un choix de vie qu&rsquo;il a tenu \u00e0 garder jusque dans ses fun\u00e9railles qui se sont voulus beaucoup moins extravagantes que celles de ses pr\u00e9d\u00e9cesseurs.<\/em><\/strong><\/p>\n\n\n\n<p class=\"wp-block-paragraph\">Chef de l\u2019\u00c9glise catholique mais aussi chef de l\u2019\u00c9tat du Vatican, bien souvent, les fun\u00e9railles d\u2019un pape sont\u00a0<strong>c\u00e9l\u00e9br\u00e9es en grande pompe<\/strong>.<\/p>\n\n\n\n<p class=\"wp-block-paragraph\">D\u00e9c\u00e9d\u00e9 le 21 avril dernier \u00e0 l\u2019\u00e2ge de 88 ans, le pape Fran\u00e7ois&nbsp;n\u2019a pas fait exception \u00e0 la r\u00e8gle \u00e0 l\u2019occasion de ses obs\u00e8ques qui se sont d\u00e9roul\u00e9es sur la place Saint-Pierre le samedi 26 avril. Pr\u00e9sents en nombre,&nbsp;<strong>plusieurs centaines de milliers de croyants<\/strong>&nbsp;avaient fait le d\u00e9placement pour lui rendre un dernier hommage, tout comme des chefs d\u2019Etat&nbsp;et t\u00eates couronn\u00e9es venus du monde entier \u00e0 l\u2019instar de Volodymyr Zelensky, Donald Trump, Emmanuel Macron ou le roi Felipe VI.<\/p>\n\n\n\n<figure class=\"wp-block-image size-large\"><img loading=\"lazy\" decoding=\"async\" width=\"1024\" height=\"392\" src=\"https:\/\/macite.tg\/wp-content\/uploads\/2025\/11\/8d9cf208-3716-4e73-bc0c-3341ae213e6b-1-1024x392.jpg\" alt=\"\" class=\"wp-image-26484\" srcset=\"https:\/\/macite.tg\/wp-content\/uploads\/2025\/11\/8d9cf208-3716-4e73-bc0c-3341ae213e6b-1-1024x392.jpg 1024w, https:\/\/macite.tg\/wp-content\/uploads\/2025\/11\/8d9cf208-3716-4e73-bc0c-3341ae213e6b-1-300x115.jpg 300w, https:\/\/macite.tg\/wp-content\/uploads\/2025\/11\/8d9cf208-3716-4e73-bc0c-3341ae213e6b-1-768x294.jpg 768w, https:\/\/macite.tg\/wp-content\/uploads\/2025\/11\/8d9cf208-3716-4e73-bc0c-3341ae213e6b-1.jpg 1080w\" sizes=\"auto, (max-width: 1024px) 100vw, 1024px\" \/><\/figure>\n\n\n\n<p class=\"wp-block-paragraph\">Pourtant, et contrairement \u00e0 ses pr\u00e9d\u00e9cesseurs, le pape Fran\u00e7ois avait exprim\u00e9 dans son testament sa volont\u00e9 d\u2019avoir&nbsp;<strong>un enterrement bien plus modeste<\/strong>. Ainsi, et dans&nbsp;<strong>un souci de sobri\u00e9t\u00e9 et de r\u00e9duction des co\u00fbts<\/strong>, le j\u00e9suite argentin &#8211; qui \u00e9tait aussi surnomm\u00e9 <em>\u00ab le pape des pauvres \u00bb<\/em> -, avait modifi\u00e9 en 2024 les&nbsp;<strong>r\u00e8gles d\u2019inhumation des souverains pontifes<\/strong>.<\/p>\n\n\n\n<p class=\"wp-block-paragraph\">Exit donc les trois cercueils imbriqu\u00e9s dans lesquels \u00e9taient enterr\u00e9s les papes (un de plomb, un de ch\u00eane ou d\u2019orme et un de cypr\u00e8s), qui laissent place d\u00e9sormais \u00e0 un seul en bois doubl\u00e9 de zinc, rapporte BFTMV.<\/p>\n\n\n\n<p class=\"wp-block-paragraph\"><strong>Les fun\u00e9railles de Jean-Paul II \u00e0 plusieurs millions d\u2019euros<\/strong><\/p>\n\n\n\n<p class=\"wp-block-paragraph\">Pour sa tombe, l\u00e0 encore, le pape Fran\u00e7ois n\u2019avait&nbsp;<strong>pas la folie des grandeurs<\/strong>. Dans son testament r\u00e9dig\u00e9 le 29 juin 2022, l\u2019ancien chef de l\u2019\u00c9glise catholique avait express\u00e9ment demand\u00e9 \u00e0 ce que sa s\u00e9pulture soit \u00ab <em>en terre, simple, sans d\u00e9coration particuli\u00e8re et avec la seule inscription : Franciscus <\/em>\u00bb.<\/p>\n\n\n\n<p class=\"wp-block-paragraph\">Quant aux frais pour la s\u00e9pulture de l\u2019homme d\u2019\u00e9glise, la facture pour le Vatican ne devrait pas \u00eatre \u00e9lev\u00e9e. En effet, l\u2019ensemble des frais a \u00e9t\u00e9 pris en charge par&nbsp;<strong>un donateur anonyme.<\/strong><\/p>\n\n\n\n<p class=\"wp-block-paragraph\">Il faut dire que le montant des fun\u00e9railles des papes peut vite&nbsp;<strong>se chiffrer \u00e0 plusieurs millions d\u2019euros.<\/strong>&nbsp;Alors que les finances du Vatican sont loin d\u2019\u00eatre au beau fixe avec un d\u00e9ficit annuel&nbsp;estim\u00e9&nbsp;<strong>entre 70 et 90 millions d\u2019euros annuels<\/strong>, les enterrements des souverains pontifes peuvent vite repr\u00e9senter un poids pour les finances du Saint-Si\u00e8ge.<\/p>\n\n\n\n<figure class=\"wp-block-image size-full\"><img loading=\"lazy\" decoding=\"async\" width=\"851\" height=\"315\" src=\"https:\/\/macite.tg\/wp-content\/uploads\/2025\/12\/OTR_Ferer-pour-batir-1.jpg\" alt=\"\" class=\"wp-image-26559\" srcset=\"https:\/\/macite.tg\/wp-content\/uploads\/2025\/12\/OTR_Ferer-pour-batir-1.jpg 851w, https:\/\/macite.tg\/wp-content\/uploads\/2025\/12\/OTR_Ferer-pour-batir-1-300x111.jpg 300w, https:\/\/macite.tg\/wp-content\/uploads\/2025\/12\/OTR_Ferer-pour-batir-1-768x284.jpg 768w\" sizes=\"auto, (max-width: 851px) 100vw, 851px\" \/><\/figure>\n\n\n\n<p class=\"wp-block-paragraph\">Ce fut notamment le cas pour les fun\u00e9railles de Jean-Paul II en 2005 et l\u2019\u00e9lection de son successeur &#8211; le pape Beno\u00eet XVI -, qui ont co\u00fbt\u00e9, selon les chiffres d\u2019Al Jazeera,&nbsp;<strong>9 millions de dollars<\/strong>, soit pr\u00e8s de 14,7 millions de dollars aujourd\u2019hui. Quant au co\u00fbt final de la c\u00e9r\u00e9monie pour le pape Fran\u00e7ois, le Vatican a refus\u00e9 de lever le voile dessus.<\/p>\n\n\n\n<p class=\"wp-block-paragraph\"><strong>actu.capital<\/strong><\/p>\n\n\n\n<p class=\"wp-block-paragraph\"><a><strong><em>@macite.tg&nbsp;&nbsp;&nbsp;&nbsp;&nbsp;&nbsp;&nbsp;&nbsp;<\/em><\/strong><\/a><\/p>\n\n\n\n<p class=\"wp-block-paragraph\"><strong><em>E-mail&nbsp;: <\/em><\/strong><a href=\"mailto:maciteinfo@gmail.com\"><strong><em>maciteinfo@gmail.com<\/em><\/strong><\/a><strong><em>; <\/em><\/strong><a href=\"mailto:bawela1@gmail.com\"><strong><em>bawela1@gmail.com<\/em><\/strong><\/a><strong><em><\/em><\/strong><\/p>\n\n\n\n<p class=\"wp-block-paragraph\"><strong><em>Pour vos annonces, (publi)reportages, etc., joignez-nous au (00228)91515309\/<strong>79872224 <\/strong><strong><\/strong><\/em><\/strong><\/p>\n\n\n\n<p class=\"wp-block-paragraph\"><strong><em>www.macite.tg, L\u2019information, la bonne&nbsp;!<\/em><\/strong><\/p>\n\n\n\n<p class=\"wp-block-paragraph\"><\/p>\n","protected":false},"excerpt":{"rendered":"<p class=\"text-justify mb-2\" >Alors que les finances du Vatican sont loin d&rsquo;\u00eatre au beau fixe, le pape Fran\u00e7ois avait de son vivant tenu \u00e0 vivre de fa\u00e7on tr\u00e8s sobre, lui qui \u00e9tait surnomm\u00e9 \u00able pape des pauvres\u00bb. Un choix de vie qu&rsquo;il a tenu \u00e0 garder jusque dans [&hellip;]<\/p>\n","protected":false},"author":2,"featured_media":26571,"comment_status":"open","ping_status":"open","sticky":false,"template":"","format":"standard","meta":{"footnotes":""},"categories":[20,6],"tags":[],"class_list":["post-26569","post","type-post","status-publish","format-standard","has-post-thumbnail","hentry","category-actualite","category-societe"],"yoast_head":"<!-- This site is optimized with the Yoast SEO plugin v28.4 - https:\/\/yoast.com\/product\/yoast-seo-wordpress\/ -->\n<title>VATICAN\u00a0: Combien co\u00fbtent les fun\u00e9railles d&#039;un pape ? -<\/title>\n<meta name=\"robots\" content=\"index, follow, max-snippet:-1, max-image-preview:large, max-video-preview:-1\" \/>\n<link rel=\"canonical\" href=\"https:\/\/macite.tg\/?p=26569\" \/>\n<meta property=\"og:locale\" content=\"fr_FR\" \/>\n<meta property=\"og:type\" content=\"article\" \/>\n<meta property=\"og:title\" content=\"VATICAN\u00a0: Combien co\u00fbtent les fun\u00e9railles d&#039;un pape ? -\" \/>\n<meta property=\"og:description\" content=\"Alors que les finances du Vatican sont loin d&rsquo;\u00eatre au beau fixe, le pape Fran\u00e7ois avait de son vivant tenu \u00e0 vivre de fa\u00e7on tr\u00e8s sobre, lui qui \u00e9tait surnomm\u00e9 \u00able pape des pauvres\u00bb. Un choix de vie qu&rsquo;il a tenu \u00e0 garder jusque dans [&hellip;]\" \/>\n<meta property=\"og:url\" content=\"https:\/\/macite.tg\/?p=26569\" \/>\n<meta property=\"article:published_time\" content=\"2025-12-03T15:23:08+00:00\" \/>\n<meta property=\"article:modified_time\" content=\"2025-12-03T15:27:44+00:00\" \/>\n<meta property=\"og:image\" content=\"https:\/\/macite.tg\/wp-content\/uploads\/2025\/12\/image-4.png\" \/>\n\t<meta property=\"og:image:width\" content=\"516\" \/>\n\t<meta property=\"og:image:height\" content=\"335\" \/>\n\t<meta property=\"og:image:type\" content=\"image\/png\" \/>\n<meta name=\"author\" content=\"Jean Pierre BAWELA\" \/>\n<meta name=\"twitter:card\" content=\"summary_large_image\" \/>\n<meta name=\"twitter:label1\" content=\"\u00c9crit par\" \/>\n\t<meta name=\"twitter:data1\" content=\"Jean Pierre BAWELA\" \/>\n\t<meta name=\"twitter:label2\" content=\"Dur\u00e9e de lecture estim\u00e9e\" \/>\n\t<meta name=\"twitter:data2\" content=\"4 minutes\" \/>\n<script type=\"application\/ld+json\" class=\"yoast-schema-graph\">{\"@context\":\"https:\\\/\\\/schema.org\",\"@graph\":[{\"@type\":\"Article\",\"@id\":\"https:\\\/\\\/macite.tg\\\/?p=26569#article\",\"isPartOf\":{\"@id\":\"https:\\\/\\\/macite.tg\\\/?p=26569\"},\"author\":{\"name\":\"Jean Pierre BAWELA\",\"@id\":\"https:\\\/\\\/macite.tg\\\/#\\\/schema\\\/person\\\/e9f2de7e5dbbe7770a9402c7ce82f5c2\"},\"headline\":\"VATICAN\u00a0: Combien co\u00fbtent les fun\u00e9railles d&rsquo;un pape ?\",\"datePublished\":\"2025-12-03T15:23:08+00:00\",\"dateModified\":\"2025-12-03T15:27:44+00:00\",\"mainEntityOfPage\":{\"@id\":\"https:\\\/\\\/macite.tg\\\/?p=26569\"},\"wordCount\":588,\"commentCount\":0,\"image\":{\"@id\":\"https:\\\/\\\/macite.tg\\\/?p=26569#primaryimage\"},\"thumbnailUrl\":\"https:\\\/\\\/macite.tg\\\/wp-content\\\/uploads\\\/2025\\\/12\\\/image-4.png\",\"articleSection\":[\"ACTUALITE\",\"SOCIETE\"],\"inLanguage\":\"fr-FR\",\"potentialAction\":[{\"@type\":\"CommentAction\",\"name\":\"Comment\",\"target\":[\"https:\\\/\\\/macite.tg\\\/?p=26569#respond\"]}]},{\"@type\":\"WebPage\",\"@id\":\"https:\\\/\\\/macite.tg\\\/?p=26569\",\"url\":\"https:\\\/\\\/macite.tg\\\/?p=26569\",\"name\":\"VATICAN\u00a0: Combien co\u00fbtent les fun\u00e9railles d'un pape ? -\",\"isPartOf\":{\"@id\":\"https:\\\/\\\/macite.tg\\\/#website\"},\"primaryImageOfPage\":{\"@id\":\"https:\\\/\\\/macite.tg\\\/?p=26569#primaryimage\"},\"image\":{\"@id\":\"https:\\\/\\\/macite.tg\\\/?p=26569#primaryimage\"},\"thumbnailUrl\":\"https:\\\/\\\/macite.tg\\\/wp-content\\\/uploads\\\/2025\\\/12\\\/image-4.png\",\"datePublished\":\"2025-12-03T15:23:08+00:00\",\"dateModified\":\"2025-12-03T15:27:44+00:00\",\"author\":{\"@id\":\"https:\\\/\\\/macite.tg\\\/#\\\/schema\\\/person\\\/e9f2de7e5dbbe7770a9402c7ce82f5c2\"},\"breadcrumb\":{\"@id\":\"https:\\\/\\\/macite.tg\\\/?p=26569#breadcrumb\"},\"inLanguage\":\"fr-FR\",\"potentialAction\":[{\"@type\":\"ReadAction\",\"target\":[\"https:\\\/\\\/macite.tg\\\/?p=26569\"]}]},{\"@type\":\"ImageObject\",\"inLanguage\":\"fr-FR\",\"@id\":\"https:\\\/\\\/macite.tg\\\/?p=26569#primaryimage\",\"url\":\"https:\\\/\\\/macite.tg\\\/wp-content\\\/uploads\\\/2025\\\/12\\\/image-4.png\",\"contentUrl\":\"https:\\\/\\\/macite.tg\\\/wp-content\\\/uploads\\\/2025\\\/12\\\/image-4.png\",\"width\":516,\"height\":335},{\"@type\":\"BreadcrumbList\",\"@id\":\"https:\\\/\\\/macite.tg\\\/?p=26569#breadcrumb\",\"itemListElement\":[{\"@type\":\"ListItem\",\"position\":1,\"name\":\"Accueil\",\"item\":\"https:\\\/\\\/macite.tg\\\/\"},{\"@type\":\"ListItem\",\"position\":2,\"name\":\"VATICAN\u00a0: Combien co\u00fbtent les fun\u00e9railles d&rsquo;un pape ?\"}]},{\"@type\":\"WebSite\",\"@id\":\"https:\\\/\\\/macite.tg\\\/#website\",\"url\":\"https:\\\/\\\/macite.tg\\\/\",\"name\":\"\",\"description\":\"L&#039;information, la bonne!!!\",\"potentialAction\":[{\"@type\":\"SearchAction\",\"target\":{\"@type\":\"EntryPoint\",\"urlTemplate\":\"https:\\\/\\\/macite.tg\\\/?s={search_term_string}\"},\"query-input\":{\"@type\":\"PropertyValueSpecification\",\"valueRequired\":true,\"valueName\":\"search_term_string\"}}],\"inLanguage\":\"fr-FR\"},{\"@type\":\"Person\",\"@id\":\"https:\\\/\\\/macite.tg\\\/#\\\/schema\\\/person\\\/e9f2de7e5dbbe7770a9402c7ce82f5c2\",\"name\":\"Jean Pierre BAWELA\",\"image\":{\"@type\":\"ImageObject\",\"inLanguage\":\"fr-FR\",\"@id\":\"https:\\\/\\\/macite.tg\\\/wp-content\\\/uploads\\\/2023\\\/09\\\/WhatsApp-Image-2023-09-19-at-14.44.41-122x122.jpeg\",\"url\":\"https:\\\/\\\/macite.tg\\\/wp-content\\\/uploads\\\/2023\\\/09\\\/WhatsApp-Image-2023-09-19-at-14.44.41-122x122.jpeg\",\"contentUrl\":\"https:\\\/\\\/macite.tg\\\/wp-content\\\/uploads\\\/2023\\\/09\\\/WhatsApp-Image-2023-09-19-at-14.44.41-122x122.jpeg\",\"caption\":\"Jean Pierre BAWELA\"},\"url\":\"https:\\\/\\\/macite.tg\\\/?author=2\"}]}<\/script>\n<!-- \/ Yoast SEO plugin. -->","yoast_head_json":{"title":"VATICAN\u00a0: Combien co\u00fbtent les fun\u00e9railles d'un pape ? -","robots":{"index":"index","follow":"follow","max-snippet":"max-snippet:-1","max-image-preview":"max-image-preview:large","max-video-preview":"max-video-preview:-1"},"canonical":"https:\/\/macite.tg\/?p=26569","og_locale":"fr_FR","og_type":"article","og_title":"VATICAN\u00a0: Combien co\u00fbtent les fun\u00e9railles d'un pape ? -","og_description":"Alors que les finances du Vatican sont loin d&rsquo;\u00eatre au beau fixe, le pape Fran\u00e7ois avait de son vivant tenu \u00e0 vivre de fa\u00e7on tr\u00e8s sobre, lui qui \u00e9tait surnomm\u00e9 \u00able pape des pauvres\u00bb. Un choix de vie qu&rsquo;il a tenu \u00e0 garder jusque dans [&hellip;]","og_url":"https:\/\/macite.tg\/?p=26569","article_published_time":"2025-12-03T15:23:08+00:00","article_modified_time":"2025-12-03T15:27:44+00:00","og_image":[{"width":516,"height":335,"url":"https:\/\/macite.tg\/wp-content\/uploads\/2025\/12\/image-4.png","type":"image\/png"}],"author":"Jean Pierre BAWELA","twitter_card":"summary_large_image","twitter_misc":{"\u00c9crit par":"Jean Pierre BAWELA","Dur\u00e9e de lecture estim\u00e9e":"4 minutes"},"schema":{"@context":"https:\/\/schema.org","@graph":[{"@type":"Article","@id":"https:\/\/macite.tg\/?p=26569#article","isPartOf":{"@id":"https:\/\/macite.tg\/?p=26569"},"author":{"name":"Jean Pierre BAWELA","@id":"https:\/\/macite.tg\/#\/schema\/person\/e9f2de7e5dbbe7770a9402c7ce82f5c2"},"headline":"VATICAN\u00a0: Combien co\u00fbtent les fun\u00e9railles d&rsquo;un pape ?","datePublished":"2025-12-03T15:23:08+00:00","dateModified":"2025-12-03T15:27:44+00:00","mainEntityOfPage":{"@id":"https:\/\/macite.tg\/?p=26569"},"wordCount":588,"commentCount":0,"image":{"@id":"https:\/\/macite.tg\/?p=26569#primaryimage"},"thumbnailUrl":"https:\/\/macite.tg\/wp-content\/uploads\/2025\/12\/image-4.png","articleSection":["ACTUALITE","SOCIETE"],"inLanguage":"fr-FR","potentialAction":[{"@type":"CommentAction","name":"Comment","target":["https:\/\/macite.tg\/?p=26569#respond"]}]},{"@type":"WebPage","@id":"https:\/\/macite.tg\/?p=26569","url":"https:\/\/macite.tg\/?p=26569","name":"VATICAN\u00a0: Combien co\u00fbtent les fun\u00e9railles d'un pape ? -","isPartOf":{"@id":"https:\/\/macite.tg\/#website"},"primaryImageOfPage":{"@id":"https:\/\/macite.tg\/?p=26569#primaryimage"},"image":{"@id":"https:\/\/macite.tg\/?p=26569#primaryimage"},"thumbnailUrl":"https:\/\/macite.tg\/wp-content\/uploads\/2025\/12\/image-4.png","datePublished":"2025-12-03T15:23:08+00:00","dateModified":"2025-12-03T15:27:44+00:00","author":{"@id":"https:\/\/macite.tg\/#\/schema\/person\/e9f2de7e5dbbe7770a9402c7ce82f5c2"},"breadcrumb":{"@id":"https:\/\/macite.tg\/?p=26569#breadcrumb"},"inLanguage":"fr-FR","potentialAction":[{"@type":"ReadAction","target":["https:\/\/macite.tg\/?p=26569"]}]},{"@type":"ImageObject","inLanguage":"fr-FR","@id":"https:\/\/macite.tg\/?p=26569#primaryimage","url":"https:\/\/macite.tg\/wp-content\/uploads\/2025\/12\/image-4.png","contentUrl":"https:\/\/macite.tg\/wp-content\/uploads\/2025\/12\/image-4.png","width":516,"height":335},{"@type":"BreadcrumbList","@id":"https:\/\/macite.tg\/?p=26569#breadcrumb","itemListElement":[{"@type":"ListItem","position":1,"name":"Accueil","item":"https:\/\/macite.tg\/"},{"@type":"ListItem","position":2,"name":"VATICAN\u00a0: Combien co\u00fbtent les fun\u00e9railles d&rsquo;un pape ?"}]},{"@type":"WebSite","@id":"https:\/\/macite.tg\/#website","url":"https:\/\/macite.tg\/","name":"","description":"L&#039;information, la bonne!!!","potentialAction":[{"@type":"SearchAction","target":{"@type":"EntryPoint","urlTemplate":"https:\/\/macite.tg\/?s={search_term_string}"},"query-input":{"@type":"PropertyValueSpecification","valueRequired":true,"valueName":"search_term_string"}}],"inLanguage":"fr-FR"},{"@type":"Person","@id":"https:\/\/macite.tg\/#\/schema\/person\/e9f2de7e5dbbe7770a9402c7ce82f5c2","name":"Jean Pierre BAWELA","image":{"@type":"ImageObject","inLanguage":"fr-FR","@id":"https:\/\/macite.tg\/wp-content\/uploads\/2023\/09\/WhatsApp-Image-2023-09-19-at-14.44.41-122x122.jpeg","url":"https:\/\/macite.tg\/wp-content\/uploads\/2023\/09\/WhatsApp-Image-2023-09-19-at-14.44.41-122x122.jpeg","contentUrl":"https:\/\/macite.tg\/wp-content\/uploads\/2023\/09\/WhatsApp-Image-2023-09-19-at-14.44.41-122x122.jpeg","caption":"Jean Pierre BAWELA"},"url":"https:\/\/macite.tg\/?author=2"}]}},"_links":{"self":[{"href":"https:\/\/macite.tg\/index.php?rest_route=\/wp\/v2\/posts\/26569","targetHints":{"allow":["GET"]}}],"collection":[{"href":"https:\/\/macite.tg\/index.php?rest_route=\/wp\/v2\/posts"}],"about":[{"href":"https:\/\/macite.tg\/index.php?rest_route=\/wp\/v2\/types\/post"}],"author":[{"embeddable":true,"href":"https:\/\/macite.tg\/index.php?rest_route=\/wp\/v2\/users\/2"}],"replies":[{"embeddable":true,"href":"https:\/\/macite.tg\/index.php?rest_route=%2Fwp%2Fv2%2Fcomments&post=26569"}],"version-history":[{"count":0,"href":"https:\/\/macite.tg\/index.php?rest_route=\/wp\/v2\/posts\/26569\/revisions"}],"wp:featuredmedia":[{"embeddable":true,"href":"https:\/\/macite.tg\/index.php?rest_route=\/wp\/v2\/media\/26571"}],"wp:attachment":[{"href":"https:\/\/macite.tg\/index.php?rest_route=%2Fwp%2Fv2%2Fmedia&parent=26569"}],"wp:term":[{"taxonomy":"category","embeddable":true,"href":"https:\/\/macite.tg\/index.php?rest_route=%2Fwp%2Fv2%2Fcategories&post=26569"},{"taxonomy":"post_tag","embeddable":true,"href":"https:\/\/macite.tg\/index.php?rest_route=%2Fwp%2Fv2%2Ftags&post=26569"}],"curies":[{"name":"wp","href":"https:\/\/api.w.org\/{rel}","templated":true}]}}