{"id":26548,"date":"2025-12-02T12:50:05","date_gmt":"2025-12-02T12:50:05","guid":{"rendered":"https:\/\/macite.tg\/?p=26548"},"modified":"2025-12-02T12:50:22","modified_gmt":"2025-12-02T12:50:22","slug":"9eme-congres-panafricain-le-continent-et-sa-diaspora-se-retrouvent-a-lome-avec-a-coeur-de-reaffirmer-la-valeur-panafricaine","status":"publish","type":"post","link":"https:\/\/macite.tg\/?p=26548","title":{"rendered":"9EME CONGRES PANAFRICAIN : Le continent et sa diaspora se retrouvent \u00e0 Lom\u00e9 avec \u00e0 c\u0153ur de r\u00e9affirmer la valeur panafricaine"},"content":{"rendered":"\n<p class=\"wp-block-paragraph\"><strong><em>Du 08 au 12 d\u00e9cembre prochain, la capitale togolaise va offrir son cadre pour le 9<sup>\u00e8me<\/sup> Congr\u00e8s panafricain. Les participants issus du continent, de la diaspora et des afrodescendants, vont r\u00e9fl\u00e9chir autour du th\u00e8me du renouveau du panafricanisme et du r\u00f4le de l\u2019Afrique dans la r\u00e9forme des institutions multilat\u00e9rales.<\/em><\/strong><\/p>\n\n\n\n<p class=\"wp-block-paragraph\">Organis\u00e9 par l\u2019ex\u00e9cutif togolais en collaboration avec l\u2019Union africaine (Ua), cet \u00e9v\u00e9nement sera l\u2019occasion pour les fils et filles d\u2019Afrique, de sa diaspora mais aussi des afrodescendants de discuter sur des questions cruciales sur l\u2019avenir de l\u2019Afrique et de r\u00e9affirmer la valeur du panafricanisme.&nbsp;<\/p>\n\n\n\n<figure class=\"wp-block-image size-large\"><img loading=\"lazy\" decoding=\"async\" width=\"1024\" height=\"392\" src=\"https:\/\/macite.tg\/wp-content\/uploads\/2025\/11\/8d9cf208-3716-4e73-bc0c-3341ae213e6b-1-1024x392.jpg\" alt=\"\" class=\"wp-image-26484\" srcset=\"https:\/\/macite.tg\/wp-content\/uploads\/2025\/11\/8d9cf208-3716-4e73-bc0c-3341ae213e6b-1-1024x392.jpg 1024w, https:\/\/macite.tg\/wp-content\/uploads\/2025\/11\/8d9cf208-3716-4e73-bc0c-3341ae213e6b-1-300x115.jpg 300w, https:\/\/macite.tg\/wp-content\/uploads\/2025\/11\/8d9cf208-3716-4e73-bc0c-3341ae213e6b-1-768x294.jpg 768w, https:\/\/macite.tg\/wp-content\/uploads\/2025\/11\/8d9cf208-3716-4e73-bc0c-3341ae213e6b-1.jpg 1080w\" sizes=\"auto, (max-width: 1024px) 100vw, 1024px\" \/><\/figure>\n\n\n\n<p class=\"wp-block-paragraph\">A Lom\u00e9 et pr\u00e9cis\u00e9ment au Palais des congr\u00e8s, les d\u00e9l\u00e9gations vont aborder, notamment la question de la place de l\u2019Afrique dans les organisations multilat\u00e9rales, la question des r\u00e9parations pour les injustices historiques subies par les africains.&nbsp;<\/p>\n\n\n\n<p class=\"wp-block-paragraph\">Apr\u00e8s les conf\u00e9rences r\u00e9gionales organis\u00e9es en amont qui ont vu la participation active et contributive des diff\u00e9rents conglom\u00e9ras, Lom\u00e9 verra converger toutes principales parties prenantes pour ce grand rendez-vous avec l\u2019histoire. &nbsp;&nbsp;<\/p>\n\n\n\n<p class=\"wp-block-paragraph\">Notons que lors de la derni\u00e8re grande r\u00e9union africaine d\u2019avant Congr\u00e8s, ouverte \u00e0 Alger, le<\/p>\n\n\n<div class=\"wp-block-image\">\n<figure class=\"aligncenter size-full\"><img loading=\"lazy\" decoding=\"async\" width=\"500\" height=\"500\" src=\"https:\/\/macite.tg\/wp-content\/uploads\/2025\/12\/19SEept25_OTR_obtenez-votre-laissez-passer-de-vehicule-en-ligne-via-www.lpv_.otr_.tg_-768x768-1.jpg\" alt=\"\" class=\"wp-image-26549\" srcset=\"https:\/\/macite.tg\/wp-content\/uploads\/2025\/12\/19SEept25_OTR_obtenez-votre-laissez-passer-de-vehicule-en-ligne-via-www.lpv_.otr_.tg_-768x768-1.jpg 500w, https:\/\/macite.tg\/wp-content\/uploads\/2025\/12\/19SEept25_OTR_obtenez-votre-laissez-passer-de-vehicule-en-ligne-via-www.lpv_.otr_.tg_-768x768-1-300x300.jpg 300w, https:\/\/macite.tg\/wp-content\/uploads\/2025\/12\/19SEept25_OTR_obtenez-votre-laissez-passer-de-vehicule-en-ligne-via-www.lpv_.otr_.tg_-768x768-1-150x150.jpg 150w, https:\/\/macite.tg\/wp-content\/uploads\/2025\/12\/19SEept25_OTR_obtenez-votre-laissez-passer-de-vehicule-en-ligne-via-www.lpv_.otr_.tg_-768x768-1-122x122.jpg 122w\" sizes=\"auto, (max-width: 500px) 100vw, 500px\" \/><\/figure>\n<\/div>\n\n\n<p class=\"wp-block-paragraph\">30 novembre dernier, avec la Conf\u00e9rence internationale sur les crimes du colonialisme, le Chef de la diplomatie togolaise, Prof Robert Dussey avait saisi l\u2019occasion pour r\u00e9affirmer son attachement au th\u00e8me officiel de l\u2019UA pour l\u2019ann\u00e9e qui est&nbsp;:&nbsp;\u00ab&nbsp;<em>Justice pour les Africains et les personnes d\u2019ascendance africaine \u00e0 travers les r\u00e9parations&nbsp;\u00bb. <\/em>&nbsp;Le diplomate togolais a \u00e9galement r\u00e9it\u00e9r\u00e9 la n\u00e9cessit\u00e9 de l\u2019exigence de r\u00e9parations.&nbsp;<\/p>\n\n\n\n<p class=\"wp-block-paragraph\"><strong><em>Nous y reviendrons&nbsp;!<\/em><\/strong><\/p>\n\n\n\n<p class=\"wp-block-paragraph\"><strong>La R\u00e9daction<\/strong><\/p>\n\n\n\n<p class=\"wp-block-paragraph\"><a><strong><em>@macite.tg&nbsp;&nbsp;&nbsp;&nbsp;&nbsp;&nbsp;&nbsp;&nbsp;<\/em><\/strong><\/a><\/p>\n\n\n\n<p class=\"wp-block-paragraph\"><strong><em>E-mail&nbsp;: <\/em><\/strong><a href=\"mailto:maciteinfo@gmail.com\"><strong><em>maciteinfo@gmail.com<\/em><\/strong><\/a><strong><em>; <\/em><\/strong><a href=\"mailto:bawela1@gmail.com\"><strong><em>bawela1@gmail.com<\/em><\/strong><\/a><strong><em><\/em><\/strong><\/p>\n\n\n\n<p class=\"wp-block-paragraph\"><strong><em>Pour vos annonces, (publi)reportages, etc., joignez-nous au (00228)91515309\/<strong>79872224 <\/strong><strong><\/strong><\/em><\/strong><\/p>\n\n\n\n<p class=\"wp-block-paragraph\"><strong><em>www.macite.tg, L\u2019information, la bonne&nbsp;!<\/em><\/strong><\/p>\n\n\n\n<p class=\"wp-block-paragraph\"><\/p>\n","protected":false},"excerpt":{"rendered":"<p class=\"text-justify mb-2\" >Du 08 au 12 d\u00e9cembre prochain, la capitale togolaise va offrir son cadre pour le 9\u00e8me Congr\u00e8s panafricain. Les participants issus du continent, de la diaspora et des afrodescendants, vont r\u00e9fl\u00e9chir autour du th\u00e8me du renouveau du panafricanisme et du r\u00f4le de l\u2019Afrique dans la [&hellip;]<\/p>\n","protected":false},"author":2,"featured_media":26550,"comment_status":"open","ping_status":"open","sticky":false,"template":"","format":"standard","meta":{"footnotes":""},"categories":[20,8],"tags":[],"class_list":["post-26548","post","type-post","status-publish","format-standard","has-post-thumbnail","hentry","category-actualite","category-diplomatie"],"yoast_head":"<!-- This site is optimized with the Yoast SEO plugin v28.4 - https:\/\/yoast.com\/product\/yoast-seo-wordpress\/ -->\n<title>9EME CONGRES PANAFRICAIN : Le continent et sa diaspora se retrouvent \u00e0 Lom\u00e9 avec \u00e0 c\u0153ur de r\u00e9affirmer la valeur panafricaine -<\/title>\n<meta name=\"robots\" content=\"index, follow, max-snippet:-1, max-image-preview:large, max-video-preview:-1\" \/>\n<link rel=\"canonical\" href=\"https:\/\/macite.tg\/?p=26548\" \/>\n<meta property=\"og:locale\" content=\"fr_FR\" \/>\n<meta property=\"og:type\" content=\"article\" \/>\n<meta property=\"og:title\" content=\"9EME CONGRES PANAFRICAIN : Le continent et sa diaspora se retrouvent \u00e0 Lom\u00e9 avec \u00e0 c\u0153ur de r\u00e9affirmer la valeur panafricaine -\" \/>\n<meta property=\"og:description\" content=\"Du 08 au 12 d\u00e9cembre prochain, la capitale togolaise va offrir son cadre pour le 9\u00e8me Congr\u00e8s panafricain. Les participants issus du continent, de la diaspora et des afrodescendants, vont r\u00e9fl\u00e9chir autour du th\u00e8me du renouveau du panafricanisme et du r\u00f4le de l\u2019Afrique dans la [&hellip;]\" \/>\n<meta property=\"og:url\" content=\"https:\/\/macite.tg\/?p=26548\" \/>\n<meta property=\"article:published_time\" content=\"2025-12-02T12:50:05+00:00\" \/>\n<meta property=\"article:modified_time\" content=\"2025-12-02T12:50:22+00:00\" \/>\n<meta property=\"og:image\" content=\"https:\/\/macite.tg\/wp-content\/uploads\/2025\/12\/9eme-Congres-africain.jpg\" \/>\n\t<meta property=\"og:image:width\" content=\"500\" \/>\n\t<meta property=\"og:image:height\" content=\"375\" \/>\n\t<meta property=\"og:image:type\" content=\"image\/jpeg\" \/>\n<meta name=\"author\" content=\"Jean Pierre BAWELA\" \/>\n<meta name=\"twitter:card\" content=\"summary_large_image\" \/>\n<meta name=\"twitter:label1\" content=\"\u00c9crit par\" \/>\n\t<meta name=\"twitter:data1\" content=\"Jean Pierre BAWELA\" \/>\n\t<meta name=\"twitter:label2\" content=\"Dur\u00e9e de lecture estim\u00e9e\" \/>\n\t<meta name=\"twitter:data2\" content=\"2 minutes\" \/>\n<script type=\"application\/ld+json\" class=\"yoast-schema-graph\">{\"@context\":\"https:\\\/\\\/schema.org\",\"@graph\":[{\"@type\":\"Article\",\"@id\":\"https:\\\/\\\/macite.tg\\\/?p=26548#article\",\"isPartOf\":{\"@id\":\"https:\\\/\\\/macite.tg\\\/?p=26548\"},\"author\":{\"name\":\"Jean Pierre BAWELA\",\"@id\":\"https:\\\/\\\/macite.tg\\\/#\\\/schema\\\/person\\\/e9f2de7e5dbbe7770a9402c7ce82f5c2\"},\"headline\":\"9EME CONGRES PANAFRICAIN : Le continent et sa diaspora se retrouvent \u00e0 Lom\u00e9 avec \u00e0 c\u0153ur de r\u00e9affirmer la valeur panafricaine\",\"datePublished\":\"2025-12-02T12:50:05+00:00\",\"dateModified\":\"2025-12-02T12:50:22+00:00\",\"mainEntityOfPage\":{\"@id\":\"https:\\\/\\\/macite.tg\\\/?p=26548\"},\"wordCount\":354,\"commentCount\":0,\"image\":{\"@id\":\"https:\\\/\\\/macite.tg\\\/?p=26548#primaryimage\"},\"thumbnailUrl\":\"https:\\\/\\\/macite.tg\\\/wp-content\\\/uploads\\\/2025\\\/12\\\/9eme-Congres-africain.jpg\",\"articleSection\":[\"ACTUALITE\",\"DIPLOMATIE\"],\"inLanguage\":\"fr-FR\",\"potentialAction\":[{\"@type\":\"CommentAction\",\"name\":\"Comment\",\"target\":[\"https:\\\/\\\/macite.tg\\\/?p=26548#respond\"]}]},{\"@type\":\"WebPage\",\"@id\":\"https:\\\/\\\/macite.tg\\\/?p=26548\",\"url\":\"https:\\\/\\\/macite.tg\\\/?p=26548\",\"name\":\"9EME CONGRES PANAFRICAIN : Le continent et sa diaspora se retrouvent \u00e0 Lom\u00e9 avec \u00e0 c\u0153ur de r\u00e9affirmer la valeur panafricaine -\",\"isPartOf\":{\"@id\":\"https:\\\/\\\/macite.tg\\\/#website\"},\"primaryImageOfPage\":{\"@id\":\"https:\\\/\\\/macite.tg\\\/?p=26548#primaryimage\"},\"image\":{\"@id\":\"https:\\\/\\\/macite.tg\\\/?p=26548#primaryimage\"},\"thumbnailUrl\":\"https:\\\/\\\/macite.tg\\\/wp-content\\\/uploads\\\/2025\\\/12\\\/9eme-Congres-africain.jpg\",\"datePublished\":\"2025-12-02T12:50:05+00:00\",\"dateModified\":\"2025-12-02T12:50:22+00:00\",\"author\":{\"@id\":\"https:\\\/\\\/macite.tg\\\/#\\\/schema\\\/person\\\/e9f2de7e5dbbe7770a9402c7ce82f5c2\"},\"breadcrumb\":{\"@id\":\"https:\\\/\\\/macite.tg\\\/?p=26548#breadcrumb\"},\"inLanguage\":\"fr-FR\",\"potentialAction\":[{\"@type\":\"ReadAction\",\"target\":[\"https:\\\/\\\/macite.tg\\\/?p=26548\"]}]},{\"@type\":\"ImageObject\",\"inLanguage\":\"fr-FR\",\"@id\":\"https:\\\/\\\/macite.tg\\\/?p=26548#primaryimage\",\"url\":\"https:\\\/\\\/macite.tg\\\/wp-content\\\/uploads\\\/2025\\\/12\\\/9eme-Congres-africain.jpg\",\"contentUrl\":\"https:\\\/\\\/macite.tg\\\/wp-content\\\/uploads\\\/2025\\\/12\\\/9eme-Congres-africain.jpg\",\"width\":500,\"height\":375},{\"@type\":\"BreadcrumbList\",\"@id\":\"https:\\\/\\\/macite.tg\\\/?p=26548#breadcrumb\",\"itemListElement\":[{\"@type\":\"ListItem\",\"position\":1,\"name\":\"Accueil\",\"item\":\"https:\\\/\\\/macite.tg\\\/\"},{\"@type\":\"ListItem\",\"position\":2,\"name\":\"9EME CONGRES PANAFRICAIN : Le continent et sa diaspora se retrouvent \u00e0 Lom\u00e9 avec \u00e0 c\u0153ur de r\u00e9affirmer la valeur panafricaine\"}]},{\"@type\":\"WebSite\",\"@id\":\"https:\\\/\\\/macite.tg\\\/#website\",\"url\":\"https:\\\/\\\/macite.tg\\\/\",\"name\":\"\",\"description\":\"L&#039;information, la bonne!!!\",\"potentialAction\":[{\"@type\":\"SearchAction\",\"target\":{\"@type\":\"EntryPoint\",\"urlTemplate\":\"https:\\\/\\\/macite.tg\\\/?s={search_term_string}\"},\"query-input\":{\"@type\":\"PropertyValueSpecification\",\"valueRequired\":true,\"valueName\":\"search_term_string\"}}],\"inLanguage\":\"fr-FR\"},{\"@type\":\"Person\",\"@id\":\"https:\\\/\\\/macite.tg\\\/#\\\/schema\\\/person\\\/e9f2de7e5dbbe7770a9402c7ce82f5c2\",\"name\":\"Jean Pierre BAWELA\",\"image\":{\"@type\":\"ImageObject\",\"inLanguage\":\"fr-FR\",\"@id\":\"https:\\\/\\\/macite.tg\\\/wp-content\\\/uploads\\\/2023\\\/09\\\/WhatsApp-Image-2023-09-19-at-14.44.41-122x122.jpeg\",\"url\":\"https:\\\/\\\/macite.tg\\\/wp-content\\\/uploads\\\/2023\\\/09\\\/WhatsApp-Image-2023-09-19-at-14.44.41-122x122.jpeg\",\"contentUrl\":\"https:\\\/\\\/macite.tg\\\/wp-content\\\/uploads\\\/2023\\\/09\\\/WhatsApp-Image-2023-09-19-at-14.44.41-122x122.jpeg\",\"caption\":\"Jean Pierre BAWELA\"},\"url\":\"https:\\\/\\\/macite.tg\\\/?author=2\"}]}<\/script>\n<!-- \/ Yoast SEO plugin. -->","yoast_head_json":{"title":"9EME CONGRES PANAFRICAIN : Le continent et sa diaspora se retrouvent \u00e0 Lom\u00e9 avec \u00e0 c\u0153ur de r\u00e9affirmer la valeur panafricaine -","robots":{"index":"index","follow":"follow","max-snippet":"max-snippet:-1","max-image-preview":"max-image-preview:large","max-video-preview":"max-video-preview:-1"},"canonical":"https:\/\/macite.tg\/?p=26548","og_locale":"fr_FR","og_type":"article","og_title":"9EME CONGRES PANAFRICAIN : Le continent et sa diaspora se retrouvent \u00e0 Lom\u00e9 avec \u00e0 c\u0153ur de r\u00e9affirmer la valeur panafricaine -","og_description":"Du 08 au 12 d\u00e9cembre prochain, la capitale togolaise va offrir son cadre pour le 9\u00e8me Congr\u00e8s panafricain. Les participants issus du continent, de la diaspora et des afrodescendants, vont r\u00e9fl\u00e9chir autour du th\u00e8me du renouveau du panafricanisme et du r\u00f4le de l\u2019Afrique dans la [&hellip;]","og_url":"https:\/\/macite.tg\/?p=26548","article_published_time":"2025-12-02T12:50:05+00:00","article_modified_time":"2025-12-02T12:50:22+00:00","og_image":[{"width":500,"height":375,"url":"https:\/\/macite.tg\/wp-content\/uploads\/2025\/12\/9eme-Congres-africain.jpg","type":"image\/jpeg"}],"author":"Jean Pierre BAWELA","twitter_card":"summary_large_image","twitter_misc":{"\u00c9crit par":"Jean Pierre BAWELA","Dur\u00e9e de lecture estim\u00e9e":"2 minutes"},"schema":{"@context":"https:\/\/schema.org","@graph":[{"@type":"Article","@id":"https:\/\/macite.tg\/?p=26548#article","isPartOf":{"@id":"https:\/\/macite.tg\/?p=26548"},"author":{"name":"Jean Pierre BAWELA","@id":"https:\/\/macite.tg\/#\/schema\/person\/e9f2de7e5dbbe7770a9402c7ce82f5c2"},"headline":"9EME CONGRES PANAFRICAIN : Le continent et sa diaspora se retrouvent \u00e0 Lom\u00e9 avec \u00e0 c\u0153ur de r\u00e9affirmer la valeur panafricaine","datePublished":"2025-12-02T12:50:05+00:00","dateModified":"2025-12-02T12:50:22+00:00","mainEntityOfPage":{"@id":"https:\/\/macite.tg\/?p=26548"},"wordCount":354,"commentCount":0,"image":{"@id":"https:\/\/macite.tg\/?p=26548#primaryimage"},"thumbnailUrl":"https:\/\/macite.tg\/wp-content\/uploads\/2025\/12\/9eme-Congres-africain.jpg","articleSection":["ACTUALITE","DIPLOMATIE"],"inLanguage":"fr-FR","potentialAction":[{"@type":"CommentAction","name":"Comment","target":["https:\/\/macite.tg\/?p=26548#respond"]}]},{"@type":"WebPage","@id":"https:\/\/macite.tg\/?p=26548","url":"https:\/\/macite.tg\/?p=26548","name":"9EME CONGRES PANAFRICAIN : Le continent et sa diaspora se retrouvent \u00e0 Lom\u00e9 avec \u00e0 c\u0153ur de r\u00e9affirmer la valeur panafricaine -","isPartOf":{"@id":"https:\/\/macite.tg\/#website"},"primaryImageOfPage":{"@id":"https:\/\/macite.tg\/?p=26548#primaryimage"},"image":{"@id":"https:\/\/macite.tg\/?p=26548#primaryimage"},"thumbnailUrl":"https:\/\/macite.tg\/wp-content\/uploads\/2025\/12\/9eme-Congres-africain.jpg","datePublished":"2025-12-02T12:50:05+00:00","dateModified":"2025-12-02T12:50:22+00:00","author":{"@id":"https:\/\/macite.tg\/#\/schema\/person\/e9f2de7e5dbbe7770a9402c7ce82f5c2"},"breadcrumb":{"@id":"https:\/\/macite.tg\/?p=26548#breadcrumb"},"inLanguage":"fr-FR","potentialAction":[{"@type":"ReadAction","target":["https:\/\/macite.tg\/?p=26548"]}]},{"@type":"ImageObject","inLanguage":"fr-FR","@id":"https:\/\/macite.tg\/?p=26548#primaryimage","url":"https:\/\/macite.tg\/wp-content\/uploads\/2025\/12\/9eme-Congres-africain.jpg","contentUrl":"https:\/\/macite.tg\/wp-content\/uploads\/2025\/12\/9eme-Congres-africain.jpg","width":500,"height":375},{"@type":"BreadcrumbList","@id":"https:\/\/macite.tg\/?p=26548#breadcrumb","itemListElement":[{"@type":"ListItem","position":1,"name":"Accueil","item":"https:\/\/macite.tg\/"},{"@type":"ListItem","position":2,"name":"9EME CONGRES PANAFRICAIN : Le continent et sa diaspora se retrouvent \u00e0 Lom\u00e9 avec \u00e0 c\u0153ur de r\u00e9affirmer la valeur panafricaine"}]},{"@type":"WebSite","@id":"https:\/\/macite.tg\/#website","url":"https:\/\/macite.tg\/","name":"","description":"L&#039;information, la bonne!!!","potentialAction":[{"@type":"SearchAction","target":{"@type":"EntryPoint","urlTemplate":"https:\/\/macite.tg\/?s={search_term_string}"},"query-input":{"@type":"PropertyValueSpecification","valueRequired":true,"valueName":"search_term_string"}}],"inLanguage":"fr-FR"},{"@type":"Person","@id":"https:\/\/macite.tg\/#\/schema\/person\/e9f2de7e5dbbe7770a9402c7ce82f5c2","name":"Jean Pierre BAWELA","image":{"@type":"ImageObject","inLanguage":"fr-FR","@id":"https:\/\/macite.tg\/wp-content\/uploads\/2023\/09\/WhatsApp-Image-2023-09-19-at-14.44.41-122x122.jpeg","url":"https:\/\/macite.tg\/wp-content\/uploads\/2023\/09\/WhatsApp-Image-2023-09-19-at-14.44.41-122x122.jpeg","contentUrl":"https:\/\/macite.tg\/wp-content\/uploads\/2023\/09\/WhatsApp-Image-2023-09-19-at-14.44.41-122x122.jpeg","caption":"Jean Pierre BAWELA"},"url":"https:\/\/macite.tg\/?author=2"}]}},"_links":{"self":[{"href":"https:\/\/macite.tg\/index.php?rest_route=\/wp\/v2\/posts\/26548","targetHints":{"allow":["GET"]}}],"collection":[{"href":"https:\/\/macite.tg\/index.php?rest_route=\/wp\/v2\/posts"}],"about":[{"href":"https:\/\/macite.tg\/index.php?rest_route=\/wp\/v2\/types\/post"}],"author":[{"embeddable":true,"href":"https:\/\/macite.tg\/index.php?rest_route=\/wp\/v2\/users\/2"}],"replies":[{"embeddable":true,"href":"https:\/\/macite.tg\/index.php?rest_route=%2Fwp%2Fv2%2Fcomments&post=26548"}],"version-history":[{"count":0,"href":"https:\/\/macite.tg\/index.php?rest_route=\/wp\/v2\/posts\/26548\/revisions"}],"wp:featuredmedia":[{"embeddable":true,"href":"https:\/\/macite.tg\/index.php?rest_route=\/wp\/v2\/media\/26550"}],"wp:attachment":[{"href":"https:\/\/macite.tg\/index.php?rest_route=%2Fwp%2Fv2%2Fmedia&parent=26548"}],"wp:term":[{"taxonomy":"category","embeddable":true,"href":"https:\/\/macite.tg\/index.php?rest_route=%2Fwp%2Fv2%2Fcategories&post=26548"},{"taxonomy":"post_tag","embeddable":true,"href":"https:\/\/macite.tg\/index.php?rest_route=%2Fwp%2Fv2%2Ftags&post=26548"}],"curies":[{"name":"wp","href":"https:\/\/api.w.org\/{rel}","templated":true}]}}