{"id":26547,"date":"2025-12-02T14:12:41","date_gmt":"2025-12-02T14:12:41","guid":{"rendered":"https:\/\/macite.tg\/?p=26547"},"modified":"2025-12-02T14:13:04","modified_gmt":"2025-12-02T14:13:04","slug":"9e-congres-panafricain-de-lome-comprendre-les-enjeux","status":"publish","type":"post","link":"https:\/\/macite.tg\/?p=26547","title":{"rendered":"9e CONGRES PANAFRICAIN DE LOME\u00a0: Comprendre les enjeux&#8230;."},"content":{"rendered":"\n<p class=\"wp-block-paragraph\"><strong><em>Le 9e Congr\u00e8s panafricain aura lieu du 8 au 12 d\u00e9cembre 2025 \u00e0 Lom\u00e9. \u00a0Cette rencontre qui a pour th\u00e8me\u00a0: \u00ab Renouveau du panafricanisme et r\u00f4le de l\u2019Afrique dans la r\u00e9forme des institutions multilat\u00e9rales : mobiliser les ressources et se r\u00e9inventer pour agir \u00bb\u00a0, s\u2019inscrit dans le cadre de la D\u00e9cennie et des d\u00e9cisions de l\u2019Union africaine (UA).<\/em><\/strong><\/p>\n\n\n\n<p class=\"wp-block-paragraph\">Pour rappel, la premi\u00e8re conf\u00e9rence panafricaine s\u2019est tenue en 1900 \u00e0 Londres. Apr\u00e8s cet \u00e9v\u00e8nement historique, le premier Congr\u00e8s panafricain a \u00e9t\u00e9 organis\u00e9 en 1919 \u00e0 Paris, exaltant les id\u00e9aux de dignit\u00e9, de libert\u00e9 et de d\u00e9veloppement humain. Les sept (7) \u00e9ditions suivantes du Congr\u00e8s panafricain ont \u00e9t\u00e9 port\u00e9es par des participants issus de la diaspora et de l\u2019Afrique.<\/p>\n\n\n\n<p class=\"wp-block-paragraph\">Le Congr\u00e8s panafricain de Lom\u00e9 2025 s\u2019inscrit donc dans cette continuit\u00e9 historique tout en se pr\u00e9occupant des questions cruciales communes et des enjeux actuels de repr\u00e9sentativit\u00e9 du continent dans les sph\u00e8res de d\u00e9cisions (gouvernance mondiale) tout en int\u00e9grant plus fortement les Afrodescendants qui aspirent \u00e0 se reconnecter avec leurs identit\u00e9s et racines africaines.<\/p>\n\n\n\n<figure class=\"wp-block-image size-large\"><img loading=\"lazy\" decoding=\"async\" width=\"1024\" height=\"392\" src=\"https:\/\/macite.tg\/wp-content\/uploads\/2025\/11\/8d9cf208-3716-4e73-bc0c-3341ae213e6b-1-1024x392.jpg\" alt=\"\" class=\"wp-image-26484\" srcset=\"https:\/\/macite.tg\/wp-content\/uploads\/2025\/11\/8d9cf208-3716-4e73-bc0c-3341ae213e6b-1-1024x392.jpg 1024w, https:\/\/macite.tg\/wp-content\/uploads\/2025\/11\/8d9cf208-3716-4e73-bc0c-3341ae213e6b-1-300x115.jpg 300w, https:\/\/macite.tg\/wp-content\/uploads\/2025\/11\/8d9cf208-3716-4e73-bc0c-3341ae213e6b-1-768x294.jpg 768w, https:\/\/macite.tg\/wp-content\/uploads\/2025\/11\/8d9cf208-3716-4e73-bc0c-3341ae213e6b-1.jpg 1080w\" sizes=\"auto, (max-width: 1024px) 100vw, 1024px\" \/><\/figure>\n\n\n\n<p class=\"wp-block-paragraph\">Le Congr\u00e8s panafricain de Lom\u00e9 sera le 4e Congr\u00e8s \u00e0 se tenir sur le continent apr\u00e8s le 6e Congr\u00e8s de Dar-es-Salam en Tanzanie, le 7e de Kampala en Ouganda et le 8<sup>e<\/sup> de Johannesburg en Afrique du Sud.<\/p>\n\n\n\n<p class=\"wp-block-paragraph\"><strong>Les sp\u00e9cificit\u00e9s du Congr\u00e8s panafricain de Lom\u00e9<\/strong><\/p>\n\n\n\n<p class=\"wp-block-paragraph\">&nbsp;Le 9e Congr\u00e8s panafricain de Lom\u00e9 2025 se veut \u00e0 la fois une filiation historique et une vision prospective sur des questions cruciales portant sur l\u2019avenir et la place du continent dans les instances internationales.<\/p>\n\n\n\n<p class=\"wp-block-paragraph\">&nbsp;Co organis\u00e9 par la R\u00e9publique Togolaise et l\u2019Union africaine, le 9<sup>e<\/sup> Congr\u00e8s panafricain de Lom\u00e9 tire ses racines dans le cadre institutionnel continental reposant sur deux piliers :<\/p>\n\n\n\n<p class=\"wp-block-paragraph\">\u27a2 Les D\u00e9cisions Assembly\/AU\/Dec.848 (XXXVI) adopt\u00e9e lors du 36<sup>e<\/sup> Sommet de l\u2019UA des 18 et 19 f\u00e9vrier 2023 et Assembly\/AU\/Dec.913 (XXXVIII) adopt\u00e9e lors du 38e Sommet de l\u2019UA des 15 et 16 f\u00e9vrier 2025.<\/p>\n\n\n\n<p class=\"wp-block-paragraph\">\u27a2 Le Congr\u00e8s panafricain de Lom\u00e9 trouve son encrage aussi dans le cadre de l\u2019Agenda 2063 de l\u2019Union africaine.<\/p>\n\n\n\n<figure class=\"wp-block-image size-full\"><img loading=\"lazy\" decoding=\"async\" width=\"851\" height=\"315\" src=\"https:\/\/macite.tg\/wp-content\/uploads\/2025\/11\/OTR_Bandeau-Renseignements.jpg\" alt=\"\" class=\"wp-image-26338\" srcset=\"https:\/\/macite.tg\/wp-content\/uploads\/2025\/11\/OTR_Bandeau-Renseignements.jpg 851w, https:\/\/macite.tg\/wp-content\/uploads\/2025\/11\/OTR_Bandeau-Renseignements-300x111.jpg 300w, https:\/\/macite.tg\/wp-content\/uploads\/2025\/11\/OTR_Bandeau-Renseignements-768x284.jpg 768w\" sizes=\"auto, (max-width: 851px) 100vw, 851px\" \/><\/figure>\n\n\n\n<p class=\"wp-block-paragraph\">&nbsp;Il s\u2019agit donc d\u2019un <em>\u00ab congr\u00e8s itin\u00e9rant \u00bb<\/em> qui a consist\u00e9 en six (6) conf\u00e9rences pr\u00e9paratoires ou pr\u00e9congr\u00e8s r\u00e9gionaux qui ont eu lieu dans six (6) r\u00e9gions d\u2019Afrique y compris la r\u00e9gion diaspora, jusqu\u2019\u00e0 l\u2019apoth\u00e9ose \u00e0 Lom\u00e9 en 2025.<\/p>\n\n\n\n<p class=\"wp-block-paragraph\">Les six (6) conf\u00e9rences r\u00e9gionales pr\u00e9paratoires ou pr\u00e9congr\u00e8s r\u00e9gionaux qui ont \u00e9t\u00e9 d\u00e9cid\u00e9s par le Haut comit\u00e9 en charge de la D\u00e9cennie ont eu lieu dans les r\u00e9gions Afrique du Nord, Afrique Australe, Afrique de l\u2019Est, Afrique de l\u2019Ouest, Afrique centrale.<\/p>\n\n\n\n<p class=\"wp-block-paragraph\"><strong>L\u2019Objectif g\u00e9n\u00e9ral du Congr\u00e8s panafricain de Lom\u00e9<\/strong><\/p>\n\n\n\n<p class=\"wp-block-paragraph\">Le Congr\u00e8s panafricain de Lom\u00e9 2025 est d\u2019abord un espace privil\u00e9gi\u00e9 pour les africains vivant sur le continent et hors du continent (la diaspora et les afrodescendants) de s\u2019interroger notamment sur la question de leur devenir humain, politique, culturel, social et soci\u00e9tal, dans un monde de plus en plus instable, en panne de responsabilit\u00e9 collective et de gouvernance concert\u00e9e impliquant l\u2019Afrique.<\/p>\n\n\n\n<p class=\"wp-block-paragraph\">\u00c0 travers cette \u00e9dition du Congr\u00e8s, les pays africains devront r\u00e9fl\u00e9chir sur comment inventer une forme d\u2019association humaine, une organisation politique et de nouvelles visions afin de d\u00e9finir ce qu\u2019ils veulent et peuvent pour eux-m\u00eames et par eux-m\u00eames aux c\u00f4t\u00e9s d\u2019autres acteurs majeurs de l\u2019\u00e9conomie mondiale et de la sc\u00e8ne politique internationale.<\/p>\n\n\n\n<p class=\"wp-block-paragraph\">Le Congr\u00e8s panafricain de Lom\u00e9 permettra aussi d\u2019examiner la vision et les moyens par lesquels le d\u00e9veloppement du continent peut tirer les meilleurs b\u00e9n\u00e9fices de la capitalisation des comp\u00e9tences, des expertises, du leadership de la diaspora et des Afrodescendants, v\u00e9ritable r\u00e9servoir de potentialit\u00e9s \u00e0 transformer en puissants leviers de d\u00e9veloppement.<\/p>\n\n\n<div class=\"wp-block-image\">\n<figure class=\"aligncenter size-full\"><img loading=\"lazy\" decoding=\"async\" width=\"500\" height=\"500\" src=\"https:\/\/macite.tg\/wp-content\/uploads\/2025\/12\/19SEept25_OTR_obtenez-votre-laissez-passer-de-vehicule-en-ligne-via-www.lpv_.otr_.tg_-768x768-1.jpg\" alt=\"\" class=\"wp-image-26549\" srcset=\"https:\/\/macite.tg\/wp-content\/uploads\/2025\/12\/19SEept25_OTR_obtenez-votre-laissez-passer-de-vehicule-en-ligne-via-www.lpv_.otr_.tg_-768x768-1.jpg 500w, https:\/\/macite.tg\/wp-content\/uploads\/2025\/12\/19SEept25_OTR_obtenez-votre-laissez-passer-de-vehicule-en-ligne-via-www.lpv_.otr_.tg_-768x768-1-300x300.jpg 300w, https:\/\/macite.tg\/wp-content\/uploads\/2025\/12\/19SEept25_OTR_obtenez-votre-laissez-passer-de-vehicule-en-ligne-via-www.lpv_.otr_.tg_-768x768-1-150x150.jpg 150w, https:\/\/macite.tg\/wp-content\/uploads\/2025\/12\/19SEept25_OTR_obtenez-votre-laissez-passer-de-vehicule-en-ligne-via-www.lpv_.otr_.tg_-768x768-1-122x122.jpg 122w\" sizes=\"auto, (max-width: 500px) 100vw, 500px\" \/><\/figure>\n<\/div>\n\n\n<p class=\"wp-block-paragraph\"><strong>Les Objectifs sp\u00e9cifiques du Congr\u00e8s panafricain de Lom\u00e9<\/strong><\/p>\n\n\n\n<p class=\"wp-block-paragraph\">\u2022 Faire du 9e Congr\u00e8s panafricain de Lom\u00e9 l\u2019occasion de la concr\u00e9tisation de l\u2019ambition du renouveau du panafricanisme ;<\/p>\n\n\n\n<p class=\"wp-block-paragraph\">\u2022 Concevoir la vision, les principes fondateurs et quelques projets phares devant d\u00e9montrer le <em>\u00ab renouveau du panafricanisme \u00bb<\/em> comme un des fondements de la (re)conqu\u00eate de la place de l\u2019Afrique dans les r\u00e9formes institutionnelles et du combat pour une Afrique respect\u00e9e ;<\/p>\n\n\n\n<p class=\"wp-block-paragraph\">\u2022 R\u00e9fl\u00e9chir \u00e0 de nouvelles strat\u00e9gies de mobilisations des ressources innovantes et des partenariats librement choisis par le continent ;<\/p>\n\n\n\n<p class=\"wp-block-paragraph\">\u2022 Apporter des r\u00e9ponses collectives aux aspirations fortes de la diaspora et des Afrodescendants en r\u00e9f\u00e9rence \u00e0 leurs origines, racines ou identit\u00e9s africaines ;<\/p>\n\n\n\n<p class=\"wp-block-paragraph\">\u2022 Proposer de nouvelles approches et un nouveau paradigme panafricain pour se r\u00e9inventer afin de mieux agir au service du d\u00e9veloppement et du rayonnement du continent ;<\/p>\n\n\n\n<p class=\"wp-block-paragraph\">\u2022 R\u00e9ussir \u00e0 concr\u00e9tiser un Congr\u00e8s panafricain des peuples avec une plus grande appropriation des r\u00e9sultats et des apports par les populations en raison de leur implication en amont durant les pr\u00e9paratifs et leur participation effective aCongr\u00e8s \u00e0 travers les groupes cibles.<\/p>\n\n\n\n<p class=\"wp-block-paragraph\"><strong>Les R\u00e9sultats attendus du Congr\u00e8s panafricain de Lom\u00e9<\/strong><\/p>\n\n\n\n<p class=\"wp-block-paragraph\">Le Congr\u00e8s aboutira \u00e0 la <em>\u00ab D\u00e9claration du Congr\u00e8s panafricain de Lom\u00e9 \u00bb<\/em> portant notamment sur :<\/p>\n\n\n\n<p class=\"wp-block-paragraph\">\u27a2 La question du devenir humain, politique, culturel, social, identitaire et soci\u00e9tal de l\u2019Africain dans un monde en mutations profondes et de son statut par rapport aux autres peuples du monde ;<\/p>\n\n\n<div class=\"wp-block-image\">\n<figure class=\"aligncenter size-large\"><img loading=\"lazy\" decoding=\"async\" width=\"732\" height=\"1024\" src=\"https:\/\/macite.tg\/wp-content\/uploads\/2025\/11\/image-60-732x1024.png\" alt=\"\" class=\"wp-image-26266\" srcset=\"https:\/\/macite.tg\/wp-content\/uploads\/2025\/11\/image-60-732x1024.png 732w, https:\/\/macite.tg\/wp-content\/uploads\/2025\/11\/image-60-214x300.png 214w, https:\/\/macite.tg\/wp-content\/uploads\/2025\/11\/image-60-768x1075.png 768w, https:\/\/macite.tg\/wp-content\/uploads\/2025\/11\/image-60-1097x1536.png 1097w, https:\/\/macite.tg\/wp-content\/uploads\/2025\/11\/image-60.png 1161w\" sizes=\"auto, (max-width: 732px) 100vw, 732px\" \/><\/figure>\n<\/div>\n\n\n<p class=\"wp-block-paragraph\">\u27a2 Le besoin de concevoir en commun pour l\u2019Afrique, une vision, une doctrine et des principes d\u2019actions d\u2019un panafricanisme r\u00e9invent\u00e9 et ressourc\u00e9 pour peser dans la r\u00e9forme des institutions en s\u2019appuyant sur nos atouts et nos potentialit\u00e9s ;<\/p>\n\n\n\n<p class=\"wp-block-paragraph\">\u27a2 Une communaut\u00e9 de pass\u00e9, de racines et de destins avec les Africains et leurs ascendants vivant hors du continent conduisant \u00e0 concevoir une vision et des moyens innovants permettant de faire de la diaspora et les Afrodescendants les acteurs strat\u00e9giques reconnus du d\u00e9veloppement de l\u2019Afrique.<\/p>\n\n\n\n<p class=\"wp-block-paragraph\"><strong>(In LE MEDIUM n\u00b0681 du 02 au 08 D\u00e9cembre 2025)<\/strong><\/p>\n\n\n\n<p class=\"wp-block-paragraph\"><a><strong><em>@macite.tg&nbsp;&nbsp;&nbsp;&nbsp;&nbsp;&nbsp;&nbsp;&nbsp;<\/em><\/strong><\/a><\/p>\n\n\n\n<p class=\"wp-block-paragraph\"><strong><em>E-mail&nbsp;: <\/em><\/strong><a href=\"mailto:maciteinfo@gmail.com\"><strong><em>maciteinfo@gmail.com<\/em><\/strong><\/a><strong><em>; <\/em><\/strong><a href=\"mailto:bawela1@gmail.com\"><strong><em>bawela1@gmail.com<\/em><\/strong><\/a><strong><em><\/em><\/strong><\/p>\n\n\n\n<p class=\"wp-block-paragraph\"><strong><em>Pour vos annonces, (publi)reportages, etc., joignez-nous au (00228)91515309\/<strong>79872224 <\/strong><strong><\/strong><\/em><\/strong><\/p>\n\n\n\n<p class=\"wp-block-paragraph\"><strong><em>www.macite.tg, L\u2019information, la bonne&nbsp;!<\/em><\/strong><\/p>\n\n\n\n<p class=\"wp-block-paragraph\"><\/p>\n","protected":false},"excerpt":{"rendered":"<p class=\"text-justify mb-2\" >Le 9e Congr\u00e8s panafricain aura lieu du 8 au 12 d\u00e9cembre 2025 \u00e0 Lom\u00e9. \u00a0Cette rencontre qui a pour th\u00e8me\u00a0: \u00ab Renouveau du panafricanisme et r\u00f4le de l\u2019Afrique dans la r\u00e9forme des institutions multilat\u00e9rales : mobiliser les ressources et se r\u00e9inventer pour agir \u00bb\u00a0, s\u2019inscrit [&hellip;]<\/p>\n","protected":false},"author":2,"featured_media":26552,"comment_status":"open","ping_status":"open","sticky":false,"template":"","format":"standard","meta":{"footnotes":""},"categories":[20,8],"tags":[],"class_list":["post-26547","post","type-post","status-publish","format-standard","has-post-thumbnail","hentry","category-actualite","category-diplomatie"],"yoast_head":"<!-- This site is optimized with the Yoast SEO plugin v28.4 - https:\/\/yoast.com\/product\/yoast-seo-wordpress\/ -->\n<title>9e CONGRES PANAFRICAIN DE LOME\u00a0: Comprendre les enjeux.... -<\/title>\n<meta name=\"robots\" content=\"index, follow, max-snippet:-1, max-image-preview:large, max-video-preview:-1\" \/>\n<link rel=\"canonical\" href=\"https:\/\/macite.tg\/?p=26547\" \/>\n<meta property=\"og:locale\" content=\"fr_FR\" \/>\n<meta property=\"og:type\" content=\"article\" \/>\n<meta property=\"og:title\" content=\"9e CONGRES PANAFRICAIN DE LOME\u00a0: Comprendre les enjeux.... -\" \/>\n<meta property=\"og:description\" content=\"Le 9e Congr\u00e8s panafricain aura lieu du 8 au 12 d\u00e9cembre 2025 \u00e0 Lom\u00e9. \u00a0Cette rencontre qui a pour th\u00e8me\u00a0: \u00ab Renouveau du panafricanisme et r\u00f4le de l\u2019Afrique dans la r\u00e9forme des institutions multilat\u00e9rales : mobiliser les ressources et se r\u00e9inventer pour agir \u00bb\u00a0, s\u2019inscrit [&hellip;]\" \/>\n<meta property=\"og:url\" content=\"https:\/\/macite.tg\/?p=26547\" \/>\n<meta property=\"article:published_time\" content=\"2025-12-02T14:12:41+00:00\" \/>\n<meta property=\"article:modified_time\" content=\"2025-12-02T14:13:04+00:00\" \/>\n<meta property=\"og:image\" content=\"https:\/\/macite.tg\/wp-content\/uploads\/2025\/12\/image-3.png\" \/>\n\t<meta property=\"og:image:width\" content=\"294\" \/>\n\t<meta property=\"og:image:height\" content=\"270\" \/>\n\t<meta property=\"og:image:type\" content=\"image\/png\" \/>\n<meta name=\"author\" content=\"Jean Pierre BAWELA\" \/>\n<meta name=\"twitter:card\" content=\"summary_large_image\" \/>\n<meta name=\"twitter:label1\" content=\"\u00c9crit par\" \/>\n\t<meta name=\"twitter:data1\" content=\"Jean Pierre BAWELA\" \/>\n\t<meta name=\"twitter:label2\" content=\"Dur\u00e9e de lecture estim\u00e9e\" \/>\n\t<meta name=\"twitter:data2\" content=\"6 minutes\" \/>\n<script type=\"application\/ld+json\" class=\"yoast-schema-graph\">{\"@context\":\"https:\\\/\\\/schema.org\",\"@graph\":[{\"@type\":\"Article\",\"@id\":\"https:\\\/\\\/macite.tg\\\/?p=26547#article\",\"isPartOf\":{\"@id\":\"https:\\\/\\\/macite.tg\\\/?p=26547\"},\"author\":{\"name\":\"Jean Pierre BAWELA\",\"@id\":\"https:\\\/\\\/macite.tg\\\/#\\\/schema\\\/person\\\/e9f2de7e5dbbe7770a9402c7ce82f5c2\"},\"headline\":\"9e CONGRES PANAFRICAIN DE LOME\u00a0: Comprendre les enjeux&#8230;.\",\"datePublished\":\"2025-12-02T14:12:41+00:00\",\"dateModified\":\"2025-12-02T14:13:04+00:00\",\"mainEntityOfPage\":{\"@id\":\"https:\\\/\\\/macite.tg\\\/?p=26547\"},\"wordCount\":1055,\"commentCount\":0,\"image\":{\"@id\":\"https:\\\/\\\/macite.tg\\\/?p=26547#primaryimage\"},\"thumbnailUrl\":\"https:\\\/\\\/macite.tg\\\/wp-content\\\/uploads\\\/2025\\\/12\\\/image-3.png\",\"articleSection\":[\"ACTUALITE\",\"DIPLOMATIE\"],\"inLanguage\":\"fr-FR\",\"potentialAction\":[{\"@type\":\"CommentAction\",\"name\":\"Comment\",\"target\":[\"https:\\\/\\\/macite.tg\\\/?p=26547#respond\"]}]},{\"@type\":\"WebPage\",\"@id\":\"https:\\\/\\\/macite.tg\\\/?p=26547\",\"url\":\"https:\\\/\\\/macite.tg\\\/?p=26547\",\"name\":\"9e CONGRES PANAFRICAIN DE LOME\u00a0: Comprendre les enjeux.... -\",\"isPartOf\":{\"@id\":\"https:\\\/\\\/macite.tg\\\/#website\"},\"primaryImageOfPage\":{\"@id\":\"https:\\\/\\\/macite.tg\\\/?p=26547#primaryimage\"},\"image\":{\"@id\":\"https:\\\/\\\/macite.tg\\\/?p=26547#primaryimage\"},\"thumbnailUrl\":\"https:\\\/\\\/macite.tg\\\/wp-content\\\/uploads\\\/2025\\\/12\\\/image-3.png\",\"datePublished\":\"2025-12-02T14:12:41+00:00\",\"dateModified\":\"2025-12-02T14:13:04+00:00\",\"author\":{\"@id\":\"https:\\\/\\\/macite.tg\\\/#\\\/schema\\\/person\\\/e9f2de7e5dbbe7770a9402c7ce82f5c2\"},\"breadcrumb\":{\"@id\":\"https:\\\/\\\/macite.tg\\\/?p=26547#breadcrumb\"},\"inLanguage\":\"fr-FR\",\"potentialAction\":[{\"@type\":\"ReadAction\",\"target\":[\"https:\\\/\\\/macite.tg\\\/?p=26547\"]}]},{\"@type\":\"ImageObject\",\"inLanguage\":\"fr-FR\",\"@id\":\"https:\\\/\\\/macite.tg\\\/?p=26547#primaryimage\",\"url\":\"https:\\\/\\\/macite.tg\\\/wp-content\\\/uploads\\\/2025\\\/12\\\/image-3.png\",\"contentUrl\":\"https:\\\/\\\/macite.tg\\\/wp-content\\\/uploads\\\/2025\\\/12\\\/image-3.png\",\"width\":294,\"height\":270},{\"@type\":\"BreadcrumbList\",\"@id\":\"https:\\\/\\\/macite.tg\\\/?p=26547#breadcrumb\",\"itemListElement\":[{\"@type\":\"ListItem\",\"position\":1,\"name\":\"Accueil\",\"item\":\"https:\\\/\\\/macite.tg\\\/\"},{\"@type\":\"ListItem\",\"position\":2,\"name\":\"9e CONGRES PANAFRICAIN DE LOME\u00a0: Comprendre les enjeux&#8230;.\"}]},{\"@type\":\"WebSite\",\"@id\":\"https:\\\/\\\/macite.tg\\\/#website\",\"url\":\"https:\\\/\\\/macite.tg\\\/\",\"name\":\"\",\"description\":\"L&#039;information, la bonne!!!\",\"potentialAction\":[{\"@type\":\"SearchAction\",\"target\":{\"@type\":\"EntryPoint\",\"urlTemplate\":\"https:\\\/\\\/macite.tg\\\/?s={search_term_string}\"},\"query-input\":{\"@type\":\"PropertyValueSpecification\",\"valueRequired\":true,\"valueName\":\"search_term_string\"}}],\"inLanguage\":\"fr-FR\"},{\"@type\":\"Person\",\"@id\":\"https:\\\/\\\/macite.tg\\\/#\\\/schema\\\/person\\\/e9f2de7e5dbbe7770a9402c7ce82f5c2\",\"name\":\"Jean Pierre BAWELA\",\"image\":{\"@type\":\"ImageObject\",\"inLanguage\":\"fr-FR\",\"@id\":\"https:\\\/\\\/macite.tg\\\/wp-content\\\/uploads\\\/2023\\\/09\\\/WhatsApp-Image-2023-09-19-at-14.44.41-122x122.jpeg\",\"url\":\"https:\\\/\\\/macite.tg\\\/wp-content\\\/uploads\\\/2023\\\/09\\\/WhatsApp-Image-2023-09-19-at-14.44.41-122x122.jpeg\",\"contentUrl\":\"https:\\\/\\\/macite.tg\\\/wp-content\\\/uploads\\\/2023\\\/09\\\/WhatsApp-Image-2023-09-19-at-14.44.41-122x122.jpeg\",\"caption\":\"Jean Pierre BAWELA\"},\"url\":\"https:\\\/\\\/macite.tg\\\/?author=2\"}]}<\/script>\n<!-- \/ Yoast SEO plugin. -->","yoast_head_json":{"title":"9e CONGRES PANAFRICAIN DE LOME\u00a0: Comprendre les enjeux.... -","robots":{"index":"index","follow":"follow","max-snippet":"max-snippet:-1","max-image-preview":"max-image-preview:large","max-video-preview":"max-video-preview:-1"},"canonical":"https:\/\/macite.tg\/?p=26547","og_locale":"fr_FR","og_type":"article","og_title":"9e CONGRES PANAFRICAIN DE LOME\u00a0: Comprendre les enjeux.... -","og_description":"Le 9e Congr\u00e8s panafricain aura lieu du 8 au 12 d\u00e9cembre 2025 \u00e0 Lom\u00e9. \u00a0Cette rencontre qui a pour th\u00e8me\u00a0: \u00ab Renouveau du panafricanisme et r\u00f4le de l\u2019Afrique dans la r\u00e9forme des institutions multilat\u00e9rales : mobiliser les ressources et se r\u00e9inventer pour agir \u00bb\u00a0, s\u2019inscrit [&hellip;]","og_url":"https:\/\/macite.tg\/?p=26547","article_published_time":"2025-12-02T14:12:41+00:00","article_modified_time":"2025-12-02T14:13:04+00:00","og_image":[{"width":294,"height":270,"url":"https:\/\/macite.tg\/wp-content\/uploads\/2025\/12\/image-3.png","type":"image\/png"}],"author":"Jean Pierre BAWELA","twitter_card":"summary_large_image","twitter_misc":{"\u00c9crit par":"Jean Pierre BAWELA","Dur\u00e9e de lecture estim\u00e9e":"6 minutes"},"schema":{"@context":"https:\/\/schema.org","@graph":[{"@type":"Article","@id":"https:\/\/macite.tg\/?p=26547#article","isPartOf":{"@id":"https:\/\/macite.tg\/?p=26547"},"author":{"name":"Jean Pierre BAWELA","@id":"https:\/\/macite.tg\/#\/schema\/person\/e9f2de7e5dbbe7770a9402c7ce82f5c2"},"headline":"9e CONGRES PANAFRICAIN DE LOME\u00a0: Comprendre les enjeux&#8230;.","datePublished":"2025-12-02T14:12:41+00:00","dateModified":"2025-12-02T14:13:04+00:00","mainEntityOfPage":{"@id":"https:\/\/macite.tg\/?p=26547"},"wordCount":1055,"commentCount":0,"image":{"@id":"https:\/\/macite.tg\/?p=26547#primaryimage"},"thumbnailUrl":"https:\/\/macite.tg\/wp-content\/uploads\/2025\/12\/image-3.png","articleSection":["ACTUALITE","DIPLOMATIE"],"inLanguage":"fr-FR","potentialAction":[{"@type":"CommentAction","name":"Comment","target":["https:\/\/macite.tg\/?p=26547#respond"]}]},{"@type":"WebPage","@id":"https:\/\/macite.tg\/?p=26547","url":"https:\/\/macite.tg\/?p=26547","name":"9e CONGRES PANAFRICAIN DE LOME\u00a0: Comprendre les enjeux.... -","isPartOf":{"@id":"https:\/\/macite.tg\/#website"},"primaryImageOfPage":{"@id":"https:\/\/macite.tg\/?p=26547#primaryimage"},"image":{"@id":"https:\/\/macite.tg\/?p=26547#primaryimage"},"thumbnailUrl":"https:\/\/macite.tg\/wp-content\/uploads\/2025\/12\/image-3.png","datePublished":"2025-12-02T14:12:41+00:00","dateModified":"2025-12-02T14:13:04+00:00","author":{"@id":"https:\/\/macite.tg\/#\/schema\/person\/e9f2de7e5dbbe7770a9402c7ce82f5c2"},"breadcrumb":{"@id":"https:\/\/macite.tg\/?p=26547#breadcrumb"},"inLanguage":"fr-FR","potentialAction":[{"@type":"ReadAction","target":["https:\/\/macite.tg\/?p=26547"]}]},{"@type":"ImageObject","inLanguage":"fr-FR","@id":"https:\/\/macite.tg\/?p=26547#primaryimage","url":"https:\/\/macite.tg\/wp-content\/uploads\/2025\/12\/image-3.png","contentUrl":"https:\/\/macite.tg\/wp-content\/uploads\/2025\/12\/image-3.png","width":294,"height":270},{"@type":"BreadcrumbList","@id":"https:\/\/macite.tg\/?p=26547#breadcrumb","itemListElement":[{"@type":"ListItem","position":1,"name":"Accueil","item":"https:\/\/macite.tg\/"},{"@type":"ListItem","position":2,"name":"9e CONGRES PANAFRICAIN DE LOME\u00a0: Comprendre les enjeux&#8230;."}]},{"@type":"WebSite","@id":"https:\/\/macite.tg\/#website","url":"https:\/\/macite.tg\/","name":"","description":"L&#039;information, la bonne!!!","potentialAction":[{"@type":"SearchAction","target":{"@type":"EntryPoint","urlTemplate":"https:\/\/macite.tg\/?s={search_term_string}"},"query-input":{"@type":"PropertyValueSpecification","valueRequired":true,"valueName":"search_term_string"}}],"inLanguage":"fr-FR"},{"@type":"Person","@id":"https:\/\/macite.tg\/#\/schema\/person\/e9f2de7e5dbbe7770a9402c7ce82f5c2","name":"Jean Pierre BAWELA","image":{"@type":"ImageObject","inLanguage":"fr-FR","@id":"https:\/\/macite.tg\/wp-content\/uploads\/2023\/09\/WhatsApp-Image-2023-09-19-at-14.44.41-122x122.jpeg","url":"https:\/\/macite.tg\/wp-content\/uploads\/2023\/09\/WhatsApp-Image-2023-09-19-at-14.44.41-122x122.jpeg","contentUrl":"https:\/\/macite.tg\/wp-content\/uploads\/2023\/09\/WhatsApp-Image-2023-09-19-at-14.44.41-122x122.jpeg","caption":"Jean Pierre BAWELA"},"url":"https:\/\/macite.tg\/?author=2"}]}},"_links":{"self":[{"href":"https:\/\/macite.tg\/index.php?rest_route=\/wp\/v2\/posts\/26547","targetHints":{"allow":["GET"]}}],"collection":[{"href":"https:\/\/macite.tg\/index.php?rest_route=\/wp\/v2\/posts"}],"about":[{"href":"https:\/\/macite.tg\/index.php?rest_route=\/wp\/v2\/types\/post"}],"author":[{"embeddable":true,"href":"https:\/\/macite.tg\/index.php?rest_route=\/wp\/v2\/users\/2"}],"replies":[{"embeddable":true,"href":"https:\/\/macite.tg\/index.php?rest_route=%2Fwp%2Fv2%2Fcomments&post=26547"}],"version-history":[{"count":0,"href":"https:\/\/macite.tg\/index.php?rest_route=\/wp\/v2\/posts\/26547\/revisions"}],"wp:featuredmedia":[{"embeddable":true,"href":"https:\/\/macite.tg\/index.php?rest_route=\/wp\/v2\/media\/26552"}],"wp:attachment":[{"href":"https:\/\/macite.tg\/index.php?rest_route=%2Fwp%2Fv2%2Fmedia&parent=26547"}],"wp:term":[{"taxonomy":"category","embeddable":true,"href":"https:\/\/macite.tg\/index.php?rest_route=%2Fwp%2Fv2%2Fcategories&post=26547"},{"taxonomy":"post_tag","embeddable":true,"href":"https:\/\/macite.tg\/index.php?rest_route=%2Fwp%2Fv2%2Ftags&post=26547"}],"curies":[{"name":"wp","href":"https:\/\/api.w.org\/{rel}","templated":true}]}}