{"id":26401,"date":"2025-11-25T13:19:13","date_gmt":"2025-11-25T13:19:13","guid":{"rendered":"https:\/\/macite.tg\/?p=26401"},"modified":"2025-11-25T13:19:31","modified_gmt":"2025-11-25T13:19:31","slug":"putsch-de-2023-au-gabon-emmanuel-macron-salue-un-tournant-decisif","status":"publish","type":"post","link":"https:\/\/macite.tg\/?p=26401","title":{"rendered":"PUTSCH DE 2023 AU GABON\u00a0: Emmanuel Macron salue un \u00ab tournant \u00bb d\u00e9cisif"},"content":{"rendered":"\n<p class=\"wp-block-paragraph\"><strong><em>\u00c0 Libreville, le chef de l\u2019\u00c9tat fran\u00e7ais a salu\u00e9 la transition politique men\u00e9e par son homologue gabonais apr\u00e8s l\u2019\u00e8re Bongo. Emmanuel Macron a rappel\u00e9 la juste place de la France aux c\u00f4t\u00e9s des forces gabonaises dans une optique de formation, et \u00e0 la faveur de partenariats \u00e9conomiques \u00ab gagnant-gagnant \u00bb.<\/em><\/strong><\/p>\n\n\n\n<p class=\"wp-block-paragraph\"><em>\u00ab&nbsp;La France sera l\u00e0, \u00e0 sa juste place&nbsp;\u00bb<\/em> : le pr\u00e9sident fran\u00e7ais Emmanuel Macron a salu\u00e9, le 23 novembre, le <em>\u00ab&nbsp;tournant&nbsp;\u00bb<\/em> au Gabon&nbsp;apr\u00e8s le putsch de 2023 et promis d\u2019<em>\u00ab&nbsp;accompagner&nbsp;\u00bb<\/em> le nouveau pr\u00e9sident Brice Clotaire Oligui Nguema, \u00e0 l\u2019origine du coup d\u2019Etat, dans le renouveau et la transformation \u00e9conomique du pays.<\/p>\n\n\n\n<figure class=\"wp-block-image size-large\"><img loading=\"lazy\" decoding=\"async\" width=\"1024\" height=\"392\" src=\"https:\/\/macite.tg\/wp-content\/uploads\/2025\/11\/8d9cf208-3716-4e73-bc0c-3341ae213e6b-1024x392.jpg\" alt=\"\" class=\"wp-image-26198\" srcset=\"https:\/\/macite.tg\/wp-content\/uploads\/2025\/11\/8d9cf208-3716-4e73-bc0c-3341ae213e6b-1024x392.jpg 1024w, https:\/\/macite.tg\/wp-content\/uploads\/2025\/11\/8d9cf208-3716-4e73-bc0c-3341ae213e6b-300x115.jpg 300w, https:\/\/macite.tg\/wp-content\/uploads\/2025\/11\/8d9cf208-3716-4e73-bc0c-3341ae213e6b-768x294.jpg 768w, https:\/\/macite.tg\/wp-content\/uploads\/2025\/11\/8d9cf208-3716-4e73-bc0c-3341ae213e6b.jpg 1080w\" sizes=\"auto, (max-width: 1024px) 100vw, 1024px\" \/><\/figure>\n\n\n\n<p class=\"wp-block-paragraph\"><em>\u00ab&nbsp;Le 30 ao\u00fbt 2023 a \u00e9t\u00e9 un tournant dans l\u2019histoire politique du Gabon. Vous avez ouvert une nouvelle \u00e8re fond\u00e9e sur le renouveau, l\u2019inclusivit\u00e9, la pluralit\u00e9 des opinions que nos deux pays partagent profond\u00e9ment&nbsp;\u00bb,<\/em> a d\u00e9clar\u00e9 le chef de l\u2019\u00c9tat fran\u00e7ais en r\u00e9f\u00e9rence au putsch qui a mis fin \u00e0 cinquante-cinq ans de dynastie des Bongo<em>.<\/em><\/p>\n\n\n\n<p class=\"wp-block-paragraph\"><em>\u00ab&nbsp;Sachez une chose, la France sera l\u00e0, \u00e0 sa juste place, c\u2019est-\u00e0-dire celle d\u2019un ami qui peut vous aider \u00e0 r\u00e9ussir avec esprit de respect&nbsp;\u00bb,<\/em> a-t-il ajout\u00e9 en promettant des <em>\u00ab&nbsp;partenariats gagnant-gagnant&nbsp;\u00bb.<\/em><\/p>\n\n\n<div class=\"wp-block-image\">\n<figure class=\"aligncenter size-large\"><img loading=\"lazy\" decoding=\"async\" width=\"732\" height=\"1024\" src=\"https:\/\/macite.tg\/wp-content\/uploads\/2025\/11\/image-60-732x1024.png\" alt=\"\" class=\"wp-image-26266\" srcset=\"https:\/\/macite.tg\/wp-content\/uploads\/2025\/11\/image-60-732x1024.png 732w, https:\/\/macite.tg\/wp-content\/uploads\/2025\/11\/image-60-214x300.png 214w, https:\/\/macite.tg\/wp-content\/uploads\/2025\/11\/image-60-768x1075.png 768w, https:\/\/macite.tg\/wp-content\/uploads\/2025\/11\/image-60-1097x1536.png 1097w, https:\/\/macite.tg\/wp-content\/uploads\/2025\/11\/image-60.png 1161w\" sizes=\"auto, (max-width: 732px) 100vw, 732px\" \/><\/figure>\n<\/div>\n\n\n<p class=\"wp-block-paragraph\">Le g\u00e9n\u00e9ral Oligui, \u00e9lu pr\u00e9sident en avril \u00e0 l\u2019issue de dix-neuf mois de transition, a insist\u00e9 de son c\u00f4t\u00e9 sur la n\u00e9cessaire diversification de l\u2019\u00e9conomie gabonaise, encore trop d\u00e9pendante des hydrocarbures. <em>\u00ab&nbsp;L\u2019industrialisation en est l\u2019un des principaux piliers, notamment par la transformation locale de nos mati\u00e8res premi\u00e8res&nbsp;\u00bb,<\/em> a-t-il martel\u00e9 en r\u00e9f\u00e9rence notamment au mangan\u00e8se dont le Gabon est l\u2019un des leaders mondiaux.<\/p>\n\n\n\n<p class=\"wp-block-paragraph\"><strong>MSN<\/strong><\/p>\n\n\n\n<p class=\"wp-block-paragraph\"><a><strong><em>@macite.tg&nbsp;&nbsp;&nbsp;&nbsp;&nbsp;&nbsp;&nbsp;&nbsp;<\/em><\/strong><\/a><\/p>\n\n\n\n<p class=\"wp-block-paragraph\"><strong><em>E-mail&nbsp;: <\/em><\/strong><a href=\"mailto:maciteinfo@gmail.com\"><strong><em>maciteinfo@gmail.com<\/em><\/strong><\/a><strong><em>; <\/em><\/strong><a href=\"mailto:bawela1@gmail.com\"><strong><em>bawela1@gmail.com<\/em><\/strong><\/a><strong><em><\/em><\/strong><\/p>\n\n\n\n<p class=\"wp-block-paragraph\"><strong><em>Pour vos annonces, (publi)reportages, etc., joignez-nous au (00228)91515309\/<strong>79872224 <\/strong><strong><\/strong><\/em><\/strong><\/p>\n\n\n\n<p class=\"wp-block-paragraph\"><strong><em>www.macite.tg, L\u2019information, la bonne&nbsp;!<\/em><\/strong><\/p>\n\n\n\n<p class=\"wp-block-paragraph\"><\/p>\n","protected":false},"excerpt":{"rendered":"<p class=\"text-justify mb-2\" >\u00c0 Libreville, le chef de l\u2019\u00c9tat fran\u00e7ais a salu\u00e9 la transition politique men\u00e9e par son homologue gabonais apr\u00e8s l\u2019\u00e8re Bongo. Emmanuel Macron a rappel\u00e9 la juste place de la France aux c\u00f4t\u00e9s des forces gabonaises dans une optique de formation, et \u00e0 la faveur de [&hellip;]<\/p>\n","protected":false},"author":2,"featured_media":26402,"comment_status":"open","ping_status":"open","sticky":false,"template":"","format":"standard","meta":{"footnotes":""},"categories":[20,8],"tags":[],"class_list":["post-26401","post","type-post","status-publish","format-standard","has-post-thumbnail","hentry","category-actualite","category-diplomatie"],"yoast_head":"<!-- This site is optimized with the Yoast SEO plugin v28.4 - https:\/\/yoast.com\/product\/yoast-seo-wordpress\/ -->\n<title>PUTSCH DE 2023 AU GABON\u00a0: Emmanuel Macron salue un \u00ab tournant \u00bb d\u00e9cisif -<\/title>\n<meta name=\"robots\" content=\"index, follow, max-snippet:-1, max-image-preview:large, max-video-preview:-1\" \/>\n<link rel=\"canonical\" href=\"https:\/\/macite.tg\/?p=26401\" \/>\n<meta property=\"og:locale\" content=\"fr_FR\" \/>\n<meta property=\"og:type\" content=\"article\" \/>\n<meta property=\"og:title\" content=\"PUTSCH DE 2023 AU GABON\u00a0: Emmanuel Macron salue un \u00ab tournant \u00bb d\u00e9cisif -\" \/>\n<meta property=\"og:description\" content=\"\u00c0 Libreville, le chef de l\u2019\u00c9tat fran\u00e7ais a salu\u00e9 la transition politique men\u00e9e par son homologue gabonais apr\u00e8s l\u2019\u00e8re Bongo. Emmanuel Macron a rappel\u00e9 la juste place de la France aux c\u00f4t\u00e9s des forces gabonaises dans une optique de formation, et \u00e0 la faveur de [&hellip;]\" \/>\n<meta property=\"og:url\" content=\"https:\/\/macite.tg\/?p=26401\" \/>\n<meta property=\"article:published_time\" content=\"2025-11-25T13:19:13+00:00\" \/>\n<meta property=\"article:modified_time\" content=\"2025-11-25T13:19:31+00:00\" \/>\n<meta property=\"og:image\" content=\"https:\/\/macite.tg\/wp-content\/uploads\/2025\/11\/image-77.png\" \/>\n\t<meta property=\"og:image:width\" content=\"534\" \/>\n\t<meta property=\"og:image:height\" content=\"267\" \/>\n\t<meta property=\"og:image:type\" content=\"image\/png\" \/>\n<meta name=\"author\" content=\"Jean Pierre BAWELA\" \/>\n<meta name=\"twitter:card\" content=\"summary_large_image\" \/>\n<meta name=\"twitter:label1\" content=\"\u00c9crit par\" \/>\n\t<meta name=\"twitter:data1\" content=\"Jean Pierre BAWELA\" \/>\n\t<meta name=\"twitter:label2\" content=\"Dur\u00e9e de lecture estim\u00e9e\" \/>\n\t<meta name=\"twitter:data2\" content=\"2 minutes\" \/>\n<script type=\"application\/ld+json\" class=\"yoast-schema-graph\">{\"@context\":\"https:\\\/\\\/schema.org\",\"@graph\":[{\"@type\":\"Article\",\"@id\":\"https:\\\/\\\/macite.tg\\\/?p=26401#article\",\"isPartOf\":{\"@id\":\"https:\\\/\\\/macite.tg\\\/?p=26401\"},\"author\":{\"name\":\"Jean Pierre BAWELA\",\"@id\":\"https:\\\/\\\/macite.tg\\\/#\\\/schema\\\/person\\\/e9f2de7e5dbbe7770a9402c7ce82f5c2\"},\"headline\":\"PUTSCH DE 2023 AU GABON\u00a0: Emmanuel Macron salue un \u00ab tournant \u00bb d\u00e9cisif\",\"datePublished\":\"2025-11-25T13:19:13+00:00\",\"dateModified\":\"2025-11-25T13:19:31+00:00\",\"mainEntityOfPage\":{\"@id\":\"https:\\\/\\\/macite.tg\\\/?p=26401\"},\"wordCount\":342,\"commentCount\":0,\"image\":{\"@id\":\"https:\\\/\\\/macite.tg\\\/?p=26401#primaryimage\"},\"thumbnailUrl\":\"https:\\\/\\\/macite.tg\\\/wp-content\\\/uploads\\\/2025\\\/11\\\/image-77.png\",\"articleSection\":[\"ACTUALITE\",\"DIPLOMATIE\"],\"inLanguage\":\"fr-FR\",\"potentialAction\":[{\"@type\":\"CommentAction\",\"name\":\"Comment\",\"target\":[\"https:\\\/\\\/macite.tg\\\/?p=26401#respond\"]}]},{\"@type\":\"WebPage\",\"@id\":\"https:\\\/\\\/macite.tg\\\/?p=26401\",\"url\":\"https:\\\/\\\/macite.tg\\\/?p=26401\",\"name\":\"PUTSCH DE 2023 AU GABON\u00a0: Emmanuel Macron salue un \u00ab tournant \u00bb d\u00e9cisif -\",\"isPartOf\":{\"@id\":\"https:\\\/\\\/macite.tg\\\/#website\"},\"primaryImageOfPage\":{\"@id\":\"https:\\\/\\\/macite.tg\\\/?p=26401#primaryimage\"},\"image\":{\"@id\":\"https:\\\/\\\/macite.tg\\\/?p=26401#primaryimage\"},\"thumbnailUrl\":\"https:\\\/\\\/macite.tg\\\/wp-content\\\/uploads\\\/2025\\\/11\\\/image-77.png\",\"datePublished\":\"2025-11-25T13:19:13+00:00\",\"dateModified\":\"2025-11-25T13:19:31+00:00\",\"author\":{\"@id\":\"https:\\\/\\\/macite.tg\\\/#\\\/schema\\\/person\\\/e9f2de7e5dbbe7770a9402c7ce82f5c2\"},\"breadcrumb\":{\"@id\":\"https:\\\/\\\/macite.tg\\\/?p=26401#breadcrumb\"},\"inLanguage\":\"fr-FR\",\"potentialAction\":[{\"@type\":\"ReadAction\",\"target\":[\"https:\\\/\\\/macite.tg\\\/?p=26401\"]}]},{\"@type\":\"ImageObject\",\"inLanguage\":\"fr-FR\",\"@id\":\"https:\\\/\\\/macite.tg\\\/?p=26401#primaryimage\",\"url\":\"https:\\\/\\\/macite.tg\\\/wp-content\\\/uploads\\\/2025\\\/11\\\/image-77.png\",\"contentUrl\":\"https:\\\/\\\/macite.tg\\\/wp-content\\\/uploads\\\/2025\\\/11\\\/image-77.png\",\"width\":534,\"height\":267,\"caption\":\"Les pr\u00e9sidents Oligui et Macron \u00e0 Libreville\"},{\"@type\":\"BreadcrumbList\",\"@id\":\"https:\\\/\\\/macite.tg\\\/?p=26401#breadcrumb\",\"itemListElement\":[{\"@type\":\"ListItem\",\"position\":1,\"name\":\"Accueil\",\"item\":\"https:\\\/\\\/macite.tg\\\/\"},{\"@type\":\"ListItem\",\"position\":2,\"name\":\"PUTSCH DE 2023 AU GABON\u00a0: Emmanuel Macron salue un \u00ab tournant \u00bb d\u00e9cisif\"}]},{\"@type\":\"WebSite\",\"@id\":\"https:\\\/\\\/macite.tg\\\/#website\",\"url\":\"https:\\\/\\\/macite.tg\\\/\",\"name\":\"\",\"description\":\"L&#039;information, la bonne!!!\",\"potentialAction\":[{\"@type\":\"SearchAction\",\"target\":{\"@type\":\"EntryPoint\",\"urlTemplate\":\"https:\\\/\\\/macite.tg\\\/?s={search_term_string}\"},\"query-input\":{\"@type\":\"PropertyValueSpecification\",\"valueRequired\":true,\"valueName\":\"search_term_string\"}}],\"inLanguage\":\"fr-FR\"},{\"@type\":\"Person\",\"@id\":\"https:\\\/\\\/macite.tg\\\/#\\\/schema\\\/person\\\/e9f2de7e5dbbe7770a9402c7ce82f5c2\",\"name\":\"Jean Pierre BAWELA\",\"image\":{\"@type\":\"ImageObject\",\"inLanguage\":\"fr-FR\",\"@id\":\"https:\\\/\\\/macite.tg\\\/wp-content\\\/uploads\\\/2023\\\/09\\\/WhatsApp-Image-2023-09-19-at-14.44.41-122x122.jpeg\",\"url\":\"https:\\\/\\\/macite.tg\\\/wp-content\\\/uploads\\\/2023\\\/09\\\/WhatsApp-Image-2023-09-19-at-14.44.41-122x122.jpeg\",\"contentUrl\":\"https:\\\/\\\/macite.tg\\\/wp-content\\\/uploads\\\/2023\\\/09\\\/WhatsApp-Image-2023-09-19-at-14.44.41-122x122.jpeg\",\"caption\":\"Jean Pierre BAWELA\"},\"url\":\"https:\\\/\\\/macite.tg\\\/?author=2\"}]}<\/script>\n<!-- \/ Yoast SEO plugin. -->","yoast_head_json":{"title":"PUTSCH DE 2023 AU GABON\u00a0: Emmanuel Macron salue un \u00ab tournant \u00bb d\u00e9cisif -","robots":{"index":"index","follow":"follow","max-snippet":"max-snippet:-1","max-image-preview":"max-image-preview:large","max-video-preview":"max-video-preview:-1"},"canonical":"https:\/\/macite.tg\/?p=26401","og_locale":"fr_FR","og_type":"article","og_title":"PUTSCH DE 2023 AU GABON\u00a0: Emmanuel Macron salue un \u00ab tournant \u00bb d\u00e9cisif -","og_description":"\u00c0 Libreville, le chef de l\u2019\u00c9tat fran\u00e7ais a salu\u00e9 la transition politique men\u00e9e par son homologue gabonais apr\u00e8s l\u2019\u00e8re Bongo. Emmanuel Macron a rappel\u00e9 la juste place de la France aux c\u00f4t\u00e9s des forces gabonaises dans une optique de formation, et \u00e0 la faveur de [&hellip;]","og_url":"https:\/\/macite.tg\/?p=26401","article_published_time":"2025-11-25T13:19:13+00:00","article_modified_time":"2025-11-25T13:19:31+00:00","og_image":[{"width":534,"height":267,"url":"https:\/\/macite.tg\/wp-content\/uploads\/2025\/11\/image-77.png","type":"image\/png"}],"author":"Jean Pierre BAWELA","twitter_card":"summary_large_image","twitter_misc":{"\u00c9crit par":"Jean Pierre BAWELA","Dur\u00e9e de lecture estim\u00e9e":"2 minutes"},"schema":{"@context":"https:\/\/schema.org","@graph":[{"@type":"Article","@id":"https:\/\/macite.tg\/?p=26401#article","isPartOf":{"@id":"https:\/\/macite.tg\/?p=26401"},"author":{"name":"Jean Pierre BAWELA","@id":"https:\/\/macite.tg\/#\/schema\/person\/e9f2de7e5dbbe7770a9402c7ce82f5c2"},"headline":"PUTSCH DE 2023 AU GABON\u00a0: Emmanuel Macron salue un \u00ab tournant \u00bb d\u00e9cisif","datePublished":"2025-11-25T13:19:13+00:00","dateModified":"2025-11-25T13:19:31+00:00","mainEntityOfPage":{"@id":"https:\/\/macite.tg\/?p=26401"},"wordCount":342,"commentCount":0,"image":{"@id":"https:\/\/macite.tg\/?p=26401#primaryimage"},"thumbnailUrl":"https:\/\/macite.tg\/wp-content\/uploads\/2025\/11\/image-77.png","articleSection":["ACTUALITE","DIPLOMATIE"],"inLanguage":"fr-FR","potentialAction":[{"@type":"CommentAction","name":"Comment","target":["https:\/\/macite.tg\/?p=26401#respond"]}]},{"@type":"WebPage","@id":"https:\/\/macite.tg\/?p=26401","url":"https:\/\/macite.tg\/?p=26401","name":"PUTSCH DE 2023 AU GABON\u00a0: Emmanuel Macron salue un \u00ab tournant \u00bb d\u00e9cisif -","isPartOf":{"@id":"https:\/\/macite.tg\/#website"},"primaryImageOfPage":{"@id":"https:\/\/macite.tg\/?p=26401#primaryimage"},"image":{"@id":"https:\/\/macite.tg\/?p=26401#primaryimage"},"thumbnailUrl":"https:\/\/macite.tg\/wp-content\/uploads\/2025\/11\/image-77.png","datePublished":"2025-11-25T13:19:13+00:00","dateModified":"2025-11-25T13:19:31+00:00","author":{"@id":"https:\/\/macite.tg\/#\/schema\/person\/e9f2de7e5dbbe7770a9402c7ce82f5c2"},"breadcrumb":{"@id":"https:\/\/macite.tg\/?p=26401#breadcrumb"},"inLanguage":"fr-FR","potentialAction":[{"@type":"ReadAction","target":["https:\/\/macite.tg\/?p=26401"]}]},{"@type":"ImageObject","inLanguage":"fr-FR","@id":"https:\/\/macite.tg\/?p=26401#primaryimage","url":"https:\/\/macite.tg\/wp-content\/uploads\/2025\/11\/image-77.png","contentUrl":"https:\/\/macite.tg\/wp-content\/uploads\/2025\/11\/image-77.png","width":534,"height":267,"caption":"Les pr\u00e9sidents Oligui et Macron \u00e0 Libreville"},{"@type":"BreadcrumbList","@id":"https:\/\/macite.tg\/?p=26401#breadcrumb","itemListElement":[{"@type":"ListItem","position":1,"name":"Accueil","item":"https:\/\/macite.tg\/"},{"@type":"ListItem","position":2,"name":"PUTSCH DE 2023 AU GABON\u00a0: Emmanuel Macron salue un \u00ab tournant \u00bb d\u00e9cisif"}]},{"@type":"WebSite","@id":"https:\/\/macite.tg\/#website","url":"https:\/\/macite.tg\/","name":"","description":"L&#039;information, la bonne!!!","potentialAction":[{"@type":"SearchAction","target":{"@type":"EntryPoint","urlTemplate":"https:\/\/macite.tg\/?s={search_term_string}"},"query-input":{"@type":"PropertyValueSpecification","valueRequired":true,"valueName":"search_term_string"}}],"inLanguage":"fr-FR"},{"@type":"Person","@id":"https:\/\/macite.tg\/#\/schema\/person\/e9f2de7e5dbbe7770a9402c7ce82f5c2","name":"Jean Pierre BAWELA","image":{"@type":"ImageObject","inLanguage":"fr-FR","@id":"https:\/\/macite.tg\/wp-content\/uploads\/2023\/09\/WhatsApp-Image-2023-09-19-at-14.44.41-122x122.jpeg","url":"https:\/\/macite.tg\/wp-content\/uploads\/2023\/09\/WhatsApp-Image-2023-09-19-at-14.44.41-122x122.jpeg","contentUrl":"https:\/\/macite.tg\/wp-content\/uploads\/2023\/09\/WhatsApp-Image-2023-09-19-at-14.44.41-122x122.jpeg","caption":"Jean Pierre BAWELA"},"url":"https:\/\/macite.tg\/?author=2"}]}},"_links":{"self":[{"href":"https:\/\/macite.tg\/index.php?rest_route=\/wp\/v2\/posts\/26401","targetHints":{"allow":["GET"]}}],"collection":[{"href":"https:\/\/macite.tg\/index.php?rest_route=\/wp\/v2\/posts"}],"about":[{"href":"https:\/\/macite.tg\/index.php?rest_route=\/wp\/v2\/types\/post"}],"author":[{"embeddable":true,"href":"https:\/\/macite.tg\/index.php?rest_route=\/wp\/v2\/users\/2"}],"replies":[{"embeddable":true,"href":"https:\/\/macite.tg\/index.php?rest_route=%2Fwp%2Fv2%2Fcomments&post=26401"}],"version-history":[{"count":0,"href":"https:\/\/macite.tg\/index.php?rest_route=\/wp\/v2\/posts\/26401\/revisions"}],"wp:featuredmedia":[{"embeddable":true,"href":"https:\/\/macite.tg\/index.php?rest_route=\/wp\/v2\/media\/26402"}],"wp:attachment":[{"href":"https:\/\/macite.tg\/index.php?rest_route=%2Fwp%2Fv2%2Fmedia&parent=26401"}],"wp:term":[{"taxonomy":"category","embeddable":true,"href":"https:\/\/macite.tg\/index.php?rest_route=%2Fwp%2Fv2%2Fcategories&post=26401"},{"taxonomy":"post_tag","embeddable":true,"href":"https:\/\/macite.tg\/index.php?rest_route=%2Fwp%2Fv2%2Ftags&post=26401"}],"curies":[{"name":"wp","href":"https:\/\/api.w.org\/{rel}","templated":true}]}}