{"id":26398,"date":"2025-11-25T11:59:09","date_gmt":"2025-11-25T11:59:09","guid":{"rendered":"https:\/\/macite.tg\/?p=26398"},"modified":"2025-11-25T12:40:48","modified_gmt":"2025-11-25T12:40:48","slug":"cameroun-bamenda-leglise-catholique-dans-la-rue-pour-la-liberation-dun-pretre-detenu","status":"publish","type":"post","link":"https:\/\/macite.tg\/?p=26398","title":{"rendered":"CAMEROUN\/BAMENDA\u00a0: L\u2019Eglise catholique dans la rue pour la lib\u00e9ration d\u2019un pr\u00eatre d\u00e9tenu"},"content":{"rendered":"\n<p class=\"wp-block-paragraph\"><\/p>\n\n\n\n<p class=\"wp-block-paragraph\"><strong><em>L\u2019archev\u00eaque de Bamenda, Mgr Andrew Nkea, d\u00e9plore la d\u00e9tention d\u2019un pr\u00eatre apr\u00e8s la lib\u00e9ration de cinq autres. L\u2019homme de Dieu prescrit la pri\u00e8re et annonce d\u2019autres mesures obligeant les ravisseurs \u00e0 lib\u00e9rer le p\u00e8re John Berinyuy Tatah.<\/em><\/strong><\/p>\n\n\n\n<p class=\"wp-block-paragraph\">L\u2019archidioc\u00e8se de Bamenda est secou\u00e9 par l\u2019enl\u00e8vement et la d\u00e9tention des pr\u00eatres depuis le dimanche 15 novembre 2025. L\u2019archev\u00eaque, Mgr Andrew Nkea, restitue les faits dans une communication en date du 23 novembre et prend des mesures.<\/p>\n\n\n\n<p class=\"wp-block-paragraph\">Selon le pr\u00e9lat, alors que le cur\u00e9 de Babessi et son vicaire rentraient de la messe d\u2019inauguration de l\u2019Institut universitaire PAX le 15 novembre dernier, ils ont \u00e9t\u00e9 enlev\u00e9s.<\/p>\n\n\n<div class=\"wp-block-image\">\n<figure class=\"aligncenter size-large is-resized\"><img loading=\"lazy\" decoding=\"async\" width=\"1024\" height=\"1024\" src=\"https:\/\/macite.tg\/wp-content\/uploads\/2025\/11\/f4e9db65-d653-41f7-b584-07f92d21ac18-1024x1024.jpg\" alt=\"\" class=\"wp-image-26244\" style=\"width:548px;height:auto\" srcset=\"https:\/\/macite.tg\/wp-content\/uploads\/2025\/11\/f4e9db65-d653-41f7-b584-07f92d21ac18-1024x1024.jpg 1024w, https:\/\/macite.tg\/wp-content\/uploads\/2025\/11\/f4e9db65-d653-41f7-b584-07f92d21ac18-300x300.jpg 300w, https:\/\/macite.tg\/wp-content\/uploads\/2025\/11\/f4e9db65-d653-41f7-b584-07f92d21ac18-150x150.jpg 150w, https:\/\/macite.tg\/wp-content\/uploads\/2025\/11\/f4e9db65-d653-41f7-b584-07f92d21ac18-768x768.jpg 768w, https:\/\/macite.tg\/wp-content\/uploads\/2025\/11\/f4e9db65-d653-41f7-b584-07f92d21ac18-122x122.jpg 122w, https:\/\/macite.tg\/wp-content\/uploads\/2025\/11\/f4e9db65-d653-41f7-b584-07f92d21ac18.jpg 1080w\" sizes=\"auto, (max-width: 1024px) 100vw, 1024px\" \/><\/figure>\n<\/div>\n\n\n<p class=\"wp-block-paragraph\">Des hommes arm\u00e9s se revendiquant \u00eatre des <em>\u00ab Ambazoniens \u00bb,<\/em> les ont conduits vers une destination inconnue. Le 18 novembre, une d\u00e9l\u00e9gation de quatre pr\u00eatres et un la\u00efc est all\u00e9e plaider pour leur libration aupr\u00e8s des ravisseurs. Mais, ces derniers les ont gard\u00e9s en d\u00e9tention jusqu\u2019au 20 novembre o\u00f9 ils ont lib\u00e9r\u00e9 cinq pr\u00eatres, le la\u00efc, tout en gardant le p\u00e8re John Berinyuy Tatah.<\/p>\n\n\n\n<p class=\"wp-block-paragraph\">Pour sa lib\u00e9ration, ils demandent une ran\u00e7on. Ce que l\u2019\u00e9glise a d\u00e9cid\u00e9 de ne pas payer. Face \u00e0 la situation, l\u2019archev\u00eaque prend des mesures visant la lib\u00e9ration du pr\u00eatre d\u00e9tenu. D\u2019abord, il demande aux pr\u00eatres, religieux et fid\u00e8les de sa circonscription eccl\u00e9siale de faire la pri\u00e8re \u00e0 Saint Michel Archange \u00e0 chaque messe d\u00e8s le 23 novembre.<\/p>\n\n\n\n<p class=\"wp-block-paragraph\">Ensuite, si le p\u00e8re John Berinyuy Tatah n\u2019est pas lib\u00e9r\u00e9 d\u00e8s le 26 novembre, il passe au second degr\u00e9 de mesures. <em>\u00ab Je vais demander \u00e0 tous les pr\u00eatres et personnel religieux des \u00e9coles catholiques de Ndop de fermer les paroisses, les \u00e9coles et toutes les institutions catholiques et de quitter le d\u00e9canat jusqu\u2019\u00e0 nouvel ordre \u00bb, <\/em>annonce l\u2019archev\u00eaque. Selon lui, cette mesure sera appliqu\u00e9e parce que ni l\u2019\u00e9v\u00eaque, ni les chr\u00e9tiens ne peuvent assurer la s\u00e9curit\u00e9 des pr\u00eatres et du personnel religieux.<\/p>\n\n\n\n<p class=\"wp-block-paragraph\">Mgr Andrew Nkea ordonnera aussi l\u2019enl\u00e8vement du Saint sacrement dans toutes les \u00e9glises, chapelles, les oratoires et laisser les tabernacles ouverts. Si le pr\u00eatre n\u2019est pas lib\u00e9r\u00e9 au 28 f\u00e9vrier 2026, l\u2019\u00c9glise va appliquer le troisi\u00e8me niveau de mesures. <em>\u00ab L\u2019archev\u00eaque, tous les pr\u00eatres et les fid\u00e8les du Christ de l\u2019archidioc\u00e8se feront une descente \u00e0 Baba 1 o\u00f9 le pr\u00eatre est d\u00e9tenu \u00bb.<\/em> Ils iront marcher l\u00e0-bas jusqu\u2019\u00e0 sa lib\u00e9ration.<\/p>\n\n\n<div class=\"wp-block-image\">\n<figure class=\"aligncenter size-large\"><img loading=\"lazy\" decoding=\"async\" width=\"732\" height=\"1024\" src=\"https:\/\/macite.tg\/wp-content\/uploads\/2025\/11\/image-60-732x1024.png\" alt=\"\" class=\"wp-image-26266\" srcset=\"https:\/\/macite.tg\/wp-content\/uploads\/2025\/11\/image-60-732x1024.png 732w, https:\/\/macite.tg\/wp-content\/uploads\/2025\/11\/image-60-214x300.png 214w, https:\/\/macite.tg\/wp-content\/uploads\/2025\/11\/image-60-768x1075.png 768w, https:\/\/macite.tg\/wp-content\/uploads\/2025\/11\/image-60-1097x1536.png 1097w, https:\/\/macite.tg\/wp-content\/uploads\/2025\/11\/image-60.png 1161w\" sizes=\"auto, (max-width: 732px) 100vw, 732px\" \/><\/figure>\n<\/div>\n\n\n<p class=\"wp-block-paragraph\">Dans le cas contraire, ils y resteront jusqu\u2019\u00e0 ce qu\u2019il soit lib\u00e9r\u00e9. D\u2019un ton ferme, l\u2019archev\u00eaque de Bamenda dit tout le ras-le-bol de l\u2019\u00c9glise apr\u00e8s plusieurs enl\u00e8vements de pr\u00eatres, religieux, missionnaires et fid\u00e8les dans la r\u00e9gion du Nord-Ouest.<\/p>\n\n\n\n<p class=\"wp-block-paragraph\">Ainsi qu\u2019en raison des multiples souffrances inflig\u00e9es aux fid\u00e8les par les combattants s\u00e9cessionnistes et les \u00e9l\u00e9ments de l\u2019arm\u00e9e r\u00e9guli\u00e8re dans le cadre de la crise anglophone qui dure d\u00e9j\u00e0 neuf ans. Il demande un dialogue entre les protagonistes en vue de la fin de la crise.<\/p>\n\n\n\n<p class=\"wp-block-paragraph\"><strong>Journalducameroun.com<\/strong><\/p>\n\n\n\n<p class=\"wp-block-paragraph\"><a><strong><em>@macite.tg&nbsp;&nbsp;&nbsp;&nbsp;&nbsp;&nbsp;&nbsp;&nbsp;<\/em><\/strong><\/a><\/p>\n\n\n\n<p class=\"wp-block-paragraph\"><strong><em>E-mail&nbsp;: <\/em><\/strong><a href=\"mailto:maciteinfo@gmail.com\"><strong><em>maciteinfo@gmail.com<\/em><\/strong><\/a><strong><em>; <\/em><\/strong><a href=\"mailto:bawela1@gmail.com\"><strong><em>bawela1@gmail.com<\/em><\/strong><\/a><strong><em><\/em><\/strong><\/p>\n\n\n\n<p class=\"wp-block-paragraph\"><strong><em>Pour vos annonces, (publi)reportages, etc., joignez-nous au (00228)91515309\/<strong>79872224 <\/strong><strong><\/strong><\/em><\/strong><\/p>\n\n\n\n<p class=\"wp-block-paragraph\"><strong><em>www.macite.tg, L\u2019information, la bonne&nbsp;!<\/em><\/strong><\/p>\n\n\n\n<p class=\"wp-block-paragraph\"><\/p>\n","protected":false},"excerpt":{"rendered":"<p class=\"text-justify mb-2\" >L\u2019archev\u00eaque de Bamenda, Mgr Andrew Nkea, d\u00e9plore la d\u00e9tention d\u2019un pr\u00eatre apr\u00e8s la lib\u00e9ration de cinq autres. L\u2019homme de Dieu prescrit la pri\u00e8re et annonce d\u2019autres mesures obligeant les ravisseurs \u00e0 lib\u00e9rer le p\u00e8re John Berinyuy Tatah. L\u2019archidioc\u00e8se de Bamenda est secou\u00e9 par l\u2019enl\u00e8vement et [&hellip;]<\/p>\n","protected":false},"author":2,"featured_media":26399,"comment_status":"open","ping_status":"open","sticky":false,"template":"","format":"standard","meta":{"footnotes":""},"categories":[20],"tags":[],"class_list":["post-26398","post","type-post","status-publish","format-standard","has-post-thumbnail","hentry","category-actualite"],"yoast_head":"<!-- This site is optimized with the Yoast SEO plugin v28.4 - https:\/\/yoast.com\/product\/yoast-seo-wordpress\/ -->\n<title>CAMEROUN\/BAMENDA\u00a0: L\u2019Eglise catholique dans la rue pour la lib\u00e9ration d\u2019un pr\u00eatre d\u00e9tenu -<\/title>\n<meta name=\"robots\" content=\"index, follow, max-snippet:-1, max-image-preview:large, max-video-preview:-1\" \/>\n<link rel=\"canonical\" href=\"https:\/\/macite.tg\/?p=26398\" \/>\n<meta property=\"og:locale\" content=\"fr_FR\" \/>\n<meta property=\"og:type\" content=\"article\" \/>\n<meta property=\"og:title\" content=\"CAMEROUN\/BAMENDA\u00a0: L\u2019Eglise catholique dans la rue pour la lib\u00e9ration d\u2019un pr\u00eatre d\u00e9tenu -\" \/>\n<meta property=\"og:description\" content=\"L\u2019archev\u00eaque de Bamenda, Mgr Andrew Nkea, d\u00e9plore la d\u00e9tention d\u2019un pr\u00eatre apr\u00e8s la lib\u00e9ration de cinq autres. L\u2019homme de Dieu prescrit la pri\u00e8re et annonce d\u2019autres mesures obligeant les ravisseurs \u00e0 lib\u00e9rer le p\u00e8re John Berinyuy Tatah. L\u2019archidioc\u00e8se de Bamenda est secou\u00e9 par l\u2019enl\u00e8vement et [&hellip;]\" \/>\n<meta property=\"og:url\" content=\"https:\/\/macite.tg\/?p=26398\" \/>\n<meta property=\"article:published_time\" content=\"2025-11-25T11:59:09+00:00\" \/>\n<meta property=\"article:modified_time\" content=\"2025-11-25T12:40:48+00:00\" \/>\n<meta property=\"og:image\" content=\"https:\/\/macite.tg\/wp-content\/uploads\/2025\/11\/image-76.png\" \/>\n\t<meta property=\"og:image:width\" content=\"534\" \/>\n\t<meta property=\"og:image:height\" content=\"327\" \/>\n\t<meta property=\"og:image:type\" content=\"image\/png\" \/>\n<meta name=\"author\" content=\"Jean Pierre BAWELA\" \/>\n<meta name=\"twitter:card\" content=\"summary_large_image\" \/>\n<meta name=\"twitter:label1\" content=\"\u00c9crit par\" \/>\n\t<meta name=\"twitter:data1\" content=\"Jean Pierre BAWELA\" \/>\n\t<meta name=\"twitter:label2\" content=\"Dur\u00e9e de lecture estim\u00e9e\" \/>\n\t<meta name=\"twitter:data2\" content=\"4 minutes\" \/>\n<script type=\"application\/ld+json\" class=\"yoast-schema-graph\">{\"@context\":\"https:\\\/\\\/schema.org\",\"@graph\":[{\"@type\":\"Article\",\"@id\":\"https:\\\/\\\/macite.tg\\\/?p=26398#article\",\"isPartOf\":{\"@id\":\"https:\\\/\\\/macite.tg\\\/?p=26398\"},\"author\":{\"name\":\"Jean Pierre BAWELA\",\"@id\":\"https:\\\/\\\/macite.tg\\\/#\\\/schema\\\/person\\\/e9f2de7e5dbbe7770a9402c7ce82f5c2\"},\"headline\":\"CAMEROUN\\\/BAMENDA\u00a0: L\u2019Eglise catholique dans la rue pour la lib\u00e9ration d\u2019un pr\u00eatre d\u00e9tenu\",\"datePublished\":\"2025-11-25T11:59:09+00:00\",\"dateModified\":\"2025-11-25T12:40:48+00:00\",\"mainEntityOfPage\":{\"@id\":\"https:\\\/\\\/macite.tg\\\/?p=26398\"},\"wordCount\":599,\"commentCount\":0,\"image\":{\"@id\":\"https:\\\/\\\/macite.tg\\\/?p=26398#primaryimage\"},\"thumbnailUrl\":\"https:\\\/\\\/macite.tg\\\/wp-content\\\/uploads\\\/2025\\\/11\\\/image-76.png\",\"articleSection\":[\"ACTUALITE\"],\"inLanguage\":\"fr-FR\",\"potentialAction\":[{\"@type\":\"CommentAction\",\"name\":\"Comment\",\"target\":[\"https:\\\/\\\/macite.tg\\\/?p=26398#respond\"]}]},{\"@type\":\"WebPage\",\"@id\":\"https:\\\/\\\/macite.tg\\\/?p=26398\",\"url\":\"https:\\\/\\\/macite.tg\\\/?p=26398\",\"name\":\"CAMEROUN\\\/BAMENDA\u00a0: L\u2019Eglise catholique dans la rue pour la lib\u00e9ration d\u2019un pr\u00eatre d\u00e9tenu -\",\"isPartOf\":{\"@id\":\"https:\\\/\\\/macite.tg\\\/#website\"},\"primaryImageOfPage\":{\"@id\":\"https:\\\/\\\/macite.tg\\\/?p=26398#primaryimage\"},\"image\":{\"@id\":\"https:\\\/\\\/macite.tg\\\/?p=26398#primaryimage\"},\"thumbnailUrl\":\"https:\\\/\\\/macite.tg\\\/wp-content\\\/uploads\\\/2025\\\/11\\\/image-76.png\",\"datePublished\":\"2025-11-25T11:59:09+00:00\",\"dateModified\":\"2025-11-25T12:40:48+00:00\",\"author\":{\"@id\":\"https:\\\/\\\/macite.tg\\\/#\\\/schema\\\/person\\\/e9f2de7e5dbbe7770a9402c7ce82f5c2\"},\"breadcrumb\":{\"@id\":\"https:\\\/\\\/macite.tg\\\/?p=26398#breadcrumb\"},\"inLanguage\":\"fr-FR\",\"potentialAction\":[{\"@type\":\"ReadAction\",\"target\":[\"https:\\\/\\\/macite.tg\\\/?p=26398\"]}]},{\"@type\":\"ImageObject\",\"inLanguage\":\"fr-FR\",\"@id\":\"https:\\\/\\\/macite.tg\\\/?p=26398#primaryimage\",\"url\":\"https:\\\/\\\/macite.tg\\\/wp-content\\\/uploads\\\/2025\\\/11\\\/image-76.png\",\"contentUrl\":\"https:\\\/\\\/macite.tg\\\/wp-content\\\/uploads\\\/2025\\\/11\\\/image-76.png\",\"width\":534,\"height\":327},{\"@type\":\"BreadcrumbList\",\"@id\":\"https:\\\/\\\/macite.tg\\\/?p=26398#breadcrumb\",\"itemListElement\":[{\"@type\":\"ListItem\",\"position\":1,\"name\":\"Accueil\",\"item\":\"https:\\\/\\\/macite.tg\\\/\"},{\"@type\":\"ListItem\",\"position\":2,\"name\":\"CAMEROUN\\\/BAMENDA\u00a0: L\u2019Eglise catholique dans la rue pour la lib\u00e9ration d\u2019un pr\u00eatre d\u00e9tenu\"}]},{\"@type\":\"WebSite\",\"@id\":\"https:\\\/\\\/macite.tg\\\/#website\",\"url\":\"https:\\\/\\\/macite.tg\\\/\",\"name\":\"\",\"description\":\"L&#039;information, la bonne!!!\",\"potentialAction\":[{\"@type\":\"SearchAction\",\"target\":{\"@type\":\"EntryPoint\",\"urlTemplate\":\"https:\\\/\\\/macite.tg\\\/?s={search_term_string}\"},\"query-input\":{\"@type\":\"PropertyValueSpecification\",\"valueRequired\":true,\"valueName\":\"search_term_string\"}}],\"inLanguage\":\"fr-FR\"},{\"@type\":\"Person\",\"@id\":\"https:\\\/\\\/macite.tg\\\/#\\\/schema\\\/person\\\/e9f2de7e5dbbe7770a9402c7ce82f5c2\",\"name\":\"Jean Pierre BAWELA\",\"image\":{\"@type\":\"ImageObject\",\"inLanguage\":\"fr-FR\",\"@id\":\"https:\\\/\\\/macite.tg\\\/wp-content\\\/uploads\\\/2023\\\/09\\\/WhatsApp-Image-2023-09-19-at-14.44.41-122x122.jpeg\",\"url\":\"https:\\\/\\\/macite.tg\\\/wp-content\\\/uploads\\\/2023\\\/09\\\/WhatsApp-Image-2023-09-19-at-14.44.41-122x122.jpeg\",\"contentUrl\":\"https:\\\/\\\/macite.tg\\\/wp-content\\\/uploads\\\/2023\\\/09\\\/WhatsApp-Image-2023-09-19-at-14.44.41-122x122.jpeg\",\"caption\":\"Jean Pierre BAWELA\"},\"url\":\"https:\\\/\\\/macite.tg\\\/?author=2\"}]}<\/script>\n<!-- \/ Yoast SEO plugin. -->","yoast_head_json":{"title":"CAMEROUN\/BAMENDA\u00a0: L\u2019Eglise catholique dans la rue pour la lib\u00e9ration d\u2019un pr\u00eatre d\u00e9tenu -","robots":{"index":"index","follow":"follow","max-snippet":"max-snippet:-1","max-image-preview":"max-image-preview:large","max-video-preview":"max-video-preview:-1"},"canonical":"https:\/\/macite.tg\/?p=26398","og_locale":"fr_FR","og_type":"article","og_title":"CAMEROUN\/BAMENDA\u00a0: L\u2019Eglise catholique dans la rue pour la lib\u00e9ration d\u2019un pr\u00eatre d\u00e9tenu -","og_description":"L\u2019archev\u00eaque de Bamenda, Mgr Andrew Nkea, d\u00e9plore la d\u00e9tention d\u2019un pr\u00eatre apr\u00e8s la lib\u00e9ration de cinq autres. L\u2019homme de Dieu prescrit la pri\u00e8re et annonce d\u2019autres mesures obligeant les ravisseurs \u00e0 lib\u00e9rer le p\u00e8re John Berinyuy Tatah. L\u2019archidioc\u00e8se de Bamenda est secou\u00e9 par l\u2019enl\u00e8vement et [&hellip;]","og_url":"https:\/\/macite.tg\/?p=26398","article_published_time":"2025-11-25T11:59:09+00:00","article_modified_time":"2025-11-25T12:40:48+00:00","og_image":[{"width":534,"height":327,"url":"https:\/\/macite.tg\/wp-content\/uploads\/2025\/11\/image-76.png","type":"image\/png"}],"author":"Jean Pierre BAWELA","twitter_card":"summary_large_image","twitter_misc":{"\u00c9crit par":"Jean Pierre BAWELA","Dur\u00e9e de lecture estim\u00e9e":"4 minutes"},"schema":{"@context":"https:\/\/schema.org","@graph":[{"@type":"Article","@id":"https:\/\/macite.tg\/?p=26398#article","isPartOf":{"@id":"https:\/\/macite.tg\/?p=26398"},"author":{"name":"Jean Pierre BAWELA","@id":"https:\/\/macite.tg\/#\/schema\/person\/e9f2de7e5dbbe7770a9402c7ce82f5c2"},"headline":"CAMEROUN\/BAMENDA\u00a0: L\u2019Eglise catholique dans la rue pour la lib\u00e9ration d\u2019un pr\u00eatre d\u00e9tenu","datePublished":"2025-11-25T11:59:09+00:00","dateModified":"2025-11-25T12:40:48+00:00","mainEntityOfPage":{"@id":"https:\/\/macite.tg\/?p=26398"},"wordCount":599,"commentCount":0,"image":{"@id":"https:\/\/macite.tg\/?p=26398#primaryimage"},"thumbnailUrl":"https:\/\/macite.tg\/wp-content\/uploads\/2025\/11\/image-76.png","articleSection":["ACTUALITE"],"inLanguage":"fr-FR","potentialAction":[{"@type":"CommentAction","name":"Comment","target":["https:\/\/macite.tg\/?p=26398#respond"]}]},{"@type":"WebPage","@id":"https:\/\/macite.tg\/?p=26398","url":"https:\/\/macite.tg\/?p=26398","name":"CAMEROUN\/BAMENDA\u00a0: L\u2019Eglise catholique dans la rue pour la lib\u00e9ration d\u2019un pr\u00eatre d\u00e9tenu -","isPartOf":{"@id":"https:\/\/macite.tg\/#website"},"primaryImageOfPage":{"@id":"https:\/\/macite.tg\/?p=26398#primaryimage"},"image":{"@id":"https:\/\/macite.tg\/?p=26398#primaryimage"},"thumbnailUrl":"https:\/\/macite.tg\/wp-content\/uploads\/2025\/11\/image-76.png","datePublished":"2025-11-25T11:59:09+00:00","dateModified":"2025-11-25T12:40:48+00:00","author":{"@id":"https:\/\/macite.tg\/#\/schema\/person\/e9f2de7e5dbbe7770a9402c7ce82f5c2"},"breadcrumb":{"@id":"https:\/\/macite.tg\/?p=26398#breadcrumb"},"inLanguage":"fr-FR","potentialAction":[{"@type":"ReadAction","target":["https:\/\/macite.tg\/?p=26398"]}]},{"@type":"ImageObject","inLanguage":"fr-FR","@id":"https:\/\/macite.tg\/?p=26398#primaryimage","url":"https:\/\/macite.tg\/wp-content\/uploads\/2025\/11\/image-76.png","contentUrl":"https:\/\/macite.tg\/wp-content\/uploads\/2025\/11\/image-76.png","width":534,"height":327},{"@type":"BreadcrumbList","@id":"https:\/\/macite.tg\/?p=26398#breadcrumb","itemListElement":[{"@type":"ListItem","position":1,"name":"Accueil","item":"https:\/\/macite.tg\/"},{"@type":"ListItem","position":2,"name":"CAMEROUN\/BAMENDA\u00a0: L\u2019Eglise catholique dans la rue pour la lib\u00e9ration d\u2019un pr\u00eatre d\u00e9tenu"}]},{"@type":"WebSite","@id":"https:\/\/macite.tg\/#website","url":"https:\/\/macite.tg\/","name":"","description":"L&#039;information, la bonne!!!","potentialAction":[{"@type":"SearchAction","target":{"@type":"EntryPoint","urlTemplate":"https:\/\/macite.tg\/?s={search_term_string}"},"query-input":{"@type":"PropertyValueSpecification","valueRequired":true,"valueName":"search_term_string"}}],"inLanguage":"fr-FR"},{"@type":"Person","@id":"https:\/\/macite.tg\/#\/schema\/person\/e9f2de7e5dbbe7770a9402c7ce82f5c2","name":"Jean Pierre BAWELA","image":{"@type":"ImageObject","inLanguage":"fr-FR","@id":"https:\/\/macite.tg\/wp-content\/uploads\/2023\/09\/WhatsApp-Image-2023-09-19-at-14.44.41-122x122.jpeg","url":"https:\/\/macite.tg\/wp-content\/uploads\/2023\/09\/WhatsApp-Image-2023-09-19-at-14.44.41-122x122.jpeg","contentUrl":"https:\/\/macite.tg\/wp-content\/uploads\/2023\/09\/WhatsApp-Image-2023-09-19-at-14.44.41-122x122.jpeg","caption":"Jean Pierre BAWELA"},"url":"https:\/\/macite.tg\/?author=2"}]}},"_links":{"self":[{"href":"https:\/\/macite.tg\/index.php?rest_route=\/wp\/v2\/posts\/26398","targetHints":{"allow":["GET"]}}],"collection":[{"href":"https:\/\/macite.tg\/index.php?rest_route=\/wp\/v2\/posts"}],"about":[{"href":"https:\/\/macite.tg\/index.php?rest_route=\/wp\/v2\/types\/post"}],"author":[{"embeddable":true,"href":"https:\/\/macite.tg\/index.php?rest_route=\/wp\/v2\/users\/2"}],"replies":[{"embeddable":true,"href":"https:\/\/macite.tg\/index.php?rest_route=%2Fwp%2Fv2%2Fcomments&post=26398"}],"version-history":[{"count":0,"href":"https:\/\/macite.tg\/index.php?rest_route=\/wp\/v2\/posts\/26398\/revisions"}],"wp:featuredmedia":[{"embeddable":true,"href":"https:\/\/macite.tg\/index.php?rest_route=\/wp\/v2\/media\/26399"}],"wp:attachment":[{"href":"https:\/\/macite.tg\/index.php?rest_route=%2Fwp%2Fv2%2Fmedia&parent=26398"}],"wp:term":[{"taxonomy":"category","embeddable":true,"href":"https:\/\/macite.tg\/index.php?rest_route=%2Fwp%2Fv2%2Fcategories&post=26398"},{"taxonomy":"post_tag","embeddable":true,"href":"https:\/\/macite.tg\/index.php?rest_route=%2Fwp%2Fv2%2Ftags&post=26398"}],"curies":[{"name":"wp","href":"https:\/\/api.w.org\/{rel}","templated":true}]}}