{"id":26387,"date":"2025-11-25T11:22:34","date_gmt":"2025-11-25T11:22:34","guid":{"rendered":"https:\/\/macite.tg\/?p=26387"},"modified":"2025-11-25T11:22:41","modified_gmt":"2025-11-25T11:22:41","slug":"7e-sommet-europe-afrique-a-luanda-la-paix-et-la-securite-sont-des-biens-publics-mondiaux-la-stabilite-de-lafrique-conditionne-celle-du-monde","status":"publish","type":"post","link":"https:\/\/macite.tg\/?p=26387","title":{"rendered":"7E SOMMET EUROPE-AFRIQUE A LUANDA\u00a0: \u00ab\u00a0(\u2026) La paix et la s\u00e9curit\u00e9 sont des biens publics mondiaux (\u2026) La stabilit\u00e9 de l\u2019Afrique conditionne celle du monde\u00a0\u00bb (Faure Gnassingb\u00e9)"},"content":{"rendered":"\n<p class=\"wp-block-paragraph\"><strong><em>\u00ab Promouvoir la paix et la prosp\u00e9rit\u00e9 gr\u00e2ce \u00e0 un multilat\u00e9ralisme effectif \u00bb, tel est le th\u00e8me du 7<sup>\u00e8me<\/sup> sommet Europe-Afrique dont les travaux ont \u00e9t\u00e9 ouverts hier 24 novembre \u00e0 Luanda, en Angola. Cette rencontre qui marque les 25 ans du partenariat entre l\u2019UA et l\u2019UE, porte notamment sur les m\u00e9canismes innovants pour consolider les synergies existantes et ouvrir de nouvelles perspectives communes. L\u2019objectif \u00e9tant particuli\u00e8rement de promouvoir un d\u00e9veloppement mutuellement b\u00e9n\u00e9fique dans plusieurs domaines, tout en acc\u00e9l\u00e9rant les convergences strat\u00e9giques entre les deux continents.&nbsp;<\/em><\/strong><\/p>\n\n\n\n<p class=\"wp-block-paragraph\">Cette rencontre de haut niveau, regroupe les leaders africains mais aussi europ\u00e9ens, a \u00e9t\u00e9 une occasion pour le Pr\u00e9sident du Conseil de la R\u00e9publique Togolaise, Faure Essozimna Gnassingb\u00e9, M\u00e9diateur d\u00e9sign\u00e9 de l\u2019UA dans la crise qui secoue l\u2019Est de la RDC, de r\u00e9affirmer ses convictions fortes pour une paix durable, une stabilit\u00e9 s\u00e9curitaire et une prosp\u00e9rit\u00e9 partag\u00e9e en vue d\u2019un multilat\u00e9ralisme r\u00e9nov\u00e9, ancr\u00e9 dans la confiance et l\u2019efficacit\u00e9.<\/p>\n\n\n\n<p class=\"wp-block-paragraph\">Dans un monde est en qu\u00eate de strat\u00e9gies pour relever les d\u00e9fis s\u00e9curitaires et \u00e9conomiques majeurs, cette rencontre est une aubaine pour rechercher activement les enjeux d\u2019une collaboration plus \u00e9troite entre l\u2019Afrique et l\u2019Europe dans l\u2019optique de co-construire une paix durable sur continent et dans le monde.&nbsp;<\/p>\n\n\n\n<figure class=\"wp-block-image size-large\"><img loading=\"lazy\" decoding=\"async\" width=\"1024\" height=\"683\" src=\"https:\/\/macite.tg\/wp-content\/uploads\/2025\/11\/065dd732-7ba6-4065-8be4-8cfd7ad8cfef-1024x683.jpg\" alt=\"\" class=\"wp-image-26393\" srcset=\"https:\/\/macite.tg\/wp-content\/uploads\/2025\/11\/065dd732-7ba6-4065-8be4-8cfd7ad8cfef-1024x683.jpg 1024w, https:\/\/macite.tg\/wp-content\/uploads\/2025\/11\/065dd732-7ba6-4065-8be4-8cfd7ad8cfef-300x200.jpg 300w, https:\/\/macite.tg\/wp-content\/uploads\/2025\/11\/065dd732-7ba6-4065-8be4-8cfd7ad8cfef-768x512.jpg 768w, https:\/\/macite.tg\/wp-content\/uploads\/2025\/11\/065dd732-7ba6-4065-8be4-8cfd7ad8cfef-650x434.jpg 650w, https:\/\/macite.tg\/wp-content\/uploads\/2025\/11\/065dd732-7ba6-4065-8be4-8cfd7ad8cfef-730x487.jpg 730w, https:\/\/macite.tg\/wp-content\/uploads\/2025\/11\/065dd732-7ba6-4065-8be4-8cfd7ad8cfef-112x75.jpg 112w, https:\/\/macite.tg\/wp-content\/uploads\/2025\/11\/065dd732-7ba6-4065-8be4-8cfd7ad8cfef-425x283.jpg 425w, https:\/\/macite.tg\/wp-content\/uploads\/2025\/11\/065dd732-7ba6-4065-8be4-8cfd7ad8cfef-430x287.jpg 430w, https:\/\/macite.tg\/wp-content\/uploads\/2025\/11\/065dd732-7ba6-4065-8be4-8cfd7ad8cfef.jpg 1280w\" sizes=\"auto, (max-width: 1024px) 100vw, 1024px\" \/><\/figure>\n\n\n\n<p class=\"wp-block-paragraph\">Pour le leader togolais, les nations ne peuvent plus envisager leur avenir de mani\u00e8re isol\u00e9e.&nbsp; Elles doivent s\u2019inscrire dans une dynamique collective pour r\u00e9pondre efficacement aux d\u00e9fis actuels li\u00e9s notamment \u00e0 la consolidation de la paix et de la stabilit\u00e9. C\u2019est pourquoi, il souligne avec insistance que la coop\u00e9ration entre l\u2019Afrique et l\u2019Europe est indispensable pour relever ces d\u00e9fis tant leurs destins demeurent \u00e9troitement li\u00e9s.<\/p>\n\n\n\n<p class=\"wp-block-paragraph\"><em>\u00ab Dans un monde marqu\u00e9 par la d\u00e9fiance et la fragmentation, la paix est redevenue un enjeu global, elle n\u2019est plus un acquis mais un combat quotidien et ce combat, l\u2019Afrique et l\u2019Europe doivent le mener ensemble. La s\u00e9curit\u00e9 africaine et la s\u00e9curit\u00e9 europ\u00e9enne sont indissociables \u00bb,<\/em> a indiqu\u00e9 Faure Gnassingb\u00e9 lors des travaux.<\/p>\n\n\n\n<p class=\"wp-block-paragraph\">Tout en insistant sur la paix et la s\u00e9curit\u00e9, en tant que bien public mondial, dont l\u2019Afrique assume la responsabilit\u00e9 premi\u00e8re, le Pr\u00e9sident du conseil togolais a ensuite appel\u00e9 \u00e0 la r\u00e9novation du multilat\u00e9ralisme, afin de b\u00e2tir un ordre mondial plus juste et repr\u00e9sentatif.<\/p>\n\n\n\n<p class=\"wp-block-paragraph\"><strong><em>Paix et s\u00e9curit\u00e9 : un bien public mondial port\u00e9 d\u2019abord par l\u2019Afrique<\/em><\/strong><\/p>\n\n\n\n<p class=\"wp-block-paragraph\">Conform\u00e9ment au nouveau paradigme du Pr\u00e9sident du Conseil, la paix et la s\u00e9curit\u00e9 constituent un bien public mondial dont l\u2019Afrique assume la premi\u00e8re responsabilit\u00e9. Dans cette logique, il appara\u00eet clairement que la stabilit\u00e9 mondiale est indissociable de celle du continent africain : tant que l\u2019Afrique est fragilis\u00e9e, le reste du monde ne peut pr\u00e9tendre \u00e0 une s\u00e9curit\u00e9 durable.<\/p>\n\n\n\n<figure class=\"wp-block-image size-large\"><img loading=\"lazy\" decoding=\"async\" width=\"1024\" height=\"667\" src=\"https:\/\/macite.tg\/wp-content\/uploads\/2025\/11\/42043f71-9a44-42e1-b66b-e8a43f51e795-1024x667.jpg\" alt=\"\" class=\"wp-image-26394\" srcset=\"https:\/\/macite.tg\/wp-content\/uploads\/2025\/11\/42043f71-9a44-42e1-b66b-e8a43f51e795-1024x667.jpg 1024w, https:\/\/macite.tg\/wp-content\/uploads\/2025\/11\/42043f71-9a44-42e1-b66b-e8a43f51e795-300x195.jpg 300w, https:\/\/macite.tg\/wp-content\/uploads\/2025\/11\/42043f71-9a44-42e1-b66b-e8a43f51e795-768x500.jpg 768w, https:\/\/macite.tg\/wp-content\/uploads\/2025\/11\/42043f71-9a44-42e1-b66b-e8a43f51e795.jpg 1280w\" sizes=\"auto, (max-width: 1024px) 100vw, 1024px\" \/><\/figure>\n\n\n\n<p class=\"wp-block-paragraph\"><em>\u00ab&nbsp;D\u2019abord nous devons reconna\u00eetre que la paix et la s\u00e9curit\u00e9 sont des biens publics mondiaux dont la premi\u00e8re prise en charge est, et reste africaine. La stabilit\u00e9 de l\u2019Afrique conditionne celle du monde&nbsp;\u00bb,<\/em> a-t-il relev\u00e9.<\/p>\n\n\n\n<p class=\"wp-block-paragraph\">Pour le Pr\u00e9sident du Conseil, une s\u00e9curit\u00e9 durable doit \u00eatre financ\u00e9e comme un bien public mondial et g\u00e9r\u00e9e comme une responsabilit\u00e9 partag\u00e9e. Elle ne peut \u00eatre import\u00e9e, elle doit \u00eatre construite localement, en s\u2019appuyant sur ses propres priorit\u00e9s.<\/p>\n\n\n\n<p class=\"wp-block-paragraph\">Il a ainsi plaid\u00e9 pour une coop\u00e9ration qui reconna\u00eet l\u2019Afrique comme garante de sa s\u00e9curit\u00e9, une coop\u00e9ration qui soutient les institutions r\u00e9gionales, renforce les capacit\u00e9s logistiques et finance durablement la paix sur le continent. Cela suppose aussi le soutien des capacit\u00e9s africaines, la r\u00e9duction du co\u00fbt global de l\u2019instabilit\u00e9 et la gestion des impacts des crises s\u00e9curitaires sur les \u00e9conomies europ\u00e9ennes.<\/p>\n\n\n\n<p class=\"wp-block-paragraph\"><strong><em>R\u00e9novation du multilat\u00e9ralisme pour un ordre mondial plus juste et repr\u00e9sentatif<\/em><\/strong><\/p>\n\n\n\n<p class=\"wp-block-paragraph\">Le Pr\u00e9sident du Conseil pr\u00e9conise une r\u00e9novation du multilat\u00e9ralisme, afin de parvenir \u00e0 un syst\u00e8me plus juste et repr\u00e9sentatif. \u00ab Le multilat\u00e9ralisme ne doit pas \u00eatre abandonn\u00e9, mais il doit \u00eatre r\u00e9nov\u00e9. Nous assistons aujourd\u2019hui \u00e0 une fragmentation du monde. Paradoxalement, c\u2019est pr\u00e9cis\u00e9ment le moment de d\u00e9fendre un multilat\u00e9ralisme plus juste et plus repr\u00e9sentatif. Nous ne d\u00e9fendons pas le multilat\u00e9ralisme par nostalgie, mais par n\u00e9cessit\u00e9 \u00bb, a-t-il d\u00e9clar\u00e9.<\/p>\n\n\n\n<p class=\"wp-block-paragraph\">Pour Faure Gnassingb\u00e9, cette n\u00e9cessit\u00e9 est incontournable, car si les institutions internationales ne refl\u00e8tent pas la r\u00e9alit\u00e9 du monde, elles seront contourn\u00e9es et le vide ainsi cr\u00e9\u00e9, sera combl\u00e9 par la loi du plus fort.<\/p>\n\n\n\n<figure class=\"wp-block-image size-large\"><img loading=\"lazy\" decoding=\"async\" width=\"1024\" height=\"683\" src=\"https:\/\/macite.tg\/wp-content\/uploads\/2025\/11\/05935a5d-354d-4bbf-a85b-83867669034a-1024x683.jpg\" alt=\"\" class=\"wp-image-26395\" srcset=\"https:\/\/macite.tg\/wp-content\/uploads\/2025\/11\/05935a5d-354d-4bbf-a85b-83867669034a-1024x683.jpg 1024w, https:\/\/macite.tg\/wp-content\/uploads\/2025\/11\/05935a5d-354d-4bbf-a85b-83867669034a-300x200.jpg 300w, https:\/\/macite.tg\/wp-content\/uploads\/2025\/11\/05935a5d-354d-4bbf-a85b-83867669034a-768x512.jpg 768w, https:\/\/macite.tg\/wp-content\/uploads\/2025\/11\/05935a5d-354d-4bbf-a85b-83867669034a-650x434.jpg 650w, https:\/\/macite.tg\/wp-content\/uploads\/2025\/11\/05935a5d-354d-4bbf-a85b-83867669034a-730x487.jpg 730w, https:\/\/macite.tg\/wp-content\/uploads\/2025\/11\/05935a5d-354d-4bbf-a85b-83867669034a-112x75.jpg 112w, https:\/\/macite.tg\/wp-content\/uploads\/2025\/11\/05935a5d-354d-4bbf-a85b-83867669034a-425x283.jpg 425w, https:\/\/macite.tg\/wp-content\/uploads\/2025\/11\/05935a5d-354d-4bbf-a85b-83867669034a-430x287.jpg 430w, https:\/\/macite.tg\/wp-content\/uploads\/2025\/11\/05935a5d-354d-4bbf-a85b-83867669034a.jpg 1280w\" sizes=\"auto, (max-width: 1024px) 100vw, 1024px\" \/><\/figure>\n\n\n\n<p class=\"wp-block-paragraph\">\u00ab L\u2019Europe a int\u00e9r\u00eat \u00e0 ce que le monde reste gouvern\u00e9 par des r\u00e8gles, et non par des rapports de force. C\u2019est le sens du partenariat strat\u00e9gique que nous devons d\u00e9fendre ensemble \u00bb, a-t-il ajout\u00e9, appelant \u00e0 une coop\u00e9ration renforc\u00e9e entre l\u2019Afrique et l\u2019Europe pour pr\u00e9server un ordre mondial stable et \u00e9quitable.<\/p>\n\n\n\n<p class=\"wp-block-paragraph\"><strong><em>Construire une architecture de paix commune Union europ\u00e9enne-Union africaine<\/em><\/strong><\/p>\n\n\n\n<p class=\"wp-block-paragraph\">Le Pr\u00e9sident du Conseil, Faure Gnassingb\u00e9 a r\u00e9affirm\u00e9 sa vision de co-construction d\u2019une architecture de paix entre les \u00c9tats africains et les membres de l\u2019Union europ\u00e9enne.<\/p>\n\n\n\n<p class=\"wp-block-paragraph\">Face \u00e0 des menaces s\u00e9curitaires hybrides notamment le terrorisme, la cybercriminalit\u00e9 et la d\u00e9sinformation, il a soulign\u00e9 la n\u00e9cessit\u00e9 des r\u00e9ponses syst\u00e9miques, conjointes et fond\u00e9es sur la r\u00e9silience des populations africaines.<\/p>\n\n\n\n<p class=\"wp-block-paragraph\">Le Pr\u00e9sident du Conseil a mis en exergue le r\u00f4le central de la jeunesse africaine dans la construction d\u2019une paix durable. Pour Faure Gnassingb\u00e9, les jeunes ne sont pas de simples b\u00e9n\u00e9ficiaires des politiques de s\u00e9curit\u00e9, mais des acteurs \u00e0 part enti\u00e8re de la co-construction de la stabilit\u00e9. Les former, les \u00e9couter et les impliquer dans les processus de d\u00e9cision et de pr\u00e9vention des conflits, constitue un investissement strat\u00e9gique pour l\u2019avenir du continent.<\/p>\n\n\n\n<p class=\"wp-block-paragraph\"><em>\u00ab L\u2019Afrique et l\u2019Europe doivent construire ensemble une architecture de paix compl\u00e8te et commune. Je veux rappeler que la jeunesse africaine sera n\u00e9cessairement au c\u0153ur de cette architecture de paix. Former, \u00e9couter et impliquer nos jeunes, c\u2019est investir dans la stabilit\u00e9 de demain, car la paix durable ne se d\u00e9cr\u00e8te pas, elle s\u2019apprend, elle se construit, elle se transmet \u00bb,<\/em> a-t-il soulign\u00e9.<\/p>\n\n\n\n<p class=\"wp-block-paragraph\">Pour conclure, le Pr\u00e9sident du Conseil a invit\u00e9 les dirigeants africains et europ\u00e9ens \u00e0 affirmer une ambition simple : celle d\u2019une Afrique et d\u2019une Europe solidaires, qui privil\u00e9gient la coop\u00e9ration plut\u00f4t que la comp\u00e9tition, la confiance plut\u00f4t que la peur. <em>\u00ab Une Afrique souveraine et stable r\u00e9duit les vuln\u00e9rabilit\u00e9s europ\u00e9ennes. Une Europe lucide et engag\u00e9e renforce la s\u00e9curit\u00e9 et la souverainet\u00e9 africaines \u00bb<\/em>, a-t-il conclu, rappelant que les int\u00e9r\u00eats des deux continents sont profond\u00e9ment convergents.<\/p>\n\n\n\n<figure class=\"wp-block-image size-large\"><img loading=\"lazy\" decoding=\"async\" width=\"1024\" height=\"683\" src=\"https:\/\/macite.tg\/wp-content\/uploads\/2025\/11\/9c0f85ba-5119-4149-a33c-972b80a942e0-1024x683.jpg\" alt=\"\" class=\"wp-image-26396\" srcset=\"https:\/\/macite.tg\/wp-content\/uploads\/2025\/11\/9c0f85ba-5119-4149-a33c-972b80a942e0-1024x683.jpg 1024w, https:\/\/macite.tg\/wp-content\/uploads\/2025\/11\/9c0f85ba-5119-4149-a33c-972b80a942e0-300x200.jpg 300w, https:\/\/macite.tg\/wp-content\/uploads\/2025\/11\/9c0f85ba-5119-4149-a33c-972b80a942e0-768x512.jpg 768w, https:\/\/macite.tg\/wp-content\/uploads\/2025\/11\/9c0f85ba-5119-4149-a33c-972b80a942e0-650x434.jpg 650w, https:\/\/macite.tg\/wp-content\/uploads\/2025\/11\/9c0f85ba-5119-4149-a33c-972b80a942e0-730x487.jpg 730w, https:\/\/macite.tg\/wp-content\/uploads\/2025\/11\/9c0f85ba-5119-4149-a33c-972b80a942e0-112x75.jpg 112w, https:\/\/macite.tg\/wp-content\/uploads\/2025\/11\/9c0f85ba-5119-4149-a33c-972b80a942e0-425x283.jpg 425w, https:\/\/macite.tg\/wp-content\/uploads\/2025\/11\/9c0f85ba-5119-4149-a33c-972b80a942e0-430x287.jpg 430w, https:\/\/macite.tg\/wp-content\/uploads\/2025\/11\/9c0f85ba-5119-4149-a33c-972b80a942e0.jpg 1280w\" sizes=\"auto, (max-width: 1024px) 100vw, 1024px\" \/><\/figure>\n\n\n\n<p class=\"wp-block-paragraph\">Cette vision du Pr\u00e9sident du Conseil, Faure Essozimna Gnassingb\u00e9 met en lumi\u00e8re la n\u00e9cessit\u00e9 pour l\u2019Afrique et l\u2019Europe de fonder leurs relations sur la coop\u00e9ration et la confiance mutuelle pour relever les d\u00e9fis s\u00e9curitaires. Elle souligne aussi le r\u00f4le d\u00e9terminant du Togo en tant que pays-connecteur et hub diplomatique, s\u00e9curitaire et \u00e9conomique, mais aussi comme acteur central dans la promotion de la coop\u00e9ration intelligente entre l\u2019Afrique et l\u2019Europe.<\/p>\n\n\n\n<p class=\"wp-block-paragraph\"><strong>(JPB avec Pr\u00e9sidence du Conseil)<\/strong><\/p>\n\n\n\n<p class=\"wp-block-paragraph\"><a><strong><em>@macite.tg&nbsp;&nbsp;&nbsp;&nbsp;&nbsp;&nbsp;&nbsp;&nbsp;<\/em><\/strong><\/a><\/p>\n\n\n\n<p class=\"wp-block-paragraph\"><strong><em>E-mail&nbsp;: <\/em><\/strong><a href=\"mailto:maciteinfo@gmail.com\"><strong><em>maciteinfo@gmail.com<\/em><\/strong><\/a><strong><em>; <\/em><\/strong><a href=\"mailto:bawela1@gmail.com\"><strong><em>bawela1@gmail.com<\/em><\/strong><\/a><strong><em><\/em><\/strong><\/p>\n\n\n\n<p class=\"wp-block-paragraph\"><strong><em>Pour vos annonces, (publi)reportages, etc., joignez-nous au (00228)91515309\/<strong>79872224 <\/strong><strong><\/strong><\/em><\/strong><\/p>\n\n\n\n<p class=\"wp-block-paragraph\"><strong><em>www.macite.tg, L\u2019information, la bonne&nbsp;!<\/em><\/strong><\/p>\n\n\n\n<p class=\"wp-block-paragraph\"><\/p>\n","protected":false},"excerpt":{"rendered":"<p class=\"text-justify mb-2\" >\u00ab Promouvoir la paix et la prosp\u00e9rit\u00e9 gr\u00e2ce \u00e0 un multilat\u00e9ralisme effectif \u00bb, tel est le th\u00e8me du 7\u00e8me sommet Europe-Afrique dont les travaux ont \u00e9t\u00e9 ouverts hier 24 novembre \u00e0 Luanda, en Angola. Cette rencontre qui marque les 25 ans du partenariat entre l\u2019UA [&hellip;]<\/p>\n","protected":false},"author":2,"featured_media":26392,"comment_status":"open","ping_status":"open","sticky":false,"template":"","format":"standard","meta":{"footnotes":""},"categories":[20,70],"tags":[],"class_list":["post-26387","post","type-post","status-publish","format-standard","has-post-thumbnail","hentry","category-actualite","category-paix-securite"],"yoast_head":"<!-- This site is optimized with the Yoast SEO plugin v28.4 - https:\/\/yoast.com\/product\/yoast-seo-wordpress\/ -->\n<title>7E SOMMET EUROPE-AFRIQUE A LUANDA\u00a0: \u00ab\u00a0(\u2026) La paix et la s\u00e9curit\u00e9 sont des biens publics mondiaux (\u2026) La stabilit\u00e9 de l\u2019Afrique conditionne celle du monde\u00a0\u00bb (Faure Gnassingb\u00e9) -<\/title>\n<meta name=\"robots\" content=\"index, follow, max-snippet:-1, max-image-preview:large, max-video-preview:-1\" \/>\n<link rel=\"canonical\" href=\"https:\/\/macite.tg\/?p=26387\" \/>\n<meta property=\"og:locale\" content=\"fr_FR\" \/>\n<meta property=\"og:type\" content=\"article\" \/>\n<meta property=\"og:title\" content=\"7E SOMMET EUROPE-AFRIQUE A LUANDA\u00a0: \u00ab\u00a0(\u2026) La paix et la s\u00e9curit\u00e9 sont des biens publics mondiaux (\u2026) La stabilit\u00e9 de l\u2019Afrique conditionne celle du monde\u00a0\u00bb (Faure Gnassingb\u00e9) -\" \/>\n<meta property=\"og:description\" content=\"\u00ab Promouvoir la paix et la prosp\u00e9rit\u00e9 gr\u00e2ce \u00e0 un multilat\u00e9ralisme effectif \u00bb, tel est le th\u00e8me du 7\u00e8me sommet Europe-Afrique dont les travaux ont \u00e9t\u00e9 ouverts hier 24 novembre \u00e0 Luanda, en Angola. Cette rencontre qui marque les 25 ans du partenariat entre l\u2019UA [&hellip;]\" \/>\n<meta property=\"og:url\" content=\"https:\/\/macite.tg\/?p=26387\" \/>\n<meta property=\"article:published_time\" content=\"2025-11-25T11:22:34+00:00\" \/>\n<meta property=\"article:modified_time\" content=\"2025-11-25T11:22:41+00:00\" \/>\n<meta property=\"og:image\" content=\"https:\/\/macite.tg\/wp-content\/uploads\/2025\/11\/cd5536c3-3084-4dca-b9fa-f2935048bdde.jpg\" \/>\n\t<meta property=\"og:image:width\" content=\"500\" \/>\n\t<meta property=\"og:image:height\" content=\"334\" \/>\n\t<meta property=\"og:image:type\" content=\"image\/jpeg\" \/>\n<meta name=\"author\" content=\"Jean Pierre BAWELA\" \/>\n<meta name=\"twitter:card\" content=\"summary_large_image\" \/>\n<meta name=\"twitter:label1\" content=\"\u00c9crit par\" \/>\n\t<meta name=\"twitter:data1\" content=\"Jean Pierre BAWELA\" \/>\n\t<meta name=\"twitter:label2\" content=\"Dur\u00e9e de lecture estim\u00e9e\" \/>\n\t<meta name=\"twitter:data2\" content=\"7 minutes\" \/>\n<script type=\"application\/ld+json\" class=\"yoast-schema-graph\">{\"@context\":\"https:\\\/\\\/schema.org\",\"@graph\":[{\"@type\":\"Article\",\"@id\":\"https:\\\/\\\/macite.tg\\\/?p=26387#article\",\"isPartOf\":{\"@id\":\"https:\\\/\\\/macite.tg\\\/?p=26387\"},\"author\":{\"name\":\"Jean Pierre BAWELA\",\"@id\":\"https:\\\/\\\/macite.tg\\\/#\\\/schema\\\/person\\\/e9f2de7e5dbbe7770a9402c7ce82f5c2\"},\"headline\":\"7E SOMMET EUROPE-AFRIQUE A LUANDA\u00a0: \u00ab\u00a0(\u2026) La paix et la s\u00e9curit\u00e9 sont des biens publics mondiaux (\u2026) La stabilit\u00e9 de l\u2019Afrique conditionne celle du monde\u00a0\u00bb (Faure Gnassingb\u00e9)\",\"datePublished\":\"2025-11-25T11:22:34+00:00\",\"dateModified\":\"2025-11-25T11:22:41+00:00\",\"mainEntityOfPage\":{\"@id\":\"https:\\\/\\\/macite.tg\\\/?p=26387\"},\"wordCount\":1329,\"commentCount\":0,\"image\":{\"@id\":\"https:\\\/\\\/macite.tg\\\/?p=26387#primaryimage\"},\"thumbnailUrl\":\"https:\\\/\\\/macite.tg\\\/wp-content\\\/uploads\\\/2025\\\/11\\\/cd5536c3-3084-4dca-b9fa-f2935048bdde.jpg\",\"articleSection\":[\"ACTUALITE\",\"PAIX &amp; SECURITE\"],\"inLanguage\":\"fr-FR\",\"potentialAction\":[{\"@type\":\"CommentAction\",\"name\":\"Comment\",\"target\":[\"https:\\\/\\\/macite.tg\\\/?p=26387#respond\"]}]},{\"@type\":\"WebPage\",\"@id\":\"https:\\\/\\\/macite.tg\\\/?p=26387\",\"url\":\"https:\\\/\\\/macite.tg\\\/?p=26387\",\"name\":\"7E SOMMET EUROPE-AFRIQUE A LUANDA\u00a0: \u00ab\u00a0(\u2026) La paix et la s\u00e9curit\u00e9 sont des biens publics mondiaux (\u2026) La stabilit\u00e9 de l\u2019Afrique conditionne celle du monde\u00a0\u00bb (Faure Gnassingb\u00e9) -\",\"isPartOf\":{\"@id\":\"https:\\\/\\\/macite.tg\\\/#website\"},\"primaryImageOfPage\":{\"@id\":\"https:\\\/\\\/macite.tg\\\/?p=26387#primaryimage\"},\"image\":{\"@id\":\"https:\\\/\\\/macite.tg\\\/?p=26387#primaryimage\"},\"thumbnailUrl\":\"https:\\\/\\\/macite.tg\\\/wp-content\\\/uploads\\\/2025\\\/11\\\/cd5536c3-3084-4dca-b9fa-f2935048bdde.jpg\",\"datePublished\":\"2025-11-25T11:22:34+00:00\",\"dateModified\":\"2025-11-25T11:22:41+00:00\",\"author\":{\"@id\":\"https:\\\/\\\/macite.tg\\\/#\\\/schema\\\/person\\\/e9f2de7e5dbbe7770a9402c7ce82f5c2\"},\"breadcrumb\":{\"@id\":\"https:\\\/\\\/macite.tg\\\/?p=26387#breadcrumb\"},\"inLanguage\":\"fr-FR\",\"potentialAction\":[{\"@type\":\"ReadAction\",\"target\":[\"https:\\\/\\\/macite.tg\\\/?p=26387\"]}]},{\"@type\":\"ImageObject\",\"inLanguage\":\"fr-FR\",\"@id\":\"https:\\\/\\\/macite.tg\\\/?p=26387#primaryimage\",\"url\":\"https:\\\/\\\/macite.tg\\\/wp-content\\\/uploads\\\/2025\\\/11\\\/cd5536c3-3084-4dca-b9fa-f2935048bdde.jpg\",\"contentUrl\":\"https:\\\/\\\/macite.tg\\\/wp-content\\\/uploads\\\/2025\\\/11\\\/cd5536c3-3084-4dca-b9fa-f2935048bdde.jpg\",\"width\":500,\"height\":334},{\"@type\":\"BreadcrumbList\",\"@id\":\"https:\\\/\\\/macite.tg\\\/?p=26387#breadcrumb\",\"itemListElement\":[{\"@type\":\"ListItem\",\"position\":1,\"name\":\"Accueil\",\"item\":\"https:\\\/\\\/macite.tg\\\/\"},{\"@type\":\"ListItem\",\"position\":2,\"name\":\"7E SOMMET EUROPE-AFRIQUE A LUANDA\u00a0: \u00ab\u00a0(\u2026) La paix et la s\u00e9curit\u00e9 sont des biens publics mondiaux (\u2026) La stabilit\u00e9 de l\u2019Afrique conditionne celle du monde\u00a0\u00bb (Faure Gnassingb\u00e9)\"}]},{\"@type\":\"WebSite\",\"@id\":\"https:\\\/\\\/macite.tg\\\/#website\",\"url\":\"https:\\\/\\\/macite.tg\\\/\",\"name\":\"\",\"description\":\"L&#039;information, la bonne!!!\",\"potentialAction\":[{\"@type\":\"SearchAction\",\"target\":{\"@type\":\"EntryPoint\",\"urlTemplate\":\"https:\\\/\\\/macite.tg\\\/?s={search_term_string}\"},\"query-input\":{\"@type\":\"PropertyValueSpecification\",\"valueRequired\":true,\"valueName\":\"search_term_string\"}}],\"inLanguage\":\"fr-FR\"},{\"@type\":\"Person\",\"@id\":\"https:\\\/\\\/macite.tg\\\/#\\\/schema\\\/person\\\/e9f2de7e5dbbe7770a9402c7ce82f5c2\",\"name\":\"Jean Pierre BAWELA\",\"image\":{\"@type\":\"ImageObject\",\"inLanguage\":\"fr-FR\",\"@id\":\"https:\\\/\\\/macite.tg\\\/wp-content\\\/uploads\\\/2023\\\/09\\\/WhatsApp-Image-2023-09-19-at-14.44.41-122x122.jpeg\",\"url\":\"https:\\\/\\\/macite.tg\\\/wp-content\\\/uploads\\\/2023\\\/09\\\/WhatsApp-Image-2023-09-19-at-14.44.41-122x122.jpeg\",\"contentUrl\":\"https:\\\/\\\/macite.tg\\\/wp-content\\\/uploads\\\/2023\\\/09\\\/WhatsApp-Image-2023-09-19-at-14.44.41-122x122.jpeg\",\"caption\":\"Jean Pierre BAWELA\"},\"url\":\"https:\\\/\\\/macite.tg\\\/?author=2\"}]}<\/script>\n<!-- \/ Yoast SEO plugin. -->","yoast_head_json":{"title":"7E SOMMET EUROPE-AFRIQUE A LUANDA\u00a0: \u00ab\u00a0(\u2026) La paix et la s\u00e9curit\u00e9 sont des biens publics mondiaux (\u2026) La stabilit\u00e9 de l\u2019Afrique conditionne celle du monde\u00a0\u00bb (Faure Gnassingb\u00e9) -","robots":{"index":"index","follow":"follow","max-snippet":"max-snippet:-1","max-image-preview":"max-image-preview:large","max-video-preview":"max-video-preview:-1"},"canonical":"https:\/\/macite.tg\/?p=26387","og_locale":"fr_FR","og_type":"article","og_title":"7E SOMMET EUROPE-AFRIQUE A LUANDA\u00a0: \u00ab\u00a0(\u2026) La paix et la s\u00e9curit\u00e9 sont des biens publics mondiaux (\u2026) La stabilit\u00e9 de l\u2019Afrique conditionne celle du monde\u00a0\u00bb (Faure Gnassingb\u00e9) -","og_description":"\u00ab Promouvoir la paix et la prosp\u00e9rit\u00e9 gr\u00e2ce \u00e0 un multilat\u00e9ralisme effectif \u00bb, tel est le th\u00e8me du 7\u00e8me sommet Europe-Afrique dont les travaux ont \u00e9t\u00e9 ouverts hier 24 novembre \u00e0 Luanda, en Angola. Cette rencontre qui marque les 25 ans du partenariat entre l\u2019UA [&hellip;]","og_url":"https:\/\/macite.tg\/?p=26387","article_published_time":"2025-11-25T11:22:34+00:00","article_modified_time":"2025-11-25T11:22:41+00:00","og_image":[{"width":500,"height":334,"url":"https:\/\/macite.tg\/wp-content\/uploads\/2025\/11\/cd5536c3-3084-4dca-b9fa-f2935048bdde.jpg","type":"image\/jpeg"}],"author":"Jean Pierre BAWELA","twitter_card":"summary_large_image","twitter_misc":{"\u00c9crit par":"Jean Pierre BAWELA","Dur\u00e9e de lecture estim\u00e9e":"7 minutes"},"schema":{"@context":"https:\/\/schema.org","@graph":[{"@type":"Article","@id":"https:\/\/macite.tg\/?p=26387#article","isPartOf":{"@id":"https:\/\/macite.tg\/?p=26387"},"author":{"name":"Jean Pierre BAWELA","@id":"https:\/\/macite.tg\/#\/schema\/person\/e9f2de7e5dbbe7770a9402c7ce82f5c2"},"headline":"7E SOMMET EUROPE-AFRIQUE A LUANDA\u00a0: \u00ab\u00a0(\u2026) La paix et la s\u00e9curit\u00e9 sont des biens publics mondiaux (\u2026) La stabilit\u00e9 de l\u2019Afrique conditionne celle du monde\u00a0\u00bb (Faure Gnassingb\u00e9)","datePublished":"2025-11-25T11:22:34+00:00","dateModified":"2025-11-25T11:22:41+00:00","mainEntityOfPage":{"@id":"https:\/\/macite.tg\/?p=26387"},"wordCount":1329,"commentCount":0,"image":{"@id":"https:\/\/macite.tg\/?p=26387#primaryimage"},"thumbnailUrl":"https:\/\/macite.tg\/wp-content\/uploads\/2025\/11\/cd5536c3-3084-4dca-b9fa-f2935048bdde.jpg","articleSection":["ACTUALITE","PAIX &amp; SECURITE"],"inLanguage":"fr-FR","potentialAction":[{"@type":"CommentAction","name":"Comment","target":["https:\/\/macite.tg\/?p=26387#respond"]}]},{"@type":"WebPage","@id":"https:\/\/macite.tg\/?p=26387","url":"https:\/\/macite.tg\/?p=26387","name":"7E SOMMET EUROPE-AFRIQUE A LUANDA\u00a0: \u00ab\u00a0(\u2026) La paix et la s\u00e9curit\u00e9 sont des biens publics mondiaux (\u2026) La stabilit\u00e9 de l\u2019Afrique conditionne celle du monde\u00a0\u00bb (Faure Gnassingb\u00e9) -","isPartOf":{"@id":"https:\/\/macite.tg\/#website"},"primaryImageOfPage":{"@id":"https:\/\/macite.tg\/?p=26387#primaryimage"},"image":{"@id":"https:\/\/macite.tg\/?p=26387#primaryimage"},"thumbnailUrl":"https:\/\/macite.tg\/wp-content\/uploads\/2025\/11\/cd5536c3-3084-4dca-b9fa-f2935048bdde.jpg","datePublished":"2025-11-25T11:22:34+00:00","dateModified":"2025-11-25T11:22:41+00:00","author":{"@id":"https:\/\/macite.tg\/#\/schema\/person\/e9f2de7e5dbbe7770a9402c7ce82f5c2"},"breadcrumb":{"@id":"https:\/\/macite.tg\/?p=26387#breadcrumb"},"inLanguage":"fr-FR","potentialAction":[{"@type":"ReadAction","target":["https:\/\/macite.tg\/?p=26387"]}]},{"@type":"ImageObject","inLanguage":"fr-FR","@id":"https:\/\/macite.tg\/?p=26387#primaryimage","url":"https:\/\/macite.tg\/wp-content\/uploads\/2025\/11\/cd5536c3-3084-4dca-b9fa-f2935048bdde.jpg","contentUrl":"https:\/\/macite.tg\/wp-content\/uploads\/2025\/11\/cd5536c3-3084-4dca-b9fa-f2935048bdde.jpg","width":500,"height":334},{"@type":"BreadcrumbList","@id":"https:\/\/macite.tg\/?p=26387#breadcrumb","itemListElement":[{"@type":"ListItem","position":1,"name":"Accueil","item":"https:\/\/macite.tg\/"},{"@type":"ListItem","position":2,"name":"7E SOMMET EUROPE-AFRIQUE A LUANDA\u00a0: \u00ab\u00a0(\u2026) La paix et la s\u00e9curit\u00e9 sont des biens publics mondiaux (\u2026) La stabilit\u00e9 de l\u2019Afrique conditionne celle du monde\u00a0\u00bb (Faure Gnassingb\u00e9)"}]},{"@type":"WebSite","@id":"https:\/\/macite.tg\/#website","url":"https:\/\/macite.tg\/","name":"","description":"L&#039;information, la bonne!!!","potentialAction":[{"@type":"SearchAction","target":{"@type":"EntryPoint","urlTemplate":"https:\/\/macite.tg\/?s={search_term_string}"},"query-input":{"@type":"PropertyValueSpecification","valueRequired":true,"valueName":"search_term_string"}}],"inLanguage":"fr-FR"},{"@type":"Person","@id":"https:\/\/macite.tg\/#\/schema\/person\/e9f2de7e5dbbe7770a9402c7ce82f5c2","name":"Jean Pierre BAWELA","image":{"@type":"ImageObject","inLanguage":"fr-FR","@id":"https:\/\/macite.tg\/wp-content\/uploads\/2023\/09\/WhatsApp-Image-2023-09-19-at-14.44.41-122x122.jpeg","url":"https:\/\/macite.tg\/wp-content\/uploads\/2023\/09\/WhatsApp-Image-2023-09-19-at-14.44.41-122x122.jpeg","contentUrl":"https:\/\/macite.tg\/wp-content\/uploads\/2023\/09\/WhatsApp-Image-2023-09-19-at-14.44.41-122x122.jpeg","caption":"Jean Pierre BAWELA"},"url":"https:\/\/macite.tg\/?author=2"}]}},"_links":{"self":[{"href":"https:\/\/macite.tg\/index.php?rest_route=\/wp\/v2\/posts\/26387","targetHints":{"allow":["GET"]}}],"collection":[{"href":"https:\/\/macite.tg\/index.php?rest_route=\/wp\/v2\/posts"}],"about":[{"href":"https:\/\/macite.tg\/index.php?rest_route=\/wp\/v2\/types\/post"}],"author":[{"embeddable":true,"href":"https:\/\/macite.tg\/index.php?rest_route=\/wp\/v2\/users\/2"}],"replies":[{"embeddable":true,"href":"https:\/\/macite.tg\/index.php?rest_route=%2Fwp%2Fv2%2Fcomments&post=26387"}],"version-history":[{"count":0,"href":"https:\/\/macite.tg\/index.php?rest_route=\/wp\/v2\/posts\/26387\/revisions"}],"wp:featuredmedia":[{"embeddable":true,"href":"https:\/\/macite.tg\/index.php?rest_route=\/wp\/v2\/media\/26392"}],"wp:attachment":[{"href":"https:\/\/macite.tg\/index.php?rest_route=%2Fwp%2Fv2%2Fmedia&parent=26387"}],"wp:term":[{"taxonomy":"category","embeddable":true,"href":"https:\/\/macite.tg\/index.php?rest_route=%2Fwp%2Fv2%2Fcategories&post=26387"},{"taxonomy":"post_tag","embeddable":true,"href":"https:\/\/macite.tg\/index.php?rest_route=%2Fwp%2Fv2%2Ftags&post=26387"}],"curies":[{"name":"wp","href":"https:\/\/api.w.org\/{rel}","templated":true}]}}