{"id":26386,"date":"2025-11-25T09:51:58","date_gmt":"2025-11-25T09:51:58","guid":{"rendered":"https:\/\/macite.tg\/?p=26386"},"modified":"2025-11-25T09:53:02","modified_gmt":"2025-11-25T09:53:02","slug":"projet-de-loi-de-finances-exercice-2026-ouverture-des-travaux-en-commission","status":"publish","type":"post","link":"https:\/\/macite.tg\/?p=26386","title":{"rendered":"PROJET DE LOI DE FINANCES, EXERCICE 2026\u00a0: Ouverture des travaux en commission d&rsquo;\u00e9tude"},"content":{"rendered":"\n<p class=\"wp-block-paragraph\"><strong><em>L\u2019\u00e9tude du budget est un processus essentiel qui conditionne la gouvernance financi\u00e8re d\u2019un pays, oriente les politiques publiques et permet de r\u00e9pondre efficacement aux besoins prioritaires des populations. Cette \u00e9tude rel\u00e8ve de l\u2019apanage des parlementaires qui veillent \u00e0 une allocation optimale des ressources et \u00e0 la mise en \u0153uvre des projets de d\u00e9veloppement.<\/em><\/strong><\/p>\n\n\n\n<p class=\"wp-block-paragraph\">C\u2019est dans ce contexte que s\u2019est ouverte, ce lundi 24 novembre 2025, l\u2019\u00e9tude en commission du projet de loi de finances, exercice 2026. Pr\u00e9sid\u00e9e par Son Excellence Professeur Komi Selom Klassou, la s\u00e9ance a connu la pr\u00e9sence de Essow\u00e8 Georges Barcola, ministre des Finances et du Budget, de Badanam Patoki, ministre de l\u2019\u00c9conomie et de la Veille strat\u00e9gique, ainsi que d\u2019autres membres du gouvernement.<\/p>\n\n\n\n<p class=\"wp-block-paragraph\"><strong>Un budget plac\u00e9 sous le sceau de la collaboration entre l\u2019Assembl\u00e9e nationale et le S\u00e9nat<\/strong><\/p>\n\n\n\n<p class=\"wp-block-paragraph\">Dans son discours, le Pr\u00e9sident de l\u2019Assembl\u00e9e nationale a rappel\u00e9 dans un premier temps qu\u2019un moment in\u00e9dit de la vie parlementaire sous la V\u1d49 R\u00e9publique s\u2019est ouvert ce jour avec l\u2019\u00e9tude en commission du projet de loi de finances, exercice 2026.<\/p>\n\n\n<div class=\"wp-block-image\">\n<figure class=\"aligncenter size-large\"><img loading=\"lazy\" decoding=\"async\" width=\"1024\" height=\"392\" src=\"https:\/\/macite.tg\/wp-content\/uploads\/2025\/11\/8d9cf208-3716-4e73-bc0c-3341ae213e6b-1024x392.jpg\" alt=\"\" class=\"wp-image-26198\" srcset=\"https:\/\/macite.tg\/wp-content\/uploads\/2025\/11\/8d9cf208-3716-4e73-bc0c-3341ae213e6b-1024x392.jpg 1024w, https:\/\/macite.tg\/wp-content\/uploads\/2025\/11\/8d9cf208-3716-4e73-bc0c-3341ae213e6b-300x115.jpg 300w, https:\/\/macite.tg\/wp-content\/uploads\/2025\/11\/8d9cf208-3716-4e73-bc0c-3341ae213e6b-768x294.jpg 768w, https:\/\/macite.tg\/wp-content\/uploads\/2025\/11\/8d9cf208-3716-4e73-bc0c-3341ae213e6b.jpg 1080w\" sizes=\"auto, (max-width: 1024px) 100vw, 1024px\" \/><\/figure>\n<\/div>\n\n\n<p class=\"wp-block-paragraph\"><em>\u00ab En effet, pour la premi\u00e8re fois dans l\u2019histoire constitutionnelle de notre pays, l\u2019Assembl\u00e9e nationale va \u00e9tudier le projet de loi de finances de concert avec la deuxi\u00e8me chambre du Parlement, le S\u00e9nat, ce qui nous plonge dans le jeu normal du bicam\u00e9ralisme \u00e9galitaire ent\u00e9rin\u00e9 par la Constitution du 06 mai 2024 \u00bb, <\/em>a-t-il expliqu\u00e9.<\/p>\n\n\n\n<p class=\"wp-block-paragraph\">S.E. Professeur Komi Selom Klassou a poursuivi en indiquant que cette nouvelle configuration conf\u00e8re \u00e0 l\u2019Assembl\u00e9e nationale, premi\u00e8re chambre saisie, une responsabilit\u00e9 particuli\u00e8re qui exige une attention rigoureuse et un examen approfondi du texte avant sa transmission au S\u00e9nat pour \u00e9tude dans les m\u00eames conditions, avant son adoption d\u00e9finitive par l&rsquo;Assembl\u00e9e nationale.<\/p>\n\n\n\n<p class=\"wp-block-paragraph\">Dans ce nouveau contexte, l\u2019objectif de la double \u00e9tude du projet de loi de finances est d\u2019assurer une analyse approfondie, \u00e9quilibr\u00e9e et repr\u00e9sentative des enjeux budg\u00e9taires et des priorit\u00e9s nationales. Cette proc\u00e9dure vise \u00e0 garantir que le budget propos\u00e9 pour l\u2019ann\u00e9e \u00e0 venir par le gouvernement, sous la haute impulsion de Son Excellence Monsieur Faure Essozimna Gnassingb\u00e9, Pr\u00e9sident du Conseil, refl\u00e8te les aspirations des citoyens et soutient efficacement les objectifs de d\u00e9veloppement \u00e9conomique, social et s\u00e9curitaire du pays.<\/p>\n\n\n\n<p class=\"wp-block-paragraph\"><strong>Un examen fond\u00e9 sur les textes cl\u00e9s de la R\u00e9publique<\/strong><\/p>\n\n\n\n<p class=\"wp-block-paragraph\">Le Pr\u00e9sident de l\u2019Assembl\u00e9e nationale a soulign\u00e9 que l\u2019\u00e9tude en commission du projet de loi de finances s\u2019est ouverte conform\u00e9ment aux dispositions pertinentes de trois textes fondamentaux.<\/p>\n\n\n<div class=\"wp-block-image\">\n<figure class=\"aligncenter size-full\"><img loading=\"lazy\" decoding=\"async\" width=\"500\" height=\"500\" src=\"https:\/\/macite.tg\/wp-content\/uploads\/2025\/11\/LAISSEZ6PASSER-EN-UN-CLIC-2.jpg\" alt=\"\" class=\"wp-image-26200\" srcset=\"https:\/\/macite.tg\/wp-content\/uploads\/2025\/11\/LAISSEZ6PASSER-EN-UN-CLIC-2.jpg 500w, https:\/\/macite.tg\/wp-content\/uploads\/2025\/11\/LAISSEZ6PASSER-EN-UN-CLIC-2-300x300.jpg 300w, https:\/\/macite.tg\/wp-content\/uploads\/2025\/11\/LAISSEZ6PASSER-EN-UN-CLIC-2-150x150.jpg 150w, https:\/\/macite.tg\/wp-content\/uploads\/2025\/11\/LAISSEZ6PASSER-EN-UN-CLIC-2-122x122.jpg 122w\" sizes=\"auto, (max-width: 500px) 100vw, 500px\" \/><\/figure>\n<\/div>\n\n\n<p class=\"wp-block-paragraph\"><em>\u00ab Il s\u2019agit d\u2019abord et avant tout de l\u2019article 30 de la Constitution du 06 mai 2024, ensuite de la loi organique n\u00b02014-013 du 27 juin 2014 relative aux lois de finances, et enfin du chapitre 3 du Titre III de la R\u00e9solution n\u00b02024-001 portant R\u00e8glement int\u00e9rieur de l\u2019Assembl\u00e9e nationale, adopt\u00e9 ici m\u00eame le 14 juin 2024 \u00bb,<\/em> a-t-il rappel\u00e9.<\/p>\n\n\n\n<p class=\"wp-block-paragraph\">Sur cette base, l\u2019examen du projet de loi de finances, gestion 2026, n\u2019est pas qu\u2019un simple exercice budg\u00e9taire dont l\u2019objectif serait de voter des chiffres. D\u2019apr\u00e8s le Pr\u00e9sident de l\u2019Assembl\u00e9e nationale, il est l\u2019expression concr\u00e8te de la vision d\u2019un Togo r\u00e9silient, solidaire et tourn\u00e9 vers l\u2019avenir.<\/p>\n\n\n\n<p class=\"wp-block-paragraph\"><strong>Croissance, inflation, rigueur : les indicateurs du budget 2026<\/strong><\/p>\n\n\n\n<p class=\"wp-block-paragraph\">Malgr\u00e9 une conjoncture \u00e9conomique mondiale incertaine, caract\u00e9ris\u00e9e par le durcissement des conditions financi\u00e8res internationales, la hausse des dettes publiques et la volatilit\u00e9 des investissements, le Togo se distingue par sa capacit\u00e9 \u00e0 faire face aux chocs de ces derni\u00e8res ann\u00e9es.<\/p>\n\n\n\n<p class=\"wp-block-paragraph\"><em>\u00ab D\u2019abord, nous notons une croissance du PIB r\u00e9el qui passerait de 6,2 % en 2025 \u00e0 6,5 % en 2026, confirmant la vitalit\u00e9 de notre \u00e9conomie. Ensuite, le taux d\u2019inflation est non seulement ma\u00eetris\u00e9, mais plus encore maintenu en dessous de la norme communautaire de l\u2019UEMOA, qui est de 3 % en 2025 et 2026, alors que dans la zone CEDEAO, ce taux d\u2019inflation oscille entre 18 % et 22 % sur la p\u00e9riode 2023-2026 \u00bb,<\/em> a indiqu\u00e9 le Pr\u00e9sident de l\u2019institution parlementaire.<\/p>\n\n\n\n<p class=\"wp-block-paragraph\"><em>\u00ab Enfin, le solde budg\u00e9taire, y compris les dons, qui atteint l\u2019objectif de 3 % en 2025, se maintiendrait au m\u00eame niveau, ce qui d\u00e9montre la discipline et la rigueur dans la gestion des finances publiques \u00bb,<\/em> a-t-il ajout\u00e9.<\/p>\n\n\n\n<p class=\"wp-block-paragraph\">Pour le Pr\u00e9sident de l\u2019Assembl\u00e9e nationale, ces r\u00e9sultats traduisent les effets positifs des r\u00e9formes structurelles men\u00e9es sous la haute direction de Son Excellence Monsieur Faure Essozimna Gnassingb\u00e9, Pr\u00e9sident du Conseil. Des r\u00e9formes qui, selon lui, m\u00e9ritent d\u2019\u00eatre soutenues avec d\u00e9termination et salu\u00e9es pour leur impact.<\/p>\n\n\n\n<figure class=\"wp-block-image size-full\"><img loading=\"lazy\" decoding=\"async\" width=\"851\" height=\"315\" src=\"https:\/\/macite.tg\/wp-content\/uploads\/2025\/11\/OTR_Bandeau-Renseignements.jpg\" alt=\"\" class=\"wp-image-26338\" srcset=\"https:\/\/macite.tg\/wp-content\/uploads\/2025\/11\/OTR_Bandeau-Renseignements.jpg 851w, https:\/\/macite.tg\/wp-content\/uploads\/2025\/11\/OTR_Bandeau-Renseignements-300x111.jpg 300w, https:\/\/macite.tg\/wp-content\/uploads\/2025\/11\/OTR_Bandeau-Renseignements-768x284.jpg 768w\" sizes=\"auto, (max-width: 851px) 100vw, 851px\" \/><\/figure>\n\n\n\n<p class=\"wp-block-paragraph\">Le budget, exercice 2026, est \u00e9quilibr\u00e9 en ressources et en d\u00e9penses \u00e0 2 740,5 milliards de francs CFA, soit une hausse de 14,4 % par rapport au budget 2025.<\/p>\n\n\n\n<p class=\"wp-block-paragraph\">Essow\u00e8 Georges Barcola, ministre des Finances et du Budget, a, pour sa part, rappel\u00e9 que le projet de loi transmis par le gouvernement \u00e0 l\u2019Assembl\u00e9e nationale se caract\u00e9rise par trois \u00e9l\u00e9ments essentiels.<\/p>\n\n\n\n<p class=\"wp-block-paragraph\"><em>\u00ab Le premier \u00e9l\u00e9ment r\u00e9side dans la prise en compte de la n\u00e9cessit\u00e9 de mobiliser davantage les ressources internes. Le deuxi\u00e8me concerne la rationalisation des d\u00e9penses de fonctionnement, que le gouvernement estime devoir ajuster dans une proportion de vingt \u00e0 trente pour cent. Le troisi\u00e8me \u00e9l\u00e9ment porte sur un budget de transition consacr\u00e9 \u00e0 l\u2019ach\u00e8vement des projets engag\u00e9s par la feuille de route gouvernementale \u00bb,<\/em> a-t-il affirm\u00e9.<\/p>\n\n\n\n<p class=\"wp-block-paragraph\">Au-del\u00e0 des indicateurs macro\u00e9conomiques, le projet de loi de finances 2026 met en avant les secteurs essentiels de la politique publique tels que l\u2019\u00e9ducation, la sant\u00e9, l\u2019agriculture, l\u2019emploi des jeunes, les infrastructures et la s\u00e9curit\u00e9. Plus de 48 % des d\u00e9penses de l\u2019\u00c9tat sont consacr\u00e9es aux secteurs sociaux, illustrant la volont\u00e9 de r\u00e9pondre aux besoins pressants des populations tout en consolidant la r\u00e9silience de l\u2019\u00e9conomie nationale.<\/p>\n\n\n\n<p class=\"wp-block-paragraph\">Ce projet de loi refl\u00e8te de fa\u00e7on constante la vision du Pr\u00e9sident du Conseil, qui est de construire un Togo o\u00f9 les d\u00e9cisions budg\u00e9taires reposent sur des principes d\u00e9mocratiques solides, avec pour finalit\u00e9, l\u2019am\u00e9lioration des conditions de vie et le d\u00e9veloppement durable du pays.<\/p>\n\n\n<div class=\"wp-block-image\">\n<figure class=\"aligncenter size-large is-resized\"><img loading=\"lazy\" decoding=\"async\" width=\"732\" height=\"1024\" src=\"https:\/\/macite.tg\/wp-content\/uploads\/2025\/11\/image-60-732x1024.png\" alt=\"\" class=\"wp-image-26266\" style=\"width:616px;height:auto\" srcset=\"https:\/\/macite.tg\/wp-content\/uploads\/2025\/11\/image-60-732x1024.png 732w, https:\/\/macite.tg\/wp-content\/uploads\/2025\/11\/image-60-214x300.png 214w, https:\/\/macite.tg\/wp-content\/uploads\/2025\/11\/image-60-768x1075.png 768w, https:\/\/macite.tg\/wp-content\/uploads\/2025\/11\/image-60-1097x1536.png 1097w, https:\/\/macite.tg\/wp-content\/uploads\/2025\/11\/image-60.png 1161w\" sizes=\"auto, (max-width: 732px) 100vw, 732px\" \/><\/figure>\n<\/div>\n\n\n<p class=\"wp-block-paragraph\">Dans ce contexte institutionnel marqu\u00e9 par le bicam\u00e9risme, le Pr\u00e9sident de l\u2019Assembl\u00e9e nationale a rappel\u00e9 que le gouvernement et le Parlement ont la responsabilit\u00e9 commune d\u2019assurer l\u2019\u00e9quilibre du processus budg\u00e9taire.<\/p>\n\n\n\n<p class=\"wp-block-paragraph\">Il a pour finir, invit\u00e9 les d\u00e9put\u00e9s \u00e0 aborder les travaux avec disponibilit\u00e9, assiduit\u00e9 et sens du devoir, en privil\u00e9giant l\u2019int\u00e9r\u00eat g\u00e9n\u00e9ral au-del\u00e0 des clivages. Il a \u00e9galement exprim\u00e9 le souhait que les d\u00e9bats se d\u00e9roulent dans un esprit d\u2019\u00e9coute attentive, de rigueur, de pragmatisme et de responsabilit\u00e9.<\/p>\n\n\n\n<p class=\"wp-block-paragraph\"><strong>AN<\/strong><\/p>\n\n\n\n<p class=\"wp-block-paragraph\"><a><strong><em>@macite.tg&nbsp;&nbsp;&nbsp;&nbsp;&nbsp;&nbsp;&nbsp;&nbsp;<\/em><\/strong><\/a><\/p>\n\n\n\n<p class=\"wp-block-paragraph\"><strong><em>E-mail&nbsp;: <\/em><\/strong><a href=\"mailto:maciteinfo@gmail.com\"><strong><em>maciteinfo@gmail.com<\/em><\/strong><\/a><strong><em>; <\/em><\/strong><a href=\"mailto:bawela1@gmail.com\"><strong><em>bawela1@gmail.com<\/em><\/strong><\/a><strong><em><\/em><\/strong><\/p>\n\n\n\n<p class=\"wp-block-paragraph\"><strong><em>Pour vos annonces, (publi)reportages, etc., joignez-nous au (00228)91515309\/<strong>79872224 <\/strong><strong><\/strong><\/em><\/strong><\/p>\n\n\n\n<p class=\"wp-block-paragraph\"><strong><em>www.macite.tg, L\u2019information, la bonne&nbsp;!<\/em><\/strong><\/p>\n\n\n\n<p class=\"wp-block-paragraph\"><\/p>\n","protected":false},"excerpt":{"rendered":"<p class=\"text-justify mb-2\" >L\u2019\u00e9tude du budget est un processus essentiel qui conditionne la gouvernance financi\u00e8re d\u2019un pays, oriente les politiques publiques et permet de r\u00e9pondre efficacement aux besoins prioritaires des populations. Cette \u00e9tude rel\u00e8ve de l\u2019apanage des parlementaires qui veillent \u00e0 une allocation optimale des ressources et \u00e0 [&hellip;]<\/p>\n","protected":false},"author":2,"featured_media":26388,"comment_status":"open","ping_status":"open","sticky":false,"template":"","format":"standard","meta":{"footnotes":""},"categories":[20,3],"tags":[],"class_list":["post-26386","post","type-post","status-publish","format-standard","has-post-thumbnail","hentry","category-actualite","category-economie"],"yoast_head":"<!-- This site is optimized with the Yoast SEO plugin v28.4 - https:\/\/yoast.com\/product\/yoast-seo-wordpress\/ -->\n<title>PROJET DE LOI DE FINANCES, EXERCICE 2026\u00a0: Ouverture des travaux en commission d&#039;\u00e9tude -<\/title>\n<meta name=\"robots\" content=\"index, follow, max-snippet:-1, max-image-preview:large, max-video-preview:-1\" \/>\n<link rel=\"canonical\" href=\"https:\/\/macite.tg\/?p=26386\" \/>\n<meta property=\"og:locale\" content=\"fr_FR\" \/>\n<meta property=\"og:type\" content=\"article\" \/>\n<meta property=\"og:title\" content=\"PROJET DE LOI DE FINANCES, EXERCICE 2026\u00a0: Ouverture des travaux en commission d&#039;\u00e9tude -\" \/>\n<meta property=\"og:description\" content=\"L\u2019\u00e9tude du budget est un processus essentiel qui conditionne la gouvernance financi\u00e8re d\u2019un pays, oriente les politiques publiques et permet de r\u00e9pondre efficacement aux besoins prioritaires des populations. Cette \u00e9tude rel\u00e8ve de l\u2019apanage des parlementaires qui veillent \u00e0 une allocation optimale des ressources et \u00e0 [&hellip;]\" \/>\n<meta property=\"og:url\" content=\"https:\/\/macite.tg\/?p=26386\" \/>\n<meta property=\"article:published_time\" content=\"2025-11-25T09:51:58+00:00\" \/>\n<meta property=\"article:modified_time\" content=\"2025-11-25T09:53:02+00:00\" \/>\n<meta property=\"og:image\" content=\"https:\/\/macite.tg\/wp-content\/uploads\/2025\/11\/AN-COMMISSION-ETUDE-BUDGET.jpg\" \/>\n\t<meta property=\"og:image:width\" content=\"500\" \/>\n\t<meta property=\"og:image:height\" content=\"333\" \/>\n\t<meta property=\"og:image:type\" content=\"image\/jpeg\" \/>\n<meta name=\"author\" content=\"Jean Pierre BAWELA\" \/>\n<meta name=\"twitter:card\" content=\"summary_large_image\" \/>\n<meta name=\"twitter:label1\" content=\"\u00c9crit par\" \/>\n\t<meta name=\"twitter:data1\" content=\"Jean Pierre BAWELA\" \/>\n\t<meta name=\"twitter:label2\" content=\"Dur\u00e9e de lecture estim\u00e9e\" \/>\n\t<meta name=\"twitter:data2\" content=\"7 minutes\" \/>\n<script type=\"application\/ld+json\" class=\"yoast-schema-graph\">{\"@context\":\"https:\\\/\\\/schema.org\",\"@graph\":[{\"@type\":\"Article\",\"@id\":\"https:\\\/\\\/macite.tg\\\/?p=26386#article\",\"isPartOf\":{\"@id\":\"https:\\\/\\\/macite.tg\\\/?p=26386\"},\"author\":{\"name\":\"Jean Pierre BAWELA\",\"@id\":\"https:\\\/\\\/macite.tg\\\/#\\\/schema\\\/person\\\/e9f2de7e5dbbe7770a9402c7ce82f5c2\"},\"headline\":\"PROJET DE LOI DE FINANCES, EXERCICE 2026\u00a0: Ouverture des travaux en commission d&rsquo;\u00e9tude\",\"datePublished\":\"2025-11-25T09:51:58+00:00\",\"dateModified\":\"2025-11-25T09:53:02+00:00\",\"mainEntityOfPage\":{\"@id\":\"https:\\\/\\\/macite.tg\\\/?p=26386\"},\"wordCount\":1194,\"commentCount\":0,\"image\":{\"@id\":\"https:\\\/\\\/macite.tg\\\/?p=26386#primaryimage\"},\"thumbnailUrl\":\"https:\\\/\\\/macite.tg\\\/wp-content\\\/uploads\\\/2025\\\/11\\\/AN-COMMISSION-ETUDE-BUDGET.jpg\",\"articleSection\":[\"ACTUALITE\",\"ECONOMIE\"],\"inLanguage\":\"fr-FR\",\"potentialAction\":[{\"@type\":\"CommentAction\",\"name\":\"Comment\",\"target\":[\"https:\\\/\\\/macite.tg\\\/?p=26386#respond\"]}]},{\"@type\":\"WebPage\",\"@id\":\"https:\\\/\\\/macite.tg\\\/?p=26386\",\"url\":\"https:\\\/\\\/macite.tg\\\/?p=26386\",\"name\":\"PROJET DE LOI DE FINANCES, EXERCICE 2026\u00a0: Ouverture des travaux en commission d'\u00e9tude -\",\"isPartOf\":{\"@id\":\"https:\\\/\\\/macite.tg\\\/#website\"},\"primaryImageOfPage\":{\"@id\":\"https:\\\/\\\/macite.tg\\\/?p=26386#primaryimage\"},\"image\":{\"@id\":\"https:\\\/\\\/macite.tg\\\/?p=26386#primaryimage\"},\"thumbnailUrl\":\"https:\\\/\\\/macite.tg\\\/wp-content\\\/uploads\\\/2025\\\/11\\\/AN-COMMISSION-ETUDE-BUDGET.jpg\",\"datePublished\":\"2025-11-25T09:51:58+00:00\",\"dateModified\":\"2025-11-25T09:53:02+00:00\",\"author\":{\"@id\":\"https:\\\/\\\/macite.tg\\\/#\\\/schema\\\/person\\\/e9f2de7e5dbbe7770a9402c7ce82f5c2\"},\"breadcrumb\":{\"@id\":\"https:\\\/\\\/macite.tg\\\/?p=26386#breadcrumb\"},\"inLanguage\":\"fr-FR\",\"potentialAction\":[{\"@type\":\"ReadAction\",\"target\":[\"https:\\\/\\\/macite.tg\\\/?p=26386\"]}]},{\"@type\":\"ImageObject\",\"inLanguage\":\"fr-FR\",\"@id\":\"https:\\\/\\\/macite.tg\\\/?p=26386#primaryimage\",\"url\":\"https:\\\/\\\/macite.tg\\\/wp-content\\\/uploads\\\/2025\\\/11\\\/AN-COMMISSION-ETUDE-BUDGET.jpg\",\"contentUrl\":\"https:\\\/\\\/macite.tg\\\/wp-content\\\/uploads\\\/2025\\\/11\\\/AN-COMMISSION-ETUDE-BUDGET.jpg\",\"width\":500,\"height\":333},{\"@type\":\"BreadcrumbList\",\"@id\":\"https:\\\/\\\/macite.tg\\\/?p=26386#breadcrumb\",\"itemListElement\":[{\"@type\":\"ListItem\",\"position\":1,\"name\":\"Accueil\",\"item\":\"https:\\\/\\\/macite.tg\\\/\"},{\"@type\":\"ListItem\",\"position\":2,\"name\":\"PROJET DE LOI DE FINANCES, EXERCICE 2026\u00a0: Ouverture des travaux en commission d&rsquo;\u00e9tude\"}]},{\"@type\":\"WebSite\",\"@id\":\"https:\\\/\\\/macite.tg\\\/#website\",\"url\":\"https:\\\/\\\/macite.tg\\\/\",\"name\":\"\",\"description\":\"L&#039;information, la bonne!!!\",\"potentialAction\":[{\"@type\":\"SearchAction\",\"target\":{\"@type\":\"EntryPoint\",\"urlTemplate\":\"https:\\\/\\\/macite.tg\\\/?s={search_term_string}\"},\"query-input\":{\"@type\":\"PropertyValueSpecification\",\"valueRequired\":true,\"valueName\":\"search_term_string\"}}],\"inLanguage\":\"fr-FR\"},{\"@type\":\"Person\",\"@id\":\"https:\\\/\\\/macite.tg\\\/#\\\/schema\\\/person\\\/e9f2de7e5dbbe7770a9402c7ce82f5c2\",\"name\":\"Jean Pierre BAWELA\",\"image\":{\"@type\":\"ImageObject\",\"inLanguage\":\"fr-FR\",\"@id\":\"https:\\\/\\\/macite.tg\\\/wp-content\\\/uploads\\\/2023\\\/09\\\/WhatsApp-Image-2023-09-19-at-14.44.41-122x122.jpeg\",\"url\":\"https:\\\/\\\/macite.tg\\\/wp-content\\\/uploads\\\/2023\\\/09\\\/WhatsApp-Image-2023-09-19-at-14.44.41-122x122.jpeg\",\"contentUrl\":\"https:\\\/\\\/macite.tg\\\/wp-content\\\/uploads\\\/2023\\\/09\\\/WhatsApp-Image-2023-09-19-at-14.44.41-122x122.jpeg\",\"caption\":\"Jean Pierre BAWELA\"},\"url\":\"https:\\\/\\\/macite.tg\\\/?author=2\"}]}<\/script>\n<!-- \/ Yoast SEO plugin. -->","yoast_head_json":{"title":"PROJET DE LOI DE FINANCES, EXERCICE 2026\u00a0: Ouverture des travaux en commission d'\u00e9tude -","robots":{"index":"index","follow":"follow","max-snippet":"max-snippet:-1","max-image-preview":"max-image-preview:large","max-video-preview":"max-video-preview:-1"},"canonical":"https:\/\/macite.tg\/?p=26386","og_locale":"fr_FR","og_type":"article","og_title":"PROJET DE LOI DE FINANCES, EXERCICE 2026\u00a0: Ouverture des travaux en commission d'\u00e9tude -","og_description":"L\u2019\u00e9tude du budget est un processus essentiel qui conditionne la gouvernance financi\u00e8re d\u2019un pays, oriente les politiques publiques et permet de r\u00e9pondre efficacement aux besoins prioritaires des populations. Cette \u00e9tude rel\u00e8ve de l\u2019apanage des parlementaires qui veillent \u00e0 une allocation optimale des ressources et \u00e0 [&hellip;]","og_url":"https:\/\/macite.tg\/?p=26386","article_published_time":"2025-11-25T09:51:58+00:00","article_modified_time":"2025-11-25T09:53:02+00:00","og_image":[{"width":500,"height":333,"url":"https:\/\/macite.tg\/wp-content\/uploads\/2025\/11\/AN-COMMISSION-ETUDE-BUDGET.jpg","type":"image\/jpeg"}],"author":"Jean Pierre BAWELA","twitter_card":"summary_large_image","twitter_misc":{"\u00c9crit par":"Jean Pierre BAWELA","Dur\u00e9e de lecture estim\u00e9e":"7 minutes"},"schema":{"@context":"https:\/\/schema.org","@graph":[{"@type":"Article","@id":"https:\/\/macite.tg\/?p=26386#article","isPartOf":{"@id":"https:\/\/macite.tg\/?p=26386"},"author":{"name":"Jean Pierre BAWELA","@id":"https:\/\/macite.tg\/#\/schema\/person\/e9f2de7e5dbbe7770a9402c7ce82f5c2"},"headline":"PROJET DE LOI DE FINANCES, EXERCICE 2026\u00a0: Ouverture des travaux en commission d&rsquo;\u00e9tude","datePublished":"2025-11-25T09:51:58+00:00","dateModified":"2025-11-25T09:53:02+00:00","mainEntityOfPage":{"@id":"https:\/\/macite.tg\/?p=26386"},"wordCount":1194,"commentCount":0,"image":{"@id":"https:\/\/macite.tg\/?p=26386#primaryimage"},"thumbnailUrl":"https:\/\/macite.tg\/wp-content\/uploads\/2025\/11\/AN-COMMISSION-ETUDE-BUDGET.jpg","articleSection":["ACTUALITE","ECONOMIE"],"inLanguage":"fr-FR","potentialAction":[{"@type":"CommentAction","name":"Comment","target":["https:\/\/macite.tg\/?p=26386#respond"]}]},{"@type":"WebPage","@id":"https:\/\/macite.tg\/?p=26386","url":"https:\/\/macite.tg\/?p=26386","name":"PROJET DE LOI DE FINANCES, EXERCICE 2026\u00a0: Ouverture des travaux en commission d'\u00e9tude -","isPartOf":{"@id":"https:\/\/macite.tg\/#website"},"primaryImageOfPage":{"@id":"https:\/\/macite.tg\/?p=26386#primaryimage"},"image":{"@id":"https:\/\/macite.tg\/?p=26386#primaryimage"},"thumbnailUrl":"https:\/\/macite.tg\/wp-content\/uploads\/2025\/11\/AN-COMMISSION-ETUDE-BUDGET.jpg","datePublished":"2025-11-25T09:51:58+00:00","dateModified":"2025-11-25T09:53:02+00:00","author":{"@id":"https:\/\/macite.tg\/#\/schema\/person\/e9f2de7e5dbbe7770a9402c7ce82f5c2"},"breadcrumb":{"@id":"https:\/\/macite.tg\/?p=26386#breadcrumb"},"inLanguage":"fr-FR","potentialAction":[{"@type":"ReadAction","target":["https:\/\/macite.tg\/?p=26386"]}]},{"@type":"ImageObject","inLanguage":"fr-FR","@id":"https:\/\/macite.tg\/?p=26386#primaryimage","url":"https:\/\/macite.tg\/wp-content\/uploads\/2025\/11\/AN-COMMISSION-ETUDE-BUDGET.jpg","contentUrl":"https:\/\/macite.tg\/wp-content\/uploads\/2025\/11\/AN-COMMISSION-ETUDE-BUDGET.jpg","width":500,"height":333},{"@type":"BreadcrumbList","@id":"https:\/\/macite.tg\/?p=26386#breadcrumb","itemListElement":[{"@type":"ListItem","position":1,"name":"Accueil","item":"https:\/\/macite.tg\/"},{"@type":"ListItem","position":2,"name":"PROJET DE LOI DE FINANCES, EXERCICE 2026\u00a0: Ouverture des travaux en commission d&rsquo;\u00e9tude"}]},{"@type":"WebSite","@id":"https:\/\/macite.tg\/#website","url":"https:\/\/macite.tg\/","name":"","description":"L&#039;information, la bonne!!!","potentialAction":[{"@type":"SearchAction","target":{"@type":"EntryPoint","urlTemplate":"https:\/\/macite.tg\/?s={search_term_string}"},"query-input":{"@type":"PropertyValueSpecification","valueRequired":true,"valueName":"search_term_string"}}],"inLanguage":"fr-FR"},{"@type":"Person","@id":"https:\/\/macite.tg\/#\/schema\/person\/e9f2de7e5dbbe7770a9402c7ce82f5c2","name":"Jean Pierre BAWELA","image":{"@type":"ImageObject","inLanguage":"fr-FR","@id":"https:\/\/macite.tg\/wp-content\/uploads\/2023\/09\/WhatsApp-Image-2023-09-19-at-14.44.41-122x122.jpeg","url":"https:\/\/macite.tg\/wp-content\/uploads\/2023\/09\/WhatsApp-Image-2023-09-19-at-14.44.41-122x122.jpeg","contentUrl":"https:\/\/macite.tg\/wp-content\/uploads\/2023\/09\/WhatsApp-Image-2023-09-19-at-14.44.41-122x122.jpeg","caption":"Jean Pierre BAWELA"},"url":"https:\/\/macite.tg\/?author=2"}]}},"_links":{"self":[{"href":"https:\/\/macite.tg\/index.php?rest_route=\/wp\/v2\/posts\/26386","targetHints":{"allow":["GET"]}}],"collection":[{"href":"https:\/\/macite.tg\/index.php?rest_route=\/wp\/v2\/posts"}],"about":[{"href":"https:\/\/macite.tg\/index.php?rest_route=\/wp\/v2\/types\/post"}],"author":[{"embeddable":true,"href":"https:\/\/macite.tg\/index.php?rest_route=\/wp\/v2\/users\/2"}],"replies":[{"embeddable":true,"href":"https:\/\/macite.tg\/index.php?rest_route=%2Fwp%2Fv2%2Fcomments&post=26386"}],"version-history":[{"count":0,"href":"https:\/\/macite.tg\/index.php?rest_route=\/wp\/v2\/posts\/26386\/revisions"}],"wp:featuredmedia":[{"embeddable":true,"href":"https:\/\/macite.tg\/index.php?rest_route=\/wp\/v2\/media\/26388"}],"wp:attachment":[{"href":"https:\/\/macite.tg\/index.php?rest_route=%2Fwp%2Fv2%2Fmedia&parent=26386"}],"wp:term":[{"taxonomy":"category","embeddable":true,"href":"https:\/\/macite.tg\/index.php?rest_route=%2Fwp%2Fv2%2Fcategories&post=26386"},{"taxonomy":"post_tag","embeddable":true,"href":"https:\/\/macite.tg\/index.php?rest_route=%2Fwp%2Fv2%2Ftags&post=26386"}],"curies":[{"name":"wp","href":"https:\/\/api.w.org\/{rel}","templated":true}]}}