{"id":26365,"date":"2025-11-24T12:03:42","date_gmt":"2025-11-24T12:03:42","guid":{"rendered":"https:\/\/macite.tg\/?p=26365"},"modified":"2025-11-24T12:03:51","modified_gmt":"2025-11-24T12:03:51","slug":"titre-honorifique-le-president-du-conseil-fait-docteur-honoris-causa","status":"publish","type":"post","link":"https:\/\/macite.tg\/?p=26365","title":{"rendered":"TITRE HONORIFIQUE : Le Pr\u00e9sident du Conseil fait Docteur Honoris Causa\u2026"},"content":{"rendered":"\n<p class=\"wp-block-paragraph\"><strong><em>Pr\u00e9sente \u00e0 Lom\u00e9 dans le cadre de la 54\u1d49<\/em><\/strong><strong><em> session minist\u00e9rielle de son Conseil d\u2019administration, une d\u00e9l\u00e9gation du conseil d\u2019administration de l&rsquo;\u00c9cole Inter-\u00c9tats des Sciences et M\u00e9decine V\u00e9t\u00e9rinaire de Dakar (EISMV), a \u00e9t\u00e9 re\u00e7ue, le vendredi 21 novembre dernier, par le Pr\u00e9sident de la Repr\u00e9sentation nationale, Professeur Komi Selom Klassou. Au cours de cette audience, la d\u00e9l\u00e9gation a d\u00e9cern\u00e9 le titre de Docteur Honoris Causa au Pr\u00e9sident du Conseil, Faure Essozimna Gnassingb\u00e9. Cette distinction a \u00e9t\u00e9 remise au Pr\u00e9sident de l\u2019Assembl\u00e9e nationale.<\/em><\/strong><\/p>\n\n\n\n<p class=\"wp-block-paragraph\">La remise du titre de docteur honoris causa est une distinction universitaire honorifique accord\u00e9e \u00e0 Son Excellence Monsieur Faure Essozimna Gnassingb\u00e9, Pr\u00e9sident du Conseil pour sa contribution au d\u00e9veloppement du syst\u00e8me \u00e9ducatif, la promotion de la science ouverte et le renforcement de l\u2019agriculture durable en Afrique et pour son soutien constant \u00e0 l\u2019EISMV. C\u2019est la premi\u00e8re fois dans l\u2019histoire de cette \u00e9cole cr\u00e9\u00e9e il y a 57 ans, que cette distinction est d\u00e9cern\u00e9e \u00e0 un Chef d\u2019Etat, de Gouvernement ou Pr\u00e9sident du Conseil.<\/p>\n\n\n\n<figure class=\"wp-block-image size-large\"><img loading=\"lazy\" decoding=\"async\" width=\"1024\" height=\"392\" src=\"https:\/\/macite.tg\/wp-content\/uploads\/2025\/11\/8d9cf208-3716-4e73-bc0c-3341ae213e6b-1024x392.jpg\" alt=\"\" class=\"wp-image-26198\" srcset=\"https:\/\/macite.tg\/wp-content\/uploads\/2025\/11\/8d9cf208-3716-4e73-bc0c-3341ae213e6b-1024x392.jpg 1024w, https:\/\/macite.tg\/wp-content\/uploads\/2025\/11\/8d9cf208-3716-4e73-bc0c-3341ae213e6b-300x115.jpg 300w, https:\/\/macite.tg\/wp-content\/uploads\/2025\/11\/8d9cf208-3716-4e73-bc0c-3341ae213e6b-768x294.jpg 768w, https:\/\/macite.tg\/wp-content\/uploads\/2025\/11\/8d9cf208-3716-4e73-bc0c-3341ae213e6b.jpg 1080w\" sizes=\"auto, (max-width: 1024px) 100vw, 1024px\" \/><\/figure>\n\n\n\n<p class=\"wp-block-paragraph\">En r\u00e9ceptionnant la distinction au nom du Pr\u00e9sident du Conseil, le Pr\u00e9sident de l\u2019Assembl\u00e9e nationale a exprim\u00e9 la reconnaissance des plus hautes autorit\u00e9s.<\/p>\n\n\n\n<p class=\"wp-block-paragraph\"><em>\u00ab Au nom du Pr\u00e9sident du Conseil, Son Excellence Monsieur Faure Essozimna Gnassingb\u00e9, je voudrais r\u00e9it\u00e9rer notre profonde gratitude pour l\u2019honneur que vous lui avez fait en lui d\u00e9cernant le titre de Docteur Honoris Causa. C\u2019est le Togo qui est honor\u00e9. Cette reconnaissance salue une vision et un engagement constant en faveur de l\u2019excellence scientifique, de l\u2019int\u00e9gration r\u00e9gionale et du d\u00e9veloppement durable en Afrique&nbsp;\u00bb,<\/em> a-t-il soutenu.<\/p>\n\n\n\n<p class=\"wp-block-paragraph\">Notons que la d\u00e9l\u00e9gation repr\u00e9sente 13 pays sur les 14 que compte l&rsquo;EISMV.<\/p>\n\n\n<div class=\"wp-block-image\">\n<figure class=\"aligncenter size-large\"><img loading=\"lazy\" decoding=\"async\" width=\"732\" height=\"1024\" src=\"https:\/\/macite.tg\/wp-content\/uploads\/2025\/11\/image-60-732x1024.png\" alt=\"\" class=\"wp-image-26266\" srcset=\"https:\/\/macite.tg\/wp-content\/uploads\/2025\/11\/image-60-732x1024.png 732w, https:\/\/macite.tg\/wp-content\/uploads\/2025\/11\/image-60-214x300.png 214w, https:\/\/macite.tg\/wp-content\/uploads\/2025\/11\/image-60-768x1075.png 768w, https:\/\/macite.tg\/wp-content\/uploads\/2025\/11\/image-60-1097x1536.png 1097w, https:\/\/macite.tg\/wp-content\/uploads\/2025\/11\/image-60.png 1161w\" sizes=\"auto, (max-width: 732px) 100vw, 732px\" \/><\/figure>\n<\/div>\n\n\n<p class=\"wp-block-paragraph\">Le Ministre de l\u2019Enseignement sup\u00e9rieur, de la recherche et de l&rsquo;innovation du S\u00e9n\u00e9gal, et Vice-Pr\u00e9sident du Conseil d&rsquo;Administration de l\u2019EISMV, a r\u00e9it\u00e9r\u00e9 les remerciements de l\u2019ensemble des d\u00e9l\u00e9gations au peuple togolais pour l\u2019hospitalit\u00e9 et a salu\u00e9 la parfaite organisation de cette 54\u1d49 session. Il a rappel\u00e9 que l&rsquo;EISMV, forte de ses 57 ann\u00e9es d\u2019existence, demeure un pilier dans la formation des \u00e9lites scientifiques du continent.<\/p>\n\n\n\n<p class=\"wp-block-paragraph\"><strong>(JPB avec AN)<\/strong><\/p>\n\n\n\n<p class=\"wp-block-paragraph\"><a><strong><em>@macite.tg&nbsp;&nbsp;&nbsp;&nbsp;&nbsp;&nbsp;&nbsp;&nbsp;<\/em><\/strong><\/a><\/p>\n\n\n\n<p class=\"wp-block-paragraph\"><strong><em>E-mail&nbsp;: <\/em><\/strong><a href=\"mailto:maciteinfo@gmail.com\"><strong><em>maciteinfo@gmail.com<\/em><\/strong><\/a><strong><em>; <\/em><\/strong><a href=\"mailto:bawela1@gmail.com\"><strong><em>bawela1@gmail.com<\/em><\/strong><\/a><strong><em><\/em><\/strong><\/p>\n\n\n\n<p class=\"wp-block-paragraph\"><strong><em>Pour vos annonces, (publi)reportages, etc., joignez-nous au (00228)91515309\/<strong>79872224 <\/strong><strong><\/strong><\/em><\/strong><\/p>\n\n\n\n<p class=\"wp-block-paragraph\"><strong><em>www.macite.tg, L\u2019information, la bonne&nbsp;!<\/em><\/strong><\/p>\n\n\n\n<p class=\"wp-block-paragraph\"><\/p>\n\n\n\n<p class=\"wp-block-paragraph\"><\/p>\n","protected":false},"excerpt":{"rendered":"<p class=\"text-justify mb-2\" >Pr\u00e9sente \u00e0 Lom\u00e9 dans le cadre de la 54\u1d49 session minist\u00e9rielle de son Conseil d\u2019administration, une d\u00e9l\u00e9gation du conseil d\u2019administration de l&rsquo;\u00c9cole Inter-\u00c9tats des Sciences et M\u00e9decine V\u00e9t\u00e9rinaire de Dakar (EISMV), a \u00e9t\u00e9 re\u00e7ue, le vendredi 21 novembre dernier, par le Pr\u00e9sident de la Repr\u00e9sentation [&hellip;]<\/p>\n","protected":false},"author":2,"featured_media":26372,"comment_status":"open","ping_status":"open","sticky":false,"template":"","format":"standard","meta":{"footnotes":""},"categories":[20],"tags":[],"class_list":["post-26365","post","type-post","status-publish","format-standard","has-post-thumbnail","hentry","category-actualite"],"yoast_head":"<!-- This site is optimized with the Yoast SEO plugin v28.4 - https:\/\/yoast.com\/product\/yoast-seo-wordpress\/ -->\n<title>TITRE HONORIFIQUE : Le Pr\u00e9sident du Conseil fait Docteur Honoris Causa\u2026 -<\/title>\n<meta name=\"robots\" content=\"index, follow, max-snippet:-1, max-image-preview:large, max-video-preview:-1\" \/>\n<link rel=\"canonical\" href=\"https:\/\/macite.tg\/?p=26365\" \/>\n<meta property=\"og:locale\" content=\"fr_FR\" \/>\n<meta property=\"og:type\" content=\"article\" \/>\n<meta property=\"og:title\" content=\"TITRE HONORIFIQUE : Le Pr\u00e9sident du Conseil fait Docteur Honoris Causa\u2026 -\" \/>\n<meta property=\"og:description\" content=\"Pr\u00e9sente \u00e0 Lom\u00e9 dans le cadre de la 54\u1d49 session minist\u00e9rielle de son Conseil d\u2019administration, une d\u00e9l\u00e9gation du conseil d\u2019administration de l&rsquo;\u00c9cole Inter-\u00c9tats des Sciences et M\u00e9decine V\u00e9t\u00e9rinaire de Dakar (EISMV), a \u00e9t\u00e9 re\u00e7ue, le vendredi 21 novembre dernier, par le Pr\u00e9sident de la Repr\u00e9sentation [&hellip;]\" \/>\n<meta property=\"og:url\" content=\"https:\/\/macite.tg\/?p=26365\" \/>\n<meta property=\"article:published_time\" content=\"2025-11-24T12:03:42+00:00\" \/>\n<meta property=\"article:modified_time\" content=\"2025-11-24T12:03:51+00:00\" \/>\n<meta property=\"og:image\" content=\"https:\/\/macite.tg\/wp-content\/uploads\/2025\/11\/download-1.jpg\" \/>\n\t<meta property=\"og:image:width\" content=\"500\" \/>\n\t<meta property=\"og:image:height\" content=\"373\" \/>\n\t<meta property=\"og:image:type\" content=\"image\/jpeg\" \/>\n<meta name=\"author\" content=\"Jean Pierre BAWELA\" \/>\n<meta name=\"twitter:card\" content=\"summary_large_image\" \/>\n<meta name=\"twitter:label1\" content=\"\u00c9crit par\" \/>\n\t<meta name=\"twitter:data1\" content=\"Jean Pierre BAWELA\" \/>\n\t<meta name=\"twitter:label2\" content=\"Dur\u00e9e de lecture estim\u00e9e\" \/>\n\t<meta name=\"twitter:data2\" content=\"3 minutes\" \/>\n<script type=\"application\/ld+json\" class=\"yoast-schema-graph\">{\"@context\":\"https:\\\/\\\/schema.org\",\"@graph\":[{\"@type\":\"Article\",\"@id\":\"https:\\\/\\\/macite.tg\\\/?p=26365#article\",\"isPartOf\":{\"@id\":\"https:\\\/\\\/macite.tg\\\/?p=26365\"},\"author\":{\"name\":\"Jean Pierre BAWELA\",\"@id\":\"https:\\\/\\\/macite.tg\\\/#\\\/schema\\\/person\\\/e9f2de7e5dbbe7770a9402c7ce82f5c2\"},\"headline\":\"TITRE HONORIFIQUE : Le Pr\u00e9sident du Conseil fait Docteur Honoris Causa\u2026\",\"datePublished\":\"2025-11-24T12:03:42+00:00\",\"dateModified\":\"2025-11-24T12:03:51+00:00\",\"mainEntityOfPage\":{\"@id\":\"https:\\\/\\\/macite.tg\\\/?p=26365\"},\"wordCount\":442,\"commentCount\":0,\"image\":{\"@id\":\"https:\\\/\\\/macite.tg\\\/?p=26365#primaryimage\"},\"thumbnailUrl\":\"https:\\\/\\\/macite.tg\\\/wp-content\\\/uploads\\\/2025\\\/11\\\/download-1.jpg\",\"articleSection\":[\"ACTUALITE\"],\"inLanguage\":\"fr-FR\",\"potentialAction\":[{\"@type\":\"CommentAction\",\"name\":\"Comment\",\"target\":[\"https:\\\/\\\/macite.tg\\\/?p=26365#respond\"]}]},{\"@type\":\"WebPage\",\"@id\":\"https:\\\/\\\/macite.tg\\\/?p=26365\",\"url\":\"https:\\\/\\\/macite.tg\\\/?p=26365\",\"name\":\"TITRE HONORIFIQUE : Le Pr\u00e9sident du Conseil fait Docteur Honoris Causa\u2026 -\",\"isPartOf\":{\"@id\":\"https:\\\/\\\/macite.tg\\\/#website\"},\"primaryImageOfPage\":{\"@id\":\"https:\\\/\\\/macite.tg\\\/?p=26365#primaryimage\"},\"image\":{\"@id\":\"https:\\\/\\\/macite.tg\\\/?p=26365#primaryimage\"},\"thumbnailUrl\":\"https:\\\/\\\/macite.tg\\\/wp-content\\\/uploads\\\/2025\\\/11\\\/download-1.jpg\",\"datePublished\":\"2025-11-24T12:03:42+00:00\",\"dateModified\":\"2025-11-24T12:03:51+00:00\",\"author\":{\"@id\":\"https:\\\/\\\/macite.tg\\\/#\\\/schema\\\/person\\\/e9f2de7e5dbbe7770a9402c7ce82f5c2\"},\"breadcrumb\":{\"@id\":\"https:\\\/\\\/macite.tg\\\/?p=26365#breadcrumb\"},\"inLanguage\":\"fr-FR\",\"potentialAction\":[{\"@type\":\"ReadAction\",\"target\":[\"https:\\\/\\\/macite.tg\\\/?p=26365\"]}]},{\"@type\":\"ImageObject\",\"inLanguage\":\"fr-FR\",\"@id\":\"https:\\\/\\\/macite.tg\\\/?p=26365#primaryimage\",\"url\":\"https:\\\/\\\/macite.tg\\\/wp-content\\\/uploads\\\/2025\\\/11\\\/download-1.jpg\",\"contentUrl\":\"https:\\\/\\\/macite.tg\\\/wp-content\\\/uploads\\\/2025\\\/11\\\/download-1.jpg\",\"width\":500,\"height\":373},{\"@type\":\"BreadcrumbList\",\"@id\":\"https:\\\/\\\/macite.tg\\\/?p=26365#breadcrumb\",\"itemListElement\":[{\"@type\":\"ListItem\",\"position\":1,\"name\":\"Accueil\",\"item\":\"https:\\\/\\\/macite.tg\\\/\"},{\"@type\":\"ListItem\",\"position\":2,\"name\":\"TITRE HONORIFIQUE : Le Pr\u00e9sident du Conseil fait Docteur Honoris Causa\u2026\"}]},{\"@type\":\"WebSite\",\"@id\":\"https:\\\/\\\/macite.tg\\\/#website\",\"url\":\"https:\\\/\\\/macite.tg\\\/\",\"name\":\"\",\"description\":\"L&#039;information, la bonne!!!\",\"potentialAction\":[{\"@type\":\"SearchAction\",\"target\":{\"@type\":\"EntryPoint\",\"urlTemplate\":\"https:\\\/\\\/macite.tg\\\/?s={search_term_string}\"},\"query-input\":{\"@type\":\"PropertyValueSpecification\",\"valueRequired\":true,\"valueName\":\"search_term_string\"}}],\"inLanguage\":\"fr-FR\"},{\"@type\":\"Person\",\"@id\":\"https:\\\/\\\/macite.tg\\\/#\\\/schema\\\/person\\\/e9f2de7e5dbbe7770a9402c7ce82f5c2\",\"name\":\"Jean Pierre BAWELA\",\"image\":{\"@type\":\"ImageObject\",\"inLanguage\":\"fr-FR\",\"@id\":\"https:\\\/\\\/macite.tg\\\/wp-content\\\/uploads\\\/2023\\\/09\\\/WhatsApp-Image-2023-09-19-at-14.44.41-122x122.jpeg\",\"url\":\"https:\\\/\\\/macite.tg\\\/wp-content\\\/uploads\\\/2023\\\/09\\\/WhatsApp-Image-2023-09-19-at-14.44.41-122x122.jpeg\",\"contentUrl\":\"https:\\\/\\\/macite.tg\\\/wp-content\\\/uploads\\\/2023\\\/09\\\/WhatsApp-Image-2023-09-19-at-14.44.41-122x122.jpeg\",\"caption\":\"Jean Pierre BAWELA\"},\"url\":\"https:\\\/\\\/macite.tg\\\/?author=2\"}]}<\/script>\n<!-- \/ Yoast SEO plugin. -->","yoast_head_json":{"title":"TITRE HONORIFIQUE : Le Pr\u00e9sident du Conseil fait Docteur Honoris Causa\u2026 -","robots":{"index":"index","follow":"follow","max-snippet":"max-snippet:-1","max-image-preview":"max-image-preview:large","max-video-preview":"max-video-preview:-1"},"canonical":"https:\/\/macite.tg\/?p=26365","og_locale":"fr_FR","og_type":"article","og_title":"TITRE HONORIFIQUE : Le Pr\u00e9sident du Conseil fait Docteur Honoris Causa\u2026 -","og_description":"Pr\u00e9sente \u00e0 Lom\u00e9 dans le cadre de la 54\u1d49 session minist\u00e9rielle de son Conseil d\u2019administration, une d\u00e9l\u00e9gation du conseil d\u2019administration de l&rsquo;\u00c9cole Inter-\u00c9tats des Sciences et M\u00e9decine V\u00e9t\u00e9rinaire de Dakar (EISMV), a \u00e9t\u00e9 re\u00e7ue, le vendredi 21 novembre dernier, par le Pr\u00e9sident de la Repr\u00e9sentation [&hellip;]","og_url":"https:\/\/macite.tg\/?p=26365","article_published_time":"2025-11-24T12:03:42+00:00","article_modified_time":"2025-11-24T12:03:51+00:00","og_image":[{"width":500,"height":373,"url":"https:\/\/macite.tg\/wp-content\/uploads\/2025\/11\/download-1.jpg","type":"image\/jpeg"}],"author":"Jean Pierre BAWELA","twitter_card":"summary_large_image","twitter_misc":{"\u00c9crit par":"Jean Pierre BAWELA","Dur\u00e9e de lecture estim\u00e9e":"3 minutes"},"schema":{"@context":"https:\/\/schema.org","@graph":[{"@type":"Article","@id":"https:\/\/macite.tg\/?p=26365#article","isPartOf":{"@id":"https:\/\/macite.tg\/?p=26365"},"author":{"name":"Jean Pierre BAWELA","@id":"https:\/\/macite.tg\/#\/schema\/person\/e9f2de7e5dbbe7770a9402c7ce82f5c2"},"headline":"TITRE HONORIFIQUE : Le Pr\u00e9sident du Conseil fait Docteur Honoris Causa\u2026","datePublished":"2025-11-24T12:03:42+00:00","dateModified":"2025-11-24T12:03:51+00:00","mainEntityOfPage":{"@id":"https:\/\/macite.tg\/?p=26365"},"wordCount":442,"commentCount":0,"image":{"@id":"https:\/\/macite.tg\/?p=26365#primaryimage"},"thumbnailUrl":"https:\/\/macite.tg\/wp-content\/uploads\/2025\/11\/download-1.jpg","articleSection":["ACTUALITE"],"inLanguage":"fr-FR","potentialAction":[{"@type":"CommentAction","name":"Comment","target":["https:\/\/macite.tg\/?p=26365#respond"]}]},{"@type":"WebPage","@id":"https:\/\/macite.tg\/?p=26365","url":"https:\/\/macite.tg\/?p=26365","name":"TITRE HONORIFIQUE : Le Pr\u00e9sident du Conseil fait Docteur Honoris Causa\u2026 -","isPartOf":{"@id":"https:\/\/macite.tg\/#website"},"primaryImageOfPage":{"@id":"https:\/\/macite.tg\/?p=26365#primaryimage"},"image":{"@id":"https:\/\/macite.tg\/?p=26365#primaryimage"},"thumbnailUrl":"https:\/\/macite.tg\/wp-content\/uploads\/2025\/11\/download-1.jpg","datePublished":"2025-11-24T12:03:42+00:00","dateModified":"2025-11-24T12:03:51+00:00","author":{"@id":"https:\/\/macite.tg\/#\/schema\/person\/e9f2de7e5dbbe7770a9402c7ce82f5c2"},"breadcrumb":{"@id":"https:\/\/macite.tg\/?p=26365#breadcrumb"},"inLanguage":"fr-FR","potentialAction":[{"@type":"ReadAction","target":["https:\/\/macite.tg\/?p=26365"]}]},{"@type":"ImageObject","inLanguage":"fr-FR","@id":"https:\/\/macite.tg\/?p=26365#primaryimage","url":"https:\/\/macite.tg\/wp-content\/uploads\/2025\/11\/download-1.jpg","contentUrl":"https:\/\/macite.tg\/wp-content\/uploads\/2025\/11\/download-1.jpg","width":500,"height":373},{"@type":"BreadcrumbList","@id":"https:\/\/macite.tg\/?p=26365#breadcrumb","itemListElement":[{"@type":"ListItem","position":1,"name":"Accueil","item":"https:\/\/macite.tg\/"},{"@type":"ListItem","position":2,"name":"TITRE HONORIFIQUE : Le Pr\u00e9sident du Conseil fait Docteur Honoris Causa\u2026"}]},{"@type":"WebSite","@id":"https:\/\/macite.tg\/#website","url":"https:\/\/macite.tg\/","name":"","description":"L&#039;information, la bonne!!!","potentialAction":[{"@type":"SearchAction","target":{"@type":"EntryPoint","urlTemplate":"https:\/\/macite.tg\/?s={search_term_string}"},"query-input":{"@type":"PropertyValueSpecification","valueRequired":true,"valueName":"search_term_string"}}],"inLanguage":"fr-FR"},{"@type":"Person","@id":"https:\/\/macite.tg\/#\/schema\/person\/e9f2de7e5dbbe7770a9402c7ce82f5c2","name":"Jean Pierre BAWELA","image":{"@type":"ImageObject","inLanguage":"fr-FR","@id":"https:\/\/macite.tg\/wp-content\/uploads\/2023\/09\/WhatsApp-Image-2023-09-19-at-14.44.41-122x122.jpeg","url":"https:\/\/macite.tg\/wp-content\/uploads\/2023\/09\/WhatsApp-Image-2023-09-19-at-14.44.41-122x122.jpeg","contentUrl":"https:\/\/macite.tg\/wp-content\/uploads\/2023\/09\/WhatsApp-Image-2023-09-19-at-14.44.41-122x122.jpeg","caption":"Jean Pierre BAWELA"},"url":"https:\/\/macite.tg\/?author=2"}]}},"_links":{"self":[{"href":"https:\/\/macite.tg\/index.php?rest_route=\/wp\/v2\/posts\/26365","targetHints":{"allow":["GET"]}}],"collection":[{"href":"https:\/\/macite.tg\/index.php?rest_route=\/wp\/v2\/posts"}],"about":[{"href":"https:\/\/macite.tg\/index.php?rest_route=\/wp\/v2\/types\/post"}],"author":[{"embeddable":true,"href":"https:\/\/macite.tg\/index.php?rest_route=\/wp\/v2\/users\/2"}],"replies":[{"embeddable":true,"href":"https:\/\/macite.tg\/index.php?rest_route=%2Fwp%2Fv2%2Fcomments&post=26365"}],"version-history":[{"count":0,"href":"https:\/\/macite.tg\/index.php?rest_route=\/wp\/v2\/posts\/26365\/revisions"}],"wp:featuredmedia":[{"embeddable":true,"href":"https:\/\/macite.tg\/index.php?rest_route=\/wp\/v2\/media\/26372"}],"wp:attachment":[{"href":"https:\/\/macite.tg\/index.php?rest_route=%2Fwp%2Fv2%2Fmedia&parent=26365"}],"wp:term":[{"taxonomy":"category","embeddable":true,"href":"https:\/\/macite.tg\/index.php?rest_route=%2Fwp%2Fv2%2Fcategories&post=26365"},{"taxonomy":"post_tag","embeddable":true,"href":"https:\/\/macite.tg\/index.php?rest_route=%2Fwp%2Fv2%2Ftags&post=26365"}],"curies":[{"name":"wp","href":"https:\/\/api.w.org\/{rel}","templated":true}]}}