{"id":26359,"date":"2025-11-24T11:13:44","date_gmt":"2025-11-24T11:13:44","guid":{"rendered":"https:\/\/macite.tg\/?p=26359"},"modified":"2025-11-24T11:33:36","modified_gmt":"2025-11-24T11:33:36","slug":"promotion-de-la-paix-et-de-la-prosperite-faure-gnassingbe-et-ses-paris-a-luanda-pour-echanger-sur-le-multilateralisme-effectif","status":"publish","type":"post","link":"https:\/\/macite.tg\/?p=26359","title":{"rendered":"PROMOTION DE LA PAIX ET DE LA PROSPERITE\u00a0: Faure Gnassingb\u00e9 et ses pairs \u00e0 Luanda pour \u00e9changer sur le \u00a0\u00bbmultilat\u00e9ralisme effectif\u00a0\u00bb"},"content":{"rendered":"\n<p class=\"wp-block-paragraph\"><strong><em>C\u2019est ce lundi que s\u2019ouvre \u00e0 Luanda en Angola, le septi\u00e8me sommet Union europ\u00e9enne (UE) &#8211; Union africaine (UA), autour du th\u00e8me \u00ab Promouvoir la paix et la prosp\u00e9rit\u00e9 gr\u00e2ce \u00e0 un multilat\u00e9ralisme effectif \u00bb. Une rencontre qui regroupe les leaders africains, dont le Pr\u00e9sident du Conseil de la R\u00e9publique Togolaise, Faure Essozimna Gnassingb\u00e9, mais aussi<strong><em> europ\u00e9ens<\/em><\/strong>.<\/em><\/strong><\/p>\n\n\n\n<p class=\"wp-block-paragraph\">A Luanda, les chefs d\u2019\u00c9tat et de gouvernement africains et europ\u00e9ens vont \u00e9changer sur les priorit\u00e9s de l\u2019Agenda 2063 de l\u2019Union africaine mais aussi de la vision conjointe UE-UA 2030, ceci dans l\u2019optique d\u2019acc\u00e9l\u00e9rer les convergences strat\u00e9giques entre les deux continents.<\/p>\n\n\n\n<p class=\"wp-block-paragraph\">Les travaux de cette rencontre porteront \u00e9galement sur les m\u00e9canismes innovants pour consolider les synergies existantes et ouvrir de nouvelles perspectives communes visant \u00e0 promouvoir un d\u00e9veloppement mutuellement b\u00e9n\u00e9fique, notamment dans les domaines de la paix, de la s\u00e9curit\u00e9, de la gouvernance, du multilat\u00e9ralisme, de la citoyennet\u00e9, des migrations et de la mobilit\u00e9.<\/p>\n\n\n<div class=\"wp-block-image\">\n<figure class=\"aligncenter size-large is-resized\"><img loading=\"lazy\" decoding=\"async\" width=\"1024\" height=\"1024\" src=\"https:\/\/macite.tg\/wp-content\/uploads\/2025\/11\/f4e9db65-d653-41f7-b584-07f92d21ac18-1024x1024.jpg\" alt=\"\" class=\"wp-image-26244\" style=\"width:660px;height:auto\" srcset=\"https:\/\/macite.tg\/wp-content\/uploads\/2025\/11\/f4e9db65-d653-41f7-b584-07f92d21ac18-1024x1024.jpg 1024w, https:\/\/macite.tg\/wp-content\/uploads\/2025\/11\/f4e9db65-d653-41f7-b584-07f92d21ac18-300x300.jpg 300w, https:\/\/macite.tg\/wp-content\/uploads\/2025\/11\/f4e9db65-d653-41f7-b584-07f92d21ac18-150x150.jpg 150w, https:\/\/macite.tg\/wp-content\/uploads\/2025\/11\/f4e9db65-d653-41f7-b584-07f92d21ac18-768x768.jpg 768w, https:\/\/macite.tg\/wp-content\/uploads\/2025\/11\/f4e9db65-d653-41f7-b584-07f92d21ac18-122x122.jpg 122w, https:\/\/macite.tg\/wp-content\/uploads\/2025\/11\/f4e9db65-d653-41f7-b584-07f92d21ac18.jpg 1080w\" sizes=\"auto, (max-width: 1024px) 100vw, 1024px\" \/><\/figure>\n<\/div>\n\n\n<p class=\"wp-block-paragraph\">Et dans ce sens, Faure Essozimna Gnassingb\u00e9 va saisir l\u2019occasion pour r\u00e9affirmer la d\u00e9termination diplomatique de Lom\u00e9 \u00e0 <em>\u00ab&nbsp;contribuer activement \u00e0 la construction d\u2019un multilat\u00e9ralisme plus juste, plus r\u00e9actif et plus inclusif&nbsp;\u00bb<\/em> sans oublier le renforcement du partenariat UE-UA pour relever les d\u00e9fis s\u00e9curitaires, lutter contre le terrorisme et promouvoir le d\u00e9veloppement sur tout le continent africain.<\/p>\n\n\n\n<p class=\"wp-block-paragraph\">Le Togo, fort de son r\u00f4le de pays-connecteur et de hub diplomatique, s\u00e9curitaire et \u00e9conomique, se pr\u00e9sente \u00e0 Luanda avec une conviction confirm\u00e9e&nbsp;: <em>\u00ab&nbsp;la paix durable, la stabilit\u00e9 s\u00e9curitaire et la prosp\u00e9rit\u00e9 partag\u00e9e naissent d\u2019un multilat\u00e9ralisme r\u00e9nov\u00e9, ancr\u00e9 dans la confiance et l\u2019efficacit\u00e9&nbsp;\u00bb.<\/em><\/p>\n\n\n\n<p class=\"wp-block-paragraph\">Il s\u2019agira \u00e9galement de renforcer la coop\u00e9ration intelligente entre l\u2019Europe et l\u2019Afrique, prot\u00e9ger les nations et les populations face aux menaces transnationales, soutenir les dynamiques africaines de paix, notamment en Afrique de l\u2019Ouest, au Sahel, dans les Grands Lacs et en Afrique centrale, et enfin promouvoir un d\u00e9veloppement ancr\u00e9 dans la stabilit\u00e9, l\u2019innovation et l\u2019ouverture.<\/p>\n\n\n\n<p class=\"wp-block-paragraph\">\u00a0Notons que cette rencontre de haut niveau intervient dans un contexte mondial o\u00f9 l\u2019accent est plus mis sur des partenariats plus \u00e9quilibr\u00e9s, des solutions pragmatiques, et des acteurs capables de cr\u00e9er des ponts entre r\u00e9gions et visions strat\u00e9giques.<\/p>\n\n\n<div class=\"wp-block-image\">\n<figure class=\"aligncenter size-large\"><img loading=\"lazy\" decoding=\"async\" width=\"732\" height=\"1024\" src=\"https:\/\/macite.tg\/wp-content\/uploads\/2025\/11\/image-60-732x1024.png\" alt=\"\" class=\"wp-image-26266\" srcset=\"https:\/\/macite.tg\/wp-content\/uploads\/2025\/11\/image-60-732x1024.png 732w, https:\/\/macite.tg\/wp-content\/uploads\/2025\/11\/image-60-214x300.png 214w, https:\/\/macite.tg\/wp-content\/uploads\/2025\/11\/image-60-768x1075.png 768w, https:\/\/macite.tg\/wp-content\/uploads\/2025\/11\/image-60-1097x1536.png 1097w, https:\/\/macite.tg\/wp-content\/uploads\/2025\/11\/image-60.png 1161w\" sizes=\"auto, (max-width: 732px) 100vw, 732px\" \/><\/figure>\n<\/div>\n\n\n<p class=\"wp-block-paragraph\">Au terme des travaux, une D\u00e9claration conjointe de l\u2019Union europ\u00e9enne et de l\u2019Union africaine, devra tracer les prochaines \u00e9tapes d\u2019un partenariat renouvel\u00e9, plus \u00e9quilibr\u00e9 et plus efficace au service de la paix, de la s\u00e9curit\u00e9 et de la prosp\u00e9rit\u00e9 partag\u00e9e.<\/p>\n\n\n\n<p class=\"wp-block-paragraph\"><strong>JPB<\/strong><\/p>\n\n\n\n<p class=\"wp-block-paragraph\"><a><strong><em>@macite.tg&nbsp;&nbsp;&nbsp;&nbsp;&nbsp;&nbsp;&nbsp;&nbsp;<\/em><\/strong><\/a><\/p>\n\n\n\n<p class=\"wp-block-paragraph\"><strong><em>E-mail&nbsp;: <\/em><\/strong><a href=\"mailto:maciteinfo@gmail.com\"><strong><em>maciteinfo@gmail.com<\/em><\/strong><\/a><strong><em>; <\/em><\/strong><a href=\"mailto:bawela1@gmail.com\"><strong><em>bawela1@gmail.com<\/em><\/strong><\/a><strong><em><\/em><\/strong><\/p>\n\n\n\n<p class=\"wp-block-paragraph\"><strong><em>Pour vos annonces, (publi)reportages, etc., joignez-nous au (00228)91515309\/<strong>79872224 <\/strong><strong><\/strong><\/em><\/strong><\/p>\n\n\n\n<p class=\"wp-block-paragraph\"><strong><em>www.macite.tg, L\u2019information, la bonne&nbsp;!<\/em><\/strong><\/p>\n\n\n\n<p class=\"wp-block-paragraph\"><\/p>\n","protected":false},"excerpt":{"rendered":"<p class=\"text-justify mb-2\" >C\u2019est ce lundi que s\u2019ouvre \u00e0 Luanda en Angola, le septi\u00e8me sommet Union europ\u00e9enne (UE) &#8211; Union africaine (UA), autour du th\u00e8me \u00ab Promouvoir la paix et la prosp\u00e9rit\u00e9 gr\u00e2ce \u00e0 un multilat\u00e9ralisme effectif \u00bb. Une rencontre qui regroupe les leaders africains, dont le Pr\u00e9sident [&hellip;]<\/p>\n","protected":false},"author":2,"featured_media":26360,"comment_status":"open","ping_status":"open","sticky":false,"template":"","format":"standard","meta":{"footnotes":""},"categories":[20,8],"tags":[],"class_list":["post-26359","post","type-post","status-publish","format-standard","has-post-thumbnail","hentry","category-actualite","category-diplomatie"],"yoast_head":"<!-- This site is optimized with the Yoast SEO plugin v28.4 - https:\/\/yoast.com\/product\/yoast-seo-wordpress\/ -->\n<title>PROMOTION DE LA PAIX ET DE LA PROSPERITE\u00a0: Faure Gnassingb\u00e9 et ses pairs \u00e0 Luanda pour \u00e9changer sur le &#039;&#039;multilat\u00e9ralisme effectif&#039;&#039; -<\/title>\n<meta name=\"robots\" content=\"index, follow, max-snippet:-1, max-image-preview:large, max-video-preview:-1\" \/>\n<link rel=\"canonical\" href=\"https:\/\/macite.tg\/?p=26359\" \/>\n<meta property=\"og:locale\" content=\"fr_FR\" \/>\n<meta property=\"og:type\" content=\"article\" \/>\n<meta property=\"og:title\" content=\"PROMOTION DE LA PAIX ET DE LA PROSPERITE\u00a0: Faure Gnassingb\u00e9 et ses pairs \u00e0 Luanda pour \u00e9changer sur le &#039;&#039;multilat\u00e9ralisme effectif&#039;&#039; -\" \/>\n<meta property=\"og:description\" content=\"C\u2019est ce lundi que s\u2019ouvre \u00e0 Luanda en Angola, le septi\u00e8me sommet Union europ\u00e9enne (UE) &#8211; Union africaine (UA), autour du th\u00e8me \u00ab Promouvoir la paix et la prosp\u00e9rit\u00e9 gr\u00e2ce \u00e0 un multilat\u00e9ralisme effectif \u00bb. Une rencontre qui regroupe les leaders africains, dont le Pr\u00e9sident [&hellip;]\" \/>\n<meta property=\"og:url\" content=\"https:\/\/macite.tg\/?p=26359\" \/>\n<meta property=\"article:published_time\" content=\"2025-11-24T11:13:44+00:00\" \/>\n<meta property=\"article:modified_time\" content=\"2025-11-24T11:33:36+00:00\" \/>\n<meta property=\"og:image\" content=\"https:\/\/macite.tg\/wp-content\/uploads\/2025\/11\/image-74.png\" \/>\n\t<meta property=\"og:image:width\" content=\"453\" \/>\n\t<meta property=\"og:image:height\" content=\"307\" \/>\n\t<meta property=\"og:image:type\" content=\"image\/png\" \/>\n<meta name=\"author\" content=\"Jean Pierre BAWELA\" \/>\n<meta name=\"twitter:card\" content=\"summary_large_image\" \/>\n<meta name=\"twitter:label1\" content=\"\u00c9crit par\" \/>\n\t<meta name=\"twitter:data1\" content=\"Jean Pierre BAWELA\" \/>\n\t<meta name=\"twitter:label2\" content=\"Dur\u00e9e de lecture estim\u00e9e\" \/>\n\t<meta name=\"twitter:data2\" content=\"3 minutes\" \/>\n<script type=\"application\/ld+json\" class=\"yoast-schema-graph\">{\"@context\":\"https:\\\/\\\/schema.org\",\"@graph\":[{\"@type\":\"Article\",\"@id\":\"https:\\\/\\\/macite.tg\\\/?p=26359#article\",\"isPartOf\":{\"@id\":\"https:\\\/\\\/macite.tg\\\/?p=26359\"},\"author\":{\"name\":\"Jean Pierre BAWELA\",\"@id\":\"https:\\\/\\\/macite.tg\\\/#\\\/schema\\\/person\\\/e9f2de7e5dbbe7770a9402c7ce82f5c2\"},\"headline\":\"PROMOTION DE LA PAIX ET DE LA PROSPERITE\u00a0: Faure Gnassingb\u00e9 et ses pairs \u00e0 Luanda pour \u00e9changer sur le \u00a0\u00bbmultilat\u00e9ralisme effectif\u00a0\u00bb\",\"datePublished\":\"2025-11-24T11:13:44+00:00\",\"dateModified\":\"2025-11-24T11:33:36+00:00\",\"mainEntityOfPage\":{\"@id\":\"https:\\\/\\\/macite.tg\\\/?p=26359\"},\"wordCount\":504,\"commentCount\":0,\"image\":{\"@id\":\"https:\\\/\\\/macite.tg\\\/?p=26359#primaryimage\"},\"thumbnailUrl\":\"https:\\\/\\\/macite.tg\\\/wp-content\\\/uploads\\\/2025\\\/11\\\/image-74.png\",\"articleSection\":[\"ACTUALITE\",\"DIPLOMATIE\"],\"inLanguage\":\"fr-FR\",\"potentialAction\":[{\"@type\":\"CommentAction\",\"name\":\"Comment\",\"target\":[\"https:\\\/\\\/macite.tg\\\/?p=26359#respond\"]}]},{\"@type\":\"WebPage\",\"@id\":\"https:\\\/\\\/macite.tg\\\/?p=26359\",\"url\":\"https:\\\/\\\/macite.tg\\\/?p=26359\",\"name\":\"PROMOTION DE LA PAIX ET DE LA PROSPERITE\u00a0: Faure Gnassingb\u00e9 et ses pairs \u00e0 Luanda pour \u00e9changer sur le ''multilat\u00e9ralisme effectif'' -\",\"isPartOf\":{\"@id\":\"https:\\\/\\\/macite.tg\\\/#website\"},\"primaryImageOfPage\":{\"@id\":\"https:\\\/\\\/macite.tg\\\/?p=26359#primaryimage\"},\"image\":{\"@id\":\"https:\\\/\\\/macite.tg\\\/?p=26359#primaryimage\"},\"thumbnailUrl\":\"https:\\\/\\\/macite.tg\\\/wp-content\\\/uploads\\\/2025\\\/11\\\/image-74.png\",\"datePublished\":\"2025-11-24T11:13:44+00:00\",\"dateModified\":\"2025-11-24T11:33:36+00:00\",\"author\":{\"@id\":\"https:\\\/\\\/macite.tg\\\/#\\\/schema\\\/person\\\/e9f2de7e5dbbe7770a9402c7ce82f5c2\"},\"breadcrumb\":{\"@id\":\"https:\\\/\\\/macite.tg\\\/?p=26359#breadcrumb\"},\"inLanguage\":\"fr-FR\",\"potentialAction\":[{\"@type\":\"ReadAction\",\"target\":[\"https:\\\/\\\/macite.tg\\\/?p=26359\"]}]},{\"@type\":\"ImageObject\",\"inLanguage\":\"fr-FR\",\"@id\":\"https:\\\/\\\/macite.tg\\\/?p=26359#primaryimage\",\"url\":\"https:\\\/\\\/macite.tg\\\/wp-content\\\/uploads\\\/2025\\\/11\\\/image-74.png\",\"contentUrl\":\"https:\\\/\\\/macite.tg\\\/wp-content\\\/uploads\\\/2025\\\/11\\\/image-74.png\",\"width\":453,\"height\":307},{\"@type\":\"BreadcrumbList\",\"@id\":\"https:\\\/\\\/macite.tg\\\/?p=26359#breadcrumb\",\"itemListElement\":[{\"@type\":\"ListItem\",\"position\":1,\"name\":\"Accueil\",\"item\":\"https:\\\/\\\/macite.tg\\\/\"},{\"@type\":\"ListItem\",\"position\":2,\"name\":\"PROMOTION DE LA PAIX ET DE LA PROSPERITE\u00a0: Faure Gnassingb\u00e9 et ses pairs \u00e0 Luanda pour \u00e9changer sur le \u00a0\u00bbmultilat\u00e9ralisme effectif\u00a0\u00bb\"}]},{\"@type\":\"WebSite\",\"@id\":\"https:\\\/\\\/macite.tg\\\/#website\",\"url\":\"https:\\\/\\\/macite.tg\\\/\",\"name\":\"\",\"description\":\"L&#039;information, la bonne!!!\",\"potentialAction\":[{\"@type\":\"SearchAction\",\"target\":{\"@type\":\"EntryPoint\",\"urlTemplate\":\"https:\\\/\\\/macite.tg\\\/?s={search_term_string}\"},\"query-input\":{\"@type\":\"PropertyValueSpecification\",\"valueRequired\":true,\"valueName\":\"search_term_string\"}}],\"inLanguage\":\"fr-FR\"},{\"@type\":\"Person\",\"@id\":\"https:\\\/\\\/macite.tg\\\/#\\\/schema\\\/person\\\/e9f2de7e5dbbe7770a9402c7ce82f5c2\",\"name\":\"Jean Pierre BAWELA\",\"image\":{\"@type\":\"ImageObject\",\"inLanguage\":\"fr-FR\",\"@id\":\"https:\\\/\\\/macite.tg\\\/wp-content\\\/uploads\\\/2023\\\/09\\\/WhatsApp-Image-2023-09-19-at-14.44.41-122x122.jpeg\",\"url\":\"https:\\\/\\\/macite.tg\\\/wp-content\\\/uploads\\\/2023\\\/09\\\/WhatsApp-Image-2023-09-19-at-14.44.41-122x122.jpeg\",\"contentUrl\":\"https:\\\/\\\/macite.tg\\\/wp-content\\\/uploads\\\/2023\\\/09\\\/WhatsApp-Image-2023-09-19-at-14.44.41-122x122.jpeg\",\"caption\":\"Jean Pierre BAWELA\"},\"url\":\"https:\\\/\\\/macite.tg\\\/?author=2\"}]}<\/script>\n<!-- \/ Yoast SEO plugin. -->","yoast_head_json":{"title":"PROMOTION DE LA PAIX ET DE LA PROSPERITE\u00a0: Faure Gnassingb\u00e9 et ses pairs \u00e0 Luanda pour \u00e9changer sur le ''multilat\u00e9ralisme effectif'' -","robots":{"index":"index","follow":"follow","max-snippet":"max-snippet:-1","max-image-preview":"max-image-preview:large","max-video-preview":"max-video-preview:-1"},"canonical":"https:\/\/macite.tg\/?p=26359","og_locale":"fr_FR","og_type":"article","og_title":"PROMOTION DE LA PAIX ET DE LA PROSPERITE\u00a0: Faure Gnassingb\u00e9 et ses pairs \u00e0 Luanda pour \u00e9changer sur le ''multilat\u00e9ralisme effectif'' -","og_description":"C\u2019est ce lundi que s\u2019ouvre \u00e0 Luanda en Angola, le septi\u00e8me sommet Union europ\u00e9enne (UE) &#8211; Union africaine (UA), autour du th\u00e8me \u00ab Promouvoir la paix et la prosp\u00e9rit\u00e9 gr\u00e2ce \u00e0 un multilat\u00e9ralisme effectif \u00bb. Une rencontre qui regroupe les leaders africains, dont le Pr\u00e9sident [&hellip;]","og_url":"https:\/\/macite.tg\/?p=26359","article_published_time":"2025-11-24T11:13:44+00:00","article_modified_time":"2025-11-24T11:33:36+00:00","og_image":[{"width":453,"height":307,"url":"https:\/\/macite.tg\/wp-content\/uploads\/2025\/11\/image-74.png","type":"image\/png"}],"author":"Jean Pierre BAWELA","twitter_card":"summary_large_image","twitter_misc":{"\u00c9crit par":"Jean Pierre BAWELA","Dur\u00e9e de lecture estim\u00e9e":"3 minutes"},"schema":{"@context":"https:\/\/schema.org","@graph":[{"@type":"Article","@id":"https:\/\/macite.tg\/?p=26359#article","isPartOf":{"@id":"https:\/\/macite.tg\/?p=26359"},"author":{"name":"Jean Pierre BAWELA","@id":"https:\/\/macite.tg\/#\/schema\/person\/e9f2de7e5dbbe7770a9402c7ce82f5c2"},"headline":"PROMOTION DE LA PAIX ET DE LA PROSPERITE\u00a0: Faure Gnassingb\u00e9 et ses pairs \u00e0 Luanda pour \u00e9changer sur le \u00a0\u00bbmultilat\u00e9ralisme effectif\u00a0\u00bb","datePublished":"2025-11-24T11:13:44+00:00","dateModified":"2025-11-24T11:33:36+00:00","mainEntityOfPage":{"@id":"https:\/\/macite.tg\/?p=26359"},"wordCount":504,"commentCount":0,"image":{"@id":"https:\/\/macite.tg\/?p=26359#primaryimage"},"thumbnailUrl":"https:\/\/macite.tg\/wp-content\/uploads\/2025\/11\/image-74.png","articleSection":["ACTUALITE","DIPLOMATIE"],"inLanguage":"fr-FR","potentialAction":[{"@type":"CommentAction","name":"Comment","target":["https:\/\/macite.tg\/?p=26359#respond"]}]},{"@type":"WebPage","@id":"https:\/\/macite.tg\/?p=26359","url":"https:\/\/macite.tg\/?p=26359","name":"PROMOTION DE LA PAIX ET DE LA PROSPERITE\u00a0: Faure Gnassingb\u00e9 et ses pairs \u00e0 Luanda pour \u00e9changer sur le ''multilat\u00e9ralisme effectif'' -","isPartOf":{"@id":"https:\/\/macite.tg\/#website"},"primaryImageOfPage":{"@id":"https:\/\/macite.tg\/?p=26359#primaryimage"},"image":{"@id":"https:\/\/macite.tg\/?p=26359#primaryimage"},"thumbnailUrl":"https:\/\/macite.tg\/wp-content\/uploads\/2025\/11\/image-74.png","datePublished":"2025-11-24T11:13:44+00:00","dateModified":"2025-11-24T11:33:36+00:00","author":{"@id":"https:\/\/macite.tg\/#\/schema\/person\/e9f2de7e5dbbe7770a9402c7ce82f5c2"},"breadcrumb":{"@id":"https:\/\/macite.tg\/?p=26359#breadcrumb"},"inLanguage":"fr-FR","potentialAction":[{"@type":"ReadAction","target":["https:\/\/macite.tg\/?p=26359"]}]},{"@type":"ImageObject","inLanguage":"fr-FR","@id":"https:\/\/macite.tg\/?p=26359#primaryimage","url":"https:\/\/macite.tg\/wp-content\/uploads\/2025\/11\/image-74.png","contentUrl":"https:\/\/macite.tg\/wp-content\/uploads\/2025\/11\/image-74.png","width":453,"height":307},{"@type":"BreadcrumbList","@id":"https:\/\/macite.tg\/?p=26359#breadcrumb","itemListElement":[{"@type":"ListItem","position":1,"name":"Accueil","item":"https:\/\/macite.tg\/"},{"@type":"ListItem","position":2,"name":"PROMOTION DE LA PAIX ET DE LA PROSPERITE\u00a0: Faure Gnassingb\u00e9 et ses pairs \u00e0 Luanda pour \u00e9changer sur le \u00a0\u00bbmultilat\u00e9ralisme effectif\u00a0\u00bb"}]},{"@type":"WebSite","@id":"https:\/\/macite.tg\/#website","url":"https:\/\/macite.tg\/","name":"","description":"L&#039;information, la bonne!!!","potentialAction":[{"@type":"SearchAction","target":{"@type":"EntryPoint","urlTemplate":"https:\/\/macite.tg\/?s={search_term_string}"},"query-input":{"@type":"PropertyValueSpecification","valueRequired":true,"valueName":"search_term_string"}}],"inLanguage":"fr-FR"},{"@type":"Person","@id":"https:\/\/macite.tg\/#\/schema\/person\/e9f2de7e5dbbe7770a9402c7ce82f5c2","name":"Jean Pierre BAWELA","image":{"@type":"ImageObject","inLanguage":"fr-FR","@id":"https:\/\/macite.tg\/wp-content\/uploads\/2023\/09\/WhatsApp-Image-2023-09-19-at-14.44.41-122x122.jpeg","url":"https:\/\/macite.tg\/wp-content\/uploads\/2023\/09\/WhatsApp-Image-2023-09-19-at-14.44.41-122x122.jpeg","contentUrl":"https:\/\/macite.tg\/wp-content\/uploads\/2023\/09\/WhatsApp-Image-2023-09-19-at-14.44.41-122x122.jpeg","caption":"Jean Pierre BAWELA"},"url":"https:\/\/macite.tg\/?author=2"}]}},"_links":{"self":[{"href":"https:\/\/macite.tg\/index.php?rest_route=\/wp\/v2\/posts\/26359","targetHints":{"allow":["GET"]}}],"collection":[{"href":"https:\/\/macite.tg\/index.php?rest_route=\/wp\/v2\/posts"}],"about":[{"href":"https:\/\/macite.tg\/index.php?rest_route=\/wp\/v2\/types\/post"}],"author":[{"embeddable":true,"href":"https:\/\/macite.tg\/index.php?rest_route=\/wp\/v2\/users\/2"}],"replies":[{"embeddable":true,"href":"https:\/\/macite.tg\/index.php?rest_route=%2Fwp%2Fv2%2Fcomments&post=26359"}],"version-history":[{"count":0,"href":"https:\/\/macite.tg\/index.php?rest_route=\/wp\/v2\/posts\/26359\/revisions"}],"wp:featuredmedia":[{"embeddable":true,"href":"https:\/\/macite.tg\/index.php?rest_route=\/wp\/v2\/media\/26360"}],"wp:attachment":[{"href":"https:\/\/macite.tg\/index.php?rest_route=%2Fwp%2Fv2%2Fmedia&parent=26359"}],"wp:term":[{"taxonomy":"category","embeddable":true,"href":"https:\/\/macite.tg\/index.php?rest_route=%2Fwp%2Fv2%2Fcategories&post=26359"},{"taxonomy":"post_tag","embeddable":true,"href":"https:\/\/macite.tg\/index.php?rest_route=%2Fwp%2Fv2%2Ftags&post=26359"}],"curies":[{"name":"wp","href":"https:\/\/api.w.org\/{rel}","templated":true}]}}