{"id":26356,"date":"2025-11-24T10:29:24","date_gmt":"2025-11-24T10:29:24","guid":{"rendered":"https:\/\/macite.tg\/?p=26356"},"modified":"2025-11-24T10:29:38","modified_gmt":"2025-11-24T10:29:38","slug":"sommet-du-g20-en-afrique-du-sud-rompre-avec-la-tradition-les-usa-grands-absents","status":"publish","type":"post","link":"https:\/\/macite.tg\/?p=26356","title":{"rendered":"SOMMET DU G20 EN AFRIQUE DU SUD\u00a0: Rompre avec la tradition\u2026 les USA, grands absents"},"content":{"rendered":"\n<p class=\"wp-block-paragraph\"><strong><em>L&rsquo;Afrique du Sud a rompu avec la tradition lors du premier sommet du G20 en Afrique en publiant une d\u00e9claration des dirigeants le jour de l&rsquo;ouverture. Lors de la cl\u00f4ture du sommet dimanche, M. Ramaphosa a remis le marteau \u00e0 une chaise vide, les \u00c9tats-Unis ayant boycott\u00e9 le sommet.<\/em><\/strong><em><\/em><\/p>\n\n\n\n<p class=\"wp-block-paragraph\"><strong><em>Le pr\u00e9sident sud-africain Cyril Ramaphosa a cl\u00f4tur\u00e9 dimanche le sommet du Groupe des 20 sur fond de nouvelle querelle diplomatique impliquant les \u00c9tats-Unis, qui n&rsquo;\u00e9taient pas pr\u00e9sents.<\/em><\/strong><em><\/em><\/p>\n\n\n\n<p class=\"wp-block-paragraph\">L&rsquo;Afrique du Sud a rompu avec la tradition lors du premier sommet du G20 en Afrique en publiant une d\u00e9claration des dirigeants le jour de l&rsquo;ouverture des n\u00e9gociations, samedi.<\/p>\n\n\n\n<p class=\"wp-block-paragraph\">Cette d\u00e9claration s&rsquo;est heurt\u00e9e \u00e0 l&rsquo;opposition des \u00c9tats-Unis, qui ont critiqu\u00e9 l&rsquo;agenda sud-africain pour le groupe, lequel se concentre principalement sur le changement climatique et l&rsquo;in\u00e9galit\u00e9 des richesses au niveau mondial.<\/p>\n\n\n<div class=\"wp-block-image\">\n<figure class=\"aligncenter size-large\"><img loading=\"lazy\" decoding=\"async\" width=\"732\" height=\"1024\" src=\"https:\/\/macite.tg\/wp-content\/uploads\/2025\/11\/image-60-732x1024.png\" alt=\"\" class=\"wp-image-26266\" srcset=\"https:\/\/macite.tg\/wp-content\/uploads\/2025\/11\/image-60-732x1024.png 732w, https:\/\/macite.tg\/wp-content\/uploads\/2025\/11\/image-60-214x300.png 214w, https:\/\/macite.tg\/wp-content\/uploads\/2025\/11\/image-60-768x1075.png 768w, https:\/\/macite.tg\/wp-content\/uploads\/2025\/11\/image-60-1097x1536.png 1097w, https:\/\/macite.tg\/wp-content\/uploads\/2025\/11\/image-60.png 1161w\" sizes=\"auto, (max-width: 732px) 100vw, 732px\" \/><\/figure>\n<\/div>\n\n\n<p class=\"wp-block-paragraph\">L&rsquo;Argentine a d\u00e9clar\u00e9 qu&rsquo;elle s&rsquo;opposait \u00e9galement \u00e0 la d\u00e9claration apr\u00e8s que le pr\u00e9sident argentin Javier Milei &#8211; un alli\u00e9 de M. Trump &#8211; ait \u00e9galement manqu\u00e9 le sommet.<\/p>\n\n\n\n<p class=\"wp-block-paragraph\"><em>\u00ab Reconnaissant notre interconnexion en tant que communaut\u00e9 mondiale de nations, nous avons appel\u00e9 \u00e0 la fin des conflits et des guerres dans le monde entier et \u00e0 une paix juste, globale et durable.<\/em><\/p>\n\n\n\n<p class=\"wp-block-paragraph\"><em>Ce sommet a eu lieu \u00e0 un moment crucial, alors que les appels se font de plus en plus pressants dans le monde entier pour que des progr\u00e8s soient accomplis sur les imp\u00e9ratifs de notre \u00e9poque : mettre fin \u00e0 la pauvret\u00e9 sous toutes ses formes et dans toutes ses ramifications, r\u00e9duire les in\u00e9galit\u00e9s au sein des pays et entre eux, et prendre des mesures urgentes pour lutter contre le changement climatique.<\/em><\/p>\n\n\n\n<p class=\"wp-block-paragraph\"><em>Je dis maintenant que ce marteau est le marteau de ce sommet du G20, qu&rsquo;il cl\u00f4t officiellement ce sommet et qu&rsquo;il passe maintenant au prochain pr\u00e9sident du G20, les \u00c9tats-Unis, o\u00f9 nous nous reverrons l&rsquo;ann\u00e9e prochaine. Le sommet est donc clos \u00bb<\/em>, a d\u00e9clar\u00e9 Cyril Ramaphosa, Pr\u00e9sident de l&rsquo;Afrique du Sud.<\/p>\n\n\n<div class=\"wp-block-image\">\n<figure class=\"aligncenter size-large is-resized\"><img loading=\"lazy\" decoding=\"async\" width=\"1024\" height=\"1024\" src=\"https:\/\/macite.tg\/wp-content\/uploads\/2025\/11\/OTR-reduction-20-1024x1024.jpg\" alt=\"\" class=\"wp-image-26170\" style=\"width:644px;height:auto\" srcset=\"https:\/\/macite.tg\/wp-content\/uploads\/2025\/11\/OTR-reduction-20-1024x1024.jpg 1024w, https:\/\/macite.tg\/wp-content\/uploads\/2025\/11\/OTR-reduction-20-300x300.jpg 300w, https:\/\/macite.tg\/wp-content\/uploads\/2025\/11\/OTR-reduction-20-150x150.jpg 150w, https:\/\/macite.tg\/wp-content\/uploads\/2025\/11\/OTR-reduction-20-768x768.jpg 768w, https:\/\/macite.tg\/wp-content\/uploads\/2025\/11\/OTR-reduction-20-122x122.jpg 122w, https:\/\/macite.tg\/wp-content\/uploads\/2025\/11\/OTR-reduction-20.jpg 1080w\" sizes=\"auto, (max-width: 1024px) 100vw, 1024px\" \/><\/figure>\n<\/div>\n\n\n<p class=\"wp-block-paragraph\">Les \u00c9tats-Unis ont boycott\u00e9 la r\u00e9union de deux jours des dirigeants des \u00e9conomies riches et \u00e9mergentes \u00e0 Johannesburg en raison des affirmations de l&rsquo;administration Trump selon lesquelles l&rsquo;Afrique du Sud pers\u00e9cute violemment sa minorit\u00e9 blanche afrikaner.<\/p>\n\n\n\n<p class=\"wp-block-paragraph\">Lors de la cl\u00f4ture du sommet dimanche, M. Ramaphosa a effectivement remis le marteau \u00e0 une chaise vide.<\/p>\n\n\n\n<p class=\"wp-block-paragraph\"><strong>MSN<\/strong><\/p>\n\n\n\n<p class=\"wp-block-paragraph\"><a><strong><em>@macite.tg&nbsp;&nbsp;&nbsp;&nbsp;&nbsp;&nbsp;&nbsp;&nbsp;<\/em><\/strong><\/a><\/p>\n\n\n\n<p class=\"wp-block-paragraph\"><strong><em>E-mail&nbsp;: <\/em><\/strong><a href=\"mailto:maciteinfo@gmail.com\"><strong><em>maciteinfo@gmail.com<\/em><\/strong><\/a><strong><em>; <\/em><\/strong><a href=\"mailto:bawela1@gmail.com\"><strong><em>bawela1@gmail.com<\/em><\/strong><\/a><strong><em><\/em><\/strong><\/p>\n\n\n\n<p class=\"wp-block-paragraph\"><strong><em>Pour vos annonces, (publi)reportages, etc., joignez-nous au (00228)91515309\/<strong>79872224 <\/strong><strong><\/strong><\/em><\/strong><\/p>\n\n\n\n<p class=\"wp-block-paragraph\"><strong><em>www.macite.tg, L\u2019information, la bonne&nbsp;!<\/em><\/strong><\/p>\n\n\n\n<p class=\"wp-block-paragraph\"><\/p>\n","protected":false},"excerpt":{"rendered":"<p class=\"text-justify mb-2\" >L&rsquo;Afrique du Sud a rompu avec la tradition lors du premier sommet du G20 en Afrique en publiant une d\u00e9claration des dirigeants le jour de l&rsquo;ouverture. Lors de la cl\u00f4ture du sommet dimanche, M. Ramaphosa a remis le marteau \u00e0 une chaise vide, les \u00c9tats-Unis [&hellip;]<\/p>\n","protected":false},"author":2,"featured_media":26357,"comment_status":"open","ping_status":"open","sticky":false,"template":"","format":"standard","meta":{"footnotes":""},"categories":[20,8],"tags":[],"class_list":["post-26356","post","type-post","status-publish","format-standard","has-post-thumbnail","hentry","category-actualite","category-diplomatie"],"yoast_head":"<!-- This site is optimized with the Yoast SEO plugin v28.4 - https:\/\/yoast.com\/product\/yoast-seo-wordpress\/ -->\n<title>SOMMET DU G20 EN AFRIQUE DU SUD\u00a0: Rompre avec la tradition\u2026 les USA, grands absents -<\/title>\n<meta name=\"robots\" content=\"index, follow, max-snippet:-1, max-image-preview:large, max-video-preview:-1\" \/>\n<link rel=\"canonical\" href=\"https:\/\/macite.tg\/?p=26356\" \/>\n<meta property=\"og:locale\" content=\"fr_FR\" \/>\n<meta property=\"og:type\" content=\"article\" \/>\n<meta property=\"og:title\" content=\"SOMMET DU G20 EN AFRIQUE DU SUD\u00a0: Rompre avec la tradition\u2026 les USA, grands absents -\" \/>\n<meta property=\"og:description\" content=\"L&rsquo;Afrique du Sud a rompu avec la tradition lors du premier sommet du G20 en Afrique en publiant une d\u00e9claration des dirigeants le jour de l&rsquo;ouverture. Lors de la cl\u00f4ture du sommet dimanche, M. Ramaphosa a remis le marteau \u00e0 une chaise vide, les \u00c9tats-Unis [&hellip;]\" \/>\n<meta property=\"og:url\" content=\"https:\/\/macite.tg\/?p=26356\" \/>\n<meta property=\"article:published_time\" content=\"2025-11-24T10:29:24+00:00\" \/>\n<meta property=\"article:modified_time\" content=\"2025-11-24T10:29:38+00:00\" \/>\n<meta property=\"og:image\" content=\"https:\/\/macite.tg\/wp-content\/uploads\/2025\/11\/image-73.png\" \/>\n\t<meta property=\"og:image:width\" content=\"534\" \/>\n\t<meta property=\"og:image:height\" content=\"300\" \/>\n\t<meta property=\"og:image:type\" content=\"image\/png\" \/>\n<meta name=\"author\" content=\"Jean Pierre BAWELA\" \/>\n<meta name=\"twitter:card\" content=\"summary_large_image\" \/>\n<meta name=\"twitter:label1\" content=\"\u00c9crit par\" \/>\n\t<meta name=\"twitter:data1\" content=\"Jean Pierre BAWELA\" \/>\n\t<meta name=\"twitter:label2\" content=\"Dur\u00e9e de lecture estim\u00e9e\" \/>\n\t<meta name=\"twitter:data2\" content=\"3 minutes\" \/>\n<script type=\"application\/ld+json\" class=\"yoast-schema-graph\">{\"@context\":\"https:\\\/\\\/schema.org\",\"@graph\":[{\"@type\":\"Article\",\"@id\":\"https:\\\/\\\/macite.tg\\\/?p=26356#article\",\"isPartOf\":{\"@id\":\"https:\\\/\\\/macite.tg\\\/?p=26356\"},\"author\":{\"name\":\"Jean Pierre BAWELA\",\"@id\":\"https:\\\/\\\/macite.tg\\\/#\\\/schema\\\/person\\\/e9f2de7e5dbbe7770a9402c7ce82f5c2\"},\"headline\":\"SOMMET DU G20 EN AFRIQUE DU SUD\u00a0: Rompre avec la tradition\u2026 les USA, grands absents\",\"datePublished\":\"2025-11-24T10:29:24+00:00\",\"dateModified\":\"2025-11-24T10:29:38+00:00\",\"mainEntityOfPage\":{\"@id\":\"https:\\\/\\\/macite.tg\\\/?p=26356\"},\"wordCount\":457,\"commentCount\":0,\"image\":{\"@id\":\"https:\\\/\\\/macite.tg\\\/?p=26356#primaryimage\"},\"thumbnailUrl\":\"https:\\\/\\\/macite.tg\\\/wp-content\\\/uploads\\\/2025\\\/11\\\/image-73.png\",\"articleSection\":[\"ACTUALITE\",\"DIPLOMATIE\"],\"inLanguage\":\"fr-FR\",\"potentialAction\":[{\"@type\":\"CommentAction\",\"name\":\"Comment\",\"target\":[\"https:\\\/\\\/macite.tg\\\/?p=26356#respond\"]}]},{\"@type\":\"WebPage\",\"@id\":\"https:\\\/\\\/macite.tg\\\/?p=26356\",\"url\":\"https:\\\/\\\/macite.tg\\\/?p=26356\",\"name\":\"SOMMET DU G20 EN AFRIQUE DU SUD\u00a0: Rompre avec la tradition\u2026 les USA, grands absents -\",\"isPartOf\":{\"@id\":\"https:\\\/\\\/macite.tg\\\/#website\"},\"primaryImageOfPage\":{\"@id\":\"https:\\\/\\\/macite.tg\\\/?p=26356#primaryimage\"},\"image\":{\"@id\":\"https:\\\/\\\/macite.tg\\\/?p=26356#primaryimage\"},\"thumbnailUrl\":\"https:\\\/\\\/macite.tg\\\/wp-content\\\/uploads\\\/2025\\\/11\\\/image-73.png\",\"datePublished\":\"2025-11-24T10:29:24+00:00\",\"dateModified\":\"2025-11-24T10:29:38+00:00\",\"author\":{\"@id\":\"https:\\\/\\\/macite.tg\\\/#\\\/schema\\\/person\\\/e9f2de7e5dbbe7770a9402c7ce82f5c2\"},\"breadcrumb\":{\"@id\":\"https:\\\/\\\/macite.tg\\\/?p=26356#breadcrumb\"},\"inLanguage\":\"fr-FR\",\"potentialAction\":[{\"@type\":\"ReadAction\",\"target\":[\"https:\\\/\\\/macite.tg\\\/?p=26356\"]}]},{\"@type\":\"ImageObject\",\"inLanguage\":\"fr-FR\",\"@id\":\"https:\\\/\\\/macite.tg\\\/?p=26356#primaryimage\",\"url\":\"https:\\\/\\\/macite.tg\\\/wp-content\\\/uploads\\\/2025\\\/11\\\/image-73.png\",\"contentUrl\":\"https:\\\/\\\/macite.tg\\\/wp-content\\\/uploads\\\/2025\\\/11\\\/image-73.png\",\"width\":534,\"height\":300,\"caption\":\"Le pr\u00e9sident sud-africain Cyril Ramaphosa observe, lors d'une s\u00e9ance pl\u00e9ni\u00e8re du sommet des dirigeants du G20, \u00e0 Johannesburg, en Afrique du Sud, 22 novembre 2025.\"},{\"@type\":\"BreadcrumbList\",\"@id\":\"https:\\\/\\\/macite.tg\\\/?p=26356#breadcrumb\",\"itemListElement\":[{\"@type\":\"ListItem\",\"position\":1,\"name\":\"Accueil\",\"item\":\"https:\\\/\\\/macite.tg\\\/\"},{\"@type\":\"ListItem\",\"position\":2,\"name\":\"SOMMET DU G20 EN AFRIQUE DU SUD\u00a0: Rompre avec la tradition\u2026 les USA, grands absents\"}]},{\"@type\":\"WebSite\",\"@id\":\"https:\\\/\\\/macite.tg\\\/#website\",\"url\":\"https:\\\/\\\/macite.tg\\\/\",\"name\":\"\",\"description\":\"L&#039;information, la bonne!!!\",\"potentialAction\":[{\"@type\":\"SearchAction\",\"target\":{\"@type\":\"EntryPoint\",\"urlTemplate\":\"https:\\\/\\\/macite.tg\\\/?s={search_term_string}\"},\"query-input\":{\"@type\":\"PropertyValueSpecification\",\"valueRequired\":true,\"valueName\":\"search_term_string\"}}],\"inLanguage\":\"fr-FR\"},{\"@type\":\"Person\",\"@id\":\"https:\\\/\\\/macite.tg\\\/#\\\/schema\\\/person\\\/e9f2de7e5dbbe7770a9402c7ce82f5c2\",\"name\":\"Jean Pierre BAWELA\",\"image\":{\"@type\":\"ImageObject\",\"inLanguage\":\"fr-FR\",\"@id\":\"https:\\\/\\\/macite.tg\\\/wp-content\\\/uploads\\\/2023\\\/09\\\/WhatsApp-Image-2023-09-19-at-14.44.41-122x122.jpeg\",\"url\":\"https:\\\/\\\/macite.tg\\\/wp-content\\\/uploads\\\/2023\\\/09\\\/WhatsApp-Image-2023-09-19-at-14.44.41-122x122.jpeg\",\"contentUrl\":\"https:\\\/\\\/macite.tg\\\/wp-content\\\/uploads\\\/2023\\\/09\\\/WhatsApp-Image-2023-09-19-at-14.44.41-122x122.jpeg\",\"caption\":\"Jean Pierre BAWELA\"},\"url\":\"https:\\\/\\\/macite.tg\\\/?author=2\"}]}<\/script>\n<!-- \/ Yoast SEO plugin. -->","yoast_head_json":{"title":"SOMMET DU G20 EN AFRIQUE DU SUD\u00a0: Rompre avec la tradition\u2026 les USA, grands absents -","robots":{"index":"index","follow":"follow","max-snippet":"max-snippet:-1","max-image-preview":"max-image-preview:large","max-video-preview":"max-video-preview:-1"},"canonical":"https:\/\/macite.tg\/?p=26356","og_locale":"fr_FR","og_type":"article","og_title":"SOMMET DU G20 EN AFRIQUE DU SUD\u00a0: Rompre avec la tradition\u2026 les USA, grands absents -","og_description":"L&rsquo;Afrique du Sud a rompu avec la tradition lors du premier sommet du G20 en Afrique en publiant une d\u00e9claration des dirigeants le jour de l&rsquo;ouverture. Lors de la cl\u00f4ture du sommet dimanche, M. Ramaphosa a remis le marteau \u00e0 une chaise vide, les \u00c9tats-Unis [&hellip;]","og_url":"https:\/\/macite.tg\/?p=26356","article_published_time":"2025-11-24T10:29:24+00:00","article_modified_time":"2025-11-24T10:29:38+00:00","og_image":[{"width":534,"height":300,"url":"https:\/\/macite.tg\/wp-content\/uploads\/2025\/11\/image-73.png","type":"image\/png"}],"author":"Jean Pierre BAWELA","twitter_card":"summary_large_image","twitter_misc":{"\u00c9crit par":"Jean Pierre BAWELA","Dur\u00e9e de lecture estim\u00e9e":"3 minutes"},"schema":{"@context":"https:\/\/schema.org","@graph":[{"@type":"Article","@id":"https:\/\/macite.tg\/?p=26356#article","isPartOf":{"@id":"https:\/\/macite.tg\/?p=26356"},"author":{"name":"Jean Pierre BAWELA","@id":"https:\/\/macite.tg\/#\/schema\/person\/e9f2de7e5dbbe7770a9402c7ce82f5c2"},"headline":"SOMMET DU G20 EN AFRIQUE DU SUD\u00a0: Rompre avec la tradition\u2026 les USA, grands absents","datePublished":"2025-11-24T10:29:24+00:00","dateModified":"2025-11-24T10:29:38+00:00","mainEntityOfPage":{"@id":"https:\/\/macite.tg\/?p=26356"},"wordCount":457,"commentCount":0,"image":{"@id":"https:\/\/macite.tg\/?p=26356#primaryimage"},"thumbnailUrl":"https:\/\/macite.tg\/wp-content\/uploads\/2025\/11\/image-73.png","articleSection":["ACTUALITE","DIPLOMATIE"],"inLanguage":"fr-FR","potentialAction":[{"@type":"CommentAction","name":"Comment","target":["https:\/\/macite.tg\/?p=26356#respond"]}]},{"@type":"WebPage","@id":"https:\/\/macite.tg\/?p=26356","url":"https:\/\/macite.tg\/?p=26356","name":"SOMMET DU G20 EN AFRIQUE DU SUD\u00a0: Rompre avec la tradition\u2026 les USA, grands absents -","isPartOf":{"@id":"https:\/\/macite.tg\/#website"},"primaryImageOfPage":{"@id":"https:\/\/macite.tg\/?p=26356#primaryimage"},"image":{"@id":"https:\/\/macite.tg\/?p=26356#primaryimage"},"thumbnailUrl":"https:\/\/macite.tg\/wp-content\/uploads\/2025\/11\/image-73.png","datePublished":"2025-11-24T10:29:24+00:00","dateModified":"2025-11-24T10:29:38+00:00","author":{"@id":"https:\/\/macite.tg\/#\/schema\/person\/e9f2de7e5dbbe7770a9402c7ce82f5c2"},"breadcrumb":{"@id":"https:\/\/macite.tg\/?p=26356#breadcrumb"},"inLanguage":"fr-FR","potentialAction":[{"@type":"ReadAction","target":["https:\/\/macite.tg\/?p=26356"]}]},{"@type":"ImageObject","inLanguage":"fr-FR","@id":"https:\/\/macite.tg\/?p=26356#primaryimage","url":"https:\/\/macite.tg\/wp-content\/uploads\/2025\/11\/image-73.png","contentUrl":"https:\/\/macite.tg\/wp-content\/uploads\/2025\/11\/image-73.png","width":534,"height":300,"caption":"Le pr\u00e9sident sud-africain Cyril Ramaphosa observe, lors d'une s\u00e9ance pl\u00e9ni\u00e8re du sommet des dirigeants du G20, \u00e0 Johannesburg, en Afrique du Sud, 22 novembre 2025."},{"@type":"BreadcrumbList","@id":"https:\/\/macite.tg\/?p=26356#breadcrumb","itemListElement":[{"@type":"ListItem","position":1,"name":"Accueil","item":"https:\/\/macite.tg\/"},{"@type":"ListItem","position":2,"name":"SOMMET DU G20 EN AFRIQUE DU SUD\u00a0: Rompre avec la tradition\u2026 les USA, grands absents"}]},{"@type":"WebSite","@id":"https:\/\/macite.tg\/#website","url":"https:\/\/macite.tg\/","name":"","description":"L&#039;information, la bonne!!!","potentialAction":[{"@type":"SearchAction","target":{"@type":"EntryPoint","urlTemplate":"https:\/\/macite.tg\/?s={search_term_string}"},"query-input":{"@type":"PropertyValueSpecification","valueRequired":true,"valueName":"search_term_string"}}],"inLanguage":"fr-FR"},{"@type":"Person","@id":"https:\/\/macite.tg\/#\/schema\/person\/e9f2de7e5dbbe7770a9402c7ce82f5c2","name":"Jean Pierre BAWELA","image":{"@type":"ImageObject","inLanguage":"fr-FR","@id":"https:\/\/macite.tg\/wp-content\/uploads\/2023\/09\/WhatsApp-Image-2023-09-19-at-14.44.41-122x122.jpeg","url":"https:\/\/macite.tg\/wp-content\/uploads\/2023\/09\/WhatsApp-Image-2023-09-19-at-14.44.41-122x122.jpeg","contentUrl":"https:\/\/macite.tg\/wp-content\/uploads\/2023\/09\/WhatsApp-Image-2023-09-19-at-14.44.41-122x122.jpeg","caption":"Jean Pierre BAWELA"},"url":"https:\/\/macite.tg\/?author=2"}]}},"_links":{"self":[{"href":"https:\/\/macite.tg\/index.php?rest_route=\/wp\/v2\/posts\/26356","targetHints":{"allow":["GET"]}}],"collection":[{"href":"https:\/\/macite.tg\/index.php?rest_route=\/wp\/v2\/posts"}],"about":[{"href":"https:\/\/macite.tg\/index.php?rest_route=\/wp\/v2\/types\/post"}],"author":[{"embeddable":true,"href":"https:\/\/macite.tg\/index.php?rest_route=\/wp\/v2\/users\/2"}],"replies":[{"embeddable":true,"href":"https:\/\/macite.tg\/index.php?rest_route=%2Fwp%2Fv2%2Fcomments&post=26356"}],"version-history":[{"count":0,"href":"https:\/\/macite.tg\/index.php?rest_route=\/wp\/v2\/posts\/26356\/revisions"}],"wp:featuredmedia":[{"embeddable":true,"href":"https:\/\/macite.tg\/index.php?rest_route=\/wp\/v2\/media\/26357"}],"wp:attachment":[{"href":"https:\/\/macite.tg\/index.php?rest_route=%2Fwp%2Fv2%2Fmedia&parent=26356"}],"wp:term":[{"taxonomy":"category","embeddable":true,"href":"https:\/\/macite.tg\/index.php?rest_route=%2Fwp%2Fv2%2Fcategories&post=26356"},{"taxonomy":"post_tag","embeddable":true,"href":"https:\/\/macite.tg\/index.php?rest_route=%2Fwp%2Fv2%2Ftags&post=26356"}],"curies":[{"name":"wp","href":"https:\/\/api.w.org\/{rel}","templated":true}]}}