{"id":26340,"date":"2025-11-22T19:25:45","date_gmt":"2025-11-22T19:25:45","guid":{"rendered":"https:\/\/macite.tg\/?p=26340"},"modified":"2025-11-22T19:35:10","modified_gmt":"2025-11-22T19:35:10","slug":"assurance-maladie-universelle-amu-une-nouvelle-convention-integre-les-services-doptique-dans-le-dispositif-de-prise-en-charge","status":"publish","type":"post","link":"https:\/\/macite.tg\/?p=26340","title":{"rendered":"ASSURANCE MALADIE UNIVERSELLE (AMU) : Une nouvelle convention int\u00e8gre les services d\u2019optique dans le dispositif de prise en charge"},"content":{"rendered":"\n<p class=\"wp-block-paragraph\"><strong><em>Le programme d\u2019Assurance maladie universelle (AMU) est pass\u00e9, vendredi 21 novembre dernier, \u00e0 une nouvelle \u00e9tape dans le processus d\u2019impl\u00e9mentation ou de mise en \u0153uvre. En effet, les deux principaux organismes de gestion de l\u2019AMU, notamment la Caisse nationale de s\u00e9curit\u00e9 sociale (CNSS) et l\u2019Institut national d\u2019assurance maladie (INAM), ont sign\u00e9 une convention sectorielle de partenariat avec l\u2019Association des professionnels et praticiens de l\u2019optique lunetterie (APPOL).<\/em><\/strong><\/p>\n\n\n\n<p class=\"wp-block-paragraph\">Apr\u00e8s les compagnies et mutuelles la mi-octobre derni\u00e8re, c\u2019est le tour de l\u2019Association des professionnels et praticiens de l\u2019optique lunetterie (APPOL) de formaliser et de c\u00e9l\u00e9brer la synergie avec les organes de gestions de l\u2019AMU. Ceci pour marquer une \u00e9tape cruciale l\u2019engagement commun dans la prise en charge de la sant\u00e9 oculaire et le bien-\u00eatre de tous.<\/p>\n\n\n<div class=\"wp-block-image\">\n<figure class=\"aligncenter size-full is-resized\"><img loading=\"lazy\" decoding=\"async\" width=\"500\" height=\"375\" src=\"https:\/\/macite.tg\/wp-content\/uploads\/2025\/11\/3dbc05dc-312f-4cdb-8458-20ec0025c151.jpg\" alt=\"\" class=\"wp-image-26344\" style=\"width:562px;height:auto\" srcset=\"https:\/\/macite.tg\/wp-content\/uploads\/2025\/11\/3dbc05dc-312f-4cdb-8458-20ec0025c151.jpg 500w, https:\/\/macite.tg\/wp-content\/uploads\/2025\/11\/3dbc05dc-312f-4cdb-8458-20ec0025c151-300x225.jpg 300w\" sizes=\"auto, (max-width: 500px) 100vw, 500px\" \/><figcaption class=\"wp-element-caption\"><strong><em>Photo de famille \u00e0 l&rsquo;issue de la c\u00e9r\u00e9monie de signature de convention<\/em><\/strong><\/figcaption><\/figure>\n<\/div>\n\n\n<p class=\"wp-block-paragraph\">Cette entente paraph\u00e9e ce vendredi 21 novembre, est la concr\u00e9tisation de la volont\u00e9 manifeste des plus hautes autorit\u00e9s togolaises de consolider <em>\u00ab&nbsp;la mise en \u0153uvre progressive et inclusive de la couverture sanitaire universelle&nbsp;\u00bb.<\/em> Il s\u2019agit l\u00e0 d\u2019une <em>\u00ab&nbsp;avanc\u00e9e majeure dans le processus d\u2019op\u00e9rationnalisation et de consolidation de ce dispositif assurantiel&nbsp;\u00bb,<\/em> a indiqu\u00e9 le ministre d\u00e9l\u00e9gu\u00e9 aupr\u00e8s du ministre en charge de la Sant\u00e9, Prof Tchin Darr\u00e9.<\/p>\n\n\n\n<p class=\"wp-block-paragraph\">L\u2019officiel soutient que <em>\u00ab&nbsp;les prestations d\u2019optique-lunetterie ne sont donc pas un luxe mais une composante fondamentale du panier de soins essentiels de l\u2019AMU&nbsp;\u00bb. <\/em>Prof Tchin Darr\u00e9 a, pour finir, r\u00e9affirmer l\u2019engagement de l\u2019ex\u00e9cutif \u00e0 \u00ab&nbsp;<em>garantir un acc\u00e8s \u00e9quitable aux soins de sant\u00e9, \u00e0 consolider la r\u00e9gulation du secteur et \u00e0 accompagner les partenaires dans la mise en \u0153uvre des conventions sign\u00e9es<\/em>&nbsp;\u00bb.<\/p>\n\n\n\n<figure class=\"wp-block-image size-large\"><img loading=\"lazy\" decoding=\"async\" width=\"1024\" height=\"392\" src=\"https:\/\/macite.tg\/wp-content\/uploads\/2025\/11\/8d9cf208-3716-4e73-bc0c-3341ae213e6b-1024x392.jpg\" alt=\"\" class=\"wp-image-26198\" srcset=\"https:\/\/macite.tg\/wp-content\/uploads\/2025\/11\/8d9cf208-3716-4e73-bc0c-3341ae213e6b-1024x392.jpg 1024w, https:\/\/macite.tg\/wp-content\/uploads\/2025\/11\/8d9cf208-3716-4e73-bc0c-3341ae213e6b-300x115.jpg 300w, https:\/\/macite.tg\/wp-content\/uploads\/2025\/11\/8d9cf208-3716-4e73-bc0c-3341ae213e6b-768x294.jpg 768w, https:\/\/macite.tg\/wp-content\/uploads\/2025\/11\/8d9cf208-3716-4e73-bc0c-3341ae213e6b.jpg 1080w\" sizes=\"auto, (max-width: 1024px) 100vw, 1024px\" \/><\/figure>\n\n\n\n<p class=\"wp-block-paragraph\">Pour le DG de la CNSS, Mme Ingrid Awad\u00e9, c\u2019est d\u00e9sormais une nouvelle porte ouverte pour une <em>\u00ab&nbsp;meilleure prise en charge de la sant\u00e9 visuelle, un domaine trop souvent n\u00e9glig\u00e9 mais essentiel \u00e0 la dignit\u00e9 et \u00e0 la qualit\u00e9 de vie&nbsp;\u00bb.<\/em><\/p>\n\n\n\n<p class=\"wp-block-paragraph\">Ainsi, la formalisation de cette convention avec l\u2019APPOL traduit, selon le DG de la CNSS, l\u2019engagement des autorit\u00e9s <em>\u00ab&nbsp;\u00e0 structurer l\u2019offre de soins visuels dans un cadre contractuel clair, \u00e9quitable et conforme aux exigences de l\u2019AMU pour le bien de tous les assur\u00e9s&nbsp;\u00bb.<\/em> La pr\u00e9sente convention se veut ainsi <em>\u00ab&nbsp;d\u2019optimiser la proc\u00e9dure de d\u00e9livrance des dispositifs m\u00e9dicaux d\u2019optique-lunetterie et d\u2019assurer la ma\u00eetrise m\u00e9dicalis\u00e9e des prestations li\u00e9es aux dispositifs m\u00e9dicaux d\u2019optique-lunetterie&nbsp;\u00bb<\/em>, a indiqu\u00e9 Mme Ingrid Awad\u00e9.<\/p>\n\n\n\n<p class=\"wp-block-paragraph\">Dans le monde, plus 1,1 milliards de personnes souffrent de d\u00e9ficiences visuelles non trait\u00e9es ou \u00e9vitables, selon les statistiques. Au Togo, la proportion de la population souffrant de vices de r\u00e9faction, qui \u00e9tait de 27% en 2023, va avoisiner les 36% d\u2019ici 2030, indiquent les chiffres de l\u2019Atals mondial de vision de l\u2019IAPB. Une situation qui impact significativement la qualit\u00e9 de vie et de productivit\u00e9 de frange importante de Togolais.<\/p>\n\n\n<div class=\"wp-block-image\">\n<figure class=\"aligncenter size-large\"><img loading=\"lazy\" decoding=\"async\" width=\"732\" height=\"1024\" src=\"https:\/\/macite.tg\/wp-content\/uploads\/2025\/11\/image-60-732x1024.png\" alt=\"\" class=\"wp-image-26266\" srcset=\"https:\/\/macite.tg\/wp-content\/uploads\/2025\/11\/image-60-732x1024.png 732w, https:\/\/macite.tg\/wp-content\/uploads\/2025\/11\/image-60-214x300.png 214w, https:\/\/macite.tg\/wp-content\/uploads\/2025\/11\/image-60-768x1075.png 768w, https:\/\/macite.tg\/wp-content\/uploads\/2025\/11\/image-60-1097x1536.png 1097w, https:\/\/macite.tg\/wp-content\/uploads\/2025\/11\/image-60.png 1161w\" sizes=\"auto, (max-width: 732px) 100vw, 732px\" \/><\/figure>\n<\/div>\n\n\n<p class=\"wp-block-paragraph\">La signature de cette convention sectorielle, selon le pr\u00e9sident de l\u2019APPOL, se veut <em>\u00ab&nbsp;un engagement collectif pour am\u00e9liorer la l\u2019acc\u00e8s aux soins oculaires et pour soutenir nos concitoyens dans l\u2019achat de lunette&nbsp;\u00bb. <\/em>Une mani\u00e8re pour les gouvernants de <em>\u00ab&nbsp;r\u00e9duire le nombre d\u2019accidents de circulation, de chutes et d\u2019autres probl\u00e8mes li\u00e9s \u00e0 la d\u00e9ficience visuelle&nbsp;\u00bb,<\/em> a-t-il poursuivi.<\/p>\n\n\n\n<p class=\"wp-block-paragraph\">Notons que l\u2019AMU, d\u00e9ploy\u00e9 d\u00e9but 2024, garantit \u00e0 chaque Togolais, salari\u00e9s comme non-salari\u00e9, un acc\u00e8s, \u00e0 lui et \u00e0 sa famille, \u00e0 des soins de sant\u00e9 de qualit\u00e9.<\/p>\n\n\n\n<p class=\"wp-block-paragraph\"><strong>JPB<\/strong><\/p>\n\n\n\n<p class=\"wp-block-paragraph\"><a><strong><em>@macite.tg&nbsp;&nbsp;&nbsp;&nbsp;&nbsp;&nbsp;&nbsp;&nbsp;<\/em><\/strong><\/a><\/p>\n\n\n\n<p class=\"wp-block-paragraph\"><strong><em>E-mail&nbsp;: <\/em><\/strong><a href=\"mailto:maciteinfo@gmail.com\"><strong><em>maciteinfo@gmail.com<\/em><\/strong><\/a><strong><em>; <\/em><\/strong><a href=\"mailto:bawela1@gmail.com\"><strong><em>bawela1@gmail.com<\/em><\/strong><\/a><strong><em><\/em><\/strong><\/p>\n\n\n\n<p class=\"wp-block-paragraph\"><strong><em>Pour vos annonces, (publi)reportages, etc., joignez-nous au (00228)91515309\/<strong>79872224 <\/strong><strong><\/strong><\/em><\/strong><\/p>\n\n\n\n<p class=\"wp-block-paragraph\"><strong><em>www.macite.tg, L\u2019information, la bonne&nbsp;!<\/em><\/strong><\/p>\n\n\n\n<p class=\"wp-block-paragraph\"><\/p>\n","protected":false},"excerpt":{"rendered":"<p class=\"text-justify mb-2\" >Le programme d\u2019Assurance maladie universelle (AMU) est pass\u00e9, vendredi 21 novembre dernier, \u00e0 une nouvelle \u00e9tape dans le processus d\u2019impl\u00e9mentation ou de mise en \u0153uvre. En effet, les deux principaux organismes de gestion de l\u2019AMU, notamment la Caisse nationale de s\u00e9curit\u00e9 sociale (CNSS) et l\u2019Institut [&hellip;]<\/p>\n","protected":false},"author":2,"featured_media":26342,"comment_status":"open","ping_status":"open","sticky":false,"template":"","format":"standard","meta":{"footnotes":""},"categories":[20,5],"tags":[],"class_list":["post-26340","post","type-post","status-publish","format-standard","has-post-thumbnail","hentry","category-actualite","category-sante"],"yoast_head":"<!-- This site is optimized with the Yoast SEO plugin v28.4 - https:\/\/yoast.com\/product\/yoast-seo-wordpress\/ -->\n<title>ASSURANCE MALADIE UNIVERSELLE (AMU) : Une nouvelle convention int\u00e8gre les services d\u2019optique dans le dispositif de prise en charge -<\/title>\n<meta name=\"robots\" content=\"index, follow, max-snippet:-1, max-image-preview:large, max-video-preview:-1\" \/>\n<link rel=\"canonical\" href=\"https:\/\/macite.tg\/?p=26340\" \/>\n<meta property=\"og:locale\" content=\"fr_FR\" \/>\n<meta property=\"og:type\" content=\"article\" \/>\n<meta property=\"og:title\" content=\"ASSURANCE MALADIE UNIVERSELLE (AMU) : Une nouvelle convention int\u00e8gre les services d\u2019optique dans le dispositif de prise en charge -\" \/>\n<meta property=\"og:description\" content=\"Le programme d\u2019Assurance maladie universelle (AMU) est pass\u00e9, vendredi 21 novembre dernier, \u00e0 une nouvelle \u00e9tape dans le processus d\u2019impl\u00e9mentation ou de mise en \u0153uvre. En effet, les deux principaux organismes de gestion de l\u2019AMU, notamment la Caisse nationale de s\u00e9curit\u00e9 sociale (CNSS) et l\u2019Institut [&hellip;]\" \/>\n<meta property=\"og:url\" content=\"https:\/\/macite.tg\/?p=26340\" \/>\n<meta property=\"article:published_time\" content=\"2025-11-22T19:25:45+00:00\" \/>\n<meta property=\"article:modified_time\" content=\"2025-11-22T19:35:10+00:00\" \/>\n<meta property=\"og:image\" content=\"https:\/\/macite.tg\/wp-content\/uploads\/2025\/11\/Amu-oculaire.jpg\" \/>\n\t<meta property=\"og:image:width\" content=\"500\" \/>\n\t<meta property=\"og:image:height\" content=\"281\" \/>\n\t<meta property=\"og:image:type\" content=\"image\/jpeg\" \/>\n<meta name=\"author\" content=\"Jean Pierre BAWELA\" \/>\n<meta name=\"twitter:card\" content=\"summary_large_image\" \/>\n<meta name=\"twitter:label1\" content=\"\u00c9crit par\" \/>\n\t<meta name=\"twitter:data1\" content=\"Jean Pierre BAWELA\" \/>\n\t<meta name=\"twitter:label2\" content=\"Dur\u00e9e de lecture estim\u00e9e\" \/>\n\t<meta name=\"twitter:data2\" content=\"4 minutes\" \/>\n<script type=\"application\/ld+json\" class=\"yoast-schema-graph\">{\"@context\":\"https:\\\/\\\/schema.org\",\"@graph\":[{\"@type\":\"Article\",\"@id\":\"https:\\\/\\\/macite.tg\\\/?p=26340#article\",\"isPartOf\":{\"@id\":\"https:\\\/\\\/macite.tg\\\/?p=26340\"},\"author\":{\"name\":\"Jean Pierre BAWELA\",\"@id\":\"https:\\\/\\\/macite.tg\\\/#\\\/schema\\\/person\\\/e9f2de7e5dbbe7770a9402c7ce82f5c2\"},\"headline\":\"ASSURANCE MALADIE UNIVERSELLE (AMU) : Une nouvelle convention int\u00e8gre les services d\u2019optique dans le dispositif de prise en charge\",\"datePublished\":\"2025-11-22T19:25:45+00:00\",\"dateModified\":\"2025-11-22T19:35:10+00:00\",\"mainEntityOfPage\":{\"@id\":\"https:\\\/\\\/macite.tg\\\/?p=26340\"},\"wordCount\":673,\"commentCount\":0,\"image\":{\"@id\":\"https:\\\/\\\/macite.tg\\\/?p=26340#primaryimage\"},\"thumbnailUrl\":\"https:\\\/\\\/macite.tg\\\/wp-content\\\/uploads\\\/2025\\\/11\\\/Amu-oculaire.jpg\",\"articleSection\":[\"ACTUALITE\",\"SANTE\"],\"inLanguage\":\"fr-FR\",\"potentialAction\":[{\"@type\":\"CommentAction\",\"name\":\"Comment\",\"target\":[\"https:\\\/\\\/macite.tg\\\/?p=26340#respond\"]}]},{\"@type\":\"WebPage\",\"@id\":\"https:\\\/\\\/macite.tg\\\/?p=26340\",\"url\":\"https:\\\/\\\/macite.tg\\\/?p=26340\",\"name\":\"ASSURANCE MALADIE UNIVERSELLE (AMU) : Une nouvelle convention int\u00e8gre les services d\u2019optique dans le dispositif de prise en charge -\",\"isPartOf\":{\"@id\":\"https:\\\/\\\/macite.tg\\\/#website\"},\"primaryImageOfPage\":{\"@id\":\"https:\\\/\\\/macite.tg\\\/?p=26340#primaryimage\"},\"image\":{\"@id\":\"https:\\\/\\\/macite.tg\\\/?p=26340#primaryimage\"},\"thumbnailUrl\":\"https:\\\/\\\/macite.tg\\\/wp-content\\\/uploads\\\/2025\\\/11\\\/Amu-oculaire.jpg\",\"datePublished\":\"2025-11-22T19:25:45+00:00\",\"dateModified\":\"2025-11-22T19:35:10+00:00\",\"author\":{\"@id\":\"https:\\\/\\\/macite.tg\\\/#\\\/schema\\\/person\\\/e9f2de7e5dbbe7770a9402c7ce82f5c2\"},\"breadcrumb\":{\"@id\":\"https:\\\/\\\/macite.tg\\\/?p=26340#breadcrumb\"},\"inLanguage\":\"fr-FR\",\"potentialAction\":[{\"@type\":\"ReadAction\",\"target\":[\"https:\\\/\\\/macite.tg\\\/?p=26340\"]}]},{\"@type\":\"ImageObject\",\"inLanguage\":\"fr-FR\",\"@id\":\"https:\\\/\\\/macite.tg\\\/?p=26340#primaryimage\",\"url\":\"https:\\\/\\\/macite.tg\\\/wp-content\\\/uploads\\\/2025\\\/11\\\/Amu-oculaire.jpg\",\"contentUrl\":\"https:\\\/\\\/macite.tg\\\/wp-content\\\/uploads\\\/2025\\\/11\\\/Amu-oculaire.jpg\",\"width\":500,\"height\":281},{\"@type\":\"BreadcrumbList\",\"@id\":\"https:\\\/\\\/macite.tg\\\/?p=26340#breadcrumb\",\"itemListElement\":[{\"@type\":\"ListItem\",\"position\":1,\"name\":\"Accueil\",\"item\":\"https:\\\/\\\/macite.tg\\\/\"},{\"@type\":\"ListItem\",\"position\":2,\"name\":\"ASSURANCE MALADIE UNIVERSELLE (AMU) : Une nouvelle convention int\u00e8gre les services d\u2019optique dans le dispositif de prise en charge\"}]},{\"@type\":\"WebSite\",\"@id\":\"https:\\\/\\\/macite.tg\\\/#website\",\"url\":\"https:\\\/\\\/macite.tg\\\/\",\"name\":\"\",\"description\":\"L&#039;information, la bonne!!!\",\"potentialAction\":[{\"@type\":\"SearchAction\",\"target\":{\"@type\":\"EntryPoint\",\"urlTemplate\":\"https:\\\/\\\/macite.tg\\\/?s={search_term_string}\"},\"query-input\":{\"@type\":\"PropertyValueSpecification\",\"valueRequired\":true,\"valueName\":\"search_term_string\"}}],\"inLanguage\":\"fr-FR\"},{\"@type\":\"Person\",\"@id\":\"https:\\\/\\\/macite.tg\\\/#\\\/schema\\\/person\\\/e9f2de7e5dbbe7770a9402c7ce82f5c2\",\"name\":\"Jean Pierre BAWELA\",\"image\":{\"@type\":\"ImageObject\",\"inLanguage\":\"fr-FR\",\"@id\":\"https:\\\/\\\/macite.tg\\\/wp-content\\\/uploads\\\/2023\\\/09\\\/WhatsApp-Image-2023-09-19-at-14.44.41-122x122.jpeg\",\"url\":\"https:\\\/\\\/macite.tg\\\/wp-content\\\/uploads\\\/2023\\\/09\\\/WhatsApp-Image-2023-09-19-at-14.44.41-122x122.jpeg\",\"contentUrl\":\"https:\\\/\\\/macite.tg\\\/wp-content\\\/uploads\\\/2023\\\/09\\\/WhatsApp-Image-2023-09-19-at-14.44.41-122x122.jpeg\",\"caption\":\"Jean Pierre BAWELA\"},\"url\":\"https:\\\/\\\/macite.tg\\\/?author=2\"}]}<\/script>\n<!-- \/ Yoast SEO plugin. -->","yoast_head_json":{"title":"ASSURANCE MALADIE UNIVERSELLE (AMU) : Une nouvelle convention int\u00e8gre les services d\u2019optique dans le dispositif de prise en charge -","robots":{"index":"index","follow":"follow","max-snippet":"max-snippet:-1","max-image-preview":"max-image-preview:large","max-video-preview":"max-video-preview:-1"},"canonical":"https:\/\/macite.tg\/?p=26340","og_locale":"fr_FR","og_type":"article","og_title":"ASSURANCE MALADIE UNIVERSELLE (AMU) : Une nouvelle convention int\u00e8gre les services d\u2019optique dans le dispositif de prise en charge -","og_description":"Le programme d\u2019Assurance maladie universelle (AMU) est pass\u00e9, vendredi 21 novembre dernier, \u00e0 une nouvelle \u00e9tape dans le processus d\u2019impl\u00e9mentation ou de mise en \u0153uvre. En effet, les deux principaux organismes de gestion de l\u2019AMU, notamment la Caisse nationale de s\u00e9curit\u00e9 sociale (CNSS) et l\u2019Institut [&hellip;]","og_url":"https:\/\/macite.tg\/?p=26340","article_published_time":"2025-11-22T19:25:45+00:00","article_modified_time":"2025-11-22T19:35:10+00:00","og_image":[{"width":500,"height":281,"url":"https:\/\/macite.tg\/wp-content\/uploads\/2025\/11\/Amu-oculaire.jpg","type":"image\/jpeg"}],"author":"Jean Pierre BAWELA","twitter_card":"summary_large_image","twitter_misc":{"\u00c9crit par":"Jean Pierre BAWELA","Dur\u00e9e de lecture estim\u00e9e":"4 minutes"},"schema":{"@context":"https:\/\/schema.org","@graph":[{"@type":"Article","@id":"https:\/\/macite.tg\/?p=26340#article","isPartOf":{"@id":"https:\/\/macite.tg\/?p=26340"},"author":{"name":"Jean Pierre BAWELA","@id":"https:\/\/macite.tg\/#\/schema\/person\/e9f2de7e5dbbe7770a9402c7ce82f5c2"},"headline":"ASSURANCE MALADIE UNIVERSELLE (AMU) : Une nouvelle convention int\u00e8gre les services d\u2019optique dans le dispositif de prise en charge","datePublished":"2025-11-22T19:25:45+00:00","dateModified":"2025-11-22T19:35:10+00:00","mainEntityOfPage":{"@id":"https:\/\/macite.tg\/?p=26340"},"wordCount":673,"commentCount":0,"image":{"@id":"https:\/\/macite.tg\/?p=26340#primaryimage"},"thumbnailUrl":"https:\/\/macite.tg\/wp-content\/uploads\/2025\/11\/Amu-oculaire.jpg","articleSection":["ACTUALITE","SANTE"],"inLanguage":"fr-FR","potentialAction":[{"@type":"CommentAction","name":"Comment","target":["https:\/\/macite.tg\/?p=26340#respond"]}]},{"@type":"WebPage","@id":"https:\/\/macite.tg\/?p=26340","url":"https:\/\/macite.tg\/?p=26340","name":"ASSURANCE MALADIE UNIVERSELLE (AMU) : Une nouvelle convention int\u00e8gre les services d\u2019optique dans le dispositif de prise en charge -","isPartOf":{"@id":"https:\/\/macite.tg\/#website"},"primaryImageOfPage":{"@id":"https:\/\/macite.tg\/?p=26340#primaryimage"},"image":{"@id":"https:\/\/macite.tg\/?p=26340#primaryimage"},"thumbnailUrl":"https:\/\/macite.tg\/wp-content\/uploads\/2025\/11\/Amu-oculaire.jpg","datePublished":"2025-11-22T19:25:45+00:00","dateModified":"2025-11-22T19:35:10+00:00","author":{"@id":"https:\/\/macite.tg\/#\/schema\/person\/e9f2de7e5dbbe7770a9402c7ce82f5c2"},"breadcrumb":{"@id":"https:\/\/macite.tg\/?p=26340#breadcrumb"},"inLanguage":"fr-FR","potentialAction":[{"@type":"ReadAction","target":["https:\/\/macite.tg\/?p=26340"]}]},{"@type":"ImageObject","inLanguage":"fr-FR","@id":"https:\/\/macite.tg\/?p=26340#primaryimage","url":"https:\/\/macite.tg\/wp-content\/uploads\/2025\/11\/Amu-oculaire.jpg","contentUrl":"https:\/\/macite.tg\/wp-content\/uploads\/2025\/11\/Amu-oculaire.jpg","width":500,"height":281},{"@type":"BreadcrumbList","@id":"https:\/\/macite.tg\/?p=26340#breadcrumb","itemListElement":[{"@type":"ListItem","position":1,"name":"Accueil","item":"https:\/\/macite.tg\/"},{"@type":"ListItem","position":2,"name":"ASSURANCE MALADIE UNIVERSELLE (AMU) : Une nouvelle convention int\u00e8gre les services d\u2019optique dans le dispositif de prise en charge"}]},{"@type":"WebSite","@id":"https:\/\/macite.tg\/#website","url":"https:\/\/macite.tg\/","name":"","description":"L&#039;information, la bonne!!!","potentialAction":[{"@type":"SearchAction","target":{"@type":"EntryPoint","urlTemplate":"https:\/\/macite.tg\/?s={search_term_string}"},"query-input":{"@type":"PropertyValueSpecification","valueRequired":true,"valueName":"search_term_string"}}],"inLanguage":"fr-FR"},{"@type":"Person","@id":"https:\/\/macite.tg\/#\/schema\/person\/e9f2de7e5dbbe7770a9402c7ce82f5c2","name":"Jean Pierre BAWELA","image":{"@type":"ImageObject","inLanguage":"fr-FR","@id":"https:\/\/macite.tg\/wp-content\/uploads\/2023\/09\/WhatsApp-Image-2023-09-19-at-14.44.41-122x122.jpeg","url":"https:\/\/macite.tg\/wp-content\/uploads\/2023\/09\/WhatsApp-Image-2023-09-19-at-14.44.41-122x122.jpeg","contentUrl":"https:\/\/macite.tg\/wp-content\/uploads\/2023\/09\/WhatsApp-Image-2023-09-19-at-14.44.41-122x122.jpeg","caption":"Jean Pierre BAWELA"},"url":"https:\/\/macite.tg\/?author=2"}]}},"_links":{"self":[{"href":"https:\/\/macite.tg\/index.php?rest_route=\/wp\/v2\/posts\/26340","targetHints":{"allow":["GET"]}}],"collection":[{"href":"https:\/\/macite.tg\/index.php?rest_route=\/wp\/v2\/posts"}],"about":[{"href":"https:\/\/macite.tg\/index.php?rest_route=\/wp\/v2\/types\/post"}],"author":[{"embeddable":true,"href":"https:\/\/macite.tg\/index.php?rest_route=\/wp\/v2\/users\/2"}],"replies":[{"embeddable":true,"href":"https:\/\/macite.tg\/index.php?rest_route=%2Fwp%2Fv2%2Fcomments&post=26340"}],"version-history":[{"count":0,"href":"https:\/\/macite.tg\/index.php?rest_route=\/wp\/v2\/posts\/26340\/revisions"}],"wp:featuredmedia":[{"embeddable":true,"href":"https:\/\/macite.tg\/index.php?rest_route=\/wp\/v2\/media\/26342"}],"wp:attachment":[{"href":"https:\/\/macite.tg\/index.php?rest_route=%2Fwp%2Fv2%2Fmedia&parent=26340"}],"wp:term":[{"taxonomy":"category","embeddable":true,"href":"https:\/\/macite.tg\/index.php?rest_route=%2Fwp%2Fv2%2Fcategories&post=26340"},{"taxonomy":"post_tag","embeddable":true,"href":"https:\/\/macite.tg\/index.php?rest_route=%2Fwp%2Fv2%2Ftags&post=26340"}],"curies":[{"name":"wp","href":"https:\/\/api.w.org\/{rel}","templated":true}]}}