{"id":26334,"date":"2025-11-22T19:00:43","date_gmt":"2025-11-22T19:00:43","guid":{"rendered":"https:\/\/macite.tg\/?p=26334"},"modified":"2025-11-22T19:00:52","modified_gmt":"2025-11-22T19:00:52","slug":"finances-le-senegal-en-letat-durgence-economique","status":"publish","type":"post","link":"https:\/\/macite.tg\/?p=26334","title":{"rendered":"FINANCES\u00a0: Le S\u00e9n\u00e9gal en l&rsquo;\u00e9tat d&rsquo;urgence \u00e9conomique !"},"content":{"rendered":"\n<p class=\"wp-block-paragraph\"><strong><em>La dette cach\u00e9e du S\u00e9n\u00e9gal continue d&rsquo;agiter les milieux \u00e9conomiques et politiques. \u00c0 l&rsquo;issue de sa mission au S\u00e9n\u00e9gal, le\u00a06\u00a0novembre, le Fonds mon\u00e9taire international (FMI) a annonc\u00e9 la prolongation des discussions. Dans son communiqu\u00e9 final, le FMI souligne\u00a0: \u00ab\u00a0Les discussions ont \u00e9t\u00e9 productives et se sont concentr\u00e9es sur les actions requises pour traiter les vuln\u00e9rabilit\u00e9s budg\u00e9taires et de dette mises en \u00e9vidence par l&rsquo;\u00e9pisode de la dette cach\u00e9e, posant ainsi une base solide pour la poursuite des \u00e9changes dans les semaines \u00e0 venir en vue d&rsquo;un \u00e9ventuel nouveau programme soutenu par le FMI.\u00a0\u00bb\u00a0Visiblement, l&rsquo;Institution de Bretton Woods tenait \u00e0 prolonger les discussions et \u00e0 souligner les points \u00e0 r\u00e9gler pour s&rsquo;engager dans un nouveau programme avec le S\u00e9n\u00e9gal.\u00a0<\/em><\/strong><\/p>\n\n\n\n<p class=\"wp-block-paragraph\">En effet, depuis l\u2019annonce d\u2019une dette cach\u00e9e, le programme d&rsquo;appui de 1,8 milliard de dollars engag\u00e9 par l&rsquo;institution a \u00e9t\u00e9 suspendu. Cette prolongation, alors que le pays recherche d\u00e9sesp\u00e9r\u00e9ment des moyens de se financer sans trop creuser plus profond son endettement, ne passe pas. Dakar attend ce programme d&rsquo;appui du FMI avec impatience pour rassurer ses cr\u00e9anciers, les march\u00e9s et stabiliser son \u00e9conomie.<\/p>\n\n\n\n<p class=\"wp-block-paragraph\">\u00c0 la surprise g\u00e9n\u00e9rale, apr\u00e8s l&rsquo;annonce du FMI de poursuivre le dialogue, le Premier ministre s&rsquo;est mis en cong\u00e9 pour organiser un grand meeting politique, le&nbsp;8&nbsp;novembre. L&rsquo;id\u00e9e \u00e9tait certainement de montrer sa force politique.<\/p>\n\n\n\n<figure class=\"wp-block-image size-large\"><img loading=\"lazy\" decoding=\"async\" width=\"1024\" height=\"392\" src=\"https:\/\/macite.tg\/wp-content\/uploads\/2025\/11\/8d9cf208-3716-4e73-bc0c-3341ae213e6b-1024x392.jpg\" alt=\"\" class=\"wp-image-26198\" srcset=\"https:\/\/macite.tg\/wp-content\/uploads\/2025\/11\/8d9cf208-3716-4e73-bc0c-3341ae213e6b-1024x392.jpg 1024w, https:\/\/macite.tg\/wp-content\/uploads\/2025\/11\/8d9cf208-3716-4e73-bc0c-3341ae213e6b-300x115.jpg 300w, https:\/\/macite.tg\/wp-content\/uploads\/2025\/11\/8d9cf208-3716-4e73-bc0c-3341ae213e6b-768x294.jpg 768w, https:\/\/macite.tg\/wp-content\/uploads\/2025\/11\/8d9cf208-3716-4e73-bc0c-3341ae213e6b.jpg 1080w\" sizes=\"auto, (max-width: 1024px) 100vw, 1024px\" \/><\/figure>\n\n\n\n<p class=\"wp-block-paragraph\">Pour rappel, Ousmane Sonko, leader du Pastef (Patriotes africains du S\u00e9n\u00e9gal pour le travail, l&rsquo;\u00e9thique et la fraternit\u00e9), s&rsquo;\u00e9tant vu refuser sa candidature \u00e0 la pr\u00e9sidentielle, avait favoris\u00e9 l&rsquo;\u00e9mergence d&rsquo;un homme, Bassirou Diomaye Faye, et ainsi pr\u00e9sent\u00e9 un ticket \u00e0 deux t\u00eates. Avec un slogan&nbsp;: \u00ab&nbsp;Diomaye mooy Sonko&nbsp;\u00bb (\u00ab&nbsp;Diomaye, c&rsquo;est Sonko&nbsp;\u00bb, en wolof).&nbsp;<\/p>\n\n\n\n<p class=\"wp-block-paragraph\">Les d\u00e9clarations sur la dette de Sonko lors du meeting ont fait vaciller les obligations souveraines s\u00e9n\u00e9galaises (eurobonds) d\u00e8s l&rsquo;ouverture des march\u00e9s le lundi 10. Les eurobonds arrivant \u00e0 \u00e9ch\u00e9ance en&nbsp;2031&nbsp;ont plong\u00e9 de 4,3&nbsp;% pour atteindre 72,6 cents, enregistrant leur pire performance depuis leur \u00e9mission, selon les donn\u00e9es compil\u00e9es par Bloomberg. D\u00e9j\u00e0, \u00e0 l&rsquo;annonce de la prolongation des discussions, le march\u00e9 avait r\u00e9agi \u00e0 la baisse. Les eurobonds permettent au pays d&#8217;emprunter de l&rsquo;argent sur les march\u00e9s internationaux.<\/p>\n\n\n\n<p class=\"wp-block-paragraph\">Apr\u00e8s cette vive r\u00e9action du Premier ministre s\u00e9n\u00e9galais, le FMI a tenu \u00e0 pr\u00e9ciser sa position dans un entretien \u00e0 Reuters. Un porte-parole du FMI a d\u00e9clar\u00e9 que l&rsquo;institution a bien discut\u00e9 de diverses options avec le S\u00e9n\u00e9gal, mais que la d\u00e9cision finale appartient aux autorit\u00e9s s\u00e9n\u00e9galaises<em>. \u00ab&nbsp;Le choix et la nature sp\u00e9cifique des op\u00e9rations sur la dette, ainsi que la d\u00e9cision de restructurer ou non les obligations de dette, restent une d\u00e9cision souveraine&nbsp;\u00bb,<\/em> a-t-il affirm\u00e9.<\/p>\n\n\n\n<p class=\"wp-block-paragraph\"><strong>Une dette qui se creuse<\/strong><\/p>\n\n\n\n<p class=\"wp-block-paragraph\">La dette cach\u00e9e du pays, mise au jour apr\u00e8s le d\u00e9part du pr\u00e9sident Macky Sall en&nbsp;2024, p\u00e8se comme une \u00e9p\u00e9e de Damocl\u00e8s sur les finances nationales. Depuis sa r\u00e9v\u00e9lation, l&rsquo;\u00e9valuation de la dette ne cesse de s&rsquo;alourdir. Une premi\u00e8re estimation chiffrait le poids de cette dette \u00e0 environ 100&nbsp;% du PIB, contre les 70&nbsp;% annonc\u00e9s par l&rsquo;ancienne \u00e9quipe de Macky Sall.<\/p>\n\n\n\n<figure class=\"wp-block-image size-full\"><img loading=\"lazy\" decoding=\"async\" width=\"851\" height=\"315\" src=\"https:\/\/macite.tg\/wp-content\/uploads\/2025\/11\/OTR_Bandeau-Renseignements.jpg\" alt=\"\" class=\"wp-image-26338\" srcset=\"https:\/\/macite.tg\/wp-content\/uploads\/2025\/11\/OTR_Bandeau-Renseignements.jpg 851w, https:\/\/macite.tg\/wp-content\/uploads\/2025\/11\/OTR_Bandeau-Renseignements-300x111.jpg 300w, https:\/\/macite.tg\/wp-content\/uploads\/2025\/11\/OTR_Bandeau-Renseignements-768x284.jpg 768w\" sizes=\"auto, (max-width: 851px) 100vw, 851px\" \/><\/figure>\n\n\n\n<p class=\"wp-block-paragraph\">Au fil des mois et des audits, le poids de la dette est pass\u00e9 de 100&nbsp;% \u00e0 120&nbsp;% du PIB fin juin 2025. Apr\u00e8s deux semaines de mission \u00e0 Dakar, le FMI estime d\u00e9sormais la <em>\u00ab&nbsp;dette du secteur public et parapublic \u00e0&nbsp;132&nbsp;% du PIB \u00e0 fin 2024, dont 4&nbsp;% d&rsquo;arri\u00e9r\u00e9s int\u00e9rieurs de paiement&nbsp;\u00bb.<\/em> Un certain flou persiste toujours quant aux montants exacts. Le FMI attend toujours les r\u00e9sultats de l&rsquo;audit en cours men\u00e9 par l&rsquo;Inspection g\u00e9n\u00e9rale des finances sur lesdits arri\u00e9r\u00e9s de paiement.&nbsp;<\/p>\n\n\n\n<p class=\"wp-block-paragraph\">Ce trou de la dette qui s&rsquo;agrandit au fil des \u00e9valuations a entra\u00een\u00e9 des d\u00e9gradations successives de la note attribu\u00e9e au S\u00e9n\u00e9gal par les agences de rating. Dakar se rapproche du risque de d\u00e9faut de paiement. Ainsi, le&nbsp;10&nbsp;octobre, l&rsquo;agence de notation internationale Moody&rsquo;s a abaiss\u00e9 la note souveraine du pays de B3 \u00e0 Caa1 avec une perspective n\u00e9gative. C&rsquo;est la troisi\u00e8me baisse depuis le d\u00e9but de l&rsquo;ann\u00e9e, li\u00e9e \u00e0 des risques accrus sur la dette et les liquidit\u00e9s.<\/p>\n\n\n\n<p class=\"wp-block-paragraph\">Cette annonce avait soulev\u00e9 un torrent de col\u00e8re de la part de l&rsquo;ex\u00e9cutif. Le&nbsp;16&nbsp;novembre, Standard &amp; Poor&rsquo;s d\u00e9grade la note du S\u00e9n\u00e9gal pour la deuxi\u00e8me fois depuis le d\u00e9but de l&rsquo;ann\u00e9e. La note passe de \u00ab&nbsp;B-&nbsp;\u00bb \u00e0 \u00ab&nbsp;CCC+&nbsp;\u00bb, cette derni\u00e8re fait du S\u00e9n\u00e9gal un pays consid\u00e9r\u00e9 comme tr\u00e8s vuln\u00e9rable face \u00e0 leurs obligations financi\u00e8res. Une&nbsp;sanction qui intervient alors que Dakar multiplie les emprunts sur les march\u00e9s r\u00e9gionaux et domestique.<\/p>\n\n\n\n<p class=\"wp-block-paragraph\"><em>\u00ab&nbsp;On n&rsquo;a jamais vu une dette cach\u00e9e de cette importance<\/em>&nbsp;\u00bb en Afrique, a affirm\u00e9 Edward Gemayel, le chef de mission du FMI, devant les journalistes, \u00e0 l&rsquo;issue de la mission. D\u00e9sormais, la dette est estim\u00e9e \u00e0 plus de&nbsp;11&nbsp;milliards de dollars. C&rsquo;est bien l&rsquo;importance de cette dette qui complique les n\u00e9gociations. Pour autant, le FMI reconna\u00eet que <em>\u00ab&nbsp;les autorit\u00e9s ont fait preuve d&rsquo;un engagement fort en faveur de la transparence et des r\u00e9formes&nbsp;\u00bb.<\/em><\/p>\n\n\n\n<p class=\"wp-block-paragraph\">Pour le FMI, il faut aller plus loin. En prenant des mesures concr\u00e8tes pour s&rsquo;attaquer aux causes profondes de la dette cach\u00e9e pass\u00e9e et renforcer l\u2019int\u00e9grit\u00e9 des finances publiques, tout en reconnaissant que des efforts importants seront encore n\u00e9cessaires pour faire face aux pressions \u00e9lev\u00e9es sur la dette.<\/p>\n\n\n<div class=\"wp-block-image\">\n<figure class=\"aligncenter size-large\"><img loading=\"lazy\" decoding=\"async\" width=\"732\" height=\"1024\" src=\"https:\/\/macite.tg\/wp-content\/uploads\/2025\/11\/image-60-732x1024.png\" alt=\"\" class=\"wp-image-26266\" srcset=\"https:\/\/macite.tg\/wp-content\/uploads\/2025\/11\/image-60-732x1024.png 732w, https:\/\/macite.tg\/wp-content\/uploads\/2025\/11\/image-60-214x300.png 214w, https:\/\/macite.tg\/wp-content\/uploads\/2025\/11\/image-60-768x1075.png 768w, https:\/\/macite.tg\/wp-content\/uploads\/2025\/11\/image-60-1097x1536.png 1097w, https:\/\/macite.tg\/wp-content\/uploads\/2025\/11\/image-60.png 1161w\" sizes=\"auto, (max-width: 732px) 100vw, 732px\" \/><\/figure>\n<\/div>\n\n\n<p class=\"wp-block-paragraph\">Du point de vue \u00e9conomique, cette dette p\u00e8se sur le budget du pays et limite fortement les marges de man\u0153uvre alors que la population est confront\u00e9e au rench\u00e9rissement du co\u00fbt de la vie. La hausse du prix des produits alimentaires, la pression sur les loyers, le ch\u00f4mage notamment des jeunes persistant se traduisent par une chute du pouvoir d&rsquo;achat. Les attentes vis-\u00e0-vis du nouveau r\u00e9gime \u00e9taient fortes&nbsp;: une justice \u00e9quitable, un redressement \u00e9thique et un \u00c9tat au service du peuple. L&rsquo;espoir suscit\u00e9 par le changement politique risque de se transformer en grande d\u00e9ception.<\/p>\n\n\n\n<p class=\"wp-block-paragraph\"><strong>MSN<\/strong><\/p>\n\n\n\n<p class=\"wp-block-paragraph\"><a><strong><em>@macite.tg&nbsp;&nbsp;&nbsp;&nbsp;&nbsp;&nbsp;&nbsp;&nbsp;<\/em><\/strong><\/a><\/p>\n\n\n\n<p class=\"wp-block-paragraph\"><strong><em>E-mail&nbsp;: <\/em><\/strong><a href=\"mailto:maciteinfo@gmail.com\"><strong><em>maciteinfo@gmail.com<\/em><\/strong><\/a><strong><em>; <\/em><\/strong><a href=\"mailto:bawela1@gmail.com\"><strong><em>bawela1@gmail.com<\/em><\/strong><\/a><strong><em><\/em><\/strong><\/p>\n\n\n\n<p class=\"wp-block-paragraph\"><strong><em>Pour vos annonces, (publi)reportages, etc., joignez-nous au (00228)91515309\/<strong>79872224 <\/strong><strong><\/strong><\/em><\/strong><\/p>\n\n\n\n<p class=\"wp-block-paragraph\"><strong><em>www.macite.tg, L\u2019information, la bonne&nbsp;!<\/em><\/strong><\/p>\n\n\n\n<p class=\"wp-block-paragraph\"><\/p>\n","protected":false},"excerpt":{"rendered":"<p class=\"text-justify mb-2\" >La dette cach\u00e9e du S\u00e9n\u00e9gal continue d&rsquo;agiter les milieux \u00e9conomiques et politiques. \u00c0 l&rsquo;issue de sa mission au S\u00e9n\u00e9gal, le\u00a06\u00a0novembre, le Fonds mon\u00e9taire international (FMI) a annonc\u00e9 la prolongation des discussions. Dans son communiqu\u00e9 final, le FMI souligne\u00a0: \u00ab\u00a0Les discussions ont \u00e9t\u00e9 productives et se [&hellip;]<\/p>\n","protected":false},"author":2,"featured_media":26339,"comment_status":"open","ping_status":"open","sticky":false,"template":"","format":"standard","meta":{"footnotes":""},"categories":[20,3],"tags":[],"class_list":["post-26334","post","type-post","status-publish","format-standard","has-post-thumbnail","hentry","category-actualite","category-economie"],"yoast_head":"<!-- This site is optimized with the Yoast SEO plugin v28.4 - https:\/\/yoast.com\/product\/yoast-seo-wordpress\/ -->\n<title>FINANCES\u00a0: Le S\u00e9n\u00e9gal en l&#039;\u00e9tat d&#039;urgence \u00e9conomique ! -<\/title>\n<meta name=\"robots\" content=\"index, follow, max-snippet:-1, max-image-preview:large, max-video-preview:-1\" \/>\n<link rel=\"canonical\" href=\"https:\/\/macite.tg\/?p=26334\" \/>\n<meta property=\"og:locale\" content=\"fr_FR\" \/>\n<meta property=\"og:type\" content=\"article\" \/>\n<meta property=\"og:title\" content=\"FINANCES\u00a0: Le S\u00e9n\u00e9gal en l&#039;\u00e9tat d&#039;urgence \u00e9conomique ! -\" \/>\n<meta property=\"og:description\" content=\"La dette cach\u00e9e du S\u00e9n\u00e9gal continue d&rsquo;agiter les milieux \u00e9conomiques et politiques. \u00c0 l&rsquo;issue de sa mission au S\u00e9n\u00e9gal, le\u00a06\u00a0novembre, le Fonds mon\u00e9taire international (FMI) a annonc\u00e9 la prolongation des discussions. Dans son communiqu\u00e9 final, le FMI souligne\u00a0: \u00ab\u00a0Les discussions ont \u00e9t\u00e9 productives et se [&hellip;]\" \/>\n<meta property=\"og:url\" content=\"https:\/\/macite.tg\/?p=26334\" \/>\n<meta property=\"article:published_time\" content=\"2025-11-22T19:00:43+00:00\" \/>\n<meta property=\"article:modified_time\" content=\"2025-11-22T19:00:52+00:00\" \/>\n<meta property=\"og:image\" content=\"https:\/\/macite.tg\/wp-content\/uploads\/2025\/11\/image-71.png\" \/>\n\t<meta property=\"og:image:width\" content=\"534\" \/>\n\t<meta property=\"og:image:height\" content=\"356\" \/>\n\t<meta property=\"og:image:type\" content=\"image\/png\" \/>\n<meta name=\"author\" content=\"Jean Pierre BAWELA\" \/>\n<meta name=\"twitter:card\" content=\"summary_large_image\" \/>\n<meta name=\"twitter:label1\" content=\"\u00c9crit par\" \/>\n\t<meta name=\"twitter:data1\" content=\"Jean Pierre BAWELA\" \/>\n\t<meta name=\"twitter:label2\" content=\"Dur\u00e9e de lecture estim\u00e9e\" \/>\n\t<meta name=\"twitter:data2\" content=\"6 minutes\" \/>\n<script type=\"application\/ld+json\" class=\"yoast-schema-graph\">{\"@context\":\"https:\\\/\\\/schema.org\",\"@graph\":[{\"@type\":\"Article\",\"@id\":\"https:\\\/\\\/macite.tg\\\/?p=26334#article\",\"isPartOf\":{\"@id\":\"https:\\\/\\\/macite.tg\\\/?p=26334\"},\"author\":{\"name\":\"Jean Pierre BAWELA\",\"@id\":\"https:\\\/\\\/macite.tg\\\/#\\\/schema\\\/person\\\/e9f2de7e5dbbe7770a9402c7ce82f5c2\"},\"headline\":\"FINANCES\u00a0: Le S\u00e9n\u00e9gal en l&rsquo;\u00e9tat d&rsquo;urgence \u00e9conomique !\",\"datePublished\":\"2025-11-22T19:00:43+00:00\",\"dateModified\":\"2025-11-22T19:00:52+00:00\",\"mainEntityOfPage\":{\"@id\":\"https:\\\/\\\/macite.tg\\\/?p=26334\"},\"wordCount\":1165,\"commentCount\":0,\"image\":{\"@id\":\"https:\\\/\\\/macite.tg\\\/?p=26334#primaryimage\"},\"thumbnailUrl\":\"https:\\\/\\\/macite.tg\\\/wp-content\\\/uploads\\\/2025\\\/11\\\/image-71.png\",\"articleSection\":[\"ACTUALITE\",\"ECONOMIE\"],\"inLanguage\":\"fr-FR\",\"potentialAction\":[{\"@type\":\"CommentAction\",\"name\":\"Comment\",\"target\":[\"https:\\\/\\\/macite.tg\\\/?p=26334#respond\"]}]},{\"@type\":\"WebPage\",\"@id\":\"https:\\\/\\\/macite.tg\\\/?p=26334\",\"url\":\"https:\\\/\\\/macite.tg\\\/?p=26334\",\"name\":\"FINANCES\u00a0: Le S\u00e9n\u00e9gal en l'\u00e9tat d'urgence \u00e9conomique ! -\",\"isPartOf\":{\"@id\":\"https:\\\/\\\/macite.tg\\\/#website\"},\"primaryImageOfPage\":{\"@id\":\"https:\\\/\\\/macite.tg\\\/?p=26334#primaryimage\"},\"image\":{\"@id\":\"https:\\\/\\\/macite.tg\\\/?p=26334#primaryimage\"},\"thumbnailUrl\":\"https:\\\/\\\/macite.tg\\\/wp-content\\\/uploads\\\/2025\\\/11\\\/image-71.png\",\"datePublished\":\"2025-11-22T19:00:43+00:00\",\"dateModified\":\"2025-11-22T19:00:52+00:00\",\"author\":{\"@id\":\"https:\\\/\\\/macite.tg\\\/#\\\/schema\\\/person\\\/e9f2de7e5dbbe7770a9402c7ce82f5c2\"},\"breadcrumb\":{\"@id\":\"https:\\\/\\\/macite.tg\\\/?p=26334#breadcrumb\"},\"inLanguage\":\"fr-FR\",\"potentialAction\":[{\"@type\":\"ReadAction\",\"target\":[\"https:\\\/\\\/macite.tg\\\/?p=26334\"]}]},{\"@type\":\"ImageObject\",\"inLanguage\":\"fr-FR\",\"@id\":\"https:\\\/\\\/macite.tg\\\/?p=26334#primaryimage\",\"url\":\"https:\\\/\\\/macite.tg\\\/wp-content\\\/uploads\\\/2025\\\/11\\\/image-71.png\",\"contentUrl\":\"https:\\\/\\\/macite.tg\\\/wp-content\\\/uploads\\\/2025\\\/11\\\/image-71.png\",\"width\":534,\"height\":356,\"caption\":\"Le tandem Faye - Sonko\"},{\"@type\":\"BreadcrumbList\",\"@id\":\"https:\\\/\\\/macite.tg\\\/?p=26334#breadcrumb\",\"itemListElement\":[{\"@type\":\"ListItem\",\"position\":1,\"name\":\"Accueil\",\"item\":\"https:\\\/\\\/macite.tg\\\/\"},{\"@type\":\"ListItem\",\"position\":2,\"name\":\"FINANCES\u00a0: Le S\u00e9n\u00e9gal en l&rsquo;\u00e9tat d&rsquo;urgence \u00e9conomique !\"}]},{\"@type\":\"WebSite\",\"@id\":\"https:\\\/\\\/macite.tg\\\/#website\",\"url\":\"https:\\\/\\\/macite.tg\\\/\",\"name\":\"\",\"description\":\"L&#039;information, la bonne!!!\",\"potentialAction\":[{\"@type\":\"SearchAction\",\"target\":{\"@type\":\"EntryPoint\",\"urlTemplate\":\"https:\\\/\\\/macite.tg\\\/?s={search_term_string}\"},\"query-input\":{\"@type\":\"PropertyValueSpecification\",\"valueRequired\":true,\"valueName\":\"search_term_string\"}}],\"inLanguage\":\"fr-FR\"},{\"@type\":\"Person\",\"@id\":\"https:\\\/\\\/macite.tg\\\/#\\\/schema\\\/person\\\/e9f2de7e5dbbe7770a9402c7ce82f5c2\",\"name\":\"Jean Pierre BAWELA\",\"image\":{\"@type\":\"ImageObject\",\"inLanguage\":\"fr-FR\",\"@id\":\"https:\\\/\\\/macite.tg\\\/wp-content\\\/uploads\\\/2023\\\/09\\\/WhatsApp-Image-2023-09-19-at-14.44.41-122x122.jpeg\",\"url\":\"https:\\\/\\\/macite.tg\\\/wp-content\\\/uploads\\\/2023\\\/09\\\/WhatsApp-Image-2023-09-19-at-14.44.41-122x122.jpeg\",\"contentUrl\":\"https:\\\/\\\/macite.tg\\\/wp-content\\\/uploads\\\/2023\\\/09\\\/WhatsApp-Image-2023-09-19-at-14.44.41-122x122.jpeg\",\"caption\":\"Jean Pierre BAWELA\"},\"url\":\"https:\\\/\\\/macite.tg\\\/?author=2\"}]}<\/script>\n<!-- \/ Yoast SEO plugin. -->","yoast_head_json":{"title":"FINANCES\u00a0: Le S\u00e9n\u00e9gal en l'\u00e9tat d'urgence \u00e9conomique ! -","robots":{"index":"index","follow":"follow","max-snippet":"max-snippet:-1","max-image-preview":"max-image-preview:large","max-video-preview":"max-video-preview:-1"},"canonical":"https:\/\/macite.tg\/?p=26334","og_locale":"fr_FR","og_type":"article","og_title":"FINANCES\u00a0: Le S\u00e9n\u00e9gal en l'\u00e9tat d'urgence \u00e9conomique ! -","og_description":"La dette cach\u00e9e du S\u00e9n\u00e9gal continue d&rsquo;agiter les milieux \u00e9conomiques et politiques. \u00c0 l&rsquo;issue de sa mission au S\u00e9n\u00e9gal, le\u00a06\u00a0novembre, le Fonds mon\u00e9taire international (FMI) a annonc\u00e9 la prolongation des discussions. Dans son communiqu\u00e9 final, le FMI souligne\u00a0: \u00ab\u00a0Les discussions ont \u00e9t\u00e9 productives et se [&hellip;]","og_url":"https:\/\/macite.tg\/?p=26334","article_published_time":"2025-11-22T19:00:43+00:00","article_modified_time":"2025-11-22T19:00:52+00:00","og_image":[{"width":534,"height":356,"url":"https:\/\/macite.tg\/wp-content\/uploads\/2025\/11\/image-71.png","type":"image\/png"}],"author":"Jean Pierre BAWELA","twitter_card":"summary_large_image","twitter_misc":{"\u00c9crit par":"Jean Pierre BAWELA","Dur\u00e9e de lecture estim\u00e9e":"6 minutes"},"schema":{"@context":"https:\/\/schema.org","@graph":[{"@type":"Article","@id":"https:\/\/macite.tg\/?p=26334#article","isPartOf":{"@id":"https:\/\/macite.tg\/?p=26334"},"author":{"name":"Jean Pierre BAWELA","@id":"https:\/\/macite.tg\/#\/schema\/person\/e9f2de7e5dbbe7770a9402c7ce82f5c2"},"headline":"FINANCES\u00a0: Le S\u00e9n\u00e9gal en l&rsquo;\u00e9tat d&rsquo;urgence \u00e9conomique !","datePublished":"2025-11-22T19:00:43+00:00","dateModified":"2025-11-22T19:00:52+00:00","mainEntityOfPage":{"@id":"https:\/\/macite.tg\/?p=26334"},"wordCount":1165,"commentCount":0,"image":{"@id":"https:\/\/macite.tg\/?p=26334#primaryimage"},"thumbnailUrl":"https:\/\/macite.tg\/wp-content\/uploads\/2025\/11\/image-71.png","articleSection":["ACTUALITE","ECONOMIE"],"inLanguage":"fr-FR","potentialAction":[{"@type":"CommentAction","name":"Comment","target":["https:\/\/macite.tg\/?p=26334#respond"]}]},{"@type":"WebPage","@id":"https:\/\/macite.tg\/?p=26334","url":"https:\/\/macite.tg\/?p=26334","name":"FINANCES\u00a0: Le S\u00e9n\u00e9gal en l'\u00e9tat d'urgence \u00e9conomique ! -","isPartOf":{"@id":"https:\/\/macite.tg\/#website"},"primaryImageOfPage":{"@id":"https:\/\/macite.tg\/?p=26334#primaryimage"},"image":{"@id":"https:\/\/macite.tg\/?p=26334#primaryimage"},"thumbnailUrl":"https:\/\/macite.tg\/wp-content\/uploads\/2025\/11\/image-71.png","datePublished":"2025-11-22T19:00:43+00:00","dateModified":"2025-11-22T19:00:52+00:00","author":{"@id":"https:\/\/macite.tg\/#\/schema\/person\/e9f2de7e5dbbe7770a9402c7ce82f5c2"},"breadcrumb":{"@id":"https:\/\/macite.tg\/?p=26334#breadcrumb"},"inLanguage":"fr-FR","potentialAction":[{"@type":"ReadAction","target":["https:\/\/macite.tg\/?p=26334"]}]},{"@type":"ImageObject","inLanguage":"fr-FR","@id":"https:\/\/macite.tg\/?p=26334#primaryimage","url":"https:\/\/macite.tg\/wp-content\/uploads\/2025\/11\/image-71.png","contentUrl":"https:\/\/macite.tg\/wp-content\/uploads\/2025\/11\/image-71.png","width":534,"height":356,"caption":"Le tandem Faye - Sonko"},{"@type":"BreadcrumbList","@id":"https:\/\/macite.tg\/?p=26334#breadcrumb","itemListElement":[{"@type":"ListItem","position":1,"name":"Accueil","item":"https:\/\/macite.tg\/"},{"@type":"ListItem","position":2,"name":"FINANCES\u00a0: Le S\u00e9n\u00e9gal en l&rsquo;\u00e9tat d&rsquo;urgence \u00e9conomique !"}]},{"@type":"WebSite","@id":"https:\/\/macite.tg\/#website","url":"https:\/\/macite.tg\/","name":"","description":"L&#039;information, la bonne!!!","potentialAction":[{"@type":"SearchAction","target":{"@type":"EntryPoint","urlTemplate":"https:\/\/macite.tg\/?s={search_term_string}"},"query-input":{"@type":"PropertyValueSpecification","valueRequired":true,"valueName":"search_term_string"}}],"inLanguage":"fr-FR"},{"@type":"Person","@id":"https:\/\/macite.tg\/#\/schema\/person\/e9f2de7e5dbbe7770a9402c7ce82f5c2","name":"Jean Pierre BAWELA","image":{"@type":"ImageObject","inLanguage":"fr-FR","@id":"https:\/\/macite.tg\/wp-content\/uploads\/2023\/09\/WhatsApp-Image-2023-09-19-at-14.44.41-122x122.jpeg","url":"https:\/\/macite.tg\/wp-content\/uploads\/2023\/09\/WhatsApp-Image-2023-09-19-at-14.44.41-122x122.jpeg","contentUrl":"https:\/\/macite.tg\/wp-content\/uploads\/2023\/09\/WhatsApp-Image-2023-09-19-at-14.44.41-122x122.jpeg","caption":"Jean Pierre BAWELA"},"url":"https:\/\/macite.tg\/?author=2"}]}},"_links":{"self":[{"href":"https:\/\/macite.tg\/index.php?rest_route=\/wp\/v2\/posts\/26334","targetHints":{"allow":["GET"]}}],"collection":[{"href":"https:\/\/macite.tg\/index.php?rest_route=\/wp\/v2\/posts"}],"about":[{"href":"https:\/\/macite.tg\/index.php?rest_route=\/wp\/v2\/types\/post"}],"author":[{"embeddable":true,"href":"https:\/\/macite.tg\/index.php?rest_route=\/wp\/v2\/users\/2"}],"replies":[{"embeddable":true,"href":"https:\/\/macite.tg\/index.php?rest_route=%2Fwp%2Fv2%2Fcomments&post=26334"}],"version-history":[{"count":0,"href":"https:\/\/macite.tg\/index.php?rest_route=\/wp\/v2\/posts\/26334\/revisions"}],"wp:featuredmedia":[{"embeddable":true,"href":"https:\/\/macite.tg\/index.php?rest_route=\/wp\/v2\/media\/26339"}],"wp:attachment":[{"href":"https:\/\/macite.tg\/index.php?rest_route=%2Fwp%2Fv2%2Fmedia&parent=26334"}],"wp:term":[{"taxonomy":"category","embeddable":true,"href":"https:\/\/macite.tg\/index.php?rest_route=%2Fwp%2Fv2%2Fcategories&post=26334"},{"taxonomy":"post_tag","embeddable":true,"href":"https:\/\/macite.tg\/index.php?rest_route=%2Fwp%2Fv2%2Ftags&post=26334"}],"curies":[{"name":"wp","href":"https:\/\/api.w.org\/{rel}","templated":true}]}}