{"id":26315,"date":"2025-11-21T16:26:14","date_gmt":"2025-11-21T16:26:14","guid":{"rendered":"https:\/\/macite.tg\/?p=26315"},"modified":"2025-11-21T16:26:21","modified_gmt":"2025-11-21T16:26:21","slug":"presidentielle-en-guinee-bissau-les-electeurs-appeles-aux-urnes-le-dimanche-23-novembre-prochain","status":"publish","type":"post","link":"https:\/\/macite.tg\/?p=26315","title":{"rendered":"PRESIDENTIELLE EN GUINEE-BISSAU\u00a0: les \u00e9lecteurs appel\u00e9s aux urnes le dimanche 23 novembre prochain"},"content":{"rendered":"\n<p class=\"wp-block-paragraph\"><strong><em>En Guin\u00e9e-Bissau, parmi 12 candidats en lice pour la pr\u00e9sidentielle, le pr\u00e9sident sortant Umaro Sissoco Embalo, est donn\u00e9 favori. \u00c9lu pour la premi\u00e8re fois en 2019, il brigue un second mandat alors qu&rsquo;il s&rsquo;\u00e9tait initialement engag\u00e9 \u00e0 n&rsquo;en exercer qu&rsquo;un seul.<\/em><\/strong><\/p>\n\n\n\n<p class=\"wp-block-paragraph\">En 2023, il a dissous le parlement contr\u00f4l\u00e9 par l&rsquo;opposition apr\u00e8s des affrontements arm\u00e9s qu&rsquo;il a qualifi\u00e9s de tentative de coup d&rsquo;\u00c9tat. Les d\u00e9tracteurs ont vu dans cette d\u00e9cision une tentative de prolonger son mandat.<\/p>\n\n\n\n<p class=\"wp-block-paragraph\"><em>\u00ab&nbsp;Bien que le mandat officiel d&rsquo;Embalo ait pris fin en f\u00e9vrier 2025, il est rest\u00e9 en fonction et a pass\u00e9 les mois suivants \u00e0 \u00e9carter syst\u00e9matiquement l&rsquo;opposition&nbsp;\u00bb,<\/em> a d\u00e9clar\u00e9 le journaliste et professeur guin\u00e9en Bacar Camara dans une interview accord\u00e9e \u00e0 la DW.<\/p>\n\n\n\n<p class=\"wp-block-paragraph\">En cons\u00e9quence, sur les 14 partis en lice pour 102 si\u00e8ges parlementaires, seule la plateforme pro-gouvernementale \u00ab\u00a0N\u00f4 Kumpu Guin\u00e9\u00a0\u00bb (Ensemble pour la Guin\u00e9e-Bissau) a une chance r\u00e9aliste de remporter la majorit\u00e9.<\/p>\n\n\n\n<figure class=\"wp-block-image size-large\"><img loading=\"lazy\" decoding=\"async\" width=\"1024\" height=\"392\" src=\"https:\/\/macite.tg\/wp-content\/uploads\/2025\/11\/8d9cf208-3716-4e73-bc0c-3341ae213e6b-1024x392.jpg\" alt=\"\" class=\"wp-image-26198\" srcset=\"https:\/\/macite.tg\/wp-content\/uploads\/2025\/11\/8d9cf208-3716-4e73-bc0c-3341ae213e6b-1024x392.jpg 1024w, https:\/\/macite.tg\/wp-content\/uploads\/2025\/11\/8d9cf208-3716-4e73-bc0c-3341ae213e6b-300x115.jpg 300w, https:\/\/macite.tg\/wp-content\/uploads\/2025\/11\/8d9cf208-3716-4e73-bc0c-3341ae213e6b-768x294.jpg 768w, https:\/\/macite.tg\/wp-content\/uploads\/2025\/11\/8d9cf208-3716-4e73-bc0c-3341ae213e6b.jpg 1080w\" sizes=\"auto, (max-width: 1024px) 100vw, 1024px\" \/><\/figure>\n\n\n\n<p class=\"wp-block-paragraph\">Pour la premi\u00e8re fois dans l&rsquo;histoire du pays, le PAIGC, qui a conduit la Guin\u00e9e-Bissau \u00e0 l&rsquo;ind\u00e9pendance du Portugal en 1974, ne figurera pas sur les bulletins de vote.<\/p>\n\n\n\n<p class=\"wp-block-paragraph\"><strong>La libert\u00e9 de la presse mise \u00e0 rude \u00e9preuve<\/strong><\/p>\n\n\n\n<p class=\"wp-block-paragraph\">La couverture m\u00e9diatique ind\u00e9pendante de ces \u00e9lections est \u00e9galement restreinte. Les cha\u00eenes publiques portugaises RTP \u00c1frica et RDP \u00c1frica, ainsi que l&rsquo;agence de presse LUSA, ont \u00e9t\u00e9 expuls\u00e9es du pays en ao\u00fbt. Camara constate un d\u00e9s\u00e9quilibre flagrant : alors que le temps d&rsquo;antenne est r\u00e9glement\u00e9 par la loi, la couverture m\u00e9diatique est fortement biais\u00e9e en faveur du gouvernement, laissant les voix de l&rsquo;opposition marginalis\u00e9es.<\/p>\n\n\n\n<p class=\"wp-block-paragraph\">Perspectives : Embalo et <em>\u00ab\u00a0N\u00f4 Kumpu Guin\u00e9\u00a0\u00bb<\/em> devraient largement remporter les \u00e9lections. La principale incertitude r\u00e9side dans la n\u00e9cessit\u00e9 ou non d&rsquo;un second tour, auquel cas le candidat arriv\u00e9 en deuxi\u00e8me position, probablement Fernando Dias, aurait peu de chances de l&#8217;emporter. Si un candidat de l&rsquo;opposition venait \u00e0 gagner, les \u00e9lections l\u00e9gislatives pourraient \u00eatre invalid\u00e9es, ce qui pourrait entra\u00eener la r\u00e9int\u00e9gration du parlement dissous en 2023. Le professeur Camara conclut : <em>\u00ab&nbsp;Quel que soit le r\u00e9sultat, le chaos politique en Guin\u00e9e-Bissau devrait se poursuivre&nbsp;\u00bb.<\/em><\/p>\n\n\n\n<p class=\"wp-block-paragraph\">Cette ancienne colonie portugaise est devenue ind\u00e9pendante en 1974 apr\u00e8s une longue guerre de lib\u00e9ration, men\u00e9e par le Parti africain pour l&rsquo;Ind\u00e9pendance de la Guin\u00e9e-Bissau et du Cap-Vert (PAIGC) d&rsquo;Amilcar Cabral, assassin\u00e9 en 1973.<\/p>\n\n\n<div class=\"wp-block-image\">\n<figure class=\"aligncenter size-large\"><img loading=\"lazy\" decoding=\"async\" width=\"732\" height=\"1024\" src=\"https:\/\/macite.tg\/wp-content\/uploads\/2025\/11\/image-60-732x1024.png\" alt=\"\" class=\"wp-image-26266\" srcset=\"https:\/\/macite.tg\/wp-content\/uploads\/2025\/11\/image-60-732x1024.png 732w, https:\/\/macite.tg\/wp-content\/uploads\/2025\/11\/image-60-214x300.png 214w, https:\/\/macite.tg\/wp-content\/uploads\/2025\/11\/image-60-768x1075.png 768w, https:\/\/macite.tg\/wp-content\/uploads\/2025\/11\/image-60-1097x1536.png 1097w, https:\/\/macite.tg\/wp-content\/uploads\/2025\/11\/image-60.png 1161w\" sizes=\"auto, (max-width: 732px) 100vw, 732px\" \/><\/figure>\n<\/div>\n\n\n<p class=\"wp-block-paragraph\">Depuis, le pays a connu quatre putschs (le dernier en 2012), plus d&rsquo;une quinzaine de tentatives de coup d&rsquo;Etat et une valse des gouvernements.<\/p>\n\n\n\n<p class=\"wp-block-paragraph\">Le pr\u00e9sident sortant Umaro Sissoco Embalo et son pr\u00e9d\u00e9cesseur Jos\u00e9 Mario Vaz sont les seuls chefs de l&rsquo;Etat en 30 ans \u00e0 terminer leur mandat.<\/p>\n\n\n\n<p class=\"wp-block-paragraph\"><strong>MSN<\/strong><\/p>\n\n\n\n<p class=\"wp-block-paragraph\"><a><strong><em>@macite.tg&nbsp;&nbsp;&nbsp;&nbsp;&nbsp;&nbsp;&nbsp;&nbsp;<\/em><\/strong><\/a><\/p>\n\n\n\n<p class=\"wp-block-paragraph\"><strong><em>E-mail&nbsp;: <\/em><\/strong><a href=\"mailto:maciteinfo@gmail.com\"><strong><em>maciteinfo@gmail.com<\/em><\/strong><\/a><strong><em>; <\/em><\/strong><a href=\"mailto:bawela1@gmail.com\"><strong><em>bawela1@gmail.com<\/em><\/strong><\/a><strong><em><\/em><\/strong><\/p>\n\n\n\n<p class=\"wp-block-paragraph\"><strong><em>Pour vos annonces, (publi)reportages, etc., joignez-nous au (00228)91515309\/<strong>79872224 <\/strong><strong><\/strong><\/em><\/strong><\/p>\n\n\n\n<p class=\"wp-block-paragraph\"><strong><em>www.macite.tg, L\u2019information, la bonne&nbsp;!<\/em><\/strong><\/p>\n\n\n\n<p class=\"wp-block-paragraph\"><\/p>\n","protected":false},"excerpt":{"rendered":"<p class=\"text-justify mb-2\" >En Guin\u00e9e-Bissau, parmi 12 candidats en lice pour la pr\u00e9sidentielle, le pr\u00e9sident sortant Umaro Sissoco Embalo, est donn\u00e9 favori. \u00c9lu pour la premi\u00e8re fois en 2019, il brigue un second mandat alors qu&rsquo;il s&rsquo;\u00e9tait initialement engag\u00e9 \u00e0 n&rsquo;en exercer qu&rsquo;un seul. En 2023, il a [&hellip;]<\/p>\n","protected":false},"author":2,"featured_media":26316,"comment_status":"open","ping_status":"open","sticky":false,"template":"","format":"standard","meta":{"footnotes":""},"categories":[20,1],"tags":[],"class_list":["post-26315","post","type-post","status-publish","format-standard","has-post-thumbnail","hentry","category-actualite","category-politique"],"yoast_head":"<!-- This site is optimized with the Yoast SEO plugin v28.4 - https:\/\/yoast.com\/product\/yoast-seo-wordpress\/ -->\n<title>PRESIDENTIELLE EN GUINEE-BISSAU\u00a0: les \u00e9lecteurs appel\u00e9s aux urnes le dimanche 23 novembre prochain -<\/title>\n<meta name=\"robots\" content=\"index, follow, max-snippet:-1, max-image-preview:large, max-video-preview:-1\" \/>\n<link rel=\"canonical\" href=\"https:\/\/macite.tg\/?p=26315\" \/>\n<meta property=\"og:locale\" content=\"fr_FR\" \/>\n<meta property=\"og:type\" content=\"article\" \/>\n<meta property=\"og:title\" content=\"PRESIDENTIELLE EN GUINEE-BISSAU\u00a0: les \u00e9lecteurs appel\u00e9s aux urnes le dimanche 23 novembre prochain -\" \/>\n<meta property=\"og:description\" content=\"En Guin\u00e9e-Bissau, parmi 12 candidats en lice pour la pr\u00e9sidentielle, le pr\u00e9sident sortant Umaro Sissoco Embalo, est donn\u00e9 favori. \u00c9lu pour la premi\u00e8re fois en 2019, il brigue un second mandat alors qu&rsquo;il s&rsquo;\u00e9tait initialement engag\u00e9 \u00e0 n&rsquo;en exercer qu&rsquo;un seul. En 2023, il a [&hellip;]\" \/>\n<meta property=\"og:url\" content=\"https:\/\/macite.tg\/?p=26315\" \/>\n<meta property=\"article:published_time\" content=\"2025-11-21T16:26:14+00:00\" \/>\n<meta property=\"article:modified_time\" content=\"2025-11-21T16:26:21+00:00\" \/>\n<meta property=\"og:image\" content=\"https:\/\/macite.tg\/wp-content\/uploads\/2025\/11\/image-68.png\" \/>\n\t<meta property=\"og:image:width\" content=\"534\" \/>\n\t<meta property=\"og:image:height\" content=\"301\" \/>\n\t<meta property=\"og:image:type\" content=\"image\/png\" \/>\n<meta name=\"author\" content=\"Jean Pierre BAWELA\" \/>\n<meta name=\"twitter:card\" content=\"summary_large_image\" \/>\n<meta name=\"twitter:label1\" content=\"\u00c9crit par\" \/>\n\t<meta name=\"twitter:data1\" content=\"Jean Pierre BAWELA\" \/>\n\t<meta name=\"twitter:label2\" content=\"Dur\u00e9e de lecture estim\u00e9e\" \/>\n\t<meta name=\"twitter:data2\" content=\"3 minutes\" \/>\n<script type=\"application\/ld+json\" class=\"yoast-schema-graph\">{\"@context\":\"https:\\\/\\\/schema.org\",\"@graph\":[{\"@type\":\"Article\",\"@id\":\"https:\\\/\\\/macite.tg\\\/?p=26315#article\",\"isPartOf\":{\"@id\":\"https:\\\/\\\/macite.tg\\\/?p=26315\"},\"author\":{\"name\":\"Jean Pierre BAWELA\",\"@id\":\"https:\\\/\\\/macite.tg\\\/#\\\/schema\\\/person\\\/e9f2de7e5dbbe7770a9402c7ce82f5c2\"},\"headline\":\"PRESIDENTIELLE EN GUINEE-BISSAU\u00a0: les \u00e9lecteurs appel\u00e9s aux urnes le dimanche 23 novembre prochain\",\"datePublished\":\"2025-11-21T16:26:14+00:00\",\"dateModified\":\"2025-11-21T16:26:21+00:00\",\"mainEntityOfPage\":{\"@id\":\"https:\\\/\\\/macite.tg\\\/?p=26315\"},\"wordCount\":523,\"commentCount\":0,\"image\":{\"@id\":\"https:\\\/\\\/macite.tg\\\/?p=26315#primaryimage\"},\"thumbnailUrl\":\"https:\\\/\\\/macite.tg\\\/wp-content\\\/uploads\\\/2025\\\/11\\\/image-68.png\",\"articleSection\":[\"ACTUALITE\",\"POLITIQUE\"],\"inLanguage\":\"fr-FR\",\"potentialAction\":[{\"@type\":\"CommentAction\",\"name\":\"Comment\",\"target\":[\"https:\\\/\\\/macite.tg\\\/?p=26315#respond\"]}]},{\"@type\":\"WebPage\",\"@id\":\"https:\\\/\\\/macite.tg\\\/?p=26315\",\"url\":\"https:\\\/\\\/macite.tg\\\/?p=26315\",\"name\":\"PRESIDENTIELLE EN GUINEE-BISSAU\u00a0: les \u00e9lecteurs appel\u00e9s aux urnes le dimanche 23 novembre prochain -\",\"isPartOf\":{\"@id\":\"https:\\\/\\\/macite.tg\\\/#website\"},\"primaryImageOfPage\":{\"@id\":\"https:\\\/\\\/macite.tg\\\/?p=26315#primaryimage\"},\"image\":{\"@id\":\"https:\\\/\\\/macite.tg\\\/?p=26315#primaryimage\"},\"thumbnailUrl\":\"https:\\\/\\\/macite.tg\\\/wp-content\\\/uploads\\\/2025\\\/11\\\/image-68.png\",\"datePublished\":\"2025-11-21T16:26:14+00:00\",\"dateModified\":\"2025-11-21T16:26:21+00:00\",\"author\":{\"@id\":\"https:\\\/\\\/macite.tg\\\/#\\\/schema\\\/person\\\/e9f2de7e5dbbe7770a9402c7ce82f5c2\"},\"breadcrumb\":{\"@id\":\"https:\\\/\\\/macite.tg\\\/?p=26315#breadcrumb\"},\"inLanguage\":\"fr-FR\",\"potentialAction\":[{\"@type\":\"ReadAction\",\"target\":[\"https:\\\/\\\/macite.tg\\\/?p=26315\"]}]},{\"@type\":\"ImageObject\",\"inLanguage\":\"fr-FR\",\"@id\":\"https:\\\/\\\/macite.tg\\\/?p=26315#primaryimage\",\"url\":\"https:\\\/\\\/macite.tg\\\/wp-content\\\/uploads\\\/2025\\\/11\\\/image-68.png\",\"contentUrl\":\"https:\\\/\\\/macite.tg\\\/wp-content\\\/uploads\\\/2025\\\/11\\\/image-68.png\",\"width\":534,\"height\":301,\"caption\":\"En 2023, la Guin\u00e9e-Bissau \u00e9tait class\u00e9e 174e sur 193 pays dans l'Indice de d\u00e9veloppement humain du Programme des Nations unies pour le D\u00e9veloppement (Pnud) qui mesure la qualit\u00e9 de la vie.\"},{\"@type\":\"BreadcrumbList\",\"@id\":\"https:\\\/\\\/macite.tg\\\/?p=26315#breadcrumb\",\"itemListElement\":[{\"@type\":\"ListItem\",\"position\":1,\"name\":\"Accueil\",\"item\":\"https:\\\/\\\/macite.tg\\\/\"},{\"@type\":\"ListItem\",\"position\":2,\"name\":\"PRESIDENTIELLE EN GUINEE-BISSAU\u00a0: les \u00e9lecteurs appel\u00e9s aux urnes le dimanche 23 novembre prochain\"}]},{\"@type\":\"WebSite\",\"@id\":\"https:\\\/\\\/macite.tg\\\/#website\",\"url\":\"https:\\\/\\\/macite.tg\\\/\",\"name\":\"\",\"description\":\"L&#039;information, la bonne!!!\",\"potentialAction\":[{\"@type\":\"SearchAction\",\"target\":{\"@type\":\"EntryPoint\",\"urlTemplate\":\"https:\\\/\\\/macite.tg\\\/?s={search_term_string}\"},\"query-input\":{\"@type\":\"PropertyValueSpecification\",\"valueRequired\":true,\"valueName\":\"search_term_string\"}}],\"inLanguage\":\"fr-FR\"},{\"@type\":\"Person\",\"@id\":\"https:\\\/\\\/macite.tg\\\/#\\\/schema\\\/person\\\/e9f2de7e5dbbe7770a9402c7ce82f5c2\",\"name\":\"Jean Pierre BAWELA\",\"image\":{\"@type\":\"ImageObject\",\"inLanguage\":\"fr-FR\",\"@id\":\"https:\\\/\\\/macite.tg\\\/wp-content\\\/uploads\\\/2023\\\/09\\\/WhatsApp-Image-2023-09-19-at-14.44.41-122x122.jpeg\",\"url\":\"https:\\\/\\\/macite.tg\\\/wp-content\\\/uploads\\\/2023\\\/09\\\/WhatsApp-Image-2023-09-19-at-14.44.41-122x122.jpeg\",\"contentUrl\":\"https:\\\/\\\/macite.tg\\\/wp-content\\\/uploads\\\/2023\\\/09\\\/WhatsApp-Image-2023-09-19-at-14.44.41-122x122.jpeg\",\"caption\":\"Jean Pierre BAWELA\"},\"url\":\"https:\\\/\\\/macite.tg\\\/?author=2\"}]}<\/script>\n<!-- \/ Yoast SEO plugin. -->","yoast_head_json":{"title":"PRESIDENTIELLE EN GUINEE-BISSAU\u00a0: les \u00e9lecteurs appel\u00e9s aux urnes le dimanche 23 novembre prochain -","robots":{"index":"index","follow":"follow","max-snippet":"max-snippet:-1","max-image-preview":"max-image-preview:large","max-video-preview":"max-video-preview:-1"},"canonical":"https:\/\/macite.tg\/?p=26315","og_locale":"fr_FR","og_type":"article","og_title":"PRESIDENTIELLE EN GUINEE-BISSAU\u00a0: les \u00e9lecteurs appel\u00e9s aux urnes le dimanche 23 novembre prochain -","og_description":"En Guin\u00e9e-Bissau, parmi 12 candidats en lice pour la pr\u00e9sidentielle, le pr\u00e9sident sortant Umaro Sissoco Embalo, est donn\u00e9 favori. \u00c9lu pour la premi\u00e8re fois en 2019, il brigue un second mandat alors qu&rsquo;il s&rsquo;\u00e9tait initialement engag\u00e9 \u00e0 n&rsquo;en exercer qu&rsquo;un seul. En 2023, il a [&hellip;]","og_url":"https:\/\/macite.tg\/?p=26315","article_published_time":"2025-11-21T16:26:14+00:00","article_modified_time":"2025-11-21T16:26:21+00:00","og_image":[{"width":534,"height":301,"url":"https:\/\/macite.tg\/wp-content\/uploads\/2025\/11\/image-68.png","type":"image\/png"}],"author":"Jean Pierre BAWELA","twitter_card":"summary_large_image","twitter_misc":{"\u00c9crit par":"Jean Pierre BAWELA","Dur\u00e9e de lecture estim\u00e9e":"3 minutes"},"schema":{"@context":"https:\/\/schema.org","@graph":[{"@type":"Article","@id":"https:\/\/macite.tg\/?p=26315#article","isPartOf":{"@id":"https:\/\/macite.tg\/?p=26315"},"author":{"name":"Jean Pierre BAWELA","@id":"https:\/\/macite.tg\/#\/schema\/person\/e9f2de7e5dbbe7770a9402c7ce82f5c2"},"headline":"PRESIDENTIELLE EN GUINEE-BISSAU\u00a0: les \u00e9lecteurs appel\u00e9s aux urnes le dimanche 23 novembre prochain","datePublished":"2025-11-21T16:26:14+00:00","dateModified":"2025-11-21T16:26:21+00:00","mainEntityOfPage":{"@id":"https:\/\/macite.tg\/?p=26315"},"wordCount":523,"commentCount":0,"image":{"@id":"https:\/\/macite.tg\/?p=26315#primaryimage"},"thumbnailUrl":"https:\/\/macite.tg\/wp-content\/uploads\/2025\/11\/image-68.png","articleSection":["ACTUALITE","POLITIQUE"],"inLanguage":"fr-FR","potentialAction":[{"@type":"CommentAction","name":"Comment","target":["https:\/\/macite.tg\/?p=26315#respond"]}]},{"@type":"WebPage","@id":"https:\/\/macite.tg\/?p=26315","url":"https:\/\/macite.tg\/?p=26315","name":"PRESIDENTIELLE EN GUINEE-BISSAU\u00a0: les \u00e9lecteurs appel\u00e9s aux urnes le dimanche 23 novembre prochain -","isPartOf":{"@id":"https:\/\/macite.tg\/#website"},"primaryImageOfPage":{"@id":"https:\/\/macite.tg\/?p=26315#primaryimage"},"image":{"@id":"https:\/\/macite.tg\/?p=26315#primaryimage"},"thumbnailUrl":"https:\/\/macite.tg\/wp-content\/uploads\/2025\/11\/image-68.png","datePublished":"2025-11-21T16:26:14+00:00","dateModified":"2025-11-21T16:26:21+00:00","author":{"@id":"https:\/\/macite.tg\/#\/schema\/person\/e9f2de7e5dbbe7770a9402c7ce82f5c2"},"breadcrumb":{"@id":"https:\/\/macite.tg\/?p=26315#breadcrumb"},"inLanguage":"fr-FR","potentialAction":[{"@type":"ReadAction","target":["https:\/\/macite.tg\/?p=26315"]}]},{"@type":"ImageObject","inLanguage":"fr-FR","@id":"https:\/\/macite.tg\/?p=26315#primaryimage","url":"https:\/\/macite.tg\/wp-content\/uploads\/2025\/11\/image-68.png","contentUrl":"https:\/\/macite.tg\/wp-content\/uploads\/2025\/11\/image-68.png","width":534,"height":301,"caption":"En 2023, la Guin\u00e9e-Bissau \u00e9tait class\u00e9e 174e sur 193 pays dans l'Indice de d\u00e9veloppement humain du Programme des Nations unies pour le D\u00e9veloppement (Pnud) qui mesure la qualit\u00e9 de la vie."},{"@type":"BreadcrumbList","@id":"https:\/\/macite.tg\/?p=26315#breadcrumb","itemListElement":[{"@type":"ListItem","position":1,"name":"Accueil","item":"https:\/\/macite.tg\/"},{"@type":"ListItem","position":2,"name":"PRESIDENTIELLE EN GUINEE-BISSAU\u00a0: les \u00e9lecteurs appel\u00e9s aux urnes le dimanche 23 novembre prochain"}]},{"@type":"WebSite","@id":"https:\/\/macite.tg\/#website","url":"https:\/\/macite.tg\/","name":"","description":"L&#039;information, la bonne!!!","potentialAction":[{"@type":"SearchAction","target":{"@type":"EntryPoint","urlTemplate":"https:\/\/macite.tg\/?s={search_term_string}"},"query-input":{"@type":"PropertyValueSpecification","valueRequired":true,"valueName":"search_term_string"}}],"inLanguage":"fr-FR"},{"@type":"Person","@id":"https:\/\/macite.tg\/#\/schema\/person\/e9f2de7e5dbbe7770a9402c7ce82f5c2","name":"Jean Pierre BAWELA","image":{"@type":"ImageObject","inLanguage":"fr-FR","@id":"https:\/\/macite.tg\/wp-content\/uploads\/2023\/09\/WhatsApp-Image-2023-09-19-at-14.44.41-122x122.jpeg","url":"https:\/\/macite.tg\/wp-content\/uploads\/2023\/09\/WhatsApp-Image-2023-09-19-at-14.44.41-122x122.jpeg","contentUrl":"https:\/\/macite.tg\/wp-content\/uploads\/2023\/09\/WhatsApp-Image-2023-09-19-at-14.44.41-122x122.jpeg","caption":"Jean Pierre BAWELA"},"url":"https:\/\/macite.tg\/?author=2"}]}},"_links":{"self":[{"href":"https:\/\/macite.tg\/index.php?rest_route=\/wp\/v2\/posts\/26315","targetHints":{"allow":["GET"]}}],"collection":[{"href":"https:\/\/macite.tg\/index.php?rest_route=\/wp\/v2\/posts"}],"about":[{"href":"https:\/\/macite.tg\/index.php?rest_route=\/wp\/v2\/types\/post"}],"author":[{"embeddable":true,"href":"https:\/\/macite.tg\/index.php?rest_route=\/wp\/v2\/users\/2"}],"replies":[{"embeddable":true,"href":"https:\/\/macite.tg\/index.php?rest_route=%2Fwp%2Fv2%2Fcomments&post=26315"}],"version-history":[{"count":0,"href":"https:\/\/macite.tg\/index.php?rest_route=\/wp\/v2\/posts\/26315\/revisions"}],"wp:featuredmedia":[{"embeddable":true,"href":"https:\/\/macite.tg\/index.php?rest_route=\/wp\/v2\/media\/26316"}],"wp:attachment":[{"href":"https:\/\/macite.tg\/index.php?rest_route=%2Fwp%2Fv2%2Fmedia&parent=26315"}],"wp:term":[{"taxonomy":"category","embeddable":true,"href":"https:\/\/macite.tg\/index.php?rest_route=%2Fwp%2Fv2%2Fcategories&post=26315"},{"taxonomy":"post_tag","embeddable":true,"href":"https:\/\/macite.tg\/index.php?rest_route=%2Fwp%2Fv2%2Ftags&post=26315"}],"curies":[{"name":"wp","href":"https:\/\/api.w.org\/{rel}","templated":true}]}}