{"id":26310,"date":"2025-11-21T14:08:19","date_gmt":"2025-11-21T14:08:19","guid":{"rendered":"https:\/\/macite.tg\/?p=26310"},"modified":"2025-11-21T14:08:38","modified_gmt":"2025-11-21T14:08:38","slug":"nigeria-enlevement-deleves-dans-une-ecole-catholique-le-pape-leon-xiv-pour-une-liberte-religieuse-authentique","status":"publish","type":"post","link":"https:\/\/macite.tg\/?p=26310","title":{"rendered":"NIGERIA\/ENLEVEMENT D\u2019ELEVES DANS UNE ECOLE CATHOLIQUE : Le pape L\u00e9on XIV pour une \u00ab\u00a0libert\u00e9 religieuse authentique\u00a0\u00bb"},"content":{"rendered":"\n<p class=\"wp-block-paragraph\"><strong><em>Le souverain pontife r\u00e9agissait aux accusations de pers\u00e9cution des chr\u00e9tiens dans le pays par Donald Trump.<\/em><\/strong><em><\/em><\/p>\n\n\n\n<p class=\"wp-block-paragraph\"><strong><em>Le pape L\u00e9on XIV a r\u00e9agi aux menaces d\u2019une intervention militaire contre le Nigeria prof\u00e9r\u00e9e par Donald Trump, le pr\u00e9sident am\u00e9ricain accusant le pays d\u2019Afrique de l\u2019Ouest de violences contre les chr\u00e9tiens.<\/em><\/strong><\/p>\n\n\n\n<p class=\"wp-block-paragraph\"><em>\u00ab&nbsp;Au Nigeria, dans certaines r\u00e9gions, il y a certainement un danger pour les chr\u00e9tiens, mais aussi pour tout le monde. Des chr\u00e9tiens et des musulmans ont \u00e9t\u00e9 massacr\u00e9s. Il y a une question de terrorisme, il y a une question qui a beaucoup \u00e0 voir avec l&rsquo;\u00e9conomie, si vous voulez, et le contr\u00f4le des terres qu&rsquo;ils ont.<\/em><\/p>\n\n\n\n<figure class=\"wp-block-image size-large\"><img loading=\"lazy\" decoding=\"async\" width=\"1024\" height=\"392\" src=\"https:\/\/macite.tg\/wp-content\/uploads\/2025\/11\/8d9cf208-3716-4e73-bc0c-3341ae213e6b-1024x392.jpg\" alt=\"\" class=\"wp-image-26198\" srcset=\"https:\/\/macite.tg\/wp-content\/uploads\/2025\/11\/8d9cf208-3716-4e73-bc0c-3341ae213e6b-1024x392.jpg 1024w, https:\/\/macite.tg\/wp-content\/uploads\/2025\/11\/8d9cf208-3716-4e73-bc0c-3341ae213e6b-300x115.jpg 300w, https:\/\/macite.tg\/wp-content\/uploads\/2025\/11\/8d9cf208-3716-4e73-bc0c-3341ae213e6b-768x294.jpg 768w, https:\/\/macite.tg\/wp-content\/uploads\/2025\/11\/8d9cf208-3716-4e73-bc0c-3341ae213e6b.jpg 1080w\" sizes=\"auto, (max-width: 1024px) 100vw, 1024px\" \/><\/figure>\n\n\n\n<p class=\"wp-block-paragraph\"><em>Malheureusement, de nombreux chr\u00e9tiens sont morts, et je pense qu&rsquo;il est tr\u00e8s important de chercher un moyen avec le gouvernement, avec tous les peuples, de promouvoir une libert\u00e9 religieuse authentique, le respect de tous les peuples&nbsp;\u00bb,<\/em> a d\u00e9clar\u00e9 le souverain pontife.<\/p>\n\n\n<div class=\"wp-block-image\">\n<figure class=\"aligncenter size-large\"><img loading=\"lazy\" decoding=\"async\" width=\"732\" height=\"1024\" src=\"https:\/\/macite.tg\/wp-content\/uploads\/2025\/11\/image-60-732x1024.png\" alt=\"\" class=\"wp-image-26266\" srcset=\"https:\/\/macite.tg\/wp-content\/uploads\/2025\/11\/image-60-732x1024.png 732w, https:\/\/macite.tg\/wp-content\/uploads\/2025\/11\/image-60-214x300.png 214w, https:\/\/macite.tg\/wp-content\/uploads\/2025\/11\/image-60-768x1075.png 768w, https:\/\/macite.tg\/wp-content\/uploads\/2025\/11\/image-60-1097x1536.png 1097w, https:\/\/macite.tg\/wp-content\/uploads\/2025\/11\/image-60.png 1161w\" sizes=\"auto, (max-width: 732px) 100vw, 732px\" \/><\/figure>\n<\/div>\n\n\n<p class=\"wp-block-paragraph\">\u2019est dans ce contexte que le souverain pontife a soutenu mardi les \u00e9v\u00eaques am\u00e9ricains qui ont condamn\u00e9 la r\u00e9pression de l&rsquo;administration Trump en mati\u00e8re d&rsquo;immigration. L\u00e9on XIV a appel\u00e9 dans la foul\u00e9e les \u00c9tats-Unis \u00e0 traiter les migrants avec dignit\u00e9.<\/p>\n\n\n\n<p class=\"wp-block-paragraph\"><strong>MSN<\/strong><\/p>\n\n\n\n<p class=\"wp-block-paragraph\"><a><strong><em>@macite.tg&nbsp;&nbsp;&nbsp;&nbsp;&nbsp;&nbsp;&nbsp;&nbsp;<\/em><\/strong><\/a><\/p>\n\n\n\n<p class=\"wp-block-paragraph\"><strong><em>E-mail&nbsp;: <\/em><\/strong><a href=\"mailto:maciteinfo@gmail.com\"><strong><em>maciteinfo@gmail.com<\/em><\/strong><\/a><strong><em>; <\/em><\/strong><a href=\"mailto:bawela1@gmail.com\"><strong><em>bawela1@gmail.com<\/em><\/strong><\/a><strong><em><\/em><\/strong><\/p>\n\n\n\n<p class=\"wp-block-paragraph\"><strong><em>Pour vos annonces, (publi)reportages, etc., joignez-nous au (00228)91515309\/<strong>79872224 <\/strong><strong><\/strong><\/em><\/strong><\/p>\n\n\n\n<p class=\"wp-block-paragraph\"><strong><em>www.macite.tg, L\u2019information, la bonne&nbsp;!<\/em><\/strong><\/p>\n\n\n\n<p class=\"wp-block-paragraph\"><\/p>\n","protected":false},"excerpt":{"rendered":"<p class=\"text-justify mb-2\" >Le souverain pontife r\u00e9agissait aux accusations de pers\u00e9cution des chr\u00e9tiens dans le pays par Donald Trump. Le pape L\u00e9on XIV a r\u00e9agi aux menaces d\u2019une intervention militaire contre le Nigeria prof\u00e9r\u00e9e par Donald Trump, le pr\u00e9sident am\u00e9ricain accusant le pays d\u2019Afrique de l\u2019Ouest de violences [&hellip;]<\/p>\n","protected":false},"author":2,"featured_media":26313,"comment_status":"open","ping_status":"open","sticky":false,"template":"","format":"standard","meta":{"footnotes":""},"categories":[20,40],"tags":[],"class_list":["post-26310","post","type-post","status-publish","format-standard","has-post-thumbnail","hentry","category-actualite","category-religion"],"yoast_head":"<!-- This site is optimized with the Yoast SEO plugin v28.4 - https:\/\/yoast.com\/product\/yoast-seo-wordpress\/ -->\n<title>NIGERIA\/ENLEVEMENT D\u2019ELEVES DANS UNE ECOLE CATHOLIQUE : Le pape L\u00e9on XIV pour une &quot;libert\u00e9 religieuse authentique&quot; -<\/title>\n<meta name=\"robots\" content=\"index, follow, max-snippet:-1, max-image-preview:large, max-video-preview:-1\" \/>\n<link rel=\"canonical\" href=\"https:\/\/macite.tg\/?p=26310\" \/>\n<meta property=\"og:locale\" content=\"fr_FR\" \/>\n<meta property=\"og:type\" content=\"article\" \/>\n<meta property=\"og:title\" content=\"NIGERIA\/ENLEVEMENT D\u2019ELEVES DANS UNE ECOLE CATHOLIQUE : Le pape L\u00e9on XIV pour une &quot;libert\u00e9 religieuse authentique&quot; -\" \/>\n<meta property=\"og:description\" content=\"Le souverain pontife r\u00e9agissait aux accusations de pers\u00e9cution des chr\u00e9tiens dans le pays par Donald Trump. Le pape L\u00e9on XIV a r\u00e9agi aux menaces d\u2019une intervention militaire contre le Nigeria prof\u00e9r\u00e9e par Donald Trump, le pr\u00e9sident am\u00e9ricain accusant le pays d\u2019Afrique de l\u2019Ouest de violences [&hellip;]\" \/>\n<meta property=\"og:url\" content=\"https:\/\/macite.tg\/?p=26310\" \/>\n<meta property=\"article:published_time\" content=\"2025-11-21T14:08:19+00:00\" \/>\n<meta property=\"article:modified_time\" content=\"2025-11-21T14:08:38+00:00\" \/>\n<meta property=\"og:image\" content=\"https:\/\/macite.tg\/wp-content\/uploads\/2025\/11\/image-67.png\" \/>\n\t<meta property=\"og:image:width\" content=\"534\" \/>\n\t<meta property=\"og:image:height\" content=\"300\" \/>\n\t<meta property=\"og:image:type\" content=\"image\/png\" \/>\n<meta name=\"author\" content=\"Jean Pierre BAWELA\" \/>\n<meta name=\"twitter:card\" content=\"summary_large_image\" \/>\n<meta name=\"twitter:label1\" content=\"\u00c9crit par\" \/>\n\t<meta name=\"twitter:data1\" content=\"Jean Pierre BAWELA\" \/>\n\t<meta name=\"twitter:label2\" content=\"Dur\u00e9e de lecture estim\u00e9e\" \/>\n\t<meta name=\"twitter:data2\" content=\"2 minutes\" \/>\n<script type=\"application\/ld+json\" class=\"yoast-schema-graph\">{\"@context\":\"https:\\\/\\\/schema.org\",\"@graph\":[{\"@type\":\"Article\",\"@id\":\"https:\\\/\\\/macite.tg\\\/?p=26310#article\",\"isPartOf\":{\"@id\":\"https:\\\/\\\/macite.tg\\\/?p=26310\"},\"author\":{\"name\":\"Jean Pierre BAWELA\",\"@id\":\"https:\\\/\\\/macite.tg\\\/#\\\/schema\\\/person\\\/e9f2de7e5dbbe7770a9402c7ce82f5c2\"},\"headline\":\"NIGERIA\\\/ENLEVEMENT D\u2019ELEVES DANS UNE ECOLE CATHOLIQUE : Le pape L\u00e9on XIV pour une \u00ab\u00a0libert\u00e9 religieuse authentique\u00a0\u00bb\",\"datePublished\":\"2025-11-21T14:08:19+00:00\",\"dateModified\":\"2025-11-21T14:08:38+00:00\",\"mainEntityOfPage\":{\"@id\":\"https:\\\/\\\/macite.tg\\\/?p=26310\"},\"wordCount\":271,\"commentCount\":0,\"image\":{\"@id\":\"https:\\\/\\\/macite.tg\\\/?p=26310#primaryimage\"},\"thumbnailUrl\":\"https:\\\/\\\/macite.tg\\\/wp-content\\\/uploads\\\/2025\\\/11\\\/image-67.png\",\"articleSection\":[\"ACTUALITE\",\"RELIGION\"],\"inLanguage\":\"fr-FR\",\"potentialAction\":[{\"@type\":\"CommentAction\",\"name\":\"Comment\",\"target\":[\"https:\\\/\\\/macite.tg\\\/?p=26310#respond\"]}]},{\"@type\":\"WebPage\",\"@id\":\"https:\\\/\\\/macite.tg\\\/?p=26310\",\"url\":\"https:\\\/\\\/macite.tg\\\/?p=26310\",\"name\":\"NIGERIA\\\/ENLEVEMENT D\u2019ELEVES DANS UNE ECOLE CATHOLIQUE : Le pape L\u00e9on XIV pour une \\\"libert\u00e9 religieuse authentique\\\" -\",\"isPartOf\":{\"@id\":\"https:\\\/\\\/macite.tg\\\/#website\"},\"primaryImageOfPage\":{\"@id\":\"https:\\\/\\\/macite.tg\\\/?p=26310#primaryimage\"},\"image\":{\"@id\":\"https:\\\/\\\/macite.tg\\\/?p=26310#primaryimage\"},\"thumbnailUrl\":\"https:\\\/\\\/macite.tg\\\/wp-content\\\/uploads\\\/2025\\\/11\\\/image-67.png\",\"datePublished\":\"2025-11-21T14:08:19+00:00\",\"dateModified\":\"2025-11-21T14:08:38+00:00\",\"author\":{\"@id\":\"https:\\\/\\\/macite.tg\\\/#\\\/schema\\\/person\\\/e9f2de7e5dbbe7770a9402c7ce82f5c2\"},\"breadcrumb\":{\"@id\":\"https:\\\/\\\/macite.tg\\\/?p=26310#breadcrumb\"},\"inLanguage\":\"fr-FR\",\"potentialAction\":[{\"@type\":\"ReadAction\",\"target\":[\"https:\\\/\\\/macite.tg\\\/?p=26310\"]}]},{\"@type\":\"ImageObject\",\"inLanguage\":\"fr-FR\",\"@id\":\"https:\\\/\\\/macite.tg\\\/?p=26310#primaryimage\",\"url\":\"https:\\\/\\\/macite.tg\\\/wp-content\\\/uploads\\\/2025\\\/11\\\/image-67.png\",\"contentUrl\":\"https:\\\/\\\/macite.tg\\\/wp-content\\\/uploads\\\/2025\\\/11\\\/image-67.png\",\"width\":534,\"height\":300,\"caption\":\"Le souverain pontife\"},{\"@type\":\"BreadcrumbList\",\"@id\":\"https:\\\/\\\/macite.tg\\\/?p=26310#breadcrumb\",\"itemListElement\":[{\"@type\":\"ListItem\",\"position\":1,\"name\":\"Accueil\",\"item\":\"https:\\\/\\\/macite.tg\\\/\"},{\"@type\":\"ListItem\",\"position\":2,\"name\":\"NIGERIA\\\/ENLEVEMENT D\u2019ELEVES DANS UNE ECOLE CATHOLIQUE : Le pape L\u00e9on XIV pour une \u00ab\u00a0libert\u00e9 religieuse authentique\u00a0\u00bb\"}]},{\"@type\":\"WebSite\",\"@id\":\"https:\\\/\\\/macite.tg\\\/#website\",\"url\":\"https:\\\/\\\/macite.tg\\\/\",\"name\":\"\",\"description\":\"L&#039;information, la bonne!!!\",\"potentialAction\":[{\"@type\":\"SearchAction\",\"target\":{\"@type\":\"EntryPoint\",\"urlTemplate\":\"https:\\\/\\\/macite.tg\\\/?s={search_term_string}\"},\"query-input\":{\"@type\":\"PropertyValueSpecification\",\"valueRequired\":true,\"valueName\":\"search_term_string\"}}],\"inLanguage\":\"fr-FR\"},{\"@type\":\"Person\",\"@id\":\"https:\\\/\\\/macite.tg\\\/#\\\/schema\\\/person\\\/e9f2de7e5dbbe7770a9402c7ce82f5c2\",\"name\":\"Jean Pierre BAWELA\",\"image\":{\"@type\":\"ImageObject\",\"inLanguage\":\"fr-FR\",\"@id\":\"https:\\\/\\\/macite.tg\\\/wp-content\\\/uploads\\\/2023\\\/09\\\/WhatsApp-Image-2023-09-19-at-14.44.41-122x122.jpeg\",\"url\":\"https:\\\/\\\/macite.tg\\\/wp-content\\\/uploads\\\/2023\\\/09\\\/WhatsApp-Image-2023-09-19-at-14.44.41-122x122.jpeg\",\"contentUrl\":\"https:\\\/\\\/macite.tg\\\/wp-content\\\/uploads\\\/2023\\\/09\\\/WhatsApp-Image-2023-09-19-at-14.44.41-122x122.jpeg\",\"caption\":\"Jean Pierre BAWELA\"},\"url\":\"https:\\\/\\\/macite.tg\\\/?author=2\"}]}<\/script>\n<!-- \/ Yoast SEO plugin. -->","yoast_head_json":{"title":"NIGERIA\/ENLEVEMENT D\u2019ELEVES DANS UNE ECOLE CATHOLIQUE : Le pape L\u00e9on XIV pour une \"libert\u00e9 religieuse authentique\" -","robots":{"index":"index","follow":"follow","max-snippet":"max-snippet:-1","max-image-preview":"max-image-preview:large","max-video-preview":"max-video-preview:-1"},"canonical":"https:\/\/macite.tg\/?p=26310","og_locale":"fr_FR","og_type":"article","og_title":"NIGERIA\/ENLEVEMENT D\u2019ELEVES DANS UNE ECOLE CATHOLIQUE : Le pape L\u00e9on XIV pour une \"libert\u00e9 religieuse authentique\" -","og_description":"Le souverain pontife r\u00e9agissait aux accusations de pers\u00e9cution des chr\u00e9tiens dans le pays par Donald Trump. Le pape L\u00e9on XIV a r\u00e9agi aux menaces d\u2019une intervention militaire contre le Nigeria prof\u00e9r\u00e9e par Donald Trump, le pr\u00e9sident am\u00e9ricain accusant le pays d\u2019Afrique de l\u2019Ouest de violences [&hellip;]","og_url":"https:\/\/macite.tg\/?p=26310","article_published_time":"2025-11-21T14:08:19+00:00","article_modified_time":"2025-11-21T14:08:38+00:00","og_image":[{"width":534,"height":300,"url":"https:\/\/macite.tg\/wp-content\/uploads\/2025\/11\/image-67.png","type":"image\/png"}],"author":"Jean Pierre BAWELA","twitter_card":"summary_large_image","twitter_misc":{"\u00c9crit par":"Jean Pierre BAWELA","Dur\u00e9e de lecture estim\u00e9e":"2 minutes"},"schema":{"@context":"https:\/\/schema.org","@graph":[{"@type":"Article","@id":"https:\/\/macite.tg\/?p=26310#article","isPartOf":{"@id":"https:\/\/macite.tg\/?p=26310"},"author":{"name":"Jean Pierre BAWELA","@id":"https:\/\/macite.tg\/#\/schema\/person\/e9f2de7e5dbbe7770a9402c7ce82f5c2"},"headline":"NIGERIA\/ENLEVEMENT D\u2019ELEVES DANS UNE ECOLE CATHOLIQUE : Le pape L\u00e9on XIV pour une \u00ab\u00a0libert\u00e9 religieuse authentique\u00a0\u00bb","datePublished":"2025-11-21T14:08:19+00:00","dateModified":"2025-11-21T14:08:38+00:00","mainEntityOfPage":{"@id":"https:\/\/macite.tg\/?p=26310"},"wordCount":271,"commentCount":0,"image":{"@id":"https:\/\/macite.tg\/?p=26310#primaryimage"},"thumbnailUrl":"https:\/\/macite.tg\/wp-content\/uploads\/2025\/11\/image-67.png","articleSection":["ACTUALITE","RELIGION"],"inLanguage":"fr-FR","potentialAction":[{"@type":"CommentAction","name":"Comment","target":["https:\/\/macite.tg\/?p=26310#respond"]}]},{"@type":"WebPage","@id":"https:\/\/macite.tg\/?p=26310","url":"https:\/\/macite.tg\/?p=26310","name":"NIGERIA\/ENLEVEMENT D\u2019ELEVES DANS UNE ECOLE CATHOLIQUE : Le pape L\u00e9on XIV pour une \"libert\u00e9 religieuse authentique\" -","isPartOf":{"@id":"https:\/\/macite.tg\/#website"},"primaryImageOfPage":{"@id":"https:\/\/macite.tg\/?p=26310#primaryimage"},"image":{"@id":"https:\/\/macite.tg\/?p=26310#primaryimage"},"thumbnailUrl":"https:\/\/macite.tg\/wp-content\/uploads\/2025\/11\/image-67.png","datePublished":"2025-11-21T14:08:19+00:00","dateModified":"2025-11-21T14:08:38+00:00","author":{"@id":"https:\/\/macite.tg\/#\/schema\/person\/e9f2de7e5dbbe7770a9402c7ce82f5c2"},"breadcrumb":{"@id":"https:\/\/macite.tg\/?p=26310#breadcrumb"},"inLanguage":"fr-FR","potentialAction":[{"@type":"ReadAction","target":["https:\/\/macite.tg\/?p=26310"]}]},{"@type":"ImageObject","inLanguage":"fr-FR","@id":"https:\/\/macite.tg\/?p=26310#primaryimage","url":"https:\/\/macite.tg\/wp-content\/uploads\/2025\/11\/image-67.png","contentUrl":"https:\/\/macite.tg\/wp-content\/uploads\/2025\/11\/image-67.png","width":534,"height":300,"caption":"Le souverain pontife"},{"@type":"BreadcrumbList","@id":"https:\/\/macite.tg\/?p=26310#breadcrumb","itemListElement":[{"@type":"ListItem","position":1,"name":"Accueil","item":"https:\/\/macite.tg\/"},{"@type":"ListItem","position":2,"name":"NIGERIA\/ENLEVEMENT D\u2019ELEVES DANS UNE ECOLE CATHOLIQUE : Le pape L\u00e9on XIV pour une \u00ab\u00a0libert\u00e9 religieuse authentique\u00a0\u00bb"}]},{"@type":"WebSite","@id":"https:\/\/macite.tg\/#website","url":"https:\/\/macite.tg\/","name":"","description":"L&#039;information, la bonne!!!","potentialAction":[{"@type":"SearchAction","target":{"@type":"EntryPoint","urlTemplate":"https:\/\/macite.tg\/?s={search_term_string}"},"query-input":{"@type":"PropertyValueSpecification","valueRequired":true,"valueName":"search_term_string"}}],"inLanguage":"fr-FR"},{"@type":"Person","@id":"https:\/\/macite.tg\/#\/schema\/person\/e9f2de7e5dbbe7770a9402c7ce82f5c2","name":"Jean Pierre BAWELA","image":{"@type":"ImageObject","inLanguage":"fr-FR","@id":"https:\/\/macite.tg\/wp-content\/uploads\/2023\/09\/WhatsApp-Image-2023-09-19-at-14.44.41-122x122.jpeg","url":"https:\/\/macite.tg\/wp-content\/uploads\/2023\/09\/WhatsApp-Image-2023-09-19-at-14.44.41-122x122.jpeg","contentUrl":"https:\/\/macite.tg\/wp-content\/uploads\/2023\/09\/WhatsApp-Image-2023-09-19-at-14.44.41-122x122.jpeg","caption":"Jean Pierre BAWELA"},"url":"https:\/\/macite.tg\/?author=2"}]}},"_links":{"self":[{"href":"https:\/\/macite.tg\/index.php?rest_route=\/wp\/v2\/posts\/26310","targetHints":{"allow":["GET"]}}],"collection":[{"href":"https:\/\/macite.tg\/index.php?rest_route=\/wp\/v2\/posts"}],"about":[{"href":"https:\/\/macite.tg\/index.php?rest_route=\/wp\/v2\/types\/post"}],"author":[{"embeddable":true,"href":"https:\/\/macite.tg\/index.php?rest_route=\/wp\/v2\/users\/2"}],"replies":[{"embeddable":true,"href":"https:\/\/macite.tg\/index.php?rest_route=%2Fwp%2Fv2%2Fcomments&post=26310"}],"version-history":[{"count":0,"href":"https:\/\/macite.tg\/index.php?rest_route=\/wp\/v2\/posts\/26310\/revisions"}],"wp:featuredmedia":[{"embeddable":true,"href":"https:\/\/macite.tg\/index.php?rest_route=\/wp\/v2\/media\/26313"}],"wp:attachment":[{"href":"https:\/\/macite.tg\/index.php?rest_route=%2Fwp%2Fv2%2Fmedia&parent=26310"}],"wp:term":[{"taxonomy":"category","embeddable":true,"href":"https:\/\/macite.tg\/index.php?rest_route=%2Fwp%2Fv2%2Fcategories&post=26310"},{"taxonomy":"post_tag","embeddable":true,"href":"https:\/\/macite.tg\/index.php?rest_route=%2Fwp%2Fv2%2Ftags&post=26310"}],"curies":[{"name":"wp","href":"https:\/\/api.w.org\/{rel}","templated":true}]}}