{"id":26309,"date":"2025-11-21T14:01:30","date_gmt":"2025-11-21T14:01:30","guid":{"rendered":"https:\/\/macite.tg\/?p=26309"},"modified":"2025-11-21T14:01:39","modified_gmt":"2025-11-21T14:01:39","slug":"assemblee-nationale-ballet-des-audiences-avec-des-diplomates-et-representants-dinstitutions-internationales","status":"publish","type":"post","link":"https:\/\/macite.tg\/?p=26309","title":{"rendered":"ASSEMBLEE NATIONALE : Ballet des audiences avec des diplomates et repr\u00e9sentants d&rsquo;institutions internationales"},"content":{"rendered":"\n<p class=\"wp-block-paragraph\"><strong><em>Le Pr\u00e9sident de l\u2019Assembl\u00e9e nationale, Professeur Komi Selom Klassou, a accord\u00e9, hier jeudi 20 novembre 2025, des audiences \u00e0 trois personnalit\u00e9s au palais de la Repr\u00e9sentation nationale. Il a re\u00e7u successivement l\u2019Ambassadrice de la R\u00e9publique populaire de Chine au Togo, Mme Wang Min, l\u2019Ambassadeur de l\u2019Union europ\u00e9enne au Togo, Gwilym Jones, et enfin la Repr\u00e9sentante r\u00e9sidente de l\u2019UNICEF au Togo, Dr Corinne Erinna Dia.<\/em><\/strong><\/p>\n\n\n\n<p class=\"wp-block-paragraph\">Lors des \u00e9changes, plusieurs sujets \u00e9taient l\u2019ordre du jour, notamment le renforcement des partenariats, l\u2019approfondissement du dialogue politique et la consolidation des actions de d\u00e9veloppement.<\/p>\n\n\n\n<p class=\"wp-block-paragraph\">Avec l\u2019\u2019Ambassadrice de la R\u00e9publique populaire de Chine, Mme Wang Min, le Prof Selom Klassou a discut\u00e9 des orientations strat\u00e9giques de la Chine pour les prochaines ann\u00e9es, notamment en mati\u00e8re de d\u00e9veloppement et de coop\u00e9ration avec le Togo.<\/p>\n\n\n<div class=\"wp-block-image\">\n<figure class=\"aligncenter size-large\"><img loading=\"lazy\" decoding=\"async\" width=\"732\" height=\"1024\" src=\"https:\/\/macite.tg\/wp-content\/uploads\/2025\/11\/image-60-732x1024.png\" alt=\"\" class=\"wp-image-26266\" srcset=\"https:\/\/macite.tg\/wp-content\/uploads\/2025\/11\/image-60-732x1024.png 732w, https:\/\/macite.tg\/wp-content\/uploads\/2025\/11\/image-60-214x300.png 214w, https:\/\/macite.tg\/wp-content\/uploads\/2025\/11\/image-60-768x1075.png 768w, https:\/\/macite.tg\/wp-content\/uploads\/2025\/11\/image-60-1097x1536.png 1097w, https:\/\/macite.tg\/wp-content\/uploads\/2025\/11\/image-60.png 1161w\" sizes=\"auto, (max-width: 732px) 100vw, 732px\" \/><\/figure>\n<\/div>\n\n\n<p class=\"wp-block-paragraph\">Mais avant, la diplomate chinoise a f\u00e9licit\u00e9 le Pr\u00e9sident de l\u2019Assembl\u00e9e nationale pour son \u00e9lection \u00e0 la t\u00eate de l\u2019institution parlementaire, et lui a transmis les salutations cordiales et les meilleurs v\u0153ux de S.E.M. Zhao Leji, Pr\u00e9sident du Comit\u00e9 permanent de l&rsquo;Assembl\u00e9e nationale populaire de Chine.<\/p>\n\n\n\n<p class=\"wp-block-paragraph\"><em>\u00ab Le mois dernier, le vingti\u00e8me Comit\u00e9 central du Parti communiste chinois a conclu avec succ\u00e8s son quatri\u00e8me pl\u00e9num avec la publication du quinzi\u00e8me plan quinquennal. Le plan a dessin\u00e9 des perspectives prometteuses pour le d\u00e9veloppement de la Chine dans les cinq prochaines ann\u00e9es et pour la coop\u00e9ration gagnant-gagnant entre la Chine et le reste du monde.<\/em><\/p>\n\n\n\n<p class=\"wp-block-paragraph\"><em>\u00c0 ce nouveau point de d\u00e9part historique, la Chine est pr\u00eate \u00e0 partager avec le Togo ses opportunit\u00e9s de d\u00e9veloppement et \u00e0 continuer d&rsquo;approfondir sa coop\u00e9ration pratique avec le Togo dans tous les domaines, y compris la coop\u00e9ration l\u00e9gislative, afin d&rsquo;apporter plus de b\u00e9n\u00e9fices aux deux peuples et de r\u00e9aliser une prosp\u00e9rit\u00e9 commune \u00bb,<\/em> a indiqu\u00e9 Mme Wang Min, Ambassadrice de la R\u00e9publique populaire de Chine au Togo.<\/p>\n\n\n\n<p class=\"wp-block-paragraph\">Lors de la seconde audience, l&rsquo;Ambassadeur de l\u2019Union europ\u00e9enne au Togo, Gwilym Jones, a soulign\u00e9 que la rencontre a permis d&rsquo;\u00e9changer plus largement sur la coop\u00e9ration entre le Togo et l\u2019Union europ\u00e9enne, \u00e0 quelques jours du sommet entre l\u2019Union africaine et l\u2019Union europ\u00e9enne.<\/p>\n\n\n\n<p class=\"wp-block-paragraph\"><em>\u00ab Nous avons un partenariat en place sur les questions \u00e9conomiques, sur les questions militaires et aussi sur les questions de s\u00e9curit\u00e9 et de paix, dont l\u2019Union europ\u00e9enne est le premier partenaire de l\u2019Union africaine et de tant d\u2019\u00c9tats. Ce partenariat est \u00e9galement exprim\u00e9 ici au Togo sur ces m\u00eames sujets \u00bb,<\/em> a-t-il \u00e9voqu\u00e9.<\/p>\n\n\n\n<p class=\"wp-block-paragraph\">La derni\u00e8re audience a \u00e9t\u00e9 accord\u00e9e \u00e0 Dr Corinne Erinna Dia, Repr\u00e9sentante r\u00e9sidente de l\u2019UNICEF au Togo. Elle a permis de discuter du renforcement du partenariat entre l\u2019UNICEF et le Parlement togolais pour l\u2019\u00e9panouissement des femmes et des enfants.<\/p>\n\n\n\n<p class=\"wp-block-paragraph\"><em>\u00ab Aujourd\u2019hui, c\u2019est la Journ\u00e9e mondiale de l\u2019enfance \u00bb <\/em>ainsi<em>, \u00ab nous avons discut\u00e9 du partenariat tr\u00e8s strat\u00e9gique entre l\u2019Assembl\u00e9e nationale et l\u2019UNICEF au Togo. Parmi les principales pistes de collaboration figure l\u2019appui que l\u2019UNICEF apporte au gouvernement dans la mise en \u0153uvre de la feuille de route nationale. Cet accompagnement porte notamment sur la r\u00e9alisation d\u2019analyses budg\u00e9taires en vue de promouvoir une budg\u00e9tisation sensible aux besoins de l\u2019enfant \u00bb,<\/em> a soulign\u00e9 la Repr\u00e9sentante r\u00e9sidente de l\u2019UNICEF au Togo.<\/p>\n\n\n<div class=\"wp-block-image\">\n<figure class=\"aligncenter size-large is-resized\"><img loading=\"lazy\" decoding=\"async\" width=\"1024\" height=\"1024\" src=\"https:\/\/macite.tg\/wp-content\/uploads\/2025\/11\/f4e9db65-d653-41f7-b584-07f92d21ac18-1024x1024.jpg\" alt=\"\" class=\"wp-image-26244\" style=\"width:688px;height:auto\" srcset=\"https:\/\/macite.tg\/wp-content\/uploads\/2025\/11\/f4e9db65-d653-41f7-b584-07f92d21ac18-1024x1024.jpg 1024w, https:\/\/macite.tg\/wp-content\/uploads\/2025\/11\/f4e9db65-d653-41f7-b584-07f92d21ac18-300x300.jpg 300w, https:\/\/macite.tg\/wp-content\/uploads\/2025\/11\/f4e9db65-d653-41f7-b584-07f92d21ac18-150x150.jpg 150w, https:\/\/macite.tg\/wp-content\/uploads\/2025\/11\/f4e9db65-d653-41f7-b584-07f92d21ac18-768x768.jpg 768w, https:\/\/macite.tg\/wp-content\/uploads\/2025\/11\/f4e9db65-d653-41f7-b584-07f92d21ac18-122x122.jpg 122w, https:\/\/macite.tg\/wp-content\/uploads\/2025\/11\/f4e9db65-d653-41f7-b584-07f92d21ac18.jpg 1080w\" sizes=\"auto, (max-width: 1024px) 100vw, 1024px\" \/><\/figure>\n<\/div>\n\n\n<p class=\"wp-block-paragraph\">Les \u00e9changes ont \u00e9galement port\u00e9 sur les actions \u00e0 envisager pour consolider la collaboration existante. Parmi les points retenus figure le renforcement des diff\u00e9rentes unit\u00e9s charg\u00e9es des questions li\u00e9es aux besoins de l\u2019enfant. Elle estime que cette d\u00e9marche vise \u00e0 garantir que les projets de budget conduisent \u00e0 une allocation accrue de ressources afin de mieux r\u00e9pondre aux besoins des enfants ainsi que des populations vuln\u00e9rables que l\u2019institution a vocation \u00e0 servir.<\/p>\n\n\n\n<p class=\"wp-block-paragraph\">\u00c0 travers ces audiences, l\u2019Assembl\u00e9e nationale r\u00e9affirme son engagement institutionnel en faveur d\u2019une diplomatie parlementaire active et d\u2019une coop\u00e9ration dynamique et diversifi\u00e9e.<\/p>\n\n\n\n<p class=\"wp-block-paragraph\"><strong>(JPB avec AN)<\/strong><\/p>\n\n\n\n<p class=\"wp-block-paragraph\"><a><strong><em>@macite.tg&nbsp;&nbsp;&nbsp;&nbsp;&nbsp;&nbsp;&nbsp;&nbsp;<\/em><\/strong><\/a><\/p>\n\n\n\n<p class=\"wp-block-paragraph\"><strong><em>E-mail&nbsp;: <\/em><\/strong><a href=\"mailto:maciteinfo@gmail.com\"><strong><em>maciteinfo@gmail.com<\/em><\/strong><\/a><strong><em>; <\/em><\/strong><a href=\"mailto:bawela1@gmail.com\"><strong><em>bawela1@gmail.com<\/em><\/strong><\/a><strong><em><\/em><\/strong><\/p>\n\n\n\n<p class=\"wp-block-paragraph\"><strong><em>Pour vos annonces, (publi)reportages, etc., joignez-nous au (00228)91515309\/<strong>79872224 <\/strong><strong><\/strong><\/em><\/strong><\/p>\n\n\n\n<p class=\"wp-block-paragraph\"><strong><em>www.macite.tg, L\u2019information, la bonne&nbsp;!<\/em><\/strong><\/p>\n\n\n\n<p class=\"wp-block-paragraph\"><\/p>\n","protected":false},"excerpt":{"rendered":"<p class=\"text-justify mb-2\" >Le Pr\u00e9sident de l\u2019Assembl\u00e9e nationale, Professeur Komi Selom Klassou, a accord\u00e9, hier jeudi 20 novembre 2025, des audiences \u00e0 trois personnalit\u00e9s au palais de la Repr\u00e9sentation nationale. Il a re\u00e7u successivement l\u2019Ambassadrice de la R\u00e9publique populaire de Chine au Togo, Mme Wang Min, l\u2019Ambassadeur de [&hellip;]<\/p>\n","protected":false},"author":2,"featured_media":26311,"comment_status":"open","ping_status":"open","sticky":false,"template":"","format":"standard","meta":{"footnotes":""},"categories":[20,8],"tags":[],"class_list":["post-26309","post","type-post","status-publish","format-standard","has-post-thumbnail","hentry","category-actualite","category-diplomatie"],"yoast_head":"<!-- This site is optimized with the Yoast SEO plugin v28.4 - https:\/\/yoast.com\/product\/yoast-seo-wordpress\/ -->\n<title>ASSEMBLEE NATIONALE : Ballet des audiences avec des diplomates et repr\u00e9sentants d&#039;institutions internationales -<\/title>\n<meta name=\"robots\" content=\"index, follow, max-snippet:-1, max-image-preview:large, max-video-preview:-1\" \/>\n<link rel=\"canonical\" href=\"https:\/\/macite.tg\/?p=26309\" \/>\n<meta property=\"og:locale\" content=\"fr_FR\" \/>\n<meta property=\"og:type\" content=\"article\" \/>\n<meta property=\"og:title\" content=\"ASSEMBLEE NATIONALE : Ballet des audiences avec des diplomates et repr\u00e9sentants d&#039;institutions internationales -\" \/>\n<meta property=\"og:description\" content=\"Le Pr\u00e9sident de l\u2019Assembl\u00e9e nationale, Professeur Komi Selom Klassou, a accord\u00e9, hier jeudi 20 novembre 2025, des audiences \u00e0 trois personnalit\u00e9s au palais de la Repr\u00e9sentation nationale. Il a re\u00e7u successivement l\u2019Ambassadrice de la R\u00e9publique populaire de Chine au Togo, Mme Wang Min, l\u2019Ambassadeur de [&hellip;]\" \/>\n<meta property=\"og:url\" content=\"https:\/\/macite.tg\/?p=26309\" \/>\n<meta property=\"article:published_time\" content=\"2025-11-21T14:01:30+00:00\" \/>\n<meta property=\"article:modified_time\" content=\"2025-11-21T14:01:39+00:00\" \/>\n<meta property=\"og:image\" content=\"https:\/\/macite.tg\/wp-content\/uploads\/2025\/11\/AN-novembre.jpg\" \/>\n\t<meta property=\"og:image:width\" content=\"500\" \/>\n\t<meta property=\"og:image:height\" content=\"117\" \/>\n\t<meta property=\"og:image:type\" content=\"image\/jpeg\" \/>\n<meta name=\"author\" content=\"Jean Pierre BAWELA\" \/>\n<meta name=\"twitter:card\" content=\"summary_large_image\" \/>\n<meta name=\"twitter:label1\" content=\"\u00c9crit par\" \/>\n\t<meta name=\"twitter:data1\" content=\"Jean Pierre BAWELA\" \/>\n\t<meta name=\"twitter:label2\" content=\"Dur\u00e9e de lecture estim\u00e9e\" \/>\n\t<meta name=\"twitter:data2\" content=\"4 minutes\" \/>\n<script type=\"application\/ld+json\" class=\"yoast-schema-graph\">{\"@context\":\"https:\\\/\\\/schema.org\",\"@graph\":[{\"@type\":\"Article\",\"@id\":\"https:\\\/\\\/macite.tg\\\/?p=26309#article\",\"isPartOf\":{\"@id\":\"https:\\\/\\\/macite.tg\\\/?p=26309\"},\"author\":{\"name\":\"Jean Pierre BAWELA\",\"@id\":\"https:\\\/\\\/macite.tg\\\/#\\\/schema\\\/person\\\/e9f2de7e5dbbe7770a9402c7ce82f5c2\"},\"headline\":\"ASSEMBLEE NATIONALE : Ballet des audiences avec des diplomates et repr\u00e9sentants d&rsquo;institutions internationales\",\"datePublished\":\"2025-11-21T14:01:30+00:00\",\"dateModified\":\"2025-11-21T14:01:39+00:00\",\"mainEntityOfPage\":{\"@id\":\"https:\\\/\\\/macite.tg\\\/?p=26309\"},\"wordCount\":752,\"commentCount\":0,\"image\":{\"@id\":\"https:\\\/\\\/macite.tg\\\/?p=26309#primaryimage\"},\"thumbnailUrl\":\"https:\\\/\\\/macite.tg\\\/wp-content\\\/uploads\\\/2025\\\/11\\\/AN-novembre.jpg\",\"articleSection\":[\"ACTUALITE\",\"DIPLOMATIE\"],\"inLanguage\":\"fr-FR\",\"potentialAction\":[{\"@type\":\"CommentAction\",\"name\":\"Comment\",\"target\":[\"https:\\\/\\\/macite.tg\\\/?p=26309#respond\"]}]},{\"@type\":\"WebPage\",\"@id\":\"https:\\\/\\\/macite.tg\\\/?p=26309\",\"url\":\"https:\\\/\\\/macite.tg\\\/?p=26309\",\"name\":\"ASSEMBLEE NATIONALE : Ballet des audiences avec des diplomates et repr\u00e9sentants d'institutions internationales -\",\"isPartOf\":{\"@id\":\"https:\\\/\\\/macite.tg\\\/#website\"},\"primaryImageOfPage\":{\"@id\":\"https:\\\/\\\/macite.tg\\\/?p=26309#primaryimage\"},\"image\":{\"@id\":\"https:\\\/\\\/macite.tg\\\/?p=26309#primaryimage\"},\"thumbnailUrl\":\"https:\\\/\\\/macite.tg\\\/wp-content\\\/uploads\\\/2025\\\/11\\\/AN-novembre.jpg\",\"datePublished\":\"2025-11-21T14:01:30+00:00\",\"dateModified\":\"2025-11-21T14:01:39+00:00\",\"author\":{\"@id\":\"https:\\\/\\\/macite.tg\\\/#\\\/schema\\\/person\\\/e9f2de7e5dbbe7770a9402c7ce82f5c2\"},\"breadcrumb\":{\"@id\":\"https:\\\/\\\/macite.tg\\\/?p=26309#breadcrumb\"},\"inLanguage\":\"fr-FR\",\"potentialAction\":[{\"@type\":\"ReadAction\",\"target\":[\"https:\\\/\\\/macite.tg\\\/?p=26309\"]}]},{\"@type\":\"ImageObject\",\"inLanguage\":\"fr-FR\",\"@id\":\"https:\\\/\\\/macite.tg\\\/?p=26309#primaryimage\",\"url\":\"https:\\\/\\\/macite.tg\\\/wp-content\\\/uploads\\\/2025\\\/11\\\/AN-novembre.jpg\",\"contentUrl\":\"https:\\\/\\\/macite.tg\\\/wp-content\\\/uploads\\\/2025\\\/11\\\/AN-novembre.jpg\",\"width\":500,\"height\":117},{\"@type\":\"BreadcrumbList\",\"@id\":\"https:\\\/\\\/macite.tg\\\/?p=26309#breadcrumb\",\"itemListElement\":[{\"@type\":\"ListItem\",\"position\":1,\"name\":\"Accueil\",\"item\":\"https:\\\/\\\/macite.tg\\\/\"},{\"@type\":\"ListItem\",\"position\":2,\"name\":\"ASSEMBLEE NATIONALE : Ballet des audiences avec des diplomates et repr\u00e9sentants d&rsquo;institutions internationales\"}]},{\"@type\":\"WebSite\",\"@id\":\"https:\\\/\\\/macite.tg\\\/#website\",\"url\":\"https:\\\/\\\/macite.tg\\\/\",\"name\":\"\",\"description\":\"L&#039;information, la bonne!!!\",\"potentialAction\":[{\"@type\":\"SearchAction\",\"target\":{\"@type\":\"EntryPoint\",\"urlTemplate\":\"https:\\\/\\\/macite.tg\\\/?s={search_term_string}\"},\"query-input\":{\"@type\":\"PropertyValueSpecification\",\"valueRequired\":true,\"valueName\":\"search_term_string\"}}],\"inLanguage\":\"fr-FR\"},{\"@type\":\"Person\",\"@id\":\"https:\\\/\\\/macite.tg\\\/#\\\/schema\\\/person\\\/e9f2de7e5dbbe7770a9402c7ce82f5c2\",\"name\":\"Jean Pierre BAWELA\",\"image\":{\"@type\":\"ImageObject\",\"inLanguage\":\"fr-FR\",\"@id\":\"https:\\\/\\\/macite.tg\\\/wp-content\\\/uploads\\\/2023\\\/09\\\/WhatsApp-Image-2023-09-19-at-14.44.41-122x122.jpeg\",\"url\":\"https:\\\/\\\/macite.tg\\\/wp-content\\\/uploads\\\/2023\\\/09\\\/WhatsApp-Image-2023-09-19-at-14.44.41-122x122.jpeg\",\"contentUrl\":\"https:\\\/\\\/macite.tg\\\/wp-content\\\/uploads\\\/2023\\\/09\\\/WhatsApp-Image-2023-09-19-at-14.44.41-122x122.jpeg\",\"caption\":\"Jean Pierre BAWELA\"},\"url\":\"https:\\\/\\\/macite.tg\\\/?author=2\"}]}<\/script>\n<!-- \/ Yoast SEO plugin. -->","yoast_head_json":{"title":"ASSEMBLEE NATIONALE : Ballet des audiences avec des diplomates et repr\u00e9sentants d'institutions internationales -","robots":{"index":"index","follow":"follow","max-snippet":"max-snippet:-1","max-image-preview":"max-image-preview:large","max-video-preview":"max-video-preview:-1"},"canonical":"https:\/\/macite.tg\/?p=26309","og_locale":"fr_FR","og_type":"article","og_title":"ASSEMBLEE NATIONALE : Ballet des audiences avec des diplomates et repr\u00e9sentants d'institutions internationales -","og_description":"Le Pr\u00e9sident de l\u2019Assembl\u00e9e nationale, Professeur Komi Selom Klassou, a accord\u00e9, hier jeudi 20 novembre 2025, des audiences \u00e0 trois personnalit\u00e9s au palais de la Repr\u00e9sentation nationale. Il a re\u00e7u successivement l\u2019Ambassadrice de la R\u00e9publique populaire de Chine au Togo, Mme Wang Min, l\u2019Ambassadeur de [&hellip;]","og_url":"https:\/\/macite.tg\/?p=26309","article_published_time":"2025-11-21T14:01:30+00:00","article_modified_time":"2025-11-21T14:01:39+00:00","og_image":[{"width":500,"height":117,"url":"https:\/\/macite.tg\/wp-content\/uploads\/2025\/11\/AN-novembre.jpg","type":"image\/jpeg"}],"author":"Jean Pierre BAWELA","twitter_card":"summary_large_image","twitter_misc":{"\u00c9crit par":"Jean Pierre BAWELA","Dur\u00e9e de lecture estim\u00e9e":"4 minutes"},"schema":{"@context":"https:\/\/schema.org","@graph":[{"@type":"Article","@id":"https:\/\/macite.tg\/?p=26309#article","isPartOf":{"@id":"https:\/\/macite.tg\/?p=26309"},"author":{"name":"Jean Pierre BAWELA","@id":"https:\/\/macite.tg\/#\/schema\/person\/e9f2de7e5dbbe7770a9402c7ce82f5c2"},"headline":"ASSEMBLEE NATIONALE : Ballet des audiences avec des diplomates et repr\u00e9sentants d&rsquo;institutions internationales","datePublished":"2025-11-21T14:01:30+00:00","dateModified":"2025-11-21T14:01:39+00:00","mainEntityOfPage":{"@id":"https:\/\/macite.tg\/?p=26309"},"wordCount":752,"commentCount":0,"image":{"@id":"https:\/\/macite.tg\/?p=26309#primaryimage"},"thumbnailUrl":"https:\/\/macite.tg\/wp-content\/uploads\/2025\/11\/AN-novembre.jpg","articleSection":["ACTUALITE","DIPLOMATIE"],"inLanguage":"fr-FR","potentialAction":[{"@type":"CommentAction","name":"Comment","target":["https:\/\/macite.tg\/?p=26309#respond"]}]},{"@type":"WebPage","@id":"https:\/\/macite.tg\/?p=26309","url":"https:\/\/macite.tg\/?p=26309","name":"ASSEMBLEE NATIONALE : Ballet des audiences avec des diplomates et repr\u00e9sentants d'institutions internationales -","isPartOf":{"@id":"https:\/\/macite.tg\/#website"},"primaryImageOfPage":{"@id":"https:\/\/macite.tg\/?p=26309#primaryimage"},"image":{"@id":"https:\/\/macite.tg\/?p=26309#primaryimage"},"thumbnailUrl":"https:\/\/macite.tg\/wp-content\/uploads\/2025\/11\/AN-novembre.jpg","datePublished":"2025-11-21T14:01:30+00:00","dateModified":"2025-11-21T14:01:39+00:00","author":{"@id":"https:\/\/macite.tg\/#\/schema\/person\/e9f2de7e5dbbe7770a9402c7ce82f5c2"},"breadcrumb":{"@id":"https:\/\/macite.tg\/?p=26309#breadcrumb"},"inLanguage":"fr-FR","potentialAction":[{"@type":"ReadAction","target":["https:\/\/macite.tg\/?p=26309"]}]},{"@type":"ImageObject","inLanguage":"fr-FR","@id":"https:\/\/macite.tg\/?p=26309#primaryimage","url":"https:\/\/macite.tg\/wp-content\/uploads\/2025\/11\/AN-novembre.jpg","contentUrl":"https:\/\/macite.tg\/wp-content\/uploads\/2025\/11\/AN-novembre.jpg","width":500,"height":117},{"@type":"BreadcrumbList","@id":"https:\/\/macite.tg\/?p=26309#breadcrumb","itemListElement":[{"@type":"ListItem","position":1,"name":"Accueil","item":"https:\/\/macite.tg\/"},{"@type":"ListItem","position":2,"name":"ASSEMBLEE NATIONALE : Ballet des audiences avec des diplomates et repr\u00e9sentants d&rsquo;institutions internationales"}]},{"@type":"WebSite","@id":"https:\/\/macite.tg\/#website","url":"https:\/\/macite.tg\/","name":"","description":"L&#039;information, la bonne!!!","potentialAction":[{"@type":"SearchAction","target":{"@type":"EntryPoint","urlTemplate":"https:\/\/macite.tg\/?s={search_term_string}"},"query-input":{"@type":"PropertyValueSpecification","valueRequired":true,"valueName":"search_term_string"}}],"inLanguage":"fr-FR"},{"@type":"Person","@id":"https:\/\/macite.tg\/#\/schema\/person\/e9f2de7e5dbbe7770a9402c7ce82f5c2","name":"Jean Pierre BAWELA","image":{"@type":"ImageObject","inLanguage":"fr-FR","@id":"https:\/\/macite.tg\/wp-content\/uploads\/2023\/09\/WhatsApp-Image-2023-09-19-at-14.44.41-122x122.jpeg","url":"https:\/\/macite.tg\/wp-content\/uploads\/2023\/09\/WhatsApp-Image-2023-09-19-at-14.44.41-122x122.jpeg","contentUrl":"https:\/\/macite.tg\/wp-content\/uploads\/2023\/09\/WhatsApp-Image-2023-09-19-at-14.44.41-122x122.jpeg","caption":"Jean Pierre BAWELA"},"url":"https:\/\/macite.tg\/?author=2"}]}},"_links":{"self":[{"href":"https:\/\/macite.tg\/index.php?rest_route=\/wp\/v2\/posts\/26309","targetHints":{"allow":["GET"]}}],"collection":[{"href":"https:\/\/macite.tg\/index.php?rest_route=\/wp\/v2\/posts"}],"about":[{"href":"https:\/\/macite.tg\/index.php?rest_route=\/wp\/v2\/types\/post"}],"author":[{"embeddable":true,"href":"https:\/\/macite.tg\/index.php?rest_route=\/wp\/v2\/users\/2"}],"replies":[{"embeddable":true,"href":"https:\/\/macite.tg\/index.php?rest_route=%2Fwp%2Fv2%2Fcomments&post=26309"}],"version-history":[{"count":0,"href":"https:\/\/macite.tg\/index.php?rest_route=\/wp\/v2\/posts\/26309\/revisions"}],"wp:featuredmedia":[{"embeddable":true,"href":"https:\/\/macite.tg\/index.php?rest_route=\/wp\/v2\/media\/26311"}],"wp:attachment":[{"href":"https:\/\/macite.tg\/index.php?rest_route=%2Fwp%2Fv2%2Fmedia&parent=26309"}],"wp:term":[{"taxonomy":"category","embeddable":true,"href":"https:\/\/macite.tg\/index.php?rest_route=%2Fwp%2Fv2%2Fcategories&post=26309"},{"taxonomy":"post_tag","embeddable":true,"href":"https:\/\/macite.tg\/index.php?rest_route=%2Fwp%2Fv2%2Ftags&post=26309"}],"curies":[{"name":"wp","href":"https:\/\/api.w.org\/{rel}","templated":true}]}}