{"id":26225,"date":"2025-11-18T13:30:42","date_gmt":"2025-11-18T13:30:42","guid":{"rendered":"https:\/\/macite.tg\/?p=26225"},"modified":"2025-11-18T13:30:58","modified_gmt":"2025-11-18T13:30:58","slug":"enfpe-piliers-de-la-transformation-educative-au-togo","status":"publish","type":"post","link":"https:\/\/macite.tg\/?p=26225","title":{"rendered":"ENFPE\u00a0: Piliers de la transformation \u00e9ducative au Togo"},"content":{"rendered":"\n<p class=\"wp-block-paragraph\"><strong><em>Les cours ont repris depuis le 27 octobre 2025 dans les \u00c9coles Normales de Formation des Professeurs d\u2019\u00c9cole (ENFPE) du Togo :&nbsp;Ad\u00e9ta, Dapaong, Mango, Nots\u00e8, Sotouboua et Tabligbo. Au minist\u00e8re de l\u2019\u00e9ducation, on indique que cette reprise de la quatri\u00e8me cohorte marque une avanc\u00e9e importante dans la mise en \u0153uvre de la feuille de route gouvernementale 2020\u20132025. Ces \u00e9coles jouent un r\u00f4le cl\u00e9 dans la formation des enseignants du pr\u00e9scolaire et du primaire, en les pr\u00e9parant \u00e0 offrir un enseignement de qualit\u00e9, partout au Togo.<\/em><\/strong><\/p>\n\n\n\n<p class=\"wp-block-paragraph\"><strong><em>Une r\u00e9forme ambitieuse<\/em><\/strong><\/p>\n\n\n\n<p class=\"wp-block-paragraph\">Les ENFPE remplacent les anciennes \u00c9coles Normales d\u2019Instituteurs (ENI). Elles sont n\u00e9es d\u2019une volont\u00e9 forte du gouvernement de professionnaliser la formation des enseignants d\u00e8s le d\u00e9part. Conform\u00e9ment au projet 10 de la feuille de route gouvernementale 2020-2025 et aux orientations de Son Excellence Monsieur Faure Essozimna GNASSINGBE, d\u2019importantes r\u00e9formes ont \u00e9t\u00e9 op\u00e9r\u00e9es dans le secteur \u00e9ducatif pour assurer la qualit\u00e9 de l\u2019enseignement.<\/p>\n\n\n\n<p class=\"wp-block-paragraph\">Dans cette dynamique et entre autres actions, les \u00e9coles normales d\u2019instituteurs (ENI) sont transform\u00e9es en \u00e9coles normales de formation des professeurs d\u2019\u00e9cole (ENFPE) avec pour mission de contribuer \u00e0 la qualit\u00e9 des enseignements par la recherche et l\u2019innovation en mati\u00e8re de p\u00e9dagogie au niveau des apprentissages des \u00e9l\u00e8ves du pr\u00e9scolaire et du primaire. De neuf (9) mois sous le r\u00e9gime des ENI, la formation initiale dans les ENFPE est d\u00e9sormais port\u00e9e \u00e0 deux (2) ans, permettant ainsi aux futurs professeurs d\u2019\u00e9cole de disposer de toutes les comp\u00e9tences n\u00e9cessaires \u00e0 l\u2019exercice du m\u00e9tier d\u2019enseignant.<\/p>\n\n\n\n<figure class=\"wp-block-image size-large\"><img loading=\"lazy\" decoding=\"async\" width=\"1024\" height=\"392\" src=\"https:\/\/macite.tg\/wp-content\/uploads\/2025\/11\/8d9cf208-3716-4e73-bc0c-3341ae213e6b-1024x392.jpg\" alt=\"\" class=\"wp-image-26198\" srcset=\"https:\/\/macite.tg\/wp-content\/uploads\/2025\/11\/8d9cf208-3716-4e73-bc0c-3341ae213e6b-1024x392.jpg 1024w, https:\/\/macite.tg\/wp-content\/uploads\/2025\/11\/8d9cf208-3716-4e73-bc0c-3341ae213e6b-300x115.jpg 300w, https:\/\/macite.tg\/wp-content\/uploads\/2025\/11\/8d9cf208-3716-4e73-bc0c-3341ae213e6b-768x294.jpg 768w, https:\/\/macite.tg\/wp-content\/uploads\/2025\/11\/8d9cf208-3716-4e73-bc0c-3341ae213e6b.jpg 1080w\" sizes=\"auto, (max-width: 1024px) 100vw, 1024px\" \/><\/figure>\n\n\n\n<p class=\"wp-block-paragraph\">Gr\u00e2ce \u00e0 des&nbsp;programmes modernis\u00e9s, elles permettent aux&nbsp;futurs enseignants d\u2019acqu\u00e9rir les bonnes m\u00e9thodes p\u00e9dagogiques, de mieux g\u00e9rer leurs classes et de suivre une formation conforme aux standards internationaux. La r\u00e9forme ne se limite pas \u00e0 un changement de nom. Elle traduit une transformation profonde du syst\u00e8me de formation initiale, avec des contenus adapt\u00e9s aux r\u00e9alit\u00e9s du terrain, des modules ax\u00e9s sur la p\u00e9dagogie active, l\u2019inclusion scolaire, et l\u2019usage des outils num\u00e9riques. Les ENFPE int\u00e8grent \u00e9galement des stages pratiques encadr\u00e9s, favorisant une immersion progressive dans le m\u00e9tier.<\/p>\n\n\n\n<p class=\"wp-block-paragraph\">Implant\u00e9es dans les r\u00e9gions \u00e9ducatives du pays, les ENFPE assurent une formation de proximit\u00e9. Cela permet de mieux r\u00e9partir les enseignants qualifi\u00e9s sur le territoire et de r\u00e9duire les in\u00e9galit\u00e9s entre les zones urbaines et rurales. En renfor\u00e7ant les capacit\u00e9s locales, elles contribuent \u00e0 une meilleure couverture \u00e9ducative nationale. Les ENFPE am\u00e9liorent concr\u00e8tement la qualit\u00e9 de l\u2019enseignement en pla\u00e7ant l\u2019\u00e9l\u00e8ve au c\u0153ur de l\u2019apprentissage, dans une approche centr\u00e9e sur les comp\u00e9tences et l\u2019\u00e9panouissement.<\/p>\n\n\n\n<p class=\"wp-block-paragraph\"><strong><em>Un appui \u00e0 la Feuille de route 2020 \u2013 2025<\/em><\/strong><\/p>\n\n\n\n<p class=\"wp-block-paragraph\">Ces \u00e9coles s\u2019inscrivent dans l\u2019axe 1 de la feuille de route gouvernementale, qui vise \u00e0 renforcer le capital humain. Elles contribuent \u00e0 l\u2019objectif de former des milliers d\u2019enseignants qualifi\u00e9s, capables de r\u00e9pondre aux besoins \u00e9ducatifs du pays. Leur fonctionnement repose sur une gestion rigoureuse, avec des indicateurs de performance, un suivi r\u00e9gulier et une \u00e9valuation continue des acquis. Les ENFPE sont \u00e9galement des lieux d\u2019innovation p\u00e9dagogique et de recherche en \u00e9ducation. Elles collaborent avec les directions r\u00e9gionales, les inspections et les partenaires techniques pour am\u00e9liorer les pratiques d\u2019enseignement et promouvoir une culture de qualit\u00e9 dans les \u00e9coles.<\/p>\n\n\n<div class=\"wp-block-image\">\n<figure class=\"aligncenter size-full\"><img decoding=\"async\" src=\"https:\/\/macite.tg\/wp-content\/uploads\/2025\/11\/LAISSEZ6PASSER-EN-UN-CLIC-1.jpg\" alt=\"\" class=\"wp-image-26199\" \/><\/figure>\n<\/div>\n\n\n<p class=\"wp-block-paragraph\">En formant des enseignants comp\u00e9tents et motiv\u00e9s, les ENFPE participent directement \u00e0 l\u2019atteinte de l\u2019Objectif de d\u00e9veloppement durable n\u00b04 : garantir une \u00e9ducation de qualit\u00e9 pour tous. Elles incarnent une vision d\u2019avenir pour l\u2019\u00e9cole togolaise : inclusive, performante et tourn\u00e9e vers l\u2019excellence.<\/p>\n\n\n\n<p class=\"wp-block-paragraph\">Avec l\u2019entr\u00e9e en formation de la quatri\u00e8me cohorte compos\u00e9e de&nbsp;1888 jeunes dont 559 pour le pr\u00e9scolaire et 1329 pour le primaire.,&nbsp;ce sont d\u00e9sormais 9\u202f145 jeunes Togolaises et Togolais&nbsp;qui ont int\u00e9gr\u00e9 le parcours de formation initiale des enseignants, illustrant l\u2019engagement croissant du pays en faveur d\u2019une \u00e9ducation de qualit\u00e9 et accessible \u00e0 tous.<\/p>\n\n\n\n<p class=\"wp-block-paragraph\">Le programme vise \u00e0 d\u00e9velopper chez les futurs enseignants plusieurs types de comp\u00e9tences sur divers volets notamment la p\u00e9dagogie dans la pr\u00e9paration et le d\u00e9roulement des cours ; les comp\u00e9tences en \u00e9valuation et en gestion de classe ; les comp\u00e9tences en gestion d\u2019\u00e9tablissement scolaire ; les aptitudes psychologiques n\u00e9cessaires \u00e0 la relation \u00e9ducative ; les comp\u00e9tences en TICE (Technologies de l\u2019Information et de la Communication pour l\u2019\u00c9ducation) ; et enfin, des comp\u00e9tences sociales favorisant l\u2019\u00e9panouissement des \u00e9l\u00e8ves et la coh\u00e9sion au sein de l\u2019\u00e9cole.<\/p>\n\n\n<div class=\"wp-block-image\">\n<figure class=\"aligncenter size-large is-resized\"><img loading=\"lazy\" decoding=\"async\" width=\"1024\" height=\"1024\" src=\"https:\/\/macite.tg\/wp-content\/uploads\/2025\/11\/image-48-1024x1024.png\" alt=\"\" class=\"wp-image-26213\" style=\"width:542px;height:auto\" srcset=\"https:\/\/macite.tg\/wp-content\/uploads\/2025\/11\/image-48-1024x1024.png 1024w, https:\/\/macite.tg\/wp-content\/uploads\/2025\/11\/image-48-300x300.png 300w, https:\/\/macite.tg\/wp-content\/uploads\/2025\/11\/image-48-150x150.png 150w, https:\/\/macite.tg\/wp-content\/uploads\/2025\/11\/image-48-768x768.png 768w, https:\/\/macite.tg\/wp-content\/uploads\/2025\/11\/image-48-122x122.png 122w, https:\/\/macite.tg\/wp-content\/uploads\/2025\/11\/image-48.png 1440w\" sizes=\"auto, (max-width: 1024px) 100vw, 1024px\" \/><\/figure>\n<\/div>\n\n\n<p class=\"wp-block-paragraph\">L\u2019initiative s\u2019inscrit dans la dynamique de r\u00e9forme engag\u00e9e pour moderniser le syst\u00e8me \u00e9ducatif et aligner la formation des enseignants sur les exigences d\u2019une \u00e9ducation&nbsp;inclusive, \u00e9quitable et de qualit\u00e9. &nbsp;La r\u00e9forme offre ainsi un avantage certain car elle permet de mettre \u00e0 la disposition du syst\u00e8me \u00e9ducatif, des enseignants qualifi\u00e9s aussi bien pour le public que pour le priv\u00e9. Avec cet accent particulier sur la qualit\u00e9 de la formation, les promoteurs d\u2019\u00e9tablissements scolaires du priv\u00e9 la\u00efc et du confessionnel disposent d\u2019un vivier pertinent \u00e0 l\u2019int\u00e9rieur duquel ils pourront recruter des enseignants qualifi\u00e9s afin de garantir une \u00e9ducation de qualit\u00e9 pour tous.<\/p>\n\n\n\n<p class=\"wp-block-paragraph\"><strong>(In LE MEDIUM n\u00b0679 du 18 au 24 Novembre 2025)<\/strong><\/p>\n\n\n\n<p class=\"wp-block-paragraph\"><a><strong><em>@macite.tg&nbsp;&nbsp;&nbsp;&nbsp;&nbsp;&nbsp;&nbsp;&nbsp;<\/em><\/strong><\/a><\/p>\n\n\n\n<p class=\"wp-block-paragraph\"><strong><em>E-mail&nbsp;: <\/em><\/strong><a href=\"mailto:maciteinfo@gmail.com\"><strong><em>maciteinfo@gmail.com<\/em><\/strong><\/a><strong><em>; <\/em><\/strong><a href=\"mailto:bawela1@gmail.com\"><strong><em>bawela1@gmail.com<\/em><\/strong><\/a><strong><em><\/em><\/strong><\/p>\n\n\n\n<p class=\"wp-block-paragraph\"><strong><em>Pour vos annonces, (publi)reportages, etc., joignez-nous au (00228)91515309\/<strong>79872224 <\/strong><strong><\/strong><\/em><\/strong><\/p>\n\n\n\n<p class=\"wp-block-paragraph\"><strong><em>www.macite.tg, L\u2019information, la bonne&nbsp;!<\/em><\/strong><\/p>\n\n\n\n<p class=\"wp-block-paragraph\"><\/p>\n","protected":false},"excerpt":{"rendered":"<p class=\"text-justify mb-2\" >Les cours ont repris depuis le 27 octobre 2025 dans les \u00c9coles Normales de Formation des Professeurs d\u2019\u00c9cole (ENFPE) du Togo :&nbsp;Ad\u00e9ta, Dapaong, Mango, Nots\u00e8, Sotouboua et Tabligbo. Au minist\u00e8re de l\u2019\u00e9ducation, on indique que cette reprise de la quatri\u00e8me cohorte marque une avanc\u00e9e importante [&hellip;]<\/p>\n","protected":false},"author":2,"featured_media":26227,"comment_status":"open","ping_status":"open","sticky":false,"template":"","format":"standard","meta":{"footnotes":""},"categories":[20,4],"tags":[],"class_list":["post-26225","post","type-post","status-publish","format-standard","has-post-thumbnail","hentry","category-actualite","category-education"],"yoast_head":"<!-- This site is optimized with the Yoast SEO plugin v28.4 - https:\/\/yoast.com\/product\/yoast-seo-wordpress\/ -->\n<title>ENFPE\u00a0: Piliers de la transformation \u00e9ducative au Togo -<\/title>\n<meta name=\"robots\" content=\"index, follow, max-snippet:-1, max-image-preview:large, max-video-preview:-1\" \/>\n<link rel=\"canonical\" href=\"https:\/\/macite.tg\/?p=26225\" \/>\n<meta property=\"og:locale\" content=\"fr_FR\" \/>\n<meta property=\"og:type\" content=\"article\" \/>\n<meta property=\"og:title\" content=\"ENFPE\u00a0: Piliers de la transformation \u00e9ducative au Togo -\" \/>\n<meta property=\"og:description\" content=\"Les cours ont repris depuis le 27 octobre 2025 dans les \u00c9coles Normales de Formation des Professeurs d\u2019\u00c9cole (ENFPE) du Togo :&nbsp;Ad\u00e9ta, Dapaong, Mango, Nots\u00e8, Sotouboua et Tabligbo. Au minist\u00e8re de l\u2019\u00e9ducation, on indique que cette reprise de la quatri\u00e8me cohorte marque une avanc\u00e9e importante [&hellip;]\" \/>\n<meta property=\"og:url\" content=\"https:\/\/macite.tg\/?p=26225\" \/>\n<meta property=\"article:published_time\" content=\"2025-11-18T13:30:42+00:00\" \/>\n<meta property=\"article:modified_time\" content=\"2025-11-18T13:30:58+00:00\" \/>\n<meta property=\"og:image\" content=\"https:\/\/macite.tg\/wp-content\/uploads\/2025\/11\/image-51.png\" \/>\n\t<meta property=\"og:image:width\" content=\"388\" \/>\n\t<meta property=\"og:image:height\" content=\"249\" \/>\n\t<meta property=\"og:image:type\" content=\"image\/png\" \/>\n<meta name=\"author\" content=\"Jean Pierre BAWELA\" \/>\n<meta name=\"twitter:card\" content=\"summary_large_image\" \/>\n<meta name=\"twitter:label1\" content=\"\u00c9crit par\" \/>\n\t<meta name=\"twitter:data1\" content=\"Jean Pierre BAWELA\" \/>\n\t<meta name=\"twitter:label2\" content=\"Dur\u00e9e de lecture estim\u00e9e\" \/>\n\t<meta name=\"twitter:data2\" content=\"5 minutes\" \/>\n<script type=\"application\/ld+json\" class=\"yoast-schema-graph\">{\"@context\":\"https:\\\/\\\/schema.org\",\"@graph\":[{\"@type\":\"Article\",\"@id\":\"https:\\\/\\\/macite.tg\\\/?p=26225#article\",\"isPartOf\":{\"@id\":\"https:\\\/\\\/macite.tg\\\/?p=26225\"},\"author\":{\"name\":\"Jean Pierre BAWELA\",\"@id\":\"https:\\\/\\\/macite.tg\\\/#\\\/schema\\\/person\\\/e9f2de7e5dbbe7770a9402c7ce82f5c2\"},\"headline\":\"ENFPE\u00a0: Piliers de la transformation \u00e9ducative au Togo\",\"datePublished\":\"2025-11-18T13:30:42+00:00\",\"dateModified\":\"2025-11-18T13:30:58+00:00\",\"mainEntityOfPage\":{\"@id\":\"https:\\\/\\\/macite.tg\\\/?p=26225\"},\"wordCount\":952,\"commentCount\":0,\"image\":{\"@id\":\"https:\\\/\\\/macite.tg\\\/?p=26225#primaryimage\"},\"thumbnailUrl\":\"https:\\\/\\\/macite.tg\\\/wp-content\\\/uploads\\\/2025\\\/11\\\/image-51.png\",\"articleSection\":[\"ACTUALITE\",\"EDUCATION\"],\"inLanguage\":\"fr-FR\",\"potentialAction\":[{\"@type\":\"CommentAction\",\"name\":\"Comment\",\"target\":[\"https:\\\/\\\/macite.tg\\\/?p=26225#respond\"]}]},{\"@type\":\"WebPage\",\"@id\":\"https:\\\/\\\/macite.tg\\\/?p=26225\",\"url\":\"https:\\\/\\\/macite.tg\\\/?p=26225\",\"name\":\"ENFPE\u00a0: Piliers de la transformation \u00e9ducative au Togo -\",\"isPartOf\":{\"@id\":\"https:\\\/\\\/macite.tg\\\/#website\"},\"primaryImageOfPage\":{\"@id\":\"https:\\\/\\\/macite.tg\\\/?p=26225#primaryimage\"},\"image\":{\"@id\":\"https:\\\/\\\/macite.tg\\\/?p=26225#primaryimage\"},\"thumbnailUrl\":\"https:\\\/\\\/macite.tg\\\/wp-content\\\/uploads\\\/2025\\\/11\\\/image-51.png\",\"datePublished\":\"2025-11-18T13:30:42+00:00\",\"dateModified\":\"2025-11-18T13:30:58+00:00\",\"author\":{\"@id\":\"https:\\\/\\\/macite.tg\\\/#\\\/schema\\\/person\\\/e9f2de7e5dbbe7770a9402c7ce82f5c2\"},\"breadcrumb\":{\"@id\":\"https:\\\/\\\/macite.tg\\\/?p=26225#breadcrumb\"},\"inLanguage\":\"fr-FR\",\"potentialAction\":[{\"@type\":\"ReadAction\",\"target\":[\"https:\\\/\\\/macite.tg\\\/?p=26225\"]}]},{\"@type\":\"ImageObject\",\"inLanguage\":\"fr-FR\",\"@id\":\"https:\\\/\\\/macite.tg\\\/?p=26225#primaryimage\",\"url\":\"https:\\\/\\\/macite.tg\\\/wp-content\\\/uploads\\\/2025\\\/11\\\/image-51.png\",\"contentUrl\":\"https:\\\/\\\/macite.tg\\\/wp-content\\\/uploads\\\/2025\\\/11\\\/image-51.png\",\"width\":388,\"height\":249,\"caption\":\"Des \u00e9l\u00e8ves professeurs en formation (Photo archives)\"},{\"@type\":\"BreadcrumbList\",\"@id\":\"https:\\\/\\\/macite.tg\\\/?p=26225#breadcrumb\",\"itemListElement\":[{\"@type\":\"ListItem\",\"position\":1,\"name\":\"Accueil\",\"item\":\"https:\\\/\\\/macite.tg\\\/\"},{\"@type\":\"ListItem\",\"position\":2,\"name\":\"ENFPE\u00a0: Piliers de la transformation \u00e9ducative au Togo\"}]},{\"@type\":\"WebSite\",\"@id\":\"https:\\\/\\\/macite.tg\\\/#website\",\"url\":\"https:\\\/\\\/macite.tg\\\/\",\"name\":\"\",\"description\":\"L&#039;information, la bonne!!!\",\"potentialAction\":[{\"@type\":\"SearchAction\",\"target\":{\"@type\":\"EntryPoint\",\"urlTemplate\":\"https:\\\/\\\/macite.tg\\\/?s={search_term_string}\"},\"query-input\":{\"@type\":\"PropertyValueSpecification\",\"valueRequired\":true,\"valueName\":\"search_term_string\"}}],\"inLanguage\":\"fr-FR\"},{\"@type\":\"Person\",\"@id\":\"https:\\\/\\\/macite.tg\\\/#\\\/schema\\\/person\\\/e9f2de7e5dbbe7770a9402c7ce82f5c2\",\"name\":\"Jean Pierre BAWELA\",\"image\":{\"@type\":\"ImageObject\",\"inLanguage\":\"fr-FR\",\"@id\":\"https:\\\/\\\/macite.tg\\\/wp-content\\\/uploads\\\/2023\\\/09\\\/WhatsApp-Image-2023-09-19-at-14.44.41-122x122.jpeg\",\"url\":\"https:\\\/\\\/macite.tg\\\/wp-content\\\/uploads\\\/2023\\\/09\\\/WhatsApp-Image-2023-09-19-at-14.44.41-122x122.jpeg\",\"contentUrl\":\"https:\\\/\\\/macite.tg\\\/wp-content\\\/uploads\\\/2023\\\/09\\\/WhatsApp-Image-2023-09-19-at-14.44.41-122x122.jpeg\",\"caption\":\"Jean Pierre BAWELA\"},\"url\":\"https:\\\/\\\/macite.tg\\\/?author=2\"}]}<\/script>\n<!-- \/ Yoast SEO plugin. -->","yoast_head_json":{"title":"ENFPE\u00a0: Piliers de la transformation \u00e9ducative au Togo -","robots":{"index":"index","follow":"follow","max-snippet":"max-snippet:-1","max-image-preview":"max-image-preview:large","max-video-preview":"max-video-preview:-1"},"canonical":"https:\/\/macite.tg\/?p=26225","og_locale":"fr_FR","og_type":"article","og_title":"ENFPE\u00a0: Piliers de la transformation \u00e9ducative au Togo -","og_description":"Les cours ont repris depuis le 27 octobre 2025 dans les \u00c9coles Normales de Formation des Professeurs d\u2019\u00c9cole (ENFPE) du Togo :&nbsp;Ad\u00e9ta, Dapaong, Mango, Nots\u00e8, Sotouboua et Tabligbo. Au minist\u00e8re de l\u2019\u00e9ducation, on indique que cette reprise de la quatri\u00e8me cohorte marque une avanc\u00e9e importante [&hellip;]","og_url":"https:\/\/macite.tg\/?p=26225","article_published_time":"2025-11-18T13:30:42+00:00","article_modified_time":"2025-11-18T13:30:58+00:00","og_image":[{"width":388,"height":249,"url":"https:\/\/macite.tg\/wp-content\/uploads\/2025\/11\/image-51.png","type":"image\/png"}],"author":"Jean Pierre BAWELA","twitter_card":"summary_large_image","twitter_misc":{"\u00c9crit par":"Jean Pierre BAWELA","Dur\u00e9e de lecture estim\u00e9e":"5 minutes"},"schema":{"@context":"https:\/\/schema.org","@graph":[{"@type":"Article","@id":"https:\/\/macite.tg\/?p=26225#article","isPartOf":{"@id":"https:\/\/macite.tg\/?p=26225"},"author":{"name":"Jean Pierre BAWELA","@id":"https:\/\/macite.tg\/#\/schema\/person\/e9f2de7e5dbbe7770a9402c7ce82f5c2"},"headline":"ENFPE\u00a0: Piliers de la transformation \u00e9ducative au Togo","datePublished":"2025-11-18T13:30:42+00:00","dateModified":"2025-11-18T13:30:58+00:00","mainEntityOfPage":{"@id":"https:\/\/macite.tg\/?p=26225"},"wordCount":952,"commentCount":0,"image":{"@id":"https:\/\/macite.tg\/?p=26225#primaryimage"},"thumbnailUrl":"https:\/\/macite.tg\/wp-content\/uploads\/2025\/11\/image-51.png","articleSection":["ACTUALITE","EDUCATION"],"inLanguage":"fr-FR","potentialAction":[{"@type":"CommentAction","name":"Comment","target":["https:\/\/macite.tg\/?p=26225#respond"]}]},{"@type":"WebPage","@id":"https:\/\/macite.tg\/?p=26225","url":"https:\/\/macite.tg\/?p=26225","name":"ENFPE\u00a0: Piliers de la transformation \u00e9ducative au Togo -","isPartOf":{"@id":"https:\/\/macite.tg\/#website"},"primaryImageOfPage":{"@id":"https:\/\/macite.tg\/?p=26225#primaryimage"},"image":{"@id":"https:\/\/macite.tg\/?p=26225#primaryimage"},"thumbnailUrl":"https:\/\/macite.tg\/wp-content\/uploads\/2025\/11\/image-51.png","datePublished":"2025-11-18T13:30:42+00:00","dateModified":"2025-11-18T13:30:58+00:00","author":{"@id":"https:\/\/macite.tg\/#\/schema\/person\/e9f2de7e5dbbe7770a9402c7ce82f5c2"},"breadcrumb":{"@id":"https:\/\/macite.tg\/?p=26225#breadcrumb"},"inLanguage":"fr-FR","potentialAction":[{"@type":"ReadAction","target":["https:\/\/macite.tg\/?p=26225"]}]},{"@type":"ImageObject","inLanguage":"fr-FR","@id":"https:\/\/macite.tg\/?p=26225#primaryimage","url":"https:\/\/macite.tg\/wp-content\/uploads\/2025\/11\/image-51.png","contentUrl":"https:\/\/macite.tg\/wp-content\/uploads\/2025\/11\/image-51.png","width":388,"height":249,"caption":"Des \u00e9l\u00e8ves professeurs en formation (Photo archives)"},{"@type":"BreadcrumbList","@id":"https:\/\/macite.tg\/?p=26225#breadcrumb","itemListElement":[{"@type":"ListItem","position":1,"name":"Accueil","item":"https:\/\/macite.tg\/"},{"@type":"ListItem","position":2,"name":"ENFPE\u00a0: Piliers de la transformation \u00e9ducative au Togo"}]},{"@type":"WebSite","@id":"https:\/\/macite.tg\/#website","url":"https:\/\/macite.tg\/","name":"","description":"L&#039;information, la bonne!!!","potentialAction":[{"@type":"SearchAction","target":{"@type":"EntryPoint","urlTemplate":"https:\/\/macite.tg\/?s={search_term_string}"},"query-input":{"@type":"PropertyValueSpecification","valueRequired":true,"valueName":"search_term_string"}}],"inLanguage":"fr-FR"},{"@type":"Person","@id":"https:\/\/macite.tg\/#\/schema\/person\/e9f2de7e5dbbe7770a9402c7ce82f5c2","name":"Jean Pierre BAWELA","image":{"@type":"ImageObject","inLanguage":"fr-FR","@id":"https:\/\/macite.tg\/wp-content\/uploads\/2023\/09\/WhatsApp-Image-2023-09-19-at-14.44.41-122x122.jpeg","url":"https:\/\/macite.tg\/wp-content\/uploads\/2023\/09\/WhatsApp-Image-2023-09-19-at-14.44.41-122x122.jpeg","contentUrl":"https:\/\/macite.tg\/wp-content\/uploads\/2023\/09\/WhatsApp-Image-2023-09-19-at-14.44.41-122x122.jpeg","caption":"Jean Pierre BAWELA"},"url":"https:\/\/macite.tg\/?author=2"}]}},"_links":{"self":[{"href":"https:\/\/macite.tg\/index.php?rest_route=\/wp\/v2\/posts\/26225","targetHints":{"allow":["GET"]}}],"collection":[{"href":"https:\/\/macite.tg\/index.php?rest_route=\/wp\/v2\/posts"}],"about":[{"href":"https:\/\/macite.tg\/index.php?rest_route=\/wp\/v2\/types\/post"}],"author":[{"embeddable":true,"href":"https:\/\/macite.tg\/index.php?rest_route=\/wp\/v2\/users\/2"}],"replies":[{"embeddable":true,"href":"https:\/\/macite.tg\/index.php?rest_route=%2Fwp%2Fv2%2Fcomments&post=26225"}],"version-history":[{"count":0,"href":"https:\/\/macite.tg\/index.php?rest_route=\/wp\/v2\/posts\/26225\/revisions"}],"wp:featuredmedia":[{"embeddable":true,"href":"https:\/\/macite.tg\/index.php?rest_route=\/wp\/v2\/media\/26227"}],"wp:attachment":[{"href":"https:\/\/macite.tg\/index.php?rest_route=%2Fwp%2Fv2%2Fmedia&parent=26225"}],"wp:term":[{"taxonomy":"category","embeddable":true,"href":"https:\/\/macite.tg\/index.php?rest_route=%2Fwp%2Fv2%2Fcategories&post=26225"},{"taxonomy":"post_tag","embeddable":true,"href":"https:\/\/macite.tg\/index.php?rest_route=%2Fwp%2Fv2%2Ftags&post=26225"}],"curies":[{"name":"wp","href":"https:\/\/api.w.org\/{rel}","templated":true}]}}