{"id":26143,"date":"2025-11-14T01:16:40","date_gmt":"2025-11-14T01:16:40","guid":{"rendered":"https:\/\/macite.tg\/?p=26143"},"modified":"2025-11-14T01:16:56","modified_gmt":"2025-11-14T01:16:56","slug":"cdm-barrages-zone-afrique-nigeria-rdc-pour-le-bouquet-final","status":"publish","type":"post","link":"https:\/\/macite.tg\/?p=26143","title":{"rendered":"CDM\/BARRAGES ZONE AFRIQUE : Nig\u00e9ria &#8211; RDC pour le bouquet final"},"content":{"rendered":"\n<p class=\"wp-block-paragraph\"><strong><em>L&rsquo;affiche finale des barrages de la Coupe du monde 2026 est connue. Cela mettra au prise les Super Eagles du Nig\u00e9ria aux L\u00e9opards de la RDC. Les deux nations ont respectivement \u00e9limin\u00e9 le Gabon et le Cameroun.<\/em><\/strong><\/p>\n\n\n\n<p class=\"wp-block-paragraph\">Les Lions indomptables du Cameroun ont \u00e9t\u00e9 \u00e9limin\u00e9s dans le duel le menant face aux L\u00e9opards de la RDC. Pourtant favoris, les camerounais ont but\u00e9 sur une d\u00e9fense Congolaise solide.<\/p>\n\n\n\n<figure class=\"wp-block-image size-large\"><img loading=\"lazy\" decoding=\"async\" width=\"1024\" height=\"426\" src=\"https:\/\/macite.tg\/wp-content\/uploads\/2025\/10\/OTR_Depreciation-1024x426.jpg\" alt=\"\" class=\"wp-image-25740\" srcset=\"https:\/\/macite.tg\/wp-content\/uploads\/2025\/10\/OTR_Depreciation-1024x426.jpg 1024w, https:\/\/macite.tg\/wp-content\/uploads\/2025\/10\/OTR_Depreciation-300x125.jpg 300w, https:\/\/macite.tg\/wp-content\/uploads\/2025\/10\/OTR_Depreciation-768x320.jpg 768w, https:\/\/macite.tg\/wp-content\/uploads\/2025\/10\/OTR_Depreciation.jpg 1132w\" sizes=\"auto, (max-width: 1024px) 100vw, 1024px\" \/><\/figure>\n\n\n\n<p class=\"wp-block-paragraph\">Alors que tout le monde pensait que la rencontre irait en prolongation, en bon capitaine, l&rsquo;ancien d\u00e9fenseur Marseillais Chancel Mbemba va crucifier le Cameroun \u00e0 la 91e minute de jeu. La RDC se donne l&rsquo;occasion de disputer la finale de ce mini tournoi face au Nig\u00e9ria tombeur du Gabon.<\/p>\n\n\n\n<p class=\"wp-block-paragraph\">Les Panth\u00e8res auront r\u00e9sist\u00e9 pendant longtemps mais ont fini par capituler. Mario Lemina \u00e0 la 89e minute de jeu a r\u00e9pondu A. Adams, qui a ouvert le score \u00e0 la 78e.<\/p>\n\n\n<div class=\"wp-block-image\">\n<figure class=\"aligncenter size-large\"><img loading=\"lazy\" decoding=\"async\" width=\"723\" height=\"1024\" src=\"https:\/\/macite.tg\/wp-content\/uploads\/2025\/11\/53909ce0-1fbb-438d-b7e6-91edf0f84f8a-723x1024.jpg\" alt=\"\" class=\"wp-image-25927\" srcset=\"https:\/\/macite.tg\/wp-content\/uploads\/2025\/11\/53909ce0-1fbb-438d-b7e6-91edf0f84f8a-723x1024.jpg 723w, https:\/\/macite.tg\/wp-content\/uploads\/2025\/11\/53909ce0-1fbb-438d-b7e6-91edf0f84f8a-212x300.jpg 212w, https:\/\/macite.tg\/wp-content\/uploads\/2025\/11\/53909ce0-1fbb-438d-b7e6-91edf0f84f8a.jpg 763w\" sizes=\"auto, (max-width: 723px) 100vw, 723px\" \/><\/figure>\n<\/div>\n\n\n<p class=\"wp-block-paragraph\">En prolongation, C. Ejuke (98e) et V. Osimhen par deux fois (102e et 110e) ont permis au Nig\u00e9ria de s&rsquo;imposer.<\/p>\n\n\n\n<p class=\"wp-block-paragraph\">La finale a lieu le dimanche 16 novembre prochain.<\/p>\n\n\n\n<p class=\"wp-block-paragraph\"><strong>A.D.<\/strong><\/p>\n\n\n\n<p class=\"wp-block-paragraph\"><a><strong><em>@macite.tg&nbsp;&nbsp;&nbsp;&nbsp;&nbsp;&nbsp;&nbsp;&nbsp;<\/em><\/strong><\/a><\/p>\n\n\n\n<p class=\"wp-block-paragraph\"><strong><em>E-mail&nbsp;: <\/em><\/strong><a href=\"mailto:maciteinfo@gmail.com\"><strong><em>maciteinfo@gmail.com<\/em><\/strong><\/a><strong><em>; <\/em><\/strong><a href=\"mailto:bawela1@gmail.com\"><strong><em>bawela1@gmail.com<\/em><\/strong><\/a><strong><em><\/em><\/strong><\/p>\n\n\n\n<p class=\"wp-block-paragraph\"><strong><em>Pour vos annonces, (publi)reportages, etc., joignez-nous au (00228)91515309\/<strong>79872224 <\/strong><strong><\/strong><\/em><\/strong><\/p>\n\n\n\n<p class=\"wp-block-paragraph\"><strong><em>www.macite.tg, L\u2019information, la bonne&nbsp;!<\/em><\/strong><\/p>\n\n\n\n<p class=\"wp-block-paragraph\"><\/p>\n","protected":false},"excerpt":{"rendered":"<p class=\"text-justify mb-2\" >L&rsquo;affiche finale des barrages de la Coupe du monde 2026 est connue. Cela mettra au prise les Super Eagles du Nig\u00e9ria aux L\u00e9opards de la RDC. Les deux nations ont respectivement \u00e9limin\u00e9 le Gabon et le Cameroun. Les Lions indomptables du Cameroun ont \u00e9t\u00e9 \u00e9limin\u00e9s [&hellip;]<\/p>\n","protected":false},"author":2,"featured_media":26144,"comment_status":"open","ping_status":"open","sticky":false,"template":"","format":"standard","meta":{"footnotes":""},"categories":[20,63,7],"tags":[],"class_list":["post-26143","post","type-post","status-publish","format-standard","has-post-thumbnail","hentry","category-actualite","category-football","category-sports"],"yoast_head":"<!-- This site is optimized with the Yoast SEO plugin v28.4 - https:\/\/yoast.com\/product\/yoast-seo-wordpress\/ -->\n<title>CDM\/BARRAGES ZONE AFRIQUE : Nig\u00e9ria - RDC pour le bouquet final -<\/title>\n<meta name=\"robots\" content=\"index, follow, max-snippet:-1, max-image-preview:large, max-video-preview:-1\" \/>\n<link rel=\"canonical\" href=\"https:\/\/macite.tg\/?p=26143\" \/>\n<meta property=\"og:locale\" content=\"fr_FR\" \/>\n<meta property=\"og:type\" content=\"article\" \/>\n<meta property=\"og:title\" content=\"CDM\/BARRAGES ZONE AFRIQUE : Nig\u00e9ria - RDC pour le bouquet final -\" \/>\n<meta property=\"og:description\" content=\"L&rsquo;affiche finale des barrages de la Coupe du monde 2026 est connue. Cela mettra au prise les Super Eagles du Nig\u00e9ria aux L\u00e9opards de la RDC. Les deux nations ont respectivement \u00e9limin\u00e9 le Gabon et le Cameroun. Les Lions indomptables du Cameroun ont \u00e9t\u00e9 \u00e9limin\u00e9s [&hellip;]\" \/>\n<meta property=\"og:url\" content=\"https:\/\/macite.tg\/?p=26143\" \/>\n<meta property=\"article:published_time\" content=\"2025-11-14T01:16:40+00:00\" \/>\n<meta property=\"article:modified_time\" content=\"2025-11-14T01:16:56+00:00\" \/>\n<meta property=\"og:image\" content=\"https:\/\/macite.tg\/wp-content\/uploads\/2025\/11\/Nigeria-rdc.jpg\" \/>\n\t<meta property=\"og:image:width\" content=\"500\" \/>\n\t<meta property=\"og:image:height\" content=\"148\" \/>\n\t<meta property=\"og:image:type\" content=\"image\/jpeg\" \/>\n<meta name=\"author\" content=\"Jean Pierre BAWELA\" \/>\n<meta name=\"twitter:card\" content=\"summary_large_image\" \/>\n<meta name=\"twitter:label1\" content=\"\u00c9crit par\" \/>\n\t<meta name=\"twitter:data1\" content=\"Jean Pierre BAWELA\" \/>\n\t<meta name=\"twitter:label2\" content=\"Dur\u00e9e de lecture estim\u00e9e\" \/>\n\t<meta name=\"twitter:data2\" content=\"2 minutes\" \/>\n<script type=\"application\/ld+json\" class=\"yoast-schema-graph\">{\"@context\":\"https:\\\/\\\/schema.org\",\"@graph\":[{\"@type\":\"Article\",\"@id\":\"https:\\\/\\\/macite.tg\\\/?p=26143#article\",\"isPartOf\":{\"@id\":\"https:\\\/\\\/macite.tg\\\/?p=26143\"},\"author\":{\"name\":\"Jean Pierre BAWELA\",\"@id\":\"https:\\\/\\\/macite.tg\\\/#\\\/schema\\\/person\\\/e9f2de7e5dbbe7770a9402c7ce82f5c2\"},\"headline\":\"CDM\\\/BARRAGES ZONE AFRIQUE : Nig\u00e9ria &#8211; RDC pour le bouquet final\",\"datePublished\":\"2025-11-14T01:16:40+00:00\",\"dateModified\":\"2025-11-14T01:16:56+00:00\",\"mainEntityOfPage\":{\"@id\":\"https:\\\/\\\/macite.tg\\\/?p=26143\"},\"wordCount\":234,\"commentCount\":0,\"image\":{\"@id\":\"https:\\\/\\\/macite.tg\\\/?p=26143#primaryimage\"},\"thumbnailUrl\":\"https:\\\/\\\/macite.tg\\\/wp-content\\\/uploads\\\/2025\\\/11\\\/Nigeria-rdc.jpg\",\"articleSection\":[\"ACTUALITE\",\"FOOTBALL\",\"SPORTS\"],\"inLanguage\":\"fr-FR\",\"potentialAction\":[{\"@type\":\"CommentAction\",\"name\":\"Comment\",\"target\":[\"https:\\\/\\\/macite.tg\\\/?p=26143#respond\"]}]},{\"@type\":\"WebPage\",\"@id\":\"https:\\\/\\\/macite.tg\\\/?p=26143\",\"url\":\"https:\\\/\\\/macite.tg\\\/?p=26143\",\"name\":\"CDM\\\/BARRAGES ZONE AFRIQUE : Nig\u00e9ria - RDC pour le bouquet final -\",\"isPartOf\":{\"@id\":\"https:\\\/\\\/macite.tg\\\/#website\"},\"primaryImageOfPage\":{\"@id\":\"https:\\\/\\\/macite.tg\\\/?p=26143#primaryimage\"},\"image\":{\"@id\":\"https:\\\/\\\/macite.tg\\\/?p=26143#primaryimage\"},\"thumbnailUrl\":\"https:\\\/\\\/macite.tg\\\/wp-content\\\/uploads\\\/2025\\\/11\\\/Nigeria-rdc.jpg\",\"datePublished\":\"2025-11-14T01:16:40+00:00\",\"dateModified\":\"2025-11-14T01:16:56+00:00\",\"author\":{\"@id\":\"https:\\\/\\\/macite.tg\\\/#\\\/schema\\\/person\\\/e9f2de7e5dbbe7770a9402c7ce82f5c2\"},\"breadcrumb\":{\"@id\":\"https:\\\/\\\/macite.tg\\\/?p=26143#breadcrumb\"},\"inLanguage\":\"fr-FR\",\"potentialAction\":[{\"@type\":\"ReadAction\",\"target\":[\"https:\\\/\\\/macite.tg\\\/?p=26143\"]}]},{\"@type\":\"ImageObject\",\"inLanguage\":\"fr-FR\",\"@id\":\"https:\\\/\\\/macite.tg\\\/?p=26143#primaryimage\",\"url\":\"https:\\\/\\\/macite.tg\\\/wp-content\\\/uploads\\\/2025\\\/11\\\/Nigeria-rdc.jpg\",\"contentUrl\":\"https:\\\/\\\/macite.tg\\\/wp-content\\\/uploads\\\/2025\\\/11\\\/Nigeria-rdc.jpg\",\"width\":500,\"height\":148},{\"@type\":\"BreadcrumbList\",\"@id\":\"https:\\\/\\\/macite.tg\\\/?p=26143#breadcrumb\",\"itemListElement\":[{\"@type\":\"ListItem\",\"position\":1,\"name\":\"Accueil\",\"item\":\"https:\\\/\\\/macite.tg\\\/\"},{\"@type\":\"ListItem\",\"position\":2,\"name\":\"CDM\\\/BARRAGES ZONE AFRIQUE : Nig\u00e9ria &#8211; RDC pour le bouquet final\"}]},{\"@type\":\"WebSite\",\"@id\":\"https:\\\/\\\/macite.tg\\\/#website\",\"url\":\"https:\\\/\\\/macite.tg\\\/\",\"name\":\"\",\"description\":\"L&#039;information, la bonne!!!\",\"potentialAction\":[{\"@type\":\"SearchAction\",\"target\":{\"@type\":\"EntryPoint\",\"urlTemplate\":\"https:\\\/\\\/macite.tg\\\/?s={search_term_string}\"},\"query-input\":{\"@type\":\"PropertyValueSpecification\",\"valueRequired\":true,\"valueName\":\"search_term_string\"}}],\"inLanguage\":\"fr-FR\"},{\"@type\":\"Person\",\"@id\":\"https:\\\/\\\/macite.tg\\\/#\\\/schema\\\/person\\\/e9f2de7e5dbbe7770a9402c7ce82f5c2\",\"name\":\"Jean Pierre BAWELA\",\"image\":{\"@type\":\"ImageObject\",\"inLanguage\":\"fr-FR\",\"@id\":\"https:\\\/\\\/macite.tg\\\/wp-content\\\/uploads\\\/2023\\\/09\\\/WhatsApp-Image-2023-09-19-at-14.44.41-122x122.jpeg\",\"url\":\"https:\\\/\\\/macite.tg\\\/wp-content\\\/uploads\\\/2023\\\/09\\\/WhatsApp-Image-2023-09-19-at-14.44.41-122x122.jpeg\",\"contentUrl\":\"https:\\\/\\\/macite.tg\\\/wp-content\\\/uploads\\\/2023\\\/09\\\/WhatsApp-Image-2023-09-19-at-14.44.41-122x122.jpeg\",\"caption\":\"Jean Pierre BAWELA\"},\"url\":\"https:\\\/\\\/macite.tg\\\/?author=2\"}]}<\/script>\n<!-- \/ Yoast SEO plugin. -->","yoast_head_json":{"title":"CDM\/BARRAGES ZONE AFRIQUE : Nig\u00e9ria - RDC pour le bouquet final -","robots":{"index":"index","follow":"follow","max-snippet":"max-snippet:-1","max-image-preview":"max-image-preview:large","max-video-preview":"max-video-preview:-1"},"canonical":"https:\/\/macite.tg\/?p=26143","og_locale":"fr_FR","og_type":"article","og_title":"CDM\/BARRAGES ZONE AFRIQUE : Nig\u00e9ria - RDC pour le bouquet final -","og_description":"L&rsquo;affiche finale des barrages de la Coupe du monde 2026 est connue. Cela mettra au prise les Super Eagles du Nig\u00e9ria aux L\u00e9opards de la RDC. Les deux nations ont respectivement \u00e9limin\u00e9 le Gabon et le Cameroun. Les Lions indomptables du Cameroun ont \u00e9t\u00e9 \u00e9limin\u00e9s [&hellip;]","og_url":"https:\/\/macite.tg\/?p=26143","article_published_time":"2025-11-14T01:16:40+00:00","article_modified_time":"2025-11-14T01:16:56+00:00","og_image":[{"width":500,"height":148,"url":"https:\/\/macite.tg\/wp-content\/uploads\/2025\/11\/Nigeria-rdc.jpg","type":"image\/jpeg"}],"author":"Jean Pierre BAWELA","twitter_card":"summary_large_image","twitter_misc":{"\u00c9crit par":"Jean Pierre BAWELA","Dur\u00e9e de lecture estim\u00e9e":"2 minutes"},"schema":{"@context":"https:\/\/schema.org","@graph":[{"@type":"Article","@id":"https:\/\/macite.tg\/?p=26143#article","isPartOf":{"@id":"https:\/\/macite.tg\/?p=26143"},"author":{"name":"Jean Pierre BAWELA","@id":"https:\/\/macite.tg\/#\/schema\/person\/e9f2de7e5dbbe7770a9402c7ce82f5c2"},"headline":"CDM\/BARRAGES ZONE AFRIQUE : Nig\u00e9ria &#8211; RDC pour le bouquet final","datePublished":"2025-11-14T01:16:40+00:00","dateModified":"2025-11-14T01:16:56+00:00","mainEntityOfPage":{"@id":"https:\/\/macite.tg\/?p=26143"},"wordCount":234,"commentCount":0,"image":{"@id":"https:\/\/macite.tg\/?p=26143#primaryimage"},"thumbnailUrl":"https:\/\/macite.tg\/wp-content\/uploads\/2025\/11\/Nigeria-rdc.jpg","articleSection":["ACTUALITE","FOOTBALL","SPORTS"],"inLanguage":"fr-FR","potentialAction":[{"@type":"CommentAction","name":"Comment","target":["https:\/\/macite.tg\/?p=26143#respond"]}]},{"@type":"WebPage","@id":"https:\/\/macite.tg\/?p=26143","url":"https:\/\/macite.tg\/?p=26143","name":"CDM\/BARRAGES ZONE AFRIQUE : Nig\u00e9ria - RDC pour le bouquet final -","isPartOf":{"@id":"https:\/\/macite.tg\/#website"},"primaryImageOfPage":{"@id":"https:\/\/macite.tg\/?p=26143#primaryimage"},"image":{"@id":"https:\/\/macite.tg\/?p=26143#primaryimage"},"thumbnailUrl":"https:\/\/macite.tg\/wp-content\/uploads\/2025\/11\/Nigeria-rdc.jpg","datePublished":"2025-11-14T01:16:40+00:00","dateModified":"2025-11-14T01:16:56+00:00","author":{"@id":"https:\/\/macite.tg\/#\/schema\/person\/e9f2de7e5dbbe7770a9402c7ce82f5c2"},"breadcrumb":{"@id":"https:\/\/macite.tg\/?p=26143#breadcrumb"},"inLanguage":"fr-FR","potentialAction":[{"@type":"ReadAction","target":["https:\/\/macite.tg\/?p=26143"]}]},{"@type":"ImageObject","inLanguage":"fr-FR","@id":"https:\/\/macite.tg\/?p=26143#primaryimage","url":"https:\/\/macite.tg\/wp-content\/uploads\/2025\/11\/Nigeria-rdc.jpg","contentUrl":"https:\/\/macite.tg\/wp-content\/uploads\/2025\/11\/Nigeria-rdc.jpg","width":500,"height":148},{"@type":"BreadcrumbList","@id":"https:\/\/macite.tg\/?p=26143#breadcrumb","itemListElement":[{"@type":"ListItem","position":1,"name":"Accueil","item":"https:\/\/macite.tg\/"},{"@type":"ListItem","position":2,"name":"CDM\/BARRAGES ZONE AFRIQUE : Nig\u00e9ria &#8211; RDC pour le bouquet final"}]},{"@type":"WebSite","@id":"https:\/\/macite.tg\/#website","url":"https:\/\/macite.tg\/","name":"","description":"L&#039;information, la bonne!!!","potentialAction":[{"@type":"SearchAction","target":{"@type":"EntryPoint","urlTemplate":"https:\/\/macite.tg\/?s={search_term_string}"},"query-input":{"@type":"PropertyValueSpecification","valueRequired":true,"valueName":"search_term_string"}}],"inLanguage":"fr-FR"},{"@type":"Person","@id":"https:\/\/macite.tg\/#\/schema\/person\/e9f2de7e5dbbe7770a9402c7ce82f5c2","name":"Jean Pierre BAWELA","image":{"@type":"ImageObject","inLanguage":"fr-FR","@id":"https:\/\/macite.tg\/wp-content\/uploads\/2023\/09\/WhatsApp-Image-2023-09-19-at-14.44.41-122x122.jpeg","url":"https:\/\/macite.tg\/wp-content\/uploads\/2023\/09\/WhatsApp-Image-2023-09-19-at-14.44.41-122x122.jpeg","contentUrl":"https:\/\/macite.tg\/wp-content\/uploads\/2023\/09\/WhatsApp-Image-2023-09-19-at-14.44.41-122x122.jpeg","caption":"Jean Pierre BAWELA"},"url":"https:\/\/macite.tg\/?author=2"}]}},"_links":{"self":[{"href":"https:\/\/macite.tg\/index.php?rest_route=\/wp\/v2\/posts\/26143","targetHints":{"allow":["GET"]}}],"collection":[{"href":"https:\/\/macite.tg\/index.php?rest_route=\/wp\/v2\/posts"}],"about":[{"href":"https:\/\/macite.tg\/index.php?rest_route=\/wp\/v2\/types\/post"}],"author":[{"embeddable":true,"href":"https:\/\/macite.tg\/index.php?rest_route=\/wp\/v2\/users\/2"}],"replies":[{"embeddable":true,"href":"https:\/\/macite.tg\/index.php?rest_route=%2Fwp%2Fv2%2Fcomments&post=26143"}],"version-history":[{"count":0,"href":"https:\/\/macite.tg\/index.php?rest_route=\/wp\/v2\/posts\/26143\/revisions"}],"wp:featuredmedia":[{"embeddable":true,"href":"https:\/\/macite.tg\/index.php?rest_route=\/wp\/v2\/media\/26144"}],"wp:attachment":[{"href":"https:\/\/macite.tg\/index.php?rest_route=%2Fwp%2Fv2%2Fmedia&parent=26143"}],"wp:term":[{"taxonomy":"category","embeddable":true,"href":"https:\/\/macite.tg\/index.php?rest_route=%2Fwp%2Fv2%2Fcategories&post=26143"},{"taxonomy":"post_tag","embeddable":true,"href":"https:\/\/macite.tg\/index.php?rest_route=%2Fwp%2Fv2%2Ftags&post=26143"}],"curies":[{"name":"wp","href":"https:\/\/api.w.org\/{rel}","templated":true}]}}