{"id":26137,"date":"2025-11-13T17:24:56","date_gmt":"2025-11-13T17:24:56","guid":{"rendered":"https:\/\/macite.tg\/?p=26137"},"modified":"2025-11-13T17:25:23","modified_gmt":"2025-11-13T17:25:23","slug":"diplomatie-trois-nouveaux-ambassadeurs-recus-par-le-president-savi-de-tove","status":"publish","type":"post","link":"https:\/\/macite.tg\/?p=26137","title":{"rendered":"DIPLOMATIE\u00a0: Trois nouveaux ambassadeurs re\u00e7us par le Pr\u00e9sident Savi de Tov\u00e9"},"content":{"rendered":"\n<p class=\"wp-block-paragraph\"><strong><em>Hier mercredi 12 novembre, le Pr\u00e9sident de la R\u00e9publique, Jean-Lucien Kwassi Lanyo Savi de Tov\u00e9, a re\u00e7u les lettres de cr\u00e9ances de trois nouveaux ambassadeurs.<\/em><\/strong><\/p>\n\n\n\n<p class=\"wp-block-paragraph\">Myriam Montrat du Canada, Najeeb Durrani du Pakistan, et George Kofi Nfojoh, du Ghana sot les trois nouveaux diplomates qui ont \u00e9t\u00e9 re\u00e7us, hier mercredi 12 novembre, par le Pr\u00e9sident de la R\u00e9publique, Jean-Lucien Kwassi Lanyo Savi de Tov\u00e9.<\/p>\n\n\n\n<figure class=\"wp-block-image size-full\"><img loading=\"lazy\" decoding=\"async\" width=\"851\" height=\"315\" src=\"https:\/\/macite.tg\/wp-content\/uploads\/2025\/10\/OTR_Ferer-pour-batir-1-1.jpg\" alt=\"\" class=\"wp-image-25736\" srcset=\"https:\/\/macite.tg\/wp-content\/uploads\/2025\/10\/OTR_Ferer-pour-batir-1-1.jpg 851w, https:\/\/macite.tg\/wp-content\/uploads\/2025\/10\/OTR_Ferer-pour-batir-1-1-300x111.jpg 300w, https:\/\/macite.tg\/wp-content\/uploads\/2025\/10\/OTR_Ferer-pour-batir-1-1-768x284.jpg 768w\" sizes=\"auto, (max-width: 851px) 100vw, 851px\" \/><\/figure>\n\n\n\n<p class=\"wp-block-paragraph\">Apr\u00e8s le c\u00e9r\u00e9monial d\u2019accr\u00e9ditation, les trois nouveaux diplomates ont \u00e9t\u00e9, tour \u00e0 tour, re\u00e7u par le Chef de l\u2019Etat togolais. Ils ont \u00e0 l\u2019occasion \u00e9chang\u00e9 sur le partenariat qui lie leur pays respectif avec le Togo, et d\u00e9clin\u00e9 leurs nouvelles ambitions.<\/p>\n\n\n<div class=\"wp-block-image\">\n<figure class=\"aligncenter size-large\"><img loading=\"lazy\" decoding=\"async\" width=\"723\" height=\"1024\" src=\"https:\/\/macite.tg\/wp-content\/uploads\/2025\/11\/53909ce0-1fbb-438d-b7e6-91edf0f84f8a-723x1024.jpg\" alt=\"\" class=\"wp-image-25927\" srcset=\"https:\/\/macite.tg\/wp-content\/uploads\/2025\/11\/53909ce0-1fbb-438d-b7e6-91edf0f84f8a-723x1024.jpg 723w, https:\/\/macite.tg\/wp-content\/uploads\/2025\/11\/53909ce0-1fbb-438d-b7e6-91edf0f84f8a-212x300.jpg 212w, https:\/\/macite.tg\/wp-content\/uploads\/2025\/11\/53909ce0-1fbb-438d-b7e6-91edf0f84f8a.jpg 763w\" sizes=\"auto, (max-width: 723px) 100vw, 723px\" \/><\/figure>\n<\/div>\n\n\n<p class=\"wp-block-paragraph\">D\u2019ores et d\u00e9j\u00e0, Ottawa, Islamabad et Accra devraient poursuivre voire enrichir leur coop\u00e9ration avec plusieurs actions dans divers domaines importants tels que l\u2019\u00e9ducation, le commerce, la s\u00e9curit\u00e9, la sant\u00e9, la politique, entre autres.<\/p>\n\n\n\n<p class=\"wp-block-paragraph\"><strong>La R\u00e9daction<\/strong><\/p>\n\n\n\n<p class=\"wp-block-paragraph\"><a><strong><em>@macite.tg&nbsp;&nbsp;&nbsp;&nbsp;&nbsp;&nbsp;&nbsp;&nbsp;<\/em><\/strong><\/a><\/p>\n\n\n\n<p class=\"wp-block-paragraph\"><strong><em>E-mail&nbsp;: <\/em><\/strong><a href=\"mailto:maciteinfo@gmail.com\"><strong><em>maciteinfo@gmail.com<\/em><\/strong><\/a><strong><em>; <\/em><\/strong><a href=\"mailto:bawela1@gmail.com\"><strong><em>bawela1@gmail.com<\/em><\/strong><\/a><strong><em><\/em><\/strong><\/p>\n\n\n\n<p class=\"wp-block-paragraph\"><strong><em>Pour vos annonces, (publi)reportages, etc., joignez-nous au (00228)91515309\/<strong>79872224 <\/strong><strong><\/strong><\/em><\/strong><\/p>\n\n\n\n<p class=\"wp-block-paragraph\"><strong><em>www.macite.tg, L\u2019information, la bonne&nbsp;!<\/em><\/strong><\/p>\n\n\n\n<p class=\"wp-block-paragraph\"><\/p>\n","protected":false},"excerpt":{"rendered":"<p class=\"text-justify mb-2\" >Hier mercredi 12 novembre, le Pr\u00e9sident de la R\u00e9publique, Jean-Lucien Kwassi Lanyo Savi de Tov\u00e9, a re\u00e7u les lettres de cr\u00e9ances de trois nouveaux ambassadeurs. Myriam Montrat du Canada, Najeeb Durrani du Pakistan, et George Kofi Nfojoh, du Ghana sot les trois nouveaux diplomates qui [&hellip;]<\/p>\n","protected":false},"author":2,"featured_media":26141,"comment_status":"open","ping_status":"open","sticky":false,"template":"","format":"standard","meta":{"footnotes":""},"categories":[20,8],"tags":[],"class_list":["post-26137","post","type-post","status-publish","format-standard","has-post-thumbnail","hentry","category-actualite","category-diplomatie"],"yoast_head":"<!-- This site is optimized with the Yoast SEO plugin v28.4 - https:\/\/yoast.com\/product\/yoast-seo-wordpress\/ -->\n<title>DIPLOMATIE\u00a0: Trois nouveaux ambassadeurs re\u00e7us par le Pr\u00e9sident Savi de Tov\u00e9 -<\/title>\n<meta name=\"robots\" content=\"index, follow, max-snippet:-1, max-image-preview:large, max-video-preview:-1\" \/>\n<link rel=\"canonical\" href=\"https:\/\/macite.tg\/?p=26137\" \/>\n<meta property=\"og:locale\" content=\"fr_FR\" \/>\n<meta property=\"og:type\" content=\"article\" \/>\n<meta property=\"og:title\" content=\"DIPLOMATIE\u00a0: Trois nouveaux ambassadeurs re\u00e7us par le Pr\u00e9sident Savi de Tov\u00e9 -\" \/>\n<meta property=\"og:description\" content=\"Hier mercredi 12 novembre, le Pr\u00e9sident de la R\u00e9publique, Jean-Lucien Kwassi Lanyo Savi de Tov\u00e9, a re\u00e7u les lettres de cr\u00e9ances de trois nouveaux ambassadeurs. Myriam Montrat du Canada, Najeeb Durrani du Pakistan, et George Kofi Nfojoh, du Ghana sot les trois nouveaux diplomates qui [&hellip;]\" \/>\n<meta property=\"og:url\" content=\"https:\/\/macite.tg\/?p=26137\" \/>\n<meta property=\"article:published_time\" content=\"2025-11-13T17:24:56+00:00\" \/>\n<meta property=\"article:modified_time\" content=\"2025-11-13T17:25:23+00:00\" \/>\n<meta property=\"og:image\" content=\"https:\/\/macite.tg\/wp-content\/uploads\/2025\/11\/Diplomtaie.jpg\" \/>\n\t<meta property=\"og:image:width\" content=\"500\" \/>\n\t<meta property=\"og:image:height\" content=\"116\" \/>\n\t<meta property=\"og:image:type\" content=\"image\/jpeg\" \/>\n<meta name=\"author\" content=\"Jean Pierre BAWELA\" \/>\n<meta name=\"twitter:card\" content=\"summary_large_image\" \/>\n<meta name=\"twitter:label1\" content=\"\u00c9crit par\" \/>\n\t<meta name=\"twitter:data1\" content=\"Jean Pierre BAWELA\" \/>\n\t<meta name=\"twitter:label2\" content=\"Dur\u00e9e de lecture estim\u00e9e\" \/>\n\t<meta name=\"twitter:data2\" content=\"2 minutes\" \/>\n<script type=\"application\/ld+json\" class=\"yoast-schema-graph\">{\"@context\":\"https:\\\/\\\/schema.org\",\"@graph\":[{\"@type\":\"Article\",\"@id\":\"https:\\\/\\\/macite.tg\\\/?p=26137#article\",\"isPartOf\":{\"@id\":\"https:\\\/\\\/macite.tg\\\/?p=26137\"},\"author\":{\"name\":\"Jean Pierre BAWELA\",\"@id\":\"https:\\\/\\\/macite.tg\\\/#\\\/schema\\\/person\\\/e9f2de7e5dbbe7770a9402c7ce82f5c2\"},\"headline\":\"DIPLOMATIE\u00a0: Trois nouveaux ambassadeurs re\u00e7us par le Pr\u00e9sident Savi de Tov\u00e9\",\"datePublished\":\"2025-11-13T17:24:56+00:00\",\"dateModified\":\"2025-11-13T17:25:23+00:00\",\"mainEntityOfPage\":{\"@id\":\"https:\\\/\\\/macite.tg\\\/?p=26137\"},\"wordCount\":205,\"commentCount\":0,\"image\":{\"@id\":\"https:\\\/\\\/macite.tg\\\/?p=26137#primaryimage\"},\"thumbnailUrl\":\"https:\\\/\\\/macite.tg\\\/wp-content\\\/uploads\\\/2025\\\/11\\\/Diplomtaie.jpg\",\"articleSection\":[\"ACTUALITE\",\"DIPLOMATIE\"],\"inLanguage\":\"fr-FR\",\"potentialAction\":[{\"@type\":\"CommentAction\",\"name\":\"Comment\",\"target\":[\"https:\\\/\\\/macite.tg\\\/?p=26137#respond\"]}]},{\"@type\":\"WebPage\",\"@id\":\"https:\\\/\\\/macite.tg\\\/?p=26137\",\"url\":\"https:\\\/\\\/macite.tg\\\/?p=26137\",\"name\":\"DIPLOMATIE\u00a0: Trois nouveaux ambassadeurs re\u00e7us par le Pr\u00e9sident Savi de Tov\u00e9 -\",\"isPartOf\":{\"@id\":\"https:\\\/\\\/macite.tg\\\/#website\"},\"primaryImageOfPage\":{\"@id\":\"https:\\\/\\\/macite.tg\\\/?p=26137#primaryimage\"},\"image\":{\"@id\":\"https:\\\/\\\/macite.tg\\\/?p=26137#primaryimage\"},\"thumbnailUrl\":\"https:\\\/\\\/macite.tg\\\/wp-content\\\/uploads\\\/2025\\\/11\\\/Diplomtaie.jpg\",\"datePublished\":\"2025-11-13T17:24:56+00:00\",\"dateModified\":\"2025-11-13T17:25:23+00:00\",\"author\":{\"@id\":\"https:\\\/\\\/macite.tg\\\/#\\\/schema\\\/person\\\/e9f2de7e5dbbe7770a9402c7ce82f5c2\"},\"breadcrumb\":{\"@id\":\"https:\\\/\\\/macite.tg\\\/?p=26137#breadcrumb\"},\"inLanguage\":\"fr-FR\",\"potentialAction\":[{\"@type\":\"ReadAction\",\"target\":[\"https:\\\/\\\/macite.tg\\\/?p=26137\"]}]},{\"@type\":\"ImageObject\",\"inLanguage\":\"fr-FR\",\"@id\":\"https:\\\/\\\/macite.tg\\\/?p=26137#primaryimage\",\"url\":\"https:\\\/\\\/macite.tg\\\/wp-content\\\/uploads\\\/2025\\\/11\\\/Diplomtaie.jpg\",\"contentUrl\":\"https:\\\/\\\/macite.tg\\\/wp-content\\\/uploads\\\/2025\\\/11\\\/Diplomtaie.jpg\",\"width\":500,\"height\":116},{\"@type\":\"BreadcrumbList\",\"@id\":\"https:\\\/\\\/macite.tg\\\/?p=26137#breadcrumb\",\"itemListElement\":[{\"@type\":\"ListItem\",\"position\":1,\"name\":\"Accueil\",\"item\":\"https:\\\/\\\/macite.tg\\\/\"},{\"@type\":\"ListItem\",\"position\":2,\"name\":\"DIPLOMATIE\u00a0: Trois nouveaux ambassadeurs re\u00e7us par le Pr\u00e9sident Savi de Tov\u00e9\"}]},{\"@type\":\"WebSite\",\"@id\":\"https:\\\/\\\/macite.tg\\\/#website\",\"url\":\"https:\\\/\\\/macite.tg\\\/\",\"name\":\"\",\"description\":\"L&#039;information, la bonne!!!\",\"potentialAction\":[{\"@type\":\"SearchAction\",\"target\":{\"@type\":\"EntryPoint\",\"urlTemplate\":\"https:\\\/\\\/macite.tg\\\/?s={search_term_string}\"},\"query-input\":{\"@type\":\"PropertyValueSpecification\",\"valueRequired\":true,\"valueName\":\"search_term_string\"}}],\"inLanguage\":\"fr-FR\"},{\"@type\":\"Person\",\"@id\":\"https:\\\/\\\/macite.tg\\\/#\\\/schema\\\/person\\\/e9f2de7e5dbbe7770a9402c7ce82f5c2\",\"name\":\"Jean Pierre BAWELA\",\"image\":{\"@type\":\"ImageObject\",\"inLanguage\":\"fr-FR\",\"@id\":\"https:\\\/\\\/macite.tg\\\/wp-content\\\/uploads\\\/2023\\\/09\\\/WhatsApp-Image-2023-09-19-at-14.44.41-122x122.jpeg\",\"url\":\"https:\\\/\\\/macite.tg\\\/wp-content\\\/uploads\\\/2023\\\/09\\\/WhatsApp-Image-2023-09-19-at-14.44.41-122x122.jpeg\",\"contentUrl\":\"https:\\\/\\\/macite.tg\\\/wp-content\\\/uploads\\\/2023\\\/09\\\/WhatsApp-Image-2023-09-19-at-14.44.41-122x122.jpeg\",\"caption\":\"Jean Pierre BAWELA\"},\"url\":\"https:\\\/\\\/macite.tg\\\/?author=2\"}]}<\/script>\n<!-- \/ Yoast SEO plugin. -->","yoast_head_json":{"title":"DIPLOMATIE\u00a0: Trois nouveaux ambassadeurs re\u00e7us par le Pr\u00e9sident Savi de Tov\u00e9 -","robots":{"index":"index","follow":"follow","max-snippet":"max-snippet:-1","max-image-preview":"max-image-preview:large","max-video-preview":"max-video-preview:-1"},"canonical":"https:\/\/macite.tg\/?p=26137","og_locale":"fr_FR","og_type":"article","og_title":"DIPLOMATIE\u00a0: Trois nouveaux ambassadeurs re\u00e7us par le Pr\u00e9sident Savi de Tov\u00e9 -","og_description":"Hier mercredi 12 novembre, le Pr\u00e9sident de la R\u00e9publique, Jean-Lucien Kwassi Lanyo Savi de Tov\u00e9, a re\u00e7u les lettres de cr\u00e9ances de trois nouveaux ambassadeurs. Myriam Montrat du Canada, Najeeb Durrani du Pakistan, et George Kofi Nfojoh, du Ghana sot les trois nouveaux diplomates qui [&hellip;]","og_url":"https:\/\/macite.tg\/?p=26137","article_published_time":"2025-11-13T17:24:56+00:00","article_modified_time":"2025-11-13T17:25:23+00:00","og_image":[{"width":500,"height":116,"url":"https:\/\/macite.tg\/wp-content\/uploads\/2025\/11\/Diplomtaie.jpg","type":"image\/jpeg"}],"author":"Jean Pierre BAWELA","twitter_card":"summary_large_image","twitter_misc":{"\u00c9crit par":"Jean Pierre BAWELA","Dur\u00e9e de lecture estim\u00e9e":"2 minutes"},"schema":{"@context":"https:\/\/schema.org","@graph":[{"@type":"Article","@id":"https:\/\/macite.tg\/?p=26137#article","isPartOf":{"@id":"https:\/\/macite.tg\/?p=26137"},"author":{"name":"Jean Pierre BAWELA","@id":"https:\/\/macite.tg\/#\/schema\/person\/e9f2de7e5dbbe7770a9402c7ce82f5c2"},"headline":"DIPLOMATIE\u00a0: Trois nouveaux ambassadeurs re\u00e7us par le Pr\u00e9sident Savi de Tov\u00e9","datePublished":"2025-11-13T17:24:56+00:00","dateModified":"2025-11-13T17:25:23+00:00","mainEntityOfPage":{"@id":"https:\/\/macite.tg\/?p=26137"},"wordCount":205,"commentCount":0,"image":{"@id":"https:\/\/macite.tg\/?p=26137#primaryimage"},"thumbnailUrl":"https:\/\/macite.tg\/wp-content\/uploads\/2025\/11\/Diplomtaie.jpg","articleSection":["ACTUALITE","DIPLOMATIE"],"inLanguage":"fr-FR","potentialAction":[{"@type":"CommentAction","name":"Comment","target":["https:\/\/macite.tg\/?p=26137#respond"]}]},{"@type":"WebPage","@id":"https:\/\/macite.tg\/?p=26137","url":"https:\/\/macite.tg\/?p=26137","name":"DIPLOMATIE\u00a0: Trois nouveaux ambassadeurs re\u00e7us par le Pr\u00e9sident Savi de Tov\u00e9 -","isPartOf":{"@id":"https:\/\/macite.tg\/#website"},"primaryImageOfPage":{"@id":"https:\/\/macite.tg\/?p=26137#primaryimage"},"image":{"@id":"https:\/\/macite.tg\/?p=26137#primaryimage"},"thumbnailUrl":"https:\/\/macite.tg\/wp-content\/uploads\/2025\/11\/Diplomtaie.jpg","datePublished":"2025-11-13T17:24:56+00:00","dateModified":"2025-11-13T17:25:23+00:00","author":{"@id":"https:\/\/macite.tg\/#\/schema\/person\/e9f2de7e5dbbe7770a9402c7ce82f5c2"},"breadcrumb":{"@id":"https:\/\/macite.tg\/?p=26137#breadcrumb"},"inLanguage":"fr-FR","potentialAction":[{"@type":"ReadAction","target":["https:\/\/macite.tg\/?p=26137"]}]},{"@type":"ImageObject","inLanguage":"fr-FR","@id":"https:\/\/macite.tg\/?p=26137#primaryimage","url":"https:\/\/macite.tg\/wp-content\/uploads\/2025\/11\/Diplomtaie.jpg","contentUrl":"https:\/\/macite.tg\/wp-content\/uploads\/2025\/11\/Diplomtaie.jpg","width":500,"height":116},{"@type":"BreadcrumbList","@id":"https:\/\/macite.tg\/?p=26137#breadcrumb","itemListElement":[{"@type":"ListItem","position":1,"name":"Accueil","item":"https:\/\/macite.tg\/"},{"@type":"ListItem","position":2,"name":"DIPLOMATIE\u00a0: Trois nouveaux ambassadeurs re\u00e7us par le Pr\u00e9sident Savi de Tov\u00e9"}]},{"@type":"WebSite","@id":"https:\/\/macite.tg\/#website","url":"https:\/\/macite.tg\/","name":"","description":"L&#039;information, la bonne!!!","potentialAction":[{"@type":"SearchAction","target":{"@type":"EntryPoint","urlTemplate":"https:\/\/macite.tg\/?s={search_term_string}"},"query-input":{"@type":"PropertyValueSpecification","valueRequired":true,"valueName":"search_term_string"}}],"inLanguage":"fr-FR"},{"@type":"Person","@id":"https:\/\/macite.tg\/#\/schema\/person\/e9f2de7e5dbbe7770a9402c7ce82f5c2","name":"Jean Pierre BAWELA","image":{"@type":"ImageObject","inLanguage":"fr-FR","@id":"https:\/\/macite.tg\/wp-content\/uploads\/2023\/09\/WhatsApp-Image-2023-09-19-at-14.44.41-122x122.jpeg","url":"https:\/\/macite.tg\/wp-content\/uploads\/2023\/09\/WhatsApp-Image-2023-09-19-at-14.44.41-122x122.jpeg","contentUrl":"https:\/\/macite.tg\/wp-content\/uploads\/2023\/09\/WhatsApp-Image-2023-09-19-at-14.44.41-122x122.jpeg","caption":"Jean Pierre BAWELA"},"url":"https:\/\/macite.tg\/?author=2"}]}},"_links":{"self":[{"href":"https:\/\/macite.tg\/index.php?rest_route=\/wp\/v2\/posts\/26137","targetHints":{"allow":["GET"]}}],"collection":[{"href":"https:\/\/macite.tg\/index.php?rest_route=\/wp\/v2\/posts"}],"about":[{"href":"https:\/\/macite.tg\/index.php?rest_route=\/wp\/v2\/types\/post"}],"author":[{"embeddable":true,"href":"https:\/\/macite.tg\/index.php?rest_route=\/wp\/v2\/users\/2"}],"replies":[{"embeddable":true,"href":"https:\/\/macite.tg\/index.php?rest_route=%2Fwp%2Fv2%2Fcomments&post=26137"}],"version-history":[{"count":0,"href":"https:\/\/macite.tg\/index.php?rest_route=\/wp\/v2\/posts\/26137\/revisions"}],"wp:featuredmedia":[{"embeddable":true,"href":"https:\/\/macite.tg\/index.php?rest_route=\/wp\/v2\/media\/26141"}],"wp:attachment":[{"href":"https:\/\/macite.tg\/index.php?rest_route=%2Fwp%2Fv2%2Fmedia&parent=26137"}],"wp:term":[{"taxonomy":"category","embeddable":true,"href":"https:\/\/macite.tg\/index.php?rest_route=%2Fwp%2Fv2%2Fcategories&post=26137"},{"taxonomy":"post_tag","embeddable":true,"href":"https:\/\/macite.tg\/index.php?rest_route=%2Fwp%2Fv2%2Ftags&post=26137"}],"curies":[{"name":"wp","href":"https:\/\/api.w.org\/{rel}","templated":true}]}}