{"id":26126,"date":"2025-11-13T12:13:31","date_gmt":"2025-11-13T12:13:31","guid":{"rendered":"https:\/\/macite.tg\/?p=26126"},"modified":"2025-11-13T12:13:48","modified_gmt":"2025-11-13T12:13:48","slug":"4e-forum-royaume-uni-afrique-francophone-investir-dans-les-pme-africaines-aujourdhui-cest-le-pari-le-plus-rentable-sur-lavenir-du-continent-faure-gnas","status":"publish","type":"post","link":"https:\/\/macite.tg\/?p=26126","title":{"rendered":"4E FORUM ROYAUME-UNI-AFRIQUE FRANCOPHONE\u00a0: \u00ab Investir dans les PME africaines aujourd\u2019hui, c\u2019est le pari le plus rentable sur l\u2019avenir du continent \u00bb (Faure Gnassingb\u00e9)"},"content":{"rendered":"\n<p class=\"wp-block-paragraph\"><strong><em>Le Togo ne cesse de confirmer sa position g\u00e9ostrat\u00e9gique au sein du Commonwealth pour la promotion du partenariat public-priv\u00e9 et au d\u00e9veloppement \u00e9conomique en Afrique. A l\u2019initiative conjointe des gouvernements togolais et britannique, Lom\u00e9 a accueilli \u00e0 cet effet, le quatri\u00e8me Forum Royaume-Uni-Afrique francophone de l\u2019ouest et du centre (UK-WCAF IV), plac\u00e9 sous le th\u00e8me \u00ab\u00a0Le succ\u00e8s engendre le succ\u00e8s\u00a0\u00bb.<\/em><\/strong><\/p>\n\n\n\n<p class=\"wp-block-paragraph\">La c\u00e9r\u00e9monie d\u2019ouverture de cette rencontre d\u2019affaires a \u00e9t\u00e9 pr\u00e9sid\u00e9e par le Pr\u00e9sident du Conseil, Faure Essozimna Gnassingb\u00e9, en pr\u00e9sence de l<a>\u2019<\/a>Envoy\u00e9\u0301 commercial du Premier ministre britannique en Afrique Francophone, Ben Coleman, Responsable de l\u2019Afrique de l\u2019ouest et centrale pour UK Export Finance (UKEF), Steven Gray Obe et des autorit\u00e9s politiques et administratives &nbsp;L\u2019\u00e9v\u00e9nement a r\u00e9uni plus de 600 d\u00e9cideurs, investisseurs et repr\u00e9sentants d\u2019institutions publiques et priv\u00e9es venus du Royaume-Uni et de plusieurs pays africains.<\/p>\n\n\n\n<p class=\"wp-block-paragraph\">Le Pr\u00e9sident du Conseil s\u2019est dit honor\u00e9 et r\u00e9joui de la forte mobilisation ainsi que du choix port\u00e9 sur le Togo pour abriter ce forum, le premier du genre dans l\u2019histoire du continent. Il a soulign\u00e9 la port\u00e9e symbolique et strat\u00e9gique de cet \u00e9v\u00e9nement, t\u00e9moignant une fois de plus de la confiance et de la reconnaissance d\u2019une Afrique en mouvement, mais aussi de la qualit\u00e9 du nouveau partenariat entre le Togo et le Commonwealth.<\/p>\n\n\n\n<p class=\"wp-block-paragraph\"><em>\u00ab C\u2019est la premi\u00e8re fois que ce forum se tient sur le sol africain, et ce n\u2019est pas un simple d\u00e9placement g\u00e9ographique. C\u2019est un d\u00e9placement symbolique : celui du centre de gravit\u00e9 d\u2019un partenariat qui s\u2019enracine d\u00e9sormais davantage dans la r\u00e9alit\u00e9 africaine, dans son \u00e9nergie, dans sa jeunesse et dans son ambition \u00bb,<\/em> a-t-il d\u00e9clar\u00e9.<\/p>\n\n\n<div class=\"wp-block-image\">\n<figure class=\"aligncenter size-full\"><img loading=\"lazy\" decoding=\"async\" width=\"800\" height=\"563\" src=\"https:\/\/macite.tg\/wp-content\/uploads\/2025\/11\/image-37.png\" alt=\"\" class=\"wp-image-26130\" srcset=\"https:\/\/macite.tg\/wp-content\/uploads\/2025\/11\/image-37.png 800w, https:\/\/macite.tg\/wp-content\/uploads\/2025\/11\/image-37-300x211.png 300w, https:\/\/macite.tg\/wp-content\/uploads\/2025\/11\/image-37-768x540.png 768w\" sizes=\"auto, (max-width: 800px) 100vw, 800px\" \/><\/figure>\n<\/div>\n\n\n<p class=\"wp-block-paragraph\">Mettant en lumi\u00e8re l\u2019importance de cette distinction pour le Togo et pour l\u2019Afrique, le Pr\u00e9sident du Conseil a indiqu\u00e9 que <em>\u00ab\u00a0ce choix traduit la confiance et la reconnaissance d\u2019une Afrique qui n\u2019est plus seulement un march\u00e9, mais un partenaire \u00e0 part enti\u00e8re. Il illustre \u00e9galement la relation nouvelle et dynamique qui s\u2019est nou\u00e9e entre le Togo et le Commonwealth depuis 2022. \u00bb.<\/em><\/p>\n\n\n\n<p class=\"wp-block-paragraph\">A l\u2019occasion, il a partag\u00e9 avec les repr\u00e9sentants du Commonwealth et du secteur priv\u00e9, cinq convictions simples, qui traduisent la vision que le Togo porte pour ce partenariat renouvel\u00e9 entre le Royaume-Uni et l\u2019Afrique francophone.<\/p>\n\n\n\n<p class=\"wp-block-paragraph\"><strong><em>Nouveau chapitre du partenariat &nbsp;entre le Royaume-Uni et l\u2019Afrique francophone<\/em><\/strong><\/p>\n\n\n\n<p class=\"wp-block-paragraph\">Le Pr\u00e9sident du Conseil a soulign\u00e9 que la tenue de cet \u00e9v\u00e9nement \u00e0 Lom\u00e9 marque l\u2019ouverture d\u2019un nouveau chapitre du partenariat entre le Royaume-Uni et l\u2019Afrique francophone. Il a rappel\u00e9 que les deux parties partagent d\u00e9sormais une m\u00eame ambition\u00a0: <em>\u00ab passer d\u2019une relation d\u2019assistance fond\u00e9e sur des dons \u00e0 de v\u00e9ritables relations \u00e9conomiques, construites sur l\u2019\u00e9change, l\u2019investissement, la cr\u00e9ation de valeur et la compl\u00e9mentarit\u00e9 des savoir-faire \u00bb.<\/em><\/p>\n\n\n\n<p class=\"wp-block-paragraph\">&nbsp;Le Pr\u00e9sident du Conseil a, \u00e0 cet effet, pr\u00e9sent\u00e9 les atouts et les opportunit\u00e9s d\u2019investissement que les deux parties peuvent mettre en synergie pour rendre ce partenariat plus dynamique et mutuellement b\u00e9n\u00e9fique. Du c\u00f4t\u00e9 africain, il a \u00e9voqu\u00e9 la jeunesse, les ressources naturelles et le potentiel d\u2019innovation du continent. &nbsp;En ce qui concerne les atouts et opportunit\u00e9s du Royaume-Uni, le Pr\u00e9sident du Conseil a mis en avant l\u2019expertise, la technologie et les capitaux que le pays peut apporter. &nbsp;<\/p>\n\n\n\n<p class=\"wp-block-paragraph\">Selon le Pr\u00e9sident du Conseil, le Togo, au regard de son riche potentiel naturel, de son dynamique capital humain, de son ouverture \u00e9conomique, des r\u00e9formes ambitieuses entreprises pour am\u00e9liorer le climat des affaires, ainsi que de sa stabilit\u00e9 politique et de son engagement constant en faveur de la paix et de l\u2019int\u00e9gration sous-r\u00e9gionale, se situe au point de rencontre strat\u00e9gique entre ces deux mondes.<\/p>\n\n\n\n<p class=\"wp-block-paragraph\">Le pays incarne ainsi cette Afrique moderne, confiante et connect\u00e9e, qui s\u2019ouvre, qui relie et qui aspire \u00e0 une coop\u00e9ration \u00e9quitable, durable et fond\u00e9e sur la cr\u00e9ation de valeur partag\u00e9e et inclusive.<\/p>\n\n\n<div class=\"wp-block-image\">\n<figure class=\"aligncenter size-large\"><img loading=\"lazy\" decoding=\"async\" width=\"723\" height=\"1024\" src=\"https:\/\/macite.tg\/wp-content\/uploads\/2025\/11\/16fb1836-19c1-4f95-b372-bcc2bcbd3e46-723x1024.jpg\" alt=\"\" class=\"wp-image-26045\" srcset=\"https:\/\/macite.tg\/wp-content\/uploads\/2025\/11\/16fb1836-19c1-4f95-b372-bcc2bcbd3e46-723x1024.jpg 723w, https:\/\/macite.tg\/wp-content\/uploads\/2025\/11\/16fb1836-19c1-4f95-b372-bcc2bcbd3e46-212x300.jpg 212w, https:\/\/macite.tg\/wp-content\/uploads\/2025\/11\/16fb1836-19c1-4f95-b372-bcc2bcbd3e46.jpg 763w\" sizes=\"auto, (max-width: 723px) 100vw, 723px\" \/><\/figure>\n<\/div>\n\n\n<p class=\"wp-block-paragraph\"><em>\u00ab Avec notre port en eau profonde, nos r\u00e9formes pro-investissement, notre stabilit\u00e9 politique et notre engagement r\u00e9gional exemplaire, notre pays est devenu l\u2019un des principaux points de convergence entre l\u2019Afrique et le reste du monde. \u00bb.<\/em><\/p>\n\n\n\n<p class=\"wp-block-paragraph\">Au-del\u00e0 de l\u2019ambition \u00e9conomique, le Pr\u00e9sident du Conseil a \u00e9mis le v\u0153u de voir ce forum devenir un v\u00e9ritable espace de dialogue, de concertation et de vision partag\u00e9e, destin\u00e9 \u00e0 abolir les murs linguistiques et \u00e0 lever les barri\u00e8res \u00e9conomiques, afin d\u2019\u00e9riger de solides ponts de prosp\u00e9rit\u00e9 entre le Royaume-Uni et l\u2019Afrique francophone.<\/p>\n\n\n\n<p class=\"wp-block-paragraph\"><strong><em>Faire des infrastructures, des leviers de souverainet\u00e9, de croissance et de comp\u00e9titivit\u00e9<\/em><\/strong><\/p>\n\n\n\n<p class=\"wp-block-paragraph\">L\u2019une des ambitions majeures de ce partenariat est de faire des infrastructures des leviers de souverainet\u00e9, de croissance et de comp\u00e9titivit\u00e9 pour l\u2019Afrique francophone, en privil\u00e9giant des projets mieux con\u00e7us, mieux financ\u00e9s et mieux int\u00e9gr\u00e9s.<\/p>\n\n\n\n<p class=\"wp-block-paragraph\"><em>\u00ab Il s\u2019agit d\u2019investir pour produire, pas seulement de construire \u00bb,<\/em> a d\u00e9clar\u00e9 le Pr\u00e9sident du Conseil. Selon lui, les infrastructures ne sont pas de simples d\u00e9penses, mais de v\u00e9ritables investissements strat\u00e9giques. Construire un port, une route, une ligne \u00e9lectrique ou un r\u00e9seau num\u00e9rique n\u2019a de sens que si ces travaux permettent aux entreprises locales de produire, de transformer et d\u2019exporter davantage.<\/p>\n\n\n\n<p class=\"wp-block-paragraph\">Pour le Pr\u00e9sident du Conseil, les infrastructures utiles sont celles qui relient le champ au march\u00e9, le producteur \u00e0 la transformation, l\u2019id\u00e9e \u00e0 l\u2019innovation. Et c\u2019est cette vision qui guide le Togo dans ses initiatives de modernisation et de d\u00e9veloppement \u00e9conomique.<\/p>\n\n\n\n<p class=\"wp-block-paragraph\">La modernisation du Port de Lom\u00e9, le d\u00e9veloppement des corridors logistiques, ainsi que des r\u00e9seaux \u00e9nerg\u00e9tiques et num\u00e9riques, positionnent le Togo comme un hub r\u00e9gional dynamique, capable de jouer un r\u00f4le cl\u00e9 dans les cha\u00eenes de valeur mondiales.<\/p>\n\n\n\n<p class=\"wp-block-paragraph\">Le Pr\u00e9sident du Conseil a \u00e9galement invit\u00e9 les partenaires britanniques \u00e0 investir dans ces infrastructures productives, qui soutiennent la transformation industrielle en Afrique.<\/p>\n\n\n\n<p class=\"wp-block-paragraph\"><em>\u00ab\u00a0Nous invitons nos partenaires britanniques \u00e0 investir avec nous dans ces infrastructures productives qui soutiennent la transformation industrielle africaine et cr\u00e9ent de la valeur locale pour que l\u2019investissement dans le b\u00e9ton devienne investissement dans le d\u00e9veloppement\u00a0\u00bb.<\/em><\/p>\n\n\n\n<p class=\"wp-block-paragraph\">Cette approche illustre la volont\u00e9 du Togo de combiner croissance \u00e9conomique, innovation et coop\u00e9ration internationale, tout en renfor\u00e7ant sa position strat\u00e9gique en Afrique de l\u2019Ouest.<\/p>\n\n\n<div class=\"wp-block-image\">\n<figure class=\"aligncenter size-large\"><img loading=\"lazy\" decoding=\"async\" width=\"723\" height=\"1024\" src=\"https:\/\/macite.tg\/wp-content\/uploads\/2025\/10\/OTR_TPU_30octobre-723x1024.jpg\" alt=\"\" class=\"wp-image-25877\" srcset=\"https:\/\/macite.tg\/wp-content\/uploads\/2025\/10\/OTR_TPU_30octobre-723x1024.jpg 723w, https:\/\/macite.tg\/wp-content\/uploads\/2025\/10\/OTR_TPU_30octobre-212x300.jpg 212w, https:\/\/macite.tg\/wp-content\/uploads\/2025\/10\/OTR_TPU_30octobre.jpg 763w\" sizes=\"auto, (max-width: 723px) 100vw, 723px\" \/><\/figure>\n<\/div>\n\n\n<p class=\"wp-block-paragraph\"><strong><em>Faire entrer les acteurs locaux dans les cha\u00eenes de valeur<\/em><\/strong><\/p>\n\n\n\n<p class=\"wp-block-paragraph\">Poursuivant sa r\u00e9flexion sur les leviers du d\u00e9veloppement, le Pr\u00e9sident du Conseil a insist\u00e9 sur l\u2019importance de construire la croissance \u00e0 partir de la base, en soutenant les petites et moyennes entreprises (PME), en valorisant la cr\u00e9ativit\u00e9 des jeunes et l\u2019audace des entrepreneurs. Il a soulign\u00e9 qu\u2019il est essentiel de donner toute leur place aux entrepreneurs africains, aux jeunes et aux femmes, afin de renforcer l\u2019innovation et l\u2019inclusion dans les cha\u00eenes de valeur :<\/p>\n\n\n\n<p class=\"wp-block-paragraph\"><em>\u00ab Le d\u00e9veloppement ne se d\u00e9cr\u00e8te pas, il se construit par la base, dans le tissu des petites et moyennes entreprises, dans la cr\u00e9ativit\u00e9 des jeunes et dans l\u2019audace des entrepreneurs. Il faut donner ici toute leur place aux entrepreneurs africains, aux jeunes et aux femmes. \u00bb.<\/em><\/p>\n\n\n\n<p class=\"wp-block-paragraph\">Il appara\u00eet clairement que ce forum se veut une tribune pour une Afrique qui entreprend, innove et transforme. Le Pr\u00e9sident du Conseil a ainsi rassur\u00e9 les partenaires sur la capacit\u00e9 des PME africaines \u00e0 franchir un nouveau seuil, en participant activement \u00e0 l\u2019int\u00e9gration r\u00e9gionale et globale, notamment dans des secteurs cl\u00e9s tels que l\u2019agro\u2011industrie, le num\u00e9rique et les services.<\/p>\n\n\n\n<p class=\"wp-block-paragraph\">Pour atteindre cet objectif, a-t-il pr\u00e9cis\u00e9, ces entreprises n\u2019ont pas tant besoin d\u2019assistance que de partenariats intelligents, mais plut\u00f4t des facilit\u00e9s d\u2019acc\u00e8s au capital, \u00e0 la formation et aux partenariats technologiques. Dans cette dynamique, le Royaume-Uni peut, selon le Pr\u00e9sident, jouer un r\u00f4le cl\u00e9 dans cet \u00e9cosyst\u00e8me, en soutenant l\u2019investissement patient et en connectant les incubateurs et les fonds d\u2019innovation.<\/p>\n\n\n\n<p class=\"wp-block-paragraph\"><em>\u00ab Investir dans les PME africaines aujourd\u2019hui, c\u2019est le pari le plus rentable sur l\u2019avenir du continent \u00bb<\/em>, a-t-il conclu, r\u00e9affirmant l\u2019importance strat\u00e9gique de la coop\u00e9ration \u00e9conomique bas\u00e9e sur le partage de savoir-faire et le soutien aux acteurs locaux.<\/p>\n\n\n\n<p class=\"wp-block-paragraph\"><strong><em>Croissance verte, r\u00e9volution num\u00e9rique et int\u00e9gration r\u00e9gionale : les piliers de l\u2019avenir \u00e9conomique de l\u2019Afrique francophone<\/em><\/strong><\/p>\n\n\n\n<p class=\"wp-block-paragraph\">Pour assurer un avenir radieux au continent, le Pr\u00e9sident du Conseil a identifi\u00e9 deux forces capables de transformer durablement les \u00e9conomies : l\u2019\u00e9nergie propre et l\u2019innovation num\u00e9rique, qu\u2019il consid\u00e8re comme les grands acc\u00e9l\u00e9rateurs de la prosp\u00e9rit\u00e9 africaine.<\/p>\n\n\n\n<p class=\"wp-block-paragraph\">Il a soulign\u00e9, \u00e0 cet effet, la double transition verte et num\u00e9rique qui repr\u00e9sente pour de nombreux pays africains une opportunit\u00e9 de saut technologique, permettant de contourner des d\u00e9cennies de d\u00e9pendance industrielle et d\u2019inventer des mod\u00e8les plus sobres, plus inclusifs et plus intelligents. Les partenaires britanniques peuvent, \u00e0 cet \u00e9gard, accompagner l\u2019Afrique \u00e0 construire directement l\u2019\u00e9conomie de demain.<\/p>\n\n\n<div class=\"wp-block-image\">\n<figure class=\"aligncenter size-full is-resized\"><img loading=\"lazy\" decoding=\"async\" width=\"800\" height=\"545\" src=\"https:\/\/macite.tg\/wp-content\/uploads\/2025\/11\/image-36.png\" alt=\"\" class=\"wp-image-26129\" style=\"width:714px;height:auto\" srcset=\"https:\/\/macite.tg\/wp-content\/uploads\/2025\/11\/image-36.png 800w, https:\/\/macite.tg\/wp-content\/uploads\/2025\/11\/image-36-300x204.png 300w, https:\/\/macite.tg\/wp-content\/uploads\/2025\/11\/image-36-768x523.png 768w, https:\/\/macite.tg\/wp-content\/uploads\/2025\/11\/image-36-112x75.png 112w\" sizes=\"auto, (max-width: 800px) 100vw, 800px\" \/><\/figure>\n<\/div>\n\n\n<p class=\"wp-block-paragraph\">Cependant, le Pr\u00e9sident du Conseil a insist\u00e9 sur le fait que cette transformation doit rester avant tout humaine, car <em>\u00ab\u00a0chaque investissement dans une ferme solaire, une fintech ou une ville intelligente doit \u00e9galement \u00eatre un investissement dans l\u2019emploi pour la jeunesse, dans l\u2019acc\u00e8s des femmes aux opportunit\u00e9s \u00e9conomiques et dans la coh\u00e9sion sociale\u00a0\u00bb. \u00ab\u00a0Dans un monde de plus en plus instable, la durabilit\u00e9 n\u2019est plus un luxe : c\u2019est notre nouvelle fronti\u00e8re \u00e9conomique et morale\u00a0\u00bb<\/em> a-t-il ajout\u00e9.<\/p>\n\n\n\n<p class=\"wp-block-paragraph\"><strong><em>Faire de l\u2019int\u00e9gration sous-r\u00e9gionale, le moteur d\u2019un march\u00e9 africain ouvert sur le monde<\/em><\/strong><\/p>\n\n\n\n<p class=\"wp-block-paragraph\">Enfin, le Pr\u00e9sident du Conseil a mis en avant l\u2019int\u00e9gration r\u00e9gionale de l\u2019Afrique francophone comme moteur d\u2019un march\u00e9 africain ouvert sur le monde. Selon lui, le succ\u00e8s du forum d\u00e9pendra de la capacit\u00e9 des acteurs \u00e0 penser au-del\u00e0 des fronti\u00e8res nationales, car le d\u00e9veloppement pays par pays n\u2019a plus beaucoup de sens.<\/p>\n\n\n\n<p class=\"wp-block-paragraph\"><em>\u00ab L\u2019int\u00e9gration r\u00e9gionale est notre meilleur outil pour r\u00e9ussir \u00e0 l\u2019\u00e9chelle mondiale \u00bb<\/em>, a-t-il d\u00e9clar\u00e9 avant de souligner que les investissements britanniques en Afrique francophone ne seront durables que s\u2019ils s\u2019appuient sur des cha\u00eenes r\u00e9gionales interconnect\u00e9es et sur des plateformes logistiques et industrielles reliant plusieurs march\u00e9s francophones et anglophones.<\/p>\n\n\n\n<p class=\"wp-block-paragraph\">Ces interconnexions sont, a-t-il fait remarquer, les vraies infrastructures du futur, des leviers de d\u00e9veloppement qui s\u2019inscrivent pleinement dans l\u2019engagement du Togo pour la Zone de libre-\u00e9change continentale africaine (ZELECAf), qui offre 1,4 milliard de consommateurs et le plus grand march\u00e9 \u00e9mergent du monde.<\/p>\n\n\n\n<p class=\"wp-block-paragraph\">La r\u00e9alisation de ces ambitions d\u00e9pend de l\u2019ouverture de corridors r\u00e9gionaux de croissance, connectant \u00e0 la fois les march\u00e9s francophones et anglophones, \u00e0 l\u2019image du corridor Lom\u00e9-Lagos-Accra-Abidjan.<\/p>\n\n\n\n<p class=\"wp-block-paragraph\">Pour que cette int\u00e9gration devienne r\u00e9alit\u00e9, le Pr\u00e9sident du Conseil a \u00e9galement insist\u00e9 sur la n\u00e9cessit\u00e9 de l\u2019harmonisation des r\u00e9gulations, les facilit\u00e9s du commerce, la simplification des proc\u00e9dures et la cr\u00e9ation des conditions pr\u00e9visibles pour les investisseurs. Pour le Pr\u00e9sident, la fluidit\u00e9 administrative et la transparence r\u00e9glementaire sont les infrastructures invisibles du commerce moderne dont les \u00e9conomies africaines ont besoin.<\/p>\n\n\n<div class=\"wp-block-image\">\n<figure class=\"aligncenter size-full is-resized\"><img loading=\"lazy\" decoding=\"async\" width=\"800\" height=\"533\" src=\"https:\/\/macite.tg\/wp-content\/uploads\/2025\/11\/image-35.png\" alt=\"\" class=\"wp-image-26128\" style=\"width:708px;height:auto\" srcset=\"https:\/\/macite.tg\/wp-content\/uploads\/2025\/11\/image-35.png 800w, https:\/\/macite.tg\/wp-content\/uploads\/2025\/11\/image-35-300x200.png 300w, https:\/\/macite.tg\/wp-content\/uploads\/2025\/11\/image-35-768x512.png 768w, https:\/\/macite.tg\/wp-content\/uploads\/2025\/11\/image-35-650x434.png 650w, https:\/\/macite.tg\/wp-content\/uploads\/2025\/11\/image-35-730x487.png 730w, https:\/\/macite.tg\/wp-content\/uploads\/2025\/11\/image-35-112x75.png 112w, https:\/\/macite.tg\/wp-content\/uploads\/2025\/11\/image-35-425x283.png 425w, https:\/\/macite.tg\/wp-content\/uploads\/2025\/11\/image-35-430x287.png 430w\" sizes=\"auto, (max-width: 800px) 100vw, 800px\" \/><\/figure>\n<\/div>\n\n\n<p class=\"wp-block-paragraph\">En accueillant ce forum, Lom\u00e9 souhaite incarner une Afrique ouverte, connect\u00e9e et confiante, qui ne se contente plus de commercer avec le Royaume-Uni, mais qui choisit de cro\u00eetre avec lui.<\/p>\n\n\n\n<p class=\"wp-block-paragraph\">Le Pr\u00e9sident du Conseil a lanc\u00e9 un appel aux partenaires britanniques : investir non seulement dans les infrastructures traditionnelles, mais aussi dans les fronti\u00e8res de la croissance africaine, dans l\u2019\u00e9conomie verte, la transformation locale des mati\u00e8res premi\u00e8res critiques, la finance digitale et les industries cr\u00e9atives.<\/p>\n\n\n\n<p class=\"wp-block-paragraph\">Il a lanc\u00e9 un appel solennel aux partenaires britanniques, les invitant \u00e0 s\u2019engager aux c\u00f4t\u00e9s de l\u2019Afrique dans une coop\u00e9ration tourn\u00e9e vers l\u2019avenir et l\u2019innovation.<\/p>\n\n\n\n<p class=\"wp-block-paragraph\"><em>\u00ab\u00a0Nous appelons nos partenaires britanniques \u00e0 regarder avec nous vers l\u2019avenir : \u00e0 investir non seulement dans les infrastructures traditionnelles, mais aussi dans les fronti\u00e8res de la croissance africaine, dans l\u2019\u00e9conomie verte, la transformation locale des mati\u00e8res premi\u00e8res critiques, la finance digitale et les industries cr\u00e9atives. Ensemble, nous pouvons cr\u00e9er des cha\u00eenes de valeur qui relient Londres \u00e0 Lom\u00e9, Yaound\u00e9 \u00e0 Birmingham, Dakar \u00e0 Manchester. Ensemble, nous allons transformer nos ressources en richesses, nos projets en prosp\u00e9rit\u00e9, et notre coop\u00e9ration en avenir partag\u00e9\u00a0\u00bb.<\/em><\/p>\n\n\n\n<p class=\"wp-block-paragraph\">Monsieur Ben Coleman, Envoy\u00e9\u0301 commercial du Premier ministre britannique en Afrique Francophone, des autorit\u00e9s politiques et administratives et Monsieur Steven Gray Obe, Responsable de l\u2019Afrique de l\u2019Ouest et centrale pour UK Export Finance (UKEF) ont tour \u00e0 tour situ\u00e9 l\u2019enjeu de ce forum. Ils ont f\u00e9licit\u00e9 le Pr\u00e9sident du Conseil pour sa vision strat\u00e9gique et son engagement constant en faveur du d\u00e9veloppement \u00e9conomique, de la coop\u00e9ration r\u00e9gionale et du renforcement du partenariat entre l\u2019Afrique et le Commonwealth.<\/p>\n\n\n\n<p class=\"wp-block-paragraph\">La c\u00e9r\u00e9monie d\u2019ouverture a \u00e9t\u00e9 marqu\u00e9e par un panel de haut niveau intitul\u00e9 \u00ab<em> Concr\u00e9tiser les priorit\u00e9s du gouvernement \u00bb.<\/em><\/p>\n\n\n\n<p class=\"wp-block-paragraph\">Elle a \u00e9galement \u00e9t\u00e9 ponctu\u00e9e par la signature d\u2019un protocole d\u2019accord entre le Togo et le Royaume-Uni visant \u00e0 renforcer les \u00e9changes d\u2019expertise et de savoir-faire dans les domaines de l\u2019\u00e9conomie num\u00e9rique, de l\u2019agriculture et du capital humain.<\/p>\n\n\n<div class=\"wp-block-image\">\n<figure class=\"aligncenter size-full is-resized\"><img loading=\"lazy\" decoding=\"async\" width=\"800\" height=\"533\" src=\"https:\/\/macite.tg\/wp-content\/uploads\/2025\/11\/image-34.png\" alt=\"\" class=\"wp-image-26127\" style=\"width:694px;height:auto\" srcset=\"https:\/\/macite.tg\/wp-content\/uploads\/2025\/11\/image-34.png 800w, https:\/\/macite.tg\/wp-content\/uploads\/2025\/11\/image-34-300x200.png 300w, https:\/\/macite.tg\/wp-content\/uploads\/2025\/11\/image-34-768x512.png 768w, https:\/\/macite.tg\/wp-content\/uploads\/2025\/11\/image-34-650x434.png 650w, https:\/\/macite.tg\/wp-content\/uploads\/2025\/11\/image-34-730x487.png 730w, https:\/\/macite.tg\/wp-content\/uploads\/2025\/11\/image-34-112x75.png 112w, https:\/\/macite.tg\/wp-content\/uploads\/2025\/11\/image-34-425x283.png 425w, https:\/\/macite.tg\/wp-content\/uploads\/2025\/11\/image-34-430x287.png 430w\" sizes=\"auto, (max-width: 800px) 100vw, 800px\" \/><\/figure>\n<\/div>\n\n\n<p class=\"wp-block-paragraph\">Les travaux du forum se poursuivent avec plusieurs sessions pays consacr\u00e9es notamment au Togo, au Cameroun, au S\u00e9n\u00e9gal, au B\u00e9nin, \u00e0 la Mauritanie, \u00e0 la C\u00f4te d\u2019Ivoire, \u00e0 la R\u00e9publique D\u00e9mocratique du Congo, \u00e0 la Guin\u00e9e et au Congo.<\/p>\n\n\n\n<p class=\"wp-block-paragraph\">Au programme figurent \u00e9galement des d\u00e9jeuners de r\u00e9seautage, ainsi que des tables rondes consacr\u00e9es \u00e0 des th\u00e9matiques cl\u00e9s telles que l\u2019acc\u00e8s au capital, le r\u00e9gime commercial pour les pays en d\u00e9veloppement (DCTS) et les accords de partenariat \u00e9conomique (APE).<\/p>\n\n\n\n<p class=\"wp-block-paragraph\"><strong>Source: Pr\u00e9sidence du conseil<\/strong><\/p>\n\n\n\n<p class=\"wp-block-paragraph\"><a><strong><em>@macite.tg&nbsp;&nbsp;&nbsp;&nbsp;&nbsp;&nbsp;&nbsp;&nbsp;<\/em><\/strong><\/a><\/p>\n\n\n\n<p class=\"wp-block-paragraph\"><strong><em>E-mail&nbsp;: <\/em><\/strong><a href=\"mailto:maciteinfo@gmail.com\"><strong><em>maciteinfo@gmail.com<\/em><\/strong><\/a><strong><em>; <\/em><\/strong><a href=\"mailto:bawela1@gmail.com\"><strong><em>bawela1@gmail.com<\/em><\/strong><\/a><strong><em><\/em><\/strong><\/p>\n\n\n\n<p class=\"wp-block-paragraph\"><strong><em>Pour vos annonces, (publi)reportages, etc., joignez-nous au (00228)91515309\/<strong>79872224 <\/strong><strong><\/strong><\/em><\/strong><\/p>\n\n\n\n<p class=\"wp-block-paragraph\"><strong><em>www.macite.tg, L\u2019information, la bonne&nbsp;!<\/em><\/strong><\/p>\n\n\n\n<p class=\"wp-block-paragraph\"><\/p>\n","protected":false},"excerpt":{"rendered":"<p class=\"text-justify mb-2\" >Le Togo ne cesse de confirmer sa position g\u00e9ostrat\u00e9gique au sein du Commonwealth pour la promotion du partenariat public-priv\u00e9 et au d\u00e9veloppement \u00e9conomique en Afrique. A l\u2019initiative conjointe des gouvernements togolais et britannique, Lom\u00e9 a accueilli \u00e0 cet effet, le quatri\u00e8me Forum Royaume-Uni-Afrique francophone de [&hellip;]<\/p>\n","protected":false},"author":2,"featured_media":26131,"comment_status":"open","ping_status":"open","sticky":false,"template":"","format":"standard","meta":{"footnotes":""},"categories":[20,53],"tags":[],"class_list":["post-26126","post","type-post","status-publish","format-standard","has-post-thumbnail","hentry","category-actualite","category-investissement"],"yoast_head":"<!-- This site is optimized with the Yoast SEO plugin v28.4 - https:\/\/yoast.com\/product\/yoast-seo-wordpress\/ -->\n<title>4E FORUM ROYAUME-UNI-AFRIQUE FRANCOPHONE\u00a0: \u00ab Investir dans les PME africaines aujourd\u2019hui, c\u2019est le pari le plus rentable sur l\u2019avenir du continent \u00bb (Faure Gnassingb\u00e9) -<\/title>\n<meta name=\"robots\" content=\"index, follow, max-snippet:-1, max-image-preview:large, max-video-preview:-1\" \/>\n<link rel=\"canonical\" href=\"https:\/\/macite.tg\/?p=26126\" \/>\n<meta property=\"og:locale\" content=\"fr_FR\" \/>\n<meta property=\"og:type\" content=\"article\" \/>\n<meta property=\"og:title\" content=\"4E FORUM ROYAUME-UNI-AFRIQUE FRANCOPHONE\u00a0: \u00ab Investir dans les PME africaines aujourd\u2019hui, c\u2019est le pari le plus rentable sur l\u2019avenir du continent \u00bb (Faure Gnassingb\u00e9) -\" \/>\n<meta property=\"og:description\" content=\"Le Togo ne cesse de confirmer sa position g\u00e9ostrat\u00e9gique au sein du Commonwealth pour la promotion du partenariat public-priv\u00e9 et au d\u00e9veloppement \u00e9conomique en Afrique. A l\u2019initiative conjointe des gouvernements togolais et britannique, Lom\u00e9 a accueilli \u00e0 cet effet, le quatri\u00e8me Forum Royaume-Uni-Afrique francophone de [&hellip;]\" \/>\n<meta property=\"og:url\" content=\"https:\/\/macite.tg\/?p=26126\" \/>\n<meta property=\"article:published_time\" content=\"2025-11-13T12:13:31+00:00\" \/>\n<meta property=\"article:modified_time\" content=\"2025-11-13T12:13:48+00:00\" \/>\n<meta property=\"og:image\" content=\"https:\/\/macite.tg\/wp-content\/uploads\/2025\/11\/FEG-4e.jpg\" \/>\n\t<meta property=\"og:image:width\" content=\"500\" \/>\n\t<meta property=\"og:image:height\" content=\"496\" \/>\n\t<meta property=\"og:image:type\" content=\"image\/jpeg\" \/>\n<meta name=\"author\" content=\"Jean Pierre BAWELA\" \/>\n<meta name=\"twitter:card\" content=\"summary_large_image\" \/>\n<meta name=\"twitter:label1\" content=\"\u00c9crit par\" \/>\n\t<meta name=\"twitter:data1\" content=\"Jean Pierre BAWELA\" \/>\n\t<meta name=\"twitter:label2\" content=\"Dur\u00e9e de lecture estim\u00e9e\" \/>\n\t<meta name=\"twitter:data2\" content=\"13 minutes\" \/>\n<script type=\"application\/ld+json\" class=\"yoast-schema-graph\">{\"@context\":\"https:\\\/\\\/schema.org\",\"@graph\":[{\"@type\":\"Article\",\"@id\":\"https:\\\/\\\/macite.tg\\\/?p=26126#article\",\"isPartOf\":{\"@id\":\"https:\\\/\\\/macite.tg\\\/?p=26126\"},\"author\":{\"name\":\"Jean Pierre BAWELA\",\"@id\":\"https:\\\/\\\/macite.tg\\\/#\\\/schema\\\/person\\\/e9f2de7e5dbbe7770a9402c7ce82f5c2\"},\"headline\":\"4E FORUM ROYAUME-UNI-AFRIQUE FRANCOPHONE\u00a0: \u00ab Investir dans les PME africaines aujourd\u2019hui, c\u2019est le pari le plus rentable sur l\u2019avenir du continent \u00bb (Faure Gnassingb\u00e9)\",\"datePublished\":\"2025-11-13T12:13:31+00:00\",\"dateModified\":\"2025-11-13T12:13:48+00:00\",\"mainEntityOfPage\":{\"@id\":\"https:\\\/\\\/macite.tg\\\/?p=26126\"},\"wordCount\":2448,\"commentCount\":0,\"image\":{\"@id\":\"https:\\\/\\\/macite.tg\\\/?p=26126#primaryimage\"},\"thumbnailUrl\":\"https:\\\/\\\/macite.tg\\\/wp-content\\\/uploads\\\/2025\\\/11\\\/FEG-4e.jpg\",\"articleSection\":[\"ACTUALITE\",\"INVESTISSEMENT\"],\"inLanguage\":\"fr-FR\",\"potentialAction\":[{\"@type\":\"CommentAction\",\"name\":\"Comment\",\"target\":[\"https:\\\/\\\/macite.tg\\\/?p=26126#respond\"]}]},{\"@type\":\"WebPage\",\"@id\":\"https:\\\/\\\/macite.tg\\\/?p=26126\",\"url\":\"https:\\\/\\\/macite.tg\\\/?p=26126\",\"name\":\"4E FORUM ROYAUME-UNI-AFRIQUE FRANCOPHONE\u00a0: \u00ab Investir dans les PME africaines aujourd\u2019hui, c\u2019est le pari le plus rentable sur l\u2019avenir du continent \u00bb (Faure Gnassingb\u00e9) -\",\"isPartOf\":{\"@id\":\"https:\\\/\\\/macite.tg\\\/#website\"},\"primaryImageOfPage\":{\"@id\":\"https:\\\/\\\/macite.tg\\\/?p=26126#primaryimage\"},\"image\":{\"@id\":\"https:\\\/\\\/macite.tg\\\/?p=26126#primaryimage\"},\"thumbnailUrl\":\"https:\\\/\\\/macite.tg\\\/wp-content\\\/uploads\\\/2025\\\/11\\\/FEG-4e.jpg\",\"datePublished\":\"2025-11-13T12:13:31+00:00\",\"dateModified\":\"2025-11-13T12:13:48+00:00\",\"author\":{\"@id\":\"https:\\\/\\\/macite.tg\\\/#\\\/schema\\\/person\\\/e9f2de7e5dbbe7770a9402c7ce82f5c2\"},\"breadcrumb\":{\"@id\":\"https:\\\/\\\/macite.tg\\\/?p=26126#breadcrumb\"},\"inLanguage\":\"fr-FR\",\"potentialAction\":[{\"@type\":\"ReadAction\",\"target\":[\"https:\\\/\\\/macite.tg\\\/?p=26126\"]}]},{\"@type\":\"ImageObject\",\"inLanguage\":\"fr-FR\",\"@id\":\"https:\\\/\\\/macite.tg\\\/?p=26126#primaryimage\",\"url\":\"https:\\\/\\\/macite.tg\\\/wp-content\\\/uploads\\\/2025\\\/11\\\/FEG-4e.jpg\",\"contentUrl\":\"https:\\\/\\\/macite.tg\\\/wp-content\\\/uploads\\\/2025\\\/11\\\/FEG-4e.jpg\",\"width\":500,\"height\":496},{\"@type\":\"BreadcrumbList\",\"@id\":\"https:\\\/\\\/macite.tg\\\/?p=26126#breadcrumb\",\"itemListElement\":[{\"@type\":\"ListItem\",\"position\":1,\"name\":\"Accueil\",\"item\":\"https:\\\/\\\/macite.tg\\\/\"},{\"@type\":\"ListItem\",\"position\":2,\"name\":\"4E FORUM ROYAUME-UNI-AFRIQUE FRANCOPHONE\u00a0: \u00ab Investir dans les PME africaines aujourd\u2019hui, c\u2019est le pari le plus rentable sur l\u2019avenir du continent \u00bb (Faure Gnassingb\u00e9)\"}]},{\"@type\":\"WebSite\",\"@id\":\"https:\\\/\\\/macite.tg\\\/#website\",\"url\":\"https:\\\/\\\/macite.tg\\\/\",\"name\":\"\",\"description\":\"L&#039;information, la bonne!!!\",\"potentialAction\":[{\"@type\":\"SearchAction\",\"target\":{\"@type\":\"EntryPoint\",\"urlTemplate\":\"https:\\\/\\\/macite.tg\\\/?s={search_term_string}\"},\"query-input\":{\"@type\":\"PropertyValueSpecification\",\"valueRequired\":true,\"valueName\":\"search_term_string\"}}],\"inLanguage\":\"fr-FR\"},{\"@type\":\"Person\",\"@id\":\"https:\\\/\\\/macite.tg\\\/#\\\/schema\\\/person\\\/e9f2de7e5dbbe7770a9402c7ce82f5c2\",\"name\":\"Jean Pierre BAWELA\",\"image\":{\"@type\":\"ImageObject\",\"inLanguage\":\"fr-FR\",\"@id\":\"https:\\\/\\\/macite.tg\\\/wp-content\\\/uploads\\\/2023\\\/09\\\/WhatsApp-Image-2023-09-19-at-14.44.41-122x122.jpeg\",\"url\":\"https:\\\/\\\/macite.tg\\\/wp-content\\\/uploads\\\/2023\\\/09\\\/WhatsApp-Image-2023-09-19-at-14.44.41-122x122.jpeg\",\"contentUrl\":\"https:\\\/\\\/macite.tg\\\/wp-content\\\/uploads\\\/2023\\\/09\\\/WhatsApp-Image-2023-09-19-at-14.44.41-122x122.jpeg\",\"caption\":\"Jean Pierre BAWELA\"},\"url\":\"https:\\\/\\\/macite.tg\\\/?author=2\"}]}<\/script>\n<!-- \/ Yoast SEO plugin. -->","yoast_head_json":{"title":"4E FORUM ROYAUME-UNI-AFRIQUE FRANCOPHONE\u00a0: \u00ab Investir dans les PME africaines aujourd\u2019hui, c\u2019est le pari le plus rentable sur l\u2019avenir du continent \u00bb (Faure Gnassingb\u00e9) -","robots":{"index":"index","follow":"follow","max-snippet":"max-snippet:-1","max-image-preview":"max-image-preview:large","max-video-preview":"max-video-preview:-1"},"canonical":"https:\/\/macite.tg\/?p=26126","og_locale":"fr_FR","og_type":"article","og_title":"4E FORUM ROYAUME-UNI-AFRIQUE FRANCOPHONE\u00a0: \u00ab Investir dans les PME africaines aujourd\u2019hui, c\u2019est le pari le plus rentable sur l\u2019avenir du continent \u00bb (Faure Gnassingb\u00e9) -","og_description":"Le Togo ne cesse de confirmer sa position g\u00e9ostrat\u00e9gique au sein du Commonwealth pour la promotion du partenariat public-priv\u00e9 et au d\u00e9veloppement \u00e9conomique en Afrique. A l\u2019initiative conjointe des gouvernements togolais et britannique, Lom\u00e9 a accueilli \u00e0 cet effet, le quatri\u00e8me Forum Royaume-Uni-Afrique francophone de [&hellip;]","og_url":"https:\/\/macite.tg\/?p=26126","article_published_time":"2025-11-13T12:13:31+00:00","article_modified_time":"2025-11-13T12:13:48+00:00","og_image":[{"width":500,"height":496,"url":"https:\/\/macite.tg\/wp-content\/uploads\/2025\/11\/FEG-4e.jpg","type":"image\/jpeg"}],"author":"Jean Pierre BAWELA","twitter_card":"summary_large_image","twitter_misc":{"\u00c9crit par":"Jean Pierre BAWELA","Dur\u00e9e de lecture estim\u00e9e":"13 minutes"},"schema":{"@context":"https:\/\/schema.org","@graph":[{"@type":"Article","@id":"https:\/\/macite.tg\/?p=26126#article","isPartOf":{"@id":"https:\/\/macite.tg\/?p=26126"},"author":{"name":"Jean Pierre BAWELA","@id":"https:\/\/macite.tg\/#\/schema\/person\/e9f2de7e5dbbe7770a9402c7ce82f5c2"},"headline":"4E FORUM ROYAUME-UNI-AFRIQUE FRANCOPHONE\u00a0: \u00ab Investir dans les PME africaines aujourd\u2019hui, c\u2019est le pari le plus rentable sur l\u2019avenir du continent \u00bb (Faure Gnassingb\u00e9)","datePublished":"2025-11-13T12:13:31+00:00","dateModified":"2025-11-13T12:13:48+00:00","mainEntityOfPage":{"@id":"https:\/\/macite.tg\/?p=26126"},"wordCount":2448,"commentCount":0,"image":{"@id":"https:\/\/macite.tg\/?p=26126#primaryimage"},"thumbnailUrl":"https:\/\/macite.tg\/wp-content\/uploads\/2025\/11\/FEG-4e.jpg","articleSection":["ACTUALITE","INVESTISSEMENT"],"inLanguage":"fr-FR","potentialAction":[{"@type":"CommentAction","name":"Comment","target":["https:\/\/macite.tg\/?p=26126#respond"]}]},{"@type":"WebPage","@id":"https:\/\/macite.tg\/?p=26126","url":"https:\/\/macite.tg\/?p=26126","name":"4E FORUM ROYAUME-UNI-AFRIQUE FRANCOPHONE\u00a0: \u00ab Investir dans les PME africaines aujourd\u2019hui, c\u2019est le pari le plus rentable sur l\u2019avenir du continent \u00bb (Faure Gnassingb\u00e9) -","isPartOf":{"@id":"https:\/\/macite.tg\/#website"},"primaryImageOfPage":{"@id":"https:\/\/macite.tg\/?p=26126#primaryimage"},"image":{"@id":"https:\/\/macite.tg\/?p=26126#primaryimage"},"thumbnailUrl":"https:\/\/macite.tg\/wp-content\/uploads\/2025\/11\/FEG-4e.jpg","datePublished":"2025-11-13T12:13:31+00:00","dateModified":"2025-11-13T12:13:48+00:00","author":{"@id":"https:\/\/macite.tg\/#\/schema\/person\/e9f2de7e5dbbe7770a9402c7ce82f5c2"},"breadcrumb":{"@id":"https:\/\/macite.tg\/?p=26126#breadcrumb"},"inLanguage":"fr-FR","potentialAction":[{"@type":"ReadAction","target":["https:\/\/macite.tg\/?p=26126"]}]},{"@type":"ImageObject","inLanguage":"fr-FR","@id":"https:\/\/macite.tg\/?p=26126#primaryimage","url":"https:\/\/macite.tg\/wp-content\/uploads\/2025\/11\/FEG-4e.jpg","contentUrl":"https:\/\/macite.tg\/wp-content\/uploads\/2025\/11\/FEG-4e.jpg","width":500,"height":496},{"@type":"BreadcrumbList","@id":"https:\/\/macite.tg\/?p=26126#breadcrumb","itemListElement":[{"@type":"ListItem","position":1,"name":"Accueil","item":"https:\/\/macite.tg\/"},{"@type":"ListItem","position":2,"name":"4E FORUM ROYAUME-UNI-AFRIQUE FRANCOPHONE\u00a0: \u00ab Investir dans les PME africaines aujourd\u2019hui, c\u2019est le pari le plus rentable sur l\u2019avenir du continent \u00bb (Faure Gnassingb\u00e9)"}]},{"@type":"WebSite","@id":"https:\/\/macite.tg\/#website","url":"https:\/\/macite.tg\/","name":"","description":"L&#039;information, la bonne!!!","potentialAction":[{"@type":"SearchAction","target":{"@type":"EntryPoint","urlTemplate":"https:\/\/macite.tg\/?s={search_term_string}"},"query-input":{"@type":"PropertyValueSpecification","valueRequired":true,"valueName":"search_term_string"}}],"inLanguage":"fr-FR"},{"@type":"Person","@id":"https:\/\/macite.tg\/#\/schema\/person\/e9f2de7e5dbbe7770a9402c7ce82f5c2","name":"Jean Pierre BAWELA","image":{"@type":"ImageObject","inLanguage":"fr-FR","@id":"https:\/\/macite.tg\/wp-content\/uploads\/2023\/09\/WhatsApp-Image-2023-09-19-at-14.44.41-122x122.jpeg","url":"https:\/\/macite.tg\/wp-content\/uploads\/2023\/09\/WhatsApp-Image-2023-09-19-at-14.44.41-122x122.jpeg","contentUrl":"https:\/\/macite.tg\/wp-content\/uploads\/2023\/09\/WhatsApp-Image-2023-09-19-at-14.44.41-122x122.jpeg","caption":"Jean Pierre BAWELA"},"url":"https:\/\/macite.tg\/?author=2"}]}},"_links":{"self":[{"href":"https:\/\/macite.tg\/index.php?rest_route=\/wp\/v2\/posts\/26126","targetHints":{"allow":["GET"]}}],"collection":[{"href":"https:\/\/macite.tg\/index.php?rest_route=\/wp\/v2\/posts"}],"about":[{"href":"https:\/\/macite.tg\/index.php?rest_route=\/wp\/v2\/types\/post"}],"author":[{"embeddable":true,"href":"https:\/\/macite.tg\/index.php?rest_route=\/wp\/v2\/users\/2"}],"replies":[{"embeddable":true,"href":"https:\/\/macite.tg\/index.php?rest_route=%2Fwp%2Fv2%2Fcomments&post=26126"}],"version-history":[{"count":0,"href":"https:\/\/macite.tg\/index.php?rest_route=\/wp\/v2\/posts\/26126\/revisions"}],"wp:featuredmedia":[{"embeddable":true,"href":"https:\/\/macite.tg\/index.php?rest_route=\/wp\/v2\/media\/26131"}],"wp:attachment":[{"href":"https:\/\/macite.tg\/index.php?rest_route=%2Fwp%2Fv2%2Fmedia&parent=26126"}],"wp:term":[{"taxonomy":"category","embeddable":true,"href":"https:\/\/macite.tg\/index.php?rest_route=%2Fwp%2Fv2%2Fcategories&post=26126"},{"taxonomy":"post_tag","embeddable":true,"href":"https:\/\/macite.tg\/index.php?rest_route=%2Fwp%2Fv2%2Ftags&post=26126"}],"curies":[{"name":"wp","href":"https:\/\/api.w.org\/{rel}","templated":true}]}}