{"id":26120,"date":"2025-11-12T17:58:30","date_gmt":"2025-11-12T17:58:30","guid":{"rendered":"https:\/\/macite.tg\/?p=26120"},"modified":"2025-11-12T18:00:00","modified_gmt":"2025-11-12T18:00:00","slug":"uk-wcaf-iv-ce-forum-doit-etre-une-tribune-pour-cette-afrique-qui-entreprend-qui-innove-et-qui-transforme-faure-gnassingbe","status":"publish","type":"post","link":"https:\/\/macite.tg\/?p=26120","title":{"rendered":"UK-WCAF IV\u00a0: \u00ab\u00a0Ce forum doit \u00eatre une tribune pour cette Afrique qui entreprend, qui innove et qui transforme\u00a0\u00bb (Faure Gnassingb\u00e9)"},"content":{"rendered":"\n<p class=\"wp-block-paragraph\"><strong><em>C\u2019est ce 12 novembre que s\u2019est ouvert \u00e0 Lom\u00e9, la quatri\u00e8me \u00e9dition du&nbsp;Forum \u00e9conomique Royaume-Uni \u2013 Afrique de l\u2019Ouest et du Centre (UK-WCAF IV). Les travaux ouverts par le Pr\u00e9sident du Conseil, Faure Essozimna Gnassingb\u00e9, sont une nouvelle occasion pour les pays francophones de l\u2019Afrique de l\u2019Ouest et du Centre, de&nbsp;renforcer les \u00e9changes commerciaux et les partenariats d\u2019investissement avec le monde anglophone.<\/em><\/strong><\/p>\n\n\n\n<p class=\"wp-block-paragraph\"><strong><em>Au total, quelque 700 d\u00e9cideurs et investisseurs vont r\u00e9fl\u00e9chir, durant deux jours, aux moyens de renforcer ce partenariat innovant. Une occasion que n\u2019a pas manqu\u00e9 de saisir le Pr\u00e9sident Faure Gnassingb\u00e9 pour saluer une nouvelle \u00e8re de partenariat entre le Royaume-Uni et l\u2019Afrique francophone, et appel\u00e9, par la m\u00eame occasion, \u00e0 une int\u00e9gration r\u00e9gionale r\u00e9ussie.\u00a0<\/em><\/strong><\/p>\n\n\n\n<p class=\"wp-block-paragraph\"><strong>Voici, en int\u00e9gralit\u00e9 dans les lignes qui suivent, le discoure d\u2019ouverture du Pr\u00e9sident du conseil, Faure Essozimna Gnassingb\u00e9&nbsp;:<\/strong><\/p>\n\n\n<div class=\"wp-block-image\">\n<figure class=\"aligncenter size-large\"><img loading=\"lazy\" decoding=\"async\" width=\"1024\" height=\"426\" src=\"https:\/\/macite.tg\/wp-content\/uploads\/2025\/10\/OTR_Depreciation-1024x426.jpg\" alt=\"\" class=\"wp-image-25740\" srcset=\"https:\/\/macite.tg\/wp-content\/uploads\/2025\/10\/OTR_Depreciation-1024x426.jpg 1024w, https:\/\/macite.tg\/wp-content\/uploads\/2025\/10\/OTR_Depreciation-300x125.jpg 300w, https:\/\/macite.tg\/wp-content\/uploads\/2025\/10\/OTR_Depreciation-768x320.jpg 768w, https:\/\/macite.tg\/wp-content\/uploads\/2025\/10\/OTR_Depreciation.jpg 1132w\" sizes=\"auto, (max-width: 1024px) 100vw, 1024px\" \/><\/figure>\n<\/div>\n\n\n<p class=\"wp-block-paragraph\"><em>\u00ab (\u2026)&nbsp;C\u2019est pour mon pays un grand honneur d\u2019accueillir, ici \u00e0 Lom\u00e9, la quatri\u00e8me \u00e9dition du Forum sur le Commerce et l\u2019Investissement entre le Royaume-Uni et l\u2019Afrique francophone de l\u2019Ouest et du Centre.<\/em><\/p>\n\n\n\n<p class=\"wp-block-paragraph\"><em>C\u2019est la premi\u00e8re fois que ce forum se tient sur le sol africain, et ce n\u2019est pas un simple d\u00e9placement g\u00e9ographique. C\u2019est un d\u00e9placement symbolique : celui du centre de gravit\u00e9 d\u2019un partenariat qui s\u2019enracine d\u00e9sormais davantage dans la r\u00e9alit\u00e9 africaine, dans son \u00e9nergie, dans sa jeunesse et dans son ambition.<\/em><\/p>\n\n\n\n<p class=\"wp-block-paragraph\"><em>Il traduit la confiance et la reconnaissance d\u2019une Afrique qui n\u2019est plus seulement un march\u00e9, mais un partenaire \u00e0 part enti\u00e8re. Il traduit aussi la relation nouvelle cr\u00e9\u00e9e entre le Togo et le Commonwealth depuis 2022.<\/em><\/p>\n\n\n\n<p class=\"wp-block-paragraph\"><em>Je voudrais, \u00e0 cette occasion, partager avec vous cinq convictions simples, qui traduisent la vision que le Togo porte pour ce partenariat renouvel\u00e9 entre le Royaume-Uni et l\u2019Afrique francophone.<\/em><\/p>\n\n\n\n<p class=\"wp-block-paragraph\"><em>Le premier point, c\u2019est que nous ouvrons ici aujourd\u2019hui un nouveau chapitre du partenariat entre le Royaume-Uni et l\u2019Afrique francophone.<\/em><\/p>\n\n\n\n<p class=\"wp-block-paragraph\"><em>Le Royaume-Uni et l\u2019Afrique francophone partagent une m\u00eame ambition : Nous voulons passer d\u2019une relation d\u2019assistance fond\u00e9e sur des dons \u00e0 de v\u00e9ritables relations \u00e9conomiques fond\u00e9es sur l\u2019\u00e9change, l\u2019investissement, la cr\u00e9ation de valeur et la compl\u00e9mentarit\u00e9 des savoir-faire.<\/em><\/p>\n\n\n\n<p class=\"wp-block-paragraph\"><em>Nous avons beaucoup \u00e0 gagner ensemble. Notre continent offre la jeunesse, les ressources et le potentiel d\u2019innovation ; le Royaume-Uni apporte l\u2019expertise, la technologie et les capitaux. Lom\u00e9 se situe au point de rencontre entre ces deux mondes. Et le Togo incarne cette Afrique qui s\u2019ouvre et qui relie.<\/em><\/p>\n\n\n\n<p class=\"wp-block-paragraph\"><em>Avec notre port en eau profonde, nos r\u00e9formes pro-investissement, notre stabilit\u00e9 politique et notre engagement r\u00e9gional, notre pays est devenu un des points de convergence entre l\u2019Afrique et le monde.<\/em><\/p>\n\n\n\n<p class=\"wp-block-paragraph\"><em>Mais au-del\u00e0 d\u2019une ambition, c\u2019est maintenant notre vision commune qu\u2019il faut construire. C\u2019est \u00e0 cela que ce forum doit servir : \u00e0 faire tomber les murs linguistiques et les barri\u00e8res \u00e9conomiques pour \u00e9riger des ponts de prosp\u00e9rit\u00e9 entre le Royaume-Uni et l\u2019Afrique francophone.<\/em><\/p>\n\n\n\n<p class=\"wp-block-paragraph\"><em>Le deuxi\u00e8me point que j\u2019\u00e9voquerai, c\u2019est que les infrastructures seront les leviers de souverainet\u00e9, de croissance et de comp\u00e9titivit\u00e9 dans notre r\u00e9gion.<\/em><\/p>\n\n\n<div class=\"wp-block-image\">\n<figure class=\"aligncenter size-large\"><img loading=\"lazy\" decoding=\"async\" width=\"723\" height=\"1024\" src=\"https:\/\/macite.tg\/wp-content\/uploads\/2025\/11\/16fb1836-19c1-4f95-b372-bcc2bcbd3e46-723x1024.jpg\" alt=\"\" class=\"wp-image-26045\" srcset=\"https:\/\/macite.tg\/wp-content\/uploads\/2025\/11\/16fb1836-19c1-4f95-b372-bcc2bcbd3e46-723x1024.jpg 723w, https:\/\/macite.tg\/wp-content\/uploads\/2025\/11\/16fb1836-19c1-4f95-b372-bcc2bcbd3e46-212x300.jpg 212w, https:\/\/macite.tg\/wp-content\/uploads\/2025\/11\/16fb1836-19c1-4f95-b372-bcc2bcbd3e46.jpg 763w\" sizes=\"auto, (max-width: 723px) 100vw, 723px\" \/><\/figure>\n<\/div>\n\n\n<p class=\"wp-block-paragraph\"><em>L\u2019Afrique francophone n\u2019a pas besoin de plus de projets, mais de projets mieux con\u00e7us, mieux financ\u00e9s et mieux int\u00e9gr\u00e9s. Il s\u2019agit d\u2019investir pour produire, pas seulement construire. Ici, les infrastructures ne sont pas juste des d\u00e9penses, ce sont des investissements strat\u00e9giques.<\/em><\/p>\n\n\n\n<p class=\"wp-block-paragraph\"><em>Construire un port, une route, une ligne \u00e9lectrique ou un r\u00e9seau num\u00e9rique n\u2019a de sens que si cela permet \u00e0 nos entreprises de produire, de transformer et d\u2019exporter davantage.<\/em><\/p>\n\n\n\n<p class=\"wp-block-paragraph\"><em>Les infrastructures utiles sont celles qui relient le champ au march\u00e9, le producteur \u00e0 la transformation, l\u2019id\u00e9e \u00e0 l\u2019innovation. C\u2019est l\u2019esprit qui guide notre pays.<\/em><\/p>\n\n\n\n<p class=\"wp-block-paragraph\"><em>La modernisation du Port de Lom\u00e9, le d\u00e9veloppement de nos corridors logistiques, de nos r\u00e9seaux \u00e9nerg\u00e9tiques et num\u00e9riques renforcent notre r\u00f4le de hub r\u00e9gional. Nos efforts visent \u00e0 d\u00e9montrer qu\u2019un pays africain peut devenir un maillon essentiel des cha\u00eenes de valeur mondiales.<\/em><\/p>\n\n\n\n<p class=\"wp-block-paragraph\"><em>Nous invitons nos partenaires britanniques \u00e0 investir avec nous dans ces infrastructures productives qui soutiennent la transformation industrielle africaine et cr\u00e9ent de la valeur locale pour que l\u2019investissement dans le b\u00e9ton devienne investissement dans le d\u00e9veloppement.<\/em><\/p>\n\n\n\n<p class=\"wp-block-paragraph\"><em>Le troisi\u00e8me point, c\u2019est qu\u2019il faut faire entrer les acteurs locaux dans les cha\u00eenes de valeur, en mettant l\u2019accent sur l\u2019innovation, l\u2019entrepreneuriat et l\u2019inclusion.<\/em><\/p>\n\n\n\n<p class=\"wp-block-paragraph\"><em>Le d\u00e9veloppement ne se d\u00e9cr\u00e8te pas ; il se construit par la base, dans le tissu des petites et moyennes entreprises, dans la cr\u00e9ativit\u00e9 des jeunes et dans l\u2019audace des entrepreneurs. Il faut donner ici toute leur place aux entrepreneurs africains, aux jeunes et aux femmes.<\/em><\/p>\n\n\n\n<p class=\"wp-block-paragraph\"><em>Ce forum doit \u00eatre une tribune pour cette Afrique qui entreprend, qui innove et qui transforme. Nos PMEs africaines sont pr\u00eates \u00e0 grandir. Dans l\u2019agro-industrie, le num\u00e9rique et les services, elles sont pr\u00eates \u00e0 franchir un nouveau seuil : celui de l\u2019int\u00e9gration r\u00e9gionale et globale.<\/em><\/p>\n\n\n\n<p class=\"wp-block-paragraph\"><em>Pour cela, elles n\u2019ont pas vraiment besoin d\u2019assistance, mais de partenariats intelligents : Elles manquent d\u2019acc\u00e8s au capital, \u00e0 la formation et aux partenariats technologiques. Le Royaume-Uni peut jouer un r\u00f4le cl\u00e9 dans cet \u00e9cosyst\u00e8me : en soutenant l\u2019investissement patient, en connectant les incubateurs et les fonds d\u2019innovation.<\/em><\/p>\n\n\n<div class=\"wp-block-image\">\n<figure class=\"aligncenter size-large\"><img loading=\"lazy\" decoding=\"async\" width=\"723\" height=\"1024\" src=\"https:\/\/macite.tg\/wp-content\/uploads\/2025\/10\/OTR_TPU_30octobre-723x1024.jpg\" alt=\"\" class=\"wp-image-25877\" srcset=\"https:\/\/macite.tg\/wp-content\/uploads\/2025\/10\/OTR_TPU_30octobre-723x1024.jpg 723w, https:\/\/macite.tg\/wp-content\/uploads\/2025\/10\/OTR_TPU_30octobre-212x300.jpg 212w, https:\/\/macite.tg\/wp-content\/uploads\/2025\/10\/OTR_TPU_30octobre.jpg 763w\" sizes=\"auto, (max-width: 723px) 100vw, 723px\" \/><\/figure>\n<\/div>\n\n\n<p class=\"wp-block-paragraph\"><em>Investir dans les PME africaines aujourd\u2019hui, c\u2019est le pari le plus rentable sur l\u2019avenir du continent.<\/em><\/p>\n\n\n\n<p class=\"wp-block-paragraph\"><em>Mon quatri\u00e8me point, c\u2019est que la croissance verte et la r\u00e9volution num\u00e9rique seront les grands acc\u00e9l\u00e9rateurs de notre croissance.<\/em><\/p>\n\n\n\n<p class=\"wp-block-paragraph\"><em>Je crois fermement que la prosp\u00e9rit\u00e9 de demain reposera sur ces deux piliers : l\u2019\u00e9nergie propre et l\u2019innovation num\u00e9rique. Ce sont deux forces qui peuvent transformer durablement nos \u00e9conomies.<\/em><\/p>\n\n\n\n<p class=\"wp-block-paragraph\"><em>Pour de nombreux pays en Afrique, la double transition verte et num\u00e9rique repr\u00e9sente une opportunit\u00e9 de saut technologique. Elle nous permet de contourner des d\u00e9cennies de d\u00e9pendance industrielle et d\u2019inventer des mod\u00e8les plus sobres, plus inclusifs et plus intelligents.<\/em><\/p>\n\n\n\n<p class=\"wp-block-paragraph\"><em>Nos partenaires britanniques peuvent nous accompagner \u00e0 sauter des \u00e9tapes et construire directement l\u2019\u00e9conomie de demain. Mais il reste que cette transformation doit avant tout \u00eatre humaine.<\/em><\/p>\n\n\n\n<p class=\"wp-block-paragraph\"><em>Chaque investissement dans une ferme solaire, dans une fintech, dans une ville intelligente doit aussi \u00eatre un investissement :<\/em><\/p>\n\n\n\n<p class=\"wp-block-paragraph\"><em>&nbsp;&#8211; dans l\u2019emploi pour la jeunesse,<\/em><\/p>\n\n\n\n<p class=\"wp-block-paragraph\"><em>&#8211; dans l\u2019acc\u00e8s des femmes aux opportunit\u00e9s \u00e9conomiques et<\/em><\/p>\n\n\n\n<p class=\"wp-block-paragraph\"><em>&#8211; dans la coh\u00e9sion sociale.<\/em><\/p>\n\n\n\n<p class=\"wp-block-paragraph\"><em>Dans un monde de plus en plus instable, la durabilit\u00e9 n\u2019est plus un luxe : c\u2019est notre nouvelle fronti\u00e8re \u00e9conomique et morale.<\/em><\/p>\n\n\n\n<p class=\"wp-block-paragraph\"><em>Enfin, le dernier point que je voudrais partager avec vous aujourd\u2019hui, c\u2019est que l\u2019int\u00e9gration r\u00e9gionale de l\u2019Afrique francophone peut devenir le moteur d\u2019un march\u00e9 africain ouvert sur le monde.<\/em><\/p>\n\n\n\n<p class=\"wp-block-paragraph\"><em>Le succ\u00e8s de ce forum d\u00e9pendra de notre capacit\u00e9 \u00e0 penser au-del\u00e0 de nos fronti\u00e8res nationales. Penser le d\u00e9veloppement pays par pays n\u2019a plus vraiment beaucoup de sens. L\u2019int\u00e9gration r\u00e9gionale est notre meilleur outil pour r\u00e9ussir \u00e0 l\u2019\u00e9chelle mondiale.<\/em><\/p>\n\n\n\n<p class=\"wp-block-paragraph\"><em>Les investissements britanniques en Afrique francophone ne seront durables que s\u2019ils s\u2019appuient sur des cha\u00eenes r\u00e9gionales interconnect\u00e9es et sur des plateformes logistiques et industrielles qui relient plusieurs march\u00e9s francophones et anglophones.<\/em><\/p>\n\n\n\n<p class=\"wp-block-paragraph\"><em>Nous avons besoin de corridors r\u00e9gionaux pour nos biens, de r\u00e9seaux transfrontaliers pour notre \u00e9nergie, et d\u2019\u00e9cosyst\u00e8mes num\u00e9riques pour nos services.<\/em><\/p>\n\n\n\n<p class=\"wp-block-paragraph\"><em>Ces interconnexions sont les vraies infrastructures du futur. C\u2019est tout le sens de notre engagement pour la Zone de libre-\u00e9change continentale africaine. Avec 1 milliard 400 millions de consommateurs, elle cr\u00e9e le plus grand march\u00e9 \u00e9mergent du monde.<\/em><\/p>\n\n\n\n<p class=\"wp-block-paragraph\"><em>Investir au Togo aujourd\u2019hui, par exemple, c\u2019est entrer dans le corridor de croissance qui relie Lom\u00e9, Lagos, Accra et Abidjan et acc\u00e9der \u00e0 la fois aux march\u00e9s francophones et anglophones.<\/em><\/p>\n\n\n\n<p class=\"wp-block-paragraph\"><em>Mais pour que cette int\u00e9gration devienne r\u00e9alit\u00e9, il nous faut aussi travailler sur les cadres. Il s\u2019agit d\u2019harmoniser les r\u00e9gulations, de faciliter le commerce, de simplifier les proc\u00e9dures et de cr\u00e9er des conditions pr\u00e9visibles pour les investisseurs.<\/em><\/p>\n\n\n\n<p class=\"wp-block-paragraph\"><em>La fluidit\u00e9 administrative et la transparence r\u00e9glementaire sont aujourd\u2019hui les infrastructures invisibles du commerce moderne dont nos \u00e9conomies ont besoin.<\/em><\/p>\n\n\n<div class=\"wp-block-image\">\n<figure class=\"aligncenter size-large\"><img loading=\"lazy\" decoding=\"async\" width=\"723\" height=\"1024\" src=\"https:\/\/macite.tg\/wp-content\/uploads\/2025\/11\/53909ce0-1fbb-438d-b7e6-91edf0f84f8a-723x1024.jpg\" alt=\"\" class=\"wp-image-25927\" srcset=\"https:\/\/macite.tg\/wp-content\/uploads\/2025\/11\/53909ce0-1fbb-438d-b7e6-91edf0f84f8a-723x1024.jpg 723w, https:\/\/macite.tg\/wp-content\/uploads\/2025\/11\/53909ce0-1fbb-438d-b7e6-91edf0f84f8a-212x300.jpg 212w, https:\/\/macite.tg\/wp-content\/uploads\/2025\/11\/53909ce0-1fbb-438d-b7e6-91edf0f84f8a.jpg 763w\" sizes=\"auto, (max-width: 723px) 100vw, 723px\" \/><\/figure>\n<\/div>\n\n\n<p class=\"wp-block-paragraph\"><em>En accueillant ce forum, Lom\u00e9 veut incarner cette Afrique ouverte, connect\u00e9e et confiante. Une Afrique qui ne se contente plus de commercer avec le Royaume-Uni, mais qui choisit de cro\u00eetre avec lui.<\/em><\/p>\n\n\n\n<p class=\"wp-block-paragraph\"><em>Nous appelons nos partenaires britanniques \u00e0 regarder avec nous vers l\u2019avenir : \u00e0 investir non seulement dans les infrastructures traditionnelles, mais aussi dans les fronti\u00e8res de la croissance africaine, dans l\u2019\u00e9conomie verte, la transformation locale des mati\u00e8res premi\u00e8res critiques, la finance digitale et les industries cr\u00e9atives.<\/em><\/p>\n\n\n\n<p class=\"wp-block-paragraph\"><em>Ensemble, nous pouvons cr\u00e9er des cha\u00eenes de valeur qui relient Londres \u00e0 Lom\u00e9, Yaound\u00e9 \u00e0 Birmingham, Dakar \u00e0 Manchester. Ensemble, nous allons transformer nos ressources en richesses, nos projets en prosp\u00e9rit\u00e9, et notre coop\u00e9ration en avenir partag\u00e9.<\/em><\/p>\n\n\n\n<p class=\"wp-block-paragraph\"><em>Je vous remercie.<\/em><em> \u00bb<\/em><\/p>\n\n\n\n<p class=\"wp-block-paragraph\"><a><strong><em>@macite.tg&nbsp;&nbsp;&nbsp;&nbsp;&nbsp;&nbsp;&nbsp;&nbsp;<\/em><\/strong><\/a><\/p>\n\n\n\n<p class=\"wp-block-paragraph\"><strong><em>E-mail&nbsp;: <\/em><\/strong><a href=\"mailto:maciteinfo@gmail.com\"><strong><em>maciteinfo@gmail.com<\/em><\/strong><\/a><strong><em>; <\/em><\/strong><a href=\"mailto:bawela1@gmail.com\"><strong><em>bawela1@gmail.com<\/em><\/strong><\/a><strong><em> <\/em><\/strong><strong><em><\/em><\/strong><\/p>\n\n\n\n<p class=\"wp-block-paragraph\"><strong><em>Pour vos annonces, (publi)reportages, etc., joignez-nous au (00228)91515309\/<strong>79872224 <\/strong><strong><\/strong><\/em><\/strong><\/p>\n\n\n\n<p class=\"wp-block-paragraph\"><strong><em>www.macite.tg, L\u2019information, la bonne&nbsp;!<\/em><\/strong><\/p>\n\n\n\n<p class=\"wp-block-paragraph\"><\/p>\n","protected":false},"excerpt":{"rendered":"<p class=\"text-justify mb-2\" >C\u2019est ce 12 novembre que s\u2019est ouvert \u00e0 Lom\u00e9, la quatri\u00e8me \u00e9dition du&nbsp;Forum \u00e9conomique Royaume-Uni \u2013 Afrique de l\u2019Ouest et du Centre (UK-WCAF IV). Les travaux ouverts par le Pr\u00e9sident du Conseil, Faure Essozimna Gnassingb\u00e9, sont une nouvelle occasion pour les pays francophones de l\u2019Afrique [&hellip;]<\/p>\n","protected":false},"author":2,"featured_media":26121,"comment_status":"open","ping_status":"open","sticky":false,"template":"","format":"standard","meta":{"footnotes":""},"categories":[20,15],"tags":[],"class_list":["post-26120","post","type-post","status-publish","format-standard","has-post-thumbnail","hentry","category-actualite","category-developpement"],"yoast_head":"<!-- This site is optimized with the Yoast SEO plugin v28.4 - https:\/\/yoast.com\/product\/yoast-seo-wordpress\/ -->\n<title>UK-WCAF IV\u00a0: \u00ab\u00a0Ce forum doit \u00eatre une tribune pour cette Afrique qui entreprend, qui innove et qui transforme\u00a0\u00bb (Faure Gnassingb\u00e9) -<\/title>\n<meta name=\"robots\" content=\"index, follow, max-snippet:-1, max-image-preview:large, max-video-preview:-1\" \/>\n<link rel=\"canonical\" href=\"https:\/\/macite.tg\/?p=26120\" \/>\n<meta property=\"og:locale\" content=\"fr_FR\" \/>\n<meta property=\"og:type\" content=\"article\" \/>\n<meta property=\"og:title\" content=\"UK-WCAF IV\u00a0: \u00ab\u00a0Ce forum doit \u00eatre une tribune pour cette Afrique qui entreprend, qui innove et qui transforme\u00a0\u00bb (Faure Gnassingb\u00e9) -\" \/>\n<meta property=\"og:description\" content=\"C\u2019est ce 12 novembre que s\u2019est ouvert \u00e0 Lom\u00e9, la quatri\u00e8me \u00e9dition du&nbsp;Forum \u00e9conomique Royaume-Uni \u2013 Afrique de l\u2019Ouest et du Centre (UK-WCAF IV). Les travaux ouverts par le Pr\u00e9sident du Conseil, Faure Essozimna Gnassingb\u00e9, sont une nouvelle occasion pour les pays francophones de l\u2019Afrique [&hellip;]\" \/>\n<meta property=\"og:url\" content=\"https:\/\/macite.tg\/?p=26120\" \/>\n<meta property=\"article:published_time\" content=\"2025-11-12T17:58:30+00:00\" \/>\n<meta property=\"article:modified_time\" content=\"2025-11-12T18:00:00+00:00\" \/>\n<meta property=\"og:image\" content=\"https:\/\/macite.tg\/wp-content\/uploads\/2025\/11\/FEG.jpg\" \/>\n\t<meta property=\"og:image:width\" content=\"500\" \/>\n\t<meta property=\"og:image:height\" content=\"333\" \/>\n\t<meta property=\"og:image:type\" content=\"image\/jpeg\" \/>\n<meta name=\"author\" content=\"Jean Pierre BAWELA\" \/>\n<meta name=\"twitter:card\" content=\"summary_large_image\" \/>\n<meta name=\"twitter:label1\" content=\"\u00c9crit par\" \/>\n\t<meta name=\"twitter:data1\" content=\"Jean Pierre BAWELA\" \/>\n\t<meta name=\"twitter:label2\" content=\"Dur\u00e9e de lecture estim\u00e9e\" \/>\n\t<meta name=\"twitter:data2\" content=\"9 minutes\" \/>\n<script type=\"application\/ld+json\" class=\"yoast-schema-graph\">{\"@context\":\"https:\\\/\\\/schema.org\",\"@graph\":[{\"@type\":\"Article\",\"@id\":\"https:\\\/\\\/macite.tg\\\/?p=26120#article\",\"isPartOf\":{\"@id\":\"https:\\\/\\\/macite.tg\\\/?p=26120\"},\"author\":{\"name\":\"Jean Pierre BAWELA\",\"@id\":\"https:\\\/\\\/macite.tg\\\/#\\\/schema\\\/person\\\/e9f2de7e5dbbe7770a9402c7ce82f5c2\"},\"headline\":\"UK-WCAF IV\u00a0: \u00ab\u00a0Ce forum doit \u00eatre une tribune pour cette Afrique qui entreprend, qui innove et qui transforme\u00a0\u00bb (Faure Gnassingb\u00e9)\",\"datePublished\":\"2025-11-12T17:58:30+00:00\",\"dateModified\":\"2025-11-12T18:00:00+00:00\",\"mainEntityOfPage\":{\"@id\":\"https:\\\/\\\/macite.tg\\\/?p=26120\"},\"wordCount\":1612,\"commentCount\":0,\"image\":{\"@id\":\"https:\\\/\\\/macite.tg\\\/?p=26120#primaryimage\"},\"thumbnailUrl\":\"https:\\\/\\\/macite.tg\\\/wp-content\\\/uploads\\\/2025\\\/11\\\/FEG.jpg\",\"articleSection\":[\"ACTUALITE\",\"DEVELOPPEMENT\"],\"inLanguage\":\"fr-FR\",\"potentialAction\":[{\"@type\":\"CommentAction\",\"name\":\"Comment\",\"target\":[\"https:\\\/\\\/macite.tg\\\/?p=26120#respond\"]}]},{\"@type\":\"WebPage\",\"@id\":\"https:\\\/\\\/macite.tg\\\/?p=26120\",\"url\":\"https:\\\/\\\/macite.tg\\\/?p=26120\",\"name\":\"UK-WCAF IV\u00a0: \u00ab\u00a0Ce forum doit \u00eatre une tribune pour cette Afrique qui entreprend, qui innove et qui transforme\u00a0\u00bb (Faure Gnassingb\u00e9) -\",\"isPartOf\":{\"@id\":\"https:\\\/\\\/macite.tg\\\/#website\"},\"primaryImageOfPage\":{\"@id\":\"https:\\\/\\\/macite.tg\\\/?p=26120#primaryimage\"},\"image\":{\"@id\":\"https:\\\/\\\/macite.tg\\\/?p=26120#primaryimage\"},\"thumbnailUrl\":\"https:\\\/\\\/macite.tg\\\/wp-content\\\/uploads\\\/2025\\\/11\\\/FEG.jpg\",\"datePublished\":\"2025-11-12T17:58:30+00:00\",\"dateModified\":\"2025-11-12T18:00:00+00:00\",\"author\":{\"@id\":\"https:\\\/\\\/macite.tg\\\/#\\\/schema\\\/person\\\/e9f2de7e5dbbe7770a9402c7ce82f5c2\"},\"breadcrumb\":{\"@id\":\"https:\\\/\\\/macite.tg\\\/?p=26120#breadcrumb\"},\"inLanguage\":\"fr-FR\",\"potentialAction\":[{\"@type\":\"ReadAction\",\"target\":[\"https:\\\/\\\/macite.tg\\\/?p=26120\"]}]},{\"@type\":\"ImageObject\",\"inLanguage\":\"fr-FR\",\"@id\":\"https:\\\/\\\/macite.tg\\\/?p=26120#primaryimage\",\"url\":\"https:\\\/\\\/macite.tg\\\/wp-content\\\/uploads\\\/2025\\\/11\\\/FEG.jpg\",\"contentUrl\":\"https:\\\/\\\/macite.tg\\\/wp-content\\\/uploads\\\/2025\\\/11\\\/FEG.jpg\",\"width\":500,\"height\":333},{\"@type\":\"BreadcrumbList\",\"@id\":\"https:\\\/\\\/macite.tg\\\/?p=26120#breadcrumb\",\"itemListElement\":[{\"@type\":\"ListItem\",\"position\":1,\"name\":\"Accueil\",\"item\":\"https:\\\/\\\/macite.tg\\\/\"},{\"@type\":\"ListItem\",\"position\":2,\"name\":\"UK-WCAF IV\u00a0: \u00ab\u00a0Ce forum doit \u00eatre une tribune pour cette Afrique qui entreprend, qui innove et qui transforme\u00a0\u00bb (Faure Gnassingb\u00e9)\"}]},{\"@type\":\"WebSite\",\"@id\":\"https:\\\/\\\/macite.tg\\\/#website\",\"url\":\"https:\\\/\\\/macite.tg\\\/\",\"name\":\"\",\"description\":\"L&#039;information, la bonne!!!\",\"potentialAction\":[{\"@type\":\"SearchAction\",\"target\":{\"@type\":\"EntryPoint\",\"urlTemplate\":\"https:\\\/\\\/macite.tg\\\/?s={search_term_string}\"},\"query-input\":{\"@type\":\"PropertyValueSpecification\",\"valueRequired\":true,\"valueName\":\"search_term_string\"}}],\"inLanguage\":\"fr-FR\"},{\"@type\":\"Person\",\"@id\":\"https:\\\/\\\/macite.tg\\\/#\\\/schema\\\/person\\\/e9f2de7e5dbbe7770a9402c7ce82f5c2\",\"name\":\"Jean Pierre BAWELA\",\"image\":{\"@type\":\"ImageObject\",\"inLanguage\":\"fr-FR\",\"@id\":\"https:\\\/\\\/macite.tg\\\/wp-content\\\/uploads\\\/2023\\\/09\\\/WhatsApp-Image-2023-09-19-at-14.44.41-122x122.jpeg\",\"url\":\"https:\\\/\\\/macite.tg\\\/wp-content\\\/uploads\\\/2023\\\/09\\\/WhatsApp-Image-2023-09-19-at-14.44.41-122x122.jpeg\",\"contentUrl\":\"https:\\\/\\\/macite.tg\\\/wp-content\\\/uploads\\\/2023\\\/09\\\/WhatsApp-Image-2023-09-19-at-14.44.41-122x122.jpeg\",\"caption\":\"Jean Pierre BAWELA\"},\"url\":\"https:\\\/\\\/macite.tg\\\/?author=2\"}]}<\/script>\n<!-- \/ Yoast SEO plugin. -->","yoast_head_json":{"title":"UK-WCAF IV\u00a0: \u00ab\u00a0Ce forum doit \u00eatre une tribune pour cette Afrique qui entreprend, qui innove et qui transforme\u00a0\u00bb (Faure Gnassingb\u00e9) -","robots":{"index":"index","follow":"follow","max-snippet":"max-snippet:-1","max-image-preview":"max-image-preview:large","max-video-preview":"max-video-preview:-1"},"canonical":"https:\/\/macite.tg\/?p=26120","og_locale":"fr_FR","og_type":"article","og_title":"UK-WCAF IV\u00a0: \u00ab\u00a0Ce forum doit \u00eatre une tribune pour cette Afrique qui entreprend, qui innove et qui transforme\u00a0\u00bb (Faure Gnassingb\u00e9) -","og_description":"C\u2019est ce 12 novembre que s\u2019est ouvert \u00e0 Lom\u00e9, la quatri\u00e8me \u00e9dition du&nbsp;Forum \u00e9conomique Royaume-Uni \u2013 Afrique de l\u2019Ouest et du Centre (UK-WCAF IV). Les travaux ouverts par le Pr\u00e9sident du Conseil, Faure Essozimna Gnassingb\u00e9, sont une nouvelle occasion pour les pays francophones de l\u2019Afrique [&hellip;]","og_url":"https:\/\/macite.tg\/?p=26120","article_published_time":"2025-11-12T17:58:30+00:00","article_modified_time":"2025-11-12T18:00:00+00:00","og_image":[{"width":500,"height":333,"url":"https:\/\/macite.tg\/wp-content\/uploads\/2025\/11\/FEG.jpg","type":"image\/jpeg"}],"author":"Jean Pierre BAWELA","twitter_card":"summary_large_image","twitter_misc":{"\u00c9crit par":"Jean Pierre BAWELA","Dur\u00e9e de lecture estim\u00e9e":"9 minutes"},"schema":{"@context":"https:\/\/schema.org","@graph":[{"@type":"Article","@id":"https:\/\/macite.tg\/?p=26120#article","isPartOf":{"@id":"https:\/\/macite.tg\/?p=26120"},"author":{"name":"Jean Pierre BAWELA","@id":"https:\/\/macite.tg\/#\/schema\/person\/e9f2de7e5dbbe7770a9402c7ce82f5c2"},"headline":"UK-WCAF IV\u00a0: \u00ab\u00a0Ce forum doit \u00eatre une tribune pour cette Afrique qui entreprend, qui innove et qui transforme\u00a0\u00bb (Faure Gnassingb\u00e9)","datePublished":"2025-11-12T17:58:30+00:00","dateModified":"2025-11-12T18:00:00+00:00","mainEntityOfPage":{"@id":"https:\/\/macite.tg\/?p=26120"},"wordCount":1612,"commentCount":0,"image":{"@id":"https:\/\/macite.tg\/?p=26120#primaryimage"},"thumbnailUrl":"https:\/\/macite.tg\/wp-content\/uploads\/2025\/11\/FEG.jpg","articleSection":["ACTUALITE","DEVELOPPEMENT"],"inLanguage":"fr-FR","potentialAction":[{"@type":"CommentAction","name":"Comment","target":["https:\/\/macite.tg\/?p=26120#respond"]}]},{"@type":"WebPage","@id":"https:\/\/macite.tg\/?p=26120","url":"https:\/\/macite.tg\/?p=26120","name":"UK-WCAF IV\u00a0: \u00ab\u00a0Ce forum doit \u00eatre une tribune pour cette Afrique qui entreprend, qui innove et qui transforme\u00a0\u00bb (Faure Gnassingb\u00e9) -","isPartOf":{"@id":"https:\/\/macite.tg\/#website"},"primaryImageOfPage":{"@id":"https:\/\/macite.tg\/?p=26120#primaryimage"},"image":{"@id":"https:\/\/macite.tg\/?p=26120#primaryimage"},"thumbnailUrl":"https:\/\/macite.tg\/wp-content\/uploads\/2025\/11\/FEG.jpg","datePublished":"2025-11-12T17:58:30+00:00","dateModified":"2025-11-12T18:00:00+00:00","author":{"@id":"https:\/\/macite.tg\/#\/schema\/person\/e9f2de7e5dbbe7770a9402c7ce82f5c2"},"breadcrumb":{"@id":"https:\/\/macite.tg\/?p=26120#breadcrumb"},"inLanguage":"fr-FR","potentialAction":[{"@type":"ReadAction","target":["https:\/\/macite.tg\/?p=26120"]}]},{"@type":"ImageObject","inLanguage":"fr-FR","@id":"https:\/\/macite.tg\/?p=26120#primaryimage","url":"https:\/\/macite.tg\/wp-content\/uploads\/2025\/11\/FEG.jpg","contentUrl":"https:\/\/macite.tg\/wp-content\/uploads\/2025\/11\/FEG.jpg","width":500,"height":333},{"@type":"BreadcrumbList","@id":"https:\/\/macite.tg\/?p=26120#breadcrumb","itemListElement":[{"@type":"ListItem","position":1,"name":"Accueil","item":"https:\/\/macite.tg\/"},{"@type":"ListItem","position":2,"name":"UK-WCAF IV\u00a0: \u00ab\u00a0Ce forum doit \u00eatre une tribune pour cette Afrique qui entreprend, qui innove et qui transforme\u00a0\u00bb (Faure Gnassingb\u00e9)"}]},{"@type":"WebSite","@id":"https:\/\/macite.tg\/#website","url":"https:\/\/macite.tg\/","name":"","description":"L&#039;information, la bonne!!!","potentialAction":[{"@type":"SearchAction","target":{"@type":"EntryPoint","urlTemplate":"https:\/\/macite.tg\/?s={search_term_string}"},"query-input":{"@type":"PropertyValueSpecification","valueRequired":true,"valueName":"search_term_string"}}],"inLanguage":"fr-FR"},{"@type":"Person","@id":"https:\/\/macite.tg\/#\/schema\/person\/e9f2de7e5dbbe7770a9402c7ce82f5c2","name":"Jean Pierre BAWELA","image":{"@type":"ImageObject","inLanguage":"fr-FR","@id":"https:\/\/macite.tg\/wp-content\/uploads\/2023\/09\/WhatsApp-Image-2023-09-19-at-14.44.41-122x122.jpeg","url":"https:\/\/macite.tg\/wp-content\/uploads\/2023\/09\/WhatsApp-Image-2023-09-19-at-14.44.41-122x122.jpeg","contentUrl":"https:\/\/macite.tg\/wp-content\/uploads\/2023\/09\/WhatsApp-Image-2023-09-19-at-14.44.41-122x122.jpeg","caption":"Jean Pierre BAWELA"},"url":"https:\/\/macite.tg\/?author=2"}]}},"_links":{"self":[{"href":"https:\/\/macite.tg\/index.php?rest_route=\/wp\/v2\/posts\/26120","targetHints":{"allow":["GET"]}}],"collection":[{"href":"https:\/\/macite.tg\/index.php?rest_route=\/wp\/v2\/posts"}],"about":[{"href":"https:\/\/macite.tg\/index.php?rest_route=\/wp\/v2\/types\/post"}],"author":[{"embeddable":true,"href":"https:\/\/macite.tg\/index.php?rest_route=\/wp\/v2\/users\/2"}],"replies":[{"embeddable":true,"href":"https:\/\/macite.tg\/index.php?rest_route=%2Fwp%2Fv2%2Fcomments&post=26120"}],"version-history":[{"count":0,"href":"https:\/\/macite.tg\/index.php?rest_route=\/wp\/v2\/posts\/26120\/revisions"}],"wp:featuredmedia":[{"embeddable":true,"href":"https:\/\/macite.tg\/index.php?rest_route=\/wp\/v2\/media\/26121"}],"wp:attachment":[{"href":"https:\/\/macite.tg\/index.php?rest_route=%2Fwp%2Fv2%2Fmedia&parent=26120"}],"wp:term":[{"taxonomy":"category","embeddable":true,"href":"https:\/\/macite.tg\/index.php?rest_route=%2Fwp%2Fv2%2Fcategories&post=26120"},{"taxonomy":"post_tag","embeddable":true,"href":"https:\/\/macite.tg\/index.php?rest_route=%2Fwp%2Fv2%2Ftags&post=26120"}],"curies":[{"name":"wp","href":"https:\/\/api.w.org\/{rel}","templated":true}]}}