{"id":26110,"date":"2025-11-12T17:24:06","date_gmt":"2025-11-12T17:24:06","guid":{"rendered":"https:\/\/macite.tg\/?p=26110"},"modified":"2025-11-12T17:32:56","modified_gmt":"2025-11-12T17:32:56","slug":"football-mondial-2026-la-derniere-pour-cristiano-ronaldo","status":"publish","type":"post","link":"https:\/\/macite.tg\/?p=26110","title":{"rendered":"FOOTBALL\/ MONDIAL 2026\u00a0: La derni\u00e8re pour Cristiano Ronaldo\u2026"},"content":{"rendered":"\n<p class=\"wp-block-paragraph\"><strong><em>Cristiano Ronaldo a confirm\u00e9 que la Coupe du Monde de 2026 mettra fin \u00e0 sa carri\u00e8re internationale. Il aura 41 ans, l\u2019\u00e2ge pour prendre un peu de recul.<\/em><\/strong> <em><strong>C&rsquo;est une longue page de la rivalit\u00e9 avec le prodigue argentin, Leonel Messi, encore lui en activit\u00e9.<\/strong><\/em><\/p>\n\n\n\n<p class=\"wp-block-paragraph\">L&rsquo;attaquant de charme portugais s\u2019est exprim\u00e9, mardi en visioconf\u00e9rence lors d\u2019un sommet mondial sur le tourisme et l\u2019investissement organis\u00e9 en Arabie Saoudite.<\/p>\n\n\n\n<p class=\"wp-block-paragraph\">Le quintuple Ballon d&rsquo;Or pr\u00e9voit de se retirer du football dans les deux prochaines ann\u00e9es, mettant ainsi un terme \u00e0 l&rsquo;une des plus grandes carri\u00e8res de ce sport.<\/p>\n\n\n<div class=\"wp-block-image\">\n<figure class=\"aligncenter size-large\"><img loading=\"lazy\" decoding=\"async\" width=\"1024\" height=\"426\" src=\"https:\/\/macite.tg\/wp-content\/uploads\/2025\/10\/OTR_Depreciation-1024x426.jpg\" alt=\"\" class=\"wp-image-25740\" srcset=\"https:\/\/macite.tg\/wp-content\/uploads\/2025\/10\/OTR_Depreciation-1024x426.jpg 1024w, https:\/\/macite.tg\/wp-content\/uploads\/2025\/10\/OTR_Depreciation-300x125.jpg 300w, https:\/\/macite.tg\/wp-content\/uploads\/2025\/10\/OTR_Depreciation-768x320.jpg 768w, https:\/\/macite.tg\/wp-content\/uploads\/2025\/10\/OTR_Depreciation.jpg 1132w\" sizes=\"auto, (max-width: 1024px) 100vw, 1024px\" \/><\/figure>\n<\/div>\n\n\n<p class=\"wp-block-paragraph\">Ronaldo, qui participera \u00e0 sa sixi\u00e8me Coupe du monde \u00e0 l&rsquo;\u00e2ge de 41 ans, a d\u00e9j\u00e0 consolid\u00e9 sa place de meilleur buteur international de tous les temps avec 143 r\u00e9alisations avec le Portugal.<\/p>\n\n\n\n<p class=\"wp-block-paragraph\">Le jour d&rsquo;Al Nassr a admis une transition charg\u00e9e d&rsquo;\u00e9motion, et bien s\u00fbr, difficile selon ses propres expressions.<\/p>\n\n\n\n<p class=\"wp-block-paragraph\">Ronaldo, qui a rejoint le club saoudien en 2023, continue de d\u00e9fier les attentes avec des performances record. Il n&rsquo;est plus qu&rsquo;\u00e0 47 unit\u00e9s pour atteindre 1000 buts en carri\u00e8re.<\/p>\n\n\n\n<p class=\"wp-block-paragraph\">Le mois dernier, le joueur est devenu le meilleur buteur de l&rsquo;histoire des \u00e9liminatoires de la Coupe du monde avec 41 buts.<\/p>\n\n\n<div class=\"wp-block-image\">\n<figure class=\"aligncenter size-large\"><img loading=\"lazy\" decoding=\"async\" width=\"723\" height=\"1024\" src=\"https:\/\/macite.tg\/wp-content\/uploads\/2025\/11\/16fb1836-19c1-4f95-b372-bcc2bcbd3e46-723x1024.jpg\" alt=\"\" class=\"wp-image-26045\" srcset=\"https:\/\/macite.tg\/wp-content\/uploads\/2025\/11\/16fb1836-19c1-4f95-b372-bcc2bcbd3e46-723x1024.jpg 723w, https:\/\/macite.tg\/wp-content\/uploads\/2025\/11\/16fb1836-19c1-4f95-b372-bcc2bcbd3e46-212x300.jpg 212w, https:\/\/macite.tg\/wp-content\/uploads\/2025\/11\/16fb1836-19c1-4f95-b372-bcc2bcbd3e46.jpg 763w\" sizes=\"auto, (max-width: 723px) 100vw, 723px\" \/><\/figure>\n<\/div>\n\n\n<p class=\"wp-block-paragraph\">Alors que le Portugal doit encore se qualifier pour le tournoi de 2026 aux \u00c9tats-Unis, au Canada et au Mexique, Ronaldo garde l&rsquo;espoir de mener son pays une fois de plus, alors qu&rsquo;il fait ses adieux au football sur la sc\u00e8ne la plus grandiose.<\/p>\n\n\n\n<p class=\"wp-block-paragraph\"><strong>MSN<\/strong><\/p>\n\n\n\n<p class=\"wp-block-paragraph\"><a><strong><em>@macite.tg&nbsp;&nbsp;&nbsp;&nbsp;&nbsp;&nbsp;&nbsp;&nbsp;<\/em><\/strong><\/a><\/p>\n\n\n\n<p class=\"wp-block-paragraph\"><strong><em>E-mail&nbsp;: <\/em><\/strong><a href=\"mailto:maciteinfo@gmail.com\"><strong><em>maciteinfo@gmail.com<\/em><\/strong><\/a><strong><em>; <\/em><\/strong><a href=\"mailto:bawela1@gmail.com\"><strong><em>bawela1@gmail.com<\/em><\/strong><\/a><strong><em><\/em><\/strong><\/p>\n\n\n\n<p class=\"wp-block-paragraph\"><strong><em>Pour vos annonces, (publi)reportages, etc., joignez-nous au (00228)91515309\/<strong>79872224 <\/strong><strong><\/strong><\/em><\/strong><\/p>\n\n\n\n<p class=\"wp-block-paragraph\"><strong><em>www.macite.tg, L\u2019information, la bonne&nbsp;!<\/em><\/strong><\/p>\n\n\n\n<p class=\"wp-block-paragraph\"><\/p>\n","protected":false},"excerpt":{"rendered":"<p class=\"text-justify mb-2\" >Cristiano Ronaldo a confirm\u00e9 que la Coupe du Monde de 2026 mettra fin \u00e0 sa carri\u00e8re internationale. Il aura 41 ans, l\u2019\u00e2ge pour prendre un peu de recul. C&rsquo;est une longue page de la rivalit\u00e9 avec le prodigue argentin, Leonel Messi, encore lui en activit\u00e9. [&hellip;]<\/p>\n","protected":false},"author":2,"featured_media":26111,"comment_status":"open","ping_status":"open","sticky":false,"template":"","format":"standard","meta":{"footnotes":""},"categories":[20,63,7],"tags":[],"class_list":["post-26110","post","type-post","status-publish","format-standard","has-post-thumbnail","hentry","category-actualite","category-football","category-sports"],"yoast_head":"<!-- This site is optimized with the Yoast SEO plugin v28.4 - https:\/\/yoast.com\/product\/yoast-seo-wordpress\/ -->\n<title>FOOTBALL\/ MONDIAL 2026\u00a0: La derni\u00e8re pour Cristiano Ronaldo\u2026 -<\/title>\n<meta name=\"robots\" content=\"index, follow, max-snippet:-1, max-image-preview:large, max-video-preview:-1\" \/>\n<link rel=\"canonical\" href=\"https:\/\/macite.tg\/?p=26110\" \/>\n<meta property=\"og:locale\" content=\"fr_FR\" \/>\n<meta property=\"og:type\" content=\"article\" \/>\n<meta property=\"og:title\" content=\"FOOTBALL\/ MONDIAL 2026\u00a0: La derni\u00e8re pour Cristiano Ronaldo\u2026 -\" \/>\n<meta property=\"og:description\" content=\"Cristiano Ronaldo a confirm\u00e9 que la Coupe du Monde de 2026 mettra fin \u00e0 sa carri\u00e8re internationale. Il aura 41 ans, l\u2019\u00e2ge pour prendre un peu de recul. C&rsquo;est une longue page de la rivalit\u00e9 avec le prodigue argentin, Leonel Messi, encore lui en activit\u00e9. [&hellip;]\" \/>\n<meta property=\"og:url\" content=\"https:\/\/macite.tg\/?p=26110\" \/>\n<meta property=\"article:published_time\" content=\"2025-11-12T17:24:06+00:00\" \/>\n<meta property=\"article:modified_time\" content=\"2025-11-12T17:32:56+00:00\" \/>\n<meta property=\"og:image\" content=\"https:\/\/macite.tg\/wp-content\/uploads\/2025\/11\/image-32.png\" \/>\n\t<meta property=\"og:image:width\" content=\"534\" \/>\n\t<meta property=\"og:image:height\" content=\"300\" \/>\n\t<meta property=\"og:image:type\" content=\"image\/png\" \/>\n<meta name=\"author\" content=\"Jean Pierre BAWELA\" \/>\n<meta name=\"twitter:card\" content=\"summary_large_image\" \/>\n<meta name=\"twitter:label1\" content=\"\u00c9crit par\" \/>\n\t<meta name=\"twitter:data1\" content=\"Jean Pierre BAWELA\" \/>\n\t<meta name=\"twitter:label2\" content=\"Dur\u00e9e de lecture estim\u00e9e\" \/>\n\t<meta name=\"twitter:data2\" content=\"2 minutes\" \/>\n<script type=\"application\/ld+json\" class=\"yoast-schema-graph\">{\"@context\":\"https:\\\/\\\/schema.org\",\"@graph\":[{\"@type\":\"Article\",\"@id\":\"https:\\\/\\\/macite.tg\\\/?p=26110#article\",\"isPartOf\":{\"@id\":\"https:\\\/\\\/macite.tg\\\/?p=26110\"},\"author\":{\"name\":\"Jean Pierre BAWELA\",\"@id\":\"https:\\\/\\\/macite.tg\\\/#\\\/schema\\\/person\\\/e9f2de7e5dbbe7770a9402c7ce82f5c2\"},\"headline\":\"FOOTBALL\\\/ MONDIAL 2026\u00a0: La derni\u00e8re pour Cristiano Ronaldo\u2026\",\"datePublished\":\"2025-11-12T17:24:06+00:00\",\"dateModified\":\"2025-11-12T17:32:56+00:00\",\"mainEntityOfPage\":{\"@id\":\"https:\\\/\\\/macite.tg\\\/?p=26110\"},\"wordCount\":301,\"commentCount\":0,\"image\":{\"@id\":\"https:\\\/\\\/macite.tg\\\/?p=26110#primaryimage\"},\"thumbnailUrl\":\"https:\\\/\\\/macite.tg\\\/wp-content\\\/uploads\\\/2025\\\/11\\\/image-32.png\",\"articleSection\":[\"ACTUALITE\",\"FOOTBALL\",\"SPORTS\"],\"inLanguage\":\"fr-FR\",\"potentialAction\":[{\"@type\":\"CommentAction\",\"name\":\"Comment\",\"target\":[\"https:\\\/\\\/macite.tg\\\/?p=26110#respond\"]}]},{\"@type\":\"WebPage\",\"@id\":\"https:\\\/\\\/macite.tg\\\/?p=26110\",\"url\":\"https:\\\/\\\/macite.tg\\\/?p=26110\",\"name\":\"FOOTBALL\\\/ MONDIAL 2026\u00a0: La derni\u00e8re pour Cristiano Ronaldo\u2026 -\",\"isPartOf\":{\"@id\":\"https:\\\/\\\/macite.tg\\\/#website\"},\"primaryImageOfPage\":{\"@id\":\"https:\\\/\\\/macite.tg\\\/?p=26110#primaryimage\"},\"image\":{\"@id\":\"https:\\\/\\\/macite.tg\\\/?p=26110#primaryimage\"},\"thumbnailUrl\":\"https:\\\/\\\/macite.tg\\\/wp-content\\\/uploads\\\/2025\\\/11\\\/image-32.png\",\"datePublished\":\"2025-11-12T17:24:06+00:00\",\"dateModified\":\"2025-11-12T17:32:56+00:00\",\"author\":{\"@id\":\"https:\\\/\\\/macite.tg\\\/#\\\/schema\\\/person\\\/e9f2de7e5dbbe7770a9402c7ce82f5c2\"},\"breadcrumb\":{\"@id\":\"https:\\\/\\\/macite.tg\\\/?p=26110#breadcrumb\"},\"inLanguage\":\"fr-FR\",\"potentialAction\":[{\"@type\":\"ReadAction\",\"target\":[\"https:\\\/\\\/macite.tg\\\/?p=26110\"]}]},{\"@type\":\"ImageObject\",\"inLanguage\":\"fr-FR\",\"@id\":\"https:\\\/\\\/macite.tg\\\/?p=26110#primaryimage\",\"url\":\"https:\\\/\\\/macite.tg\\\/wp-content\\\/uploads\\\/2025\\\/11\\\/image-32.png\",\"contentUrl\":\"https:\\\/\\\/macite.tg\\\/wp-content\\\/uploads\\\/2025\\\/11\\\/image-32.png\",\"width\":534,\"height\":300,\"caption\":\"CR 7\"},{\"@type\":\"BreadcrumbList\",\"@id\":\"https:\\\/\\\/macite.tg\\\/?p=26110#breadcrumb\",\"itemListElement\":[{\"@type\":\"ListItem\",\"position\":1,\"name\":\"Accueil\",\"item\":\"https:\\\/\\\/macite.tg\\\/\"},{\"@type\":\"ListItem\",\"position\":2,\"name\":\"FOOTBALL\\\/ MONDIAL 2026\u00a0: La derni\u00e8re pour Cristiano Ronaldo\u2026\"}]},{\"@type\":\"WebSite\",\"@id\":\"https:\\\/\\\/macite.tg\\\/#website\",\"url\":\"https:\\\/\\\/macite.tg\\\/\",\"name\":\"\",\"description\":\"L&#039;information, la bonne!!!\",\"potentialAction\":[{\"@type\":\"SearchAction\",\"target\":{\"@type\":\"EntryPoint\",\"urlTemplate\":\"https:\\\/\\\/macite.tg\\\/?s={search_term_string}\"},\"query-input\":{\"@type\":\"PropertyValueSpecification\",\"valueRequired\":true,\"valueName\":\"search_term_string\"}}],\"inLanguage\":\"fr-FR\"},{\"@type\":\"Person\",\"@id\":\"https:\\\/\\\/macite.tg\\\/#\\\/schema\\\/person\\\/e9f2de7e5dbbe7770a9402c7ce82f5c2\",\"name\":\"Jean Pierre BAWELA\",\"image\":{\"@type\":\"ImageObject\",\"inLanguage\":\"fr-FR\",\"@id\":\"https:\\\/\\\/macite.tg\\\/wp-content\\\/uploads\\\/2023\\\/09\\\/WhatsApp-Image-2023-09-19-at-14.44.41-122x122.jpeg\",\"url\":\"https:\\\/\\\/macite.tg\\\/wp-content\\\/uploads\\\/2023\\\/09\\\/WhatsApp-Image-2023-09-19-at-14.44.41-122x122.jpeg\",\"contentUrl\":\"https:\\\/\\\/macite.tg\\\/wp-content\\\/uploads\\\/2023\\\/09\\\/WhatsApp-Image-2023-09-19-at-14.44.41-122x122.jpeg\",\"caption\":\"Jean Pierre BAWELA\"},\"url\":\"https:\\\/\\\/macite.tg\\\/?author=2\"}]}<\/script>\n<!-- \/ Yoast SEO plugin. -->","yoast_head_json":{"title":"FOOTBALL\/ MONDIAL 2026\u00a0: La derni\u00e8re pour Cristiano Ronaldo\u2026 -","robots":{"index":"index","follow":"follow","max-snippet":"max-snippet:-1","max-image-preview":"max-image-preview:large","max-video-preview":"max-video-preview:-1"},"canonical":"https:\/\/macite.tg\/?p=26110","og_locale":"fr_FR","og_type":"article","og_title":"FOOTBALL\/ MONDIAL 2026\u00a0: La derni\u00e8re pour Cristiano Ronaldo\u2026 -","og_description":"Cristiano Ronaldo a confirm\u00e9 que la Coupe du Monde de 2026 mettra fin \u00e0 sa carri\u00e8re internationale. Il aura 41 ans, l\u2019\u00e2ge pour prendre un peu de recul. C&rsquo;est une longue page de la rivalit\u00e9 avec le prodigue argentin, Leonel Messi, encore lui en activit\u00e9. [&hellip;]","og_url":"https:\/\/macite.tg\/?p=26110","article_published_time":"2025-11-12T17:24:06+00:00","article_modified_time":"2025-11-12T17:32:56+00:00","og_image":[{"width":534,"height":300,"url":"https:\/\/macite.tg\/wp-content\/uploads\/2025\/11\/image-32.png","type":"image\/png"}],"author":"Jean Pierre BAWELA","twitter_card":"summary_large_image","twitter_misc":{"\u00c9crit par":"Jean Pierre BAWELA","Dur\u00e9e de lecture estim\u00e9e":"2 minutes"},"schema":{"@context":"https:\/\/schema.org","@graph":[{"@type":"Article","@id":"https:\/\/macite.tg\/?p=26110#article","isPartOf":{"@id":"https:\/\/macite.tg\/?p=26110"},"author":{"name":"Jean Pierre BAWELA","@id":"https:\/\/macite.tg\/#\/schema\/person\/e9f2de7e5dbbe7770a9402c7ce82f5c2"},"headline":"FOOTBALL\/ MONDIAL 2026\u00a0: La derni\u00e8re pour Cristiano Ronaldo\u2026","datePublished":"2025-11-12T17:24:06+00:00","dateModified":"2025-11-12T17:32:56+00:00","mainEntityOfPage":{"@id":"https:\/\/macite.tg\/?p=26110"},"wordCount":301,"commentCount":0,"image":{"@id":"https:\/\/macite.tg\/?p=26110#primaryimage"},"thumbnailUrl":"https:\/\/macite.tg\/wp-content\/uploads\/2025\/11\/image-32.png","articleSection":["ACTUALITE","FOOTBALL","SPORTS"],"inLanguage":"fr-FR","potentialAction":[{"@type":"CommentAction","name":"Comment","target":["https:\/\/macite.tg\/?p=26110#respond"]}]},{"@type":"WebPage","@id":"https:\/\/macite.tg\/?p=26110","url":"https:\/\/macite.tg\/?p=26110","name":"FOOTBALL\/ MONDIAL 2026\u00a0: La derni\u00e8re pour Cristiano Ronaldo\u2026 -","isPartOf":{"@id":"https:\/\/macite.tg\/#website"},"primaryImageOfPage":{"@id":"https:\/\/macite.tg\/?p=26110#primaryimage"},"image":{"@id":"https:\/\/macite.tg\/?p=26110#primaryimage"},"thumbnailUrl":"https:\/\/macite.tg\/wp-content\/uploads\/2025\/11\/image-32.png","datePublished":"2025-11-12T17:24:06+00:00","dateModified":"2025-11-12T17:32:56+00:00","author":{"@id":"https:\/\/macite.tg\/#\/schema\/person\/e9f2de7e5dbbe7770a9402c7ce82f5c2"},"breadcrumb":{"@id":"https:\/\/macite.tg\/?p=26110#breadcrumb"},"inLanguage":"fr-FR","potentialAction":[{"@type":"ReadAction","target":["https:\/\/macite.tg\/?p=26110"]}]},{"@type":"ImageObject","inLanguage":"fr-FR","@id":"https:\/\/macite.tg\/?p=26110#primaryimage","url":"https:\/\/macite.tg\/wp-content\/uploads\/2025\/11\/image-32.png","contentUrl":"https:\/\/macite.tg\/wp-content\/uploads\/2025\/11\/image-32.png","width":534,"height":300,"caption":"CR 7"},{"@type":"BreadcrumbList","@id":"https:\/\/macite.tg\/?p=26110#breadcrumb","itemListElement":[{"@type":"ListItem","position":1,"name":"Accueil","item":"https:\/\/macite.tg\/"},{"@type":"ListItem","position":2,"name":"FOOTBALL\/ MONDIAL 2026\u00a0: La derni\u00e8re pour Cristiano Ronaldo\u2026"}]},{"@type":"WebSite","@id":"https:\/\/macite.tg\/#website","url":"https:\/\/macite.tg\/","name":"","description":"L&#039;information, la bonne!!!","potentialAction":[{"@type":"SearchAction","target":{"@type":"EntryPoint","urlTemplate":"https:\/\/macite.tg\/?s={search_term_string}"},"query-input":{"@type":"PropertyValueSpecification","valueRequired":true,"valueName":"search_term_string"}}],"inLanguage":"fr-FR"},{"@type":"Person","@id":"https:\/\/macite.tg\/#\/schema\/person\/e9f2de7e5dbbe7770a9402c7ce82f5c2","name":"Jean Pierre BAWELA","image":{"@type":"ImageObject","inLanguage":"fr-FR","@id":"https:\/\/macite.tg\/wp-content\/uploads\/2023\/09\/WhatsApp-Image-2023-09-19-at-14.44.41-122x122.jpeg","url":"https:\/\/macite.tg\/wp-content\/uploads\/2023\/09\/WhatsApp-Image-2023-09-19-at-14.44.41-122x122.jpeg","contentUrl":"https:\/\/macite.tg\/wp-content\/uploads\/2023\/09\/WhatsApp-Image-2023-09-19-at-14.44.41-122x122.jpeg","caption":"Jean Pierre BAWELA"},"url":"https:\/\/macite.tg\/?author=2"}]}},"_links":{"self":[{"href":"https:\/\/macite.tg\/index.php?rest_route=\/wp\/v2\/posts\/26110","targetHints":{"allow":["GET"]}}],"collection":[{"href":"https:\/\/macite.tg\/index.php?rest_route=\/wp\/v2\/posts"}],"about":[{"href":"https:\/\/macite.tg\/index.php?rest_route=\/wp\/v2\/types\/post"}],"author":[{"embeddable":true,"href":"https:\/\/macite.tg\/index.php?rest_route=\/wp\/v2\/users\/2"}],"replies":[{"embeddable":true,"href":"https:\/\/macite.tg\/index.php?rest_route=%2Fwp%2Fv2%2Fcomments&post=26110"}],"version-history":[{"count":0,"href":"https:\/\/macite.tg\/index.php?rest_route=\/wp\/v2\/posts\/26110\/revisions"}],"wp:featuredmedia":[{"embeddable":true,"href":"https:\/\/macite.tg\/index.php?rest_route=\/wp\/v2\/media\/26111"}],"wp:attachment":[{"href":"https:\/\/macite.tg\/index.php?rest_route=%2Fwp%2Fv2%2Fmedia&parent=26110"}],"wp:term":[{"taxonomy":"category","embeddable":true,"href":"https:\/\/macite.tg\/index.php?rest_route=%2Fwp%2Fv2%2Fcategories&post=26110"},{"taxonomy":"post_tag","embeddable":true,"href":"https:\/\/macite.tg\/index.php?rest_route=%2Fwp%2Fv2%2Ftags&post=26110"}],"curies":[{"name":"wp","href":"https:\/\/api.w.org\/{rel}","templated":true}]}}