{"id":26040,"date":"2025-11-10T10:03:19","date_gmt":"2025-11-10T10:03:19","guid":{"rendered":"https:\/\/macite.tg\/?p=26040"},"modified":"2025-11-10T10:03:34","modified_gmt":"2025-11-10T10:03:34","slug":"forum-sur-le-commerce-et-linvestissement-au-tchad-le-president-faure-gnassingbe-prend-part-aux-travaux-a-abu-dhabi","status":"publish","type":"post","link":"https:\/\/macite.tg\/?p=26040","title":{"rendered":"FORUM SUR LE COMMERCE ET L\u2019INVESTISSEMENT AU TCHAD\u00a0: Le Pr\u00e9sident Faure Gnassingb\u00e9 prend part aux travaux \u00e0 Abu Dhabi"},"content":{"rendered":"\n<p class=\"wp-block-paragraph\"><strong><em>C\u2019est ce lundi 10 novembre que s\u2019ouvre \u00e0 Abu Dhabi aux \u00c9mirats Arabes Unis, les travaux du Forum consacr\u00e9 au commerce et \u00e0 l\u2019investissement au Tchad. Plusieurs chefs d\u2019Etats et de gouvernement, dont le Pr\u00e9sident du Conseil togolais, Faure Essozimna Gnassingb\u00e9, prennent part \u00e0 cette rencontre \u00e9largie aux <\/em><\/strong><strong><em>responsables des instituions internationales, des Banques de d\u00e9veloppement, des chambres de commerce et des organisations patronales<\/em><\/strong><strong><em>.<\/em><\/strong><\/p>\n\n\n\n<p class=\"wp-block-paragraph\">Ce rendez-vous de haut niveau, est l\u2019illustration du soutien de la communaut\u00e9 internationale \u00e0 la dynamique de transformation structurelle engag\u00e9e dans plusieurs pays, dont le Tchad notamment, \u00e0 travers son Plan national de d\u00e9veloppement (PND), d\u00e9nomm\u00e9 <em>\u00ab Tchad Connexion 2030&nbsp;\u00bb<\/em><em>.<\/em><em><\/em><\/p>\n\n\n<div class=\"wp-block-image\">\n<figure class=\"aligncenter size-large is-resized\"><img loading=\"lazy\" decoding=\"async\" width=\"1024\" height=\"751\" src=\"https:\/\/macite.tg\/wp-content\/uploads\/2025\/11\/d8c517a2-f0a7-4647-8d4f-5e1336855ee4-1024x751.jpg\" alt=\"\" class=\"wp-image-26044\" style=\"width:628px;height:auto\" srcset=\"https:\/\/macite.tg\/wp-content\/uploads\/2025\/11\/d8c517a2-f0a7-4647-8d4f-5e1336855ee4-1024x751.jpg 1024w, https:\/\/macite.tg\/wp-content\/uploads\/2025\/11\/d8c517a2-f0a7-4647-8d4f-5e1336855ee4-300x220.jpg 300w, https:\/\/macite.tg\/wp-content\/uploads\/2025\/11\/d8c517a2-f0a7-4647-8d4f-5e1336855ee4-768x563.jpg 768w, https:\/\/macite.tg\/wp-content\/uploads\/2025\/11\/d8c517a2-f0a7-4647-8d4f-5e1336855ee4.jpg 1080w\" sizes=\"auto, (max-width: 1024px) 100vw, 1024px\" \/><figcaption class=\"wp-element-caption\"><em><strong>Le Pr\u00e9sident du conseil, Faure Gnassingb\u00e9, \u00e0 son arriv\u00e9e hier dimanche \u00e0 Abu Dhabi&#8230;.<\/strong><\/em><\/figcaption><\/figure>\n<\/div>\n\n\n<p class=\"wp-block-paragraph\">La pr\u00e9sence du pr\u00e9sident Faure Gnassingb\u00e9 \u00e0 Au Dhabi, t\u00e9moigne de l\u2019esprit d\u2019ouverture du Togo pour le d\u00e9veloppement durable avec les pays fr\u00e8res et pour la promotion de la coop\u00e9ration sud-sud.<\/p>\n\n\n\n<p class=\"wp-block-paragraph\">Dans cet \u00e9lan, lors des \u00e9changes diplomatiques et \u00e9conomiques, le leader togolais aura l\u2019occasion de partager l\u2019exp\u00e9rience de son pays, notamment le Plan national de d\u00e9veloppement (PND). Exp\u00e9riment\u00e9 entre 2018 et 2022, le PND, fond\u00e9 sur le partenariat public-priv\u00e9, a \u00e9t\u00e9 consolid\u00e9 par la Feuille de route gouvernementale Togo 2025, qui mise sur la transformation structurelle de l\u2019\u00e9conomie nationale \u00e0 travers des r\u00e9formes et projets innovants pour garantir la paix, l\u2019inclusion et l\u2019harmonie sociales, dynamiser la cr\u00e9ation d\u2019emplois et la modernisation du pays.<\/p>\n\n\n\n<p class=\"wp-block-paragraph\">Ce Forum, qui se veut une vision strat\u00e9gique ambitieuse articul\u00e9e autour de dix-sept programmes d\u2019investissement, compte mobiliser des ressources significatives destin\u00e9es \u00e0 transformer les atouts du pays en levier de croissance r\u00e9gionale voire africaine.<\/p>\n\n\n<div class=\"wp-block-image\">\n<figure class=\"aligncenter size-large is-resized\"><img loading=\"lazy\" decoding=\"async\" width=\"723\" height=\"1024\" src=\"https:\/\/macite.tg\/wp-content\/uploads\/2025\/11\/16fb1836-19c1-4f95-b372-bcc2bcbd3e46-723x1024.jpg\" alt=\"\" class=\"wp-image-26045\" style=\"width:651px;height:auto\" srcset=\"https:\/\/macite.tg\/wp-content\/uploads\/2025\/11\/16fb1836-19c1-4f95-b372-bcc2bcbd3e46-723x1024.jpg 723w, https:\/\/macite.tg\/wp-content\/uploads\/2025\/11\/16fb1836-19c1-4f95-b372-bcc2bcbd3e46-212x300.jpg 212w, https:\/\/macite.tg\/wp-content\/uploads\/2025\/11\/16fb1836-19c1-4f95-b372-bcc2bcbd3e46.jpg 763w\" sizes=\"auto, (max-width: 723px) 100vw, 723px\" \/><\/figure>\n<\/div>\n\n\n<p class=\"wp-block-paragraph\">Ainsi outre les \u00e9changes diplomatiques, la rencontre va s\u2019articuler autour des travaux en pl\u00e9ni\u00e8re, des panels pertinents, r\u00e9unissant responsables d\u2019institutions internationales, bancaires et de d\u00e9veloppement, mais aussi des ateliers th\u00e9matiques de networking visant \u00e0 favoriser les partenariats strat\u00e9giques et la concr\u00e9tisation des projets \u00e0 fort impact socio-\u00e9conomique.<\/p>\n\n\n\n<p class=\"wp-block-paragraph\">Pour rappel, dans le cadre de la coop\u00e9ration entre le Togo et les Emirats Arabes Unis, Lom\u00e9 a b\u00e9n\u00e9fici\u00e9 d\u2019un accompagnement technique et financier pour la mise en \u0153uvre du PND et la r\u00e9alisation de projets majeurs. L\u2019\u00e9rection de la centrale photovolta\u00efque de Blitta en est une belle illustration de ce partenariat strat\u00e9gique \u00e0 fort impact socio-\u00e9conomique.<\/p>\n\n\n\n<p class=\"wp-block-paragraph\"><strong>JPB<\/strong><\/p>\n\n\n\n<p class=\"wp-block-paragraph\"><a><strong><em>@macite.tg&nbsp;&nbsp;&nbsp;&nbsp;&nbsp;&nbsp;&nbsp;&nbsp;<\/em><\/strong><\/a><\/p>\n\n\n\n<p class=\"wp-block-paragraph\"><strong><em>E-mail&nbsp;: <\/em><\/strong><a href=\"mailto:maciteinfo@gmail.com\"><strong><em>maciteinfo@gmail.com<\/em><\/strong><\/a><strong><em>; <\/em><\/strong><a href=\"mailto:bawela1@gmail.com\"><strong><em>bawela1@gmail.com<\/em><\/strong><\/a><strong><em><\/em><\/strong><\/p>\n\n\n\n<p class=\"wp-block-paragraph\"><strong><em>Pour vos annonces, (publi)reportages, etc., joignez-nous au (00228)91515309\/<strong>79872224 <\/strong><strong><\/strong><\/em><\/strong><\/p>\n\n\n\n<p class=\"wp-block-paragraph\"><strong><em>www.macite.tg, L\u2019information, la bonne&nbsp;!<\/em><\/strong><\/p>\n\n\n\n<p class=\"wp-block-paragraph\"><\/p>\n","protected":false},"excerpt":{"rendered":"<p class=\"text-justify mb-2\" >C\u2019est ce lundi 10 novembre que s\u2019ouvre \u00e0 Abu Dhabi aux \u00c9mirats Arabes Unis, les travaux du Forum consacr\u00e9 au commerce et \u00e0 l\u2019investissement au Tchad. Plusieurs chefs d\u2019Etats et de gouvernement, dont le Pr\u00e9sident du Conseil togolais, Faure Essozimna Gnassingb\u00e9, prennent part \u00e0 cette [&hellip;]<\/p>\n","protected":false},"author":2,"featured_media":26043,"comment_status":"open","ping_status":"open","sticky":false,"template":"","format":"standard","meta":{"footnotes":""},"categories":[20,16],"tags":[],"class_list":["post-26040","post","type-post","status-publish","format-standard","has-post-thumbnail","hentry","category-actualite","category-cooperation"],"yoast_head":"<!-- This site is optimized with the Yoast SEO plugin v28.4 - https:\/\/yoast.com\/product\/yoast-seo-wordpress\/ -->\n<title>FORUM SUR LE COMMERCE ET L\u2019INVESTISSEMENT AU TCHAD\u00a0: Le Pr\u00e9sident Faure Gnassingb\u00e9 prend part aux travaux \u00e0 Abu Dhabi -<\/title>\n<meta name=\"robots\" content=\"index, follow, max-snippet:-1, max-image-preview:large, max-video-preview:-1\" \/>\n<link rel=\"canonical\" href=\"https:\/\/macite.tg\/?p=26040\" \/>\n<meta property=\"og:locale\" content=\"fr_FR\" \/>\n<meta property=\"og:type\" content=\"article\" \/>\n<meta property=\"og:title\" content=\"FORUM SUR LE COMMERCE ET L\u2019INVESTISSEMENT AU TCHAD\u00a0: Le Pr\u00e9sident Faure Gnassingb\u00e9 prend part aux travaux \u00e0 Abu Dhabi -\" \/>\n<meta property=\"og:description\" content=\"C\u2019est ce lundi 10 novembre que s\u2019ouvre \u00e0 Abu Dhabi aux \u00c9mirats Arabes Unis, les travaux du Forum consacr\u00e9 au commerce et \u00e0 l\u2019investissement au Tchad. Plusieurs chefs d\u2019Etats et de gouvernement, dont le Pr\u00e9sident du Conseil togolais, Faure Essozimna Gnassingb\u00e9, prennent part \u00e0 cette [&hellip;]\" \/>\n<meta property=\"og:url\" content=\"https:\/\/macite.tg\/?p=26040\" \/>\n<meta property=\"article:published_time\" content=\"2025-11-10T10:03:19+00:00\" \/>\n<meta property=\"article:modified_time\" content=\"2025-11-10T10:03:34+00:00\" \/>\n<meta property=\"og:image\" content=\"https:\/\/macite.tg\/wp-content\/uploads\/2025\/11\/Abu-Dhabi.jpg\" \/>\n\t<meta property=\"og:image:width\" content=\"500\" \/>\n\t<meta property=\"og:image:height\" content=\"367\" \/>\n\t<meta property=\"og:image:type\" content=\"image\/jpeg\" \/>\n<meta name=\"author\" content=\"Jean Pierre BAWELA\" \/>\n<meta name=\"twitter:card\" content=\"summary_large_image\" \/>\n<meta name=\"twitter:label1\" content=\"\u00c9crit par\" \/>\n\t<meta name=\"twitter:data1\" content=\"Jean Pierre BAWELA\" \/>\n\t<meta name=\"twitter:label2\" content=\"Dur\u00e9e de lecture estim\u00e9e\" \/>\n\t<meta name=\"twitter:data2\" content=\"3 minutes\" \/>\n<script type=\"application\/ld+json\" class=\"yoast-schema-graph\">{\"@context\":\"https:\\\/\\\/schema.org\",\"@graph\":[{\"@type\":\"Article\",\"@id\":\"https:\\\/\\\/macite.tg\\\/?p=26040#article\",\"isPartOf\":{\"@id\":\"https:\\\/\\\/macite.tg\\\/?p=26040\"},\"author\":{\"name\":\"Jean Pierre BAWELA\",\"@id\":\"https:\\\/\\\/macite.tg\\\/#\\\/schema\\\/person\\\/e9f2de7e5dbbe7770a9402c7ce82f5c2\"},\"headline\":\"FORUM SUR LE COMMERCE ET L\u2019INVESTISSEMENT AU TCHAD\u00a0: Le Pr\u00e9sident Faure Gnassingb\u00e9 prend part aux travaux \u00e0 Abu Dhabi\",\"datePublished\":\"2025-11-10T10:03:19+00:00\",\"dateModified\":\"2025-11-10T10:03:34+00:00\",\"mainEntityOfPage\":{\"@id\":\"https:\\\/\\\/macite.tg\\\/?p=26040\"},\"wordCount\":462,\"commentCount\":0,\"image\":{\"@id\":\"https:\\\/\\\/macite.tg\\\/?p=26040#primaryimage\"},\"thumbnailUrl\":\"https:\\\/\\\/macite.tg\\\/wp-content\\\/uploads\\\/2025\\\/11\\\/Abu-Dhabi.jpg\",\"articleSection\":[\"ACTUALITE\",\"COOPERATION\"],\"inLanguage\":\"fr-FR\",\"potentialAction\":[{\"@type\":\"CommentAction\",\"name\":\"Comment\",\"target\":[\"https:\\\/\\\/macite.tg\\\/?p=26040#respond\"]}]},{\"@type\":\"WebPage\",\"@id\":\"https:\\\/\\\/macite.tg\\\/?p=26040\",\"url\":\"https:\\\/\\\/macite.tg\\\/?p=26040\",\"name\":\"FORUM SUR LE COMMERCE ET L\u2019INVESTISSEMENT AU TCHAD\u00a0: Le Pr\u00e9sident Faure Gnassingb\u00e9 prend part aux travaux \u00e0 Abu Dhabi -\",\"isPartOf\":{\"@id\":\"https:\\\/\\\/macite.tg\\\/#website\"},\"primaryImageOfPage\":{\"@id\":\"https:\\\/\\\/macite.tg\\\/?p=26040#primaryimage\"},\"image\":{\"@id\":\"https:\\\/\\\/macite.tg\\\/?p=26040#primaryimage\"},\"thumbnailUrl\":\"https:\\\/\\\/macite.tg\\\/wp-content\\\/uploads\\\/2025\\\/11\\\/Abu-Dhabi.jpg\",\"datePublished\":\"2025-11-10T10:03:19+00:00\",\"dateModified\":\"2025-11-10T10:03:34+00:00\",\"author\":{\"@id\":\"https:\\\/\\\/macite.tg\\\/#\\\/schema\\\/person\\\/e9f2de7e5dbbe7770a9402c7ce82f5c2\"},\"breadcrumb\":{\"@id\":\"https:\\\/\\\/macite.tg\\\/?p=26040#breadcrumb\"},\"inLanguage\":\"fr-FR\",\"potentialAction\":[{\"@type\":\"ReadAction\",\"target\":[\"https:\\\/\\\/macite.tg\\\/?p=26040\"]}]},{\"@type\":\"ImageObject\",\"inLanguage\":\"fr-FR\",\"@id\":\"https:\\\/\\\/macite.tg\\\/?p=26040#primaryimage\",\"url\":\"https:\\\/\\\/macite.tg\\\/wp-content\\\/uploads\\\/2025\\\/11\\\/Abu-Dhabi.jpg\",\"contentUrl\":\"https:\\\/\\\/macite.tg\\\/wp-content\\\/uploads\\\/2025\\\/11\\\/Abu-Dhabi.jpg\",\"width\":500,\"height\":367},{\"@type\":\"BreadcrumbList\",\"@id\":\"https:\\\/\\\/macite.tg\\\/?p=26040#breadcrumb\",\"itemListElement\":[{\"@type\":\"ListItem\",\"position\":1,\"name\":\"Accueil\",\"item\":\"https:\\\/\\\/macite.tg\\\/\"},{\"@type\":\"ListItem\",\"position\":2,\"name\":\"FORUM SUR LE COMMERCE ET L\u2019INVESTISSEMENT AU TCHAD\u00a0: Le Pr\u00e9sident Faure Gnassingb\u00e9 prend part aux travaux \u00e0 Abu Dhabi\"}]},{\"@type\":\"WebSite\",\"@id\":\"https:\\\/\\\/macite.tg\\\/#website\",\"url\":\"https:\\\/\\\/macite.tg\\\/\",\"name\":\"\",\"description\":\"L&#039;information, la bonne!!!\",\"potentialAction\":[{\"@type\":\"SearchAction\",\"target\":{\"@type\":\"EntryPoint\",\"urlTemplate\":\"https:\\\/\\\/macite.tg\\\/?s={search_term_string}\"},\"query-input\":{\"@type\":\"PropertyValueSpecification\",\"valueRequired\":true,\"valueName\":\"search_term_string\"}}],\"inLanguage\":\"fr-FR\"},{\"@type\":\"Person\",\"@id\":\"https:\\\/\\\/macite.tg\\\/#\\\/schema\\\/person\\\/e9f2de7e5dbbe7770a9402c7ce82f5c2\",\"name\":\"Jean Pierre BAWELA\",\"image\":{\"@type\":\"ImageObject\",\"inLanguage\":\"fr-FR\",\"@id\":\"https:\\\/\\\/macite.tg\\\/wp-content\\\/uploads\\\/2023\\\/09\\\/WhatsApp-Image-2023-09-19-at-14.44.41-122x122.jpeg\",\"url\":\"https:\\\/\\\/macite.tg\\\/wp-content\\\/uploads\\\/2023\\\/09\\\/WhatsApp-Image-2023-09-19-at-14.44.41-122x122.jpeg\",\"contentUrl\":\"https:\\\/\\\/macite.tg\\\/wp-content\\\/uploads\\\/2023\\\/09\\\/WhatsApp-Image-2023-09-19-at-14.44.41-122x122.jpeg\",\"caption\":\"Jean Pierre BAWELA\"},\"url\":\"https:\\\/\\\/macite.tg\\\/?author=2\"}]}<\/script>\n<!-- \/ Yoast SEO plugin. -->","yoast_head_json":{"title":"FORUM SUR LE COMMERCE ET L\u2019INVESTISSEMENT AU TCHAD\u00a0: Le Pr\u00e9sident Faure Gnassingb\u00e9 prend part aux travaux \u00e0 Abu Dhabi -","robots":{"index":"index","follow":"follow","max-snippet":"max-snippet:-1","max-image-preview":"max-image-preview:large","max-video-preview":"max-video-preview:-1"},"canonical":"https:\/\/macite.tg\/?p=26040","og_locale":"fr_FR","og_type":"article","og_title":"FORUM SUR LE COMMERCE ET L\u2019INVESTISSEMENT AU TCHAD\u00a0: Le Pr\u00e9sident Faure Gnassingb\u00e9 prend part aux travaux \u00e0 Abu Dhabi -","og_description":"C\u2019est ce lundi 10 novembre que s\u2019ouvre \u00e0 Abu Dhabi aux \u00c9mirats Arabes Unis, les travaux du Forum consacr\u00e9 au commerce et \u00e0 l\u2019investissement au Tchad. Plusieurs chefs d\u2019Etats et de gouvernement, dont le Pr\u00e9sident du Conseil togolais, Faure Essozimna Gnassingb\u00e9, prennent part \u00e0 cette [&hellip;]","og_url":"https:\/\/macite.tg\/?p=26040","article_published_time":"2025-11-10T10:03:19+00:00","article_modified_time":"2025-11-10T10:03:34+00:00","og_image":[{"width":500,"height":367,"url":"https:\/\/macite.tg\/wp-content\/uploads\/2025\/11\/Abu-Dhabi.jpg","type":"image\/jpeg"}],"author":"Jean Pierre BAWELA","twitter_card":"summary_large_image","twitter_misc":{"\u00c9crit par":"Jean Pierre BAWELA","Dur\u00e9e de lecture estim\u00e9e":"3 minutes"},"schema":{"@context":"https:\/\/schema.org","@graph":[{"@type":"Article","@id":"https:\/\/macite.tg\/?p=26040#article","isPartOf":{"@id":"https:\/\/macite.tg\/?p=26040"},"author":{"name":"Jean Pierre BAWELA","@id":"https:\/\/macite.tg\/#\/schema\/person\/e9f2de7e5dbbe7770a9402c7ce82f5c2"},"headline":"FORUM SUR LE COMMERCE ET L\u2019INVESTISSEMENT AU TCHAD\u00a0: Le Pr\u00e9sident Faure Gnassingb\u00e9 prend part aux travaux \u00e0 Abu Dhabi","datePublished":"2025-11-10T10:03:19+00:00","dateModified":"2025-11-10T10:03:34+00:00","mainEntityOfPage":{"@id":"https:\/\/macite.tg\/?p=26040"},"wordCount":462,"commentCount":0,"image":{"@id":"https:\/\/macite.tg\/?p=26040#primaryimage"},"thumbnailUrl":"https:\/\/macite.tg\/wp-content\/uploads\/2025\/11\/Abu-Dhabi.jpg","articleSection":["ACTUALITE","COOPERATION"],"inLanguage":"fr-FR","potentialAction":[{"@type":"CommentAction","name":"Comment","target":["https:\/\/macite.tg\/?p=26040#respond"]}]},{"@type":"WebPage","@id":"https:\/\/macite.tg\/?p=26040","url":"https:\/\/macite.tg\/?p=26040","name":"FORUM SUR LE COMMERCE ET L\u2019INVESTISSEMENT AU TCHAD\u00a0: Le Pr\u00e9sident Faure Gnassingb\u00e9 prend part aux travaux \u00e0 Abu Dhabi -","isPartOf":{"@id":"https:\/\/macite.tg\/#website"},"primaryImageOfPage":{"@id":"https:\/\/macite.tg\/?p=26040#primaryimage"},"image":{"@id":"https:\/\/macite.tg\/?p=26040#primaryimage"},"thumbnailUrl":"https:\/\/macite.tg\/wp-content\/uploads\/2025\/11\/Abu-Dhabi.jpg","datePublished":"2025-11-10T10:03:19+00:00","dateModified":"2025-11-10T10:03:34+00:00","author":{"@id":"https:\/\/macite.tg\/#\/schema\/person\/e9f2de7e5dbbe7770a9402c7ce82f5c2"},"breadcrumb":{"@id":"https:\/\/macite.tg\/?p=26040#breadcrumb"},"inLanguage":"fr-FR","potentialAction":[{"@type":"ReadAction","target":["https:\/\/macite.tg\/?p=26040"]}]},{"@type":"ImageObject","inLanguage":"fr-FR","@id":"https:\/\/macite.tg\/?p=26040#primaryimage","url":"https:\/\/macite.tg\/wp-content\/uploads\/2025\/11\/Abu-Dhabi.jpg","contentUrl":"https:\/\/macite.tg\/wp-content\/uploads\/2025\/11\/Abu-Dhabi.jpg","width":500,"height":367},{"@type":"BreadcrumbList","@id":"https:\/\/macite.tg\/?p=26040#breadcrumb","itemListElement":[{"@type":"ListItem","position":1,"name":"Accueil","item":"https:\/\/macite.tg\/"},{"@type":"ListItem","position":2,"name":"FORUM SUR LE COMMERCE ET L\u2019INVESTISSEMENT AU TCHAD\u00a0: Le Pr\u00e9sident Faure Gnassingb\u00e9 prend part aux travaux \u00e0 Abu Dhabi"}]},{"@type":"WebSite","@id":"https:\/\/macite.tg\/#website","url":"https:\/\/macite.tg\/","name":"","description":"L&#039;information, la bonne!!!","potentialAction":[{"@type":"SearchAction","target":{"@type":"EntryPoint","urlTemplate":"https:\/\/macite.tg\/?s={search_term_string}"},"query-input":{"@type":"PropertyValueSpecification","valueRequired":true,"valueName":"search_term_string"}}],"inLanguage":"fr-FR"},{"@type":"Person","@id":"https:\/\/macite.tg\/#\/schema\/person\/e9f2de7e5dbbe7770a9402c7ce82f5c2","name":"Jean Pierre BAWELA","image":{"@type":"ImageObject","inLanguage":"fr-FR","@id":"https:\/\/macite.tg\/wp-content\/uploads\/2023\/09\/WhatsApp-Image-2023-09-19-at-14.44.41-122x122.jpeg","url":"https:\/\/macite.tg\/wp-content\/uploads\/2023\/09\/WhatsApp-Image-2023-09-19-at-14.44.41-122x122.jpeg","contentUrl":"https:\/\/macite.tg\/wp-content\/uploads\/2023\/09\/WhatsApp-Image-2023-09-19-at-14.44.41-122x122.jpeg","caption":"Jean Pierre BAWELA"},"url":"https:\/\/macite.tg\/?author=2"}]}},"_links":{"self":[{"href":"https:\/\/macite.tg\/index.php?rest_route=\/wp\/v2\/posts\/26040","targetHints":{"allow":["GET"]}}],"collection":[{"href":"https:\/\/macite.tg\/index.php?rest_route=\/wp\/v2\/posts"}],"about":[{"href":"https:\/\/macite.tg\/index.php?rest_route=\/wp\/v2\/types\/post"}],"author":[{"embeddable":true,"href":"https:\/\/macite.tg\/index.php?rest_route=\/wp\/v2\/users\/2"}],"replies":[{"embeddable":true,"href":"https:\/\/macite.tg\/index.php?rest_route=%2Fwp%2Fv2%2Fcomments&post=26040"}],"version-history":[{"count":0,"href":"https:\/\/macite.tg\/index.php?rest_route=\/wp\/v2\/posts\/26040\/revisions"}],"wp:featuredmedia":[{"embeddable":true,"href":"https:\/\/macite.tg\/index.php?rest_route=\/wp\/v2\/media\/26043"}],"wp:attachment":[{"href":"https:\/\/macite.tg\/index.php?rest_route=%2Fwp%2Fv2%2Fmedia&parent=26040"}],"wp:term":[{"taxonomy":"category","embeddable":true,"href":"https:\/\/macite.tg\/index.php?rest_route=%2Fwp%2Fv2%2Fcategories&post=26040"},{"taxonomy":"post_tag","embeddable":true,"href":"https:\/\/macite.tg\/index.php?rest_route=%2Fwp%2Fv2%2Ftags&post=26040"}],"curies":[{"name":"wp","href":"https:\/\/api.w.org\/{rel}","templated":true}]}}