{"id":26036,"date":"2025-11-09T18:27:09","date_gmt":"2025-11-09T18:27:09","guid":{"rendered":"https:\/\/macite.tg\/?p=26036"},"modified":"2025-11-09T18:29:53","modified_gmt":"2025-11-09T18:29:53","slug":"efofat-30-ans-deja-levenement-celebre-a-pya-en-presence-de-faure-gnassingbe","status":"publish","type":"post","link":"https:\/\/macite.tg\/?p=26036","title":{"rendered":"EFOFAT, 30 ANS DEJA : L\u2019\u00e9v\u00e9nement c\u00e9l\u00e9br\u00e9 \u00e0 Pya en pr\u00e9sence de Faure Gnassingb\u00e9"},"content":{"rendered":"\n<p class=\"wp-block-paragraph\"><strong><em>1995 -2025&nbsp;: 30 ans d\u00e9j\u00e0 que l\u2019\u00c9cole de formation des officiers des forces arm\u00e9es togolaises (EFOFAT) est au service de la professionnalisation et de la modernisation des arm\u00e9es dans la sous-r\u00e9gion, notamment. Et cela se c\u00e9l\u00e8bre.<\/em><\/strong><\/p>\n\n\n\n<p class=\"wp-block-paragraph\">Cette c\u00e9l\u00e9bration, qui inscrite dans le cadre des manifestations des 20 ans du d\u00e9c\u00e8s du P\u00e8re de la Nation, feu G\u00e9n\u00e9ral Gnassingb\u00e9 Eyad\u00e9ma, a \u00e9t\u00e9 articul\u00e9 autour de deux communication scientifiques sur le soldat Eyad\u00e9ma, b\u00e2tisseur des FAT et l\u2019\u00e9volution de la formation des officiers au Togo.<\/p>\n\n\n\n<figure class=\"wp-block-image size-large\"><img loading=\"lazy\" decoding=\"async\" width=\"1024\" height=\"426\" src=\"https:\/\/macite.tg\/wp-content\/uploads\/2025\/10\/OTR_Depreciation-1024x426.jpg\" alt=\"\" class=\"wp-image-25740\" srcset=\"https:\/\/macite.tg\/wp-content\/uploads\/2025\/10\/OTR_Depreciation-1024x426.jpg 1024w, https:\/\/macite.tg\/wp-content\/uploads\/2025\/10\/OTR_Depreciation-300x125.jpg 300w, https:\/\/macite.tg\/wp-content\/uploads\/2025\/10\/OTR_Depreciation-768x320.jpg 768w, https:\/\/macite.tg\/wp-content\/uploads\/2025\/10\/OTR_Depreciation.jpg 1132w\" sizes=\"auto, (max-width: 1024px) 100vw, 1024px\" \/><\/figure>\n\n\n\n<p class=\"wp-block-paragraph\">Ainsi, cet \u00e9v\u00e9nement a permis aux orateurs de mettre en lumi\u00e8re la vision du G\u00e9n\u00e9ral Eyad\u00e9ma et son \u0153uvre pour la construction d\u2019une arm\u00e9e togolaise moderne, mais aussi le r\u00f4le essentiel de l\u2019EFOFAT dans la formation, la professionnalisation et la modernisation de l\u2019\u00e9lite de l\u2019arm\u00e9e au Togo et dans la sous-r\u00e9gion.<\/p>\n\n\n\n<p class=\"wp-block-paragraph\">La c\u00e9l\u00e9bration a \u00e9t\u00e9 une occasion pour les forces de d\u00e9fense et de s\u00e9curit\u00e9 de rendre une fois de plus un vibrant hommage \u00e0 feu G\u00e9n\u00e9ral Eyad\u00e9ma pour avoir mis en place une arm\u00e9e moderne, disciplin\u00e9e au service de la nation.<\/p>\n\n\n\n<p class=\"wp-block-paragraph\">Cette Ecole, cr\u00e9\u00e9 en 1995, a connu de grands noms. Et les t\u00e9moignages des g\u00e9n\u00e9raux B\u00e9r\u00e9na et Titikpina, sont r\u00e9v\u00e9lateurs. Elle a pour mission doter l\u2019arm\u00e9e d\u2019officiers comp\u00e9tents, disciplin\u00e9s et capables d\u2019assurer avec efficacit\u00e9 le commandement des unit\u00e9s.<\/p>\n\n\n\n<p class=\"wp-block-paragraph\">A sa cr\u00e9ation, elle accueillait uniquement des nationaux. C\u2019est depuis 1998 que l\u2019EFOFAT s\u2019est ouverte \u00e0 d\u2019autres pays de la sous-r\u00e9gion. Plusieurs fondamentaux, tels que comme l\u2019exercice de l\u2019autorit\u00e9, la ma\u00eetrise des missions op\u00e9rationnelles et les responsabilit\u00e9s administratives et techniques, y sont enseign\u00e9s.<\/p>\n\n\n<div class=\"wp-block-image\">\n<figure class=\"aligncenter size-large\"><img loading=\"lazy\" decoding=\"async\" width=\"723\" height=\"1024\" src=\"https:\/\/macite.tg\/wp-content\/uploads\/2025\/11\/53909ce0-1fbb-438d-b7e6-91edf0f84f8a-723x1024.jpg\" alt=\"\" class=\"wp-image-25927\" srcset=\"https:\/\/macite.tg\/wp-content\/uploads\/2025\/11\/53909ce0-1fbb-438d-b7e6-91edf0f84f8a-723x1024.jpg 723w, https:\/\/macite.tg\/wp-content\/uploads\/2025\/11\/53909ce0-1fbb-438d-b7e6-91edf0f84f8a-212x300.jpg 212w, https:\/\/macite.tg\/wp-content\/uploads\/2025\/11\/53909ce0-1fbb-438d-b7e6-91edf0f84f8a.jpg 763w\" sizes=\"auto, (max-width: 723px) 100vw, 723px\" \/><\/figure>\n<\/div>\n\n\n<p class=\"wp-block-paragraph\">Notons que le Pr\u00e9sident du conseil, Faure Essozimna Gnassingb\u00e9, a \u00e9t\u00e9 t\u00e9moin oculaire de cette c\u00e9l\u00e9bration. Pour marquer cet anniversaire, une nouvelle salle polyvalente de l\u2019\u00e9cole a \u00e9t\u00e9 inaugur\u00e9e.<\/p>\n\n\n\n<p class=\"wp-block-paragraph\"><strong>La R\u00e9daction<\/strong><\/p>\n\n\n\n<p class=\"wp-block-paragraph\"><a><strong><em>@macite.tg&nbsp;&nbsp;&nbsp;&nbsp;&nbsp;&nbsp;&nbsp;&nbsp;<\/em><\/strong><\/a><\/p>\n\n\n\n<p class=\"wp-block-paragraph\"><strong><em>E-mail&nbsp;: <\/em><\/strong><a href=\"mailto:maciteinfo@gmail.com\"><strong><em>maciteinfo@gmail.com<\/em><\/strong><\/a><strong><em>; <\/em><\/strong><a href=\"mailto:bawela1@gmail.com\"><strong><em>bawela1@gmail.com<\/em><\/strong><\/a><strong><em><\/em><\/strong><\/p>\n\n\n\n<p class=\"wp-block-paragraph\"><strong><em>Pour vos annonces, (publi)reportages, etc., joignez-nous au (00228)91515309\/<strong>79872224 <\/strong><strong><\/strong><\/em><\/strong><\/p>\n\n\n\n<p class=\"wp-block-paragraph\"><strong><em>www.macite.tg, L\u2019information, la bonne&nbsp;!<\/em><\/strong><\/p>\n\n\n\n<p class=\"wp-block-paragraph\"><\/p>\n","protected":false},"excerpt":{"rendered":"<p class=\"text-justify mb-2\" >1995 -2025&nbsp;: 30 ans d\u00e9j\u00e0 que l\u2019\u00c9cole de formation des officiers des forces arm\u00e9es togolaises (EFOFAT) est au service de la professionnalisation et de la modernisation des arm\u00e9es dans la sous-r\u00e9gion, notamment. Et cela se c\u00e9l\u00e8bre. Cette c\u00e9l\u00e9bration, qui inscrite dans le cadre des manifestations [&hellip;]<\/p>\n","protected":false},"author":2,"featured_media":26037,"comment_status":"open","ping_status":"open","sticky":false,"template":"","format":"standard","meta":{"footnotes":""},"categories":[20,28],"tags":[],"class_list":["post-26036","post","type-post","status-publish","format-standard","has-post-thumbnail","hentry","category-actualite","category-securite"],"yoast_head":"<!-- This site is optimized with the Yoast SEO plugin v28.4 - https:\/\/yoast.com\/product\/yoast-seo-wordpress\/ -->\n<title>EFOFAT, 30 ANS DEJA : L\u2019\u00e9v\u00e9nement c\u00e9l\u00e9br\u00e9 \u00e0 Pya en pr\u00e9sence de Faure Gnassingb\u00e9 -<\/title>\n<meta name=\"robots\" content=\"index, follow, max-snippet:-1, max-image-preview:large, max-video-preview:-1\" \/>\n<link rel=\"canonical\" href=\"https:\/\/macite.tg\/?p=26036\" \/>\n<meta property=\"og:locale\" content=\"fr_FR\" \/>\n<meta property=\"og:type\" content=\"article\" \/>\n<meta property=\"og:title\" content=\"EFOFAT, 30 ANS DEJA : L\u2019\u00e9v\u00e9nement c\u00e9l\u00e9br\u00e9 \u00e0 Pya en pr\u00e9sence de Faure Gnassingb\u00e9 -\" \/>\n<meta property=\"og:description\" content=\"1995 -2025&nbsp;: 30 ans d\u00e9j\u00e0 que l\u2019\u00c9cole de formation des officiers des forces arm\u00e9es togolaises (EFOFAT) est au service de la professionnalisation et de la modernisation des arm\u00e9es dans la sous-r\u00e9gion, notamment. Et cela se c\u00e9l\u00e8bre. Cette c\u00e9l\u00e9bration, qui inscrite dans le cadre des manifestations [&hellip;]\" \/>\n<meta property=\"og:url\" content=\"https:\/\/macite.tg\/?p=26036\" \/>\n<meta property=\"article:published_time\" content=\"2025-11-09T18:27:09+00:00\" \/>\n<meta property=\"article:modified_time\" content=\"2025-11-09T18:29:53+00:00\" \/>\n<meta property=\"og:image\" content=\"https:\/\/macite.tg\/wp-content\/uploads\/2025\/11\/EFOFAT.jpg\" \/>\n\t<meta property=\"og:image:width\" content=\"500\" \/>\n\t<meta property=\"og:image:height\" content=\"306\" \/>\n\t<meta property=\"og:image:type\" content=\"image\/jpeg\" \/>\n<meta name=\"author\" content=\"Jean Pierre BAWELA\" \/>\n<meta name=\"twitter:card\" content=\"summary_large_image\" \/>\n<meta name=\"twitter:label1\" content=\"\u00c9crit par\" \/>\n\t<meta name=\"twitter:data1\" content=\"Jean Pierre BAWELA\" \/>\n\t<meta name=\"twitter:label2\" content=\"Dur\u00e9e de lecture estim\u00e9e\" \/>\n\t<meta name=\"twitter:data2\" content=\"3 minutes\" \/>\n<script type=\"application\/ld+json\" class=\"yoast-schema-graph\">{\"@context\":\"https:\\\/\\\/schema.org\",\"@graph\":[{\"@type\":\"Article\",\"@id\":\"https:\\\/\\\/macite.tg\\\/?p=26036#article\",\"isPartOf\":{\"@id\":\"https:\\\/\\\/macite.tg\\\/?p=26036\"},\"author\":{\"name\":\"Jean Pierre BAWELA\",\"@id\":\"https:\\\/\\\/macite.tg\\\/#\\\/schema\\\/person\\\/e9f2de7e5dbbe7770a9402c7ce82f5c2\"},\"headline\":\"EFOFAT, 30 ANS DEJA : L\u2019\u00e9v\u00e9nement c\u00e9l\u00e9br\u00e9 \u00e0 Pya en pr\u00e9sence de Faure Gnassingb\u00e9\",\"datePublished\":\"2025-11-09T18:27:09+00:00\",\"dateModified\":\"2025-11-09T18:29:53+00:00\",\"mainEntityOfPage\":{\"@id\":\"https:\\\/\\\/macite.tg\\\/?p=26036\"},\"wordCount\":404,\"commentCount\":0,\"image\":{\"@id\":\"https:\\\/\\\/macite.tg\\\/?p=26036#primaryimage\"},\"thumbnailUrl\":\"https:\\\/\\\/macite.tg\\\/wp-content\\\/uploads\\\/2025\\\/11\\\/EFOFAT.jpg\",\"articleSection\":[\"ACTUALITE\",\"SECURITE\"],\"inLanguage\":\"fr-FR\",\"potentialAction\":[{\"@type\":\"CommentAction\",\"name\":\"Comment\",\"target\":[\"https:\\\/\\\/macite.tg\\\/?p=26036#respond\"]}]},{\"@type\":\"WebPage\",\"@id\":\"https:\\\/\\\/macite.tg\\\/?p=26036\",\"url\":\"https:\\\/\\\/macite.tg\\\/?p=26036\",\"name\":\"EFOFAT, 30 ANS DEJA : L\u2019\u00e9v\u00e9nement c\u00e9l\u00e9br\u00e9 \u00e0 Pya en pr\u00e9sence de Faure Gnassingb\u00e9 -\",\"isPartOf\":{\"@id\":\"https:\\\/\\\/macite.tg\\\/#website\"},\"primaryImageOfPage\":{\"@id\":\"https:\\\/\\\/macite.tg\\\/?p=26036#primaryimage\"},\"image\":{\"@id\":\"https:\\\/\\\/macite.tg\\\/?p=26036#primaryimage\"},\"thumbnailUrl\":\"https:\\\/\\\/macite.tg\\\/wp-content\\\/uploads\\\/2025\\\/11\\\/EFOFAT.jpg\",\"datePublished\":\"2025-11-09T18:27:09+00:00\",\"dateModified\":\"2025-11-09T18:29:53+00:00\",\"author\":{\"@id\":\"https:\\\/\\\/macite.tg\\\/#\\\/schema\\\/person\\\/e9f2de7e5dbbe7770a9402c7ce82f5c2\"},\"breadcrumb\":{\"@id\":\"https:\\\/\\\/macite.tg\\\/?p=26036#breadcrumb\"},\"inLanguage\":\"fr-FR\",\"potentialAction\":[{\"@type\":\"ReadAction\",\"target\":[\"https:\\\/\\\/macite.tg\\\/?p=26036\"]}]},{\"@type\":\"ImageObject\",\"inLanguage\":\"fr-FR\",\"@id\":\"https:\\\/\\\/macite.tg\\\/?p=26036#primaryimage\",\"url\":\"https:\\\/\\\/macite.tg\\\/wp-content\\\/uploads\\\/2025\\\/11\\\/EFOFAT.jpg\",\"contentUrl\":\"https:\\\/\\\/macite.tg\\\/wp-content\\\/uploads\\\/2025\\\/11\\\/EFOFAT.jpg\",\"width\":500,\"height\":306},{\"@type\":\"BreadcrumbList\",\"@id\":\"https:\\\/\\\/macite.tg\\\/?p=26036#breadcrumb\",\"itemListElement\":[{\"@type\":\"ListItem\",\"position\":1,\"name\":\"Accueil\",\"item\":\"https:\\\/\\\/macite.tg\\\/\"},{\"@type\":\"ListItem\",\"position\":2,\"name\":\"EFOFAT, 30 ANS DEJA : L\u2019\u00e9v\u00e9nement c\u00e9l\u00e9br\u00e9 \u00e0 Pya en pr\u00e9sence de Faure Gnassingb\u00e9\"}]},{\"@type\":\"WebSite\",\"@id\":\"https:\\\/\\\/macite.tg\\\/#website\",\"url\":\"https:\\\/\\\/macite.tg\\\/\",\"name\":\"\",\"description\":\"L&#039;information, la bonne!!!\",\"potentialAction\":[{\"@type\":\"SearchAction\",\"target\":{\"@type\":\"EntryPoint\",\"urlTemplate\":\"https:\\\/\\\/macite.tg\\\/?s={search_term_string}\"},\"query-input\":{\"@type\":\"PropertyValueSpecification\",\"valueRequired\":true,\"valueName\":\"search_term_string\"}}],\"inLanguage\":\"fr-FR\"},{\"@type\":\"Person\",\"@id\":\"https:\\\/\\\/macite.tg\\\/#\\\/schema\\\/person\\\/e9f2de7e5dbbe7770a9402c7ce82f5c2\",\"name\":\"Jean Pierre BAWELA\",\"image\":{\"@type\":\"ImageObject\",\"inLanguage\":\"fr-FR\",\"@id\":\"https:\\\/\\\/macite.tg\\\/wp-content\\\/uploads\\\/2023\\\/09\\\/WhatsApp-Image-2023-09-19-at-14.44.41-122x122.jpeg\",\"url\":\"https:\\\/\\\/macite.tg\\\/wp-content\\\/uploads\\\/2023\\\/09\\\/WhatsApp-Image-2023-09-19-at-14.44.41-122x122.jpeg\",\"contentUrl\":\"https:\\\/\\\/macite.tg\\\/wp-content\\\/uploads\\\/2023\\\/09\\\/WhatsApp-Image-2023-09-19-at-14.44.41-122x122.jpeg\",\"caption\":\"Jean Pierre BAWELA\"},\"url\":\"https:\\\/\\\/macite.tg\\\/?author=2\"}]}<\/script>\n<!-- \/ Yoast SEO plugin. -->","yoast_head_json":{"title":"EFOFAT, 30 ANS DEJA : L\u2019\u00e9v\u00e9nement c\u00e9l\u00e9br\u00e9 \u00e0 Pya en pr\u00e9sence de Faure Gnassingb\u00e9 -","robots":{"index":"index","follow":"follow","max-snippet":"max-snippet:-1","max-image-preview":"max-image-preview:large","max-video-preview":"max-video-preview:-1"},"canonical":"https:\/\/macite.tg\/?p=26036","og_locale":"fr_FR","og_type":"article","og_title":"EFOFAT, 30 ANS DEJA : L\u2019\u00e9v\u00e9nement c\u00e9l\u00e9br\u00e9 \u00e0 Pya en pr\u00e9sence de Faure Gnassingb\u00e9 -","og_description":"1995 -2025&nbsp;: 30 ans d\u00e9j\u00e0 que l\u2019\u00c9cole de formation des officiers des forces arm\u00e9es togolaises (EFOFAT) est au service de la professionnalisation et de la modernisation des arm\u00e9es dans la sous-r\u00e9gion, notamment. Et cela se c\u00e9l\u00e8bre. Cette c\u00e9l\u00e9bration, qui inscrite dans le cadre des manifestations [&hellip;]","og_url":"https:\/\/macite.tg\/?p=26036","article_published_time":"2025-11-09T18:27:09+00:00","article_modified_time":"2025-11-09T18:29:53+00:00","og_image":[{"width":500,"height":306,"url":"https:\/\/macite.tg\/wp-content\/uploads\/2025\/11\/EFOFAT.jpg","type":"image\/jpeg"}],"author":"Jean Pierre BAWELA","twitter_card":"summary_large_image","twitter_misc":{"\u00c9crit par":"Jean Pierre BAWELA","Dur\u00e9e de lecture estim\u00e9e":"3 minutes"},"schema":{"@context":"https:\/\/schema.org","@graph":[{"@type":"Article","@id":"https:\/\/macite.tg\/?p=26036#article","isPartOf":{"@id":"https:\/\/macite.tg\/?p=26036"},"author":{"name":"Jean Pierre BAWELA","@id":"https:\/\/macite.tg\/#\/schema\/person\/e9f2de7e5dbbe7770a9402c7ce82f5c2"},"headline":"EFOFAT, 30 ANS DEJA : L\u2019\u00e9v\u00e9nement c\u00e9l\u00e9br\u00e9 \u00e0 Pya en pr\u00e9sence de Faure Gnassingb\u00e9","datePublished":"2025-11-09T18:27:09+00:00","dateModified":"2025-11-09T18:29:53+00:00","mainEntityOfPage":{"@id":"https:\/\/macite.tg\/?p=26036"},"wordCount":404,"commentCount":0,"image":{"@id":"https:\/\/macite.tg\/?p=26036#primaryimage"},"thumbnailUrl":"https:\/\/macite.tg\/wp-content\/uploads\/2025\/11\/EFOFAT.jpg","articleSection":["ACTUALITE","SECURITE"],"inLanguage":"fr-FR","potentialAction":[{"@type":"CommentAction","name":"Comment","target":["https:\/\/macite.tg\/?p=26036#respond"]}]},{"@type":"WebPage","@id":"https:\/\/macite.tg\/?p=26036","url":"https:\/\/macite.tg\/?p=26036","name":"EFOFAT, 30 ANS DEJA : L\u2019\u00e9v\u00e9nement c\u00e9l\u00e9br\u00e9 \u00e0 Pya en pr\u00e9sence de Faure Gnassingb\u00e9 -","isPartOf":{"@id":"https:\/\/macite.tg\/#website"},"primaryImageOfPage":{"@id":"https:\/\/macite.tg\/?p=26036#primaryimage"},"image":{"@id":"https:\/\/macite.tg\/?p=26036#primaryimage"},"thumbnailUrl":"https:\/\/macite.tg\/wp-content\/uploads\/2025\/11\/EFOFAT.jpg","datePublished":"2025-11-09T18:27:09+00:00","dateModified":"2025-11-09T18:29:53+00:00","author":{"@id":"https:\/\/macite.tg\/#\/schema\/person\/e9f2de7e5dbbe7770a9402c7ce82f5c2"},"breadcrumb":{"@id":"https:\/\/macite.tg\/?p=26036#breadcrumb"},"inLanguage":"fr-FR","potentialAction":[{"@type":"ReadAction","target":["https:\/\/macite.tg\/?p=26036"]}]},{"@type":"ImageObject","inLanguage":"fr-FR","@id":"https:\/\/macite.tg\/?p=26036#primaryimage","url":"https:\/\/macite.tg\/wp-content\/uploads\/2025\/11\/EFOFAT.jpg","contentUrl":"https:\/\/macite.tg\/wp-content\/uploads\/2025\/11\/EFOFAT.jpg","width":500,"height":306},{"@type":"BreadcrumbList","@id":"https:\/\/macite.tg\/?p=26036#breadcrumb","itemListElement":[{"@type":"ListItem","position":1,"name":"Accueil","item":"https:\/\/macite.tg\/"},{"@type":"ListItem","position":2,"name":"EFOFAT, 30 ANS DEJA : L\u2019\u00e9v\u00e9nement c\u00e9l\u00e9br\u00e9 \u00e0 Pya en pr\u00e9sence de Faure Gnassingb\u00e9"}]},{"@type":"WebSite","@id":"https:\/\/macite.tg\/#website","url":"https:\/\/macite.tg\/","name":"","description":"L&#039;information, la bonne!!!","potentialAction":[{"@type":"SearchAction","target":{"@type":"EntryPoint","urlTemplate":"https:\/\/macite.tg\/?s={search_term_string}"},"query-input":{"@type":"PropertyValueSpecification","valueRequired":true,"valueName":"search_term_string"}}],"inLanguage":"fr-FR"},{"@type":"Person","@id":"https:\/\/macite.tg\/#\/schema\/person\/e9f2de7e5dbbe7770a9402c7ce82f5c2","name":"Jean Pierre BAWELA","image":{"@type":"ImageObject","inLanguage":"fr-FR","@id":"https:\/\/macite.tg\/wp-content\/uploads\/2023\/09\/WhatsApp-Image-2023-09-19-at-14.44.41-122x122.jpeg","url":"https:\/\/macite.tg\/wp-content\/uploads\/2023\/09\/WhatsApp-Image-2023-09-19-at-14.44.41-122x122.jpeg","contentUrl":"https:\/\/macite.tg\/wp-content\/uploads\/2023\/09\/WhatsApp-Image-2023-09-19-at-14.44.41-122x122.jpeg","caption":"Jean Pierre BAWELA"},"url":"https:\/\/macite.tg\/?author=2"}]}},"_links":{"self":[{"href":"https:\/\/macite.tg\/index.php?rest_route=\/wp\/v2\/posts\/26036","targetHints":{"allow":["GET"]}}],"collection":[{"href":"https:\/\/macite.tg\/index.php?rest_route=\/wp\/v2\/posts"}],"about":[{"href":"https:\/\/macite.tg\/index.php?rest_route=\/wp\/v2\/types\/post"}],"author":[{"embeddable":true,"href":"https:\/\/macite.tg\/index.php?rest_route=\/wp\/v2\/users\/2"}],"replies":[{"embeddable":true,"href":"https:\/\/macite.tg\/index.php?rest_route=%2Fwp%2Fv2%2Fcomments&post=26036"}],"version-history":[{"count":0,"href":"https:\/\/macite.tg\/index.php?rest_route=\/wp\/v2\/posts\/26036\/revisions"}],"wp:featuredmedia":[{"embeddable":true,"href":"https:\/\/macite.tg\/index.php?rest_route=\/wp\/v2\/media\/26037"}],"wp:attachment":[{"href":"https:\/\/macite.tg\/index.php?rest_route=%2Fwp%2Fv2%2Fmedia&parent=26036"}],"wp:term":[{"taxonomy":"category","embeddable":true,"href":"https:\/\/macite.tg\/index.php?rest_route=%2Fwp%2Fv2%2Fcategories&post=26036"},{"taxonomy":"post_tag","embeddable":true,"href":"https:\/\/macite.tg\/index.php?rest_route=%2Fwp%2Fv2%2Ftags&post=26036"}],"curies":[{"name":"wp","href":"https:\/\/api.w.org\/{rel}","templated":true}]}}