{"id":26032,"date":"2025-11-09T18:04:42","date_gmt":"2025-11-09T18:04:42","guid":{"rendered":"https:\/\/macite.tg\/?p=26032"},"modified":"2025-11-09T18:04:58","modified_gmt":"2025-11-09T18:04:58","slug":"mondial-u17-le-maroc-etrille-la-nouvelle-caledonie-16-0","status":"publish","type":"post","link":"https:\/\/macite.tg\/?p=26032","title":{"rendered":"MONDIAL U17 : Le Maroc \u00e9trille la Nouvelle-Cal\u00e9donie, 16-0"},"content":{"rendered":"\n<p class=\"wp-block-paragraph\"><strong><em>Apr\u00e8s leur d\u00e9faite d\u2019entr\u00e9e face au Japon (0-2), les jeunes Marocains avaient \u00e0 c\u0153ur de se reprendre lors de leur seconde sortie face \u00e0 la Nouvelle-Cal\u00e9donie, dans le groupe B, du mondial U17 qui se d\u00e9roule \u00e0 Doha. Ce dimanche, les Lionceaux ont domin\u00e9 de bout en bout la rencontre avec un s\u00e9v\u00e8re 16 buts \u00e0 z\u00e9ro<\/em><\/strong>, <strong><em>et signe ainsi un record historique.<\/em><\/strong><\/p>\n\n\n\n<p class=\"wp-block-paragraph\">Le s\u00e9lectionneur national, Nabil Baha, a affirm\u00e9, dimanche \u00e0 Doha, que la d\u00e9termination des joueurs de l\u2019\u00e9quipe nationale U17 a \u00e9t\u00e9 d\u00e9cisive pour remporter largement le match face \u00e0 la Nouvelle-Cal\u00e9donie, disput\u00e9 dimanche au stade n\u00b01 de l\u2019Aspire Zone, pour le compte de la 3e et derni\u00e8re journ\u00e9e du groupe B de la Coupe du monde de la cat\u00e9gorie.<\/p>\n\n\n<div class=\"wp-block-image\">\n<figure class=\"aligncenter size-large\"><img loading=\"lazy\" decoding=\"async\" width=\"1024\" height=\"426\" src=\"https:\/\/macite.tg\/wp-content\/uploads\/2025\/10\/OTR_Depreciation-1024x426.jpg\" alt=\"\" class=\"wp-image-25740\" srcset=\"https:\/\/macite.tg\/wp-content\/uploads\/2025\/10\/OTR_Depreciation-1024x426.jpg 1024w, https:\/\/macite.tg\/wp-content\/uploads\/2025\/10\/OTR_Depreciation-300x125.jpg 300w, https:\/\/macite.tg\/wp-content\/uploads\/2025\/10\/OTR_Depreciation-768x320.jpg 768w, https:\/\/macite.tg\/wp-content\/uploads\/2025\/10\/OTR_Depreciation.jpg 1132w\" sizes=\"auto, (max-width: 1024px) 100vw, 1024px\" \/><\/figure>\n<\/div>\n\n\n<p class=\"wp-block-paragraph\"><em>\u00ab Les joueurs ont montr\u00e9 un autre visage et ont fait un grand match \u00bb,<\/em> s\u2019est-il r\u00e9jouit en d\u00e9claration de presse apr\u00e8s la victoire des Lionceaux de l\u2019Atlas par 16 buts \u00e0 0 contre la Nouvelle-Cal\u00e9donie, ajoutant que <em>\u00ab cette victoire est tr\u00e8s importante, surtout avec le score qu\u2019on a fait pour avoir une diff\u00e9rence de but positive \u00bb.<\/em><\/p>\n\n\n\n<p class=\"wp-block-paragraph\"><em>\u00ab Gr\u00e2ce \u00e0 la prestation des joueurs nous avons consolid\u00e9 nos chances de passer au prochain tour \u00bb,<\/em> a indiqu\u00e9 Baha, qui n\u2019a pas manqu\u00e9 de remercier les supporters marocains qui sont venus nombreux pour supporter l\u2019\u00e9quipe nationale U17.<\/p>\n\n\n\n<p class=\"wp-block-paragraph\"><em>\u00ab Je tiens \u00e0 f\u00e9liciter les joueurs qui ont fait un grand match et qui avaient confiance en leurs capacit\u00e9s de gagner \u00bb,<\/em> a-t-il soutenu, pr\u00e9cisant que <em>\u00ab les joueurs ont \u00e9t\u00e9 d\u00e9termin\u00e9s et conscients de l\u2019importance de ce dernier match de la phase de groupes. Ils savaient qu\u2019il fallait absolument le gagner pour rester dans la course \u00e0 la qualification \u00bb.<\/em><\/p>\n\n\n<div class=\"wp-block-image\">\n<figure class=\"aligncenter size-large is-resized\"><img loading=\"lazy\" decoding=\"async\" width=\"723\" height=\"1024\" src=\"https:\/\/macite.tg\/wp-content\/uploads\/2025\/10\/OTR_TPU_30octobre-723x1024.jpg\" alt=\"\" class=\"wp-image-25877\" style=\"width:591px;height:auto\" srcset=\"https:\/\/macite.tg\/wp-content\/uploads\/2025\/10\/OTR_TPU_30octobre-723x1024.jpg 723w, https:\/\/macite.tg\/wp-content\/uploads\/2025\/10\/OTR_TPU_30octobre-212x300.jpg 212w, https:\/\/macite.tg\/wp-content\/uploads\/2025\/10\/OTR_TPU_30octobre.jpg 763w\" sizes=\"auto, (max-width: 723px) 100vw, 723px\" \/><\/figure>\n<\/div>\n\n\n<p class=\"wp-block-paragraph\">Il a, dans ce sens, expliqu\u00e9 que <em>\u00ab les joueurs se sont l\u00e2ch\u00e9s lors de ce match et j\u2019esp\u00e8re que \u00e7a va continuer comme \u00e7a pour le prochain tour en cas de qualification \u00bb.<\/em><\/p>\n\n\n\n<p class=\"wp-block-paragraph\">Gr\u00e2ce \u00e0 cette large victoire, les Lionceaux \u00e9tablissent ainsi un record jamais enregistr\u00e9 dans la comp\u00e9tition de leur cat\u00e9gorie.<\/p>\n\n\n\n<p class=\"wp-block-paragraph\"><strong>(Avec<\/strong> <strong>MSN<\/strong>)<\/p>\n\n\n\n<p class=\"wp-block-paragraph\"><a><strong><em>@macite.tg&nbsp;&nbsp;&nbsp;&nbsp;&nbsp;&nbsp;&nbsp;&nbsp;<\/em><\/strong><\/a><\/p>\n\n\n\n<p class=\"wp-block-paragraph\"><strong><em>E-mail&nbsp;: <\/em><\/strong><a href=\"mailto:maciteinfo@gmail.com\"><strong><em>maciteinfo@gmail.com<\/em><\/strong><\/a><strong><em>; <\/em><\/strong><a href=\"mailto:bawela1@gmail.com\"><strong><em>bawela1@gmail.com<\/em><\/strong><\/a><strong><em><\/em><\/strong><\/p>\n\n\n\n<p class=\"wp-block-paragraph\"><strong><em>Pour vos annonces, (publi)reportages, etc., joignez-nous au (00228)91515309\/<strong>79872224 <\/strong><strong><\/strong><\/em><\/strong><\/p>\n\n\n\n<p class=\"wp-block-paragraph\"><strong><em>www.macite.tg, L\u2019information, la bonne&nbsp;!<\/em><\/strong><\/p>\n","protected":false},"excerpt":{"rendered":"<p class=\"text-justify mb-2\" >Apr\u00e8s leur d\u00e9faite d\u2019entr\u00e9e face au Japon (0-2), les jeunes Marocains avaient \u00e0 c\u0153ur de se reprendre lors de leur seconde sortie face \u00e0 la Nouvelle-Cal\u00e9donie, dans le groupe B, du mondial U17 qui se d\u00e9roule \u00e0 Doha. Ce dimanche, les Lionceaux ont domin\u00e9 de [&hellip;]<\/p>\n","protected":false},"author":2,"featured_media":26034,"comment_status":"open","ping_status":"open","sticky":false,"template":"","format":"standard","meta":{"footnotes":""},"categories":[20,63,7],"tags":[],"class_list":["post-26032","post","type-post","status-publish","format-standard","has-post-thumbnail","hentry","category-actualite","category-football","category-sports"],"yoast_head":"<!-- This site is optimized with the Yoast SEO plugin v28.4 - https:\/\/yoast.com\/product\/yoast-seo-wordpress\/ -->\n<title>MONDIAL U17 : Le Maroc \u00e9trille la Nouvelle-Cal\u00e9donie, 16-0 -<\/title>\n<meta name=\"robots\" content=\"index, follow, max-snippet:-1, max-image-preview:large, max-video-preview:-1\" \/>\n<link rel=\"canonical\" href=\"https:\/\/macite.tg\/?p=26032\" \/>\n<meta property=\"og:locale\" content=\"fr_FR\" \/>\n<meta property=\"og:type\" content=\"article\" \/>\n<meta property=\"og:title\" content=\"MONDIAL U17 : Le Maroc \u00e9trille la Nouvelle-Cal\u00e9donie, 16-0 -\" \/>\n<meta property=\"og:description\" content=\"Apr\u00e8s leur d\u00e9faite d\u2019entr\u00e9e face au Japon (0-2), les jeunes Marocains avaient \u00e0 c\u0153ur de se reprendre lors de leur seconde sortie face \u00e0 la Nouvelle-Cal\u00e9donie, dans le groupe B, du mondial U17 qui se d\u00e9roule \u00e0 Doha. Ce dimanche, les Lionceaux ont domin\u00e9 de [&hellip;]\" \/>\n<meta property=\"og:url\" content=\"https:\/\/macite.tg\/?p=26032\" \/>\n<meta property=\"article:published_time\" content=\"2025-11-09T18:04:42+00:00\" \/>\n<meta property=\"article:modified_time\" content=\"2025-11-09T18:04:58+00:00\" \/>\n<meta property=\"og:image\" content=\"https:\/\/macite.tg\/wp-content\/uploads\/2025\/11\/MAROC.jpg\" \/>\n\t<meta property=\"og:image:width\" content=\"500\" \/>\n\t<meta property=\"og:image:height\" content=\"282\" \/>\n\t<meta property=\"og:image:type\" content=\"image\/jpeg\" \/>\n<meta name=\"author\" content=\"Jean Pierre BAWELA\" \/>\n<meta name=\"twitter:card\" content=\"summary_large_image\" \/>\n<meta name=\"twitter:label1\" content=\"\u00c9crit par\" \/>\n\t<meta name=\"twitter:data1\" content=\"Jean Pierre BAWELA\" \/>\n\t<meta name=\"twitter:label2\" content=\"Dur\u00e9e de lecture estim\u00e9e\" \/>\n\t<meta name=\"twitter:data2\" content=\"3 minutes\" \/>\n<script type=\"application\/ld+json\" class=\"yoast-schema-graph\">{\"@context\":\"https:\\\/\\\/schema.org\",\"@graph\":[{\"@type\":\"Article\",\"@id\":\"https:\\\/\\\/macite.tg\\\/?p=26032#article\",\"isPartOf\":{\"@id\":\"https:\\\/\\\/macite.tg\\\/?p=26032\"},\"author\":{\"name\":\"Jean Pierre BAWELA\",\"@id\":\"https:\\\/\\\/macite.tg\\\/#\\\/schema\\\/person\\\/e9f2de7e5dbbe7770a9402c7ce82f5c2\"},\"headline\":\"MONDIAL U17 : Le Maroc \u00e9trille la Nouvelle-Cal\u00e9donie, 16-0\",\"datePublished\":\"2025-11-09T18:04:42+00:00\",\"dateModified\":\"2025-11-09T18:04:58+00:00\",\"mainEntityOfPage\":{\"@id\":\"https:\\\/\\\/macite.tg\\\/?p=26032\"},\"wordCount\":399,\"commentCount\":0,\"image\":{\"@id\":\"https:\\\/\\\/macite.tg\\\/?p=26032#primaryimage\"},\"thumbnailUrl\":\"https:\\\/\\\/macite.tg\\\/wp-content\\\/uploads\\\/2025\\\/11\\\/MAROC.jpg\",\"articleSection\":[\"ACTUALITE\",\"FOOTBALL\",\"SPORTS\"],\"inLanguage\":\"fr-FR\",\"potentialAction\":[{\"@type\":\"CommentAction\",\"name\":\"Comment\",\"target\":[\"https:\\\/\\\/macite.tg\\\/?p=26032#respond\"]}]},{\"@type\":\"WebPage\",\"@id\":\"https:\\\/\\\/macite.tg\\\/?p=26032\",\"url\":\"https:\\\/\\\/macite.tg\\\/?p=26032\",\"name\":\"MONDIAL U17 : Le Maroc \u00e9trille la Nouvelle-Cal\u00e9donie, 16-0 -\",\"isPartOf\":{\"@id\":\"https:\\\/\\\/macite.tg\\\/#website\"},\"primaryImageOfPage\":{\"@id\":\"https:\\\/\\\/macite.tg\\\/?p=26032#primaryimage\"},\"image\":{\"@id\":\"https:\\\/\\\/macite.tg\\\/?p=26032#primaryimage\"},\"thumbnailUrl\":\"https:\\\/\\\/macite.tg\\\/wp-content\\\/uploads\\\/2025\\\/11\\\/MAROC.jpg\",\"datePublished\":\"2025-11-09T18:04:42+00:00\",\"dateModified\":\"2025-11-09T18:04:58+00:00\",\"author\":{\"@id\":\"https:\\\/\\\/macite.tg\\\/#\\\/schema\\\/person\\\/e9f2de7e5dbbe7770a9402c7ce82f5c2\"},\"breadcrumb\":{\"@id\":\"https:\\\/\\\/macite.tg\\\/?p=26032#breadcrumb\"},\"inLanguage\":\"fr-FR\",\"potentialAction\":[{\"@type\":\"ReadAction\",\"target\":[\"https:\\\/\\\/macite.tg\\\/?p=26032\"]}]},{\"@type\":\"ImageObject\",\"inLanguage\":\"fr-FR\",\"@id\":\"https:\\\/\\\/macite.tg\\\/?p=26032#primaryimage\",\"url\":\"https:\\\/\\\/macite.tg\\\/wp-content\\\/uploads\\\/2025\\\/11\\\/MAROC.jpg\",\"contentUrl\":\"https:\\\/\\\/macite.tg\\\/wp-content\\\/uploads\\\/2025\\\/11\\\/MAROC.jpg\",\"width\":500,\"height\":282},{\"@type\":\"BreadcrumbList\",\"@id\":\"https:\\\/\\\/macite.tg\\\/?p=26032#breadcrumb\",\"itemListElement\":[{\"@type\":\"ListItem\",\"position\":1,\"name\":\"Accueil\",\"item\":\"https:\\\/\\\/macite.tg\\\/\"},{\"@type\":\"ListItem\",\"position\":2,\"name\":\"MONDIAL U17 : Le Maroc \u00e9trille la Nouvelle-Cal\u00e9donie, 16-0\"}]},{\"@type\":\"WebSite\",\"@id\":\"https:\\\/\\\/macite.tg\\\/#website\",\"url\":\"https:\\\/\\\/macite.tg\\\/\",\"name\":\"\",\"description\":\"L&#039;information, la bonne!!!\",\"potentialAction\":[{\"@type\":\"SearchAction\",\"target\":{\"@type\":\"EntryPoint\",\"urlTemplate\":\"https:\\\/\\\/macite.tg\\\/?s={search_term_string}\"},\"query-input\":{\"@type\":\"PropertyValueSpecification\",\"valueRequired\":true,\"valueName\":\"search_term_string\"}}],\"inLanguage\":\"fr-FR\"},{\"@type\":\"Person\",\"@id\":\"https:\\\/\\\/macite.tg\\\/#\\\/schema\\\/person\\\/e9f2de7e5dbbe7770a9402c7ce82f5c2\",\"name\":\"Jean Pierre BAWELA\",\"image\":{\"@type\":\"ImageObject\",\"inLanguage\":\"fr-FR\",\"@id\":\"https:\\\/\\\/macite.tg\\\/wp-content\\\/uploads\\\/2023\\\/09\\\/WhatsApp-Image-2023-09-19-at-14.44.41-122x122.jpeg\",\"url\":\"https:\\\/\\\/macite.tg\\\/wp-content\\\/uploads\\\/2023\\\/09\\\/WhatsApp-Image-2023-09-19-at-14.44.41-122x122.jpeg\",\"contentUrl\":\"https:\\\/\\\/macite.tg\\\/wp-content\\\/uploads\\\/2023\\\/09\\\/WhatsApp-Image-2023-09-19-at-14.44.41-122x122.jpeg\",\"caption\":\"Jean Pierre BAWELA\"},\"url\":\"https:\\\/\\\/macite.tg\\\/?author=2\"}]}<\/script>\n<!-- \/ Yoast SEO plugin. -->","yoast_head_json":{"title":"MONDIAL U17 : Le Maroc \u00e9trille la Nouvelle-Cal\u00e9donie, 16-0 -","robots":{"index":"index","follow":"follow","max-snippet":"max-snippet:-1","max-image-preview":"max-image-preview:large","max-video-preview":"max-video-preview:-1"},"canonical":"https:\/\/macite.tg\/?p=26032","og_locale":"fr_FR","og_type":"article","og_title":"MONDIAL U17 : Le Maroc \u00e9trille la Nouvelle-Cal\u00e9donie, 16-0 -","og_description":"Apr\u00e8s leur d\u00e9faite d\u2019entr\u00e9e face au Japon (0-2), les jeunes Marocains avaient \u00e0 c\u0153ur de se reprendre lors de leur seconde sortie face \u00e0 la Nouvelle-Cal\u00e9donie, dans le groupe B, du mondial U17 qui se d\u00e9roule \u00e0 Doha. Ce dimanche, les Lionceaux ont domin\u00e9 de [&hellip;]","og_url":"https:\/\/macite.tg\/?p=26032","article_published_time":"2025-11-09T18:04:42+00:00","article_modified_time":"2025-11-09T18:04:58+00:00","og_image":[{"width":500,"height":282,"url":"https:\/\/macite.tg\/wp-content\/uploads\/2025\/11\/MAROC.jpg","type":"image\/jpeg"}],"author":"Jean Pierre BAWELA","twitter_card":"summary_large_image","twitter_misc":{"\u00c9crit par":"Jean Pierre BAWELA","Dur\u00e9e de lecture estim\u00e9e":"3 minutes"},"schema":{"@context":"https:\/\/schema.org","@graph":[{"@type":"Article","@id":"https:\/\/macite.tg\/?p=26032#article","isPartOf":{"@id":"https:\/\/macite.tg\/?p=26032"},"author":{"name":"Jean Pierre BAWELA","@id":"https:\/\/macite.tg\/#\/schema\/person\/e9f2de7e5dbbe7770a9402c7ce82f5c2"},"headline":"MONDIAL U17 : Le Maroc \u00e9trille la Nouvelle-Cal\u00e9donie, 16-0","datePublished":"2025-11-09T18:04:42+00:00","dateModified":"2025-11-09T18:04:58+00:00","mainEntityOfPage":{"@id":"https:\/\/macite.tg\/?p=26032"},"wordCount":399,"commentCount":0,"image":{"@id":"https:\/\/macite.tg\/?p=26032#primaryimage"},"thumbnailUrl":"https:\/\/macite.tg\/wp-content\/uploads\/2025\/11\/MAROC.jpg","articleSection":["ACTUALITE","FOOTBALL","SPORTS"],"inLanguage":"fr-FR","potentialAction":[{"@type":"CommentAction","name":"Comment","target":["https:\/\/macite.tg\/?p=26032#respond"]}]},{"@type":"WebPage","@id":"https:\/\/macite.tg\/?p=26032","url":"https:\/\/macite.tg\/?p=26032","name":"MONDIAL U17 : Le Maroc \u00e9trille la Nouvelle-Cal\u00e9donie, 16-0 -","isPartOf":{"@id":"https:\/\/macite.tg\/#website"},"primaryImageOfPage":{"@id":"https:\/\/macite.tg\/?p=26032#primaryimage"},"image":{"@id":"https:\/\/macite.tg\/?p=26032#primaryimage"},"thumbnailUrl":"https:\/\/macite.tg\/wp-content\/uploads\/2025\/11\/MAROC.jpg","datePublished":"2025-11-09T18:04:42+00:00","dateModified":"2025-11-09T18:04:58+00:00","author":{"@id":"https:\/\/macite.tg\/#\/schema\/person\/e9f2de7e5dbbe7770a9402c7ce82f5c2"},"breadcrumb":{"@id":"https:\/\/macite.tg\/?p=26032#breadcrumb"},"inLanguage":"fr-FR","potentialAction":[{"@type":"ReadAction","target":["https:\/\/macite.tg\/?p=26032"]}]},{"@type":"ImageObject","inLanguage":"fr-FR","@id":"https:\/\/macite.tg\/?p=26032#primaryimage","url":"https:\/\/macite.tg\/wp-content\/uploads\/2025\/11\/MAROC.jpg","contentUrl":"https:\/\/macite.tg\/wp-content\/uploads\/2025\/11\/MAROC.jpg","width":500,"height":282},{"@type":"BreadcrumbList","@id":"https:\/\/macite.tg\/?p=26032#breadcrumb","itemListElement":[{"@type":"ListItem","position":1,"name":"Accueil","item":"https:\/\/macite.tg\/"},{"@type":"ListItem","position":2,"name":"MONDIAL U17 : Le Maroc \u00e9trille la Nouvelle-Cal\u00e9donie, 16-0"}]},{"@type":"WebSite","@id":"https:\/\/macite.tg\/#website","url":"https:\/\/macite.tg\/","name":"","description":"L&#039;information, la bonne!!!","potentialAction":[{"@type":"SearchAction","target":{"@type":"EntryPoint","urlTemplate":"https:\/\/macite.tg\/?s={search_term_string}"},"query-input":{"@type":"PropertyValueSpecification","valueRequired":true,"valueName":"search_term_string"}}],"inLanguage":"fr-FR"},{"@type":"Person","@id":"https:\/\/macite.tg\/#\/schema\/person\/e9f2de7e5dbbe7770a9402c7ce82f5c2","name":"Jean Pierre BAWELA","image":{"@type":"ImageObject","inLanguage":"fr-FR","@id":"https:\/\/macite.tg\/wp-content\/uploads\/2023\/09\/WhatsApp-Image-2023-09-19-at-14.44.41-122x122.jpeg","url":"https:\/\/macite.tg\/wp-content\/uploads\/2023\/09\/WhatsApp-Image-2023-09-19-at-14.44.41-122x122.jpeg","contentUrl":"https:\/\/macite.tg\/wp-content\/uploads\/2023\/09\/WhatsApp-Image-2023-09-19-at-14.44.41-122x122.jpeg","caption":"Jean Pierre BAWELA"},"url":"https:\/\/macite.tg\/?author=2"}]}},"_links":{"self":[{"href":"https:\/\/macite.tg\/index.php?rest_route=\/wp\/v2\/posts\/26032","targetHints":{"allow":["GET"]}}],"collection":[{"href":"https:\/\/macite.tg\/index.php?rest_route=\/wp\/v2\/posts"}],"about":[{"href":"https:\/\/macite.tg\/index.php?rest_route=\/wp\/v2\/types\/post"}],"author":[{"embeddable":true,"href":"https:\/\/macite.tg\/index.php?rest_route=\/wp\/v2\/users\/2"}],"replies":[{"embeddable":true,"href":"https:\/\/macite.tg\/index.php?rest_route=%2Fwp%2Fv2%2Fcomments&post=26032"}],"version-history":[{"count":0,"href":"https:\/\/macite.tg\/index.php?rest_route=\/wp\/v2\/posts\/26032\/revisions"}],"wp:featuredmedia":[{"embeddable":true,"href":"https:\/\/macite.tg\/index.php?rest_route=\/wp\/v2\/media\/26034"}],"wp:attachment":[{"href":"https:\/\/macite.tg\/index.php?rest_route=%2Fwp%2Fv2%2Fmedia&parent=26032"}],"wp:term":[{"taxonomy":"category","embeddable":true,"href":"https:\/\/macite.tg\/index.php?rest_route=%2Fwp%2Fv2%2Fcategories&post=26032"},{"taxonomy":"post_tag","embeddable":true,"href":"https:\/\/macite.tg\/index.php?rest_route=%2Fwp%2Fv2%2Ftags&post=26032"}],"curies":[{"name":"wp","href":"https:\/\/api.w.org\/{rel}","templated":true}]}}