{"id":26029,"date":"2025-11-10T08:43:42","date_gmt":"2025-11-10T08:43:42","guid":{"rendered":"https:\/\/macite.tg\/?p=26029"},"modified":"2025-11-10T08:43:46","modified_gmt":"2025-11-10T08:43:46","slug":"digitalisation-des-services-publics-vers-le-tout-numerique-au-ministere-des-mines-et-de-lenergie","status":"publish","type":"post","link":"https:\/\/macite.tg\/?p=26029","title":{"rendered":"DIGITALISATION DES SERVICES PUBLICS : Vers le tout num\u00e9rique au minist\u00e8re des Mines et de l\u2019\u00e9nergie"},"content":{"rendered":"\n<p class=\"wp-block-paragraph\"><strong><em>Le processus de transformation digitalisation et de modernisation des services publics se poursuit au Togo. Le minist\u00e8re d\u00e9l\u00e9gu\u00e9 charg\u00e9 de l\u2019\u00c9nergie et des Ressources mini\u00e8res vient de franchir un nouveau cap, celui du tout num\u00e9rique.<\/em><\/strong><\/p>\n\n\n\n<p class=\"wp-block-paragraph\">Le minist\u00e8re d\u00e9l\u00e9gu\u00e9 charg\u00e9 de l\u2019\u00c9nergie et des Ressources mini\u00e8res a lanc\u00e9 le mercredi 5 novembre une vaste op\u00e9ration de num\u00e9risation compl\u00e8te.&nbsp;<\/p>\n\n\n\n<p class=\"wp-block-paragraph\">Cette op\u00e9ration, en r\u00e9alit\u00e9 une phase pilote, s\u2019inscrit dans la continuit\u00e9 de la d\u00e9marche entam\u00e9e depuis 2022. Elle se veut de digitaliser compl\u00e8tement tous les processus internes ainsi que la totalit\u00e9 des d\u00e9marches administratives des minist\u00e8res, dans un d\u00e9lai de quatre semaines.<\/p>\n\n\n<div class=\"wp-block-image\">\n<figure class=\"aligncenter size-large\"><img loading=\"lazy\" decoding=\"async\" width=\"1024\" height=\"426\" src=\"https:\/\/macite.tg\/wp-content\/uploads\/2025\/10\/OTR_Depreciation-1024x426.jpg\" alt=\"\" class=\"wp-image-25740\" srcset=\"https:\/\/macite.tg\/wp-content\/uploads\/2025\/10\/OTR_Depreciation-1024x426.jpg 1024w, https:\/\/macite.tg\/wp-content\/uploads\/2025\/10\/OTR_Depreciation-300x125.jpg 300w, https:\/\/macite.tg\/wp-content\/uploads\/2025\/10\/OTR_Depreciation-768x320.jpg 768w, https:\/\/macite.tg\/wp-content\/uploads\/2025\/10\/OTR_Depreciation.jpg 1132w\" sizes=\"auto, (max-width: 1024px) 100vw, 1024px\" \/><\/figure>\n<\/div>\n\n\n<p class=\"wp-block-paragraph\">Port\u00e9e par le minist\u00e8re de l\u2019Efficacit\u00e9 du Service Public et de la Transformation Num\u00e9rique, la nouvelle d\u00e9marche cible cinq axes principaux \u00e0 savoir&nbsp;: le d\u00e9ploiement de nouvelles infrastructures et \u00e9quipements&nbsp;; la digitalisation des processus internes comme la gestion \u00e9lectronique des documents et des courriers&nbsp;; la digitalisation des d\u00e9marches administratives&nbsp;; la valorisation de la donn\u00e9e avec le d\u00e9ploiement de tableaux de bord interactifs&nbsp;; et le transfert des comp\u00e9tences et la conduite du changement.<\/p>\n\n\n\n<p class=\"wp-block-paragraph\">La ministre Cina Lawson, lors de lancement dudit processus, a soulign\u00e9 que digitalis\u00e9 le minist\u00e8re,revient \u00e0 \u00ab&nbsp;<em>am\u00e9liorer l\u2019efficacit\u00e9 car la plupart du temps, lorsque le citoyen a affaire \u00e0 l\u2019Etat, c\u2019est tout un parcours de combattant. Le souhait est de simplifier les proc\u00e9dures, et d\u2019am\u00e9liorer la relation \u00e0 l\u2019Etat pour plus de convivialit\u00e9&nbsp;\u00bb.<\/em><\/p>\n\n\n<div class=\"wp-block-image\">\n<figure class=\"aligncenter size-large\"><img loading=\"lazy\" decoding=\"async\" width=\"723\" height=\"1024\" src=\"https:\/\/macite.tg\/wp-content\/uploads\/2025\/11\/53909ce0-1fbb-438d-b7e6-91edf0f84f8a-723x1024.jpg\" alt=\"\" class=\"wp-image-25927\" srcset=\"https:\/\/macite.tg\/wp-content\/uploads\/2025\/11\/53909ce0-1fbb-438d-b7e6-91edf0f84f8a-723x1024.jpg 723w, https:\/\/macite.tg\/wp-content\/uploads\/2025\/11\/53909ce0-1fbb-438d-b7e6-91edf0f84f8a-212x300.jpg 212w, https:\/\/macite.tg\/wp-content\/uploads\/2025\/11\/53909ce0-1fbb-438d-b7e6-91edf0f84f8a.jpg 763w\" sizes=\"auto, (max-width: 723px) 100vw, 723px\" \/><\/figure>\n<\/div>\n\n\n<p class=\"wp-block-paragraph\">Notons que les travaux seront men\u00e9s par l\u2019Agence Togo Digital (ATD) et Cyber Defense Africa (CDA), en coordination avec les structures du minist\u00e8re. Au total, une trentaine (31) de services recens\u00e9s aupr\u00e8s de cinq entit\u00e9s (CEET, AT2ER, ARSE entre autres) sous la tutelle du minist\u00e8re, sont concern\u00e9s par l\u2019op\u00e9ration.<\/p>\n\n\n\n<p class=\"wp-block-paragraph\">Rappelons qu\u2019apr\u00e8s cette phase pilote, d\u2019autres d\u00e9partements minist\u00e9riels entreront dans la danse.<\/p>\n\n\n\n<p class=\"wp-block-paragraph\"><strong>La R\u00e9daction<\/strong><\/p>\n\n\n\n<p class=\"wp-block-paragraph\"><a><strong><em>@macite.tg&nbsp;&nbsp;&nbsp;&nbsp;&nbsp;&nbsp;&nbsp;&nbsp;<\/em><\/strong><\/a><\/p>\n\n\n\n<p class=\"wp-block-paragraph\"><strong><em>E-mail&nbsp;: <\/em><\/strong><a href=\"mailto:maciteinfo@gmail.com\"><strong><em>maciteinfo@gmail.com<\/em><\/strong><\/a><strong><em>; <\/em><\/strong><a href=\"mailto:bawela1@gmail.com\"><strong><em>bawela1@gmail.com<\/em><\/strong><\/a><strong><em><\/em><\/strong><\/p>\n\n\n\n<p class=\"wp-block-paragraph\"><strong><em>Pour vos annonces, (publi)reportages, etc., joignez-nous au (00228)91515309\/<strong>79872224 <\/strong><strong><\/strong><\/em><\/strong><\/p>\n\n\n\n<p class=\"wp-block-paragraph\"><strong><em>www.macite.tg, L\u2019information, la bonne&nbsp;!<\/em><\/strong><\/p>\n","protected":false},"excerpt":{"rendered":"<p class=\"text-justify mb-2\" >Le processus de transformation digitalisation et de modernisation des services publics se poursuit au Togo. Le minist\u00e8re d\u00e9l\u00e9gu\u00e9 charg\u00e9 de l\u2019\u00c9nergie et des Ressources mini\u00e8res vient de franchir un nouveau cap, celui du tout num\u00e9rique. Le minist\u00e8re d\u00e9l\u00e9gu\u00e9 charg\u00e9 de l\u2019\u00c9nergie et des Ressources mini\u00e8res [&hellip;]<\/p>\n","protected":false},"author":2,"featured_media":26031,"comment_status":"open","ping_status":"open","sticky":false,"template":"","format":"standard","meta":{"footnotes":""},"categories":[20,56],"tags":[],"class_list":["post-26029","post","type-post","status-publish","format-standard","has-post-thumbnail","hentry","category-actualite","category-digital"],"yoast_head":"<!-- This site is optimized with the Yoast SEO plugin v28.4 - https:\/\/yoast.com\/product\/yoast-seo-wordpress\/ -->\n<title>DIGITALISATION DES SERVICES PUBLICS : Vers le tout num\u00e9rique au minist\u00e8re des Mines et de l\u2019\u00e9nergie -<\/title>\n<meta name=\"robots\" content=\"index, follow, max-snippet:-1, max-image-preview:large, max-video-preview:-1\" \/>\n<link rel=\"canonical\" href=\"https:\/\/macite.tg\/?p=26029\" \/>\n<meta property=\"og:locale\" content=\"fr_FR\" \/>\n<meta property=\"og:type\" content=\"article\" \/>\n<meta property=\"og:title\" content=\"DIGITALISATION DES SERVICES PUBLICS : Vers le tout num\u00e9rique au minist\u00e8re des Mines et de l\u2019\u00e9nergie -\" \/>\n<meta property=\"og:description\" content=\"Le processus de transformation digitalisation et de modernisation des services publics se poursuit au Togo. Le minist\u00e8re d\u00e9l\u00e9gu\u00e9 charg\u00e9 de l\u2019\u00c9nergie et des Ressources mini\u00e8res vient de franchir un nouveau cap, celui du tout num\u00e9rique. Le minist\u00e8re d\u00e9l\u00e9gu\u00e9 charg\u00e9 de l\u2019\u00c9nergie et des Ressources mini\u00e8res [&hellip;]\" \/>\n<meta property=\"og:url\" content=\"https:\/\/macite.tg\/?p=26029\" \/>\n<meta property=\"article:published_time\" content=\"2025-11-10T08:43:42+00:00\" \/>\n<meta property=\"article:modified_time\" content=\"2025-11-10T08:43:46+00:00\" \/>\n<meta property=\"og:image\" content=\"https:\/\/macite.tg\/wp-content\/uploads\/2025\/11\/Digital.jpg\" \/>\n\t<meta property=\"og:image:width\" content=\"476\" \/>\n\t<meta property=\"og:image:height\" content=\"210\" \/>\n\t<meta property=\"og:image:type\" content=\"image\/jpeg\" \/>\n<meta name=\"author\" content=\"Jean Pierre BAWELA\" \/>\n<meta name=\"twitter:card\" content=\"summary_large_image\" \/>\n<meta name=\"twitter:label1\" content=\"\u00c9crit par\" \/>\n\t<meta name=\"twitter:data1\" content=\"Jean Pierre BAWELA\" \/>\n\t<meta name=\"twitter:label2\" content=\"Dur\u00e9e de lecture estim\u00e9e\" \/>\n\t<meta name=\"twitter:data2\" content=\"3 minutes\" \/>\n<script type=\"application\/ld+json\" class=\"yoast-schema-graph\">{\"@context\":\"https:\\\/\\\/schema.org\",\"@graph\":[{\"@type\":\"Article\",\"@id\":\"https:\\\/\\\/macite.tg\\\/?p=26029#article\",\"isPartOf\":{\"@id\":\"https:\\\/\\\/macite.tg\\\/?p=26029\"},\"author\":{\"name\":\"Jean Pierre BAWELA\",\"@id\":\"https:\\\/\\\/macite.tg\\\/#\\\/schema\\\/person\\\/e9f2de7e5dbbe7770a9402c7ce82f5c2\"},\"headline\":\"DIGITALISATION DES SERVICES PUBLICS : Vers le tout num\u00e9rique au minist\u00e8re des Mines et de l\u2019\u00e9nergie\",\"datePublished\":\"2025-11-10T08:43:42+00:00\",\"dateModified\":\"2025-11-10T08:43:46+00:00\",\"mainEntityOfPage\":{\"@id\":\"https:\\\/\\\/macite.tg\\\/?p=26029\"},\"wordCount\":400,\"commentCount\":0,\"image\":{\"@id\":\"https:\\\/\\\/macite.tg\\\/?p=26029#primaryimage\"},\"thumbnailUrl\":\"https:\\\/\\\/macite.tg\\\/wp-content\\\/uploads\\\/2025\\\/11\\\/Digital.jpg\",\"articleSection\":[\"ACTUALITE\",\"DIGITAL\"],\"inLanguage\":\"fr-FR\",\"potentialAction\":[{\"@type\":\"CommentAction\",\"name\":\"Comment\",\"target\":[\"https:\\\/\\\/macite.tg\\\/?p=26029#respond\"]}]},{\"@type\":\"WebPage\",\"@id\":\"https:\\\/\\\/macite.tg\\\/?p=26029\",\"url\":\"https:\\\/\\\/macite.tg\\\/?p=26029\",\"name\":\"DIGITALISATION DES SERVICES PUBLICS : Vers le tout num\u00e9rique au minist\u00e8re des Mines et de l\u2019\u00e9nergie -\",\"isPartOf\":{\"@id\":\"https:\\\/\\\/macite.tg\\\/#website\"},\"primaryImageOfPage\":{\"@id\":\"https:\\\/\\\/macite.tg\\\/?p=26029#primaryimage\"},\"image\":{\"@id\":\"https:\\\/\\\/macite.tg\\\/?p=26029#primaryimage\"},\"thumbnailUrl\":\"https:\\\/\\\/macite.tg\\\/wp-content\\\/uploads\\\/2025\\\/11\\\/Digital.jpg\",\"datePublished\":\"2025-11-10T08:43:42+00:00\",\"dateModified\":\"2025-11-10T08:43:46+00:00\",\"author\":{\"@id\":\"https:\\\/\\\/macite.tg\\\/#\\\/schema\\\/person\\\/e9f2de7e5dbbe7770a9402c7ce82f5c2\"},\"breadcrumb\":{\"@id\":\"https:\\\/\\\/macite.tg\\\/?p=26029#breadcrumb\"},\"inLanguage\":\"fr-FR\",\"potentialAction\":[{\"@type\":\"ReadAction\",\"target\":[\"https:\\\/\\\/macite.tg\\\/?p=26029\"]}]},{\"@type\":\"ImageObject\",\"inLanguage\":\"fr-FR\",\"@id\":\"https:\\\/\\\/macite.tg\\\/?p=26029#primaryimage\",\"url\":\"https:\\\/\\\/macite.tg\\\/wp-content\\\/uploads\\\/2025\\\/11\\\/Digital.jpg\",\"contentUrl\":\"https:\\\/\\\/macite.tg\\\/wp-content\\\/uploads\\\/2025\\\/11\\\/Digital.jpg\",\"width\":476,\"height\":210,\"caption\":\"les ministre Cila Lawson et Robert Koffi Eklo, lors du lancement de l'op\u00e9ration\"},{\"@type\":\"BreadcrumbList\",\"@id\":\"https:\\\/\\\/macite.tg\\\/?p=26029#breadcrumb\",\"itemListElement\":[{\"@type\":\"ListItem\",\"position\":1,\"name\":\"Accueil\",\"item\":\"https:\\\/\\\/macite.tg\\\/\"},{\"@type\":\"ListItem\",\"position\":2,\"name\":\"DIGITALISATION DES SERVICES PUBLICS : Vers le tout num\u00e9rique au minist\u00e8re des Mines et de l\u2019\u00e9nergie\"}]},{\"@type\":\"WebSite\",\"@id\":\"https:\\\/\\\/macite.tg\\\/#website\",\"url\":\"https:\\\/\\\/macite.tg\\\/\",\"name\":\"\",\"description\":\"L&#039;information, la bonne!!!\",\"potentialAction\":[{\"@type\":\"SearchAction\",\"target\":{\"@type\":\"EntryPoint\",\"urlTemplate\":\"https:\\\/\\\/macite.tg\\\/?s={search_term_string}\"},\"query-input\":{\"@type\":\"PropertyValueSpecification\",\"valueRequired\":true,\"valueName\":\"search_term_string\"}}],\"inLanguage\":\"fr-FR\"},{\"@type\":\"Person\",\"@id\":\"https:\\\/\\\/macite.tg\\\/#\\\/schema\\\/person\\\/e9f2de7e5dbbe7770a9402c7ce82f5c2\",\"name\":\"Jean Pierre BAWELA\",\"image\":{\"@type\":\"ImageObject\",\"inLanguage\":\"fr-FR\",\"@id\":\"https:\\\/\\\/macite.tg\\\/wp-content\\\/uploads\\\/2023\\\/09\\\/WhatsApp-Image-2023-09-19-at-14.44.41-122x122.jpeg\",\"url\":\"https:\\\/\\\/macite.tg\\\/wp-content\\\/uploads\\\/2023\\\/09\\\/WhatsApp-Image-2023-09-19-at-14.44.41-122x122.jpeg\",\"contentUrl\":\"https:\\\/\\\/macite.tg\\\/wp-content\\\/uploads\\\/2023\\\/09\\\/WhatsApp-Image-2023-09-19-at-14.44.41-122x122.jpeg\",\"caption\":\"Jean Pierre BAWELA\"},\"url\":\"https:\\\/\\\/macite.tg\\\/?author=2\"}]}<\/script>\n<!-- \/ Yoast SEO plugin. -->","yoast_head_json":{"title":"DIGITALISATION DES SERVICES PUBLICS : Vers le tout num\u00e9rique au minist\u00e8re des Mines et de l\u2019\u00e9nergie -","robots":{"index":"index","follow":"follow","max-snippet":"max-snippet:-1","max-image-preview":"max-image-preview:large","max-video-preview":"max-video-preview:-1"},"canonical":"https:\/\/macite.tg\/?p=26029","og_locale":"fr_FR","og_type":"article","og_title":"DIGITALISATION DES SERVICES PUBLICS : Vers le tout num\u00e9rique au minist\u00e8re des Mines et de l\u2019\u00e9nergie -","og_description":"Le processus de transformation digitalisation et de modernisation des services publics se poursuit au Togo. Le minist\u00e8re d\u00e9l\u00e9gu\u00e9 charg\u00e9 de l\u2019\u00c9nergie et des Ressources mini\u00e8res vient de franchir un nouveau cap, celui du tout num\u00e9rique. Le minist\u00e8re d\u00e9l\u00e9gu\u00e9 charg\u00e9 de l\u2019\u00c9nergie et des Ressources mini\u00e8res [&hellip;]","og_url":"https:\/\/macite.tg\/?p=26029","article_published_time":"2025-11-10T08:43:42+00:00","article_modified_time":"2025-11-10T08:43:46+00:00","og_image":[{"width":476,"height":210,"url":"https:\/\/macite.tg\/wp-content\/uploads\/2025\/11\/Digital.jpg","type":"image\/jpeg"}],"author":"Jean Pierre BAWELA","twitter_card":"summary_large_image","twitter_misc":{"\u00c9crit par":"Jean Pierre BAWELA","Dur\u00e9e de lecture estim\u00e9e":"3 minutes"},"schema":{"@context":"https:\/\/schema.org","@graph":[{"@type":"Article","@id":"https:\/\/macite.tg\/?p=26029#article","isPartOf":{"@id":"https:\/\/macite.tg\/?p=26029"},"author":{"name":"Jean Pierre BAWELA","@id":"https:\/\/macite.tg\/#\/schema\/person\/e9f2de7e5dbbe7770a9402c7ce82f5c2"},"headline":"DIGITALISATION DES SERVICES PUBLICS : Vers le tout num\u00e9rique au minist\u00e8re des Mines et de l\u2019\u00e9nergie","datePublished":"2025-11-10T08:43:42+00:00","dateModified":"2025-11-10T08:43:46+00:00","mainEntityOfPage":{"@id":"https:\/\/macite.tg\/?p=26029"},"wordCount":400,"commentCount":0,"image":{"@id":"https:\/\/macite.tg\/?p=26029#primaryimage"},"thumbnailUrl":"https:\/\/macite.tg\/wp-content\/uploads\/2025\/11\/Digital.jpg","articleSection":["ACTUALITE","DIGITAL"],"inLanguage":"fr-FR","potentialAction":[{"@type":"CommentAction","name":"Comment","target":["https:\/\/macite.tg\/?p=26029#respond"]}]},{"@type":"WebPage","@id":"https:\/\/macite.tg\/?p=26029","url":"https:\/\/macite.tg\/?p=26029","name":"DIGITALISATION DES SERVICES PUBLICS : Vers le tout num\u00e9rique au minist\u00e8re des Mines et de l\u2019\u00e9nergie -","isPartOf":{"@id":"https:\/\/macite.tg\/#website"},"primaryImageOfPage":{"@id":"https:\/\/macite.tg\/?p=26029#primaryimage"},"image":{"@id":"https:\/\/macite.tg\/?p=26029#primaryimage"},"thumbnailUrl":"https:\/\/macite.tg\/wp-content\/uploads\/2025\/11\/Digital.jpg","datePublished":"2025-11-10T08:43:42+00:00","dateModified":"2025-11-10T08:43:46+00:00","author":{"@id":"https:\/\/macite.tg\/#\/schema\/person\/e9f2de7e5dbbe7770a9402c7ce82f5c2"},"breadcrumb":{"@id":"https:\/\/macite.tg\/?p=26029#breadcrumb"},"inLanguage":"fr-FR","potentialAction":[{"@type":"ReadAction","target":["https:\/\/macite.tg\/?p=26029"]}]},{"@type":"ImageObject","inLanguage":"fr-FR","@id":"https:\/\/macite.tg\/?p=26029#primaryimage","url":"https:\/\/macite.tg\/wp-content\/uploads\/2025\/11\/Digital.jpg","contentUrl":"https:\/\/macite.tg\/wp-content\/uploads\/2025\/11\/Digital.jpg","width":476,"height":210,"caption":"les ministre Cila Lawson et Robert Koffi Eklo, lors du lancement de l'op\u00e9ration"},{"@type":"BreadcrumbList","@id":"https:\/\/macite.tg\/?p=26029#breadcrumb","itemListElement":[{"@type":"ListItem","position":1,"name":"Accueil","item":"https:\/\/macite.tg\/"},{"@type":"ListItem","position":2,"name":"DIGITALISATION DES SERVICES PUBLICS : Vers le tout num\u00e9rique au minist\u00e8re des Mines et de l\u2019\u00e9nergie"}]},{"@type":"WebSite","@id":"https:\/\/macite.tg\/#website","url":"https:\/\/macite.tg\/","name":"","description":"L&#039;information, la bonne!!!","potentialAction":[{"@type":"SearchAction","target":{"@type":"EntryPoint","urlTemplate":"https:\/\/macite.tg\/?s={search_term_string}"},"query-input":{"@type":"PropertyValueSpecification","valueRequired":true,"valueName":"search_term_string"}}],"inLanguage":"fr-FR"},{"@type":"Person","@id":"https:\/\/macite.tg\/#\/schema\/person\/e9f2de7e5dbbe7770a9402c7ce82f5c2","name":"Jean Pierre BAWELA","image":{"@type":"ImageObject","inLanguage":"fr-FR","@id":"https:\/\/macite.tg\/wp-content\/uploads\/2023\/09\/WhatsApp-Image-2023-09-19-at-14.44.41-122x122.jpeg","url":"https:\/\/macite.tg\/wp-content\/uploads\/2023\/09\/WhatsApp-Image-2023-09-19-at-14.44.41-122x122.jpeg","contentUrl":"https:\/\/macite.tg\/wp-content\/uploads\/2023\/09\/WhatsApp-Image-2023-09-19-at-14.44.41-122x122.jpeg","caption":"Jean Pierre BAWELA"},"url":"https:\/\/macite.tg\/?author=2"}]}},"_links":{"self":[{"href":"https:\/\/macite.tg\/index.php?rest_route=\/wp\/v2\/posts\/26029","targetHints":{"allow":["GET"]}}],"collection":[{"href":"https:\/\/macite.tg\/index.php?rest_route=\/wp\/v2\/posts"}],"about":[{"href":"https:\/\/macite.tg\/index.php?rest_route=\/wp\/v2\/types\/post"}],"author":[{"embeddable":true,"href":"https:\/\/macite.tg\/index.php?rest_route=\/wp\/v2\/users\/2"}],"replies":[{"embeddable":true,"href":"https:\/\/macite.tg\/index.php?rest_route=%2Fwp%2Fv2%2Fcomments&post=26029"}],"version-history":[{"count":0,"href":"https:\/\/macite.tg\/index.php?rest_route=\/wp\/v2\/posts\/26029\/revisions"}],"wp:featuredmedia":[{"embeddable":true,"href":"https:\/\/macite.tg\/index.php?rest_route=\/wp\/v2\/media\/26031"}],"wp:attachment":[{"href":"https:\/\/macite.tg\/index.php?rest_route=%2Fwp%2Fv2%2Fmedia&parent=26029"}],"wp:term":[{"taxonomy":"category","embeddable":true,"href":"https:\/\/macite.tg\/index.php?rest_route=%2Fwp%2Fv2%2Fcategories&post=26029"},{"taxonomy":"post_tag","embeddable":true,"href":"https:\/\/macite.tg\/index.php?rest_route=%2Fwp%2Fv2%2Ftags&post=26029"}],"curies":[{"name":"wp","href":"https:\/\/api.w.org\/{rel}","templated":true}]}}