{"id":26025,"date":"2025-11-09T17:05:26","date_gmt":"2025-11-09T17:05:26","guid":{"rendered":"https:\/\/macite.tg\/?p=26025"},"modified":"2025-11-09T17:36:37","modified_gmt":"2025-11-09T17:36:37","slug":"arts-plastiques-lassociation-art-heritage-et-culture-fait-penser-art-aux-enfants-a-lome","status":"publish","type":"post","link":"https:\/\/macite.tg\/?p=26025","title":{"rendered":"ARTS PLASTIQUES : L\u2019association Art H\u00e9ritage et Culture fait penser art aux enfants \u00e0 Lom\u00e9"},"content":{"rendered":"\n<p class=\"wp-block-paragraph\"><strong><em>Dans le cadre de la c\u00e9l\u00e9bration de la Journ\u00e9e internationale des arts plastiques, comm\u00e9mor\u00e9e chaque 4 novembre, l\u2019association Art Heritage et Culture a organis\u00e9 une s\u00e9ance d\u2019\u00e9change avec les enfants de l\u2019\u00e9cole La Th\u00e9orie Moderne \u00e0 Lom\u00e9. Plac\u00e9e sous le th\u00e8me \u00ab Les Arts plastiques et la construction de l\u2019identit\u00e9 culturelle chez l\u2019enfant \u00bb, l\u2019\u00e9v\u00e8nement a r\u00e9uni les artistes de l\u2019association Art Heritage et Culture, mardi dernier, dans la cour de ladite \u00e9cole. L\u2019id\u00e9e \u00e9tait de faire conna\u00eetre aux enfants ce qu\u2019est l\u2019art plastique, avec \u00e0 la cl\u00e9 un vernissage.<\/em><\/strong><\/p>\n\n\n\n<p class=\"wp-block-paragraph\">Les travaux qui ont dur\u00e9 deux heures d\u2019horloge, ont permis aux habiles et g\u00e9nies artistes de tenir en haleine le personnel et les \u00e9l\u00e8ves de l\u2019\u00e9cole La Th\u00e9orie Moderne et en les amenant \u00e0 toucher du doigt les \u00e9tapes, les techniques et les instruments n\u00e9cessaires pour la r\u00e9alisation d\u2019un tableau d\u2019art plastique.<\/p>\n\n\n\n<p class=\"wp-block-paragraph\">De l\u2019id\u00e9e au vernissage en passant par l\u2019inspiration, la r\u00e9alisation du ch\u00e2ssis, la fixation du tapi, le choix et le m\u00e9lange des couleurs de peinture, les enfants \u00e2g\u00e9s entre 4 et 12 ans ont d\u00e9montr\u00e9 par leur attention et engouement l\u2019int\u00e9r\u00eat \u00e0 l\u2019apprentissage de l\u2019art plastique. Une attitude qui r\u00e9jouit le c\u0153ur des organisateurs.<\/p>\n\n\n<div class=\"wp-block-image\">\n<figure class=\"aligncenter size-large\"><img loading=\"lazy\" decoding=\"async\" width=\"723\" height=\"1024\" src=\"https:\/\/macite.tg\/wp-content\/uploads\/2025\/11\/53909ce0-1fbb-438d-b7e6-91edf0f84f8a-723x1024.jpg\" alt=\"\" class=\"wp-image-25927\" srcset=\"https:\/\/macite.tg\/wp-content\/uploads\/2025\/11\/53909ce0-1fbb-438d-b7e6-91edf0f84f8a-723x1024.jpg 723w, https:\/\/macite.tg\/wp-content\/uploads\/2025\/11\/53909ce0-1fbb-438d-b7e6-91edf0f84f8a-212x300.jpg 212w, https:\/\/macite.tg\/wp-content\/uploads\/2025\/11\/53909ce0-1fbb-438d-b7e6-91edf0f84f8a.jpg 763w\" sizes=\"auto, (max-width: 723px) 100vw, 723px\" \/><\/figure>\n<\/div>\n\n\n<p class=\"wp-block-paragraph\"><em>\u00ab Les enfants ont favorablement accueilli l\u2019\u00e9v\u00e9nement, j\u2019\u00e9tais \u00e9merveill\u00e9. On a suscit\u00e9 quelques vocations qui ont pos\u00e9 des questions par rapport \u00e0 comment faire pour embrasser la carri\u00e8re des arts plastiques d\u00e9j\u00e0 \u00e0 cet \u00e2ge, c\u2019est important qu\u2019on commence tr\u00e8s t\u00f4t pour qu\u2019on puisse semer les graines de l\u2019art au c\u0153ur des enfants \u00bb,<\/em> a d\u00e9clar\u00e9 Mme Belei Atafeinam, pr\u00e9sidente de l\u2019association Art H\u00e9ritage et Culture. L\u2019engouement affich\u00e9 par les enfants de l\u2019\u00e9cole La Th\u00e9orie Moderne r\u00e9pond parfaitement \u00e0 objectif de l\u2019association Art H\u00e9ritage et Culture, celui de susciter des vocations dans les arts plastiques chez les enfants.<\/p>\n\n\n\n<p class=\"wp-block-paragraph\"><em>\u00ab Nous avons saisi l\u2019occasion de la date du 4 novembre que l\u2019organisation des nations unies a d\u00e9clar\u00e9e journ\u00e9e internationale des arts plastiques pour manifester et c\u00e9l\u00e9brer cette journ\u00e9e.&nbsp; Nous avons voulu organiser une journ\u00e9e d\u2019\u00e9change avec les enfants de l\u2019\u00e9cole de La Th\u00e9orie Moderne sur les arts plastiques dans la construction de l\u2019identit\u00e9 culturelle de l\u2019enfant.&nbsp; C\u2019est pour \u00e7a que nous avons organis\u00e9 cette journ\u00e9e d\u2019\u00e9change pour voir avec le personnel, les enfants de l\u2019\u00e9cole de La Th\u00e9orie Moderne, comment susciter des talents et des vocations dans les arts plastiques pour une meilleure identit\u00e9 culturelle de chacun<\/em> \u00bb, a soulign\u00e9 Mme B\u00e9lei Ataf\u00e8inam.<\/p>\n\n\n\n<p class=\"wp-block-paragraph\"><strong>Quel rapport entre l\u2019art plastique et la construction de l\u2019identit\u00e9 culturelle chez l\u2019enfant ?<\/strong><\/p>\n\n\n\n<p class=\"wp-block-paragraph\">Pour la pr\u00e9sidente de l\u2019association Art H\u00e9ritage et Culture, <em>\u00ab l\u2019art c\u2019est aussi une forme d\u2019expression et quand l\u2019enfant sait que les id\u00e9es qu\u2019il a dans la t\u00eate, il peut les transmettre sur un support visuel et essayer de communiquer avec les autres qui sont de diff\u00e9rentes cultures, il va par rapport \u00e0 son environnement, \u00e0 sa racine, \u00e0 ses origines, cr\u00e9er des \u0153uvres qui ressemblent \u00e0 son environnement.&nbsp; Et un autre enfant va faire pareil et ils ne sont pas de m\u00eame environnement et on va voir la diff\u00e9rence. \u00c7a permet \u00e0 chaque enfant de s\u2019exprimer et aussi de s\u2019approprier de la culture des autres pour mieux les accepter parce que si vous ne connaissez pas la culture de l\u2019autre, il n\u2019y a pas de tol\u00e9rance et on ne peut pas s\u2019accepter les uns les autres \u00bb.<\/em><\/p>\n\n\n\n<p class=\"wp-block-paragraph\">Faisant le lien entre les Arts plastiques et la construction de l\u2019identit\u00e9 culturelle chez l\u2019enfant, l\u2019Artiste Plasticien, Consultant, Manager Culturel, Kokou Ekouagou, a de son c\u00f4t\u00e9 d\u00e9montr\u00e9 le r\u00f4le important des arts plastiques dans la soci\u00e9t\u00e9 ainsi que leurs impacts efficaces dans la transmission de l\u2019identit\u00e9 culturelle.<\/p>\n\n\n<div class=\"wp-block-image\">\n<figure class=\"aligncenter size-large\"><img loading=\"lazy\" decoding=\"async\" width=\"1024\" height=\"426\" src=\"https:\/\/macite.tg\/wp-content\/uploads\/2025\/10\/OTR_Depreciation-1024x426.jpg\" alt=\"\" class=\"wp-image-25740\" srcset=\"https:\/\/macite.tg\/wp-content\/uploads\/2025\/10\/OTR_Depreciation-1024x426.jpg 1024w, https:\/\/macite.tg\/wp-content\/uploads\/2025\/10\/OTR_Depreciation-300x125.jpg 300w, https:\/\/macite.tg\/wp-content\/uploads\/2025\/10\/OTR_Depreciation-768x320.jpg 768w, https:\/\/macite.tg\/wp-content\/uploads\/2025\/10\/OTR_Depreciation.jpg 1132w\" sizes=\"auto, (max-width: 1024px) 100vw, 1024px\" \/><\/figure>\n<\/div>\n\n\n<p class=\"wp-block-paragraph\">En s\u2019appuyant sur l\u2019\u00e9crivain MaryAnn F. Kohl qui estime que <em>\u00ab l\u2019art est un endroit o\u00f9 les enfants peuvent apprendre \u00e0 faire confiance \u00e0 leurs id\u00e9es, \u00e0 eux- m\u00eames, et \u00e0 explorer ce qui est possible \u00bb, <\/em>M. Kokou Ekouagou affirme que : <em>\u00ab les Arts plastiques sont de puissants outils qui permettent \u00e0 l\u2019enfant de reconna\u00eetre, exprimer et transmettre sa culture, tout en d\u00e9couvrant et respectant celle des autres \u00bb.<\/em><\/p>\n\n\n\n<p class=\"wp-block-paragraph\">Selon lui, l\u2019enfance \u00e9tant une p\u00e9riode de d\u00e9couverte et de construction de soi, les Arts plastiques donnent \u00e0 l\u2019enfant des moyens concrets par le biais du dessin, de la peinture, du modelage&#8230; de se lier \u00e0 son histoire familiale, \u00e0 son environnement, \u00e0 ses symboles, \u00e0 ses r\u00e9cits traditionnels.<\/p>\n\n\n\n<p class=\"wp-block-paragraph\"><em>\u00ab Cette appropriation renforce la fiert\u00e9 culturelle pour mieux se conna\u00eetre et valoriser ses origines. Cela assure la transmission interg\u00e9n\u00e9rationnelle en apprenant par les anciens dans le processus de cr\u00e9ation d\u2019un lien. Cela renforce aussi l\u2019imagination cr\u00e9ative dans la conjugaison entre tradition et modernit\u00e9 \u00bb,<\/em> a -t -il d\u00e9clar\u00e9.<\/p>\n\n\n\n<p class=\"wp-block-paragraph\">A en croire l\u2019Artiste Plasticien, Consultant, Manager Culturel, \u00e0 travers les Arts plastiques l\u2019enfant d\u00e9couvre aussi d\u2019autres cultures par des \u00e9changes, des ateliers mixtes, des expositions multiculturelles. Ce dialogue artistique entra\u00eene la curiosit\u00e9 pour l\u2019autre et d\u00e9veloppe la tol\u00e9rance, le respect des diff\u00e9rences.<\/p>\n\n\n\n<p class=\"wp-block-paragraph\">Il conclut sa pr\u00e9sentation artistique, en d\u00e9duisant que les Arts plastiques, plus que des activit\u00e9s manuelles, sont \u00abUN CHEMIN\u00bb vers l\u2019identit\u00e9, la m\u00e9moire et l\u2019ouverture. Ils offrent aux enfants une double richesse, celle de leurs racines et celle des rencontres.<\/p>\n\n\n<div class=\"wp-block-image\">\n<figure class=\"aligncenter size-large\"><img loading=\"lazy\" decoding=\"async\" width=\"723\" height=\"1024\" src=\"https:\/\/macite.tg\/wp-content\/uploads\/2025\/10\/OTR_TPU_30octobre-723x1024.jpg\" alt=\"\" class=\"wp-image-25877\" srcset=\"https:\/\/macite.tg\/wp-content\/uploads\/2025\/10\/OTR_TPU_30octobre-723x1024.jpg 723w, https:\/\/macite.tg\/wp-content\/uploads\/2025\/10\/OTR_TPU_30octobre-212x300.jpg 212w, https:\/\/macite.tg\/wp-content\/uploads\/2025\/10\/OTR_TPU_30octobre.jpg 763w\" sizes=\"auto, (max-width: 723px) 100vw, 723px\" \/><\/figure>\n<\/div>\n\n\n<p class=\"wp-block-paragraph\">M. Bawilidja Kpatadoa, pr\u00e9sident fondateur de l\u2019\u00e9cole La Th\u00e9orie Moderne n\u2019a pas cach\u00e9 sa joie de voir cet \u00e9v\u00e9nement se d\u00e9rouler avec succ\u00e8s dans son \u00e9tablissement. <em>\u00ab C\u2019est tr\u00e8s bien qu\u2019on fasse cela aux enfants, aujourd\u2019hui certains parmi eux sont int\u00e9ress\u00e9s et ils ne vont pas oublier en grandissant, quelqu\u2019un va dire moi je veux devenir \u00e7a ou cela, quelqu\u2019un peut trouver \u00e7a comme banal mais moi je suis tr\u00e8s satisfait et je veux que cela se r\u00e9p\u00e8te plusieurs fois \u00bb.<\/em><\/p>\n\n\n\n<p class=\"wp-block-paragraph\"><strong>Daniel A. (In CHRONIQUE DE LA SEMAINE N\u00b0 747 du 06 Novembre 2025)<\/strong><\/p>\n\n\n\n<p class=\"wp-block-paragraph\"><a><strong><em>@macite.tg&nbsp;&nbsp;&nbsp;&nbsp;&nbsp;&nbsp;&nbsp;&nbsp;<\/em><\/strong><\/a><\/p>\n\n\n\n<p class=\"wp-block-paragraph\"><strong><em>E-mail&nbsp;: <\/em><\/strong><a href=\"mailto:maciteinfo@gmail.com\"><strong><em>maciteinfo@gmail.com<\/em><\/strong><\/a><strong><em>; <\/em><\/strong><a href=\"mailto:bawela1@gmail.com\"><strong><em>bawela1@gmail.com<\/em><\/strong><\/a><strong><em><\/em><\/strong><\/p>\n\n\n\n<p class=\"wp-block-paragraph\"><strong><em>Pour vos annonces, (publi)reportages, etc., joignez-nous au (00228)91515309\/<strong>79872224 <\/strong><strong><\/strong><\/em><\/strong><\/p>\n\n\n\n<p class=\"wp-block-paragraph\"><strong><em>www.macite.tg, L\u2019information, la bonne&nbsp;!<\/em><\/strong><\/p>\n\n\n\n<p class=\"wp-block-paragraph\"><\/p>\n","protected":false},"excerpt":{"rendered":"<p class=\"text-justify mb-2\" >Dans le cadre de la c\u00e9l\u00e9bration de la Journ\u00e9e internationale des arts plastiques, comm\u00e9mor\u00e9e chaque 4 novembre, l\u2019association Art Heritage et Culture a organis\u00e9 une s\u00e9ance d\u2019\u00e9change avec les enfants de l\u2019\u00e9cole La Th\u00e9orie Moderne \u00e0 Lom\u00e9. Plac\u00e9e sous le th\u00e8me \u00ab Les Arts plastiques [&hellip;]<\/p>\n","protected":false},"author":2,"featured_media":26027,"comment_status":"open","ping_status":"open","sticky":false,"template":"","format":"standard","meta":{"footnotes":""},"categories":[20,18],"tags":[],"class_list":["post-26025","post","type-post","status-publish","format-standard","has-post-thumbnail","hentry","category-actualite","category-culture"],"yoast_head":"<!-- This site is optimized with the Yoast SEO plugin v28.4 - https:\/\/yoast.com\/product\/yoast-seo-wordpress\/ -->\n<title>ARTS PLASTIQUES : L\u2019association Art H\u00e9ritage et Culture fait penser art aux enfants \u00e0 Lom\u00e9 -<\/title>\n<meta name=\"robots\" content=\"index, follow, max-snippet:-1, max-image-preview:large, max-video-preview:-1\" \/>\n<link rel=\"canonical\" href=\"https:\/\/macite.tg\/?p=26025\" \/>\n<meta property=\"og:locale\" content=\"fr_FR\" \/>\n<meta property=\"og:type\" content=\"article\" \/>\n<meta property=\"og:title\" content=\"ARTS PLASTIQUES : L\u2019association Art H\u00e9ritage et Culture fait penser art aux enfants \u00e0 Lom\u00e9 -\" \/>\n<meta property=\"og:description\" content=\"Dans le cadre de la c\u00e9l\u00e9bration de la Journ\u00e9e internationale des arts plastiques, comm\u00e9mor\u00e9e chaque 4 novembre, l\u2019association Art Heritage et Culture a organis\u00e9 une s\u00e9ance d\u2019\u00e9change avec les enfants de l\u2019\u00e9cole La Th\u00e9orie Moderne \u00e0 Lom\u00e9. Plac\u00e9e sous le th\u00e8me \u00ab Les Arts plastiques [&hellip;]\" \/>\n<meta property=\"og:url\" content=\"https:\/\/macite.tg\/?p=26025\" \/>\n<meta property=\"article:published_time\" content=\"2025-11-09T17:05:26+00:00\" \/>\n<meta property=\"article:modified_time\" content=\"2025-11-09T17:36:37+00:00\" \/>\n<meta property=\"og:image\" content=\"https:\/\/macite.tg\/wp-content\/uploads\/2025\/11\/Culture.jpg\" \/>\n\t<meta property=\"og:image:width\" content=\"500\" \/>\n\t<meta property=\"og:image:height\" content=\"378\" \/>\n\t<meta property=\"og:image:type\" content=\"image\/jpeg\" \/>\n<meta name=\"author\" content=\"Jean Pierre BAWELA\" \/>\n<meta name=\"twitter:card\" content=\"summary_large_image\" \/>\n<meta name=\"twitter:label1\" content=\"\u00c9crit par\" \/>\n\t<meta name=\"twitter:data1\" content=\"Jean Pierre BAWELA\" \/>\n\t<meta name=\"twitter:label2\" content=\"Dur\u00e9e de lecture estim\u00e9e\" \/>\n\t<meta name=\"twitter:data2\" content=\"6 minutes\" \/>\n<script type=\"application\/ld+json\" class=\"yoast-schema-graph\">{\"@context\":\"https:\\\/\\\/schema.org\",\"@graph\":[{\"@type\":\"Article\",\"@id\":\"https:\\\/\\\/macite.tg\\\/?p=26025#article\",\"isPartOf\":{\"@id\":\"https:\\\/\\\/macite.tg\\\/?p=26025\"},\"author\":{\"name\":\"Jean Pierre BAWELA\",\"@id\":\"https:\\\/\\\/macite.tg\\\/#\\\/schema\\\/person\\\/e9f2de7e5dbbe7770a9402c7ce82f5c2\"},\"headline\":\"ARTS PLASTIQUES : L\u2019association Art H\u00e9ritage et Culture fait penser art aux enfants \u00e0 Lom\u00e9\",\"datePublished\":\"2025-11-09T17:05:26+00:00\",\"dateModified\":\"2025-11-09T17:36:37+00:00\",\"mainEntityOfPage\":{\"@id\":\"https:\\\/\\\/macite.tg\\\/?p=26025\"},\"wordCount\":1122,\"commentCount\":0,\"image\":{\"@id\":\"https:\\\/\\\/macite.tg\\\/?p=26025#primaryimage\"},\"thumbnailUrl\":\"https:\\\/\\\/macite.tg\\\/wp-content\\\/uploads\\\/2025\\\/11\\\/Culture.jpg\",\"articleSection\":[\"ACTUALITE\",\"CULTURE\"],\"inLanguage\":\"fr-FR\",\"potentialAction\":[{\"@type\":\"CommentAction\",\"name\":\"Comment\",\"target\":[\"https:\\\/\\\/macite.tg\\\/?p=26025#respond\"]}]},{\"@type\":\"WebPage\",\"@id\":\"https:\\\/\\\/macite.tg\\\/?p=26025\",\"url\":\"https:\\\/\\\/macite.tg\\\/?p=26025\",\"name\":\"ARTS PLASTIQUES : L\u2019association Art H\u00e9ritage et Culture fait penser art aux enfants \u00e0 Lom\u00e9 -\",\"isPartOf\":{\"@id\":\"https:\\\/\\\/macite.tg\\\/#website\"},\"primaryImageOfPage\":{\"@id\":\"https:\\\/\\\/macite.tg\\\/?p=26025#primaryimage\"},\"image\":{\"@id\":\"https:\\\/\\\/macite.tg\\\/?p=26025#primaryimage\"},\"thumbnailUrl\":\"https:\\\/\\\/macite.tg\\\/wp-content\\\/uploads\\\/2025\\\/11\\\/Culture.jpg\",\"datePublished\":\"2025-11-09T17:05:26+00:00\",\"dateModified\":\"2025-11-09T17:36:37+00:00\",\"author\":{\"@id\":\"https:\\\/\\\/macite.tg\\\/#\\\/schema\\\/person\\\/e9f2de7e5dbbe7770a9402c7ce82f5c2\"},\"breadcrumb\":{\"@id\":\"https:\\\/\\\/macite.tg\\\/?p=26025#breadcrumb\"},\"inLanguage\":\"fr-FR\",\"potentialAction\":[{\"@type\":\"ReadAction\",\"target\":[\"https:\\\/\\\/macite.tg\\\/?p=26025\"]}]},{\"@type\":\"ImageObject\",\"inLanguage\":\"fr-FR\",\"@id\":\"https:\\\/\\\/macite.tg\\\/?p=26025#primaryimage\",\"url\":\"https:\\\/\\\/macite.tg\\\/wp-content\\\/uploads\\\/2025\\\/11\\\/Culture.jpg\",\"contentUrl\":\"https:\\\/\\\/macite.tg\\\/wp-content\\\/uploads\\\/2025\\\/11\\\/Culture.jpg\",\"width\":500,\"height\":378,\"caption\":\"Une vue de la s\u00e9ance culturelle\"},{\"@type\":\"BreadcrumbList\",\"@id\":\"https:\\\/\\\/macite.tg\\\/?p=26025#breadcrumb\",\"itemListElement\":[{\"@type\":\"ListItem\",\"position\":1,\"name\":\"Accueil\",\"item\":\"https:\\\/\\\/macite.tg\\\/\"},{\"@type\":\"ListItem\",\"position\":2,\"name\":\"ARTS PLASTIQUES : L\u2019association Art H\u00e9ritage et Culture fait penser art aux enfants \u00e0 Lom\u00e9\"}]},{\"@type\":\"WebSite\",\"@id\":\"https:\\\/\\\/macite.tg\\\/#website\",\"url\":\"https:\\\/\\\/macite.tg\\\/\",\"name\":\"\",\"description\":\"L&#039;information, la bonne!!!\",\"potentialAction\":[{\"@type\":\"SearchAction\",\"target\":{\"@type\":\"EntryPoint\",\"urlTemplate\":\"https:\\\/\\\/macite.tg\\\/?s={search_term_string}\"},\"query-input\":{\"@type\":\"PropertyValueSpecification\",\"valueRequired\":true,\"valueName\":\"search_term_string\"}}],\"inLanguage\":\"fr-FR\"},{\"@type\":\"Person\",\"@id\":\"https:\\\/\\\/macite.tg\\\/#\\\/schema\\\/person\\\/e9f2de7e5dbbe7770a9402c7ce82f5c2\",\"name\":\"Jean Pierre BAWELA\",\"image\":{\"@type\":\"ImageObject\",\"inLanguage\":\"fr-FR\",\"@id\":\"https:\\\/\\\/macite.tg\\\/wp-content\\\/uploads\\\/2023\\\/09\\\/WhatsApp-Image-2023-09-19-at-14.44.41-122x122.jpeg\",\"url\":\"https:\\\/\\\/macite.tg\\\/wp-content\\\/uploads\\\/2023\\\/09\\\/WhatsApp-Image-2023-09-19-at-14.44.41-122x122.jpeg\",\"contentUrl\":\"https:\\\/\\\/macite.tg\\\/wp-content\\\/uploads\\\/2023\\\/09\\\/WhatsApp-Image-2023-09-19-at-14.44.41-122x122.jpeg\",\"caption\":\"Jean Pierre BAWELA\"},\"url\":\"https:\\\/\\\/macite.tg\\\/?author=2\"}]}<\/script>\n<!-- \/ Yoast SEO plugin. -->","yoast_head_json":{"title":"ARTS PLASTIQUES : L\u2019association Art H\u00e9ritage et Culture fait penser art aux enfants \u00e0 Lom\u00e9 -","robots":{"index":"index","follow":"follow","max-snippet":"max-snippet:-1","max-image-preview":"max-image-preview:large","max-video-preview":"max-video-preview:-1"},"canonical":"https:\/\/macite.tg\/?p=26025","og_locale":"fr_FR","og_type":"article","og_title":"ARTS PLASTIQUES : L\u2019association Art H\u00e9ritage et Culture fait penser art aux enfants \u00e0 Lom\u00e9 -","og_description":"Dans le cadre de la c\u00e9l\u00e9bration de la Journ\u00e9e internationale des arts plastiques, comm\u00e9mor\u00e9e chaque 4 novembre, l\u2019association Art Heritage et Culture a organis\u00e9 une s\u00e9ance d\u2019\u00e9change avec les enfants de l\u2019\u00e9cole La Th\u00e9orie Moderne \u00e0 Lom\u00e9. Plac\u00e9e sous le th\u00e8me \u00ab Les Arts plastiques [&hellip;]","og_url":"https:\/\/macite.tg\/?p=26025","article_published_time":"2025-11-09T17:05:26+00:00","article_modified_time":"2025-11-09T17:36:37+00:00","og_image":[{"width":500,"height":378,"url":"https:\/\/macite.tg\/wp-content\/uploads\/2025\/11\/Culture.jpg","type":"image\/jpeg"}],"author":"Jean Pierre BAWELA","twitter_card":"summary_large_image","twitter_misc":{"\u00c9crit par":"Jean Pierre BAWELA","Dur\u00e9e de lecture estim\u00e9e":"6 minutes"},"schema":{"@context":"https:\/\/schema.org","@graph":[{"@type":"Article","@id":"https:\/\/macite.tg\/?p=26025#article","isPartOf":{"@id":"https:\/\/macite.tg\/?p=26025"},"author":{"name":"Jean Pierre BAWELA","@id":"https:\/\/macite.tg\/#\/schema\/person\/e9f2de7e5dbbe7770a9402c7ce82f5c2"},"headline":"ARTS PLASTIQUES : L\u2019association Art H\u00e9ritage et Culture fait penser art aux enfants \u00e0 Lom\u00e9","datePublished":"2025-11-09T17:05:26+00:00","dateModified":"2025-11-09T17:36:37+00:00","mainEntityOfPage":{"@id":"https:\/\/macite.tg\/?p=26025"},"wordCount":1122,"commentCount":0,"image":{"@id":"https:\/\/macite.tg\/?p=26025#primaryimage"},"thumbnailUrl":"https:\/\/macite.tg\/wp-content\/uploads\/2025\/11\/Culture.jpg","articleSection":["ACTUALITE","CULTURE"],"inLanguage":"fr-FR","potentialAction":[{"@type":"CommentAction","name":"Comment","target":["https:\/\/macite.tg\/?p=26025#respond"]}]},{"@type":"WebPage","@id":"https:\/\/macite.tg\/?p=26025","url":"https:\/\/macite.tg\/?p=26025","name":"ARTS PLASTIQUES : L\u2019association Art H\u00e9ritage et Culture fait penser art aux enfants \u00e0 Lom\u00e9 -","isPartOf":{"@id":"https:\/\/macite.tg\/#website"},"primaryImageOfPage":{"@id":"https:\/\/macite.tg\/?p=26025#primaryimage"},"image":{"@id":"https:\/\/macite.tg\/?p=26025#primaryimage"},"thumbnailUrl":"https:\/\/macite.tg\/wp-content\/uploads\/2025\/11\/Culture.jpg","datePublished":"2025-11-09T17:05:26+00:00","dateModified":"2025-11-09T17:36:37+00:00","author":{"@id":"https:\/\/macite.tg\/#\/schema\/person\/e9f2de7e5dbbe7770a9402c7ce82f5c2"},"breadcrumb":{"@id":"https:\/\/macite.tg\/?p=26025#breadcrumb"},"inLanguage":"fr-FR","potentialAction":[{"@type":"ReadAction","target":["https:\/\/macite.tg\/?p=26025"]}]},{"@type":"ImageObject","inLanguage":"fr-FR","@id":"https:\/\/macite.tg\/?p=26025#primaryimage","url":"https:\/\/macite.tg\/wp-content\/uploads\/2025\/11\/Culture.jpg","contentUrl":"https:\/\/macite.tg\/wp-content\/uploads\/2025\/11\/Culture.jpg","width":500,"height":378,"caption":"Une vue de la s\u00e9ance culturelle"},{"@type":"BreadcrumbList","@id":"https:\/\/macite.tg\/?p=26025#breadcrumb","itemListElement":[{"@type":"ListItem","position":1,"name":"Accueil","item":"https:\/\/macite.tg\/"},{"@type":"ListItem","position":2,"name":"ARTS PLASTIQUES : L\u2019association Art H\u00e9ritage et Culture fait penser art aux enfants \u00e0 Lom\u00e9"}]},{"@type":"WebSite","@id":"https:\/\/macite.tg\/#website","url":"https:\/\/macite.tg\/","name":"","description":"L&#039;information, la bonne!!!","potentialAction":[{"@type":"SearchAction","target":{"@type":"EntryPoint","urlTemplate":"https:\/\/macite.tg\/?s={search_term_string}"},"query-input":{"@type":"PropertyValueSpecification","valueRequired":true,"valueName":"search_term_string"}}],"inLanguage":"fr-FR"},{"@type":"Person","@id":"https:\/\/macite.tg\/#\/schema\/person\/e9f2de7e5dbbe7770a9402c7ce82f5c2","name":"Jean Pierre BAWELA","image":{"@type":"ImageObject","inLanguage":"fr-FR","@id":"https:\/\/macite.tg\/wp-content\/uploads\/2023\/09\/WhatsApp-Image-2023-09-19-at-14.44.41-122x122.jpeg","url":"https:\/\/macite.tg\/wp-content\/uploads\/2023\/09\/WhatsApp-Image-2023-09-19-at-14.44.41-122x122.jpeg","contentUrl":"https:\/\/macite.tg\/wp-content\/uploads\/2023\/09\/WhatsApp-Image-2023-09-19-at-14.44.41-122x122.jpeg","caption":"Jean Pierre BAWELA"},"url":"https:\/\/macite.tg\/?author=2"}]}},"_links":{"self":[{"href":"https:\/\/macite.tg\/index.php?rest_route=\/wp\/v2\/posts\/26025","targetHints":{"allow":["GET"]}}],"collection":[{"href":"https:\/\/macite.tg\/index.php?rest_route=\/wp\/v2\/posts"}],"about":[{"href":"https:\/\/macite.tg\/index.php?rest_route=\/wp\/v2\/types\/post"}],"author":[{"embeddable":true,"href":"https:\/\/macite.tg\/index.php?rest_route=\/wp\/v2\/users\/2"}],"replies":[{"embeddable":true,"href":"https:\/\/macite.tg\/index.php?rest_route=%2Fwp%2Fv2%2Fcomments&post=26025"}],"version-history":[{"count":0,"href":"https:\/\/macite.tg\/index.php?rest_route=\/wp\/v2\/posts\/26025\/revisions"}],"wp:featuredmedia":[{"embeddable":true,"href":"https:\/\/macite.tg\/index.php?rest_route=\/wp\/v2\/media\/26027"}],"wp:attachment":[{"href":"https:\/\/macite.tg\/index.php?rest_route=%2Fwp%2Fv2%2Fmedia&parent=26025"}],"wp:term":[{"taxonomy":"category","embeddable":true,"href":"https:\/\/macite.tg\/index.php?rest_route=%2Fwp%2Fv2%2Fcategories&post=26025"},{"taxonomy":"post_tag","embeddable":true,"href":"https:\/\/macite.tg\/index.php?rest_route=%2Fwp%2Fv2%2Ftags&post=26025"}],"curies":[{"name":"wp","href":"https:\/\/api.w.org\/{rel}","templated":true}]}}