{"id":26022,"date":"2025-11-07T17:07:36","date_gmt":"2025-11-07T17:07:36","guid":{"rendered":"https:\/\/macite.tg\/?p=26022"},"modified":"2025-11-07T17:07:42","modified_gmt":"2025-11-07T17:07:42","slug":"sante-infantile-une-campagne-nationale-de-vaccination-programmee-du-24-au-30-novembre-prochain","status":"publish","type":"post","link":"https:\/\/macite.tg\/?p=26022","title":{"rendered":"SANTE INFANTILE : Une campagne nationale de vaccination programm\u00e9e du 24 au 30 novembre prochain"},"content":{"rendered":"\n<p class=\"wp-block-paragraph\"><strong><em>Dans le cadre du renforcement de la protection des enfants contre les maladies \u00e9vitables, une campagne nationale de vaccination contre la rougeole et la rub\u00e9ole sera organis\u00e9e du 24 au 30 novembre prochain.<\/em><\/strong><\/p>\n\n\n\n<p class=\"wp-block-paragraph\">Initi\u00e9e par le minist\u00e8re de la Sant\u00e9, de l\u2019Hygi\u00e8ne publique, de la Couverture sanitaire universelle et des Assurances, cette campagne vise \u00e0 prot\u00e9ger les enfants contre la rougeole et la rub\u00e9ole, mais aussi \u00e0 renforcer leur immunit\u00e9 en les prot\u00e9geant contre les maladies.<\/p>\n\n\n\n<figure class=\"wp-block-image size-large\"><img loading=\"lazy\" decoding=\"async\" width=\"723\" height=\"1024\" src=\"https:\/\/macite.tg\/wp-content\/uploads\/2025\/11\/53909ce0-1fbb-438d-b7e6-91edf0f84f8a-723x1024.jpg\" alt=\"\" class=\"wp-image-25927\" srcset=\"https:\/\/macite.tg\/wp-content\/uploads\/2025\/11\/53909ce0-1fbb-438d-b7e6-91edf0f84f8a-723x1024.jpg 723w, https:\/\/macite.tg\/wp-content\/uploads\/2025\/11\/53909ce0-1fbb-438d-b7e6-91edf0f84f8a-212x300.jpg 212w, https:\/\/macite.tg\/wp-content\/uploads\/2025\/11\/53909ce0-1fbb-438d-b7e6-91edf0f84f8a.jpg 763w\" sizes=\"auto, (max-width: 723px) 100vw, 723px\" \/><\/figure>\n\n\n\n<p class=\"wp-block-paragraph\">Il sera question au cours de cette campagne de distribuer, aux enfants 6 mois \u00e0 5 ans, de la vitamine A. Ceux de 12 mois \u00e0 5 ans, seront d\u00e9parasit\u00e9s \u00e0 l\u2019Albendazole, alors que les enfants de 9 mois \u00e0 5 ans seront vaccin\u00e9s contre la rougeole et la rub\u00e9ole.<\/p>\n\n\n\n<p class=\"wp-block-paragraph\">Dans le m\u00eame temps, les enfants de 0 \u00e0 5 ans et les filles de 9 ans, non ou incompl\u00e8tement vaccin\u00e9s, seront \u00e9galement vaccin\u00e9s.<\/p>\n\n\n\n<figure class=\"wp-block-image size-large\"><img loading=\"lazy\" decoding=\"async\" width=\"723\" height=\"1024\" src=\"https:\/\/macite.tg\/wp-content\/uploads\/2025\/10\/OTR_TPU_30octobre-723x1024.jpg\" alt=\"\" class=\"wp-image-25877\" srcset=\"https:\/\/macite.tg\/wp-content\/uploads\/2025\/10\/OTR_TPU_30octobre-723x1024.jpg 723w, https:\/\/macite.tg\/wp-content\/uploads\/2025\/10\/OTR_TPU_30octobre-212x300.jpg 212w, https:\/\/macite.tg\/wp-content\/uploads\/2025\/10\/OTR_TPU_30octobre.jpg 763w\" sizes=\"auto, (max-width: 723px) 100vw, 723px\" \/><\/figure>\n\n\n\n<p class=\"wp-block-paragraph\">Notons en plus de renforcer la protection des enfants contre les maladies \u00e9vitables par la vaccination, cette campagne est la r\u00e9ponse aux engagements du gouvernement \u00e0 am\u00e9liorer la sant\u00e9 infantile et \u00e0 r\u00e9duire la mortalit\u00e9 li\u00e9e aux maladies infectieuses.<\/p>\n\n\n\n<p class=\"wp-block-paragraph\"><strong>La R\u00e9daction<\/strong><\/p>\n\n\n\n<p class=\"wp-block-paragraph\"><a><strong><em>@macite.tg&nbsp;&nbsp;&nbsp;&nbsp;&nbsp;&nbsp;&nbsp;&nbsp;<\/em><\/strong><\/a><\/p>\n\n\n\n<p class=\"wp-block-paragraph\"><strong><em>E-mail&nbsp;: <\/em><\/strong><a href=\"mailto:maciteinfo@gmail.com\"><strong><em>maciteinfo@gmail.com<\/em><\/strong><\/a><strong><em>; <\/em><\/strong><a href=\"mailto:bawela1@gmail.com\"><strong><em>bawela1@gmail.com<\/em><\/strong><\/a><strong><em><\/em><\/strong><\/p>\n\n\n\n<p class=\"wp-block-paragraph\"><strong><em>Pour vos annonces, (publi)reportages, etc., joignez-nous au (00228)91515309\/<strong>79872224 <\/strong><strong><\/strong><\/em><\/strong><\/p>\n\n\n\n<p class=\"wp-block-paragraph\"><strong><em>www.macite.tg, L\u2019information, la bonne&nbsp;!<\/em><\/strong><\/p>\n\n\n\n<p class=\"wp-block-paragraph\"><\/p>\n","protected":false},"excerpt":{"rendered":"<p class=\"text-justify mb-2\" >Dans le cadre du renforcement de la protection des enfants contre les maladies \u00e9vitables, une campagne nationale de vaccination contre la rougeole et la rub\u00e9ole sera organis\u00e9e du 24 au 30 novembre prochain. Initi\u00e9e par le minist\u00e8re de la Sant\u00e9, de l\u2019Hygi\u00e8ne publique, de la [&hellip;]<\/p>\n","protected":false},"author":2,"featured_media":26023,"comment_status":"open","ping_status":"open","sticky":false,"template":"","format":"standard","meta":{"footnotes":""},"categories":[20,5],"tags":[],"class_list":["post-26022","post","type-post","status-publish","format-standard","has-post-thumbnail","hentry","category-actualite","category-sante"],"yoast_head":"<!-- This site is optimized with the Yoast SEO plugin v28.4 - https:\/\/yoast.com\/product\/yoast-seo-wordpress\/ -->\n<title>SANTE INFANTILE : Une campagne nationale de vaccination programm\u00e9e du 24 au 30 novembre prochain -<\/title>\n<meta name=\"robots\" content=\"index, follow, max-snippet:-1, max-image-preview:large, max-video-preview:-1\" \/>\n<link rel=\"canonical\" href=\"https:\/\/macite.tg\/?p=26022\" \/>\n<meta property=\"og:locale\" content=\"fr_FR\" \/>\n<meta property=\"og:type\" content=\"article\" \/>\n<meta property=\"og:title\" content=\"SANTE INFANTILE : Une campagne nationale de vaccination programm\u00e9e du 24 au 30 novembre prochain -\" \/>\n<meta property=\"og:description\" content=\"Dans le cadre du renforcement de la protection des enfants contre les maladies \u00e9vitables, une campagne nationale de vaccination contre la rougeole et la rub\u00e9ole sera organis\u00e9e du 24 au 30 novembre prochain. Initi\u00e9e par le minist\u00e8re de la Sant\u00e9, de l\u2019Hygi\u00e8ne publique, de la [&hellip;]\" \/>\n<meta property=\"og:url\" content=\"https:\/\/macite.tg\/?p=26022\" \/>\n<meta property=\"article:published_time\" content=\"2025-11-07T17:07:36+00:00\" \/>\n<meta property=\"article:modified_time\" content=\"2025-11-07T17:07:42+00:00\" \/>\n<meta property=\"og:image\" content=\"https:\/\/macite.tg\/wp-content\/uploads\/2025\/11\/Vaccin.jpg\" \/>\n\t<meta property=\"og:image:width\" content=\"500\" \/>\n\t<meta property=\"og:image:height\" content=\"299\" \/>\n\t<meta property=\"og:image:type\" content=\"image\/jpeg\" \/>\n<meta name=\"author\" content=\"Jean Pierre BAWELA\" \/>\n<meta name=\"twitter:card\" content=\"summary_large_image\" \/>\n<meta name=\"twitter:label1\" content=\"\u00c9crit par\" \/>\n\t<meta name=\"twitter:data1\" content=\"Jean Pierre BAWELA\" \/>\n\t<meta name=\"twitter:label2\" content=\"Dur\u00e9e de lecture estim\u00e9e\" \/>\n\t<meta name=\"twitter:data2\" content=\"2 minutes\" \/>\n<script type=\"application\/ld+json\" class=\"yoast-schema-graph\">{\"@context\":\"https:\\\/\\\/schema.org\",\"@graph\":[{\"@type\":\"Article\",\"@id\":\"https:\\\/\\\/macite.tg\\\/?p=26022#article\",\"isPartOf\":{\"@id\":\"https:\\\/\\\/macite.tg\\\/?p=26022\"},\"author\":{\"name\":\"Jean Pierre BAWELA\",\"@id\":\"https:\\\/\\\/macite.tg\\\/#\\\/schema\\\/person\\\/e9f2de7e5dbbe7770a9402c7ce82f5c2\"},\"headline\":\"SANTE INFANTILE : Une campagne nationale de vaccination programm\u00e9e du 24 au 30 novembre prochain\",\"datePublished\":\"2025-11-07T17:07:36+00:00\",\"dateModified\":\"2025-11-07T17:07:42+00:00\",\"mainEntityOfPage\":{\"@id\":\"https:\\\/\\\/macite.tg\\\/?p=26022\"},\"wordCount\":241,\"commentCount\":0,\"image\":{\"@id\":\"https:\\\/\\\/macite.tg\\\/?p=26022#primaryimage\"},\"thumbnailUrl\":\"https:\\\/\\\/macite.tg\\\/wp-content\\\/uploads\\\/2025\\\/11\\\/Vaccin.jpg\",\"articleSection\":[\"ACTUALITE\",\"SANTE\"],\"inLanguage\":\"fr-FR\",\"potentialAction\":[{\"@type\":\"CommentAction\",\"name\":\"Comment\",\"target\":[\"https:\\\/\\\/macite.tg\\\/?p=26022#respond\"]}]},{\"@type\":\"WebPage\",\"@id\":\"https:\\\/\\\/macite.tg\\\/?p=26022\",\"url\":\"https:\\\/\\\/macite.tg\\\/?p=26022\",\"name\":\"SANTE INFANTILE : Une campagne nationale de vaccination programm\u00e9e du 24 au 30 novembre prochain -\",\"isPartOf\":{\"@id\":\"https:\\\/\\\/macite.tg\\\/#website\"},\"primaryImageOfPage\":{\"@id\":\"https:\\\/\\\/macite.tg\\\/?p=26022#primaryimage\"},\"image\":{\"@id\":\"https:\\\/\\\/macite.tg\\\/?p=26022#primaryimage\"},\"thumbnailUrl\":\"https:\\\/\\\/macite.tg\\\/wp-content\\\/uploads\\\/2025\\\/11\\\/Vaccin.jpg\",\"datePublished\":\"2025-11-07T17:07:36+00:00\",\"dateModified\":\"2025-11-07T17:07:42+00:00\",\"author\":{\"@id\":\"https:\\\/\\\/macite.tg\\\/#\\\/schema\\\/person\\\/e9f2de7e5dbbe7770a9402c7ce82f5c2\"},\"breadcrumb\":{\"@id\":\"https:\\\/\\\/macite.tg\\\/?p=26022#breadcrumb\"},\"inLanguage\":\"fr-FR\",\"potentialAction\":[{\"@type\":\"ReadAction\",\"target\":[\"https:\\\/\\\/macite.tg\\\/?p=26022\"]}]},{\"@type\":\"ImageObject\",\"inLanguage\":\"fr-FR\",\"@id\":\"https:\\\/\\\/macite.tg\\\/?p=26022#primaryimage\",\"url\":\"https:\\\/\\\/macite.tg\\\/wp-content\\\/uploads\\\/2025\\\/11\\\/Vaccin.jpg\",\"contentUrl\":\"https:\\\/\\\/macite.tg\\\/wp-content\\\/uploads\\\/2025\\\/11\\\/Vaccin.jpg\",\"width\":500,\"height\":299},{\"@type\":\"BreadcrumbList\",\"@id\":\"https:\\\/\\\/macite.tg\\\/?p=26022#breadcrumb\",\"itemListElement\":[{\"@type\":\"ListItem\",\"position\":1,\"name\":\"Accueil\",\"item\":\"https:\\\/\\\/macite.tg\\\/\"},{\"@type\":\"ListItem\",\"position\":2,\"name\":\"SANTE INFANTILE : Une campagne nationale de vaccination programm\u00e9e du 24 au 30 novembre prochain\"}]},{\"@type\":\"WebSite\",\"@id\":\"https:\\\/\\\/macite.tg\\\/#website\",\"url\":\"https:\\\/\\\/macite.tg\\\/\",\"name\":\"\",\"description\":\"L&#039;information, la bonne!!!\",\"potentialAction\":[{\"@type\":\"SearchAction\",\"target\":{\"@type\":\"EntryPoint\",\"urlTemplate\":\"https:\\\/\\\/macite.tg\\\/?s={search_term_string}\"},\"query-input\":{\"@type\":\"PropertyValueSpecification\",\"valueRequired\":true,\"valueName\":\"search_term_string\"}}],\"inLanguage\":\"fr-FR\"},{\"@type\":\"Person\",\"@id\":\"https:\\\/\\\/macite.tg\\\/#\\\/schema\\\/person\\\/e9f2de7e5dbbe7770a9402c7ce82f5c2\",\"name\":\"Jean Pierre BAWELA\",\"image\":{\"@type\":\"ImageObject\",\"inLanguage\":\"fr-FR\",\"@id\":\"https:\\\/\\\/macite.tg\\\/wp-content\\\/uploads\\\/2023\\\/09\\\/WhatsApp-Image-2023-09-19-at-14.44.41-122x122.jpeg\",\"url\":\"https:\\\/\\\/macite.tg\\\/wp-content\\\/uploads\\\/2023\\\/09\\\/WhatsApp-Image-2023-09-19-at-14.44.41-122x122.jpeg\",\"contentUrl\":\"https:\\\/\\\/macite.tg\\\/wp-content\\\/uploads\\\/2023\\\/09\\\/WhatsApp-Image-2023-09-19-at-14.44.41-122x122.jpeg\",\"caption\":\"Jean Pierre BAWELA\"},\"url\":\"https:\\\/\\\/macite.tg\\\/?author=2\"}]}<\/script>\n<!-- \/ Yoast SEO plugin. -->","yoast_head_json":{"title":"SANTE INFANTILE : Une campagne nationale de vaccination programm\u00e9e du 24 au 30 novembre prochain -","robots":{"index":"index","follow":"follow","max-snippet":"max-snippet:-1","max-image-preview":"max-image-preview:large","max-video-preview":"max-video-preview:-1"},"canonical":"https:\/\/macite.tg\/?p=26022","og_locale":"fr_FR","og_type":"article","og_title":"SANTE INFANTILE : Une campagne nationale de vaccination programm\u00e9e du 24 au 30 novembre prochain -","og_description":"Dans le cadre du renforcement de la protection des enfants contre les maladies \u00e9vitables, une campagne nationale de vaccination contre la rougeole et la rub\u00e9ole sera organis\u00e9e du 24 au 30 novembre prochain. Initi\u00e9e par le minist\u00e8re de la Sant\u00e9, de l\u2019Hygi\u00e8ne publique, de la [&hellip;]","og_url":"https:\/\/macite.tg\/?p=26022","article_published_time":"2025-11-07T17:07:36+00:00","article_modified_time":"2025-11-07T17:07:42+00:00","og_image":[{"width":500,"height":299,"url":"https:\/\/macite.tg\/wp-content\/uploads\/2025\/11\/Vaccin.jpg","type":"image\/jpeg"}],"author":"Jean Pierre BAWELA","twitter_card":"summary_large_image","twitter_misc":{"\u00c9crit par":"Jean Pierre BAWELA","Dur\u00e9e de lecture estim\u00e9e":"2 minutes"},"schema":{"@context":"https:\/\/schema.org","@graph":[{"@type":"Article","@id":"https:\/\/macite.tg\/?p=26022#article","isPartOf":{"@id":"https:\/\/macite.tg\/?p=26022"},"author":{"name":"Jean Pierre BAWELA","@id":"https:\/\/macite.tg\/#\/schema\/person\/e9f2de7e5dbbe7770a9402c7ce82f5c2"},"headline":"SANTE INFANTILE : Une campagne nationale de vaccination programm\u00e9e du 24 au 30 novembre prochain","datePublished":"2025-11-07T17:07:36+00:00","dateModified":"2025-11-07T17:07:42+00:00","mainEntityOfPage":{"@id":"https:\/\/macite.tg\/?p=26022"},"wordCount":241,"commentCount":0,"image":{"@id":"https:\/\/macite.tg\/?p=26022#primaryimage"},"thumbnailUrl":"https:\/\/macite.tg\/wp-content\/uploads\/2025\/11\/Vaccin.jpg","articleSection":["ACTUALITE","SANTE"],"inLanguage":"fr-FR","potentialAction":[{"@type":"CommentAction","name":"Comment","target":["https:\/\/macite.tg\/?p=26022#respond"]}]},{"@type":"WebPage","@id":"https:\/\/macite.tg\/?p=26022","url":"https:\/\/macite.tg\/?p=26022","name":"SANTE INFANTILE : Une campagne nationale de vaccination programm\u00e9e du 24 au 30 novembre prochain -","isPartOf":{"@id":"https:\/\/macite.tg\/#website"},"primaryImageOfPage":{"@id":"https:\/\/macite.tg\/?p=26022#primaryimage"},"image":{"@id":"https:\/\/macite.tg\/?p=26022#primaryimage"},"thumbnailUrl":"https:\/\/macite.tg\/wp-content\/uploads\/2025\/11\/Vaccin.jpg","datePublished":"2025-11-07T17:07:36+00:00","dateModified":"2025-11-07T17:07:42+00:00","author":{"@id":"https:\/\/macite.tg\/#\/schema\/person\/e9f2de7e5dbbe7770a9402c7ce82f5c2"},"breadcrumb":{"@id":"https:\/\/macite.tg\/?p=26022#breadcrumb"},"inLanguage":"fr-FR","potentialAction":[{"@type":"ReadAction","target":["https:\/\/macite.tg\/?p=26022"]}]},{"@type":"ImageObject","inLanguage":"fr-FR","@id":"https:\/\/macite.tg\/?p=26022#primaryimage","url":"https:\/\/macite.tg\/wp-content\/uploads\/2025\/11\/Vaccin.jpg","contentUrl":"https:\/\/macite.tg\/wp-content\/uploads\/2025\/11\/Vaccin.jpg","width":500,"height":299},{"@type":"BreadcrumbList","@id":"https:\/\/macite.tg\/?p=26022#breadcrumb","itemListElement":[{"@type":"ListItem","position":1,"name":"Accueil","item":"https:\/\/macite.tg\/"},{"@type":"ListItem","position":2,"name":"SANTE INFANTILE : Une campagne nationale de vaccination programm\u00e9e du 24 au 30 novembre prochain"}]},{"@type":"WebSite","@id":"https:\/\/macite.tg\/#website","url":"https:\/\/macite.tg\/","name":"","description":"L&#039;information, la bonne!!!","potentialAction":[{"@type":"SearchAction","target":{"@type":"EntryPoint","urlTemplate":"https:\/\/macite.tg\/?s={search_term_string}"},"query-input":{"@type":"PropertyValueSpecification","valueRequired":true,"valueName":"search_term_string"}}],"inLanguage":"fr-FR"},{"@type":"Person","@id":"https:\/\/macite.tg\/#\/schema\/person\/e9f2de7e5dbbe7770a9402c7ce82f5c2","name":"Jean Pierre BAWELA","image":{"@type":"ImageObject","inLanguage":"fr-FR","@id":"https:\/\/macite.tg\/wp-content\/uploads\/2023\/09\/WhatsApp-Image-2023-09-19-at-14.44.41-122x122.jpeg","url":"https:\/\/macite.tg\/wp-content\/uploads\/2023\/09\/WhatsApp-Image-2023-09-19-at-14.44.41-122x122.jpeg","contentUrl":"https:\/\/macite.tg\/wp-content\/uploads\/2023\/09\/WhatsApp-Image-2023-09-19-at-14.44.41-122x122.jpeg","caption":"Jean Pierre BAWELA"},"url":"https:\/\/macite.tg\/?author=2"}]}},"_links":{"self":[{"href":"https:\/\/macite.tg\/index.php?rest_route=\/wp\/v2\/posts\/26022","targetHints":{"allow":["GET"]}}],"collection":[{"href":"https:\/\/macite.tg\/index.php?rest_route=\/wp\/v2\/posts"}],"about":[{"href":"https:\/\/macite.tg\/index.php?rest_route=\/wp\/v2\/types\/post"}],"author":[{"embeddable":true,"href":"https:\/\/macite.tg\/index.php?rest_route=\/wp\/v2\/users\/2"}],"replies":[{"embeddable":true,"href":"https:\/\/macite.tg\/index.php?rest_route=%2Fwp%2Fv2%2Fcomments&post=26022"}],"version-history":[{"count":0,"href":"https:\/\/macite.tg\/index.php?rest_route=\/wp\/v2\/posts\/26022\/revisions"}],"wp:featuredmedia":[{"embeddable":true,"href":"https:\/\/macite.tg\/index.php?rest_route=\/wp\/v2\/media\/26023"}],"wp:attachment":[{"href":"https:\/\/macite.tg\/index.php?rest_route=%2Fwp%2Fv2%2Fmedia&parent=26022"}],"wp:term":[{"taxonomy":"category","embeddable":true,"href":"https:\/\/macite.tg\/index.php?rest_route=%2Fwp%2Fv2%2Fcategories&post=26022"},{"taxonomy":"post_tag","embeddable":true,"href":"https:\/\/macite.tg\/index.php?rest_route=%2Fwp%2Fv2%2Ftags&post=26022"}],"curies":[{"name":"wp","href":"https:\/\/api.w.org\/{rel}","templated":true}]}}