{"id":26017,"date":"2025-11-07T11:10:34","date_gmt":"2025-11-07T11:10:34","guid":{"rendered":"https:\/\/macite.tg\/?p=26017"},"modified":"2025-11-07T11:10:40","modified_gmt":"2025-11-07T11:10:40","slug":"penurie-provoquee-de-carburant-au-mali-les-autorites-rassurent-les-conducteurs-routiers","status":"publish","type":"post","link":"https:\/\/macite.tg\/?p=26017","title":{"rendered":"PENURIE PROVOQUEE DE CARBURANT AU MALI : Les autorit\u00e9s rassurent les conducteurs routiers"},"content":{"rendered":"\n<p class=\"wp-block-paragraph\"><strong><em>Face \u00e0 la col\u00e8re des chauffeurs de camions-citernes, le Premier ministre malien les a re\u00e7us hier \u00e0 Bamako. Ils lui ont exprim\u00e9 leur col\u00e8re apr\u00e8s l&rsquo;interpellation de plusieurs d\u2019entre eux pour des faits pr\u00e9sum\u00e9s de d\u00e9tournement de carburant.<\/em><\/strong><\/p>\n\n\n\n<p class=\"wp-block-paragraph\">Cette rencontre avec le Premier ministre malien est intervenu dans un contexte s\u00e9curitaire tenu marqu\u00e9 par le blocus impos\u00e9 par le Groupe de soutien de l\u2019islam et des musulmans (JNIM). Ce groupe djihadjiste multiplie ces derniers temps les assauts contre plusieurs infrastructures industrielles dans le centre et l\u2019ouest du pays. La r\u00e9gion de Kayes, \u00e0 la fronti\u00e8re avec le S\u00e9n\u00e9gal, est particuli\u00e8rement vis\u00e9e.<\/p>\n\n\n<div class=\"wp-block-image\">\n<figure class=\"aligncenter size-full\"><img loading=\"lazy\" decoding=\"async\" width=\"526\" height=\"526\" src=\"https:\/\/macite.tg\/wp-content\/uploads\/2025\/11\/OTR_Tout-saint.jpg\" alt=\"\" class=\"wp-image-25904\" srcset=\"https:\/\/macite.tg\/wp-content\/uploads\/2025\/11\/OTR_Tout-saint.jpg 526w, https:\/\/macite.tg\/wp-content\/uploads\/2025\/11\/OTR_Tout-saint-300x300.jpg 300w, https:\/\/macite.tg\/wp-content\/uploads\/2025\/11\/OTR_Tout-saint-150x150.jpg 150w, https:\/\/macite.tg\/wp-content\/uploads\/2025\/11\/OTR_Tout-saint-122x122.jpg 122w\" sizes=\"auto, (max-width: 526px) 100vw, 526px\" \/><\/figure>\n<\/div>\n\n\n<p class=\"wp-block-paragraph\">Le JNIM a impos\u00e9 un blocus, un embargo sur les produits p\u00e9troliers. Ils attaquent et incendient les camions-citernes, qui ravitaillent Bamako en essence causant une grave p\u00e9nurie de carburant.<\/p>\n\n\n\n<p class=\"wp-block-paragraph\"><strong>Dol\u00e9ances&#8230;.<\/strong><\/p>\n\n\n\n<p class=\"wp-block-paragraph\">Au cours de la rencontre avec le g\u00e9n\u00e9ral Abdoulaye Ma\u00efga, les syndicats ont formul\u00e9 plusieurs revendications : l&rsquo;application int\u00e9grale de la convention collective, la r\u00e9solution des difficult\u00e9s \u00e0 la douane et aux postes de contr\u00f4le, et le renforcement du syst\u00e8me d&rsquo;assurance maladie pour les conducteurs.<\/p>\n\n\n\n<p class=\"wp-block-paragraph\">En reponse, le Premier ministre a rassur\u00e9 ses interlocuteurs : ces dol\u00e9ances seront examin\u00e9es avec attention par les d\u00e9partements minist\u00e9riels concern\u00e9s avant leur mise en ex\u00e9cution.<\/p>\n\n\n\n<p class=\"wp-block-paragraph\">Moussa Bagayoko du Synacor, le secr\u00e9taire g\u00e9n\u00e9ral du syndicat national des chauffeurs et conducteurs routiers du Mali exprime sa satisfaction apr\u00e8s la rencontre avec cette rencontre.<\/p>\n\n\n<div class=\"wp-block-image\">\n<figure class=\"aligncenter size-large\"><img loading=\"lazy\" decoding=\"async\" width=\"1024\" height=\"426\" src=\"https:\/\/macite.tg\/wp-content\/uploads\/2025\/10\/OTR_Depreciation-1024x426.jpg\" alt=\"\" class=\"wp-image-25740\" srcset=\"https:\/\/macite.tg\/wp-content\/uploads\/2025\/10\/OTR_Depreciation-1024x426.jpg 1024w, https:\/\/macite.tg\/wp-content\/uploads\/2025\/10\/OTR_Depreciation-300x125.jpg 300w, https:\/\/macite.tg\/wp-content\/uploads\/2025\/10\/OTR_Depreciation-768x320.jpg 768w, https:\/\/macite.tg\/wp-content\/uploads\/2025\/10\/OTR_Depreciation.jpg 1132w\" sizes=\"auto, (max-width: 1024px) 100vw, 1024px\" \/><\/figure>\n<\/div>\n\n\n<p class=\"wp-block-paragraph\"><em>Selon lui, \u00ab&nbsp;le Premier ministre nous a re\u00e7u et nous a fait part de ses remerciements et de sa reconnaissance pour les efforts que nous consentons. Nous avons profit\u00e9 de l&rsquo;occasion pour lui exprimer nos craintes par rapport \u00e0 la s\u00e9curisation de nos convois. On a aussi parl\u00e9 de l&rsquo;application de la convention collective, mais aussi de la s\u00e9curit\u00e9 sociale qui pourrait nous couvrir sur le plan sanitaire.<\/em><\/p>\n\n\n\n<p class=\"wp-block-paragraph\"><em>Le Premier ministre s&rsquo;est engag\u00e9 \u00e0 satisfaire certaines de nos dol\u00e9ances dans la mesure du possible. Parmi nous, il y avait des chauffeurs bless\u00e9s lors des attaques djihadistes qui ont cibl\u00e9 les camions citernes, mais aussi des proches de ceux qui ont \u00e9t\u00e9 tu\u00e9s. C&rsquo;\u00e9tait important pour nous que le Premier ministre les voit physiquement&nbsp;\u00bb.<\/em><\/p>\n\n\n\n<p class=\"wp-block-paragraph\"><strong>&#8230;et d\u00e9termination<\/strong><\/p>\n\n\n\n<p class=\"wp-block-paragraph\">Face \u00e0 cette situation, les chauffeurs et conducteurs routiers maliens ont affirm\u00e9 leur d\u00e9termination \u00e0 assurer leurs missions malgr\u00e9 les d\u00e9fis s\u00e9curitaires et les obstacles. Ils ont exprim\u00e9 leur d\u00e9termination \u00e0 continuer de travailler pour le Mali, malgr\u00e9 les d\u00e9fis s\u00e9curitaires, \u00e9conomiques et op\u00e9rationnels.<\/p>\n\n\n<div class=\"wp-block-image\">\n<figure class=\"aligncenter size-large\"><img loading=\"lazy\" decoding=\"async\" width=\"723\" height=\"1024\" src=\"https:\/\/macite.tg\/wp-content\/uploads\/2025\/10\/OTR_TPU_30octobre-723x1024.jpg\" alt=\"\" class=\"wp-image-25877\" srcset=\"https:\/\/macite.tg\/wp-content\/uploads\/2025\/10\/OTR_TPU_30octobre-723x1024.jpg 723w, https:\/\/macite.tg\/wp-content\/uploads\/2025\/10\/OTR_TPU_30octobre-212x300.jpg 212w, https:\/\/macite.tg\/wp-content\/uploads\/2025\/10\/OTR_TPU_30octobre.jpg 763w\" sizes=\"auto, (max-width: 723px) 100vw, 723px\" \/><\/figure>\n<\/div>\n\n\n<p class=\"wp-block-paragraph\">D&rsquo;apr\u00e8s le Premier ministre, le G\u00e9n\u00e9ral de Division Abdoulaye Ma\u00efga, Forces arm\u00e9es maliennes (Fama) consentent des efforts pour s\u00e9curiser les axes routiers.<\/p>\n\n\n\n<p class=\"wp-block-paragraph\"><strong>Mahamadou Kane avec <\/strong><strong>MSN<\/strong><\/p>\n\n\n\n<p class=\"wp-block-paragraph\"><a><strong><em>@macite.tg&nbsp;&nbsp;&nbsp;&nbsp;&nbsp;&nbsp;&nbsp;&nbsp;<\/em><\/strong><\/a><\/p>\n\n\n\n<p class=\"wp-block-paragraph\"><strong><em>E-mail&nbsp;: <\/em><\/strong><a href=\"mailto:maciteinfo@gmail.com\"><strong><em>maciteinfo@gmail.com<\/em><\/strong><\/a><strong><em>; <\/em><\/strong><a href=\"mailto:bawela1@gmail.com\"><strong><em>bawela1@gmail.com<\/em><\/strong><\/a><strong><em><\/em><\/strong><\/p>\n\n\n\n<p class=\"wp-block-paragraph\"><strong><em>Pour vos annonces, (publi)reportages, etc., joignez-nous au (00228)91515309\/<strong>79872224 <\/strong><strong><\/strong><\/em><\/strong><\/p>\n\n\n\n<p class=\"wp-block-paragraph\"><strong><em>www.macite.tg, L\u2019information, la bonne&nbsp;!<\/em><\/strong><\/p>\n\n\n\n<p class=\"wp-block-paragraph\"><\/p>\n","protected":false},"excerpt":{"rendered":"<p class=\"text-justify mb-2\" >Face \u00e0 la col\u00e8re des chauffeurs de camions-citernes, le Premier ministre malien les a re\u00e7us hier \u00e0 Bamako. Ils lui ont exprim\u00e9 leur col\u00e8re apr\u00e8s l&rsquo;interpellation de plusieurs d\u2019entre eux pour des faits pr\u00e9sum\u00e9s de d\u00e9tournement de carburant. Cette rencontre avec le Premier ministre malien [&hellip;]<\/p>\n","protected":false},"author":2,"featured_media":26020,"comment_status":"open","ping_status":"open","sticky":false,"template":"","format":"standard","meta":{"footnotes":""},"categories":[20,3],"tags":[],"class_list":["post-26017","post","type-post","status-publish","format-standard","has-post-thumbnail","hentry","category-actualite","category-economie"],"yoast_head":"<!-- This site is optimized with the Yoast SEO plugin v28.4 - https:\/\/yoast.com\/product\/yoast-seo-wordpress\/ -->\n<title>PENURIE PROVOQUEE DE CARBURANT AU MALI : Les autorit\u00e9s rassurent les conducteurs routiers -<\/title>\n<meta name=\"robots\" content=\"index, follow, max-snippet:-1, max-image-preview:large, max-video-preview:-1\" \/>\n<link rel=\"canonical\" href=\"https:\/\/macite.tg\/?p=26017\" \/>\n<meta property=\"og:locale\" content=\"fr_FR\" \/>\n<meta property=\"og:type\" content=\"article\" \/>\n<meta property=\"og:title\" content=\"PENURIE PROVOQUEE DE CARBURANT AU MALI : Les autorit\u00e9s rassurent les conducteurs routiers -\" \/>\n<meta property=\"og:description\" content=\"Face \u00e0 la col\u00e8re des chauffeurs de camions-citernes, le Premier ministre malien les a re\u00e7us hier \u00e0 Bamako. Ils lui ont exprim\u00e9 leur col\u00e8re apr\u00e8s l&rsquo;interpellation de plusieurs d\u2019entre eux pour des faits pr\u00e9sum\u00e9s de d\u00e9tournement de carburant. Cette rencontre avec le Premier ministre malien [&hellip;]\" \/>\n<meta property=\"og:url\" content=\"https:\/\/macite.tg\/?p=26017\" \/>\n<meta property=\"article:published_time\" content=\"2025-11-07T11:10:34+00:00\" \/>\n<meta property=\"article:modified_time\" content=\"2025-11-07T11:10:40+00:00\" \/>\n<meta property=\"og:image\" content=\"https:\/\/macite.tg\/wp-content\/uploads\/2025\/11\/image-21.png\" \/>\n\t<meta property=\"og:image:width\" content=\"534\" \/>\n\t<meta property=\"og:image:height\" content=\"301\" \/>\n\t<meta property=\"og:image:type\" content=\"image\/png\" \/>\n<meta name=\"author\" content=\"Jean Pierre BAWELA\" \/>\n<meta name=\"twitter:card\" content=\"summary_large_image\" \/>\n<meta name=\"twitter:label1\" content=\"\u00c9crit par\" \/>\n\t<meta name=\"twitter:data1\" content=\"Jean Pierre BAWELA\" \/>\n\t<meta name=\"twitter:label2\" content=\"Dur\u00e9e de lecture estim\u00e9e\" \/>\n\t<meta name=\"twitter:data2\" content=\"4 minutes\" \/>\n<script type=\"application\/ld+json\" class=\"yoast-schema-graph\">{\"@context\":\"https:\\\/\\\/schema.org\",\"@graph\":[{\"@type\":\"Article\",\"@id\":\"https:\\\/\\\/macite.tg\\\/?p=26017#article\",\"isPartOf\":{\"@id\":\"https:\\\/\\\/macite.tg\\\/?p=26017\"},\"author\":{\"name\":\"Jean Pierre BAWELA\",\"@id\":\"https:\\\/\\\/macite.tg\\\/#\\\/schema\\\/person\\\/e9f2de7e5dbbe7770a9402c7ce82f5c2\"},\"headline\":\"PENURIE PROVOQUEE DE CARBURANT AU MALI : Les autorit\u00e9s rassurent les conducteurs routiers\",\"datePublished\":\"2025-11-07T11:10:34+00:00\",\"dateModified\":\"2025-11-07T11:10:40+00:00\",\"mainEntityOfPage\":{\"@id\":\"https:\\\/\\\/macite.tg\\\/?p=26017\"},\"wordCount\":527,\"commentCount\":0,\"image\":{\"@id\":\"https:\\\/\\\/macite.tg\\\/?p=26017#primaryimage\"},\"thumbnailUrl\":\"https:\\\/\\\/macite.tg\\\/wp-content\\\/uploads\\\/2025\\\/11\\\/image-21.png\",\"articleSection\":[\"ACTUALITE\",\"ECONOMIE\"],\"inLanguage\":\"fr-FR\",\"potentialAction\":[{\"@type\":\"CommentAction\",\"name\":\"Comment\",\"target\":[\"https:\\\/\\\/macite.tg\\\/?p=26017#respond\"]}]},{\"@type\":\"WebPage\",\"@id\":\"https:\\\/\\\/macite.tg\\\/?p=26017\",\"url\":\"https:\\\/\\\/macite.tg\\\/?p=26017\",\"name\":\"PENURIE PROVOQUEE DE CARBURANT AU MALI : Les autorit\u00e9s rassurent les conducteurs routiers -\",\"isPartOf\":{\"@id\":\"https:\\\/\\\/macite.tg\\\/#website\"},\"primaryImageOfPage\":{\"@id\":\"https:\\\/\\\/macite.tg\\\/?p=26017#primaryimage\"},\"image\":{\"@id\":\"https:\\\/\\\/macite.tg\\\/?p=26017#primaryimage\"},\"thumbnailUrl\":\"https:\\\/\\\/macite.tg\\\/wp-content\\\/uploads\\\/2025\\\/11\\\/image-21.png\",\"datePublished\":\"2025-11-07T11:10:34+00:00\",\"dateModified\":\"2025-11-07T11:10:40+00:00\",\"author\":{\"@id\":\"https:\\\/\\\/macite.tg\\\/#\\\/schema\\\/person\\\/e9f2de7e5dbbe7770a9402c7ce82f5c2\"},\"breadcrumb\":{\"@id\":\"https:\\\/\\\/macite.tg\\\/?p=26017#breadcrumb\"},\"inLanguage\":\"fr-FR\",\"potentialAction\":[{\"@type\":\"ReadAction\",\"target\":[\"https:\\\/\\\/macite.tg\\\/?p=26017\"]}]},{\"@type\":\"ImageObject\",\"inLanguage\":\"fr-FR\",\"@id\":\"https:\\\/\\\/macite.tg\\\/?p=26017#primaryimage\",\"url\":\"https:\\\/\\\/macite.tg\\\/wp-content\\\/uploads\\\/2025\\\/11\\\/image-21.png\",\"contentUrl\":\"https:\\\/\\\/macite.tg\\\/wp-content\\\/uploads\\\/2025\\\/11\\\/image-21.png\",\"width\":534,\"height\":301,\"caption\":\"Premier ministre malien Abdoulaye Maiga \u00e0 Ouagadougou le 15 f\u00e9vrier 2024\"},{\"@type\":\"BreadcrumbList\",\"@id\":\"https:\\\/\\\/macite.tg\\\/?p=26017#breadcrumb\",\"itemListElement\":[{\"@type\":\"ListItem\",\"position\":1,\"name\":\"Accueil\",\"item\":\"https:\\\/\\\/macite.tg\\\/\"},{\"@type\":\"ListItem\",\"position\":2,\"name\":\"PENURIE PROVOQUEE DE CARBURANT AU MALI : Les autorit\u00e9s rassurent les conducteurs routiers\"}]},{\"@type\":\"WebSite\",\"@id\":\"https:\\\/\\\/macite.tg\\\/#website\",\"url\":\"https:\\\/\\\/macite.tg\\\/\",\"name\":\"\",\"description\":\"L&#039;information, la bonne!!!\",\"potentialAction\":[{\"@type\":\"SearchAction\",\"target\":{\"@type\":\"EntryPoint\",\"urlTemplate\":\"https:\\\/\\\/macite.tg\\\/?s={search_term_string}\"},\"query-input\":{\"@type\":\"PropertyValueSpecification\",\"valueRequired\":true,\"valueName\":\"search_term_string\"}}],\"inLanguage\":\"fr-FR\"},{\"@type\":\"Person\",\"@id\":\"https:\\\/\\\/macite.tg\\\/#\\\/schema\\\/person\\\/e9f2de7e5dbbe7770a9402c7ce82f5c2\",\"name\":\"Jean Pierre BAWELA\",\"image\":{\"@type\":\"ImageObject\",\"inLanguage\":\"fr-FR\",\"@id\":\"https:\\\/\\\/macite.tg\\\/wp-content\\\/uploads\\\/2023\\\/09\\\/WhatsApp-Image-2023-09-19-at-14.44.41-122x122.jpeg\",\"url\":\"https:\\\/\\\/macite.tg\\\/wp-content\\\/uploads\\\/2023\\\/09\\\/WhatsApp-Image-2023-09-19-at-14.44.41-122x122.jpeg\",\"contentUrl\":\"https:\\\/\\\/macite.tg\\\/wp-content\\\/uploads\\\/2023\\\/09\\\/WhatsApp-Image-2023-09-19-at-14.44.41-122x122.jpeg\",\"caption\":\"Jean Pierre BAWELA\"},\"url\":\"https:\\\/\\\/macite.tg\\\/?author=2\"}]}<\/script>\n<!-- \/ Yoast SEO plugin. -->","yoast_head_json":{"title":"PENURIE PROVOQUEE DE CARBURANT AU MALI : Les autorit\u00e9s rassurent les conducteurs routiers -","robots":{"index":"index","follow":"follow","max-snippet":"max-snippet:-1","max-image-preview":"max-image-preview:large","max-video-preview":"max-video-preview:-1"},"canonical":"https:\/\/macite.tg\/?p=26017","og_locale":"fr_FR","og_type":"article","og_title":"PENURIE PROVOQUEE DE CARBURANT AU MALI : Les autorit\u00e9s rassurent les conducteurs routiers -","og_description":"Face \u00e0 la col\u00e8re des chauffeurs de camions-citernes, le Premier ministre malien les a re\u00e7us hier \u00e0 Bamako. Ils lui ont exprim\u00e9 leur col\u00e8re apr\u00e8s l&rsquo;interpellation de plusieurs d\u2019entre eux pour des faits pr\u00e9sum\u00e9s de d\u00e9tournement de carburant. Cette rencontre avec le Premier ministre malien [&hellip;]","og_url":"https:\/\/macite.tg\/?p=26017","article_published_time":"2025-11-07T11:10:34+00:00","article_modified_time":"2025-11-07T11:10:40+00:00","og_image":[{"width":534,"height":301,"url":"https:\/\/macite.tg\/wp-content\/uploads\/2025\/11\/image-21.png","type":"image\/png"}],"author":"Jean Pierre BAWELA","twitter_card":"summary_large_image","twitter_misc":{"\u00c9crit par":"Jean Pierre BAWELA","Dur\u00e9e de lecture estim\u00e9e":"4 minutes"},"schema":{"@context":"https:\/\/schema.org","@graph":[{"@type":"Article","@id":"https:\/\/macite.tg\/?p=26017#article","isPartOf":{"@id":"https:\/\/macite.tg\/?p=26017"},"author":{"name":"Jean Pierre BAWELA","@id":"https:\/\/macite.tg\/#\/schema\/person\/e9f2de7e5dbbe7770a9402c7ce82f5c2"},"headline":"PENURIE PROVOQUEE DE CARBURANT AU MALI : Les autorit\u00e9s rassurent les conducteurs routiers","datePublished":"2025-11-07T11:10:34+00:00","dateModified":"2025-11-07T11:10:40+00:00","mainEntityOfPage":{"@id":"https:\/\/macite.tg\/?p=26017"},"wordCount":527,"commentCount":0,"image":{"@id":"https:\/\/macite.tg\/?p=26017#primaryimage"},"thumbnailUrl":"https:\/\/macite.tg\/wp-content\/uploads\/2025\/11\/image-21.png","articleSection":["ACTUALITE","ECONOMIE"],"inLanguage":"fr-FR","potentialAction":[{"@type":"CommentAction","name":"Comment","target":["https:\/\/macite.tg\/?p=26017#respond"]}]},{"@type":"WebPage","@id":"https:\/\/macite.tg\/?p=26017","url":"https:\/\/macite.tg\/?p=26017","name":"PENURIE PROVOQUEE DE CARBURANT AU MALI : Les autorit\u00e9s rassurent les conducteurs routiers -","isPartOf":{"@id":"https:\/\/macite.tg\/#website"},"primaryImageOfPage":{"@id":"https:\/\/macite.tg\/?p=26017#primaryimage"},"image":{"@id":"https:\/\/macite.tg\/?p=26017#primaryimage"},"thumbnailUrl":"https:\/\/macite.tg\/wp-content\/uploads\/2025\/11\/image-21.png","datePublished":"2025-11-07T11:10:34+00:00","dateModified":"2025-11-07T11:10:40+00:00","author":{"@id":"https:\/\/macite.tg\/#\/schema\/person\/e9f2de7e5dbbe7770a9402c7ce82f5c2"},"breadcrumb":{"@id":"https:\/\/macite.tg\/?p=26017#breadcrumb"},"inLanguage":"fr-FR","potentialAction":[{"@type":"ReadAction","target":["https:\/\/macite.tg\/?p=26017"]}]},{"@type":"ImageObject","inLanguage":"fr-FR","@id":"https:\/\/macite.tg\/?p=26017#primaryimage","url":"https:\/\/macite.tg\/wp-content\/uploads\/2025\/11\/image-21.png","contentUrl":"https:\/\/macite.tg\/wp-content\/uploads\/2025\/11\/image-21.png","width":534,"height":301,"caption":"Premier ministre malien Abdoulaye Maiga \u00e0 Ouagadougou le 15 f\u00e9vrier 2024"},{"@type":"BreadcrumbList","@id":"https:\/\/macite.tg\/?p=26017#breadcrumb","itemListElement":[{"@type":"ListItem","position":1,"name":"Accueil","item":"https:\/\/macite.tg\/"},{"@type":"ListItem","position":2,"name":"PENURIE PROVOQUEE DE CARBURANT AU MALI : Les autorit\u00e9s rassurent les conducteurs routiers"}]},{"@type":"WebSite","@id":"https:\/\/macite.tg\/#website","url":"https:\/\/macite.tg\/","name":"","description":"L&#039;information, la bonne!!!","potentialAction":[{"@type":"SearchAction","target":{"@type":"EntryPoint","urlTemplate":"https:\/\/macite.tg\/?s={search_term_string}"},"query-input":{"@type":"PropertyValueSpecification","valueRequired":true,"valueName":"search_term_string"}}],"inLanguage":"fr-FR"},{"@type":"Person","@id":"https:\/\/macite.tg\/#\/schema\/person\/e9f2de7e5dbbe7770a9402c7ce82f5c2","name":"Jean Pierre BAWELA","image":{"@type":"ImageObject","inLanguage":"fr-FR","@id":"https:\/\/macite.tg\/wp-content\/uploads\/2023\/09\/WhatsApp-Image-2023-09-19-at-14.44.41-122x122.jpeg","url":"https:\/\/macite.tg\/wp-content\/uploads\/2023\/09\/WhatsApp-Image-2023-09-19-at-14.44.41-122x122.jpeg","contentUrl":"https:\/\/macite.tg\/wp-content\/uploads\/2023\/09\/WhatsApp-Image-2023-09-19-at-14.44.41-122x122.jpeg","caption":"Jean Pierre BAWELA"},"url":"https:\/\/macite.tg\/?author=2"}]}},"_links":{"self":[{"href":"https:\/\/macite.tg\/index.php?rest_route=\/wp\/v2\/posts\/26017","targetHints":{"allow":["GET"]}}],"collection":[{"href":"https:\/\/macite.tg\/index.php?rest_route=\/wp\/v2\/posts"}],"about":[{"href":"https:\/\/macite.tg\/index.php?rest_route=\/wp\/v2\/types\/post"}],"author":[{"embeddable":true,"href":"https:\/\/macite.tg\/index.php?rest_route=\/wp\/v2\/users\/2"}],"replies":[{"embeddable":true,"href":"https:\/\/macite.tg\/index.php?rest_route=%2Fwp%2Fv2%2Fcomments&post=26017"}],"version-history":[{"count":0,"href":"https:\/\/macite.tg\/index.php?rest_route=\/wp\/v2\/posts\/26017\/revisions"}],"wp:featuredmedia":[{"embeddable":true,"href":"https:\/\/macite.tg\/index.php?rest_route=\/wp\/v2\/media\/26020"}],"wp:attachment":[{"href":"https:\/\/macite.tg\/index.php?rest_route=%2Fwp%2Fv2%2Fmedia&parent=26017"}],"wp:term":[{"taxonomy":"category","embeddable":true,"href":"https:\/\/macite.tg\/index.php?rest_route=%2Fwp%2Fv2%2Fcategories&post=26017"},{"taxonomy":"post_tag","embeddable":true,"href":"https:\/\/macite.tg\/index.php?rest_route=%2Fwp%2Fv2%2Ftags&post=26017"}],"curies":[{"name":"wp","href":"https:\/\/api.w.org\/{rel}","templated":true}]}}