{"id":26013,"date":"2025-11-06T19:42:55","date_gmt":"2025-11-06T19:42:55","guid":{"rendered":"https:\/\/macite.tg\/?p=26013"},"modified":"2025-11-06T19:43:15","modified_gmt":"2025-11-06T19:43:15","slug":"ligue-des-champions-victor-osimhen-en-tete-des-buteurs","status":"publish","type":"post","link":"https:\/\/macite.tg\/?p=26013","title":{"rendered":"LIGUE DES CHAMPIONS\u00a0: Victor Osimhen en t\u00eate des buteurs\u2026"},"content":{"rendered":"\n<p class=\"wp-block-paragraph\"><strong><em>Gr\u00e2ce \u00e0 un tripl\u00e9, Victor Osimhen s&rsquo;est hiss\u00e9 en t\u00eate du classement des buteurs de la Ligue des champions. L&rsquo;attaquant nig\u00e9rian a inscrit les trois buts de la victoire 3-0 du Galatasaray contre l&rsquo;Ajax \u00e0 Amsterdam mercredi.<\/em><\/strong><\/p>\n\n\n\n<p class=\"wp-block-paragraph\">Osimhen compte d\u00e9sormais six buts cette saison dans la plus prestigieuse comp\u00e9tition europ\u00e9enne. C&rsquo;est un de plus que&nbsp;<strong>Harry Kane<\/strong>,&nbsp;<strong>Kylian Mbapp\u00e9<\/strong>&nbsp;et&nbsp;<strong>Erling Haaland<\/strong>.<\/p>\n\n\n\n<p class=\"wp-block-paragraph\">Le club d&rsquo;Istanbul a sign\u00e9 Osimhen en provenance de Naples cet \u00e9t\u00e9 pour un montant record dans le championnat turc, estim\u00e9 \u00e0 75 millions d&rsquo;euros (86 millions de dollars).<\/p>\n\n\n<div class=\"wp-block-image\">\n<figure class=\"aligncenter size-full\"><img loading=\"lazy\" decoding=\"async\" width=\"526\" height=\"526\" src=\"https:\/\/macite.tg\/wp-content\/uploads\/2025\/11\/OTR_Tout-saint.jpg\" alt=\"\" class=\"wp-image-25904\" srcset=\"https:\/\/macite.tg\/wp-content\/uploads\/2025\/11\/OTR_Tout-saint.jpg 526w, https:\/\/macite.tg\/wp-content\/uploads\/2025\/11\/OTR_Tout-saint-300x300.jpg 300w, https:\/\/macite.tg\/wp-content\/uploads\/2025\/11\/OTR_Tout-saint-150x150.jpg 150w, https:\/\/macite.tg\/wp-content\/uploads\/2025\/11\/OTR_Tout-saint-122x122.jpg 122w\" sizes=\"auto, (max-width: 526px) 100vw, 526px\" \/><\/figure>\n<\/div>\n\n\n<p class=\"wp-block-paragraph\">L&rsquo;attaquant de 26 ans a eu besoin de moins de 20 minutes pour r\u00e9aliser son premier tripl\u00e9 dans la comp\u00e9tition. Il a ouvert le score \u00e0 la 59e minute d&rsquo;une t\u00eate sur un centre de&nbsp;<strong>Leroy San\u00e9<\/strong>. \u00c0 la 66e et \u00e0 la 78e minute, ses tirs au but parfaitement ex\u00e9cut\u00e9s n&rsquo;ont laiss\u00e9 aucune chance au gardien de l&rsquo;Ajax, Remko Pasveer.<\/p>\n\n\n\n<p class=\"wp-block-paragraph\"><em>\u00ab&nbsp;Nous avons un objectif. Nous savons ce que nous voulons et nous connaissons l&rsquo;ampleur des performances requises en Ligue des champions&nbsp;\u00bb<\/em>, a d\u00e9clar\u00e9 Osimhen \u00e0&nbsp;<strong>Galatasaray TV<\/strong>.&nbsp;<em>\u00ab&nbsp;Nous voulons rivaliser avec l&rsquo;\u00e9lite. Ce ne sera pas facile, mais nous y arriverons \u00e9tape par \u00e9tape. Nous avons les qualit\u00e9s individuelles n\u00e9cessaires pour faire mal \u00e0 toutes les \u00e9quipes.&nbsp;\u00bb<\/em><\/p>\n\n\n\n<p class=\"wp-block-paragraph\">Lors des pr\u00e9c\u00e9dents matchs de Ligue des champions cette saison, il a marqu\u00e9 le seul but de la victoire 1-0 contre&nbsp;<strong>Liverpool<\/strong>&nbsp;(\u00e9galement sur penalty) et en a ajout\u00e9 deux autres pour aider Galatasaray \u00e0 battre&nbsp;<strong>Bod\u00f8\/Glimt<\/strong>&nbsp;3-1. Galatasaray a remport\u00e9 trois matchs cons\u00e9cutifs et occupe la neuvi\u00e8me place avec neuf points \u00e0 mi-parcours de la phase de championnat.<\/p>\n\n\n<div class=\"wp-block-image\">\n<figure class=\"aligncenter size-large is-resized\"><img loading=\"lazy\" decoding=\"async\" width=\"723\" height=\"1024\" src=\"https:\/\/macite.tg\/wp-content\/uploads\/2025\/10\/OTR_TPU_30octobre-723x1024.jpg\" alt=\"\" class=\"wp-image-25877\" style=\"width:583px;height:auto\" srcset=\"https:\/\/macite.tg\/wp-content\/uploads\/2025\/10\/OTR_TPU_30octobre-723x1024.jpg 723w, https:\/\/macite.tg\/wp-content\/uploads\/2025\/10\/OTR_TPU_30octobre-212x300.jpg 212w, https:\/\/macite.tg\/wp-content\/uploads\/2025\/10\/OTR_TPU_30octobre.jpg 763w\" sizes=\"auto, (max-width: 723px) 100vw, 723px\" \/><\/figure>\n<\/div>\n\n\n<p class=\"wp-block-paragraph\">Le&nbsp;<strong>Paris Saint-Germain<\/strong>, Chelsea et le club saoudien Al-Ahli auraient tous \u00e9t\u00e9 int\u00e9ress\u00e9s par Osimhen avant qu&rsquo;il ne quitte Naples pour Galatasaray dans le cadre d&rsquo;un pr\u00eat en septembre 2024. Il a ensuite aid\u00e9 le club \u00e0 remporter le championnat et la Coupe lors de sa premi\u00e8re saison en Turquie. Il a marqu\u00e9 26 buts en championnat et cinq en Coupe cette saison-l\u00e0.<\/p>\n\n\n\n<p class=\"wp-block-paragraph\"><strong>MSN<\/strong><\/p>\n\n\n\n<p class=\"wp-block-paragraph\"><a><strong><em>@macite.tg&nbsp;&nbsp;&nbsp;&nbsp;&nbsp;&nbsp;&nbsp;&nbsp;<\/em><\/strong><\/a><\/p>\n\n\n\n<p class=\"wp-block-paragraph\"><strong><em>E-mail&nbsp;: <\/em><\/strong><a href=\"mailto:maciteinfo@gmail.com\"><strong><em>maciteinfo@gmail.com<\/em><\/strong><\/a><strong><em>; <\/em><\/strong><a href=\"mailto:bawela1@gmail.com\"><strong><em>bawela1@gmail.com<\/em><\/strong><\/a><strong><em> <\/em><\/strong><strong><em><\/em><\/strong><\/p>\n\n\n\n<p class=\"wp-block-paragraph\"><strong><em>Pour vos annonces, (publi)reportages, etc., joignez-nous au (00228)91515309\/<strong>79872224 <\/strong><strong><\/strong><\/em><\/strong><\/p>\n\n\n\n<p class=\"wp-block-paragraph\"><strong><em>www.macite.tg, L\u2019information, la bonne&nbsp;!<\/em><\/strong><\/p>\n\n\n\n<p class=\"wp-block-paragraph\"><\/p>\n","protected":false},"excerpt":{"rendered":"<p class=\"text-justify mb-2\" >Gr\u00e2ce \u00e0 un tripl\u00e9, Victor Osimhen s&rsquo;est hiss\u00e9 en t\u00eate du classement des buteurs de la Ligue des champions. L&rsquo;attaquant nig\u00e9rian a inscrit les trois buts de la victoire 3-0 du Galatasaray contre l&rsquo;Ajax \u00e0 Amsterdam mercredi. Osimhen compte d\u00e9sormais six buts cette saison dans [&hellip;]<\/p>\n","protected":false},"author":2,"featured_media":26014,"comment_status":"open","ping_status":"open","sticky":false,"template":"","format":"standard","meta":{"footnotes":""},"categories":[20,63,7],"tags":[],"class_list":["post-26013","post","type-post","status-publish","format-standard","has-post-thumbnail","hentry","category-actualite","category-football","category-sports"],"yoast_head":"<!-- This site is optimized with the Yoast SEO plugin v28.4 - https:\/\/yoast.com\/product\/yoast-seo-wordpress\/ -->\n<title>LIGUE DES CHAMPIONS\u00a0: Victor Osimhen en t\u00eate des buteurs\u2026 -<\/title>\n<meta name=\"robots\" content=\"index, follow, max-snippet:-1, max-image-preview:large, max-video-preview:-1\" \/>\n<link rel=\"canonical\" href=\"https:\/\/macite.tg\/?p=26013\" \/>\n<meta property=\"og:locale\" content=\"fr_FR\" \/>\n<meta property=\"og:type\" content=\"article\" \/>\n<meta property=\"og:title\" content=\"LIGUE DES CHAMPIONS\u00a0: Victor Osimhen en t\u00eate des buteurs\u2026 -\" \/>\n<meta property=\"og:description\" content=\"Gr\u00e2ce \u00e0 un tripl\u00e9, Victor Osimhen s&rsquo;est hiss\u00e9 en t\u00eate du classement des buteurs de la Ligue des champions. L&rsquo;attaquant nig\u00e9rian a inscrit les trois buts de la victoire 3-0 du Galatasaray contre l&rsquo;Ajax \u00e0 Amsterdam mercredi. Osimhen compte d\u00e9sormais six buts cette saison dans [&hellip;]\" \/>\n<meta property=\"og:url\" content=\"https:\/\/macite.tg\/?p=26013\" \/>\n<meta property=\"article:published_time\" content=\"2025-11-06T19:42:55+00:00\" \/>\n<meta property=\"article:modified_time\" content=\"2025-11-06T19:43:15+00:00\" \/>\n<meta property=\"og:image\" content=\"https:\/\/macite.tg\/wp-content\/uploads\/2025\/11\/image-19.png\" \/>\n\t<meta property=\"og:image:width\" content=\"439\" \/>\n\t<meta property=\"og:image:height\" content=\"266\" \/>\n\t<meta property=\"og:image:type\" content=\"image\/png\" \/>\n<meta name=\"author\" content=\"Jean Pierre BAWELA\" \/>\n<meta name=\"twitter:card\" content=\"summary_large_image\" \/>\n<meta name=\"twitter:label1\" content=\"\u00c9crit par\" \/>\n\t<meta name=\"twitter:data1\" content=\"Jean Pierre BAWELA\" \/>\n\t<meta name=\"twitter:label2\" content=\"Dur\u00e9e de lecture estim\u00e9e\" \/>\n\t<meta name=\"twitter:data2\" content=\"3 minutes\" \/>\n<script type=\"application\/ld+json\" class=\"yoast-schema-graph\">{\"@context\":\"https:\\\/\\\/schema.org\",\"@graph\":[{\"@type\":\"Article\",\"@id\":\"https:\\\/\\\/macite.tg\\\/?p=26013#article\",\"isPartOf\":{\"@id\":\"https:\\\/\\\/macite.tg\\\/?p=26013\"},\"author\":{\"name\":\"Jean Pierre BAWELA\",\"@id\":\"https:\\\/\\\/macite.tg\\\/#\\\/schema\\\/person\\\/e9f2de7e5dbbe7770a9402c7ce82f5c2\"},\"headline\":\"LIGUE DES CHAMPIONS\u00a0: Victor Osimhen en t\u00eate des buteurs\u2026\",\"datePublished\":\"2025-11-06T19:42:55+00:00\",\"dateModified\":\"2025-11-06T19:43:15+00:00\",\"mainEntityOfPage\":{\"@id\":\"https:\\\/\\\/macite.tg\\\/?p=26013\"},\"wordCount\":412,\"commentCount\":0,\"image\":{\"@id\":\"https:\\\/\\\/macite.tg\\\/?p=26013#primaryimage\"},\"thumbnailUrl\":\"https:\\\/\\\/macite.tg\\\/wp-content\\\/uploads\\\/2025\\\/11\\\/image-19.png\",\"articleSection\":[\"ACTUALITE\",\"FOOTBALL\",\"SPORTS\"],\"inLanguage\":\"fr-FR\",\"potentialAction\":[{\"@type\":\"CommentAction\",\"name\":\"Comment\",\"target\":[\"https:\\\/\\\/macite.tg\\\/?p=26013#respond\"]}]},{\"@type\":\"WebPage\",\"@id\":\"https:\\\/\\\/macite.tg\\\/?p=26013\",\"url\":\"https:\\\/\\\/macite.tg\\\/?p=26013\",\"name\":\"LIGUE DES CHAMPIONS\u00a0: Victor Osimhen en t\u00eate des buteurs\u2026 -\",\"isPartOf\":{\"@id\":\"https:\\\/\\\/macite.tg\\\/#website\"},\"primaryImageOfPage\":{\"@id\":\"https:\\\/\\\/macite.tg\\\/?p=26013#primaryimage\"},\"image\":{\"@id\":\"https:\\\/\\\/macite.tg\\\/?p=26013#primaryimage\"},\"thumbnailUrl\":\"https:\\\/\\\/macite.tg\\\/wp-content\\\/uploads\\\/2025\\\/11\\\/image-19.png\",\"datePublished\":\"2025-11-06T19:42:55+00:00\",\"dateModified\":\"2025-11-06T19:43:15+00:00\",\"author\":{\"@id\":\"https:\\\/\\\/macite.tg\\\/#\\\/schema\\\/person\\\/e9f2de7e5dbbe7770a9402c7ce82f5c2\"},\"breadcrumb\":{\"@id\":\"https:\\\/\\\/macite.tg\\\/?p=26013#breadcrumb\"},\"inLanguage\":\"fr-FR\",\"potentialAction\":[{\"@type\":\"ReadAction\",\"target\":[\"https:\\\/\\\/macite.tg\\\/?p=26013\"]}]},{\"@type\":\"ImageObject\",\"inLanguage\":\"fr-FR\",\"@id\":\"https:\\\/\\\/macite.tg\\\/?p=26013#primaryimage\",\"url\":\"https:\\\/\\\/macite.tg\\\/wp-content\\\/uploads\\\/2025\\\/11\\\/image-19.png\",\"contentUrl\":\"https:\\\/\\\/macite.tg\\\/wp-content\\\/uploads\\\/2025\\\/11\\\/image-19.png\",\"width\":439,\"height\":266,\"caption\":\"L'attaquant nig\u00e9rian de Galatasaray, Victor Osimhen\"},{\"@type\":\"BreadcrumbList\",\"@id\":\"https:\\\/\\\/macite.tg\\\/?p=26013#breadcrumb\",\"itemListElement\":[{\"@type\":\"ListItem\",\"position\":1,\"name\":\"Accueil\",\"item\":\"https:\\\/\\\/macite.tg\\\/\"},{\"@type\":\"ListItem\",\"position\":2,\"name\":\"LIGUE DES CHAMPIONS\u00a0: Victor Osimhen en t\u00eate des buteurs\u2026\"}]},{\"@type\":\"WebSite\",\"@id\":\"https:\\\/\\\/macite.tg\\\/#website\",\"url\":\"https:\\\/\\\/macite.tg\\\/\",\"name\":\"\",\"description\":\"L&#039;information, la bonne!!!\",\"potentialAction\":[{\"@type\":\"SearchAction\",\"target\":{\"@type\":\"EntryPoint\",\"urlTemplate\":\"https:\\\/\\\/macite.tg\\\/?s={search_term_string}\"},\"query-input\":{\"@type\":\"PropertyValueSpecification\",\"valueRequired\":true,\"valueName\":\"search_term_string\"}}],\"inLanguage\":\"fr-FR\"},{\"@type\":\"Person\",\"@id\":\"https:\\\/\\\/macite.tg\\\/#\\\/schema\\\/person\\\/e9f2de7e5dbbe7770a9402c7ce82f5c2\",\"name\":\"Jean Pierre BAWELA\",\"image\":{\"@type\":\"ImageObject\",\"inLanguage\":\"fr-FR\",\"@id\":\"https:\\\/\\\/macite.tg\\\/wp-content\\\/uploads\\\/2023\\\/09\\\/WhatsApp-Image-2023-09-19-at-14.44.41-122x122.jpeg\",\"url\":\"https:\\\/\\\/macite.tg\\\/wp-content\\\/uploads\\\/2023\\\/09\\\/WhatsApp-Image-2023-09-19-at-14.44.41-122x122.jpeg\",\"contentUrl\":\"https:\\\/\\\/macite.tg\\\/wp-content\\\/uploads\\\/2023\\\/09\\\/WhatsApp-Image-2023-09-19-at-14.44.41-122x122.jpeg\",\"caption\":\"Jean Pierre BAWELA\"},\"url\":\"https:\\\/\\\/macite.tg\\\/?author=2\"}]}<\/script>\n<!-- \/ Yoast SEO plugin. -->","yoast_head_json":{"title":"LIGUE DES CHAMPIONS\u00a0: Victor Osimhen en t\u00eate des buteurs\u2026 -","robots":{"index":"index","follow":"follow","max-snippet":"max-snippet:-1","max-image-preview":"max-image-preview:large","max-video-preview":"max-video-preview:-1"},"canonical":"https:\/\/macite.tg\/?p=26013","og_locale":"fr_FR","og_type":"article","og_title":"LIGUE DES CHAMPIONS\u00a0: Victor Osimhen en t\u00eate des buteurs\u2026 -","og_description":"Gr\u00e2ce \u00e0 un tripl\u00e9, Victor Osimhen s&rsquo;est hiss\u00e9 en t\u00eate du classement des buteurs de la Ligue des champions. L&rsquo;attaquant nig\u00e9rian a inscrit les trois buts de la victoire 3-0 du Galatasaray contre l&rsquo;Ajax \u00e0 Amsterdam mercredi. Osimhen compte d\u00e9sormais six buts cette saison dans [&hellip;]","og_url":"https:\/\/macite.tg\/?p=26013","article_published_time":"2025-11-06T19:42:55+00:00","article_modified_time":"2025-11-06T19:43:15+00:00","og_image":[{"width":439,"height":266,"url":"https:\/\/macite.tg\/wp-content\/uploads\/2025\/11\/image-19.png","type":"image\/png"}],"author":"Jean Pierre BAWELA","twitter_card":"summary_large_image","twitter_misc":{"\u00c9crit par":"Jean Pierre BAWELA","Dur\u00e9e de lecture estim\u00e9e":"3 minutes"},"schema":{"@context":"https:\/\/schema.org","@graph":[{"@type":"Article","@id":"https:\/\/macite.tg\/?p=26013#article","isPartOf":{"@id":"https:\/\/macite.tg\/?p=26013"},"author":{"name":"Jean Pierre BAWELA","@id":"https:\/\/macite.tg\/#\/schema\/person\/e9f2de7e5dbbe7770a9402c7ce82f5c2"},"headline":"LIGUE DES CHAMPIONS\u00a0: Victor Osimhen en t\u00eate des buteurs\u2026","datePublished":"2025-11-06T19:42:55+00:00","dateModified":"2025-11-06T19:43:15+00:00","mainEntityOfPage":{"@id":"https:\/\/macite.tg\/?p=26013"},"wordCount":412,"commentCount":0,"image":{"@id":"https:\/\/macite.tg\/?p=26013#primaryimage"},"thumbnailUrl":"https:\/\/macite.tg\/wp-content\/uploads\/2025\/11\/image-19.png","articleSection":["ACTUALITE","FOOTBALL","SPORTS"],"inLanguage":"fr-FR","potentialAction":[{"@type":"CommentAction","name":"Comment","target":["https:\/\/macite.tg\/?p=26013#respond"]}]},{"@type":"WebPage","@id":"https:\/\/macite.tg\/?p=26013","url":"https:\/\/macite.tg\/?p=26013","name":"LIGUE DES CHAMPIONS\u00a0: Victor Osimhen en t\u00eate des buteurs\u2026 -","isPartOf":{"@id":"https:\/\/macite.tg\/#website"},"primaryImageOfPage":{"@id":"https:\/\/macite.tg\/?p=26013#primaryimage"},"image":{"@id":"https:\/\/macite.tg\/?p=26013#primaryimage"},"thumbnailUrl":"https:\/\/macite.tg\/wp-content\/uploads\/2025\/11\/image-19.png","datePublished":"2025-11-06T19:42:55+00:00","dateModified":"2025-11-06T19:43:15+00:00","author":{"@id":"https:\/\/macite.tg\/#\/schema\/person\/e9f2de7e5dbbe7770a9402c7ce82f5c2"},"breadcrumb":{"@id":"https:\/\/macite.tg\/?p=26013#breadcrumb"},"inLanguage":"fr-FR","potentialAction":[{"@type":"ReadAction","target":["https:\/\/macite.tg\/?p=26013"]}]},{"@type":"ImageObject","inLanguage":"fr-FR","@id":"https:\/\/macite.tg\/?p=26013#primaryimage","url":"https:\/\/macite.tg\/wp-content\/uploads\/2025\/11\/image-19.png","contentUrl":"https:\/\/macite.tg\/wp-content\/uploads\/2025\/11\/image-19.png","width":439,"height":266,"caption":"L'attaquant nig\u00e9rian de Galatasaray, Victor Osimhen"},{"@type":"BreadcrumbList","@id":"https:\/\/macite.tg\/?p=26013#breadcrumb","itemListElement":[{"@type":"ListItem","position":1,"name":"Accueil","item":"https:\/\/macite.tg\/"},{"@type":"ListItem","position":2,"name":"LIGUE DES CHAMPIONS\u00a0: Victor Osimhen en t\u00eate des buteurs\u2026"}]},{"@type":"WebSite","@id":"https:\/\/macite.tg\/#website","url":"https:\/\/macite.tg\/","name":"","description":"L&#039;information, la bonne!!!","potentialAction":[{"@type":"SearchAction","target":{"@type":"EntryPoint","urlTemplate":"https:\/\/macite.tg\/?s={search_term_string}"},"query-input":{"@type":"PropertyValueSpecification","valueRequired":true,"valueName":"search_term_string"}}],"inLanguage":"fr-FR"},{"@type":"Person","@id":"https:\/\/macite.tg\/#\/schema\/person\/e9f2de7e5dbbe7770a9402c7ce82f5c2","name":"Jean Pierre BAWELA","image":{"@type":"ImageObject","inLanguage":"fr-FR","@id":"https:\/\/macite.tg\/wp-content\/uploads\/2023\/09\/WhatsApp-Image-2023-09-19-at-14.44.41-122x122.jpeg","url":"https:\/\/macite.tg\/wp-content\/uploads\/2023\/09\/WhatsApp-Image-2023-09-19-at-14.44.41-122x122.jpeg","contentUrl":"https:\/\/macite.tg\/wp-content\/uploads\/2023\/09\/WhatsApp-Image-2023-09-19-at-14.44.41-122x122.jpeg","caption":"Jean Pierre BAWELA"},"url":"https:\/\/macite.tg\/?author=2"}]}},"_links":{"self":[{"href":"https:\/\/macite.tg\/index.php?rest_route=\/wp\/v2\/posts\/26013","targetHints":{"allow":["GET"]}}],"collection":[{"href":"https:\/\/macite.tg\/index.php?rest_route=\/wp\/v2\/posts"}],"about":[{"href":"https:\/\/macite.tg\/index.php?rest_route=\/wp\/v2\/types\/post"}],"author":[{"embeddable":true,"href":"https:\/\/macite.tg\/index.php?rest_route=\/wp\/v2\/users\/2"}],"replies":[{"embeddable":true,"href":"https:\/\/macite.tg\/index.php?rest_route=%2Fwp%2Fv2%2Fcomments&post=26013"}],"version-history":[{"count":0,"href":"https:\/\/macite.tg\/index.php?rest_route=\/wp\/v2\/posts\/26013\/revisions"}],"wp:featuredmedia":[{"embeddable":true,"href":"https:\/\/macite.tg\/index.php?rest_route=\/wp\/v2\/media\/26014"}],"wp:attachment":[{"href":"https:\/\/macite.tg\/index.php?rest_route=%2Fwp%2Fv2%2Fmedia&parent=26013"}],"wp:term":[{"taxonomy":"category","embeddable":true,"href":"https:\/\/macite.tg\/index.php?rest_route=%2Fwp%2Fv2%2Fcategories&post=26013"},{"taxonomy":"post_tag","embeddable":true,"href":"https:\/\/macite.tg\/index.php?rest_route=%2Fwp%2Fv2%2Ftags&post=26013"}],"curies":[{"name":"wp","href":"https:\/\/api.w.org\/{rel}","templated":true}]}}