{"id":26004,"date":"2025-11-06T17:34:32","date_gmt":"2025-11-06T17:34:32","guid":{"rendered":"https:\/\/macite.tg\/?p=26004"},"modified":"2025-11-06T17:43:04","modified_gmt":"2025-11-06T17:43:04","slug":"quand-la-defiance-devient-recidive-le-cas-grace-koumai","status":"publish","type":"post","link":"https:\/\/macite.tg\/?p=26004","title":{"rendered":"AU NOM DE LA LIBERTE D\u2019EXPRESSION\u00a0: Quand Grace Kouma\u00ef verse dans la d\u00e9fiance\u2026"},"content":{"rendered":"\n<p class=\"wp-block-paragraph\"><strong><em>Encore une fois, Grace Kouma\u00ef se retrouve face \u00e0 la justice togolaise. L\u2019activiste, connue pour ses prises ses sorties souvent provocatrices, a \u00e9t\u00e9 interpell\u00e9e pour incitation \u00e0 la d\u00e9sob\u00e9issance civile, participation \u00e0 une manifestation interdite et trouble \u00e0 l\u2019ordre public. Des faits graves, qui soulignent une nouvelle fois son penchant \u00e0 d\u00e9fier l\u2019autorit\u00e9 de l\u2019\u00c9tat et \u00e0 se placer en marge des r\u00e8gles r\u00e9publicaines.<\/em><\/strong><\/p>\n\n\n\n<p class=\"wp-block-paragraph\">Ce n\u2019est pas une premi\u00e8re. Grace Kouma\u00ef tra\u00eene derri\u00e8re elle un pass\u00e9 de r\u00e9cidiviste, plusieurs fois rappel\u00e9e \u00e0 l\u2019ordre pour les m\u00eames types de comportements. \u00c0 chaque fois, le sc\u00e9nario semble se r\u00e9p\u00e9ter : une d\u00e9fiance affich\u00e9e vis-\u00e0-vis des autorit\u00e9s, des d\u00e9clarations publiques provocatrices, et un refus de se plier aux lois qui s\u2019imposent \u00e0 tous les citoyens. Mais dans une R\u00e9publique, la libert\u00e9 n\u2019exclut pas la responsabilit\u00e9. Et la loi n\u2019est pas \u00e0 g\u00e9om\u00e9trie variable.<\/p>\n\n\n<div class=\"wp-block-image\">\n<figure class=\"aligncenter size-large\"><img loading=\"lazy\" decoding=\"async\" width=\"723\" height=\"1024\" src=\"https:\/\/macite.tg\/wp-content\/uploads\/2025\/11\/53909ce0-1fbb-438d-b7e6-91edf0f84f8a-723x1024.jpg\" alt=\"\" class=\"wp-image-25927\" srcset=\"https:\/\/macite.tg\/wp-content\/uploads\/2025\/11\/53909ce0-1fbb-438d-b7e6-91edf0f84f8a-723x1024.jpg 723w, https:\/\/macite.tg\/wp-content\/uploads\/2025\/11\/53909ce0-1fbb-438d-b7e6-91edf0f84f8a-212x300.jpg 212w, https:\/\/macite.tg\/wp-content\/uploads\/2025\/11\/53909ce0-1fbb-438d-b7e6-91edf0f84f8a.jpg 763w\" sizes=\"auto, (max-width: 723px) 100vw, 723px\" \/><\/figure>\n<\/div>\n\n\n<p class=\"wp-block-paragraph\">Il est d\u2019ailleurs l\u00e9gitime de se poser une question simple : que ferait-on \u00e0 la place des autorit\u00e9s de l\u2019\u00c9tat ? Fermer les yeux sur une r\u00e9cidive manifeste au nom de la compassion ? Ou faire respecter les textes pour pr\u00e9server l\u2019ordre public ? Ceux qui, aujourd\u2019hui, s\u2019indignent ou gesticulent sur les r\u00e9seaux sociaux devraient peut-\u00eatre y r\u00e9fl\u00e9chir \u00e0 deux fois. Car dans un \u00c9tat de droit, d\u00e9fier la loi a toujours un prix.<\/p>\n\n\n\n<p class=\"wp-block-paragraph\">Les faits parlent d\u2019eux-m\u00eames : Grace Kouma\u00ef a brav\u00e9 une interdiction de marche et multipli\u00e9 les sorties provocantes. Or ces actes sont bel et bien punissables par la loi togolaise. Et contrairement \u00e0 ce que certains voudraient faire croire, il ne s\u2019agit pas ici d\u2019une affaire politique. Ni militante syndicale, ni membre d\u2019un parti, Mlle Kouma\u00ef n\u2019est associ\u00e9e \u00e0 aucune structure reconnue. Dans le milieu professionnel auquel elle dit appartenir, c\u2019est d\u2019ailleurs le silence total \u2014 un silence qui en dit long.<\/p>\n\n\n\n<p class=\"wp-block-paragraph\">Son attitude rel\u00e8ve davantage d\u2019un activisme individuel, parfois confus, souvent provocateur, qui n\u2019engage qu\u2019elle. Tenter de politiser son cas ou d\u2019y voir un combat pour la libert\u00e9 d\u2019expression est une lecture erron\u00e9e. Le vrai d\u00e9bat, ici, est celui du respect de la loi.<\/p>\n\n\n\n<p class=\"wp-block-paragraph\">La justice, en la poursuivant, ne fait qu\u2019appliquer le principe fondamental de toute d\u00e9mocratie : nul n\u2019est au-dessus de la loi. Et dans ce dossier, l\u2019\u00c9tat togolais ne fait qu\u2019assumer sa responsabilit\u00e9, celle de garantir l\u2019ordre public et de rappeler que la libert\u00e9 ne rime pas avec l\u2019anarchie.<\/p>\n\n\n<div class=\"wp-block-image\">\n<figure class=\"aligncenter size-large\"><img loading=\"lazy\" decoding=\"async\" width=\"723\" height=\"1024\" src=\"https:\/\/macite.tg\/wp-content\/uploads\/2025\/10\/OTR_TPU_30octobre-723x1024.jpg\" alt=\"\" class=\"wp-image-25877\" srcset=\"https:\/\/macite.tg\/wp-content\/uploads\/2025\/10\/OTR_TPU_30octobre-723x1024.jpg 723w, https:\/\/macite.tg\/wp-content\/uploads\/2025\/10\/OTR_TPU_30octobre-212x300.jpg 212w, https:\/\/macite.tg\/wp-content\/uploads\/2025\/10\/OTR_TPU_30octobre.jpg 763w\" sizes=\"auto, (max-width: 723px) 100vw, 723px\" \/><\/figure>\n<\/div>\n\n\n<p class=\"wp-block-paragraph\">Plut\u00f4t que d\u2019alimenter les passions, il serait temps d\u2019admettre que d\u00e9fier l\u2019autorit\u00e9 n\u2019est pas un acte de courage, mais une infraction. Et que la rigueur de la loi n\u2019\u00e9pargne personne, pas m\u00eame ceux qui se cachent derri\u00e8re le masque commode de l\u2019activisme.<\/p>\n\n\n\n<p class=\"wp-block-paragraph\"><strong>Samir B.<\/strong><\/p>\n\n\n\n<p class=\"wp-block-paragraph\"><a><strong><em>@macite.tg&nbsp;&nbsp;&nbsp;&nbsp;&nbsp;&nbsp;&nbsp;&nbsp;<\/em><\/strong><\/a><\/p>\n\n\n\n<p class=\"wp-block-paragraph\"><strong><em>E-mail&nbsp;: <\/em><\/strong><a href=\"mailto:maciteinfo@gmail.com\"><strong><em>maciteinfo@gmail.com<\/em><\/strong><\/a><strong><em>; <\/em><\/strong><a href=\"mailto:bawela1@gmail.com\"><strong><em>bawela1@gmail.com<\/em><\/strong><\/a><strong><em><\/em><\/strong><\/p>\n\n\n\n<p class=\"wp-block-paragraph\"><strong><em>Pour vos annonces, (publi)reportages, etc., joignez-nous au (00228)91515309\/<strong>79872224 <\/strong><strong><\/strong><\/em><\/strong><\/p>\n\n\n\n<p class=\"wp-block-paragraph\"><strong><em>www.macite.tg, L\u2019information, la bonne&nbsp;!<\/em><\/strong><\/p>\n\n\n\n<p class=\"wp-block-paragraph\"><\/p>\n","protected":false},"excerpt":{"rendered":"<p class=\"text-justify mb-2\" >Encore une fois, Grace Kouma\u00ef se retrouve face \u00e0 la justice togolaise. L\u2019activiste, connue pour ses prises ses sorties souvent provocatrices, a \u00e9t\u00e9 interpell\u00e9e pour incitation \u00e0 la d\u00e9sob\u00e9issance civile, participation \u00e0 une manifestation interdite et trouble \u00e0 l\u2019ordre public. Des faits graves, qui soulignent [&hellip;]<\/p>\n","protected":false},"author":2,"featured_media":26007,"comment_status":"open","ping_status":"open","sticky":false,"template":"","format":"standard","meta":{"footnotes":""},"categories":[20,26],"tags":[],"class_list":["post-26004","post","type-post","status-publish","format-standard","has-post-thumbnail","hentry","category-actualite","category-justice"],"yoast_head":"<!-- This site is optimized with the Yoast SEO plugin v28.4 - https:\/\/yoast.com\/product\/yoast-seo-wordpress\/ -->\n<title>AU NOM DE LA LIBERTE D\u2019EXPRESSION\u00a0: Quand Grace Kouma\u00ef verse dans la d\u00e9fiance\u2026 -<\/title>\n<meta name=\"robots\" content=\"index, follow, max-snippet:-1, max-image-preview:large, max-video-preview:-1\" \/>\n<link rel=\"canonical\" href=\"https:\/\/macite.tg\/?p=26004\" \/>\n<meta property=\"og:locale\" content=\"fr_FR\" \/>\n<meta property=\"og:type\" content=\"article\" \/>\n<meta property=\"og:title\" content=\"AU NOM DE LA LIBERTE D\u2019EXPRESSION\u00a0: Quand Grace Kouma\u00ef verse dans la d\u00e9fiance\u2026 -\" \/>\n<meta property=\"og:description\" content=\"Encore une fois, Grace Kouma\u00ef se retrouve face \u00e0 la justice togolaise. L\u2019activiste, connue pour ses prises ses sorties souvent provocatrices, a \u00e9t\u00e9 interpell\u00e9e pour incitation \u00e0 la d\u00e9sob\u00e9issance civile, participation \u00e0 une manifestation interdite et trouble \u00e0 l\u2019ordre public. Des faits graves, qui soulignent [&hellip;]\" \/>\n<meta property=\"og:url\" content=\"https:\/\/macite.tg\/?p=26004\" \/>\n<meta property=\"article:published_time\" content=\"2025-11-06T17:34:32+00:00\" \/>\n<meta property=\"article:modified_time\" content=\"2025-11-06T17:43:04+00:00\" \/>\n<meta property=\"og:image\" content=\"https:\/\/macite.tg\/wp-content\/uploads\/2025\/11\/image-17.png\" \/>\n\t<meta property=\"og:image:width\" content=\"421\" \/>\n\t<meta property=\"og:image:height\" content=\"285\" \/>\n\t<meta property=\"og:image:type\" content=\"image\/png\" \/>\n<meta name=\"author\" content=\"Jean Pierre BAWELA\" \/>\n<meta name=\"twitter:card\" content=\"summary_large_image\" \/>\n<meta name=\"twitter:label1\" content=\"\u00c9crit par\" \/>\n\t<meta name=\"twitter:data1\" content=\"Jean Pierre BAWELA\" \/>\n\t<meta name=\"twitter:label2\" content=\"Dur\u00e9e de lecture estim\u00e9e\" \/>\n\t<meta name=\"twitter:data2\" content=\"3 minutes\" \/>\n<script type=\"application\/ld+json\" class=\"yoast-schema-graph\">{\"@context\":\"https:\\\/\\\/schema.org\",\"@graph\":[{\"@type\":\"Article\",\"@id\":\"https:\\\/\\\/macite.tg\\\/?p=26004#article\",\"isPartOf\":{\"@id\":\"https:\\\/\\\/macite.tg\\\/?p=26004\"},\"author\":{\"name\":\"Jean Pierre BAWELA\",\"@id\":\"https:\\\/\\\/macite.tg\\\/#\\\/schema\\\/person\\\/e9f2de7e5dbbe7770a9402c7ce82f5c2\"},\"headline\":\"AU NOM DE LA LIBERTE D\u2019EXPRESSION\u00a0: Quand Grace Kouma\u00ef verse dans la d\u00e9fiance\u2026\",\"datePublished\":\"2025-11-06T17:34:32+00:00\",\"dateModified\":\"2025-11-06T17:43:04+00:00\",\"mainEntityOfPage\":{\"@id\":\"https:\\\/\\\/macite.tg\\\/?p=26004\"},\"wordCount\":538,\"commentCount\":0,\"image\":{\"@id\":\"https:\\\/\\\/macite.tg\\\/?p=26004#primaryimage\"},\"thumbnailUrl\":\"https:\\\/\\\/macite.tg\\\/wp-content\\\/uploads\\\/2025\\\/11\\\/image-17.png\",\"articleSection\":[\"ACTUALITE\",\"JUSTICE\"],\"inLanguage\":\"fr-FR\",\"potentialAction\":[{\"@type\":\"CommentAction\",\"name\":\"Comment\",\"target\":[\"https:\\\/\\\/macite.tg\\\/?p=26004#respond\"]}]},{\"@type\":\"WebPage\",\"@id\":\"https:\\\/\\\/macite.tg\\\/?p=26004\",\"url\":\"https:\\\/\\\/macite.tg\\\/?p=26004\",\"name\":\"AU NOM DE LA LIBERTE D\u2019EXPRESSION\u00a0: Quand Grace Kouma\u00ef verse dans la d\u00e9fiance\u2026 -\",\"isPartOf\":{\"@id\":\"https:\\\/\\\/macite.tg\\\/#website\"},\"primaryImageOfPage\":{\"@id\":\"https:\\\/\\\/macite.tg\\\/?p=26004#primaryimage\"},\"image\":{\"@id\":\"https:\\\/\\\/macite.tg\\\/?p=26004#primaryimage\"},\"thumbnailUrl\":\"https:\\\/\\\/macite.tg\\\/wp-content\\\/uploads\\\/2025\\\/11\\\/image-17.png\",\"datePublished\":\"2025-11-06T17:34:32+00:00\",\"dateModified\":\"2025-11-06T17:43:04+00:00\",\"author\":{\"@id\":\"https:\\\/\\\/macite.tg\\\/#\\\/schema\\\/person\\\/e9f2de7e5dbbe7770a9402c7ce82f5c2\"},\"breadcrumb\":{\"@id\":\"https:\\\/\\\/macite.tg\\\/?p=26004#breadcrumb\"},\"inLanguage\":\"fr-FR\",\"potentialAction\":[{\"@type\":\"ReadAction\",\"target\":[\"https:\\\/\\\/macite.tg\\\/?p=26004\"]}]},{\"@type\":\"ImageObject\",\"inLanguage\":\"fr-FR\",\"@id\":\"https:\\\/\\\/macite.tg\\\/?p=26004#primaryimage\",\"url\":\"https:\\\/\\\/macite.tg\\\/wp-content\\\/uploads\\\/2025\\\/11\\\/image-17.png\",\"contentUrl\":\"https:\\\/\\\/macite.tg\\\/wp-content\\\/uploads\\\/2025\\\/11\\\/image-17.png\",\"width\":421,\"height\":285},{\"@type\":\"BreadcrumbList\",\"@id\":\"https:\\\/\\\/macite.tg\\\/?p=26004#breadcrumb\",\"itemListElement\":[{\"@type\":\"ListItem\",\"position\":1,\"name\":\"Accueil\",\"item\":\"https:\\\/\\\/macite.tg\\\/\"},{\"@type\":\"ListItem\",\"position\":2,\"name\":\"AU NOM DE LA LIBERTE D\u2019EXPRESSION\u00a0: Quand Grace Kouma\u00ef verse dans la d\u00e9fiance\u2026\"}]},{\"@type\":\"WebSite\",\"@id\":\"https:\\\/\\\/macite.tg\\\/#website\",\"url\":\"https:\\\/\\\/macite.tg\\\/\",\"name\":\"\",\"description\":\"L&#039;information, la bonne!!!\",\"potentialAction\":[{\"@type\":\"SearchAction\",\"target\":{\"@type\":\"EntryPoint\",\"urlTemplate\":\"https:\\\/\\\/macite.tg\\\/?s={search_term_string}\"},\"query-input\":{\"@type\":\"PropertyValueSpecification\",\"valueRequired\":true,\"valueName\":\"search_term_string\"}}],\"inLanguage\":\"fr-FR\"},{\"@type\":\"Person\",\"@id\":\"https:\\\/\\\/macite.tg\\\/#\\\/schema\\\/person\\\/e9f2de7e5dbbe7770a9402c7ce82f5c2\",\"name\":\"Jean Pierre BAWELA\",\"image\":{\"@type\":\"ImageObject\",\"inLanguage\":\"fr-FR\",\"@id\":\"https:\\\/\\\/macite.tg\\\/wp-content\\\/uploads\\\/2023\\\/09\\\/WhatsApp-Image-2023-09-19-at-14.44.41-122x122.jpeg\",\"url\":\"https:\\\/\\\/macite.tg\\\/wp-content\\\/uploads\\\/2023\\\/09\\\/WhatsApp-Image-2023-09-19-at-14.44.41-122x122.jpeg\",\"contentUrl\":\"https:\\\/\\\/macite.tg\\\/wp-content\\\/uploads\\\/2023\\\/09\\\/WhatsApp-Image-2023-09-19-at-14.44.41-122x122.jpeg\",\"caption\":\"Jean Pierre BAWELA\"},\"url\":\"https:\\\/\\\/macite.tg\\\/?author=2\"}]}<\/script>\n<!-- \/ Yoast SEO plugin. -->","yoast_head_json":{"title":"AU NOM DE LA LIBERTE D\u2019EXPRESSION\u00a0: Quand Grace Kouma\u00ef verse dans la d\u00e9fiance\u2026 -","robots":{"index":"index","follow":"follow","max-snippet":"max-snippet:-1","max-image-preview":"max-image-preview:large","max-video-preview":"max-video-preview:-1"},"canonical":"https:\/\/macite.tg\/?p=26004","og_locale":"fr_FR","og_type":"article","og_title":"AU NOM DE LA LIBERTE D\u2019EXPRESSION\u00a0: Quand Grace Kouma\u00ef verse dans la d\u00e9fiance\u2026 -","og_description":"Encore une fois, Grace Kouma\u00ef se retrouve face \u00e0 la justice togolaise. L\u2019activiste, connue pour ses prises ses sorties souvent provocatrices, a \u00e9t\u00e9 interpell\u00e9e pour incitation \u00e0 la d\u00e9sob\u00e9issance civile, participation \u00e0 une manifestation interdite et trouble \u00e0 l\u2019ordre public. Des faits graves, qui soulignent [&hellip;]","og_url":"https:\/\/macite.tg\/?p=26004","article_published_time":"2025-11-06T17:34:32+00:00","article_modified_time":"2025-11-06T17:43:04+00:00","og_image":[{"width":421,"height":285,"url":"https:\/\/macite.tg\/wp-content\/uploads\/2025\/11\/image-17.png","type":"image\/png"}],"author":"Jean Pierre BAWELA","twitter_card":"summary_large_image","twitter_misc":{"\u00c9crit par":"Jean Pierre BAWELA","Dur\u00e9e de lecture estim\u00e9e":"3 minutes"},"schema":{"@context":"https:\/\/schema.org","@graph":[{"@type":"Article","@id":"https:\/\/macite.tg\/?p=26004#article","isPartOf":{"@id":"https:\/\/macite.tg\/?p=26004"},"author":{"name":"Jean Pierre BAWELA","@id":"https:\/\/macite.tg\/#\/schema\/person\/e9f2de7e5dbbe7770a9402c7ce82f5c2"},"headline":"AU NOM DE LA LIBERTE D\u2019EXPRESSION\u00a0: Quand Grace Kouma\u00ef verse dans la d\u00e9fiance\u2026","datePublished":"2025-11-06T17:34:32+00:00","dateModified":"2025-11-06T17:43:04+00:00","mainEntityOfPage":{"@id":"https:\/\/macite.tg\/?p=26004"},"wordCount":538,"commentCount":0,"image":{"@id":"https:\/\/macite.tg\/?p=26004#primaryimage"},"thumbnailUrl":"https:\/\/macite.tg\/wp-content\/uploads\/2025\/11\/image-17.png","articleSection":["ACTUALITE","JUSTICE"],"inLanguage":"fr-FR","potentialAction":[{"@type":"CommentAction","name":"Comment","target":["https:\/\/macite.tg\/?p=26004#respond"]}]},{"@type":"WebPage","@id":"https:\/\/macite.tg\/?p=26004","url":"https:\/\/macite.tg\/?p=26004","name":"AU NOM DE LA LIBERTE D\u2019EXPRESSION\u00a0: Quand Grace Kouma\u00ef verse dans la d\u00e9fiance\u2026 -","isPartOf":{"@id":"https:\/\/macite.tg\/#website"},"primaryImageOfPage":{"@id":"https:\/\/macite.tg\/?p=26004#primaryimage"},"image":{"@id":"https:\/\/macite.tg\/?p=26004#primaryimage"},"thumbnailUrl":"https:\/\/macite.tg\/wp-content\/uploads\/2025\/11\/image-17.png","datePublished":"2025-11-06T17:34:32+00:00","dateModified":"2025-11-06T17:43:04+00:00","author":{"@id":"https:\/\/macite.tg\/#\/schema\/person\/e9f2de7e5dbbe7770a9402c7ce82f5c2"},"breadcrumb":{"@id":"https:\/\/macite.tg\/?p=26004#breadcrumb"},"inLanguage":"fr-FR","potentialAction":[{"@type":"ReadAction","target":["https:\/\/macite.tg\/?p=26004"]}]},{"@type":"ImageObject","inLanguage":"fr-FR","@id":"https:\/\/macite.tg\/?p=26004#primaryimage","url":"https:\/\/macite.tg\/wp-content\/uploads\/2025\/11\/image-17.png","contentUrl":"https:\/\/macite.tg\/wp-content\/uploads\/2025\/11\/image-17.png","width":421,"height":285},{"@type":"BreadcrumbList","@id":"https:\/\/macite.tg\/?p=26004#breadcrumb","itemListElement":[{"@type":"ListItem","position":1,"name":"Accueil","item":"https:\/\/macite.tg\/"},{"@type":"ListItem","position":2,"name":"AU NOM DE LA LIBERTE D\u2019EXPRESSION\u00a0: Quand Grace Kouma\u00ef verse dans la d\u00e9fiance\u2026"}]},{"@type":"WebSite","@id":"https:\/\/macite.tg\/#website","url":"https:\/\/macite.tg\/","name":"","description":"L&#039;information, la bonne!!!","potentialAction":[{"@type":"SearchAction","target":{"@type":"EntryPoint","urlTemplate":"https:\/\/macite.tg\/?s={search_term_string}"},"query-input":{"@type":"PropertyValueSpecification","valueRequired":true,"valueName":"search_term_string"}}],"inLanguage":"fr-FR"},{"@type":"Person","@id":"https:\/\/macite.tg\/#\/schema\/person\/e9f2de7e5dbbe7770a9402c7ce82f5c2","name":"Jean Pierre BAWELA","image":{"@type":"ImageObject","inLanguage":"fr-FR","@id":"https:\/\/macite.tg\/wp-content\/uploads\/2023\/09\/WhatsApp-Image-2023-09-19-at-14.44.41-122x122.jpeg","url":"https:\/\/macite.tg\/wp-content\/uploads\/2023\/09\/WhatsApp-Image-2023-09-19-at-14.44.41-122x122.jpeg","contentUrl":"https:\/\/macite.tg\/wp-content\/uploads\/2023\/09\/WhatsApp-Image-2023-09-19-at-14.44.41-122x122.jpeg","caption":"Jean Pierre BAWELA"},"url":"https:\/\/macite.tg\/?author=2"}]}},"_links":{"self":[{"href":"https:\/\/macite.tg\/index.php?rest_route=\/wp\/v2\/posts\/26004","targetHints":{"allow":["GET"]}}],"collection":[{"href":"https:\/\/macite.tg\/index.php?rest_route=\/wp\/v2\/posts"}],"about":[{"href":"https:\/\/macite.tg\/index.php?rest_route=\/wp\/v2\/types\/post"}],"author":[{"embeddable":true,"href":"https:\/\/macite.tg\/index.php?rest_route=\/wp\/v2\/users\/2"}],"replies":[{"embeddable":true,"href":"https:\/\/macite.tg\/index.php?rest_route=%2Fwp%2Fv2%2Fcomments&post=26004"}],"version-history":[{"count":0,"href":"https:\/\/macite.tg\/index.php?rest_route=\/wp\/v2\/posts\/26004\/revisions"}],"wp:featuredmedia":[{"embeddable":true,"href":"https:\/\/macite.tg\/index.php?rest_route=\/wp\/v2\/media\/26007"}],"wp:attachment":[{"href":"https:\/\/macite.tg\/index.php?rest_route=%2Fwp%2Fv2%2Fmedia&parent=26004"}],"wp:term":[{"taxonomy":"category","embeddable":true,"href":"https:\/\/macite.tg\/index.php?rest_route=%2Fwp%2Fv2%2Fcategories&post=26004"},{"taxonomy":"post_tag","embeddable":true,"href":"https:\/\/macite.tg\/index.php?rest_route=%2Fwp%2Fv2%2Ftags&post=26004"}],"curies":[{"name":"wp","href":"https:\/\/api.w.org\/{rel}","templated":true}]}}