{"id":25999,"date":"2025-11-06T12:54:23","date_gmt":"2025-11-06T12:54:23","guid":{"rendered":"https:\/\/macite.tg\/?p=25999"},"modified":"2025-11-06T12:54:30","modified_gmt":"2025-11-06T12:54:30","slug":"region-des-savanes-de-nouveaux-equipements-pour-une-meilleure-protection-des-populations","status":"publish","type":"post","link":"https:\/\/macite.tg\/?p=25999","title":{"rendered":"REGION DES SAVANES\u00a0: De nouveaux \u00e9quipements pour une meilleure protection des populations"},"content":{"rendered":"\n<p class=\"wp-block-paragraph\"><strong><em>La s\u00e9curit\u00e9 des populations prises au pi\u00e8ge dans le nord-Togo, est un d\u00e9fi majeur pour les autorit\u00e9s togolaises et leurs partenaires. Le Programme d\u2019urgence pour la r\u00e9gion des Savanes (PURS) et les forces de d\u00e9fense et de s\u00e9curit\u00e9 (FDS) ont b\u00e9n\u00e9fici\u00e9, fin octobre dernier, d\u2019un nouvel appui.<\/em><\/strong><\/p>\n\n\n\n<p class=\"wp-block-paragraph\">Il s\u2019agit d\u2019une dotation d\u2019un important lot d\u2019\u00e9quipements, destin\u00e9 \u00e0 pr\u00e9munir les populations contre les engins explosifs improvis\u00e9s (EEI), utilis\u00e9s notamment par les bandes terroristes.\u00a0<\/p>\n\n\n<div class=\"wp-block-image\">\n<figure class=\"aligncenter size-large\"><img loading=\"lazy\" decoding=\"async\" width=\"1024\" height=\"426\" src=\"https:\/\/macite.tg\/wp-content\/uploads\/2025\/10\/OTR_Depreciation-1024x426.jpg\" alt=\"\" class=\"wp-image-25740\" srcset=\"https:\/\/macite.tg\/wp-content\/uploads\/2025\/10\/OTR_Depreciation-1024x426.jpg 1024w, https:\/\/macite.tg\/wp-content\/uploads\/2025\/10\/OTR_Depreciation-300x125.jpg 300w, https:\/\/macite.tg\/wp-content\/uploads\/2025\/10\/OTR_Depreciation-768x320.jpg 768w, https:\/\/macite.tg\/wp-content\/uploads\/2025\/10\/OTR_Depreciation.jpg 1132w\" sizes=\"auto, (max-width: 1024px) 100vw, 1024px\" \/><\/figure>\n<\/div>\n\n\n<p class=\"wp-block-paragraph\">Compos\u00e9 mat\u00e9riels informatiques, des outils p\u00e9dagogiques et surtout, une soixantaine de d\u00e9tecteurs de mines, cette dotation, qui s\u2019ajoute aux actions de formation et de sensibilisation d\u00e9j\u00e0 men\u00e9es ces derni\u00e8res, entre dans le cadre du dispositif de protection des populations civiles de cette partie du pays, cible des groupes arm\u00e9s.<\/p>\n\n\n\n<p class=\"wp-block-paragraph\">D\u2019une valeur globale d\u2019environ 115 millions de francs CFA, ce lot d\u2019\u00e9quipements a \u00e9t\u00e9 remise par la d\u00e9l\u00e9gation de l\u2019Union europ\u00e9enne (UE) aux autorit\u00e9s s\u00e9curitaires du pays, \u00e0 travers une facilit\u00e9 mondiale mise en \u0153uvre avec les Nations Unies.<\/p>\n\n\n<div class=\"wp-block-image\">\n<figure class=\"aligncenter size-large\"><img loading=\"lazy\" decoding=\"async\" width=\"723\" height=\"1024\" src=\"https:\/\/macite.tg\/wp-content\/uploads\/2025\/11\/53909ce0-1fbb-438d-b7e6-91edf0f84f8a-723x1024.jpg\" alt=\"\" class=\"wp-image-25927\" srcset=\"https:\/\/macite.tg\/wp-content\/uploads\/2025\/11\/53909ce0-1fbb-438d-b7e6-91edf0f84f8a-723x1024.jpg 723w, https:\/\/macite.tg\/wp-content\/uploads\/2025\/11\/53909ce0-1fbb-438d-b7e6-91edf0f84f8a-212x300.jpg 212w, https:\/\/macite.tg\/wp-content\/uploads\/2025\/11\/53909ce0-1fbb-438d-b7e6-91edf0f84f8a.jpg 763w\" sizes=\"auto, (max-width: 723px) 100vw, 723px\" \/><\/figure>\n<\/div>\n\n\n<p class=\"wp-block-paragraph\">Pour rappel, le Programme d\u2019urgence pour la r\u00e9gion des Savanes (PURS), lanc\u00e9 en 2022 par l\u2019ex\u00e9cutif togolais, se veut de renforcer la r\u00e9silience des populations de cette r\u00e9gion, dans de nombreux secteurs sociaux comme la sant\u00e9, l\u2019eau, l\u2019\u00e9lectricit\u00e9, l\u2019\u00e9ducation, ou encore l\u2019agriculture.&nbsp;<\/p>\n\n\n\n<p class=\"wp-block-paragraph\">Ce Programme s\u2019inscrit dans le vaste projet d\u00e9di\u00e9, initi\u00e9 par les plus hautes autorit\u00e9s, au lendemain des premi\u00e8res attaques des groupes djihadistes dans le nord du pays.<\/p>\n\n\n\n<p class=\"wp-block-paragraph\"><strong>La Redaction<\/strong><\/p>\n\n\n\n<p class=\"wp-block-paragraph\"><a><strong><em>@macite.tg&nbsp;&nbsp;&nbsp;&nbsp;&nbsp;&nbsp;&nbsp;&nbsp;<\/em><\/strong><\/a><\/p>\n\n\n\n<p class=\"wp-block-paragraph\"><strong><em>E-mail&nbsp;: <\/em><\/strong><a href=\"mailto:maciteinfo@gmail.com\"><strong><em>maciteinfo@gmail.com<\/em><\/strong><\/a><strong><em>; <\/em><\/strong><a href=\"mailto:bawela1@gmail.com\"><strong><em>bawela1@gmail.com<\/em><\/strong><\/a><strong><em> <\/em><\/strong><strong><em><\/em><\/strong><\/p>\n\n\n\n<p class=\"wp-block-paragraph\"><strong><em>Pour vos annonces, (publi)reportages, etc., joignez-nous au (00228)91515309\/<strong>79872224 <\/strong><strong><\/strong><\/em><\/strong><\/p>\n\n\n\n<p class=\"wp-block-paragraph\"><strong><em>www.macite.tg, L\u2019information, la bonne&nbsp;!<\/em><\/strong><\/p>\n\n\n\n<p class=\"wp-block-paragraph\"><\/p>\n","protected":false},"excerpt":{"rendered":"<p class=\"text-justify mb-2\" >La s\u00e9curit\u00e9 des populations prises au pi\u00e8ge dans le nord-Togo, est un d\u00e9fi majeur pour les autorit\u00e9s togolaises et leurs partenaires. Le Programme d\u2019urgence pour la r\u00e9gion des Savanes (PURS) et les forces de d\u00e9fense et de s\u00e9curit\u00e9 (FDS) ont b\u00e9n\u00e9fici\u00e9, fin octobre dernier, d\u2019un [&hellip;]<\/p>\n","protected":false},"author":2,"featured_media":26003,"comment_status":"open","ping_status":"open","sticky":false,"template":"","format":"standard","meta":{"footnotes":""},"categories":[20,28],"tags":[],"class_list":["post-25999","post","type-post","status-publish","format-standard","has-post-thumbnail","hentry","category-actualite","category-securite"],"yoast_head":"<!-- This site is optimized with the Yoast SEO plugin v28.4 - https:\/\/yoast.com\/product\/yoast-seo-wordpress\/ -->\n<title>REGION DES SAVANES\u00a0: De nouveaux \u00e9quipements pour une meilleure protection des populations -<\/title>\n<meta name=\"robots\" content=\"index, follow, max-snippet:-1, max-image-preview:large, max-video-preview:-1\" \/>\n<link rel=\"canonical\" href=\"https:\/\/macite.tg\/?p=25999\" \/>\n<meta property=\"og:locale\" content=\"fr_FR\" \/>\n<meta property=\"og:type\" content=\"article\" \/>\n<meta property=\"og:title\" content=\"REGION DES SAVANES\u00a0: De nouveaux \u00e9quipements pour une meilleure protection des populations -\" \/>\n<meta property=\"og:description\" content=\"La s\u00e9curit\u00e9 des populations prises au pi\u00e8ge dans le nord-Togo, est un d\u00e9fi majeur pour les autorit\u00e9s togolaises et leurs partenaires. Le Programme d\u2019urgence pour la r\u00e9gion des Savanes (PURS) et les forces de d\u00e9fense et de s\u00e9curit\u00e9 (FDS) ont b\u00e9n\u00e9fici\u00e9, fin octobre dernier, d\u2019un [&hellip;]\" \/>\n<meta property=\"og:url\" content=\"https:\/\/macite.tg\/?p=25999\" \/>\n<meta property=\"article:published_time\" content=\"2025-11-06T12:54:23+00:00\" \/>\n<meta property=\"article:modified_time\" content=\"2025-11-06T12:54:30+00:00\" \/>\n<meta property=\"og:image\" content=\"https:\/\/macite.tg\/wp-content\/uploads\/2025\/11\/Environnement1.jpg\" \/>\n\t<meta property=\"og:image:width\" content=\"500\" \/>\n\t<meta property=\"og:image:height\" content=\"333\" \/>\n\t<meta property=\"og:image:type\" content=\"image\/jpeg\" \/>\n<meta name=\"author\" content=\"Jean Pierre BAWELA\" \/>\n<meta name=\"twitter:card\" content=\"summary_large_image\" \/>\n<meta name=\"twitter:label1\" content=\"\u00c9crit par\" \/>\n\t<meta name=\"twitter:data1\" content=\"Jean Pierre BAWELA\" \/>\n\t<meta name=\"twitter:label2\" content=\"Dur\u00e9e de lecture estim\u00e9e\" \/>\n\t<meta name=\"twitter:data2\" content=\"2 minutes\" \/>\n<script type=\"application\/ld+json\" class=\"yoast-schema-graph\">{\"@context\":\"https:\\\/\\\/schema.org\",\"@graph\":[{\"@type\":\"Article\",\"@id\":\"https:\\\/\\\/macite.tg\\\/?p=25999#article\",\"isPartOf\":{\"@id\":\"https:\\\/\\\/macite.tg\\\/?p=25999\"},\"author\":{\"name\":\"Jean Pierre BAWELA\",\"@id\":\"https:\\\/\\\/macite.tg\\\/#\\\/schema\\\/person\\\/e9f2de7e5dbbe7770a9402c7ce82f5c2\"},\"headline\":\"REGION DES SAVANES\u00a0: De nouveaux \u00e9quipements pour une meilleure protection des populations\",\"datePublished\":\"2025-11-06T12:54:23+00:00\",\"dateModified\":\"2025-11-06T12:54:30+00:00\",\"mainEntityOfPage\":{\"@id\":\"https:\\\/\\\/macite.tg\\\/?p=25999\"},\"wordCount\":323,\"commentCount\":0,\"image\":{\"@id\":\"https:\\\/\\\/macite.tg\\\/?p=25999#primaryimage\"},\"thumbnailUrl\":\"https:\\\/\\\/macite.tg\\\/wp-content\\\/uploads\\\/2025\\\/11\\\/Environnement1.jpg\",\"articleSection\":[\"ACTUALITE\",\"SECURITE\"],\"inLanguage\":\"fr-FR\",\"potentialAction\":[{\"@type\":\"CommentAction\",\"name\":\"Comment\",\"target\":[\"https:\\\/\\\/macite.tg\\\/?p=25999#respond\"]}]},{\"@type\":\"WebPage\",\"@id\":\"https:\\\/\\\/macite.tg\\\/?p=25999\",\"url\":\"https:\\\/\\\/macite.tg\\\/?p=25999\",\"name\":\"REGION DES SAVANES\u00a0: De nouveaux \u00e9quipements pour une meilleure protection des populations -\",\"isPartOf\":{\"@id\":\"https:\\\/\\\/macite.tg\\\/#website\"},\"primaryImageOfPage\":{\"@id\":\"https:\\\/\\\/macite.tg\\\/?p=25999#primaryimage\"},\"image\":{\"@id\":\"https:\\\/\\\/macite.tg\\\/?p=25999#primaryimage\"},\"thumbnailUrl\":\"https:\\\/\\\/macite.tg\\\/wp-content\\\/uploads\\\/2025\\\/11\\\/Environnement1.jpg\",\"datePublished\":\"2025-11-06T12:54:23+00:00\",\"dateModified\":\"2025-11-06T12:54:30+00:00\",\"author\":{\"@id\":\"https:\\\/\\\/macite.tg\\\/#\\\/schema\\\/person\\\/e9f2de7e5dbbe7770a9402c7ce82f5c2\"},\"breadcrumb\":{\"@id\":\"https:\\\/\\\/macite.tg\\\/?p=25999#breadcrumb\"},\"inLanguage\":\"fr-FR\",\"potentialAction\":[{\"@type\":\"ReadAction\",\"target\":[\"https:\\\/\\\/macite.tg\\\/?p=25999\"]}]},{\"@type\":\"ImageObject\",\"inLanguage\":\"fr-FR\",\"@id\":\"https:\\\/\\\/macite.tg\\\/?p=25999#primaryimage\",\"url\":\"https:\\\/\\\/macite.tg\\\/wp-content\\\/uploads\\\/2025\\\/11\\\/Environnement1.jpg\",\"contentUrl\":\"https:\\\/\\\/macite.tg\\\/wp-content\\\/uploads\\\/2025\\\/11\\\/Environnement1.jpg\",\"width\":500,\"height\":333},{\"@type\":\"BreadcrumbList\",\"@id\":\"https:\\\/\\\/macite.tg\\\/?p=25999#breadcrumb\",\"itemListElement\":[{\"@type\":\"ListItem\",\"position\":1,\"name\":\"Accueil\",\"item\":\"https:\\\/\\\/macite.tg\\\/\"},{\"@type\":\"ListItem\",\"position\":2,\"name\":\"REGION DES SAVANES\u00a0: De nouveaux \u00e9quipements pour une meilleure protection des populations\"}]},{\"@type\":\"WebSite\",\"@id\":\"https:\\\/\\\/macite.tg\\\/#website\",\"url\":\"https:\\\/\\\/macite.tg\\\/\",\"name\":\"\",\"description\":\"L&#039;information, la bonne!!!\",\"potentialAction\":[{\"@type\":\"SearchAction\",\"target\":{\"@type\":\"EntryPoint\",\"urlTemplate\":\"https:\\\/\\\/macite.tg\\\/?s={search_term_string}\"},\"query-input\":{\"@type\":\"PropertyValueSpecification\",\"valueRequired\":true,\"valueName\":\"search_term_string\"}}],\"inLanguage\":\"fr-FR\"},{\"@type\":\"Person\",\"@id\":\"https:\\\/\\\/macite.tg\\\/#\\\/schema\\\/person\\\/e9f2de7e5dbbe7770a9402c7ce82f5c2\",\"name\":\"Jean Pierre BAWELA\",\"image\":{\"@type\":\"ImageObject\",\"inLanguage\":\"fr-FR\",\"@id\":\"https:\\\/\\\/macite.tg\\\/wp-content\\\/uploads\\\/2023\\\/09\\\/WhatsApp-Image-2023-09-19-at-14.44.41-122x122.jpeg\",\"url\":\"https:\\\/\\\/macite.tg\\\/wp-content\\\/uploads\\\/2023\\\/09\\\/WhatsApp-Image-2023-09-19-at-14.44.41-122x122.jpeg\",\"contentUrl\":\"https:\\\/\\\/macite.tg\\\/wp-content\\\/uploads\\\/2023\\\/09\\\/WhatsApp-Image-2023-09-19-at-14.44.41-122x122.jpeg\",\"caption\":\"Jean Pierre BAWELA\"},\"url\":\"https:\\\/\\\/macite.tg\\\/?author=2\"}]}<\/script>\n<!-- \/ Yoast SEO plugin. -->","yoast_head_json":{"title":"REGION DES SAVANES\u00a0: De nouveaux \u00e9quipements pour une meilleure protection des populations -","robots":{"index":"index","follow":"follow","max-snippet":"max-snippet:-1","max-image-preview":"max-image-preview:large","max-video-preview":"max-video-preview:-1"},"canonical":"https:\/\/macite.tg\/?p=25999","og_locale":"fr_FR","og_type":"article","og_title":"REGION DES SAVANES\u00a0: De nouveaux \u00e9quipements pour une meilleure protection des populations -","og_description":"La s\u00e9curit\u00e9 des populations prises au pi\u00e8ge dans le nord-Togo, est un d\u00e9fi majeur pour les autorit\u00e9s togolaises et leurs partenaires. Le Programme d\u2019urgence pour la r\u00e9gion des Savanes (PURS) et les forces de d\u00e9fense et de s\u00e9curit\u00e9 (FDS) ont b\u00e9n\u00e9fici\u00e9, fin octobre dernier, d\u2019un [&hellip;]","og_url":"https:\/\/macite.tg\/?p=25999","article_published_time":"2025-11-06T12:54:23+00:00","article_modified_time":"2025-11-06T12:54:30+00:00","og_image":[{"width":500,"height":333,"url":"https:\/\/macite.tg\/wp-content\/uploads\/2025\/11\/Environnement1.jpg","type":"image\/jpeg"}],"author":"Jean Pierre BAWELA","twitter_card":"summary_large_image","twitter_misc":{"\u00c9crit par":"Jean Pierre BAWELA","Dur\u00e9e de lecture estim\u00e9e":"2 minutes"},"schema":{"@context":"https:\/\/schema.org","@graph":[{"@type":"Article","@id":"https:\/\/macite.tg\/?p=25999#article","isPartOf":{"@id":"https:\/\/macite.tg\/?p=25999"},"author":{"name":"Jean Pierre BAWELA","@id":"https:\/\/macite.tg\/#\/schema\/person\/e9f2de7e5dbbe7770a9402c7ce82f5c2"},"headline":"REGION DES SAVANES\u00a0: De nouveaux \u00e9quipements pour une meilleure protection des populations","datePublished":"2025-11-06T12:54:23+00:00","dateModified":"2025-11-06T12:54:30+00:00","mainEntityOfPage":{"@id":"https:\/\/macite.tg\/?p=25999"},"wordCount":323,"commentCount":0,"image":{"@id":"https:\/\/macite.tg\/?p=25999#primaryimage"},"thumbnailUrl":"https:\/\/macite.tg\/wp-content\/uploads\/2025\/11\/Environnement1.jpg","articleSection":["ACTUALITE","SECURITE"],"inLanguage":"fr-FR","potentialAction":[{"@type":"CommentAction","name":"Comment","target":["https:\/\/macite.tg\/?p=25999#respond"]}]},{"@type":"WebPage","@id":"https:\/\/macite.tg\/?p=25999","url":"https:\/\/macite.tg\/?p=25999","name":"REGION DES SAVANES\u00a0: De nouveaux \u00e9quipements pour une meilleure protection des populations -","isPartOf":{"@id":"https:\/\/macite.tg\/#website"},"primaryImageOfPage":{"@id":"https:\/\/macite.tg\/?p=25999#primaryimage"},"image":{"@id":"https:\/\/macite.tg\/?p=25999#primaryimage"},"thumbnailUrl":"https:\/\/macite.tg\/wp-content\/uploads\/2025\/11\/Environnement1.jpg","datePublished":"2025-11-06T12:54:23+00:00","dateModified":"2025-11-06T12:54:30+00:00","author":{"@id":"https:\/\/macite.tg\/#\/schema\/person\/e9f2de7e5dbbe7770a9402c7ce82f5c2"},"breadcrumb":{"@id":"https:\/\/macite.tg\/?p=25999#breadcrumb"},"inLanguage":"fr-FR","potentialAction":[{"@type":"ReadAction","target":["https:\/\/macite.tg\/?p=25999"]}]},{"@type":"ImageObject","inLanguage":"fr-FR","@id":"https:\/\/macite.tg\/?p=25999#primaryimage","url":"https:\/\/macite.tg\/wp-content\/uploads\/2025\/11\/Environnement1.jpg","contentUrl":"https:\/\/macite.tg\/wp-content\/uploads\/2025\/11\/Environnement1.jpg","width":500,"height":333},{"@type":"BreadcrumbList","@id":"https:\/\/macite.tg\/?p=25999#breadcrumb","itemListElement":[{"@type":"ListItem","position":1,"name":"Accueil","item":"https:\/\/macite.tg\/"},{"@type":"ListItem","position":2,"name":"REGION DES SAVANES\u00a0: De nouveaux \u00e9quipements pour une meilleure protection des populations"}]},{"@type":"WebSite","@id":"https:\/\/macite.tg\/#website","url":"https:\/\/macite.tg\/","name":"","description":"L&#039;information, la bonne!!!","potentialAction":[{"@type":"SearchAction","target":{"@type":"EntryPoint","urlTemplate":"https:\/\/macite.tg\/?s={search_term_string}"},"query-input":{"@type":"PropertyValueSpecification","valueRequired":true,"valueName":"search_term_string"}}],"inLanguage":"fr-FR"},{"@type":"Person","@id":"https:\/\/macite.tg\/#\/schema\/person\/e9f2de7e5dbbe7770a9402c7ce82f5c2","name":"Jean Pierre BAWELA","image":{"@type":"ImageObject","inLanguage":"fr-FR","@id":"https:\/\/macite.tg\/wp-content\/uploads\/2023\/09\/WhatsApp-Image-2023-09-19-at-14.44.41-122x122.jpeg","url":"https:\/\/macite.tg\/wp-content\/uploads\/2023\/09\/WhatsApp-Image-2023-09-19-at-14.44.41-122x122.jpeg","contentUrl":"https:\/\/macite.tg\/wp-content\/uploads\/2023\/09\/WhatsApp-Image-2023-09-19-at-14.44.41-122x122.jpeg","caption":"Jean Pierre BAWELA"},"url":"https:\/\/macite.tg\/?author=2"}]}},"_links":{"self":[{"href":"https:\/\/macite.tg\/index.php?rest_route=\/wp\/v2\/posts\/25999","targetHints":{"allow":["GET"]}}],"collection":[{"href":"https:\/\/macite.tg\/index.php?rest_route=\/wp\/v2\/posts"}],"about":[{"href":"https:\/\/macite.tg\/index.php?rest_route=\/wp\/v2\/types\/post"}],"author":[{"embeddable":true,"href":"https:\/\/macite.tg\/index.php?rest_route=\/wp\/v2\/users\/2"}],"replies":[{"embeddable":true,"href":"https:\/\/macite.tg\/index.php?rest_route=%2Fwp%2Fv2%2Fcomments&post=25999"}],"version-history":[{"count":0,"href":"https:\/\/macite.tg\/index.php?rest_route=\/wp\/v2\/posts\/25999\/revisions"}],"wp:featuredmedia":[{"embeddable":true,"href":"https:\/\/macite.tg\/index.php?rest_route=\/wp\/v2\/media\/26003"}],"wp:attachment":[{"href":"https:\/\/macite.tg\/index.php?rest_route=%2Fwp%2Fv2%2Fmedia&parent=25999"}],"wp:term":[{"taxonomy":"category","embeddable":true,"href":"https:\/\/macite.tg\/index.php?rest_route=%2Fwp%2Fv2%2Fcategories&post=25999"},{"taxonomy":"post_tag","embeddable":true,"href":"https:\/\/macite.tg\/index.php?rest_route=%2Fwp%2Fv2%2Ftags&post=25999"}],"curies":[{"name":"wp","href":"https:\/\/api.w.org\/{rel}","templated":true}]}}