{"id":25996,"date":"2025-11-06T12:22:05","date_gmt":"2025-11-06T12:22:05","guid":{"rendered":"https:\/\/macite.tg\/?p=25996"},"modified":"2025-11-06T12:25:43","modified_gmt":"2025-11-06T12:25:43","slug":"region-maritime-les-acteurs-mobiliser-en-prevision-des-fortes-pluies","status":"publish","type":"post","link":"https:\/\/macite.tg\/?p=25996","title":{"rendered":"INONDATIONS\u00a0\/REGION MARITIME\u00a0: Les acteurs impliqu\u00e9s dans la pr\u00e9vention et gestion, mobilis\u00e9s\u2026"},"content":{"rendered":"\n<p class=\"wp-block-paragraph\"><strong><em>En pr\u00e9vision \u00e0 la p\u00e9riode des fortes pluies annonc\u00e9e, il y a quelque temps, sur le sud-Togo, les acteurs impliqu\u00e9s dans la pr\u00e9vention et la gestion des inondations dans la r\u00e9gion maritime se pr\u00e9parent \u00e0 faire face aux catastrophes naturelles.<\/em><\/strong><\/p>\n\n\n\n<p class=\"wp-block-paragraph\">A l\u2019initiative de l&rsquo;Agence nationale de la protection civile (ANPC) et la Croix-Rouge togolaise (CRT), les acteurs impliqu\u00e9s dans la gestion des situations naturelles d\u2019urgence se pr\u00e9parent pour affronter les moments difficiles en vue, notamment les inondations.<\/p>\n\n\n<div class=\"wp-block-image\">\n<figure class=\"aligncenter size-full\"><img loading=\"lazy\" decoding=\"async\" width=\"526\" height=\"526\" src=\"https:\/\/macite.tg\/wp-content\/uploads\/2025\/11\/OTR_Tout-saint.jpg\" alt=\"\" class=\"wp-image-25904\" srcset=\"https:\/\/macite.tg\/wp-content\/uploads\/2025\/11\/OTR_Tout-saint.jpg 526w, https:\/\/macite.tg\/wp-content\/uploads\/2025\/11\/OTR_Tout-saint-300x300.jpg 300w, https:\/\/macite.tg\/wp-content\/uploads\/2025\/11\/OTR_Tout-saint-150x150.jpg 150w, https:\/\/macite.tg\/wp-content\/uploads\/2025\/11\/OTR_Tout-saint-122x122.jpg 122w\" sizes=\"auto, (max-width: 526px) 100vw, 526px\" \/><\/figure>\n<\/div>\n\n\n<p class=\"wp-block-paragraph\">En fin de semaine derni\u00e8re, ces acteurs cibl\u00e9s issus de 20 localit\u00e9s des pr\u00e9fectures de Bas-Mono, des Lacs et de Yoto, ont \u00e9t\u00e9 soumis \u00e0 des exercices de simulation des actions pr\u00e9coces aux inondations.<\/p>\n\n\n\n<p class=\"wp-block-paragraph\">Pour les organisateurs de ces rencontres, il s\u2019agit de tester l\u2019efficacit\u00e9 des dispositifs d\u2019alerte pr\u00e9coce. Mais aussi et surtout de renforcer la coordination entre les diff\u00e9rents acteurs et de pr\u00e9parer les communaut\u00e9s \u00e0 r\u00e9agir rapidement en cas d\u2019inondation.<\/p>\n\n\n\n<p class=\"wp-block-paragraph\"><em>\u00ab\u00a0Ces exercices nous ont permis d\u2019\u00e9valuer l\u2019appropriation des r\u00f4les par les comit\u00e9s de gestion d\u2019urgence et d\u2019am\u00e9liorer la sensibilisation des populations aux mesures de pr\u00e9vention et de r\u00e9ponse\u00a0\u00bb<\/em>, a expliqu\u00e9 le Coordinateur r\u00e9gional maritime de la CRT, Jean K\u00e9k\u00e9li Komivi Akrosu.<\/p>\n\n\n<div class=\"wp-block-image\">\n<figure class=\"aligncenter size-large\"><img loading=\"lazy\" decoding=\"async\" width=\"723\" height=\"1024\" src=\"https:\/\/macite.tg\/wp-content\/uploads\/2025\/10\/OTR_TPU_30octobre-723x1024.jpg\" alt=\"\" class=\"wp-image-25877\" srcset=\"https:\/\/macite.tg\/wp-content\/uploads\/2025\/10\/OTR_TPU_30octobre-723x1024.jpg 723w, https:\/\/macite.tg\/wp-content\/uploads\/2025\/10\/OTR_TPU_30octobre-212x300.jpg 212w, https:\/\/macite.tg\/wp-content\/uploads\/2025\/10\/OTR_TPU_30octobre.jpg 763w\" sizes=\"auto, (max-width: 723px) 100vw, 723px\" \/><\/figure>\n<\/div>\n\n\n<p class=\"wp-block-paragraph\">Notons que dans le cadre de la gestion des inondations, il existe, depuis quelques mois, <strong>un num\u00e9ro vert, le 170,<\/strong> pour aider les populations \u00e0 signaler des situations d\u2019urgence, mais aussi pour obtenir des informations sur les mesures de pr\u00e9vention.<\/p>\n\n\n\n<p class=\"wp-block-paragraph\"><strong>JPB<\/strong><\/p>\n\n\n\n<p class=\"wp-block-paragraph\"><a><strong><em>@macite.tg&nbsp;&nbsp;&nbsp;&nbsp;&nbsp;&nbsp;&nbsp;&nbsp;<\/em><\/strong><\/a><\/p>\n\n\n\n<p class=\"wp-block-paragraph\"><strong><em>E-mail&nbsp;: <\/em><\/strong><a href=\"mailto:maciteinfo@gmail.com\"><strong><em>maciteinfo@gmail.com<\/em><\/strong><\/a><strong><em>; <\/em><\/strong><a href=\"mailto:bawela1@gmail.com\"><strong><em>bawela1@gmail.com<\/em><\/strong><\/a><strong><em><\/em><\/strong><\/p>\n\n\n\n<p class=\"wp-block-paragraph\"><strong><em>Pour vos annonces, (publi)reportages, etc., joignez-nous au (00228)91515309\/<\/em><\/strong><strong><em>79872224 <\/em><\/strong><strong><em><\/em><\/strong><\/p>\n\n\n\n<p class=\"wp-block-paragraph\"><strong><em>www.macite.tg, L\u2019information, la bonne&nbsp;!<\/em><\/strong><\/p>\n\n\n\n<p class=\"wp-block-paragraph\"><\/p>\n","protected":false},"excerpt":{"rendered":"<p class=\"text-justify mb-2\" >En pr\u00e9vision \u00e0 la p\u00e9riode des fortes pluies annonc\u00e9e, il y a quelque temps, sur le sud-Togo, les acteurs impliqu\u00e9s dans la pr\u00e9vention et la gestion des inondations dans la r\u00e9gion maritime se pr\u00e9parent \u00e0 faire face aux catastrophes naturelles. A l\u2019initiative de l&rsquo;Agence nationale [&hellip;]<\/p>\n","protected":false},"author":2,"featured_media":25997,"comment_status":"open","ping_status":"open","sticky":false,"template":"","format":"standard","meta":{"footnotes":""},"categories":[20,19],"tags":[],"class_list":["post-25996","post","type-post","status-publish","format-standard","has-post-thumbnail","hentry","category-actualite","category-environnement"],"yoast_head":"<!-- This site is optimized with the Yoast SEO plugin v28.4 - https:\/\/yoast.com\/product\/yoast-seo-wordpress\/ -->\n<title>INONDATIONS\u00a0\/REGION MARITIME\u00a0: Les acteurs impliqu\u00e9s dans la pr\u00e9vention et gestion, mobilis\u00e9s\u2026 -<\/title>\n<meta name=\"robots\" content=\"index, follow, max-snippet:-1, max-image-preview:large, max-video-preview:-1\" \/>\n<link rel=\"canonical\" href=\"https:\/\/macite.tg\/?p=25996\" \/>\n<meta property=\"og:locale\" content=\"fr_FR\" \/>\n<meta property=\"og:type\" content=\"article\" \/>\n<meta property=\"og:title\" content=\"INONDATIONS\u00a0\/REGION MARITIME\u00a0: Les acteurs impliqu\u00e9s dans la pr\u00e9vention et gestion, mobilis\u00e9s\u2026 -\" \/>\n<meta property=\"og:description\" content=\"En pr\u00e9vision \u00e0 la p\u00e9riode des fortes pluies annonc\u00e9e, il y a quelque temps, sur le sud-Togo, les acteurs impliqu\u00e9s dans la pr\u00e9vention et la gestion des inondations dans la r\u00e9gion maritime se pr\u00e9parent \u00e0 faire face aux catastrophes naturelles. A l\u2019initiative de l&rsquo;Agence nationale [&hellip;]\" \/>\n<meta property=\"og:url\" content=\"https:\/\/macite.tg\/?p=25996\" \/>\n<meta property=\"article:published_time\" content=\"2025-11-06T12:22:05+00:00\" \/>\n<meta property=\"article:modified_time\" content=\"2025-11-06T12:25:43+00:00\" \/>\n<meta property=\"og:image\" content=\"https:\/\/macite.tg\/wp-content\/uploads\/2025\/11\/image-16.png\" \/>\n\t<meta property=\"og:image:width\" content=\"418\" \/>\n\t<meta property=\"og:image:height\" content=\"279\" \/>\n\t<meta property=\"og:image:type\" content=\"image\/png\" \/>\n<meta name=\"author\" content=\"Jean Pierre BAWELA\" \/>\n<meta name=\"twitter:card\" content=\"summary_large_image\" \/>\n<meta name=\"twitter:label1\" content=\"\u00c9crit par\" \/>\n\t<meta name=\"twitter:data1\" content=\"Jean Pierre BAWELA\" \/>\n\t<meta name=\"twitter:label2\" content=\"Dur\u00e9e de lecture estim\u00e9e\" \/>\n\t<meta name=\"twitter:data2\" content=\"2 minutes\" \/>\n<script type=\"application\/ld+json\" class=\"yoast-schema-graph\">{\"@context\":\"https:\\\/\\\/schema.org\",\"@graph\":[{\"@type\":\"Article\",\"@id\":\"https:\\\/\\\/macite.tg\\\/?p=25996#article\",\"isPartOf\":{\"@id\":\"https:\\\/\\\/macite.tg\\\/?p=25996\"},\"author\":{\"name\":\"Jean Pierre BAWELA\",\"@id\":\"https:\\\/\\\/macite.tg\\\/#\\\/schema\\\/person\\\/e9f2de7e5dbbe7770a9402c7ce82f5c2\"},\"headline\":\"INONDATIONS\u00a0\\\/REGION MARITIME\u00a0: Les acteurs impliqu\u00e9s dans la pr\u00e9vention et gestion, mobilis\u00e9s\u2026\",\"datePublished\":\"2025-11-06T12:22:05+00:00\",\"dateModified\":\"2025-11-06T12:25:43+00:00\",\"mainEntityOfPage\":{\"@id\":\"https:\\\/\\\/macite.tg\\\/?p=25996\"},\"wordCount\":314,\"commentCount\":0,\"image\":{\"@id\":\"https:\\\/\\\/macite.tg\\\/?p=25996#primaryimage\"},\"thumbnailUrl\":\"https:\\\/\\\/macite.tg\\\/wp-content\\\/uploads\\\/2025\\\/11\\\/image-16.png\",\"articleSection\":[\"ACTUALITE\",\"ENVIRONNEMENT\"],\"inLanguage\":\"fr-FR\",\"potentialAction\":[{\"@type\":\"CommentAction\",\"name\":\"Comment\",\"target\":[\"https:\\\/\\\/macite.tg\\\/?p=25996#respond\"]}]},{\"@type\":\"WebPage\",\"@id\":\"https:\\\/\\\/macite.tg\\\/?p=25996\",\"url\":\"https:\\\/\\\/macite.tg\\\/?p=25996\",\"name\":\"INONDATIONS\u00a0\\\/REGION MARITIME\u00a0: Les acteurs impliqu\u00e9s dans la pr\u00e9vention et gestion, mobilis\u00e9s\u2026 -\",\"isPartOf\":{\"@id\":\"https:\\\/\\\/macite.tg\\\/#website\"},\"primaryImageOfPage\":{\"@id\":\"https:\\\/\\\/macite.tg\\\/?p=25996#primaryimage\"},\"image\":{\"@id\":\"https:\\\/\\\/macite.tg\\\/?p=25996#primaryimage\"},\"thumbnailUrl\":\"https:\\\/\\\/macite.tg\\\/wp-content\\\/uploads\\\/2025\\\/11\\\/image-16.png\",\"datePublished\":\"2025-11-06T12:22:05+00:00\",\"dateModified\":\"2025-11-06T12:25:43+00:00\",\"author\":{\"@id\":\"https:\\\/\\\/macite.tg\\\/#\\\/schema\\\/person\\\/e9f2de7e5dbbe7770a9402c7ce82f5c2\"},\"breadcrumb\":{\"@id\":\"https:\\\/\\\/macite.tg\\\/?p=25996#breadcrumb\"},\"inLanguage\":\"fr-FR\",\"potentialAction\":[{\"@type\":\"ReadAction\",\"target\":[\"https:\\\/\\\/macite.tg\\\/?p=25996\"]}]},{\"@type\":\"ImageObject\",\"inLanguage\":\"fr-FR\",\"@id\":\"https:\\\/\\\/macite.tg\\\/?p=25996#primaryimage\",\"url\":\"https:\\\/\\\/macite.tg\\\/wp-content\\\/uploads\\\/2025\\\/11\\\/image-16.png\",\"contentUrl\":\"https:\\\/\\\/macite.tg\\\/wp-content\\\/uploads\\\/2025\\\/11\\\/image-16.png\",\"width\":418,\"height\":279},{\"@type\":\"BreadcrumbList\",\"@id\":\"https:\\\/\\\/macite.tg\\\/?p=25996#breadcrumb\",\"itemListElement\":[{\"@type\":\"ListItem\",\"position\":1,\"name\":\"Accueil\",\"item\":\"https:\\\/\\\/macite.tg\\\/\"},{\"@type\":\"ListItem\",\"position\":2,\"name\":\"INONDATIONS\u00a0\\\/REGION MARITIME\u00a0: Les acteurs impliqu\u00e9s dans la pr\u00e9vention et gestion, mobilis\u00e9s\u2026\"}]},{\"@type\":\"WebSite\",\"@id\":\"https:\\\/\\\/macite.tg\\\/#website\",\"url\":\"https:\\\/\\\/macite.tg\\\/\",\"name\":\"\",\"description\":\"L&#039;information, la bonne!!!\",\"potentialAction\":[{\"@type\":\"SearchAction\",\"target\":{\"@type\":\"EntryPoint\",\"urlTemplate\":\"https:\\\/\\\/macite.tg\\\/?s={search_term_string}\"},\"query-input\":{\"@type\":\"PropertyValueSpecification\",\"valueRequired\":true,\"valueName\":\"search_term_string\"}}],\"inLanguage\":\"fr-FR\"},{\"@type\":\"Person\",\"@id\":\"https:\\\/\\\/macite.tg\\\/#\\\/schema\\\/person\\\/e9f2de7e5dbbe7770a9402c7ce82f5c2\",\"name\":\"Jean Pierre BAWELA\",\"image\":{\"@type\":\"ImageObject\",\"inLanguage\":\"fr-FR\",\"@id\":\"https:\\\/\\\/macite.tg\\\/wp-content\\\/uploads\\\/2023\\\/09\\\/WhatsApp-Image-2023-09-19-at-14.44.41-122x122.jpeg\",\"url\":\"https:\\\/\\\/macite.tg\\\/wp-content\\\/uploads\\\/2023\\\/09\\\/WhatsApp-Image-2023-09-19-at-14.44.41-122x122.jpeg\",\"contentUrl\":\"https:\\\/\\\/macite.tg\\\/wp-content\\\/uploads\\\/2023\\\/09\\\/WhatsApp-Image-2023-09-19-at-14.44.41-122x122.jpeg\",\"caption\":\"Jean Pierre BAWELA\"},\"url\":\"https:\\\/\\\/macite.tg\\\/?author=2\"}]}<\/script>\n<!-- \/ Yoast SEO plugin. -->","yoast_head_json":{"title":"INONDATIONS\u00a0\/REGION MARITIME\u00a0: Les acteurs impliqu\u00e9s dans la pr\u00e9vention et gestion, mobilis\u00e9s\u2026 -","robots":{"index":"index","follow":"follow","max-snippet":"max-snippet:-1","max-image-preview":"max-image-preview:large","max-video-preview":"max-video-preview:-1"},"canonical":"https:\/\/macite.tg\/?p=25996","og_locale":"fr_FR","og_type":"article","og_title":"INONDATIONS\u00a0\/REGION MARITIME\u00a0: Les acteurs impliqu\u00e9s dans la pr\u00e9vention et gestion, mobilis\u00e9s\u2026 -","og_description":"En pr\u00e9vision \u00e0 la p\u00e9riode des fortes pluies annonc\u00e9e, il y a quelque temps, sur le sud-Togo, les acteurs impliqu\u00e9s dans la pr\u00e9vention et la gestion des inondations dans la r\u00e9gion maritime se pr\u00e9parent \u00e0 faire face aux catastrophes naturelles. A l\u2019initiative de l&rsquo;Agence nationale [&hellip;]","og_url":"https:\/\/macite.tg\/?p=25996","article_published_time":"2025-11-06T12:22:05+00:00","article_modified_time":"2025-11-06T12:25:43+00:00","og_image":[{"width":418,"height":279,"url":"https:\/\/macite.tg\/wp-content\/uploads\/2025\/11\/image-16.png","type":"image\/png"}],"author":"Jean Pierre BAWELA","twitter_card":"summary_large_image","twitter_misc":{"\u00c9crit par":"Jean Pierre BAWELA","Dur\u00e9e de lecture estim\u00e9e":"2 minutes"},"schema":{"@context":"https:\/\/schema.org","@graph":[{"@type":"Article","@id":"https:\/\/macite.tg\/?p=25996#article","isPartOf":{"@id":"https:\/\/macite.tg\/?p=25996"},"author":{"name":"Jean Pierre BAWELA","@id":"https:\/\/macite.tg\/#\/schema\/person\/e9f2de7e5dbbe7770a9402c7ce82f5c2"},"headline":"INONDATIONS\u00a0\/REGION MARITIME\u00a0: Les acteurs impliqu\u00e9s dans la pr\u00e9vention et gestion, mobilis\u00e9s\u2026","datePublished":"2025-11-06T12:22:05+00:00","dateModified":"2025-11-06T12:25:43+00:00","mainEntityOfPage":{"@id":"https:\/\/macite.tg\/?p=25996"},"wordCount":314,"commentCount":0,"image":{"@id":"https:\/\/macite.tg\/?p=25996#primaryimage"},"thumbnailUrl":"https:\/\/macite.tg\/wp-content\/uploads\/2025\/11\/image-16.png","articleSection":["ACTUALITE","ENVIRONNEMENT"],"inLanguage":"fr-FR","potentialAction":[{"@type":"CommentAction","name":"Comment","target":["https:\/\/macite.tg\/?p=25996#respond"]}]},{"@type":"WebPage","@id":"https:\/\/macite.tg\/?p=25996","url":"https:\/\/macite.tg\/?p=25996","name":"INONDATIONS\u00a0\/REGION MARITIME\u00a0: Les acteurs impliqu\u00e9s dans la pr\u00e9vention et gestion, mobilis\u00e9s\u2026 -","isPartOf":{"@id":"https:\/\/macite.tg\/#website"},"primaryImageOfPage":{"@id":"https:\/\/macite.tg\/?p=25996#primaryimage"},"image":{"@id":"https:\/\/macite.tg\/?p=25996#primaryimage"},"thumbnailUrl":"https:\/\/macite.tg\/wp-content\/uploads\/2025\/11\/image-16.png","datePublished":"2025-11-06T12:22:05+00:00","dateModified":"2025-11-06T12:25:43+00:00","author":{"@id":"https:\/\/macite.tg\/#\/schema\/person\/e9f2de7e5dbbe7770a9402c7ce82f5c2"},"breadcrumb":{"@id":"https:\/\/macite.tg\/?p=25996#breadcrumb"},"inLanguage":"fr-FR","potentialAction":[{"@type":"ReadAction","target":["https:\/\/macite.tg\/?p=25996"]}]},{"@type":"ImageObject","inLanguage":"fr-FR","@id":"https:\/\/macite.tg\/?p=25996#primaryimage","url":"https:\/\/macite.tg\/wp-content\/uploads\/2025\/11\/image-16.png","contentUrl":"https:\/\/macite.tg\/wp-content\/uploads\/2025\/11\/image-16.png","width":418,"height":279},{"@type":"BreadcrumbList","@id":"https:\/\/macite.tg\/?p=25996#breadcrumb","itemListElement":[{"@type":"ListItem","position":1,"name":"Accueil","item":"https:\/\/macite.tg\/"},{"@type":"ListItem","position":2,"name":"INONDATIONS\u00a0\/REGION MARITIME\u00a0: Les acteurs impliqu\u00e9s dans la pr\u00e9vention et gestion, mobilis\u00e9s\u2026"}]},{"@type":"WebSite","@id":"https:\/\/macite.tg\/#website","url":"https:\/\/macite.tg\/","name":"","description":"L&#039;information, la bonne!!!","potentialAction":[{"@type":"SearchAction","target":{"@type":"EntryPoint","urlTemplate":"https:\/\/macite.tg\/?s={search_term_string}"},"query-input":{"@type":"PropertyValueSpecification","valueRequired":true,"valueName":"search_term_string"}}],"inLanguage":"fr-FR"},{"@type":"Person","@id":"https:\/\/macite.tg\/#\/schema\/person\/e9f2de7e5dbbe7770a9402c7ce82f5c2","name":"Jean Pierre BAWELA","image":{"@type":"ImageObject","inLanguage":"fr-FR","@id":"https:\/\/macite.tg\/wp-content\/uploads\/2023\/09\/WhatsApp-Image-2023-09-19-at-14.44.41-122x122.jpeg","url":"https:\/\/macite.tg\/wp-content\/uploads\/2023\/09\/WhatsApp-Image-2023-09-19-at-14.44.41-122x122.jpeg","contentUrl":"https:\/\/macite.tg\/wp-content\/uploads\/2023\/09\/WhatsApp-Image-2023-09-19-at-14.44.41-122x122.jpeg","caption":"Jean Pierre BAWELA"},"url":"https:\/\/macite.tg\/?author=2"}]}},"_links":{"self":[{"href":"https:\/\/macite.tg\/index.php?rest_route=\/wp\/v2\/posts\/25996","targetHints":{"allow":["GET"]}}],"collection":[{"href":"https:\/\/macite.tg\/index.php?rest_route=\/wp\/v2\/posts"}],"about":[{"href":"https:\/\/macite.tg\/index.php?rest_route=\/wp\/v2\/types\/post"}],"author":[{"embeddable":true,"href":"https:\/\/macite.tg\/index.php?rest_route=\/wp\/v2\/users\/2"}],"replies":[{"embeddable":true,"href":"https:\/\/macite.tg\/index.php?rest_route=%2Fwp%2Fv2%2Fcomments&post=25996"}],"version-history":[{"count":0,"href":"https:\/\/macite.tg\/index.php?rest_route=\/wp\/v2\/posts\/25996\/revisions"}],"wp:featuredmedia":[{"embeddable":true,"href":"https:\/\/macite.tg\/index.php?rest_route=\/wp\/v2\/media\/25997"}],"wp:attachment":[{"href":"https:\/\/macite.tg\/index.php?rest_route=%2Fwp%2Fv2%2Fmedia&parent=25996"}],"wp:term":[{"taxonomy":"category","embeddable":true,"href":"https:\/\/macite.tg\/index.php?rest_route=%2Fwp%2Fv2%2Fcategories&post=25996"},{"taxonomy":"post_tag","embeddable":true,"href":"https:\/\/macite.tg\/index.php?rest_route=%2Fwp%2Fv2%2Ftags&post=25996"}],"curies":[{"name":"wp","href":"https:\/\/api.w.org\/{rel}","templated":true}]}}