{"id":25992,"date":"2025-11-06T11:48:59","date_gmt":"2025-11-06T11:48:59","guid":{"rendered":"https:\/\/macite.tg\/?p=25992"},"modified":"2025-11-06T11:49:04","modified_gmt":"2025-11-06T11:49:04","slug":"senegal-palais-presidentiel-le-tandem-diomaye-sonko-a-rude-epreuve","status":"publish","type":"post","link":"https:\/\/macite.tg\/?p=25992","title":{"rendered":"SENEGAL \/ PALAIS PRESIDENTIEL : Le tandem Diomaye-Sonko \u00e0 rude \u00e9preuve\u2026"},"content":{"rendered":"\n<p class=\"wp-block-paragraph\"><strong><em>Malgr\u00e9 les sp\u00e9culations les plus invraisemblables sur sa relation avec son Premier ministre et non moins leader de parti, le pr\u00e9sident Bassirou Diomaye Faye s\u2019emmure dans un silence qui intrigue depuis plusieurs mois. Le pr\u00e9sident s\u00e9n\u00e9galais a d\u00e9cid\u00e9 d\u2019adopter une posture assez \u00e9nigmatique.<\/em><\/strong><\/p>\n\n\n\n<p class=\"wp-block-paragraph\">Depuis quelque temps, le Pastef montre en effet les signes d\u2019une formation politique au bord de l\u2019implosion. Le tandem Diomaye-Sonko semble mis \u00e0 rude \u00e9preuve par les vicissitudes du pouvoir et les batailles de positionnement. Et dans ce d\u00e9dale, le pr\u00e9sident de la R\u00e9publique en prend pour son grade, pratiquement depuis son accession \u00e0 la magistrature supr\u00eame.<\/p>\n\n\n<div class=\"wp-block-image\">\n<figure class=\"aligncenter size-large\"><img loading=\"lazy\" decoding=\"async\" width=\"723\" height=\"1024\" src=\"https:\/\/macite.tg\/wp-content\/uploads\/2025\/11\/53909ce0-1fbb-438d-b7e6-91edf0f84f8a-723x1024.jpg\" alt=\"\" class=\"wp-image-25927\" srcset=\"https:\/\/macite.tg\/wp-content\/uploads\/2025\/11\/53909ce0-1fbb-438d-b7e6-91edf0f84f8a-723x1024.jpg 723w, https:\/\/macite.tg\/wp-content\/uploads\/2025\/11\/53909ce0-1fbb-438d-b7e6-91edf0f84f8a-212x300.jpg 212w, https:\/\/macite.tg\/wp-content\/uploads\/2025\/11\/53909ce0-1fbb-438d-b7e6-91edf0f84f8a.jpg 763w\" sizes=\"auto, (max-width: 723px) 100vw, 723px\" \/><\/figure>\n<\/div>\n\n\n<p class=\"wp-block-paragraph\">Entre nominations pol\u00e9miques, suppos\u00e9e relation tendue avec le Premier ministre Ousmane Sonko et rapprochement avec certains alli\u00e9s jug\u00e9s <em>\u00ab ind\u00e9sirables \u00bb, <\/em>le chef de l\u2019\u00c9tat est surveill\u00e9 comme du lait sur le feu par les inconditionnels du pr\u00e9sident du Pastef. Mais jusqu\u2019\u00e0 pr\u00e9sent, \u00e0 part quelques sorties sporadiques sur les affaires internes de l\u2019\u00c9tat ou sur des dossiers de politique \u00e9trang\u00e8re, le pr\u00e9sident Diomaye Faye reste impassible face aux critiques.<\/p>\n\n\n\n<p class=\"wp-block-paragraph\">Il faut \u00eatre aveugle politiquement pour ne pas constater que la mouvance pr\u00e9sidentielle se divise peu \u00e0 peu entre <em>\u00ab pro-Sonko \u00bb<\/em> et <em>\u00ab pro-Diomaye \u00bb.<\/em> La r\u00e9cente sortie du ministre de l\u2019Environnement, Abdourahmane Diouf, en est d\u2019ailleurs une illustration manifeste. Elle a raviv\u00e9 les soup\u00e7ons de tensions au sommet de l\u2019\u00c9tat, r\u00e9v\u00e9lant un climat de m\u00e9fiance latent entre certains membres du gouvernement et la direction politique du Pastef.<\/p>\n\n\n\n<p class=\"wp-block-paragraph\">N\u00e9anmoins, malgr\u00e9 ces escarmouches qui font couler beaucoup d\u2019encre, le pr\u00e9sident de la R\u00e9publique refuse de jouer le jeu des politiciens pour l\u2019instant. Posture r\u00e9publicaine ? Strat\u00e9gie politique ? La question reste ouverte. Ce qui est certain, c\u2019est que personne ne sait r\u00e9ellement ce que pense Bassirou Diomaye Faye.<\/p>\n\n\n<div class=\"wp-block-image\">\n<figure class=\"aligncenter size-large\"><img loading=\"lazy\" decoding=\"async\" width=\"723\" height=\"1024\" src=\"https:\/\/macite.tg\/wp-content\/uploads\/2025\/10\/OTR_TPU_30octobre-723x1024.jpg\" alt=\"\" class=\"wp-image-25877\" srcset=\"https:\/\/macite.tg\/wp-content\/uploads\/2025\/10\/OTR_TPU_30octobre-723x1024.jpg 723w, https:\/\/macite.tg\/wp-content\/uploads\/2025\/10\/OTR_TPU_30octobre-212x300.jpg 212w, https:\/\/macite.tg\/wp-content\/uploads\/2025\/10\/OTR_TPU_30octobre.jpg 763w\" sizes=\"auto, (max-width: 723px) 100vw, 723px\" \/><\/figure>\n<\/div>\n\n\n<p class=\"wp-block-paragraph\">Est-il f\u00e2ch\u00e9 avec son Premier ministre, comme le pr\u00e9tendent les analystes les plus pessimistes ? Ou bien le cinqui\u00e8me pr\u00e9sident du S\u00e9n\u00e9gal consid\u00e8re-t-il ce d\u00e9bat st\u00e9rile et sans int\u00e9r\u00eat ? Impossible d\u2019y r\u00e9pondre avec certitude. Mais une chose est s\u00fbre : \u00e0 l\u2019approche du meeting du 8 novembre, annonc\u00e9 comme explosif, le pr\u00e9sident Diomaye Faye pourrait \u00eatre contraint de sortir de sa r\u00e9serve. Sa parole, longtemps attendue, pourrait alors redessiner les contours d\u2019un pouvoir encore en qu\u00eate d\u2019\u00e9quilibre entre loyaut\u00e9 partisane et exercice r\u00e9publicain.<\/p>\n\n\n\n<p class=\"wp-block-paragraph\"><strong>SeneNews<\/strong><\/p>\n\n\n\n<p class=\"wp-block-paragraph\"><a><strong><em>@macite.tg&nbsp;&nbsp;&nbsp;&nbsp;&nbsp;&nbsp;&nbsp;&nbsp;<\/em><\/strong><\/a><\/p>\n\n\n\n<p class=\"wp-block-paragraph\"><strong><em>E-mail&nbsp;: <\/em><\/strong><a href=\"mailto:maciteinfo@gmail.com\"><strong><em>maciteinfo@gmail.com<\/em><\/strong><\/a><strong><em>; <\/em><\/strong><a href=\"mailto:bawela1@gmail.com\"><strong><em>bawela1@gmail.com<\/em><\/strong><\/a><strong><em><\/em><\/strong><\/p>\n\n\n\n<p class=\"wp-block-paragraph\"><strong><em>Pour vos annonces, (publi)reportages, etc., joignez-nous au (00228)91515309\/<strong>79872224 <\/strong><strong><\/strong><\/em><\/strong><\/p>\n\n\n\n<p class=\"wp-block-paragraph\"><strong><em>www.macite.tg, L\u2019information, la bonne&nbsp;!<\/em><\/strong><\/p>\n\n\n\n<p class=\"wp-block-paragraph\"><\/p>\n","protected":false},"excerpt":{"rendered":"<p class=\"text-justify mb-2\" >Malgr\u00e9 les sp\u00e9culations les plus invraisemblables sur sa relation avec son Premier ministre et non moins leader de parti, le pr\u00e9sident Bassirou Diomaye Faye s\u2019emmure dans un silence qui intrigue depuis plusieurs mois. Le pr\u00e9sident s\u00e9n\u00e9galais a d\u00e9cid\u00e9 d\u2019adopter une posture assez \u00e9nigmatique. Depuis quelque [&hellip;]<\/p>\n","protected":false},"author":2,"featured_media":25994,"comment_status":"open","ping_status":"open","sticky":false,"template":"","format":"standard","meta":{"footnotes":""},"categories":[20,1],"tags":[],"class_list":["post-25992","post","type-post","status-publish","format-standard","has-post-thumbnail","hentry","category-actualite","category-politique"],"yoast_head":"<!-- This site is optimized with the Yoast SEO plugin v28.4 - https:\/\/yoast.com\/product\/yoast-seo-wordpress\/ -->\n<title>SENEGAL \/ PALAIS PRESIDENTIEL : Le tandem Diomaye-Sonko \u00e0 rude \u00e9preuve\u2026 -<\/title>\n<meta name=\"robots\" content=\"index, follow, max-snippet:-1, max-image-preview:large, max-video-preview:-1\" \/>\n<link rel=\"canonical\" href=\"https:\/\/macite.tg\/?p=25992\" \/>\n<meta property=\"og:locale\" content=\"fr_FR\" \/>\n<meta property=\"og:type\" content=\"article\" \/>\n<meta property=\"og:title\" content=\"SENEGAL \/ PALAIS PRESIDENTIEL : Le tandem Diomaye-Sonko \u00e0 rude \u00e9preuve\u2026 -\" \/>\n<meta property=\"og:description\" content=\"Malgr\u00e9 les sp\u00e9culations les plus invraisemblables sur sa relation avec son Premier ministre et non moins leader de parti, le pr\u00e9sident Bassirou Diomaye Faye s\u2019emmure dans un silence qui intrigue depuis plusieurs mois. Le pr\u00e9sident s\u00e9n\u00e9galais a d\u00e9cid\u00e9 d\u2019adopter une posture assez \u00e9nigmatique. Depuis quelque [&hellip;]\" \/>\n<meta property=\"og:url\" content=\"https:\/\/macite.tg\/?p=25992\" \/>\n<meta property=\"article:published_time\" content=\"2025-11-06T11:48:59+00:00\" \/>\n<meta property=\"article:modified_time\" content=\"2025-11-06T11:49:04+00:00\" \/>\n<meta property=\"og:image\" content=\"https:\/\/macite.tg\/wp-content\/uploads\/2025\/11\/Senegal.jpg\" \/>\n\t<meta property=\"og:image:width\" content=\"500\" \/>\n\t<meta property=\"og:image:height\" content=\"245\" \/>\n\t<meta property=\"og:image:type\" content=\"image\/jpeg\" \/>\n<meta name=\"author\" content=\"Jean Pierre BAWELA\" \/>\n<meta name=\"twitter:card\" content=\"summary_large_image\" \/>\n<meta name=\"twitter:label1\" content=\"\u00c9crit par\" \/>\n\t<meta name=\"twitter:data1\" content=\"Jean Pierre BAWELA\" \/>\n\t<meta name=\"twitter:label2\" content=\"Dur\u00e9e de lecture estim\u00e9e\" \/>\n\t<meta name=\"twitter:data2\" content=\"3 minutes\" \/>\n<script type=\"application\/ld+json\" class=\"yoast-schema-graph\">{\"@context\":\"https:\\\/\\\/schema.org\",\"@graph\":[{\"@type\":\"Article\",\"@id\":\"https:\\\/\\\/macite.tg\\\/?p=25992#article\",\"isPartOf\":{\"@id\":\"https:\\\/\\\/macite.tg\\\/?p=25992\"},\"author\":{\"name\":\"Jean Pierre BAWELA\",\"@id\":\"https:\\\/\\\/macite.tg\\\/#\\\/schema\\\/person\\\/e9f2de7e5dbbe7770a9402c7ce82f5c2\"},\"headline\":\"SENEGAL \\\/ PALAIS PRESIDENTIEL : Le tandem Diomaye-Sonko \u00e0 rude \u00e9preuve\u2026\",\"datePublished\":\"2025-11-06T11:48:59+00:00\",\"dateModified\":\"2025-11-06T11:49:04+00:00\",\"mainEntityOfPage\":{\"@id\":\"https:\\\/\\\/macite.tg\\\/?p=25992\"},\"wordCount\":462,\"commentCount\":0,\"image\":{\"@id\":\"https:\\\/\\\/macite.tg\\\/?p=25992#primaryimage\"},\"thumbnailUrl\":\"https:\\\/\\\/macite.tg\\\/wp-content\\\/uploads\\\/2025\\\/11\\\/Senegal.jpg\",\"articleSection\":[\"ACTUALITE\",\"POLITIQUE\"],\"inLanguage\":\"fr-FR\",\"potentialAction\":[{\"@type\":\"CommentAction\",\"name\":\"Comment\",\"target\":[\"https:\\\/\\\/macite.tg\\\/?p=25992#respond\"]}]},{\"@type\":\"WebPage\",\"@id\":\"https:\\\/\\\/macite.tg\\\/?p=25992\",\"url\":\"https:\\\/\\\/macite.tg\\\/?p=25992\",\"name\":\"SENEGAL \\\/ PALAIS PRESIDENTIEL : Le tandem Diomaye-Sonko \u00e0 rude \u00e9preuve\u2026 -\",\"isPartOf\":{\"@id\":\"https:\\\/\\\/macite.tg\\\/#website\"},\"primaryImageOfPage\":{\"@id\":\"https:\\\/\\\/macite.tg\\\/?p=25992#primaryimage\"},\"image\":{\"@id\":\"https:\\\/\\\/macite.tg\\\/?p=25992#primaryimage\"},\"thumbnailUrl\":\"https:\\\/\\\/macite.tg\\\/wp-content\\\/uploads\\\/2025\\\/11\\\/Senegal.jpg\",\"datePublished\":\"2025-11-06T11:48:59+00:00\",\"dateModified\":\"2025-11-06T11:49:04+00:00\",\"author\":{\"@id\":\"https:\\\/\\\/macite.tg\\\/#\\\/schema\\\/person\\\/e9f2de7e5dbbe7770a9402c7ce82f5c2\"},\"breadcrumb\":{\"@id\":\"https:\\\/\\\/macite.tg\\\/?p=25992#breadcrumb\"},\"inLanguage\":\"fr-FR\",\"potentialAction\":[{\"@type\":\"ReadAction\",\"target\":[\"https:\\\/\\\/macite.tg\\\/?p=25992\"]}]},{\"@type\":\"ImageObject\",\"inLanguage\":\"fr-FR\",\"@id\":\"https:\\\/\\\/macite.tg\\\/?p=25992#primaryimage\",\"url\":\"https:\\\/\\\/macite.tg\\\/wp-content\\\/uploads\\\/2025\\\/11\\\/Senegal.jpg\",\"contentUrl\":\"https:\\\/\\\/macite.tg\\\/wp-content\\\/uploads\\\/2025\\\/11\\\/Senegal.jpg\",\"width\":500,\"height\":245,\"caption\":\"Le tandem Diomaye-Sonko \u00e0 rude \u00e9preuve\"},{\"@type\":\"BreadcrumbList\",\"@id\":\"https:\\\/\\\/macite.tg\\\/?p=25992#breadcrumb\",\"itemListElement\":[{\"@type\":\"ListItem\",\"position\":1,\"name\":\"Accueil\",\"item\":\"https:\\\/\\\/macite.tg\\\/\"},{\"@type\":\"ListItem\",\"position\":2,\"name\":\"SENEGAL \\\/ PALAIS PRESIDENTIEL : Le tandem Diomaye-Sonko \u00e0 rude \u00e9preuve\u2026\"}]},{\"@type\":\"WebSite\",\"@id\":\"https:\\\/\\\/macite.tg\\\/#website\",\"url\":\"https:\\\/\\\/macite.tg\\\/\",\"name\":\"\",\"description\":\"L&#039;information, la bonne!!!\",\"potentialAction\":[{\"@type\":\"SearchAction\",\"target\":{\"@type\":\"EntryPoint\",\"urlTemplate\":\"https:\\\/\\\/macite.tg\\\/?s={search_term_string}\"},\"query-input\":{\"@type\":\"PropertyValueSpecification\",\"valueRequired\":true,\"valueName\":\"search_term_string\"}}],\"inLanguage\":\"fr-FR\"},{\"@type\":\"Person\",\"@id\":\"https:\\\/\\\/macite.tg\\\/#\\\/schema\\\/person\\\/e9f2de7e5dbbe7770a9402c7ce82f5c2\",\"name\":\"Jean Pierre BAWELA\",\"image\":{\"@type\":\"ImageObject\",\"inLanguage\":\"fr-FR\",\"@id\":\"https:\\\/\\\/macite.tg\\\/wp-content\\\/uploads\\\/2023\\\/09\\\/WhatsApp-Image-2023-09-19-at-14.44.41-122x122.jpeg\",\"url\":\"https:\\\/\\\/macite.tg\\\/wp-content\\\/uploads\\\/2023\\\/09\\\/WhatsApp-Image-2023-09-19-at-14.44.41-122x122.jpeg\",\"contentUrl\":\"https:\\\/\\\/macite.tg\\\/wp-content\\\/uploads\\\/2023\\\/09\\\/WhatsApp-Image-2023-09-19-at-14.44.41-122x122.jpeg\",\"caption\":\"Jean Pierre BAWELA\"},\"url\":\"https:\\\/\\\/macite.tg\\\/?author=2\"}]}<\/script>\n<!-- \/ Yoast SEO plugin. -->","yoast_head_json":{"title":"SENEGAL \/ PALAIS PRESIDENTIEL : Le tandem Diomaye-Sonko \u00e0 rude \u00e9preuve\u2026 -","robots":{"index":"index","follow":"follow","max-snippet":"max-snippet:-1","max-image-preview":"max-image-preview:large","max-video-preview":"max-video-preview:-1"},"canonical":"https:\/\/macite.tg\/?p=25992","og_locale":"fr_FR","og_type":"article","og_title":"SENEGAL \/ PALAIS PRESIDENTIEL : Le tandem Diomaye-Sonko \u00e0 rude \u00e9preuve\u2026 -","og_description":"Malgr\u00e9 les sp\u00e9culations les plus invraisemblables sur sa relation avec son Premier ministre et non moins leader de parti, le pr\u00e9sident Bassirou Diomaye Faye s\u2019emmure dans un silence qui intrigue depuis plusieurs mois. Le pr\u00e9sident s\u00e9n\u00e9galais a d\u00e9cid\u00e9 d\u2019adopter une posture assez \u00e9nigmatique. Depuis quelque [&hellip;]","og_url":"https:\/\/macite.tg\/?p=25992","article_published_time":"2025-11-06T11:48:59+00:00","article_modified_time":"2025-11-06T11:49:04+00:00","og_image":[{"width":500,"height":245,"url":"https:\/\/macite.tg\/wp-content\/uploads\/2025\/11\/Senegal.jpg","type":"image\/jpeg"}],"author":"Jean Pierre BAWELA","twitter_card":"summary_large_image","twitter_misc":{"\u00c9crit par":"Jean Pierre BAWELA","Dur\u00e9e de lecture estim\u00e9e":"3 minutes"},"schema":{"@context":"https:\/\/schema.org","@graph":[{"@type":"Article","@id":"https:\/\/macite.tg\/?p=25992#article","isPartOf":{"@id":"https:\/\/macite.tg\/?p=25992"},"author":{"name":"Jean Pierre BAWELA","@id":"https:\/\/macite.tg\/#\/schema\/person\/e9f2de7e5dbbe7770a9402c7ce82f5c2"},"headline":"SENEGAL \/ PALAIS PRESIDENTIEL : Le tandem Diomaye-Sonko \u00e0 rude \u00e9preuve\u2026","datePublished":"2025-11-06T11:48:59+00:00","dateModified":"2025-11-06T11:49:04+00:00","mainEntityOfPage":{"@id":"https:\/\/macite.tg\/?p=25992"},"wordCount":462,"commentCount":0,"image":{"@id":"https:\/\/macite.tg\/?p=25992#primaryimage"},"thumbnailUrl":"https:\/\/macite.tg\/wp-content\/uploads\/2025\/11\/Senegal.jpg","articleSection":["ACTUALITE","POLITIQUE"],"inLanguage":"fr-FR","potentialAction":[{"@type":"CommentAction","name":"Comment","target":["https:\/\/macite.tg\/?p=25992#respond"]}]},{"@type":"WebPage","@id":"https:\/\/macite.tg\/?p=25992","url":"https:\/\/macite.tg\/?p=25992","name":"SENEGAL \/ PALAIS PRESIDENTIEL : Le tandem Diomaye-Sonko \u00e0 rude \u00e9preuve\u2026 -","isPartOf":{"@id":"https:\/\/macite.tg\/#website"},"primaryImageOfPage":{"@id":"https:\/\/macite.tg\/?p=25992#primaryimage"},"image":{"@id":"https:\/\/macite.tg\/?p=25992#primaryimage"},"thumbnailUrl":"https:\/\/macite.tg\/wp-content\/uploads\/2025\/11\/Senegal.jpg","datePublished":"2025-11-06T11:48:59+00:00","dateModified":"2025-11-06T11:49:04+00:00","author":{"@id":"https:\/\/macite.tg\/#\/schema\/person\/e9f2de7e5dbbe7770a9402c7ce82f5c2"},"breadcrumb":{"@id":"https:\/\/macite.tg\/?p=25992#breadcrumb"},"inLanguage":"fr-FR","potentialAction":[{"@type":"ReadAction","target":["https:\/\/macite.tg\/?p=25992"]}]},{"@type":"ImageObject","inLanguage":"fr-FR","@id":"https:\/\/macite.tg\/?p=25992#primaryimage","url":"https:\/\/macite.tg\/wp-content\/uploads\/2025\/11\/Senegal.jpg","contentUrl":"https:\/\/macite.tg\/wp-content\/uploads\/2025\/11\/Senegal.jpg","width":500,"height":245,"caption":"Le tandem Diomaye-Sonko \u00e0 rude \u00e9preuve"},{"@type":"BreadcrumbList","@id":"https:\/\/macite.tg\/?p=25992#breadcrumb","itemListElement":[{"@type":"ListItem","position":1,"name":"Accueil","item":"https:\/\/macite.tg\/"},{"@type":"ListItem","position":2,"name":"SENEGAL \/ PALAIS PRESIDENTIEL : Le tandem Diomaye-Sonko \u00e0 rude \u00e9preuve\u2026"}]},{"@type":"WebSite","@id":"https:\/\/macite.tg\/#website","url":"https:\/\/macite.tg\/","name":"","description":"L&#039;information, la bonne!!!","potentialAction":[{"@type":"SearchAction","target":{"@type":"EntryPoint","urlTemplate":"https:\/\/macite.tg\/?s={search_term_string}"},"query-input":{"@type":"PropertyValueSpecification","valueRequired":true,"valueName":"search_term_string"}}],"inLanguage":"fr-FR"},{"@type":"Person","@id":"https:\/\/macite.tg\/#\/schema\/person\/e9f2de7e5dbbe7770a9402c7ce82f5c2","name":"Jean Pierre BAWELA","image":{"@type":"ImageObject","inLanguage":"fr-FR","@id":"https:\/\/macite.tg\/wp-content\/uploads\/2023\/09\/WhatsApp-Image-2023-09-19-at-14.44.41-122x122.jpeg","url":"https:\/\/macite.tg\/wp-content\/uploads\/2023\/09\/WhatsApp-Image-2023-09-19-at-14.44.41-122x122.jpeg","contentUrl":"https:\/\/macite.tg\/wp-content\/uploads\/2023\/09\/WhatsApp-Image-2023-09-19-at-14.44.41-122x122.jpeg","caption":"Jean Pierre BAWELA"},"url":"https:\/\/macite.tg\/?author=2"}]}},"_links":{"self":[{"href":"https:\/\/macite.tg\/index.php?rest_route=\/wp\/v2\/posts\/25992","targetHints":{"allow":["GET"]}}],"collection":[{"href":"https:\/\/macite.tg\/index.php?rest_route=\/wp\/v2\/posts"}],"about":[{"href":"https:\/\/macite.tg\/index.php?rest_route=\/wp\/v2\/types\/post"}],"author":[{"embeddable":true,"href":"https:\/\/macite.tg\/index.php?rest_route=\/wp\/v2\/users\/2"}],"replies":[{"embeddable":true,"href":"https:\/\/macite.tg\/index.php?rest_route=%2Fwp%2Fv2%2Fcomments&post=25992"}],"version-history":[{"count":0,"href":"https:\/\/macite.tg\/index.php?rest_route=\/wp\/v2\/posts\/25992\/revisions"}],"wp:featuredmedia":[{"embeddable":true,"href":"https:\/\/macite.tg\/index.php?rest_route=\/wp\/v2\/media\/25994"}],"wp:attachment":[{"href":"https:\/\/macite.tg\/index.php?rest_route=%2Fwp%2Fv2%2Fmedia&parent=25992"}],"wp:term":[{"taxonomy":"category","embeddable":true,"href":"https:\/\/macite.tg\/index.php?rest_route=%2Fwp%2Fv2%2Fcategories&post=25992"},{"taxonomy":"post_tag","embeddable":true,"href":"https:\/\/macite.tg\/index.php?rest_route=%2Fwp%2Fv2%2Ftags&post=25992"}],"curies":[{"name":"wp","href":"https:\/\/api.w.org\/{rel}","templated":true}]}}