{"id":25987,"date":"2025-11-06T10:51:31","date_gmt":"2025-11-06T10:51:31","guid":{"rendered":"https:\/\/macite.tg\/?p=25987"},"modified":"2025-11-06T10:51:35","modified_gmt":"2025-11-06T10:51:35","slug":"cameroun-violences-post-electorales-au-moins-48-morts-selon-lonu","status":"publish","type":"post","link":"https:\/\/macite.tg\/?p=25987","title":{"rendered":"CAMEROUN\/VIOLENCES POST-ELECTORALES : \u2026Au moins 48 morts, selon l&rsquo;ONU"},"content":{"rendered":"\n<p class=\"wp-block-paragraph\"><strong><em>Au Cameroun, la r\u00e9pression violente des manifestants contre la r\u00e9\u00e9lection du pr\u00e9sident Biya a fait au moins 48 morts.<\/em><\/strong><em><\/em><\/p>\n\n\n\n<p class=\"wp-block-paragraph\">Citant deux sources des Nations Unies, l&rsquo;agence Reuters a indiqu\u00e9 mardi que les forces de s\u00e9curit\u00e9 camerounaises avaient tir\u00e9 \u00e0 balle r\u00e9elles sur la foule.<\/p>\n\n\n\n<p class=\"wp-block-paragraph\">La majorit\u00e9 des victimes ont \u00e9t\u00e9 tu\u00e9es par des coup de feu de la police, mais plusieurs ont succomb\u00e9 aux blessures inflig\u00e9es \u00e0 coups de matraques et de b\u00e2tons, selon les deux sources. Les autorit\u00e9s n&rsquo;ont fait aucune communication sur le nombre de victimes des manifestations.<\/p>\n\n\n<div class=\"wp-block-image\">\n<figure class=\"aligncenter size-full\"><img loading=\"lazy\" decoding=\"async\" width=\"526\" height=\"526\" src=\"https:\/\/macite.tg\/wp-content\/uploads\/2025\/11\/OTR_Tout-saint.jpg\" alt=\"\" class=\"wp-image-25904\" srcset=\"https:\/\/macite.tg\/wp-content\/uploads\/2025\/11\/OTR_Tout-saint.jpg 526w, https:\/\/macite.tg\/wp-content\/uploads\/2025\/11\/OTR_Tout-saint-300x300.jpg 300w, https:\/\/macite.tg\/wp-content\/uploads\/2025\/11\/OTR_Tout-saint-150x150.jpg 150w, https:\/\/macite.tg\/wp-content\/uploads\/2025\/11\/OTR_Tout-saint-122x122.jpg 122w\" sizes=\"auto, (max-width: 526px) 100vw, 526px\" \/><\/figure>\n<\/div>\n\n\n<p class=\"wp-block-paragraph\">Le s\u00e9nateur r\u00e9publicain Jim Risch, de l&rsquo;Idaho, pr\u00e9sident de la commission des relations \u00e9trang\u00e8res du S\u00e9nat am\u00e9ricain, a accus\u00e9 mardi le gouvernement de Biya d&rsquo;avoir organis\u00e9 une r\u00e9\u00e9lection <em>\u00ab truqu\u00e9e \u00bb,<\/em> de traquer ses opposants politiques et de d\u00e9tenir ill\u00e9galement des citoyens am\u00e9ricains, dont certains originaires de l&rsquo;Idaho.<\/p>\n\n\n\n<p class=\"wp-block-paragraph\">Il n&rsquo;a pas pr\u00e9cis\u00e9 \u00e0 qui il faisait r\u00e9f\u00e9rence.<\/p>\n\n\n\n<p class=\"wp-block-paragraph\"><em>\u00ab Le Cameroun n&rsquo;est pas un partenaire des \u00c9tats-Unis et pr\u00e9sente des risques \u00e9conomiques et s\u00e9curitaires pour le peuple am\u00e9ricain. Il est temps de r\u00e9\u00e9valuer cette relation avant que les retomb\u00e9es ne s&rsquo;aggravent \u00bb,<\/em> a d\u00e9clar\u00e9 M. Risch sur X.<\/p>\n\n\n\n<p class=\"wp-block-paragraph\">M. Biya a \u00e9t\u00e9 d\u00e9clar\u00e9 vainqueur de l&rsquo;\u00e9lection avec une confortable avance la semaine derni\u00e8re, obtenant 53,66 % des voix contre 35,19 % pour le leader de l&rsquo;opposition Issa Tchiroma Bakary, ancien porte-parole du gouvernement qui a d\u00e9missionn\u00e9 de son poste minist\u00e9riel en juin.<\/p>\n\n\n<div class=\"wp-block-image\">\n<figure class=\"aligncenter size-large\"><img loading=\"lazy\" decoding=\"async\" width=\"723\" height=\"1024\" src=\"https:\/\/macite.tg\/wp-content\/uploads\/2025\/11\/53909ce0-1fbb-438d-b7e6-91edf0f84f8a-723x1024.jpg\" alt=\"\" class=\"wp-image-25927\" srcset=\"https:\/\/macite.tg\/wp-content\/uploads\/2025\/11\/53909ce0-1fbb-438d-b7e6-91edf0f84f8a-723x1024.jpg 723w, https:\/\/macite.tg\/wp-content\/uploads\/2025\/11\/53909ce0-1fbb-438d-b7e6-91edf0f84f8a-212x300.jpg 212w, https:\/\/macite.tg\/wp-content\/uploads\/2025\/11\/53909ce0-1fbb-438d-b7e6-91edf0f84f8a.jpg 763w\" sizes=\"auto, (max-width: 723px) 100vw, 723px\" \/><\/figure>\n<\/div>\n\n\n<p class=\"wp-block-paragraph\">Les manifestations se sont consid\u00e9rablement calm\u00e9es cette semaine. M. Tchiroma a appel\u00e9 \u00e0 un confinement national de trois jours \u00e0 compter de lundi, exhortant ses partisans \u00e0 suspendre leurs activit\u00e9s et \u00e0 rester chez eux pour manifester leur d\u00e9saccord avec les r\u00e9sultats des \u00e9lections.<\/p>\n\n\n\n<p class=\"wp-block-paragraph\"><strong>MSN<\/strong><\/p>\n\n\n\n<p class=\"wp-block-paragraph\"><a><strong><em>@macite.tg&nbsp;&nbsp;&nbsp;&nbsp;&nbsp;&nbsp;&nbsp;&nbsp;<\/em><\/strong><\/a><\/p>\n\n\n\n<p class=\"wp-block-paragraph\"><strong><em>E-mail&nbsp;: <\/em><\/strong><a href=\"mailto:maciteinfo@gmail.com\"><strong><em>maciteinfo@gmail.com<\/em><\/strong><\/a><strong><em>; <\/em><\/strong><a href=\"mailto:bawela1@gmail.com\"><strong><em>bawela1@gmail.com<\/em><\/strong><\/a><strong><em><\/em><\/strong><\/p>\n\n\n\n<p class=\"wp-block-paragraph\"><strong><em>Pour vos annonces, (publi)reportages, etc., joignez-nous au (00228)91515309\/<strong>79872224 <\/strong><strong><\/strong><\/em><\/strong><\/p>\n\n\n\n<p class=\"wp-block-paragraph\"><strong><em>www.macite.tg, L\u2019information, la bonne&nbsp;!<\/em><\/strong><\/p>\n","protected":false},"excerpt":{"rendered":"<p class=\"text-justify mb-2\" >Au Cameroun, la r\u00e9pression violente des manifestants contre la r\u00e9\u00e9lection du pr\u00e9sident Biya a fait au moins 48 morts. Citant deux sources des Nations Unies, l&rsquo;agence Reuters a indiqu\u00e9 mardi que les forces de s\u00e9curit\u00e9 camerounaises avaient tir\u00e9 \u00e0 balle r\u00e9elles sur la foule. La [&hellip;]<\/p>\n","protected":false},"author":2,"featured_media":25989,"comment_status":"open","ping_status":"open","sticky":false,"template":"","format":"standard","meta":{"footnotes":""},"categories":[20,1],"tags":[],"class_list":["post-25987","post","type-post","status-publish","format-standard","has-post-thumbnail","hentry","category-actualite","category-politique"],"yoast_head":"<!-- This site is optimized with the Yoast SEO plugin v28.4 - https:\/\/yoast.com\/product\/yoast-seo-wordpress\/ -->\n<title>CAMEROUN\/VIOLENCES POST-ELECTORALES : \u2026Au moins 48 morts, selon l&#039;ONU -<\/title>\n<meta name=\"robots\" content=\"index, follow, max-snippet:-1, max-image-preview:large, max-video-preview:-1\" \/>\n<link rel=\"canonical\" href=\"https:\/\/macite.tg\/?p=25987\" \/>\n<meta property=\"og:locale\" content=\"fr_FR\" \/>\n<meta property=\"og:type\" content=\"article\" \/>\n<meta property=\"og:title\" content=\"CAMEROUN\/VIOLENCES POST-ELECTORALES : \u2026Au moins 48 morts, selon l&#039;ONU -\" \/>\n<meta property=\"og:description\" content=\"Au Cameroun, la r\u00e9pression violente des manifestants contre la r\u00e9\u00e9lection du pr\u00e9sident Biya a fait au moins 48 morts. Citant deux sources des Nations Unies, l&rsquo;agence Reuters a indiqu\u00e9 mardi que les forces de s\u00e9curit\u00e9 camerounaises avaient tir\u00e9 \u00e0 balle r\u00e9elles sur la foule. La [&hellip;]\" \/>\n<meta property=\"og:url\" content=\"https:\/\/macite.tg\/?p=25987\" \/>\n<meta property=\"article:published_time\" content=\"2025-11-06T10:51:31+00:00\" \/>\n<meta property=\"article:modified_time\" content=\"2025-11-06T10:51:35+00:00\" \/>\n<meta property=\"og:image\" content=\"https:\/\/macite.tg\/wp-content\/uploads\/2025\/11\/image-14.png\" \/>\n\t<meta property=\"og:image:width\" content=\"534\" \/>\n\t<meta property=\"og:image:height\" content=\"300\" \/>\n\t<meta property=\"og:image:type\" content=\"image\/png\" \/>\n<meta name=\"author\" content=\"Jean Pierre BAWELA\" \/>\n<meta name=\"twitter:card\" content=\"summary_large_image\" \/>\n<meta name=\"twitter:label1\" content=\"\u00c9crit par\" \/>\n\t<meta name=\"twitter:data1\" content=\"Jean Pierre BAWELA\" \/>\n\t<meta name=\"twitter:label2\" content=\"Dur\u00e9e de lecture estim\u00e9e\" \/>\n\t<meta name=\"twitter:data2\" content=\"3 minutes\" \/>\n<script type=\"application\/ld+json\" class=\"yoast-schema-graph\">{\"@context\":\"https:\\\/\\\/schema.org\",\"@graph\":[{\"@type\":\"Article\",\"@id\":\"https:\\\/\\\/macite.tg\\\/?p=25987#article\",\"isPartOf\":{\"@id\":\"https:\\\/\\\/macite.tg\\\/?p=25987\"},\"author\":{\"name\":\"Jean Pierre BAWELA\",\"@id\":\"https:\\\/\\\/macite.tg\\\/#\\\/schema\\\/person\\\/e9f2de7e5dbbe7770a9402c7ce82f5c2\"},\"headline\":\"CAMEROUN\\\/VIOLENCES POST-ELECTORALES : \u2026Au moins 48 morts, selon l&rsquo;ONU\",\"datePublished\":\"2025-11-06T10:51:31+00:00\",\"dateModified\":\"2025-11-06T10:51:35+00:00\",\"mainEntityOfPage\":{\"@id\":\"https:\\\/\\\/macite.tg\\\/?p=25987\"},\"wordCount\":351,\"commentCount\":0,\"image\":{\"@id\":\"https:\\\/\\\/macite.tg\\\/?p=25987#primaryimage\"},\"thumbnailUrl\":\"https:\\\/\\\/macite.tg\\\/wp-content\\\/uploads\\\/2025\\\/11\\\/image-14.png\",\"articleSection\":[\"ACTUALITE\",\"POLITIQUE\"],\"inLanguage\":\"fr-FR\",\"potentialAction\":[{\"@type\":\"CommentAction\",\"name\":\"Comment\",\"target\":[\"https:\\\/\\\/macite.tg\\\/?p=25987#respond\"]}]},{\"@type\":\"WebPage\",\"@id\":\"https:\\\/\\\/macite.tg\\\/?p=25987\",\"url\":\"https:\\\/\\\/macite.tg\\\/?p=25987\",\"name\":\"CAMEROUN\\\/VIOLENCES POST-ELECTORALES : \u2026Au moins 48 morts, selon l'ONU -\",\"isPartOf\":{\"@id\":\"https:\\\/\\\/macite.tg\\\/#website\"},\"primaryImageOfPage\":{\"@id\":\"https:\\\/\\\/macite.tg\\\/?p=25987#primaryimage\"},\"image\":{\"@id\":\"https:\\\/\\\/macite.tg\\\/?p=25987#primaryimage\"},\"thumbnailUrl\":\"https:\\\/\\\/macite.tg\\\/wp-content\\\/uploads\\\/2025\\\/11\\\/image-14.png\",\"datePublished\":\"2025-11-06T10:51:31+00:00\",\"dateModified\":\"2025-11-06T10:51:35+00:00\",\"author\":{\"@id\":\"https:\\\/\\\/macite.tg\\\/#\\\/schema\\\/person\\\/e9f2de7e5dbbe7770a9402c7ce82f5c2\"},\"breadcrumb\":{\"@id\":\"https:\\\/\\\/macite.tg\\\/?p=25987#breadcrumb\"},\"inLanguage\":\"fr-FR\",\"potentialAction\":[{\"@type\":\"ReadAction\",\"target\":[\"https:\\\/\\\/macite.tg\\\/?p=25987\"]}]},{\"@type\":\"ImageObject\",\"inLanguage\":\"fr-FR\",\"@id\":\"https:\\\/\\\/macite.tg\\\/?p=25987#primaryimage\",\"url\":\"https:\\\/\\\/macite.tg\\\/wp-content\\\/uploads\\\/2025\\\/11\\\/image-14.png\",\"contentUrl\":\"https:\\\/\\\/macite.tg\\\/wp-content\\\/uploads\\\/2025\\\/11\\\/image-14.png\",\"width\":534,\"height\":300},{\"@type\":\"BreadcrumbList\",\"@id\":\"https:\\\/\\\/macite.tg\\\/?p=25987#breadcrumb\",\"itemListElement\":[{\"@type\":\"ListItem\",\"position\":1,\"name\":\"Accueil\",\"item\":\"https:\\\/\\\/macite.tg\\\/\"},{\"@type\":\"ListItem\",\"position\":2,\"name\":\"CAMEROUN\\\/VIOLENCES POST-ELECTORALES : \u2026Au moins 48 morts, selon l&rsquo;ONU\"}]},{\"@type\":\"WebSite\",\"@id\":\"https:\\\/\\\/macite.tg\\\/#website\",\"url\":\"https:\\\/\\\/macite.tg\\\/\",\"name\":\"\",\"description\":\"L&#039;information, la bonne!!!\",\"potentialAction\":[{\"@type\":\"SearchAction\",\"target\":{\"@type\":\"EntryPoint\",\"urlTemplate\":\"https:\\\/\\\/macite.tg\\\/?s={search_term_string}\"},\"query-input\":{\"@type\":\"PropertyValueSpecification\",\"valueRequired\":true,\"valueName\":\"search_term_string\"}}],\"inLanguage\":\"fr-FR\"},{\"@type\":\"Person\",\"@id\":\"https:\\\/\\\/macite.tg\\\/#\\\/schema\\\/person\\\/e9f2de7e5dbbe7770a9402c7ce82f5c2\",\"name\":\"Jean Pierre BAWELA\",\"image\":{\"@type\":\"ImageObject\",\"inLanguage\":\"fr-FR\",\"@id\":\"https:\\\/\\\/macite.tg\\\/wp-content\\\/uploads\\\/2023\\\/09\\\/WhatsApp-Image-2023-09-19-at-14.44.41-122x122.jpeg\",\"url\":\"https:\\\/\\\/macite.tg\\\/wp-content\\\/uploads\\\/2023\\\/09\\\/WhatsApp-Image-2023-09-19-at-14.44.41-122x122.jpeg\",\"contentUrl\":\"https:\\\/\\\/macite.tg\\\/wp-content\\\/uploads\\\/2023\\\/09\\\/WhatsApp-Image-2023-09-19-at-14.44.41-122x122.jpeg\",\"caption\":\"Jean Pierre BAWELA\"},\"url\":\"https:\\\/\\\/macite.tg\\\/?author=2\"}]}<\/script>\n<!-- \/ Yoast SEO plugin. -->","yoast_head_json":{"title":"CAMEROUN\/VIOLENCES POST-ELECTORALES : \u2026Au moins 48 morts, selon l'ONU -","robots":{"index":"index","follow":"follow","max-snippet":"max-snippet:-1","max-image-preview":"max-image-preview:large","max-video-preview":"max-video-preview:-1"},"canonical":"https:\/\/macite.tg\/?p=25987","og_locale":"fr_FR","og_type":"article","og_title":"CAMEROUN\/VIOLENCES POST-ELECTORALES : \u2026Au moins 48 morts, selon l'ONU -","og_description":"Au Cameroun, la r\u00e9pression violente des manifestants contre la r\u00e9\u00e9lection du pr\u00e9sident Biya a fait au moins 48 morts. Citant deux sources des Nations Unies, l&rsquo;agence Reuters a indiqu\u00e9 mardi que les forces de s\u00e9curit\u00e9 camerounaises avaient tir\u00e9 \u00e0 balle r\u00e9elles sur la foule. La [&hellip;]","og_url":"https:\/\/macite.tg\/?p=25987","article_published_time":"2025-11-06T10:51:31+00:00","article_modified_time":"2025-11-06T10:51:35+00:00","og_image":[{"width":534,"height":300,"url":"https:\/\/macite.tg\/wp-content\/uploads\/2025\/11\/image-14.png","type":"image\/png"}],"author":"Jean Pierre BAWELA","twitter_card":"summary_large_image","twitter_misc":{"\u00c9crit par":"Jean Pierre BAWELA","Dur\u00e9e de lecture estim\u00e9e":"3 minutes"},"schema":{"@context":"https:\/\/schema.org","@graph":[{"@type":"Article","@id":"https:\/\/macite.tg\/?p=25987#article","isPartOf":{"@id":"https:\/\/macite.tg\/?p=25987"},"author":{"name":"Jean Pierre BAWELA","@id":"https:\/\/macite.tg\/#\/schema\/person\/e9f2de7e5dbbe7770a9402c7ce82f5c2"},"headline":"CAMEROUN\/VIOLENCES POST-ELECTORALES : \u2026Au moins 48 morts, selon l&rsquo;ONU","datePublished":"2025-11-06T10:51:31+00:00","dateModified":"2025-11-06T10:51:35+00:00","mainEntityOfPage":{"@id":"https:\/\/macite.tg\/?p=25987"},"wordCount":351,"commentCount":0,"image":{"@id":"https:\/\/macite.tg\/?p=25987#primaryimage"},"thumbnailUrl":"https:\/\/macite.tg\/wp-content\/uploads\/2025\/11\/image-14.png","articleSection":["ACTUALITE","POLITIQUE"],"inLanguage":"fr-FR","potentialAction":[{"@type":"CommentAction","name":"Comment","target":["https:\/\/macite.tg\/?p=25987#respond"]}]},{"@type":"WebPage","@id":"https:\/\/macite.tg\/?p=25987","url":"https:\/\/macite.tg\/?p=25987","name":"CAMEROUN\/VIOLENCES POST-ELECTORALES : \u2026Au moins 48 morts, selon l'ONU -","isPartOf":{"@id":"https:\/\/macite.tg\/#website"},"primaryImageOfPage":{"@id":"https:\/\/macite.tg\/?p=25987#primaryimage"},"image":{"@id":"https:\/\/macite.tg\/?p=25987#primaryimage"},"thumbnailUrl":"https:\/\/macite.tg\/wp-content\/uploads\/2025\/11\/image-14.png","datePublished":"2025-11-06T10:51:31+00:00","dateModified":"2025-11-06T10:51:35+00:00","author":{"@id":"https:\/\/macite.tg\/#\/schema\/person\/e9f2de7e5dbbe7770a9402c7ce82f5c2"},"breadcrumb":{"@id":"https:\/\/macite.tg\/?p=25987#breadcrumb"},"inLanguage":"fr-FR","potentialAction":[{"@type":"ReadAction","target":["https:\/\/macite.tg\/?p=25987"]}]},{"@type":"ImageObject","inLanguage":"fr-FR","@id":"https:\/\/macite.tg\/?p=25987#primaryimage","url":"https:\/\/macite.tg\/wp-content\/uploads\/2025\/11\/image-14.png","contentUrl":"https:\/\/macite.tg\/wp-content\/uploads\/2025\/11\/image-14.png","width":534,"height":300},{"@type":"BreadcrumbList","@id":"https:\/\/macite.tg\/?p=25987#breadcrumb","itemListElement":[{"@type":"ListItem","position":1,"name":"Accueil","item":"https:\/\/macite.tg\/"},{"@type":"ListItem","position":2,"name":"CAMEROUN\/VIOLENCES POST-ELECTORALES : \u2026Au moins 48 morts, selon l&rsquo;ONU"}]},{"@type":"WebSite","@id":"https:\/\/macite.tg\/#website","url":"https:\/\/macite.tg\/","name":"","description":"L&#039;information, la bonne!!!","potentialAction":[{"@type":"SearchAction","target":{"@type":"EntryPoint","urlTemplate":"https:\/\/macite.tg\/?s={search_term_string}"},"query-input":{"@type":"PropertyValueSpecification","valueRequired":true,"valueName":"search_term_string"}}],"inLanguage":"fr-FR"},{"@type":"Person","@id":"https:\/\/macite.tg\/#\/schema\/person\/e9f2de7e5dbbe7770a9402c7ce82f5c2","name":"Jean Pierre BAWELA","image":{"@type":"ImageObject","inLanguage":"fr-FR","@id":"https:\/\/macite.tg\/wp-content\/uploads\/2023\/09\/WhatsApp-Image-2023-09-19-at-14.44.41-122x122.jpeg","url":"https:\/\/macite.tg\/wp-content\/uploads\/2023\/09\/WhatsApp-Image-2023-09-19-at-14.44.41-122x122.jpeg","contentUrl":"https:\/\/macite.tg\/wp-content\/uploads\/2023\/09\/WhatsApp-Image-2023-09-19-at-14.44.41-122x122.jpeg","caption":"Jean Pierre BAWELA"},"url":"https:\/\/macite.tg\/?author=2"}]}},"_links":{"self":[{"href":"https:\/\/macite.tg\/index.php?rest_route=\/wp\/v2\/posts\/25987","targetHints":{"allow":["GET"]}}],"collection":[{"href":"https:\/\/macite.tg\/index.php?rest_route=\/wp\/v2\/posts"}],"about":[{"href":"https:\/\/macite.tg\/index.php?rest_route=\/wp\/v2\/types\/post"}],"author":[{"embeddable":true,"href":"https:\/\/macite.tg\/index.php?rest_route=\/wp\/v2\/users\/2"}],"replies":[{"embeddable":true,"href":"https:\/\/macite.tg\/index.php?rest_route=%2Fwp%2Fv2%2Fcomments&post=25987"}],"version-history":[{"count":0,"href":"https:\/\/macite.tg\/index.php?rest_route=\/wp\/v2\/posts\/25987\/revisions"}],"wp:featuredmedia":[{"embeddable":true,"href":"https:\/\/macite.tg\/index.php?rest_route=\/wp\/v2\/media\/25989"}],"wp:attachment":[{"href":"https:\/\/macite.tg\/index.php?rest_route=%2Fwp%2Fv2%2Fmedia&parent=25987"}],"wp:term":[{"taxonomy":"category","embeddable":true,"href":"https:\/\/macite.tg\/index.php?rest_route=%2Fwp%2Fv2%2Fcategories&post=25987"},{"taxonomy":"post_tag","embeddable":true,"href":"https:\/\/macite.tg\/index.php?rest_route=%2Fwp%2Fv2%2Ftags&post=25987"}],"curies":[{"name":"wp","href":"https:\/\/api.w.org\/{rel}","templated":true}]}}